{"id":6361,"date":"2024-10-29T14:33:09","date_gmt":"2024-10-29T14:33:09","guid":{"rendered":"https:\/\/latamreports.com\/es\/?p=6361"},"modified":"2024-10-29T14:33:10","modified_gmt":"2024-10-29T14:33:10","slug":"rodri-celebra-balon-de-oro-con-su-novia-laura-iglesias","status":"publish","type":"post","link":"https:\/\/latamreports.com\/es\/rodri-celebra-balon-de-oro-con-su-novia-laura-iglesias\/","title":{"rendered":"Rodri Celebra Bal\u00f3n de Oro con Su Novia Laura Iglesias"},"content":{"rendered":"\n<p>Rodrigo Hern\u00e1ndez, conocido como &#8216;Rodri&#8217;, tuvo el respaldo de\u00a0<strong>sus padres<\/strong>\u00a0y su novia Laura Iglesias en una noche memorable. Ambos se mostraron orgullosos y felices durante la ceremonia, donde el futbolista recibi\u00f3 el Bal\u00f3n de Oro. El jugador luc\u00eda un traje negro elegante, acompa\u00f1ado de una camisa blanca y una pajarita, dejando atr\u00e1s sus botas de f\u00fatbol.<\/p>\n\n\n\n<p>Laura mostr\u00f3 su elegancia con un vestido negro que combin\u00f3 con un collar de diamantes, destacando su peinado recogido en un bonito mo\u00f1o. Rodri, en proceso de recuperaci\u00f3n despu\u00e9s de una lesi\u00f3n grave, llev\u00f3 muletas, mientras que su novia lo apoy\u00f3 en todo momento, ayud\u00e1ndole a sentirse c\u00f3modo ante los flashes de los fot\u00f3grafos.<\/p>\n\n\n\n<h3 class=\"wp-block-heading\">Doble celebraci\u00f3n: premio y aniversario<\/h3>\n\n\n\n<p>El discurso de Rodri al recibir el Bal\u00f3n de Oro fue cargado de emociones. Comenz\u00f3 agradeciendo a diversos individuos, subrayando que el d\u00eda era un motivo de alegr\u00eda no solo para \u00e9l, sino tambi\u00e9n para su familia y su pa\u00eds. Destac\u00f3 especialmente a su novia Laura, mencionando que ese mismo d\u00eda celebraban ocho a\u00f1os de relaci\u00f3n. Su reconocimiento a ella fue conmovedor, expresando que sin su apoyo, el camino hacia el \u00e9xito habr\u00eda sido diferente.<\/p>\n\n\n\n<h3 class=\"wp-block-heading\">&#8220;Un hombre que juega al f\u00fatbol por amor&#8221;<\/h3>\n\n\n\n<p>Rodri tambi\u00e9n dedic\u00f3 unas palabras a su familia, reconociendo los valores que le han inculcado y su papel en su formaci\u00f3n como persona y jugador. Agradeci\u00f3 especialmente a su agente, Pablo, quien ha estado presente en su trayectoria profesional. El futbolista enfatiz\u00f3 la importancia del amor incondicional que ha recibido a lo largo de su carrera, el cual ha sido fundamental para alcanzar sus sue\u00f1os en el f\u00fatbol.<\/p>\n\n\n\n<h3 class=\"wp-block-heading\">El discurso de Rodri al completo<\/h3>\n\n\n\n<p>El jugador no olvid\u00f3 mencionar a sus compa\u00f1eros de equipo, resaltando que el f\u00fatbol es un deporte colectivo. Agradeci\u00f3 al Manchester City, el club que considera el mejor del mundo, por ser parte de su \u00e9xito. Rodri reconoci\u00f3 tambi\u00e9n a la selecci\u00f3n espa\u00f1ola y a Luis Enrique por confiar en \u00e9l. Hizo una menci\u00f3n especial a Dani Carvajal, quien ha enfrentado lesiones similares, y concluy\u00f3 su discurso con un mensaje motivacional a Lamine, quien est\u00e1 destinado a triunfar en el futuro. La declaraci\u00f3n final fue un homenaje al f\u00fatbol espa\u00f1ol, generando un gran aplauso entre los presentes.<\/p>\n\n\n\n<p>Para celebrar tanto su victoria con el Bal\u00f3n de Oro como su aniversario, Rodri y Laura disfrutaron de la vibrante vida nocturna de Par\u00eds, brindando por sus logros y los que a\u00fan est\u00e1n por venir.<\/p>\n","protected":false},"excerpt":{"rendered":"<p>Rodrigo Hern\u00e1ndez, conocido como &#8216;Rodri&#8217;, tuvo el respaldo de\u00a0sus padres\u00a0y su novia Laura Iglesias en una noche memorable. Ambos se mostraron orgullosos y felices durante &#8230; <a title=\"Rodri Celebra Bal\u00f3n de Oro con Su Novia Laura Iglesias\" class=\"read-more\" href=\"https:\/\/latamreports.com\/es\/rodri-celebra-balon-de-oro-con-su-novia-laura-iglesias\/\" aria-label=\"Read more about Rodri Celebra Bal\u00f3n de Oro con Su Novia Laura Iglesias\">Read more<\/a><\/p>\n","protected":false},"author":7,"featured_media":6362,"comment_status":"closed","ping_status":"closed","sticky":false,"template":"","format":"standard","meta":{"footnotes":""},"categories":[14],"tags":[],"class_list":["post-6361","post","type-post","status-publish","format-standard","has-post-thumbnail","hentry","category-desportes","resize-featured-image"],"yoast_head":"<!-- This site is optimized with the Yoast SEO plugin v27.5 - https:\/\/yoast.com\/product\/yoast-seo-wordpress\/ -->\n<title>Rodri Celebra Bal\u00f3n de Oro con Su Novia Laura Iglesias - LatAm Reports<\/title>\n<meta name=\"robots\" content=\"index, follow, max-snippet:-1, max-image-preview:large, max-video-preview:-1\" \/>\n<link rel=\"canonical\" href=\"https:\/\/latamreports.com\/es\/rodri-celebra-balon-de-oro-con-su-novia-laura-iglesias\/\" \/>\n<meta property=\"og:locale\" content=\"en_US\" \/>\n<meta property=\"og:type\" content=\"article\" \/>\n<meta property=\"og:title\" content=\"Rodri Celebra Bal\u00f3n de Oro con Su Novia Laura Iglesias - LatAm Reports\" \/>\n<meta property=\"og:description\" content=\"Rodrigo Hern\u00e1ndez, conocido como &#8216;Rodri&#8217;, tuvo el respaldo de\u00a0sus padres\u00a0y su novia Laura Iglesias en una noche memorable. Ambos se mostraron orgullosos y felices durante ... Read more\" \/>\n<meta property=\"og:url\" content=\"https:\/\/latamreports.com\/es\/rodri-celebra-balon-de-oro-con-su-novia-laura-iglesias\/\" \/>\n<meta property=\"og:site_name\" content=\"LatAm Reports\" \/>\n<meta property=\"article:publisher\" content=\"https:\/\/facebook.com\/latamreports\" \/>\n<meta property=\"article:published_time\" content=\"2024-10-29T14:33:09+00:00\" \/>\n<meta property=\"article:modified_time\" content=\"2024-10-29T14:33:10+00:00\" \/>\n<meta property=\"og:image\" content=\"https:\/\/latamreports.com\/es\/wp-content\/uploads\/fddd038d7c18-gettyimages-2181600480-copy.jpg\" \/>\n\t<meta property=\"og:image:width\" content=\"682\" \/>\n\t<meta property=\"og:image:height\" content=\"502\" \/>\n\t<meta property=\"og:image:type\" content=\"image\/jpeg\" \/>\n<meta name=\"author\" content=\"Equipo editorial\" \/>\n<meta name=\"twitter:card\" content=\"summary_large_image\" \/>\n<meta name=\"twitter:creator\" content=\"@latamreports\" \/>\n<meta name=\"twitter:site\" content=\"@latamreports\" \/>\n<meta name=\"twitter:label1\" content=\"Written by\" \/>\n\t<meta name=\"twitter:data1\" content=\"Equipo editorial\" \/>\n\t<meta name=\"twitter:label2\" content=\"Est. reading time\" \/>\n\t<meta name=\"twitter:data2\" content=\"2 minutes\" \/>\n<script type=\"application\/ld+json\" class=\"yoast-schema-graph\">{\"@context\":\"https:\\\/\\\/schema.org\",\"@graph\":[{\"@type\":\"Article\",\"@id\":\"https:\\\/\\\/latamreports.com\\\/es\\\/rodri-celebra-balon-de-oro-con-su-novia-laura-iglesias\\\/#article\",\"isPartOf\":{\"@id\":\"https:\\\/\\\/latamreports.com\\\/es\\\/rodri-celebra-balon-de-oro-con-su-novia-laura-iglesias\\\/\"},\"author\":{\"name\":\"Equipo editorial\",\"@id\":\"https:\\\/\\\/latamreports.com\\\/es\\\/#\\\/schema\\\/person\\\/3c0c926bb1c4d19d2599e84570063294\"},\"headline\":\"Rodri Celebra Bal\u00f3n de Oro con Su Novia Laura Iglesias\",\"datePublished\":\"2024-10-29T14:33:09+00:00\",\"dateModified\":\"2024-10-29T14:33:10+00:00\",\"mainEntityOfPage\":{\"@id\":\"https:\\\/\\\/latamreports.com\\\/es\\\/rodri-celebra-balon-de-oro-con-su-novia-laura-iglesias\\\/\"},\"wordCount\":458,\"publisher\":{\"@id\":\"https:\\\/\\\/latamreports.com\\\/es\\\/#organization\"},\"image\":{\"@id\":\"https:\\\/\\\/latamreports.com\\\/es\\\/rodri-celebra-balon-de-oro-con-su-novia-laura-iglesias\\\/#primaryimage\"},\"thumbnailUrl\":\"https:\\\/\\\/latamreports.com\\\/es\\\/wp-content\\\/uploads\\\/fddd038d7c18-gettyimages-2181600480-copy.jpg\",\"articleSection\":[\"Desportes\"],\"inLanguage\":\"en-US\"},{\"@type\":\"WebPage\",\"@id\":\"https:\\\/\\\/latamreports.com\\\/es\\\/rodri-celebra-balon-de-oro-con-su-novia-laura-iglesias\\\/\",\"url\":\"https:\\\/\\\/latamreports.com\\\/es\\\/rodri-celebra-balon-de-oro-con-su-novia-laura-iglesias\\\/\",\"name\":\"Rodri Celebra Bal\u00f3n de Oro con Su Novia Laura Iglesias - LatAm Reports\",\"isPartOf\":{\"@id\":\"https:\\\/\\\/latamreports.com\\\/es\\\/#website\"},\"primaryImageOfPage\":{\"@id\":\"https:\\\/\\\/latamreports.com\\\/es\\\/rodri-celebra-balon-de-oro-con-su-novia-laura-iglesias\\\/#primaryimage\"},\"image\":{\"@id\":\"https:\\\/\\\/latamreports.com\\\/es\\\/rodri-celebra-balon-de-oro-con-su-novia-laura-iglesias\\\/#primaryimage\"},\"thumbnailUrl\":\"https:\\\/\\\/latamreports.com\\\/es\\\/wp-content\\\/uploads\\\/fddd038d7c18-gettyimages-2181600480-copy.jpg\",\"datePublished\":\"2024-10-29T14:33:09+00:00\",\"dateModified\":\"2024-10-29T14:33:10+00:00\",\"breadcrumb\":{\"@id\":\"https:\\\/\\\/latamreports.com\\\/es\\\/rodri-celebra-balon-de-oro-con-su-novia-laura-iglesias\\\/#breadcrumb\"},\"inLanguage\":\"en-US\",\"potentialAction\":[{\"@type\":\"ReadAction\",\"target\":[\"https:\\\/\\\/latamreports.com\\\/es\\\/rodri-celebra-balon-de-oro-con-su-novia-laura-iglesias\\\/\"]}]},{\"@type\":\"ImageObject\",\"inLanguage\":\"en-US\",\"@id\":\"https:\\\/\\\/latamreports.com\\\/es\\\/rodri-celebra-balon-de-oro-con-su-novia-laura-iglesias\\\/#primaryimage\",\"url\":\"https:\\\/\\\/latamreports.com\\\/es\\\/wp-content\\\/uploads\\\/fddd038d7c18-gettyimages-2181600480-copy.jpg\",\"contentUrl\":\"https:\\\/\\\/latamreports.com\\\/es\\\/wp-content\\\/uploads\\\/fddd038d7c18-gettyimages-2181600480-copy.jpg\",\"width\":682,\"height\":502},{\"@type\":\"BreadcrumbList\",\"@id\":\"https:\\\/\\\/latamreports.com\\\/es\\\/rodri-celebra-balon-de-oro-con-su-novia-laura-iglesias\\\/#breadcrumb\",\"itemListElement\":[{\"@type\":\"ListItem\",\"position\":1,\"name\":\"Home\",\"item\":\"https:\\\/\\\/latamreports.com\\\/es\\\/\"},{\"@type\":\"ListItem\",\"position\":2,\"name\":\"Rodri Celebra Bal\u00f3n de Oro con Su Novia Laura Iglesias\"}]},{\"@type\":\"WebSite\",\"@id\":\"https:\\\/\\\/latamreports.com\\\/es\\\/#website\",\"url\":\"https:\\\/\\\/latamreports.com\\\/es\\\/\",\"name\":\"LatAm Reports\",\"description\":\"Breaking News in Central &amp; Latin America\",\"publisher\":{\"@id\":\"https:\\\/\\\/latamreports.com\\\/es\\\/#organization\"},\"potentialAction\":[{\"@type\":\"SearchAction\",\"target\":{\"@type\":\"EntryPoint\",\"urlTemplate\":\"https:\\\/\\\/latamreports.com\\\/es\\\/?s={search_term_string}\"},\"query-input\":{\"@type\":\"PropertyValueSpecification\",\"valueRequired\":true,\"valueName\":\"search_term_string\"}}],\"inLanguage\":\"en-US\"},{\"@type\":\"Organization\",\"@id\":\"https:\\\/\\\/latamreports.com\\\/es\\\/#organization\",\"name\":\"LatAm Reports\",\"url\":\"https:\\\/\\\/latamreports.com\\\/es\\\/\",\"logo\":{\"@type\":\"ImageObject\",\"inLanguage\":\"en-US\",\"@id\":\"https:\\\/\\\/latamreports.com\\\/es\\\/#\\\/schema\\\/logo\\\/image\\\/\",\"url\":\"https:\\\/\\\/latamreports.com\\\/es\\\/wp-content\\\/uploads\\\/cropped-PNG2.png\",\"contentUrl\":\"https:\\\/\\\/latamreports.com\\\/es\\\/wp-content\\\/uploads\\\/cropped-PNG2.png\",\"width\":2522,\"height\":1014,\"caption\":\"LatAm Reports\"},\"image\":{\"@id\":\"https:\\\/\\\/latamreports.com\\\/es\\\/#\\\/schema\\\/logo\\\/image\\\/\"},\"sameAs\":[\"https:\\\/\\\/facebook.com\\\/latamreports\",\"https:\\\/\\\/x.com\\\/latamreports\"]},{\"@type\":\"Person\",\"@id\":\"https:\\\/\\\/latamreports.com\\\/es\\\/#\\\/schema\\\/person\\\/3c0c926bb1c4d19d2599e84570063294\",\"name\":\"Equipo editorial\",\"image\":{\"@type\":\"ImageObject\",\"inLanguage\":\"en-US\",\"@id\":\"https:\\\/\\\/secure.gravatar.com\\\/avatar\\\/5c67732582cf1424efea884682bb4aee164967014953ca59b2928e652d1dd2b3?s=96&d=mm&r=g\",\"url\":\"https:\\\/\\\/secure.gravatar.com\\\/avatar\\\/5c67732582cf1424efea884682bb4aee164967014953ca59b2928e652d1dd2b3?s=96&d=mm&r=g\",\"contentUrl\":\"https:\\\/\\\/secure.gravatar.com\\\/avatar\\\/5c67732582cf1424efea884682bb4aee164967014953ca59b2928e652d1dd2b3?s=96&d=mm&r=g\",\"caption\":\"Equipo editorial\"}}]}<\/script>\n<!-- \/ Yoast SEO plugin. -->","yoast_head_json":{"title":"Rodri Celebra Bal\u00f3n de Oro con Su Novia Laura Iglesias - LatAm Reports","robots":{"index":"index","follow":"follow","max-snippet":"max-snippet:-1","max-image-preview":"max-image-preview:large","max-video-preview":"max-video-preview:-1"},"canonical":"https:\/\/latamreports.com\/es\/rodri-celebra-balon-de-oro-con-su-novia-laura-iglesias\/","og_locale":"en_US","og_type":"article","og_title":"Rodri Celebra Bal\u00f3n de Oro con Su Novia Laura Iglesias - LatAm Reports","og_description":"Rodrigo Hern\u00e1ndez, conocido como &#8216;Rodri&#8217;, tuvo el respaldo de\u00a0sus padres\u00a0y su novia Laura Iglesias en una noche memorable. Ambos se mostraron orgullosos y felices durante ... Read more","og_url":"https:\/\/latamreports.com\/es\/rodri-celebra-balon-de-oro-con-su-novia-laura-iglesias\/","og_site_name":"LatAm Reports","article_publisher":"https:\/\/facebook.com\/latamreports","article_published_time":"2024-10-29T14:33:09+00:00","article_modified_time":"2024-10-29T14:33:10+00:00","og_image":[{"width":682,"height":502,"url":"https:\/\/latamreports.com\/es\/wp-content\/uploads\/fddd038d7c18-gettyimages-2181600480-copy.jpg","type":"image\/jpeg"}],"author":"Equipo editorial","twitter_card":"summary_large_image","twitter_creator":"@latamreports","twitter_site":"@latamreports","twitter_misc":{"Written by":"Equipo editorial","Est. reading time":"2 minutes"},"schema":{"@context":"https:\/\/schema.org","@graph":[{"@type":"Article","@id":"https:\/\/latamreports.com\/es\/rodri-celebra-balon-de-oro-con-su-novia-laura-iglesias\/#article","isPartOf":{"@id":"https:\/\/latamreports.com\/es\/rodri-celebra-balon-de-oro-con-su-novia-laura-iglesias\/"},"author":{"name":"Equipo editorial","@id":"https:\/\/latamreports.com\/es\/#\/schema\/person\/3c0c926bb1c4d19d2599e84570063294"},"headline":"Rodri Celebra Bal\u00f3n de Oro con Su Novia Laura Iglesias","datePublished":"2024-10-29T14:33:09+00:00","dateModified":"2024-10-29T14:33:10+00:00","mainEntityOfPage":{"@id":"https:\/\/latamreports.com\/es\/rodri-celebra-balon-de-oro-con-su-novia-laura-iglesias\/"},"wordCount":458,"publisher":{"@id":"https:\/\/latamreports.com\/es\/#organization"},"image":{"@id":"https:\/\/latamreports.com\/es\/rodri-celebra-balon-de-oro-con-su-novia-laura-iglesias\/#primaryimage"},"thumbnailUrl":"https:\/\/latamreports.com\/es\/wp-content\/uploads\/fddd038d7c18-gettyimages-2181600480-copy.jpg","articleSection":["Desportes"],"inLanguage":"en-US"},{"@type":"WebPage","@id":"https:\/\/latamreports.com\/es\/rodri-celebra-balon-de-oro-con-su-novia-laura-iglesias\/","url":"https:\/\/latamreports.com\/es\/rodri-celebra-balon-de-oro-con-su-novia-laura-iglesias\/","name":"Rodri Celebra Bal\u00f3n de Oro con Su Novia Laura Iglesias - LatAm Reports","isPartOf":{"@id":"https:\/\/latamreports.com\/es\/#website"},"primaryImageOfPage":{"@id":"https:\/\/latamreports.com\/es\/rodri-celebra-balon-de-oro-con-su-novia-laura-iglesias\/#primaryimage"},"image":{"@id":"https:\/\/latamreports.com\/es\/rodri-celebra-balon-de-oro-con-su-novia-laura-iglesias\/#primaryimage"},"thumbnailUrl":"https:\/\/latamreports.com\/es\/wp-content\/uploads\/fddd038d7c18-gettyimages-2181600480-copy.jpg","datePublished":"2024-10-29T14:33:09+00:00","dateModified":"2024-10-29T14:33:10+00:00","breadcrumb":{"@id":"https:\/\/latamreports.com\/es\/rodri-celebra-balon-de-oro-con-su-novia-laura-iglesias\/#breadcrumb"},"inLanguage":"en-US","potentialAction":[{"@type":"ReadAction","target":["https:\/\/latamreports.com\/es\/rodri-celebra-balon-de-oro-con-su-novia-laura-iglesias\/"]}]},{"@type":"ImageObject","inLanguage":"en-US","@id":"https:\/\/latamreports.com\/es\/rodri-celebra-balon-de-oro-con-su-novia-laura-iglesias\/#primaryimage","url":"https:\/\/latamreports.com\/es\/wp-content\/uploads\/fddd038d7c18-gettyimages-2181600480-copy.jpg","contentUrl":"https:\/\/latamreports.com\/es\/wp-content\/uploads\/fddd038d7c18-gettyimages-2181600480-copy.jpg","width":682,"height":502},{"@type":"BreadcrumbList","@id":"https:\/\/latamreports.com\/es\/rodri-celebra-balon-de-oro-con-su-novia-laura-iglesias\/#breadcrumb","itemListElement":[{"@type":"ListItem","position":1,"name":"Home","item":"https:\/\/latamreports.com\/es\/"},{"@type":"ListItem","position":2,"name":"Rodri Celebra Bal\u00f3n de Oro con Su Novia Laura Iglesias"}]},{"@type":"WebSite","@id":"https:\/\/latamreports.com\/es\/#website","url":"https:\/\/latamreports.com\/es\/","name":"LatAm Reports","description":"Breaking News in Central &amp; Latin America","publisher":{"@id":"https:\/\/latamreports.com\/es\/#organization"},"potentialAction":[{"@type":"SearchAction","target":{"@type":"EntryPoint","urlTemplate":"https:\/\/latamreports.com\/es\/?s={search_term_string}"},"query-input":{"@type":"PropertyValueSpecification","valueRequired":true,"valueName":"search_term_string"}}],"inLanguage":"en-US"},{"@type":"Organization","@id":"https:\/\/latamreports.com\/es\/#organization","name":"LatAm Reports","url":"https:\/\/latamreports.com\/es\/","logo":{"@type":"ImageObject","inLanguage":"en-US","@id":"https:\/\/latamreports.com\/es\/#\/schema\/logo\/image\/","url":"https:\/\/latamreports.com\/es\/wp-content\/uploads\/cropped-PNG2.png","contentUrl":"https:\/\/latamreports.com\/es\/wp-content\/uploads\/cropped-PNG2.png","width":2522,"height":1014,"caption":"LatAm Reports"},"image":{"@id":"https:\/\/latamreports.com\/es\/#\/schema\/logo\/image\/"},"sameAs":["https:\/\/facebook.com\/latamreports","https:\/\/x.com\/latamreports"]},{"@type":"Person","@id":"https:\/\/latamreports.com\/es\/#\/schema\/person\/3c0c926bb1c4d19d2599e84570063294","name":"Equipo editorial","image":{"@type":"ImageObject","inLanguage":"en-US","@id":"https:\/\/secure.gravatar.com\/avatar\/5c67732582cf1424efea884682bb4aee164967014953ca59b2928e652d1dd2b3?s=96&d=mm&r=g","url":"https:\/\/secure.gravatar.com\/avatar\/5c67732582cf1424efea884682bb4aee164967014953ca59b2928e652d1dd2b3?s=96&d=mm&r=g","contentUrl":"https:\/\/secure.gravatar.com\/avatar\/5c67732582cf1424efea884682bb4aee164967014953ca59b2928e652d1dd2b3?s=96&d=mm&r=g","caption":"Equipo editorial"}}]}},"_links":{"self":[{"href":"https:\/\/latamreports.com\/es\/wp-json\/wp\/v2\/posts\/6361","targetHints":{"allow":["GET"]}}],"collection":[{"href":"https:\/\/latamreports.com\/es\/wp-json\/wp\/v2\/posts"}],"about":[{"href":"https:\/\/latamreports.com\/es\/wp-json\/wp\/v2\/types\/post"}],"author":[{"embeddable":true,"href":"https:\/\/latamreports.com\/es\/wp-json\/wp\/v2\/users\/7"}],"replies":[{"embeddable":true,"href":"https:\/\/latamreports.com\/es\/wp-json\/wp\/v2\/comments?post=6361"}],"version-history":[{"count":1,"href":"https:\/\/latamreports.com\/es\/wp-json\/wp\/v2\/posts\/6361\/revisions"}],"predecessor-version":[{"id":6363,"href":"https:\/\/latamreports.com\/es\/wp-json\/wp\/v2\/posts\/6361\/revisions\/6363"}],"wp:featuredmedia":[{"embeddable":true,"href":"https:\/\/latamreports.com\/es\/wp-json\/wp\/v2\/media\/6362"}],"wp:attachment":[{"href":"https:\/\/latamreports.com\/es\/wp-json\/wp\/v2\/media?parent=6361"}],"wp:term":[{"taxonomy":"category","embeddable":true,"href":"https:\/\/latamreports.com\/es\/wp-json\/wp\/v2\/categories?post=6361"},{"taxonomy":"post_tag","embeddable":true,"href":"https:\/\/latamreports.com\/es\/wp-json\/wp\/v2\/tags?post=6361"}],"curies":[{"name":"wp","href":"https:\/\/api.w.org\/{rel}","templated":true}]}}