{"id":6299,"date":"2024-09-09T15:46:19","date_gmt":"2024-09-09T15:46:19","guid":{"rendered":"https:\/\/latamreports.com\/es\/?p=6299"},"modified":"2024-09-09T15:46:20","modified_gmt":"2024-09-09T15:46:20","slug":"elon-musk-argumento-sobre-la-libertad-de-expresion-en-brasil","status":"publish","type":"post","link":"https:\/\/latamreports.com\/es\/elon-musk-argumento-sobre-la-libertad-de-expresion-en-brasil\/","title":{"rendered":"Elon Musk argumento sobre la libertad de expresi\u00f3n en Brasil"},"content":{"rendered":"\n<p>La disputa p\u00fablica entre Elon Musk, propietario de la plataforma X, y el juez de la Corte Suprema brasile\u00f1a Alexandre de Moraes ha escalado en medio de preocupaciones sobre la moderaci\u00f3n de contenido. Musk, quien se presenta como un defensor absoluto de la libertad de expresi\u00f3n, ha mantenido una postura firme al rechazar las \u00f3rdenes de De Moraes para eliminar cuentas asociadas con grupos extremistas que difunden desinformaci\u00f3n en Brasil.<\/p>\n\n\n\n<p>Este conflicto se centra en las solicitudes del gobierno para prohibir estas cuentas, en un contexto donde De Moraes ha sido criticado por sus enfoques extremos que podr\u00edan considerarse como censura. A pesar de las acciones de Musk, que incluyen no designar un representante legal para manejar estas solicitudes, la situaci\u00f3n ha suscitado debates sobre el equilibrio entre la libertad de expresi\u00f3n y la lucha contra la desinformaci\u00f3n, dejando en claro que ambos lados tienen puntos de vista que merecen atenci\u00f3n.<\/p>\n\n\n\n<h2 class=\"wp-block-heading\">Registro cuestionable de Musk en libertad de expresi\u00f3n<\/h2>\n\n\n\n<p>Tras adquirir Twitter en 2022, Musk redujo r\u00e1pidamente la moderaci\u00f3n en la plataforma, restaurando cuentas que hab\u00edan sido prohibidas por difundir informaci\u00f3n falsa, como las de Donald Trump y Alex Jones, bajo el lema de la libre expresi\u00f3n. Su compromiso con este tema es, sin embargo, inconsistente y a menudo percibido como hip\u00f3crita.<\/p>\n\n\n\n<p>A pesar de su defensa p\u00fablica de la libertad de expresi\u00f3n, Musk ha prohibido cuentas de parodia que lo imitan y ha amenazado con acciones legales contra bloggers cr\u00edticos de \u00e9l y de sus empresas. Tambi\u00e9n ha despedido a empleados que mostraron desacuerdo con \u00e9l.<\/p>\n\n\n\n<p>En un contexto m\u00e1s amplio, Musk admiti\u00f3 el a\u00f1o pasado que no ten\u00eda &#8220;opci\u00f3n real&#8221; m\u00e1s que cumplir con las solicitudes del gobierno para restringir contenido en pa\u00edses como Turqu\u00eda e India. Estos pa\u00edses, aunque considerados democracias, han tenido tendencias hacia un creciente autoritarismo. Un an\u00e1lisis realizado por El Pa\u00eds revel\u00f3 que, bajo su liderazgo, X cumpli\u00f3 con el 83% de las solicitudes de gobiernos autoritarios para eliminar contenido.<\/p>\n\n\n\n<p>A pesar de su trayectoria contradictoria, Musk se ha convertido en un protagonista crucial en el debate sobre la censura y la moderaci\u00f3n del contenido, en parte por las controversias que ha generado, como la disputa en Brasil.<\/p>\n\n\n\n<h2 class=\"wp-block-heading\">La confrontaci\u00f3n en Brasil<\/h2>\n\n\n\n<p>En Brasil, las tensiones escalaron para Musk. Un tribunal impuso multas superiores a $3 millones a X y amenaz\u00f3 con encarcelar a empleados de la compa\u00f1\u00eda, lo que llev\u00f3 al cierre de la oficina de X en el pa\u00eds.<\/p>\n\n\n\n<p>El juez de Moraes tambi\u00e9n tom\u00f3 medidas contra otras iniciativas de Musk, congelando temporalmente las cuentas de Starlink, la subsidiaria de SpaceX que ofrece conectividad de internet mediante sat\u00e9lites, para asegurar el pago de las multas.<\/p>\n\n\n\n<p>Despu\u00e9s de negarse a bloquear el acceso a X, los reguladores de telecomunicaciones brasile\u00f1os consideraron sanciones y la revocaci\u00f3n de la licencia de Starlink. Finalmente, Starlink cumpli\u00f3 con las exigencias legales, restringiendo X en Brasil, aunque Musk sigue en la lucha.<\/p>\n\n\n\n<h2 class=\"wp-block-heading\">Musk argumenta con memes<\/h2>\n\n\n\n<p>Musk ha adoptado una postura defensiva en torno a la libertad de expresi\u00f3n y la presencia de X en Brasil, tomando como blanco p\u00fablico al juez de Moraes. En sus recientes publicaciones en X, cuestion\u00f3 la credibilidad y las motivaciones pol\u00edticas de de Moraes, acus\u00e1ndolo de &#8220;dictador malvado disfrazado de juez&#8221;. Tambi\u00e9n aleg\u00f3 que el juez hab\u00eda interferido de manera deliberada y grave en la \u00faltima elecci\u00f3n presidencial de Brasil, donde el votante eligi\u00f3 al izquierdista Luiz In\u00e1cio Lula da Silva sobre Bolsonaro.<\/p>\n\n\n\n<p>Adem\u00e1s, Musk ha utilizado im\u00e1genes de de Moraes al lado de Lord Voldemort, sugiriendo que el juez deber\u00eda estar tras las rejas. Estas t\u00e1cticas podr\u00edan tener repercusiones negativas para Musk y sus empresas. Su decisi\u00f3n de no impugnar las \u00f3rdenes de de Moraes en los tribunales y, en cambio, convertir la cuesti\u00f3n en una contienda de memes en l\u00ednea, ha llevado a unos 20 millones de usuarios activos brasile\u00f1os de X a explorar nuevas plataformas como Bluesky y Threads.<\/p>\n\n\n\n<p>Seg\u00fan Mariana Valente, profesora de derecho y directora del InternetLab en Brasil, el futuro de X depender\u00e1 de las acciones de Musk. Si decide cumplir con las regulaciones, como hizo en India, podr\u00eda haber una posibilidad de retorno a Brasil. Si no, es probable que X enfrentar\u00e1 un bloqueo prolongado en el pa\u00eds.<\/p>\n","protected":false},"excerpt":{"rendered":"<p>La disputa p\u00fablica entre Elon Musk, propietario de la plataforma X, y el juez de la Corte Suprema brasile\u00f1a Alexandre de Moraes ha escalado en &#8230; <a title=\"Elon Musk argumento sobre la libertad de expresi\u00f3n en Brasil\" class=\"read-more\" href=\"https:\/\/latamreports.com\/es\/elon-musk-argumento-sobre-la-libertad-de-expresion-en-brasil\/\" aria-label=\"Read more about Elon Musk argumento sobre la libertad de expresi\u00f3n en Brasil\">Read more<\/a><\/p>\n","protected":false},"author":7,"featured_media":6300,"comment_status":"closed","ping_status":"closed","sticky":false,"template":"","format":"standard","meta":{"footnotes":""},"categories":[24],"tags":[9],"class_list":["post-6299","post","type-post","status-publish","format-standard","has-post-thumbnail","hentry","category-opinion","tag-featured","resize-featured-image"],"yoast_head":"<!-- This site is optimized with the Yoast SEO plugin v27.5 - https:\/\/yoast.com\/product\/yoast-seo-wordpress\/ -->\n<title>Elon Musk argumento sobre la libertad de expresi\u00f3n en Brasil - LatAm Reports<\/title>\n<meta name=\"robots\" content=\"index, follow, max-snippet:-1, max-image-preview:large, max-video-preview:-1\" \/>\n<link rel=\"canonical\" href=\"https:\/\/latamreports.com\/es\/elon-musk-argumento-sobre-la-libertad-de-expresion-en-brasil\/\" \/>\n<meta property=\"og:locale\" content=\"en_US\" \/>\n<meta property=\"og:type\" content=\"article\" \/>\n<meta property=\"og:title\" content=\"Elon Musk argumento sobre la libertad de expresi\u00f3n en Brasil - LatAm Reports\" \/>\n<meta property=\"og:description\" content=\"La disputa p\u00fablica entre Elon Musk, propietario de la plataforma X, y el juez de la Corte Suprema brasile\u00f1a Alexandre de Moraes ha escalado en ... Read more\" \/>\n<meta property=\"og:url\" content=\"https:\/\/latamreports.com\/es\/elon-musk-argumento-sobre-la-libertad-de-expresion-en-brasil\/\" \/>\n<meta property=\"og:site_name\" content=\"LatAm Reports\" \/>\n<meta property=\"article:publisher\" content=\"https:\/\/facebook.com\/latamreports\" \/>\n<meta property=\"article:published_time\" content=\"2024-09-09T15:46:19+00:00\" \/>\n<meta property=\"article:modified_time\" content=\"2024-09-09T15:46:20+00:00\" \/>\n<meta property=\"og:image\" content=\"https:\/\/latamreports.com\/es\/wp-content\/uploads\/Elon-Musk-and-Brazils-Supreme-Court-STF-Minister-Alexandre-De-Moraes.webp\" \/>\n\t<meta property=\"og:image:width\" content=\"1500\" \/>\n\t<meta property=\"og:image:height\" content=\"845\" \/>\n\t<meta property=\"og:image:type\" content=\"image\/webp\" \/>\n<meta name=\"author\" content=\"Equipo editorial\" \/>\n<meta name=\"twitter:card\" content=\"summary_large_image\" \/>\n<meta name=\"twitter:creator\" content=\"@latamreports\" \/>\n<meta name=\"twitter:site\" content=\"@latamreports\" \/>\n<meta name=\"twitter:label1\" content=\"Written by\" \/>\n\t<meta name=\"twitter:data1\" content=\"Equipo editorial\" \/>\n\t<meta name=\"twitter:label2\" content=\"Est. reading time\" \/>\n\t<meta name=\"twitter:data2\" content=\"4 minutes\" \/>\n<script type=\"application\/ld+json\" class=\"yoast-schema-graph\">{\"@context\":\"https:\\\/\\\/schema.org\",\"@graph\":[{\"@type\":\"Article\",\"@id\":\"https:\\\/\\\/latamreports.com\\\/es\\\/elon-musk-argumento-sobre-la-libertad-de-expresion-en-brasil\\\/#article\",\"isPartOf\":{\"@id\":\"https:\\\/\\\/latamreports.com\\\/es\\\/elon-musk-argumento-sobre-la-libertad-de-expresion-en-brasil\\\/\"},\"author\":{\"name\":\"Equipo editorial\",\"@id\":\"https:\\\/\\\/latamreports.com\\\/es\\\/#\\\/schema\\\/person\\\/3c0c926bb1c4d19d2599e84570063294\"},\"headline\":\"Elon Musk argumento sobre la libertad de expresi\u00f3n en Brasil\",\"datePublished\":\"2024-09-09T15:46:19+00:00\",\"dateModified\":\"2024-09-09T15:46:20+00:00\",\"mainEntityOfPage\":{\"@id\":\"https:\\\/\\\/latamreports.com\\\/es\\\/elon-musk-argumento-sobre-la-libertad-de-expresion-en-brasil\\\/\"},\"wordCount\":770,\"publisher\":{\"@id\":\"https:\\\/\\\/latamreports.com\\\/es\\\/#organization\"},\"image\":{\"@id\":\"https:\\\/\\\/latamreports.com\\\/es\\\/elon-musk-argumento-sobre-la-libertad-de-expresion-en-brasil\\\/#primaryimage\"},\"thumbnailUrl\":\"https:\\\/\\\/latamreports.com\\\/es\\\/wp-content\\\/uploads\\\/Elon-Musk-and-Brazils-Supreme-Court-STF-Minister-Alexandre-De-Moraes.webp\",\"keywords\":[\"featured\"],\"articleSection\":[\"Opini\u00f3n\"],\"inLanguage\":\"en-US\"},{\"@type\":\"WebPage\",\"@id\":\"https:\\\/\\\/latamreports.com\\\/es\\\/elon-musk-argumento-sobre-la-libertad-de-expresion-en-brasil\\\/\",\"url\":\"https:\\\/\\\/latamreports.com\\\/es\\\/elon-musk-argumento-sobre-la-libertad-de-expresion-en-brasil\\\/\",\"name\":\"Elon Musk argumento sobre la libertad de expresi\u00f3n en Brasil - LatAm Reports\",\"isPartOf\":{\"@id\":\"https:\\\/\\\/latamreports.com\\\/es\\\/#website\"},\"primaryImageOfPage\":{\"@id\":\"https:\\\/\\\/latamreports.com\\\/es\\\/elon-musk-argumento-sobre-la-libertad-de-expresion-en-brasil\\\/#primaryimage\"},\"image\":{\"@id\":\"https:\\\/\\\/latamreports.com\\\/es\\\/elon-musk-argumento-sobre-la-libertad-de-expresion-en-brasil\\\/#primaryimage\"},\"thumbnailUrl\":\"https:\\\/\\\/latamreports.com\\\/es\\\/wp-content\\\/uploads\\\/Elon-Musk-and-Brazils-Supreme-Court-STF-Minister-Alexandre-De-Moraes.webp\",\"datePublished\":\"2024-09-09T15:46:19+00:00\",\"dateModified\":\"2024-09-09T15:46:20+00:00\",\"breadcrumb\":{\"@id\":\"https:\\\/\\\/latamreports.com\\\/es\\\/elon-musk-argumento-sobre-la-libertad-de-expresion-en-brasil\\\/#breadcrumb\"},\"inLanguage\":\"en-US\",\"potentialAction\":[{\"@type\":\"ReadAction\",\"target\":[\"https:\\\/\\\/latamreports.com\\\/es\\\/elon-musk-argumento-sobre-la-libertad-de-expresion-en-brasil\\\/\"]}]},{\"@type\":\"ImageObject\",\"inLanguage\":\"en-US\",\"@id\":\"https:\\\/\\\/latamreports.com\\\/es\\\/elon-musk-argumento-sobre-la-libertad-de-expresion-en-brasil\\\/#primaryimage\",\"url\":\"https:\\\/\\\/latamreports.com\\\/es\\\/wp-content\\\/uploads\\\/Elon-Musk-and-Brazils-Supreme-Court-STF-Minister-Alexandre-De-Moraes.webp\",\"contentUrl\":\"https:\\\/\\\/latamreports.com\\\/es\\\/wp-content\\\/uploads\\\/Elon-Musk-and-Brazils-Supreme-Court-STF-Minister-Alexandre-De-Moraes.webp\",\"width\":1500,\"height\":845},{\"@type\":\"BreadcrumbList\",\"@id\":\"https:\\\/\\\/latamreports.com\\\/es\\\/elon-musk-argumento-sobre-la-libertad-de-expresion-en-brasil\\\/#breadcrumb\",\"itemListElement\":[{\"@type\":\"ListItem\",\"position\":1,\"name\":\"Home\",\"item\":\"https:\\\/\\\/latamreports.com\\\/es\\\/\"},{\"@type\":\"ListItem\",\"position\":2,\"name\":\"Elon Musk argumento sobre la libertad de expresi\u00f3n en Brasil\"}]},{\"@type\":\"WebSite\",\"@id\":\"https:\\\/\\\/latamreports.com\\\/es\\\/#website\",\"url\":\"https:\\\/\\\/latamreports.com\\\/es\\\/\",\"name\":\"LatAm Reports\",\"description\":\"Breaking News in Central &amp; Latin America\",\"publisher\":{\"@id\":\"https:\\\/\\\/latamreports.com\\\/es\\\/#organization\"},\"potentialAction\":[{\"@type\":\"SearchAction\",\"target\":{\"@type\":\"EntryPoint\",\"urlTemplate\":\"https:\\\/\\\/latamreports.com\\\/es\\\/?s={search_term_string}\"},\"query-input\":{\"@type\":\"PropertyValueSpecification\",\"valueRequired\":true,\"valueName\":\"search_term_string\"}}],\"inLanguage\":\"en-US\"},{\"@type\":\"Organization\",\"@id\":\"https:\\\/\\\/latamreports.com\\\/es\\\/#organization\",\"name\":\"LatAm Reports\",\"url\":\"https:\\\/\\\/latamreports.com\\\/es\\\/\",\"logo\":{\"@type\":\"ImageObject\",\"inLanguage\":\"en-US\",\"@id\":\"https:\\\/\\\/latamreports.com\\\/es\\\/#\\\/schema\\\/logo\\\/image\\\/\",\"url\":\"https:\\\/\\\/latamreports.com\\\/es\\\/wp-content\\\/uploads\\\/cropped-PNG2.png\",\"contentUrl\":\"https:\\\/\\\/latamreports.com\\\/es\\\/wp-content\\\/uploads\\\/cropped-PNG2.png\",\"width\":2522,\"height\":1014,\"caption\":\"LatAm Reports\"},\"image\":{\"@id\":\"https:\\\/\\\/latamreports.com\\\/es\\\/#\\\/schema\\\/logo\\\/image\\\/\"},\"sameAs\":[\"https:\\\/\\\/facebook.com\\\/latamreports\",\"https:\\\/\\\/x.com\\\/latamreports\"]},{\"@type\":\"Person\",\"@id\":\"https:\\\/\\\/latamreports.com\\\/es\\\/#\\\/schema\\\/person\\\/3c0c926bb1c4d19d2599e84570063294\",\"name\":\"Equipo editorial\",\"image\":{\"@type\":\"ImageObject\",\"inLanguage\":\"en-US\",\"@id\":\"https:\\\/\\\/secure.gravatar.com\\\/avatar\\\/5c67732582cf1424efea884682bb4aee164967014953ca59b2928e652d1dd2b3?s=96&d=mm&r=g\",\"url\":\"https:\\\/\\\/secure.gravatar.com\\\/avatar\\\/5c67732582cf1424efea884682bb4aee164967014953ca59b2928e652d1dd2b3?s=96&d=mm&r=g\",\"contentUrl\":\"https:\\\/\\\/secure.gravatar.com\\\/avatar\\\/5c67732582cf1424efea884682bb4aee164967014953ca59b2928e652d1dd2b3?s=96&d=mm&r=g\",\"caption\":\"Equipo editorial\"}}]}<\/script>\n<!-- \/ Yoast SEO plugin. -->","yoast_head_json":{"title":"Elon Musk argumento sobre la libertad de expresi\u00f3n en Brasil - LatAm Reports","robots":{"index":"index","follow":"follow","max-snippet":"max-snippet:-1","max-image-preview":"max-image-preview:large","max-video-preview":"max-video-preview:-1"},"canonical":"https:\/\/latamreports.com\/es\/elon-musk-argumento-sobre-la-libertad-de-expresion-en-brasil\/","og_locale":"en_US","og_type":"article","og_title":"Elon Musk argumento sobre la libertad de expresi\u00f3n en Brasil - LatAm Reports","og_description":"La disputa p\u00fablica entre Elon Musk, propietario de la plataforma X, y el juez de la Corte Suprema brasile\u00f1a Alexandre de Moraes ha escalado en ... Read more","og_url":"https:\/\/latamreports.com\/es\/elon-musk-argumento-sobre-la-libertad-de-expresion-en-brasil\/","og_site_name":"LatAm Reports","article_publisher":"https:\/\/facebook.com\/latamreports","article_published_time":"2024-09-09T15:46:19+00:00","article_modified_time":"2024-09-09T15:46:20+00:00","og_image":[{"width":1500,"height":845,"url":"https:\/\/latamreports.com\/es\/wp-content\/uploads\/Elon-Musk-and-Brazils-Supreme-Court-STF-Minister-Alexandre-De-Moraes.webp","type":"image\/webp"}],"author":"Equipo editorial","twitter_card":"summary_large_image","twitter_creator":"@latamreports","twitter_site":"@latamreports","twitter_misc":{"Written by":"Equipo editorial","Est. reading time":"4 minutes"},"schema":{"@context":"https:\/\/schema.org","@graph":[{"@type":"Article","@id":"https:\/\/latamreports.com\/es\/elon-musk-argumento-sobre-la-libertad-de-expresion-en-brasil\/#article","isPartOf":{"@id":"https:\/\/latamreports.com\/es\/elon-musk-argumento-sobre-la-libertad-de-expresion-en-brasil\/"},"author":{"name":"Equipo editorial","@id":"https:\/\/latamreports.com\/es\/#\/schema\/person\/3c0c926bb1c4d19d2599e84570063294"},"headline":"Elon Musk argumento sobre la libertad de expresi\u00f3n en Brasil","datePublished":"2024-09-09T15:46:19+00:00","dateModified":"2024-09-09T15:46:20+00:00","mainEntityOfPage":{"@id":"https:\/\/latamreports.com\/es\/elon-musk-argumento-sobre-la-libertad-de-expresion-en-brasil\/"},"wordCount":770,"publisher":{"@id":"https:\/\/latamreports.com\/es\/#organization"},"image":{"@id":"https:\/\/latamreports.com\/es\/elon-musk-argumento-sobre-la-libertad-de-expresion-en-brasil\/#primaryimage"},"thumbnailUrl":"https:\/\/latamreports.com\/es\/wp-content\/uploads\/Elon-Musk-and-Brazils-Supreme-Court-STF-Minister-Alexandre-De-Moraes.webp","keywords":["featured"],"articleSection":["Opini\u00f3n"],"inLanguage":"en-US"},{"@type":"WebPage","@id":"https:\/\/latamreports.com\/es\/elon-musk-argumento-sobre-la-libertad-de-expresion-en-brasil\/","url":"https:\/\/latamreports.com\/es\/elon-musk-argumento-sobre-la-libertad-de-expresion-en-brasil\/","name":"Elon Musk argumento sobre la libertad de expresi\u00f3n en Brasil - LatAm Reports","isPartOf":{"@id":"https:\/\/latamreports.com\/es\/#website"},"primaryImageOfPage":{"@id":"https:\/\/latamreports.com\/es\/elon-musk-argumento-sobre-la-libertad-de-expresion-en-brasil\/#primaryimage"},"image":{"@id":"https:\/\/latamreports.com\/es\/elon-musk-argumento-sobre-la-libertad-de-expresion-en-brasil\/#primaryimage"},"thumbnailUrl":"https:\/\/latamreports.com\/es\/wp-content\/uploads\/Elon-Musk-and-Brazils-Supreme-Court-STF-Minister-Alexandre-De-Moraes.webp","datePublished":"2024-09-09T15:46:19+00:00","dateModified":"2024-09-09T15:46:20+00:00","breadcrumb":{"@id":"https:\/\/latamreports.com\/es\/elon-musk-argumento-sobre-la-libertad-de-expresion-en-brasil\/#breadcrumb"},"inLanguage":"en-US","potentialAction":[{"@type":"ReadAction","target":["https:\/\/latamreports.com\/es\/elon-musk-argumento-sobre-la-libertad-de-expresion-en-brasil\/"]}]},{"@type":"ImageObject","inLanguage":"en-US","@id":"https:\/\/latamreports.com\/es\/elon-musk-argumento-sobre-la-libertad-de-expresion-en-brasil\/#primaryimage","url":"https:\/\/latamreports.com\/es\/wp-content\/uploads\/Elon-Musk-and-Brazils-Supreme-Court-STF-Minister-Alexandre-De-Moraes.webp","contentUrl":"https:\/\/latamreports.com\/es\/wp-content\/uploads\/Elon-Musk-and-Brazils-Supreme-Court-STF-Minister-Alexandre-De-Moraes.webp","width":1500,"height":845},{"@type":"BreadcrumbList","@id":"https:\/\/latamreports.com\/es\/elon-musk-argumento-sobre-la-libertad-de-expresion-en-brasil\/#breadcrumb","itemListElement":[{"@type":"ListItem","position":1,"name":"Home","item":"https:\/\/latamreports.com\/es\/"},{"@type":"ListItem","position":2,"name":"Elon Musk argumento sobre la libertad de expresi\u00f3n en Brasil"}]},{"@type":"WebSite","@id":"https:\/\/latamreports.com\/es\/#website","url":"https:\/\/latamreports.com\/es\/","name":"LatAm Reports","description":"Breaking News in Central &amp; Latin America","publisher":{"@id":"https:\/\/latamreports.com\/es\/#organization"},"potentialAction":[{"@type":"SearchAction","target":{"@type":"EntryPoint","urlTemplate":"https:\/\/latamreports.com\/es\/?s={search_term_string}"},"query-input":{"@type":"PropertyValueSpecification","valueRequired":true,"valueName":"search_term_string"}}],"inLanguage":"en-US"},{"@type":"Organization","@id":"https:\/\/latamreports.com\/es\/#organization","name":"LatAm Reports","url":"https:\/\/latamreports.com\/es\/","logo":{"@type":"ImageObject","inLanguage":"en-US","@id":"https:\/\/latamreports.com\/es\/#\/schema\/logo\/image\/","url":"https:\/\/latamreports.com\/es\/wp-content\/uploads\/cropped-PNG2.png","contentUrl":"https:\/\/latamreports.com\/es\/wp-content\/uploads\/cropped-PNG2.png","width":2522,"height":1014,"caption":"LatAm Reports"},"image":{"@id":"https:\/\/latamreports.com\/es\/#\/schema\/logo\/image\/"},"sameAs":["https:\/\/facebook.com\/latamreports","https:\/\/x.com\/latamreports"]},{"@type":"Person","@id":"https:\/\/latamreports.com\/es\/#\/schema\/person\/3c0c926bb1c4d19d2599e84570063294","name":"Equipo editorial","image":{"@type":"ImageObject","inLanguage":"en-US","@id":"https:\/\/secure.gravatar.com\/avatar\/5c67732582cf1424efea884682bb4aee164967014953ca59b2928e652d1dd2b3?s=96&d=mm&r=g","url":"https:\/\/secure.gravatar.com\/avatar\/5c67732582cf1424efea884682bb4aee164967014953ca59b2928e652d1dd2b3?s=96&d=mm&r=g","contentUrl":"https:\/\/secure.gravatar.com\/avatar\/5c67732582cf1424efea884682bb4aee164967014953ca59b2928e652d1dd2b3?s=96&d=mm&r=g","caption":"Equipo editorial"}}]}},"_links":{"self":[{"href":"https:\/\/latamreports.com\/es\/wp-json\/wp\/v2\/posts\/6299","targetHints":{"allow":["GET"]}}],"collection":[{"href":"https:\/\/latamreports.com\/es\/wp-json\/wp\/v2\/posts"}],"about":[{"href":"https:\/\/latamreports.com\/es\/wp-json\/wp\/v2\/types\/post"}],"author":[{"embeddable":true,"href":"https:\/\/latamreports.com\/es\/wp-json\/wp\/v2\/users\/7"}],"replies":[{"embeddable":true,"href":"https:\/\/latamreports.com\/es\/wp-json\/wp\/v2\/comments?post=6299"}],"version-history":[{"count":1,"href":"https:\/\/latamreports.com\/es\/wp-json\/wp\/v2\/posts\/6299\/revisions"}],"predecessor-version":[{"id":6301,"href":"https:\/\/latamreports.com\/es\/wp-json\/wp\/v2\/posts\/6299\/revisions\/6301"}],"wp:featuredmedia":[{"embeddable":true,"href":"https:\/\/latamreports.com\/es\/wp-json\/wp\/v2\/media\/6300"}],"wp:attachment":[{"href":"https:\/\/latamreports.com\/es\/wp-json\/wp\/v2\/media?parent=6299"}],"wp:term":[{"taxonomy":"category","embeddable":true,"href":"https:\/\/latamreports.com\/es\/wp-json\/wp\/v2\/categories?post=6299"},{"taxonomy":"post_tag","embeddable":true,"href":"https:\/\/latamreports.com\/es\/wp-json\/wp\/v2\/tags?post=6299"}],"curies":[{"name":"wp","href":"https:\/\/api.w.org\/{rel}","templated":true}]}}