{"id":8346,"date":"2024-10-11T21:20:18","date_gmt":"2024-10-11T21:20:18","guid":{"rendered":"https:\/\/latamreports.com\/br\/?p=8346"},"modified":"2024-10-11T21:20:19","modified_gmt":"2024-10-11T21:20:19","slug":"galvao-bueno-faz-criticas-severas-a-selecao-brasileira-apos-vitoria-sobre-o-chile","status":"publish","type":"post","link":"https:\/\/latamreports.com\/br\/galvao-bueno-faz-criticas-severas-a-selecao-brasileira-apos-vitoria-sobre-o-chile\/","title":{"rendered":"Galv\u00e3o Bueno faz cr\u00edticas severas \u00e0 sele\u00e7\u00e3o brasileira ap\u00f3s vit\u00f3ria sobre o Chile"},"content":{"rendered":"\n<p>Apesar da vit\u00f3ria por 2 a 1 contra o Chile na noite desta quinta-feira, 10, pela 9\u00aa rodada das Eliminat\u00f3rias da Copa do Mundo<a href=\"https:\/\/latamreports.com\/br\/dorival-junior-esboca-mudanca-tatica-e-testa-igor-jesus-na-selecao-para-jogo-contra-o-chile\/\">, Galv\u00e3o Bueno<\/a>, renomado locutor esportivo, fez duras cr\u00edticas ao desempenho da Sele\u00e7\u00e3o Brasileira. Atrav\u00e9s de suas redes sociais, ele questionou a qualidade da equipe e a gest\u00e3o da Confedera\u00e7\u00e3o Brasileira de Futebol (CBF), liderada por Ednaldo Rodrigues.<\/p>\n\n\n\n<blockquote class=\"wp-block-quote is-layout-flow wp-block-quote-is-layout-flow\">\n<p>\u201c[A Sele\u00e7\u00e3o] chegou a estar em 7\u00ba lugar quando estava perdendo de 1 a 0 para o Chile. Ela agora fecha o primeiro turno na 4\u00aa posi\u00e7\u00e3o. Sabe o que significa isso? A verdade absoluta: a sele\u00e7\u00e3o brasileira n\u00e3o \u00e9 boa. N\u00e3o tem qualidade compat\u00edvel com a hist\u00f3ria do futebol brasileiro. O 4\u00ba lugar \u00e9 o lugar do Brasil na Am\u00e9rica do Sul hoje, atr\u00e1s de Argentina, Uruguai e Col\u00f4mbia\u201d, afirmou Galv\u00e3o, destacando a falta de compet\u00eancia da equipe.<\/p>\n<\/blockquote>\n\n\n\n<p>Na partida contra o Chile, o <a href=\"https:\/\/latamreports.com\/br\/homem-do-equador-e-detido-por-sobrevoar-treino-da-selecao-brasileira-com-drone\/\">Brasil <\/a>come\u00e7ou em desvantagem com um gol logo nos primeiros dois minutos. Mesmo conseguindo a virada com gols de Igor Jesus e Luiz Henrique, Galv\u00e3o foi incisivo ao dizer que o desempenho n\u00e3o foi suficiente para satisfazer. Segundo ele, a sele\u00e7\u00e3o, mesmo com uma vit\u00f3ria, n\u00e3o tem condi\u00e7\u00f5es de jogar um grande futebol, como em tempos anteriores.<\/p>\n\n\n\n<h3 class=\"wp-block-heading\">Falta de protagonistas e gest\u00e3o da CBF, segundo Galv\u00e3o <\/h3>\n\n\n\n<p>Uma das principais cr\u00edticas do locutor foi sobre a aus\u00eancia de jogadores brasileiros protagonistas em seus clubes, algo que, segundo ele, sempre foi uma marca da Sele\u00e7\u00e3o Brasileira. Galv\u00e3o elogiou Vin\u00edcius J\u00fanior como uma exce\u00e7\u00e3o, mas destacou que, fora ele, a equipe n\u00e3o tem jogadores que brilhem individualmente em seus clubes.<\/p>\n\n\n\n<p>Ele tamb\u00e9m direcionou parte de suas cr\u00edticas ao presidente da CBF, Ednaldo Rodrigues, mencionando o rod\u00edzio de t\u00e9cnicos que a sele\u00e7\u00e3o passou desde a Copa do Catar, em 2022. Galv\u00e3o lamentou as promessas n\u00e3o cumpridas em rela\u00e7\u00e3o \u00e0 contrata\u00e7\u00e3o do t\u00e9cnico Carlo Ancelotti, que nunca se concretizou, levando \u00e0 escolha de t\u00e9cnicos interinos como Ramon Menezes e Fernando Diniz.<\/p>\n\n\n\n<h2 class=\"wp-block-heading\">Pr\u00f3ximo desafio<\/h2>\n\n\n\n<p>O <a href=\"https:\/\/latamreports.com\/br\/argentinos-retiram-dolares-do-colchao-com-novo-incentivo-tributario-de-milei\/\">Brasil <\/a>volta a campo na pr\u00f3xima ter\u00e7a-feira, 15, contra o Peru, pela 10\u00aa rodada das Eliminat\u00f3rias, em Bras\u00edlia. Mesmo com a vit\u00f3ria contra o Chile, Galv\u00e3o enfatiza que a Sele\u00e7\u00e3o precisa de mais qualidade e melhores escolhas, tanto t\u00e1ticas quanto administrativas, para retomar o protagonismo no futebol mundial.<\/p>\n","protected":false},"excerpt":{"rendered":"<p>Apesar da vit\u00f3ria por 2 a 1 contra o Chile na noite desta quinta-feira, 10, pela 9\u00aa rodada das Eliminat\u00f3rias da Copa do Mundo, Galv\u00e3o &#8230; <a title=\"Galv\u00e3o Bueno faz cr\u00edticas severas \u00e0 sele\u00e7\u00e3o brasileira ap\u00f3s vit\u00f3ria sobre o Chile\" class=\"read-more\" href=\"https:\/\/latamreports.com\/br\/galvao-bueno-faz-criticas-severas-a-selecao-brasileira-apos-vitoria-sobre-o-chile\/\" aria-label=\"Read more about Galv\u00e3o Bueno faz cr\u00edticas severas \u00e0 sele\u00e7\u00e3o brasileira ap\u00f3s vit\u00f3ria sobre o Chile\">Read more<\/a><\/p>\n","protected":false},"author":7,"featured_media":8347,"comment_status":"closed","ping_status":"closed","sticky":false,"template":"","format":"standard","meta":{"footnotes":"","jetpack_publicize_message":"","jetpack_publicize_feature_enabled":true,"jetpack_social_post_already_shared":false,"jetpack_social_options":{"image_generator_settings":{"template":"highway","default_image_id":0,"font":"","enabled":false},"version":2}},"categories":[14],"tags":[31],"class_list":["post-8346","post","type-post","status-publish","format-standard","has-post-thumbnail","hentry","category-esportes","tag-brasil","resize-featured-image"],"yoast_head":"<!-- This site is optimized with the Yoast SEO plugin v27.4 - https:\/\/yoast.com\/product\/yoast-seo-wordpress\/ -->\n<title>Galv\u00e3o Bueno faz cr\u00edticas severas \u00e0 sele\u00e7\u00e3o brasileira ap\u00f3s vit\u00f3ria<\/title>\n<meta name=\"description\" content=\"Apesar da vit\u00f3ria por 2 a 1 contra o Chile na noite desta quinta-feira, 10, pela 9\u00aa rodada das Eliminat\u00f3rias da Copa do Mundo, Galv\u00e3o Bueno,\" \/>\n<meta name=\"robots\" content=\"index, follow, max-snippet:-1, max-image-preview:large, max-video-preview:-1\" \/>\n<link rel=\"canonical\" href=\"https:\/\/latamreports.com\/br\/galvao-bueno-faz-criticas-severas-a-selecao-brasileira-apos-vitoria-sobre-o-chile\/\" \/>\n<meta property=\"og:locale\" content=\"en_US\" \/>\n<meta property=\"og:type\" content=\"article\" \/>\n<meta property=\"og:title\" content=\"Galv\u00e3o Bueno faz cr\u00edticas severas \u00e0 sele\u00e7\u00e3o brasileira ap\u00f3s vit\u00f3ria\" \/>\n<meta property=\"og:description\" content=\"Apesar da vit\u00f3ria por 2 a 1 contra o Chile na noite desta quinta-feira, 10, pela 9\u00aa rodada das Eliminat\u00f3rias da Copa do Mundo, Galv\u00e3o Bueno,\" \/>\n<meta property=\"og:url\" content=\"https:\/\/latamreports.com\/br\/galvao-bueno-faz-criticas-severas-a-selecao-brasileira-apos-vitoria-sobre-o-chile\/\" \/>\n<meta property=\"og:site_name\" content=\"LatAm Reports\" \/>\n<meta property=\"article:publisher\" content=\"https:\/\/facebook.com\/latamreports\" \/>\n<meta property=\"article:published_time\" content=\"2024-10-11T21:20:18+00:00\" \/>\n<meta property=\"article:modified_time\" content=\"2024-10-11T21:20:19+00:00\" \/>\n<meta property=\"og:image\" content=\"https:\/\/latamreports.com\/br\/wp-content\/uploads\/Design-sem-nome-3-2.png\" \/>\n\t<meta property=\"og:image:width\" content=\"1200\" \/>\n\t<meta property=\"og:image:height\" content=\"630\" \/>\n\t<meta property=\"og:image:type\" content=\"image\/png\" \/>\n<meta name=\"author\" content=\"LatAm Reports Redatores da Equipe\" \/>\n<meta name=\"twitter:card\" content=\"summary_large_image\" \/>\n<meta name=\"twitter:creator\" content=\"@latamreports\" \/>\n<meta name=\"twitter:site\" content=\"@latamreports\" \/>\n<meta name=\"twitter:label1\" content=\"Written by\" \/>\n\t<meta name=\"twitter:data1\" content=\"LatAm Reports Redatores da Equipe\" \/>\n\t<meta name=\"twitter:label2\" content=\"Est. reading time\" \/>\n\t<meta name=\"twitter:data2\" content=\"2 minutes\" \/>\n<script type=\"application\/ld+json\" class=\"yoast-schema-graph\">{\"@context\":\"https:\\\/\\\/schema.org\",\"@graph\":[{\"@type\":\"Article\",\"@id\":\"https:\\\/\\\/latamreports.com\\\/br\\\/galvao-bueno-faz-criticas-severas-a-selecao-brasileira-apos-vitoria-sobre-o-chile\\\/#article\",\"isPartOf\":{\"@id\":\"https:\\\/\\\/latamreports.com\\\/br\\\/galvao-bueno-faz-criticas-severas-a-selecao-brasileira-apos-vitoria-sobre-o-chile\\\/\"},\"author\":{\"name\":\"LatAm Reports Redatores da Equipe\",\"@id\":\"https:\\\/\\\/latamreports.com\\\/br\\\/#\\\/schema\\\/person\\\/a561f2de7e5ccabfab38d239b39fdb70\"},\"headline\":\"Galv\u00e3o Bueno faz cr\u00edticas severas \u00e0 sele\u00e7\u00e3o brasileira ap\u00f3s vit\u00f3ria sobre o Chile\",\"datePublished\":\"2024-10-11T21:20:18+00:00\",\"dateModified\":\"2024-10-11T21:20:19+00:00\",\"mainEntityOfPage\":{\"@id\":\"https:\\\/\\\/latamreports.com\\\/br\\\/galvao-bueno-faz-criticas-severas-a-selecao-brasileira-apos-vitoria-sobre-o-chile\\\/\"},\"wordCount\":431,\"publisher\":{\"@id\":\"https:\\\/\\\/latamreports.com\\\/br\\\/#organization\"},\"image\":{\"@id\":\"https:\\\/\\\/latamreports.com\\\/br\\\/galvao-bueno-faz-criticas-severas-a-selecao-brasileira-apos-vitoria-sobre-o-chile\\\/#primaryimage\"},\"thumbnailUrl\":\"https:\\\/\\\/latamreports.com\\\/br\\\/wp-content\\\/uploads\\\/Design-sem-nome-3-2.png\",\"keywords\":[\"Brasil\"],\"articleSection\":[\"Esportes\"],\"inLanguage\":\"en-US\"},{\"@type\":\"WebPage\",\"@id\":\"https:\\\/\\\/latamreports.com\\\/br\\\/galvao-bueno-faz-criticas-severas-a-selecao-brasileira-apos-vitoria-sobre-o-chile\\\/\",\"url\":\"https:\\\/\\\/latamreports.com\\\/br\\\/galvao-bueno-faz-criticas-severas-a-selecao-brasileira-apos-vitoria-sobre-o-chile\\\/\",\"name\":\"Galv\u00e3o Bueno faz cr\u00edticas severas \u00e0 sele\u00e7\u00e3o brasileira ap\u00f3s vit\u00f3ria\",\"isPartOf\":{\"@id\":\"https:\\\/\\\/latamreports.com\\\/br\\\/#website\"},\"primaryImageOfPage\":{\"@id\":\"https:\\\/\\\/latamreports.com\\\/br\\\/galvao-bueno-faz-criticas-severas-a-selecao-brasileira-apos-vitoria-sobre-o-chile\\\/#primaryimage\"},\"image\":{\"@id\":\"https:\\\/\\\/latamreports.com\\\/br\\\/galvao-bueno-faz-criticas-severas-a-selecao-brasileira-apos-vitoria-sobre-o-chile\\\/#primaryimage\"},\"thumbnailUrl\":\"https:\\\/\\\/latamreports.com\\\/br\\\/wp-content\\\/uploads\\\/Design-sem-nome-3-2.png\",\"datePublished\":\"2024-10-11T21:20:18+00:00\",\"dateModified\":\"2024-10-11T21:20:19+00:00\",\"description\":\"Apesar da vit\u00f3ria por 2 a 1 contra o Chile na noite desta quinta-feira, 10, pela 9\u00aa rodada das Eliminat\u00f3rias da Copa do Mundo, Galv\u00e3o Bueno,\",\"breadcrumb\":{\"@id\":\"https:\\\/\\\/latamreports.com\\\/br\\\/galvao-bueno-faz-criticas-severas-a-selecao-brasileira-apos-vitoria-sobre-o-chile\\\/#breadcrumb\"},\"inLanguage\":\"en-US\",\"potentialAction\":[{\"@type\":\"ReadAction\",\"target\":[\"https:\\\/\\\/latamreports.com\\\/br\\\/galvao-bueno-faz-criticas-severas-a-selecao-brasileira-apos-vitoria-sobre-o-chile\\\/\"]}]},{\"@type\":\"ImageObject\",\"inLanguage\":\"en-US\",\"@id\":\"https:\\\/\\\/latamreports.com\\\/br\\\/galvao-bueno-faz-criticas-severas-a-selecao-brasileira-apos-vitoria-sobre-o-chile\\\/#primaryimage\",\"url\":\"https:\\\/\\\/latamreports.com\\\/br\\\/wp-content\\\/uploads\\\/Design-sem-nome-3-2.png\",\"contentUrl\":\"https:\\\/\\\/latamreports.com\\\/br\\\/wp-content\\\/uploads\\\/Design-sem-nome-3-2.png\",\"width\":1200,\"height\":630,\"caption\":\"Galv\u00e3o Bueno faz cr\u00edticas severas \u00e0 sele\u00e7\u00e3o brasileira ap\u00f3s vit\u00f3ria sobre o Chile\"},{\"@type\":\"BreadcrumbList\",\"@id\":\"https:\\\/\\\/latamreports.com\\\/br\\\/galvao-bueno-faz-criticas-severas-a-selecao-brasileira-apos-vitoria-sobre-o-chile\\\/#breadcrumb\",\"itemListElement\":[{\"@type\":\"ListItem\",\"position\":1,\"name\":\"Home\",\"item\":\"https:\\\/\\\/latamreports.com\\\/br\\\/\"},{\"@type\":\"ListItem\",\"position\":2,\"name\":\"Galv\u00e3o Bueno faz cr\u00edticas severas \u00e0 sele\u00e7\u00e3o brasileira ap\u00f3s vit\u00f3ria sobre o Chile\"}]},{\"@type\":\"WebSite\",\"@id\":\"https:\\\/\\\/latamreports.com\\\/br\\\/#website\",\"url\":\"https:\\\/\\\/latamreports.com\\\/br\\\/\",\"name\":\"LatAm Reports\",\"description\":\"Not\u00edcias e opini\u00f5es de todas as Am\u00e9ricas\",\"publisher\":{\"@id\":\"https:\\\/\\\/latamreports.com\\\/br\\\/#organization\"},\"potentialAction\":[{\"@type\":\"SearchAction\",\"target\":{\"@type\":\"EntryPoint\",\"urlTemplate\":\"https:\\\/\\\/latamreports.com\\\/br\\\/?s={search_term_string}\"},\"query-input\":{\"@type\":\"PropertyValueSpecification\",\"valueRequired\":true,\"valueName\":\"search_term_string\"}}],\"inLanguage\":\"en-US\"},{\"@type\":\"Organization\",\"@id\":\"https:\\\/\\\/latamreports.com\\\/br\\\/#organization\",\"name\":\"LatAm Reports\",\"url\":\"https:\\\/\\\/latamreports.com\\\/br\\\/\",\"logo\":{\"@type\":\"ImageObject\",\"inLanguage\":\"en-US\",\"@id\":\"https:\\\/\\\/latamreports.com\\\/br\\\/#\\\/schema\\\/logo\\\/image\\\/\",\"url\":\"https:\\\/\\\/latamreports.com\\\/br\\\/wp-content\\\/uploads\\\/cropped-PNG2.png\",\"contentUrl\":\"https:\\\/\\\/latamreports.com\\\/br\\\/wp-content\\\/uploads\\\/cropped-PNG2.png\",\"width\":2522,\"height\":1014,\"caption\":\"LatAm Reports\"},\"image\":{\"@id\":\"https:\\\/\\\/latamreports.com\\\/br\\\/#\\\/schema\\\/logo\\\/image\\\/\"},\"sameAs\":[\"https:\\\/\\\/facebook.com\\\/latamreports\",\"https:\\\/\\\/x.com\\\/latamreports\"]},{\"@type\":\"Person\",\"@id\":\"https:\\\/\\\/latamreports.com\\\/br\\\/#\\\/schema\\\/person\\\/a561f2de7e5ccabfab38d239b39fdb70\",\"name\":\"LatAm Reports Redatores da Equipe\",\"image\":{\"@type\":\"ImageObject\",\"inLanguage\":\"en-US\",\"@id\":\"https:\\\/\\\/secure.gravatar.com\\\/avatar\\\/dcdcc93cc5edddd2f3ef77245866172c7d7241a11ad58e1959aa824f2fae81f6?s=96&d=mm&r=g\",\"url\":\"https:\\\/\\\/secure.gravatar.com\\\/avatar\\\/dcdcc93cc5edddd2f3ef77245866172c7d7241a11ad58e1959aa824f2fae81f6?s=96&d=mm&r=g\",\"contentUrl\":\"https:\\\/\\\/secure.gravatar.com\\\/avatar\\\/dcdcc93cc5edddd2f3ef77245866172c7d7241a11ad58e1959aa824f2fae81f6?s=96&d=mm&r=g\",\"caption\":\"LatAm Reports Redatores da Equipe\"}}]}<\/script>\n<!-- \/ Yoast SEO plugin. -->","yoast_head_json":{"title":"Galv\u00e3o Bueno faz cr\u00edticas severas \u00e0 sele\u00e7\u00e3o brasileira ap\u00f3s vit\u00f3ria","description":"Apesar da vit\u00f3ria por 2 a 1 contra o Chile na noite desta quinta-feira, 10, pela 9\u00aa rodada das Eliminat\u00f3rias da Copa do Mundo, Galv\u00e3o Bueno,","robots":{"index":"index","follow":"follow","max-snippet":"max-snippet:-1","max-image-preview":"max-image-preview:large","max-video-preview":"max-video-preview:-1"},"canonical":"https:\/\/latamreports.com\/br\/galvao-bueno-faz-criticas-severas-a-selecao-brasileira-apos-vitoria-sobre-o-chile\/","og_locale":"en_US","og_type":"article","og_title":"Galv\u00e3o Bueno faz cr\u00edticas severas \u00e0 sele\u00e7\u00e3o brasileira ap\u00f3s vit\u00f3ria","og_description":"Apesar da vit\u00f3ria por 2 a 1 contra o Chile na noite desta quinta-feira, 10, pela 9\u00aa rodada das Eliminat\u00f3rias da Copa do Mundo, Galv\u00e3o Bueno,","og_url":"https:\/\/latamreports.com\/br\/galvao-bueno-faz-criticas-severas-a-selecao-brasileira-apos-vitoria-sobre-o-chile\/","og_site_name":"LatAm Reports","article_publisher":"https:\/\/facebook.com\/latamreports","article_published_time":"2024-10-11T21:20:18+00:00","article_modified_time":"2024-10-11T21:20:19+00:00","og_image":[{"width":1200,"height":630,"url":"https:\/\/latamreports.com\/br\/wp-content\/uploads\/Design-sem-nome-3-2.png","type":"image\/png"}],"author":"LatAm Reports Redatores da Equipe","twitter_card":"summary_large_image","twitter_creator":"@latamreports","twitter_site":"@latamreports","twitter_misc":{"Written by":"LatAm Reports Redatores da Equipe","Est. reading time":"2 minutes"},"schema":{"@context":"https:\/\/schema.org","@graph":[{"@type":"Article","@id":"https:\/\/latamreports.com\/br\/galvao-bueno-faz-criticas-severas-a-selecao-brasileira-apos-vitoria-sobre-o-chile\/#article","isPartOf":{"@id":"https:\/\/latamreports.com\/br\/galvao-bueno-faz-criticas-severas-a-selecao-brasileira-apos-vitoria-sobre-o-chile\/"},"author":{"name":"LatAm Reports Redatores da Equipe","@id":"https:\/\/latamreports.com\/br\/#\/schema\/person\/a561f2de7e5ccabfab38d239b39fdb70"},"headline":"Galv\u00e3o Bueno faz cr\u00edticas severas \u00e0 sele\u00e7\u00e3o brasileira ap\u00f3s vit\u00f3ria sobre o Chile","datePublished":"2024-10-11T21:20:18+00:00","dateModified":"2024-10-11T21:20:19+00:00","mainEntityOfPage":{"@id":"https:\/\/latamreports.com\/br\/galvao-bueno-faz-criticas-severas-a-selecao-brasileira-apos-vitoria-sobre-o-chile\/"},"wordCount":431,"publisher":{"@id":"https:\/\/latamreports.com\/br\/#organization"},"image":{"@id":"https:\/\/latamreports.com\/br\/galvao-bueno-faz-criticas-severas-a-selecao-brasileira-apos-vitoria-sobre-o-chile\/#primaryimage"},"thumbnailUrl":"https:\/\/latamreports.com\/br\/wp-content\/uploads\/Design-sem-nome-3-2.png","keywords":["Brasil"],"articleSection":["Esportes"],"inLanguage":"en-US"},{"@type":"WebPage","@id":"https:\/\/latamreports.com\/br\/galvao-bueno-faz-criticas-severas-a-selecao-brasileira-apos-vitoria-sobre-o-chile\/","url":"https:\/\/latamreports.com\/br\/galvao-bueno-faz-criticas-severas-a-selecao-brasileira-apos-vitoria-sobre-o-chile\/","name":"Galv\u00e3o Bueno faz cr\u00edticas severas \u00e0 sele\u00e7\u00e3o brasileira ap\u00f3s vit\u00f3ria","isPartOf":{"@id":"https:\/\/latamreports.com\/br\/#website"},"primaryImageOfPage":{"@id":"https:\/\/latamreports.com\/br\/galvao-bueno-faz-criticas-severas-a-selecao-brasileira-apos-vitoria-sobre-o-chile\/#primaryimage"},"image":{"@id":"https:\/\/latamreports.com\/br\/galvao-bueno-faz-criticas-severas-a-selecao-brasileira-apos-vitoria-sobre-o-chile\/#primaryimage"},"thumbnailUrl":"https:\/\/latamreports.com\/br\/wp-content\/uploads\/Design-sem-nome-3-2.png","datePublished":"2024-10-11T21:20:18+00:00","dateModified":"2024-10-11T21:20:19+00:00","description":"Apesar da vit\u00f3ria por 2 a 1 contra o Chile na noite desta quinta-feira, 10, pela 9\u00aa rodada das Eliminat\u00f3rias da Copa do Mundo, Galv\u00e3o Bueno,","breadcrumb":{"@id":"https:\/\/latamreports.com\/br\/galvao-bueno-faz-criticas-severas-a-selecao-brasileira-apos-vitoria-sobre-o-chile\/#breadcrumb"},"inLanguage":"en-US","potentialAction":[{"@type":"ReadAction","target":["https:\/\/latamreports.com\/br\/galvao-bueno-faz-criticas-severas-a-selecao-brasileira-apos-vitoria-sobre-o-chile\/"]}]},{"@type":"ImageObject","inLanguage":"en-US","@id":"https:\/\/latamreports.com\/br\/galvao-bueno-faz-criticas-severas-a-selecao-brasileira-apos-vitoria-sobre-o-chile\/#primaryimage","url":"https:\/\/latamreports.com\/br\/wp-content\/uploads\/Design-sem-nome-3-2.png","contentUrl":"https:\/\/latamreports.com\/br\/wp-content\/uploads\/Design-sem-nome-3-2.png","width":1200,"height":630,"caption":"Galv\u00e3o Bueno faz cr\u00edticas severas \u00e0 sele\u00e7\u00e3o brasileira ap\u00f3s vit\u00f3ria sobre o Chile"},{"@type":"BreadcrumbList","@id":"https:\/\/latamreports.com\/br\/galvao-bueno-faz-criticas-severas-a-selecao-brasileira-apos-vitoria-sobre-o-chile\/#breadcrumb","itemListElement":[{"@type":"ListItem","position":1,"name":"Home","item":"https:\/\/latamreports.com\/br\/"},{"@type":"ListItem","position":2,"name":"Galv\u00e3o Bueno faz cr\u00edticas severas \u00e0 sele\u00e7\u00e3o brasileira ap\u00f3s vit\u00f3ria sobre o Chile"}]},{"@type":"WebSite","@id":"https:\/\/latamreports.com\/br\/#website","url":"https:\/\/latamreports.com\/br\/","name":"LatAm Reports","description":"Not\u00edcias e opini\u00f5es de todas as Am\u00e9ricas","publisher":{"@id":"https:\/\/latamreports.com\/br\/#organization"},"potentialAction":[{"@type":"SearchAction","target":{"@type":"EntryPoint","urlTemplate":"https:\/\/latamreports.com\/br\/?s={search_term_string}"},"query-input":{"@type":"PropertyValueSpecification","valueRequired":true,"valueName":"search_term_string"}}],"inLanguage":"en-US"},{"@type":"Organization","@id":"https:\/\/latamreports.com\/br\/#organization","name":"LatAm Reports","url":"https:\/\/latamreports.com\/br\/","logo":{"@type":"ImageObject","inLanguage":"en-US","@id":"https:\/\/latamreports.com\/br\/#\/schema\/logo\/image\/","url":"https:\/\/latamreports.com\/br\/wp-content\/uploads\/cropped-PNG2.png","contentUrl":"https:\/\/latamreports.com\/br\/wp-content\/uploads\/cropped-PNG2.png","width":2522,"height":1014,"caption":"LatAm Reports"},"image":{"@id":"https:\/\/latamreports.com\/br\/#\/schema\/logo\/image\/"},"sameAs":["https:\/\/facebook.com\/latamreports","https:\/\/x.com\/latamreports"]},{"@type":"Person","@id":"https:\/\/latamreports.com\/br\/#\/schema\/person\/a561f2de7e5ccabfab38d239b39fdb70","name":"LatAm Reports Redatores da Equipe","image":{"@type":"ImageObject","inLanguage":"en-US","@id":"https:\/\/secure.gravatar.com\/avatar\/dcdcc93cc5edddd2f3ef77245866172c7d7241a11ad58e1959aa824f2fae81f6?s=96&d=mm&r=g","url":"https:\/\/secure.gravatar.com\/avatar\/dcdcc93cc5edddd2f3ef77245866172c7d7241a11ad58e1959aa824f2fae81f6?s=96&d=mm&r=g","contentUrl":"https:\/\/secure.gravatar.com\/avatar\/dcdcc93cc5edddd2f3ef77245866172c7d7241a11ad58e1959aa824f2fae81f6?s=96&d=mm&r=g","caption":"LatAm Reports Redatores da Equipe"}}]}},"jetpack_publicize_connections":[],"_links":{"self":[{"href":"https:\/\/latamreports.com\/br\/wp-json\/wp\/v2\/posts\/8346","targetHints":{"allow":["GET"]}}],"collection":[{"href":"https:\/\/latamreports.com\/br\/wp-json\/wp\/v2\/posts"}],"about":[{"href":"https:\/\/latamreports.com\/br\/wp-json\/wp\/v2\/types\/post"}],"author":[{"embeddable":true,"href":"https:\/\/latamreports.com\/br\/wp-json\/wp\/v2\/users\/7"}],"replies":[{"embeddable":true,"href":"https:\/\/latamreports.com\/br\/wp-json\/wp\/v2\/comments?post=8346"}],"version-history":[{"count":2,"href":"https:\/\/latamreports.com\/br\/wp-json\/wp\/v2\/posts\/8346\/revisions"}],"predecessor-version":[{"id":8349,"href":"https:\/\/latamreports.com\/br\/wp-json\/wp\/v2\/posts\/8346\/revisions\/8349"}],"wp:featuredmedia":[{"embeddable":true,"href":"https:\/\/latamreports.com\/br\/wp-json\/wp\/v2\/media\/8347"}],"wp:attachment":[{"href":"https:\/\/latamreports.com\/br\/wp-json\/wp\/v2\/media?parent=8346"}],"wp:term":[{"taxonomy":"category","embeddable":true,"href":"https:\/\/latamreports.com\/br\/wp-json\/wp\/v2\/categories?post=8346"},{"taxonomy":"post_tag","embeddable":true,"href":"https:\/\/latamreports.com\/br\/wp-json\/wp\/v2\/tags?post=8346"}],"curies":[{"name":"wp","href":"https:\/\/api.w.org\/{rel}","templated":true}]}}