{"id":8342,"date":"2024-10-11T21:16:47","date_gmt":"2024-10-11T21:16:47","guid":{"rendered":"https:\/\/latamreports.com\/br\/?p=8342"},"modified":"2024-10-11T21:16:47","modified_gmt":"2024-10-11T21:16:47","slug":"grupo-jf-assume-controle-da-amazonas-energia-em-meio-a-disputa-juridica","status":"publish","type":"post","link":"https:\/\/latamreports.com\/br\/grupo-jf-assume-controle-da-amazonas-energia-em-meio-a-disputa-juridica\/","title":{"rendered":"Grupo J&amp;F assume controle da Amazonas energia em meio a disputa jur\u00eddica"},"content":{"rendered":"\n<p>A \u00c2mbar Energia, pertencente ao grupo J&amp;F, assinou na quinta-feira, 11, o termo de transfer\u00eancia que lhe concede o controle da Amazonas Energia, distribuidora de energia el\u00e9trica no estado do Amazonas. O neg\u00f3cio foi concretizado no \u00faltimo dia de validade de uma medida provis\u00f3ria do governo, ap\u00f3s a Ag\u00eancia Nacional de Energia El\u00e9trica (Aneel) autorizar a transa\u00e7\u00e3o com base em uma<a href=\"https:\/\/latamreports.com\/br\/microagulhamento-o-que-e-e-como-funciona-a-tecnica-que-promete-melhorar-a-pele\/\"> ordem judicial.<\/a><\/p>\n\n\n\n<p>A assinatura do contrato ocorreu apesar de um impasse anterior, em que a \u00c2mbar Energia hesitava em prosseguir devido \u00e0 &#8220;inseguran\u00e7a jur\u00eddica&#8221;. Isso se deve ao fato de que o presidente da Aneel, Sandoval Feitosa, havia afirmado que o contrato poderia ser anulado caso a ordem <a href=\"https:\/\/latamreports.com\/br\/emendas-pix-reeleicao-de-prefeitos-alcanca-93-nos-municipios-mais-beneficiados\/\">judicial <\/a>fosse revertida.<\/p>\n\n\n\n<h3 class=\"wp-block-heading\">Seguran\u00e7a jur\u00eddica condicional<\/h3>\n\n\n\n<p>Em nota, a \u00c2mbar afirmou que o contrato foi assinado com cl\u00e1usulas que garantem seguran\u00e7a jur\u00eddica, condicionando a conclus\u00e3o do neg\u00f3cio \u00e0 perman\u00eancia da <a href=\"https:\/\/latamreports.com\/br\/servidora-e-presa-por-usar-dados-de-pais-de-alunos-para-emprestimos-e-apostas-online-diz-policia\/\">decis\u00e3o judicial <\/a>at\u00e9 31 de dezembro de 2024. Caso a ordem judicial seja mantida at\u00e9 essa data, a \u00c2mbar assumir\u00e1 oficialmente a Amazonas Energia, podendo ent\u00e3o focar na presta\u00e7\u00e3o de servi\u00e7os aos consumidores do estado.<\/p>\n\n\n\n<h2 class=\"wp-block-heading\">Disputa de valores e custo ao consumidor<\/h2>\n\n\n\n<p>O processo de transfer\u00eancia da Amazonas Energia envolve diverg\u00eancias sobre os custos da opera\u00e7\u00e3o. A Aneel havia aprovado um plano t\u00e9cnico com um custo de R$ 8 bilh\u00f5es, o que significaria menores repasses para as contas de luz dos consumidores. No entanto, a \u00c2mbar considera que essa proposta torna o neg\u00f3cio desvantajoso, j\u00e1 que teria que arcar com uma maior parte dos custos da opera\u00e7\u00e3o.<\/p>\n\n\n\n<p>A ju\u00edza Jaiza Maria Pinto Fraxe, por sua vez, emitiu uma decis\u00e3o a favor da \u00c2mbar, ordenando que o plano original fosse mantido, elevando os custos a R$ 14 bilh\u00f5es, com um impacto direto maior nas contas de luz. O despacho da Aneel foi publicado &#8220;sub judice&#8221;, ou seja, poder\u00e1 ser anulado caso a decis\u00e3o da ju\u00edza seja revertida.<\/p>\n\n\n\n<h2 class=\"wp-block-heading\">Impacto da medida provis\u00f3ria e flexibiliza\u00e7\u00e3o de custos<\/h2>\n\n\n\n<p>A negocia\u00e7\u00e3o foi pressionada pelo tempo, pois uma medida provis\u00f3ria publicada pelo governo Lula que flexibiliza custos da distribuidora, tornando o neg\u00f3cio mais atraente, perdeu validade no mesmo dia da assinatura do contrato. Com a MP, certos custos, como furtos de energia, sobrecontrata\u00e7\u00e3o involunt\u00e1ria e outras despesas regulat\u00f3rias, poderiam ser transferidos para a Conta de Consumo de Combust\u00edveis (CCC), pago pelos consumidores.<\/p>\n\n\n\n<p>Al\u00e9m disso, a medida provis\u00f3ria permitiu a transfer\u00eancia de contratos de seis usinas termel\u00e9tricas compradas pela \u00c2mbar para um regime de \u201creserva de energia\u201d. Isso reduz o risco de inadimpl\u00eancia para as usinas e a sobrecontrata\u00e7\u00e3o da Amazonas Energia, um movimento que alivia as finan\u00e7as da distribuidora, mas aumenta os custos repassados aos consumidores.<\/p>\n\n\n\n<h3 class=\"wp-block-heading\">Futuro incerto com Grupo J&amp;F<\/h3>\n\n\n\n<p>Embora a assinatura do contrato tenha sido realizada, o acordo est\u00e1 longe de estar completamente resolvido. O processo judicial segue ativo, com poss\u00edveis novas reviravoltas que podem impactar a estabilidade da transa\u00e7\u00e3o e os custos envolvidos.<\/p>\n","protected":false},"excerpt":{"rendered":"<p>A \u00c2mbar Energia, pertencente ao grupo J&amp;F, assinou na quinta-feira, 11, o termo de transfer\u00eancia que lhe concede o controle da Amazonas Energia, distribuidora de &#8230; <a title=\"Grupo J&amp;F assume controle da Amazonas energia em meio a disputa jur\u00eddica\" class=\"read-more\" href=\"https:\/\/latamreports.com\/br\/grupo-jf-assume-controle-da-amazonas-energia-em-meio-a-disputa-juridica\/\" aria-label=\"Read more about Grupo J&amp;F assume controle da Amazonas energia em meio a disputa jur\u00eddica\">Read more<\/a><\/p>\n","protected":false},"author":7,"featured_media":8343,"comment_status":"closed","ping_status":"closed","sticky":false,"template":"","format":"standard","meta":{"footnotes":"","jetpack_publicize_message":"","jetpack_publicize_feature_enabled":true,"jetpack_social_post_already_shared":false,"jetpack_social_options":{"image_generator_settings":{"template":"highway","default_image_id":0,"font":"","enabled":false},"version":2}},"categories":[2],"tags":[31],"class_list":["post-8342","post","type-post","status-publish","format-standard","has-post-thumbnail","hentry","category-negocios","tag-brasil","resize-featured-image"],"yoast_head":"<!-- This site is optimized with the Yoast SEO plugin v27.4 - https:\/\/yoast.com\/product\/yoast-seo-wordpress\/ -->\n<title>Grupo J&amp;F assume controle da Amazonas energia<\/title>\n<meta name=\"description\" content=\"A \u00c2mbar Energia, pertencente ao grupo J&amp;F, assinou na quinta-feira, 11, o termo de transfer\u00eancia que lhe concede o controle da Amazonas\" \/>\n<meta name=\"robots\" content=\"index, follow, max-snippet:-1, max-image-preview:large, max-video-preview:-1\" \/>\n<link rel=\"canonical\" href=\"https:\/\/latamreports.com\/br\/grupo-jf-assume-controle-da-amazonas-energia-em-meio-a-disputa-juridica\/\" \/>\n<meta property=\"og:locale\" content=\"en_US\" \/>\n<meta property=\"og:type\" content=\"article\" \/>\n<meta property=\"og:title\" content=\"Grupo J&amp;F assume controle da Amazonas energia\" \/>\n<meta property=\"og:description\" content=\"A \u00c2mbar Energia, pertencente ao grupo J&amp;F, assinou na quinta-feira, 11, o termo de transfer\u00eancia que lhe concede o controle da Amazonas\" \/>\n<meta property=\"og:url\" content=\"https:\/\/latamreports.com\/br\/grupo-jf-assume-controle-da-amazonas-energia-em-meio-a-disputa-juridica\/\" \/>\n<meta property=\"og:site_name\" content=\"LatAm Reports\" \/>\n<meta property=\"article:publisher\" content=\"https:\/\/facebook.com\/latamreports\" \/>\n<meta property=\"article:published_time\" content=\"2024-10-11T21:16:47+00:00\" \/>\n<meta property=\"og:image\" content=\"https:\/\/latamreports.com\/br\/wp-content\/uploads\/Design-sem-nome-5-3.png\" \/>\n\t<meta property=\"og:image:width\" content=\"1200\" \/>\n\t<meta property=\"og:image:height\" content=\"630\" \/>\n\t<meta property=\"og:image:type\" content=\"image\/png\" \/>\n<meta name=\"author\" content=\"LatAm Reports Redatores da Equipe\" \/>\n<meta name=\"twitter:card\" content=\"summary_large_image\" \/>\n<meta name=\"twitter:creator\" content=\"@latamreports\" \/>\n<meta name=\"twitter:site\" content=\"@latamreports\" \/>\n<meta name=\"twitter:label1\" content=\"Written by\" \/>\n\t<meta name=\"twitter:data1\" content=\"LatAm Reports Redatores da Equipe\" \/>\n\t<meta name=\"twitter:label2\" content=\"Est. reading time\" \/>\n\t<meta name=\"twitter:data2\" content=\"3 minutes\" \/>\n<script type=\"application\/ld+json\" class=\"yoast-schema-graph\">{\"@context\":\"https:\\\/\\\/schema.org\",\"@graph\":[{\"@type\":\"Article\",\"@id\":\"https:\\\/\\\/latamreports.com\\\/br\\\/grupo-jf-assume-controle-da-amazonas-energia-em-meio-a-disputa-juridica\\\/#article\",\"isPartOf\":{\"@id\":\"https:\\\/\\\/latamreports.com\\\/br\\\/grupo-jf-assume-controle-da-amazonas-energia-em-meio-a-disputa-juridica\\\/\"},\"author\":{\"name\":\"LatAm Reports Redatores da Equipe\",\"@id\":\"https:\\\/\\\/latamreports.com\\\/br\\\/#\\\/schema\\\/person\\\/a561f2de7e5ccabfab38d239b39fdb70\"},\"headline\":\"Grupo J&amp;F assume controle da Amazonas energia em meio a disputa jur\u00eddica\",\"datePublished\":\"2024-10-11T21:16:47+00:00\",\"mainEntityOfPage\":{\"@id\":\"https:\\\/\\\/latamreports.com\\\/br\\\/grupo-jf-assume-controle-da-amazonas-energia-em-meio-a-disputa-juridica\\\/\"},\"wordCount\":534,\"publisher\":{\"@id\":\"https:\\\/\\\/latamreports.com\\\/br\\\/#organization\"},\"image\":{\"@id\":\"https:\\\/\\\/latamreports.com\\\/br\\\/grupo-jf-assume-controle-da-amazonas-energia-em-meio-a-disputa-juridica\\\/#primaryimage\"},\"thumbnailUrl\":\"https:\\\/\\\/latamreports.com\\\/br\\\/wp-content\\\/uploads\\\/Design-sem-nome-5-3.png\",\"keywords\":[\"Brasil\"],\"articleSection\":[\"Neg\u00f3cios\"],\"inLanguage\":\"en-US\"},{\"@type\":\"WebPage\",\"@id\":\"https:\\\/\\\/latamreports.com\\\/br\\\/grupo-jf-assume-controle-da-amazonas-energia-em-meio-a-disputa-juridica\\\/\",\"url\":\"https:\\\/\\\/latamreports.com\\\/br\\\/grupo-jf-assume-controle-da-amazonas-energia-em-meio-a-disputa-juridica\\\/\",\"name\":\"Grupo J&F assume controle da Amazonas energia\",\"isPartOf\":{\"@id\":\"https:\\\/\\\/latamreports.com\\\/br\\\/#website\"},\"primaryImageOfPage\":{\"@id\":\"https:\\\/\\\/latamreports.com\\\/br\\\/grupo-jf-assume-controle-da-amazonas-energia-em-meio-a-disputa-juridica\\\/#primaryimage\"},\"image\":{\"@id\":\"https:\\\/\\\/latamreports.com\\\/br\\\/grupo-jf-assume-controle-da-amazonas-energia-em-meio-a-disputa-juridica\\\/#primaryimage\"},\"thumbnailUrl\":\"https:\\\/\\\/latamreports.com\\\/br\\\/wp-content\\\/uploads\\\/Design-sem-nome-5-3.png\",\"datePublished\":\"2024-10-11T21:16:47+00:00\",\"description\":\"A \u00c2mbar Energia, pertencente ao grupo J&F, assinou na quinta-feira, 11, o termo de transfer\u00eancia que lhe concede o controle da Amazonas\",\"breadcrumb\":{\"@id\":\"https:\\\/\\\/latamreports.com\\\/br\\\/grupo-jf-assume-controle-da-amazonas-energia-em-meio-a-disputa-juridica\\\/#breadcrumb\"},\"inLanguage\":\"en-US\",\"potentialAction\":[{\"@type\":\"ReadAction\",\"target\":[\"https:\\\/\\\/latamreports.com\\\/br\\\/grupo-jf-assume-controle-da-amazonas-energia-em-meio-a-disputa-juridica\\\/\"]}]},{\"@type\":\"ImageObject\",\"inLanguage\":\"en-US\",\"@id\":\"https:\\\/\\\/latamreports.com\\\/br\\\/grupo-jf-assume-controle-da-amazonas-energia-em-meio-a-disputa-juridica\\\/#primaryimage\",\"url\":\"https:\\\/\\\/latamreports.com\\\/br\\\/wp-content\\\/uploads\\\/Design-sem-nome-5-3.png\",\"contentUrl\":\"https:\\\/\\\/latamreports.com\\\/br\\\/wp-content\\\/uploads\\\/Design-sem-nome-5-3.png\",\"width\":1200,\"height\":630,\"caption\":\"Grupo J&F assume controle da Amazonas energia em meio a disputa jur\u00eddica\"},{\"@type\":\"BreadcrumbList\",\"@id\":\"https:\\\/\\\/latamreports.com\\\/br\\\/grupo-jf-assume-controle-da-amazonas-energia-em-meio-a-disputa-juridica\\\/#breadcrumb\",\"itemListElement\":[{\"@type\":\"ListItem\",\"position\":1,\"name\":\"Home\",\"item\":\"https:\\\/\\\/latamreports.com\\\/br\\\/\"},{\"@type\":\"ListItem\",\"position\":2,\"name\":\"Grupo J&amp;F assume controle da Amazonas energia em meio a disputa jur\u00eddica\"}]},{\"@type\":\"WebSite\",\"@id\":\"https:\\\/\\\/latamreports.com\\\/br\\\/#website\",\"url\":\"https:\\\/\\\/latamreports.com\\\/br\\\/\",\"name\":\"LatAm Reports\",\"description\":\"Not\u00edcias e opini\u00f5es de todas as Am\u00e9ricas\",\"publisher\":{\"@id\":\"https:\\\/\\\/latamreports.com\\\/br\\\/#organization\"},\"potentialAction\":[{\"@type\":\"SearchAction\",\"target\":{\"@type\":\"EntryPoint\",\"urlTemplate\":\"https:\\\/\\\/latamreports.com\\\/br\\\/?s={search_term_string}\"},\"query-input\":{\"@type\":\"PropertyValueSpecification\",\"valueRequired\":true,\"valueName\":\"search_term_string\"}}],\"inLanguage\":\"en-US\"},{\"@type\":\"Organization\",\"@id\":\"https:\\\/\\\/latamreports.com\\\/br\\\/#organization\",\"name\":\"LatAm Reports\",\"url\":\"https:\\\/\\\/latamreports.com\\\/br\\\/\",\"logo\":{\"@type\":\"ImageObject\",\"inLanguage\":\"en-US\",\"@id\":\"https:\\\/\\\/latamreports.com\\\/br\\\/#\\\/schema\\\/logo\\\/image\\\/\",\"url\":\"https:\\\/\\\/latamreports.com\\\/br\\\/wp-content\\\/uploads\\\/cropped-PNG2.png\",\"contentUrl\":\"https:\\\/\\\/latamreports.com\\\/br\\\/wp-content\\\/uploads\\\/cropped-PNG2.png\",\"width\":2522,\"height\":1014,\"caption\":\"LatAm Reports\"},\"image\":{\"@id\":\"https:\\\/\\\/latamreports.com\\\/br\\\/#\\\/schema\\\/logo\\\/image\\\/\"},\"sameAs\":[\"https:\\\/\\\/facebook.com\\\/latamreports\",\"https:\\\/\\\/x.com\\\/latamreports\"]},{\"@type\":\"Person\",\"@id\":\"https:\\\/\\\/latamreports.com\\\/br\\\/#\\\/schema\\\/person\\\/a561f2de7e5ccabfab38d239b39fdb70\",\"name\":\"LatAm Reports Redatores da Equipe\",\"image\":{\"@type\":\"ImageObject\",\"inLanguage\":\"en-US\",\"@id\":\"https:\\\/\\\/secure.gravatar.com\\\/avatar\\\/dcdcc93cc5edddd2f3ef77245866172c7d7241a11ad58e1959aa824f2fae81f6?s=96&d=mm&r=g\",\"url\":\"https:\\\/\\\/secure.gravatar.com\\\/avatar\\\/dcdcc93cc5edddd2f3ef77245866172c7d7241a11ad58e1959aa824f2fae81f6?s=96&d=mm&r=g\",\"contentUrl\":\"https:\\\/\\\/secure.gravatar.com\\\/avatar\\\/dcdcc93cc5edddd2f3ef77245866172c7d7241a11ad58e1959aa824f2fae81f6?s=96&d=mm&r=g\",\"caption\":\"LatAm Reports Redatores da Equipe\"}}]}<\/script>\n<!-- \/ Yoast SEO plugin. -->","yoast_head_json":{"title":"Grupo J&F assume controle da Amazonas energia","description":"A \u00c2mbar Energia, pertencente ao grupo J&F, assinou na quinta-feira, 11, o termo de transfer\u00eancia que lhe concede o controle da Amazonas","robots":{"index":"index","follow":"follow","max-snippet":"max-snippet:-1","max-image-preview":"max-image-preview:large","max-video-preview":"max-video-preview:-1"},"canonical":"https:\/\/latamreports.com\/br\/grupo-jf-assume-controle-da-amazonas-energia-em-meio-a-disputa-juridica\/","og_locale":"en_US","og_type":"article","og_title":"Grupo J&F assume controle da Amazonas energia","og_description":"A \u00c2mbar Energia, pertencente ao grupo J&F, assinou na quinta-feira, 11, o termo de transfer\u00eancia que lhe concede o controle da Amazonas","og_url":"https:\/\/latamreports.com\/br\/grupo-jf-assume-controle-da-amazonas-energia-em-meio-a-disputa-juridica\/","og_site_name":"LatAm Reports","article_publisher":"https:\/\/facebook.com\/latamreports","article_published_time":"2024-10-11T21:16:47+00:00","og_image":[{"width":1200,"height":630,"url":"https:\/\/latamreports.com\/br\/wp-content\/uploads\/Design-sem-nome-5-3.png","type":"image\/png"}],"author":"LatAm Reports Redatores da Equipe","twitter_card":"summary_large_image","twitter_creator":"@latamreports","twitter_site":"@latamreports","twitter_misc":{"Written by":"LatAm Reports Redatores da Equipe","Est. reading time":"3 minutes"},"schema":{"@context":"https:\/\/schema.org","@graph":[{"@type":"Article","@id":"https:\/\/latamreports.com\/br\/grupo-jf-assume-controle-da-amazonas-energia-em-meio-a-disputa-juridica\/#article","isPartOf":{"@id":"https:\/\/latamreports.com\/br\/grupo-jf-assume-controle-da-amazonas-energia-em-meio-a-disputa-juridica\/"},"author":{"name":"LatAm Reports Redatores da Equipe","@id":"https:\/\/latamreports.com\/br\/#\/schema\/person\/a561f2de7e5ccabfab38d239b39fdb70"},"headline":"Grupo J&amp;F assume controle da Amazonas energia em meio a disputa jur\u00eddica","datePublished":"2024-10-11T21:16:47+00:00","mainEntityOfPage":{"@id":"https:\/\/latamreports.com\/br\/grupo-jf-assume-controle-da-amazonas-energia-em-meio-a-disputa-juridica\/"},"wordCount":534,"publisher":{"@id":"https:\/\/latamreports.com\/br\/#organization"},"image":{"@id":"https:\/\/latamreports.com\/br\/grupo-jf-assume-controle-da-amazonas-energia-em-meio-a-disputa-juridica\/#primaryimage"},"thumbnailUrl":"https:\/\/latamreports.com\/br\/wp-content\/uploads\/Design-sem-nome-5-3.png","keywords":["Brasil"],"articleSection":["Neg\u00f3cios"],"inLanguage":"en-US"},{"@type":"WebPage","@id":"https:\/\/latamreports.com\/br\/grupo-jf-assume-controle-da-amazonas-energia-em-meio-a-disputa-juridica\/","url":"https:\/\/latamreports.com\/br\/grupo-jf-assume-controle-da-amazonas-energia-em-meio-a-disputa-juridica\/","name":"Grupo J&F assume controle da Amazonas energia","isPartOf":{"@id":"https:\/\/latamreports.com\/br\/#website"},"primaryImageOfPage":{"@id":"https:\/\/latamreports.com\/br\/grupo-jf-assume-controle-da-amazonas-energia-em-meio-a-disputa-juridica\/#primaryimage"},"image":{"@id":"https:\/\/latamreports.com\/br\/grupo-jf-assume-controle-da-amazonas-energia-em-meio-a-disputa-juridica\/#primaryimage"},"thumbnailUrl":"https:\/\/latamreports.com\/br\/wp-content\/uploads\/Design-sem-nome-5-3.png","datePublished":"2024-10-11T21:16:47+00:00","description":"A \u00c2mbar Energia, pertencente ao grupo J&F, assinou na quinta-feira, 11, o termo de transfer\u00eancia que lhe concede o controle da Amazonas","breadcrumb":{"@id":"https:\/\/latamreports.com\/br\/grupo-jf-assume-controle-da-amazonas-energia-em-meio-a-disputa-juridica\/#breadcrumb"},"inLanguage":"en-US","potentialAction":[{"@type":"ReadAction","target":["https:\/\/latamreports.com\/br\/grupo-jf-assume-controle-da-amazonas-energia-em-meio-a-disputa-juridica\/"]}]},{"@type":"ImageObject","inLanguage":"en-US","@id":"https:\/\/latamreports.com\/br\/grupo-jf-assume-controle-da-amazonas-energia-em-meio-a-disputa-juridica\/#primaryimage","url":"https:\/\/latamreports.com\/br\/wp-content\/uploads\/Design-sem-nome-5-3.png","contentUrl":"https:\/\/latamreports.com\/br\/wp-content\/uploads\/Design-sem-nome-5-3.png","width":1200,"height":630,"caption":"Grupo J&F assume controle da Amazonas energia em meio a disputa jur\u00eddica"},{"@type":"BreadcrumbList","@id":"https:\/\/latamreports.com\/br\/grupo-jf-assume-controle-da-amazonas-energia-em-meio-a-disputa-juridica\/#breadcrumb","itemListElement":[{"@type":"ListItem","position":1,"name":"Home","item":"https:\/\/latamreports.com\/br\/"},{"@type":"ListItem","position":2,"name":"Grupo J&amp;F assume controle da Amazonas energia em meio a disputa jur\u00eddica"}]},{"@type":"WebSite","@id":"https:\/\/latamreports.com\/br\/#website","url":"https:\/\/latamreports.com\/br\/","name":"LatAm Reports","description":"Not\u00edcias e opini\u00f5es de todas as Am\u00e9ricas","publisher":{"@id":"https:\/\/latamreports.com\/br\/#organization"},"potentialAction":[{"@type":"SearchAction","target":{"@type":"EntryPoint","urlTemplate":"https:\/\/latamreports.com\/br\/?s={search_term_string}"},"query-input":{"@type":"PropertyValueSpecification","valueRequired":true,"valueName":"search_term_string"}}],"inLanguage":"en-US"},{"@type":"Organization","@id":"https:\/\/latamreports.com\/br\/#organization","name":"LatAm Reports","url":"https:\/\/latamreports.com\/br\/","logo":{"@type":"ImageObject","inLanguage":"en-US","@id":"https:\/\/latamreports.com\/br\/#\/schema\/logo\/image\/","url":"https:\/\/latamreports.com\/br\/wp-content\/uploads\/cropped-PNG2.png","contentUrl":"https:\/\/latamreports.com\/br\/wp-content\/uploads\/cropped-PNG2.png","width":2522,"height":1014,"caption":"LatAm Reports"},"image":{"@id":"https:\/\/latamreports.com\/br\/#\/schema\/logo\/image\/"},"sameAs":["https:\/\/facebook.com\/latamreports","https:\/\/x.com\/latamreports"]},{"@type":"Person","@id":"https:\/\/latamreports.com\/br\/#\/schema\/person\/a561f2de7e5ccabfab38d239b39fdb70","name":"LatAm Reports Redatores da Equipe","image":{"@type":"ImageObject","inLanguage":"en-US","@id":"https:\/\/secure.gravatar.com\/avatar\/dcdcc93cc5edddd2f3ef77245866172c7d7241a11ad58e1959aa824f2fae81f6?s=96&d=mm&r=g","url":"https:\/\/secure.gravatar.com\/avatar\/dcdcc93cc5edddd2f3ef77245866172c7d7241a11ad58e1959aa824f2fae81f6?s=96&d=mm&r=g","contentUrl":"https:\/\/secure.gravatar.com\/avatar\/dcdcc93cc5edddd2f3ef77245866172c7d7241a11ad58e1959aa824f2fae81f6?s=96&d=mm&r=g","caption":"LatAm Reports Redatores da Equipe"}}]}},"jetpack_publicize_connections":[],"_links":{"self":[{"href":"https:\/\/latamreports.com\/br\/wp-json\/wp\/v2\/posts\/8342","targetHints":{"allow":["GET"]}}],"collection":[{"href":"https:\/\/latamreports.com\/br\/wp-json\/wp\/v2\/posts"}],"about":[{"href":"https:\/\/latamreports.com\/br\/wp-json\/wp\/v2\/types\/post"}],"author":[{"embeddable":true,"href":"https:\/\/latamreports.com\/br\/wp-json\/wp\/v2\/users\/7"}],"replies":[{"embeddable":true,"href":"https:\/\/latamreports.com\/br\/wp-json\/wp\/v2\/comments?post=8342"}],"version-history":[{"count":1,"href":"https:\/\/latamreports.com\/br\/wp-json\/wp\/v2\/posts\/8342\/revisions"}],"predecessor-version":[{"id":8344,"href":"https:\/\/latamreports.com\/br\/wp-json\/wp\/v2\/posts\/8342\/revisions\/8344"}],"wp:featuredmedia":[{"embeddable":true,"href":"https:\/\/latamreports.com\/br\/wp-json\/wp\/v2\/media\/8343"}],"wp:attachment":[{"href":"https:\/\/latamreports.com\/br\/wp-json\/wp\/v2\/media?parent=8342"}],"wp:term":[{"taxonomy":"category","embeddable":true,"href":"https:\/\/latamreports.com\/br\/wp-json\/wp\/v2\/categories?post=8342"},{"taxonomy":"post_tag","embeddable":true,"href":"https:\/\/latamreports.com\/br\/wp-json\/wp\/v2\/tags?post=8342"}],"curies":[{"name":"wp","href":"https:\/\/api.w.org\/{rel}","templated":true}]}}