{"id":8338,"date":"2024-10-11T21:12:51","date_gmt":"2024-10-11T21:12:51","guid":{"rendered":"https:\/\/latamreports.com\/br\/?p=8338"},"modified":"2024-10-11T21:20:37","modified_gmt":"2024-10-11T21:20:37","slug":"brasil-enfrenta-bloqueio-argentino-para-indicacao-de-cargo-no-focem","status":"publish","type":"post","link":"https:\/\/latamreports.com\/br\/brasil-enfrenta-bloqueio-argentino-para-indicacao-de-cargo-no-focem\/","title":{"rendered":"Brasil enfrenta bloqueio argentino para indica\u00e7\u00e3o de cargo no Focem"},"content":{"rendered":"\n<p>O governo argentino, liderado por <a href=\"https:\/\/latamreports.com\/br\/economia-argentina-sob-pressao-nove-meses-de-milei-no-poder\/\">Javier Milei<\/a>, est\u00e1 bloqueando h\u00e1 quase cinco meses a indica\u00e7\u00e3o de um brasileiro para ocupar um cargo executivo no Focem (Fundo de Redu\u00e7\u00e3o de Assimetrias do Mercosul), gerando tens\u00e3o no bloco formado por Brasil, Argentina, Paraguai, Uruguai e Bol\u00edvia.<\/p>\n\n\n\n<p>O Focem, criado em 2004, tem como objetivo receber US$ 100 milh\u00f5es por ano para financiar projetos de infraestrutura, especialmente em \u00e1reas de fronteira. O Brasil \u00e9 o principal financiador do fundo, contribuindo com 70% dos recursos, enquanto a Argentina contribui com 27%. Apesar disso, Paraguai e Uruguai s\u00e3o os maiores benefici\u00e1rios, recebendo, respectivamente, 48% e 32% dos recursos.<\/p>\n\n\n\n<p>A situa\u00e7\u00e3o come\u00e7ou em maio deste ano, quando o governo Lula indicou o economista Luciano Wexell Severo, funcion\u00e1rio do Minist\u00e9rio do Planejamento, para o cargo de coordenador-executivo da Unidade T\u00e9cnica do Focem. Esse papel \u00e9 respons\u00e1vel por avaliar e acompanhar a execu\u00e7\u00e3o de projetos financiados pelo fundo. Embora Uruguai e Paraguai tenham apoiado a indica\u00e7\u00e3o rapidamente, a Argentina vem bloqueando a nomea\u00e7\u00e3o desde ent\u00e3o.<\/p>\n\n\n\n<h2 class=\"wp-block-heading\">Justificativas e tens\u00e3o diplom\u00e1tica<\/h2>\n\n\n\n<p>Na \u00faltima reuni\u00e3o do Conselho de Administra\u00e7\u00e3o do Focem, a Argentina argumentou que o cargo de coordenador-executivo est\u00e1 vago desde 2007 e que outras tentativas de preench\u00ea-lo n\u00e3o foram bem-sucedidas. Desde ent\u00e3o, o pa\u00eds tem repetido os mesmos argumentos, apesar da press\u00e3o brasileira.<\/p>\n\n\n\n<p>A indica\u00e7\u00e3o de Severo \u00e9 importante para o <a href=\"https:\/\/latamreports.com\/br\/argentinos-retiram-dolares-do-colchao-com-novo-incentivo-tributario-de-milei\/\">Brasil<\/a>, principalmente ap\u00f3s a quita\u00e7\u00e3o de uma d\u00edvida de US$ 99 milh\u00f5es com o fundo, o que permite ao pa\u00eds utilizar cerca de US$ 70 milh\u00f5es em projetos dentro de seu territ\u00f3rio. Esses projetos, no entanto, devem ser executados em uma faixa de 150 quil\u00f4metros da fronteira para beneficiar pa\u00edses vizinhos. Com a nomea\u00e7\u00e3o, o governo Lula espera que Severo possa supervisionar diretamente a implementa\u00e7\u00e3o desses projetos.<\/p>\n\n\n\n<h3 class=\"wp-block-heading\">Ceticismo de Milei e rela\u00e7\u00e3o com o Mercosul<\/h3>\n\n\n\n<p>Javier Milei, presidente da Argentina, expressa ceticismo em rela\u00e7\u00e3o ao Mercosul. Durante sua campanha, chegou a prometer que retiraria a Argentina do bloco, mas a ideia nunca foi concretizada. No entanto, seu governo demonstra desinteresse em priorizar o fortalecimento do Mercosul. Recentemente, Milei faltou \u00e0 c\u00fapula do bloco em Assun\u00e7\u00e3o, no Paraguai, preferindo participar de um evento em Santa Catarina ao lado do ex-presidente brasileiro Jair Bolsonaro.<\/p>\n\n\n\n<p>A situa\u00e7\u00e3o gera inc\u00f4modo no governo brasileiro, que tem investido fortemente no Mercosul e na quita\u00e7\u00e3o de d\u00edvidas com o Focem. A posi\u00e7\u00e3o argentina em rela\u00e7\u00e3o \u00e0 nomea\u00e7\u00e3o de Severo cria um impasse diplom\u00e1tico e impede o avan\u00e7o de projetos estrat\u00e9gicos para a integra\u00e7\u00e3o regional.<\/p>\n\n\n\n<h2 class=\"wp-block-heading\">Futuro do Focem e impacto regional<\/h2>\n\n\n\n<p>O bloqueio da Argentina levanta d\u00favidas sobre o futuro do Focem e o papel do Mercosul na promo\u00e7\u00e3o da coopera\u00e7\u00e3o regional. Enquanto o Brasil busca maior protagonismo nos projetos de infraestrutura, a postura do governo Milei amea\u00e7a a din\u00e2mica de colabora\u00e7\u00e3o entre os pa\u00edses membros. O desfecho do impasse depender\u00e1 das negocia\u00e7\u00f5es diplom\u00e1ticas em andamento, com a expectativa de que a decis\u00e3o possa ser revertida antes do final do ano.<\/p>\n\n\n\n<p>Com o impasse, as rela\u00e7\u00f5es entre Brasil e Argentina no \u00e2mbito do Mercosul continuam tensas, e o futuro da coopera\u00e7\u00e3o regional permanece incerto.<\/p>\n","protected":false},"excerpt":{"rendered":"<p>O governo argentino, liderado por Javier Milei, est\u00e1 bloqueando h\u00e1 quase cinco meses a indica\u00e7\u00e3o de um brasileiro para ocupar um cargo executivo no Focem &#8230; <a title=\"Brasil enfrenta bloqueio argentino para indica\u00e7\u00e3o de cargo no Focem\" class=\"read-more\" href=\"https:\/\/latamreports.com\/br\/brasil-enfrenta-bloqueio-argentino-para-indicacao-de-cargo-no-focem\/\" aria-label=\"Read more about Brasil enfrenta bloqueio argentino para indica\u00e7\u00e3o de cargo no Focem\">Read more<\/a><\/p>\n","protected":false},"author":7,"featured_media":8339,"comment_status":"closed","ping_status":"closed","sticky":false,"template":"","format":"standard","meta":{"footnotes":"","jetpack_publicize_message":"","jetpack_publicize_feature_enabled":true,"jetpack_social_post_already_shared":false,"jetpack_social_options":{"image_generator_settings":{"template":"highway","default_image_id":0,"font":"","enabled":false},"version":2}},"categories":[13],"tags":[25,31],"class_list":["post-8338","post","type-post","status-publish","format-standard","has-post-thumbnail","hentry","category-politica","tag-argentina","tag-brasil","resize-featured-image"],"yoast_head":"<!-- This site is optimized with the Yoast SEO plugin v27.4 - https:\/\/yoast.com\/product\/yoast-seo-wordpress\/ -->\n<title>Brasil enfrenta bloqueio argentino para indica\u00e7\u00e3o no Focem<\/title>\n<meta name=\"description\" content=\"O governo argentino, liderado por Javier Milei, est\u00e1 bloqueando h\u00e1 quase 5 meses a indica\u00e7\u00e3o de um brasileiro para ocupar um cargo no Focem\" \/>\n<meta name=\"robots\" content=\"index, follow, max-snippet:-1, max-image-preview:large, max-video-preview:-1\" \/>\n<link rel=\"canonical\" href=\"https:\/\/latamreports.com\/br\/brasil-enfrenta-bloqueio-argentino-para-indicacao-de-cargo-no-focem\/\" \/>\n<meta property=\"og:locale\" content=\"en_US\" \/>\n<meta property=\"og:type\" content=\"article\" \/>\n<meta property=\"og:title\" content=\"Brasil enfrenta bloqueio argentino para indica\u00e7\u00e3o no Focem\" \/>\n<meta property=\"og:description\" content=\"O governo argentino, liderado por Javier Milei, est\u00e1 bloqueando h\u00e1 quase 5 meses a indica\u00e7\u00e3o de um brasileiro para ocupar um cargo no Focem\" \/>\n<meta property=\"og:url\" content=\"https:\/\/latamreports.com\/br\/brasil-enfrenta-bloqueio-argentino-para-indicacao-de-cargo-no-focem\/\" \/>\n<meta property=\"og:site_name\" content=\"LatAm Reports\" \/>\n<meta property=\"article:publisher\" content=\"https:\/\/facebook.com\/latamreports\" \/>\n<meta property=\"article:published_time\" content=\"2024-10-11T21:12:51+00:00\" \/>\n<meta property=\"article:modified_time\" content=\"2024-10-11T21:20:37+00:00\" \/>\n<meta property=\"og:image\" content=\"https:\/\/latamreports.com\/br\/wp-content\/uploads\/Design-sem-nome-6-2.png\" \/>\n\t<meta property=\"og:image:width\" content=\"1200\" \/>\n\t<meta property=\"og:image:height\" content=\"630\" \/>\n\t<meta property=\"og:image:type\" content=\"image\/png\" \/>\n<meta name=\"author\" content=\"LatAm Reports Redatores da Equipe\" \/>\n<meta name=\"twitter:card\" content=\"summary_large_image\" \/>\n<meta name=\"twitter:creator\" content=\"@latamreports\" \/>\n<meta name=\"twitter:site\" content=\"@latamreports\" \/>\n<meta name=\"twitter:label1\" content=\"Written by\" \/>\n\t<meta name=\"twitter:data1\" content=\"LatAm Reports Redatores da Equipe\" \/>\n\t<meta name=\"twitter:label2\" content=\"Est. reading time\" \/>\n\t<meta name=\"twitter:data2\" content=\"3 minutes\" \/>\n<script type=\"application\/ld+json\" class=\"yoast-schema-graph\">{\"@context\":\"https:\\\/\\\/schema.org\",\"@graph\":[{\"@type\":\"Article\",\"@id\":\"https:\\\/\\\/latamreports.com\\\/br\\\/brasil-enfrenta-bloqueio-argentino-para-indicacao-de-cargo-no-focem\\\/#article\",\"isPartOf\":{\"@id\":\"https:\\\/\\\/latamreports.com\\\/br\\\/brasil-enfrenta-bloqueio-argentino-para-indicacao-de-cargo-no-focem\\\/\"},\"author\":{\"name\":\"LatAm Reports Redatores da Equipe\",\"@id\":\"https:\\\/\\\/latamreports.com\\\/br\\\/#\\\/schema\\\/person\\\/a561f2de7e5ccabfab38d239b39fdb70\"},\"headline\":\"Brasil enfrenta bloqueio argentino para indica\u00e7\u00e3o de cargo no Focem\",\"datePublished\":\"2024-10-11T21:12:51+00:00\",\"dateModified\":\"2024-10-11T21:20:37+00:00\",\"mainEntityOfPage\":{\"@id\":\"https:\\\/\\\/latamreports.com\\\/br\\\/brasil-enfrenta-bloqueio-argentino-para-indicacao-de-cargo-no-focem\\\/\"},\"wordCount\":569,\"publisher\":{\"@id\":\"https:\\\/\\\/latamreports.com\\\/br\\\/#organization\"},\"image\":{\"@id\":\"https:\\\/\\\/latamreports.com\\\/br\\\/brasil-enfrenta-bloqueio-argentino-para-indicacao-de-cargo-no-focem\\\/#primaryimage\"},\"thumbnailUrl\":\"https:\\\/\\\/latamreports.com\\\/br\\\/wp-content\\\/uploads\\\/Design-sem-nome-6-2.png\",\"keywords\":[\"Argentina\",\"Brasil\"],\"articleSection\":[\"Pol\u00edtica\"],\"inLanguage\":\"en-US\"},{\"@type\":\"WebPage\",\"@id\":\"https:\\\/\\\/latamreports.com\\\/br\\\/brasil-enfrenta-bloqueio-argentino-para-indicacao-de-cargo-no-focem\\\/\",\"url\":\"https:\\\/\\\/latamreports.com\\\/br\\\/brasil-enfrenta-bloqueio-argentino-para-indicacao-de-cargo-no-focem\\\/\",\"name\":\"Brasil enfrenta bloqueio argentino para indica\u00e7\u00e3o no Focem\",\"isPartOf\":{\"@id\":\"https:\\\/\\\/latamreports.com\\\/br\\\/#website\"},\"primaryImageOfPage\":{\"@id\":\"https:\\\/\\\/latamreports.com\\\/br\\\/brasil-enfrenta-bloqueio-argentino-para-indicacao-de-cargo-no-focem\\\/#primaryimage\"},\"image\":{\"@id\":\"https:\\\/\\\/latamreports.com\\\/br\\\/brasil-enfrenta-bloqueio-argentino-para-indicacao-de-cargo-no-focem\\\/#primaryimage\"},\"thumbnailUrl\":\"https:\\\/\\\/latamreports.com\\\/br\\\/wp-content\\\/uploads\\\/Design-sem-nome-6-2.png\",\"datePublished\":\"2024-10-11T21:12:51+00:00\",\"dateModified\":\"2024-10-11T21:20:37+00:00\",\"description\":\"O governo argentino, liderado por Javier Milei, est\u00e1 bloqueando h\u00e1 quase 5 meses a indica\u00e7\u00e3o de um brasileiro para ocupar um cargo no Focem\",\"breadcrumb\":{\"@id\":\"https:\\\/\\\/latamreports.com\\\/br\\\/brasil-enfrenta-bloqueio-argentino-para-indicacao-de-cargo-no-focem\\\/#breadcrumb\"},\"inLanguage\":\"en-US\",\"potentialAction\":[{\"@type\":\"ReadAction\",\"target\":[\"https:\\\/\\\/latamreports.com\\\/br\\\/brasil-enfrenta-bloqueio-argentino-para-indicacao-de-cargo-no-focem\\\/\"]}]},{\"@type\":\"ImageObject\",\"inLanguage\":\"en-US\",\"@id\":\"https:\\\/\\\/latamreports.com\\\/br\\\/brasil-enfrenta-bloqueio-argentino-para-indicacao-de-cargo-no-focem\\\/#primaryimage\",\"url\":\"https:\\\/\\\/latamreports.com\\\/br\\\/wp-content\\\/uploads\\\/Design-sem-nome-6-2.png\",\"contentUrl\":\"https:\\\/\\\/latamreports.com\\\/br\\\/wp-content\\\/uploads\\\/Design-sem-nome-6-2.png\",\"width\":1200,\"height\":630,\"caption\":\"Brasil enfrenta bloqueio argentino para indica\u00e7\u00e3o de cargo no Focem\"},{\"@type\":\"BreadcrumbList\",\"@id\":\"https:\\\/\\\/latamreports.com\\\/br\\\/brasil-enfrenta-bloqueio-argentino-para-indicacao-de-cargo-no-focem\\\/#breadcrumb\",\"itemListElement\":[{\"@type\":\"ListItem\",\"position\":1,\"name\":\"Home\",\"item\":\"https:\\\/\\\/latamreports.com\\\/br\\\/\"},{\"@type\":\"ListItem\",\"position\":2,\"name\":\"Brasil enfrenta bloqueio argentino para indica\u00e7\u00e3o de cargo no Focem\"}]},{\"@type\":\"WebSite\",\"@id\":\"https:\\\/\\\/latamreports.com\\\/br\\\/#website\",\"url\":\"https:\\\/\\\/latamreports.com\\\/br\\\/\",\"name\":\"LatAm Reports\",\"description\":\"Not\u00edcias e opini\u00f5es de todas as Am\u00e9ricas\",\"publisher\":{\"@id\":\"https:\\\/\\\/latamreports.com\\\/br\\\/#organization\"},\"potentialAction\":[{\"@type\":\"SearchAction\",\"target\":{\"@type\":\"EntryPoint\",\"urlTemplate\":\"https:\\\/\\\/latamreports.com\\\/br\\\/?s={search_term_string}\"},\"query-input\":{\"@type\":\"PropertyValueSpecification\",\"valueRequired\":true,\"valueName\":\"search_term_string\"}}],\"inLanguage\":\"en-US\"},{\"@type\":\"Organization\",\"@id\":\"https:\\\/\\\/latamreports.com\\\/br\\\/#organization\",\"name\":\"LatAm Reports\",\"url\":\"https:\\\/\\\/latamreports.com\\\/br\\\/\",\"logo\":{\"@type\":\"ImageObject\",\"inLanguage\":\"en-US\",\"@id\":\"https:\\\/\\\/latamreports.com\\\/br\\\/#\\\/schema\\\/logo\\\/image\\\/\",\"url\":\"https:\\\/\\\/latamreports.com\\\/br\\\/wp-content\\\/uploads\\\/cropped-PNG2.png\",\"contentUrl\":\"https:\\\/\\\/latamreports.com\\\/br\\\/wp-content\\\/uploads\\\/cropped-PNG2.png\",\"width\":2522,\"height\":1014,\"caption\":\"LatAm Reports\"},\"image\":{\"@id\":\"https:\\\/\\\/latamreports.com\\\/br\\\/#\\\/schema\\\/logo\\\/image\\\/\"},\"sameAs\":[\"https:\\\/\\\/facebook.com\\\/latamreports\",\"https:\\\/\\\/x.com\\\/latamreports\"]},{\"@type\":\"Person\",\"@id\":\"https:\\\/\\\/latamreports.com\\\/br\\\/#\\\/schema\\\/person\\\/a561f2de7e5ccabfab38d239b39fdb70\",\"name\":\"LatAm Reports Redatores da Equipe\",\"image\":{\"@type\":\"ImageObject\",\"inLanguage\":\"en-US\",\"@id\":\"https:\\\/\\\/secure.gravatar.com\\\/avatar\\\/dcdcc93cc5edddd2f3ef77245866172c7d7241a11ad58e1959aa824f2fae81f6?s=96&d=mm&r=g\",\"url\":\"https:\\\/\\\/secure.gravatar.com\\\/avatar\\\/dcdcc93cc5edddd2f3ef77245866172c7d7241a11ad58e1959aa824f2fae81f6?s=96&d=mm&r=g\",\"contentUrl\":\"https:\\\/\\\/secure.gravatar.com\\\/avatar\\\/dcdcc93cc5edddd2f3ef77245866172c7d7241a11ad58e1959aa824f2fae81f6?s=96&d=mm&r=g\",\"caption\":\"LatAm Reports Redatores da Equipe\"}}]}<\/script>\n<!-- \/ Yoast SEO plugin. -->","yoast_head_json":{"title":"Brasil enfrenta bloqueio argentino para indica\u00e7\u00e3o no Focem","description":"O governo argentino, liderado por Javier Milei, est\u00e1 bloqueando h\u00e1 quase 5 meses a indica\u00e7\u00e3o de um brasileiro para ocupar um cargo no Focem","robots":{"index":"index","follow":"follow","max-snippet":"max-snippet:-1","max-image-preview":"max-image-preview:large","max-video-preview":"max-video-preview:-1"},"canonical":"https:\/\/latamreports.com\/br\/brasil-enfrenta-bloqueio-argentino-para-indicacao-de-cargo-no-focem\/","og_locale":"en_US","og_type":"article","og_title":"Brasil enfrenta bloqueio argentino para indica\u00e7\u00e3o no Focem","og_description":"O governo argentino, liderado por Javier Milei, est\u00e1 bloqueando h\u00e1 quase 5 meses a indica\u00e7\u00e3o de um brasileiro para ocupar um cargo no Focem","og_url":"https:\/\/latamreports.com\/br\/brasil-enfrenta-bloqueio-argentino-para-indicacao-de-cargo-no-focem\/","og_site_name":"LatAm Reports","article_publisher":"https:\/\/facebook.com\/latamreports","article_published_time":"2024-10-11T21:12:51+00:00","article_modified_time":"2024-10-11T21:20:37+00:00","og_image":[{"width":1200,"height":630,"url":"https:\/\/latamreports.com\/br\/wp-content\/uploads\/Design-sem-nome-6-2.png","type":"image\/png"}],"author":"LatAm Reports Redatores da Equipe","twitter_card":"summary_large_image","twitter_creator":"@latamreports","twitter_site":"@latamreports","twitter_misc":{"Written by":"LatAm Reports Redatores da Equipe","Est. reading time":"3 minutes"},"schema":{"@context":"https:\/\/schema.org","@graph":[{"@type":"Article","@id":"https:\/\/latamreports.com\/br\/brasil-enfrenta-bloqueio-argentino-para-indicacao-de-cargo-no-focem\/#article","isPartOf":{"@id":"https:\/\/latamreports.com\/br\/brasil-enfrenta-bloqueio-argentino-para-indicacao-de-cargo-no-focem\/"},"author":{"name":"LatAm Reports Redatores da Equipe","@id":"https:\/\/latamreports.com\/br\/#\/schema\/person\/a561f2de7e5ccabfab38d239b39fdb70"},"headline":"Brasil enfrenta bloqueio argentino para indica\u00e7\u00e3o de cargo no Focem","datePublished":"2024-10-11T21:12:51+00:00","dateModified":"2024-10-11T21:20:37+00:00","mainEntityOfPage":{"@id":"https:\/\/latamreports.com\/br\/brasil-enfrenta-bloqueio-argentino-para-indicacao-de-cargo-no-focem\/"},"wordCount":569,"publisher":{"@id":"https:\/\/latamreports.com\/br\/#organization"},"image":{"@id":"https:\/\/latamreports.com\/br\/brasil-enfrenta-bloqueio-argentino-para-indicacao-de-cargo-no-focem\/#primaryimage"},"thumbnailUrl":"https:\/\/latamreports.com\/br\/wp-content\/uploads\/Design-sem-nome-6-2.png","keywords":["Argentina","Brasil"],"articleSection":["Pol\u00edtica"],"inLanguage":"en-US"},{"@type":"WebPage","@id":"https:\/\/latamreports.com\/br\/brasil-enfrenta-bloqueio-argentino-para-indicacao-de-cargo-no-focem\/","url":"https:\/\/latamreports.com\/br\/brasil-enfrenta-bloqueio-argentino-para-indicacao-de-cargo-no-focem\/","name":"Brasil enfrenta bloqueio argentino para indica\u00e7\u00e3o no Focem","isPartOf":{"@id":"https:\/\/latamreports.com\/br\/#website"},"primaryImageOfPage":{"@id":"https:\/\/latamreports.com\/br\/brasil-enfrenta-bloqueio-argentino-para-indicacao-de-cargo-no-focem\/#primaryimage"},"image":{"@id":"https:\/\/latamreports.com\/br\/brasil-enfrenta-bloqueio-argentino-para-indicacao-de-cargo-no-focem\/#primaryimage"},"thumbnailUrl":"https:\/\/latamreports.com\/br\/wp-content\/uploads\/Design-sem-nome-6-2.png","datePublished":"2024-10-11T21:12:51+00:00","dateModified":"2024-10-11T21:20:37+00:00","description":"O governo argentino, liderado por Javier Milei, est\u00e1 bloqueando h\u00e1 quase 5 meses a indica\u00e7\u00e3o de um brasileiro para ocupar um cargo no Focem","breadcrumb":{"@id":"https:\/\/latamreports.com\/br\/brasil-enfrenta-bloqueio-argentino-para-indicacao-de-cargo-no-focem\/#breadcrumb"},"inLanguage":"en-US","potentialAction":[{"@type":"ReadAction","target":["https:\/\/latamreports.com\/br\/brasil-enfrenta-bloqueio-argentino-para-indicacao-de-cargo-no-focem\/"]}]},{"@type":"ImageObject","inLanguage":"en-US","@id":"https:\/\/latamreports.com\/br\/brasil-enfrenta-bloqueio-argentino-para-indicacao-de-cargo-no-focem\/#primaryimage","url":"https:\/\/latamreports.com\/br\/wp-content\/uploads\/Design-sem-nome-6-2.png","contentUrl":"https:\/\/latamreports.com\/br\/wp-content\/uploads\/Design-sem-nome-6-2.png","width":1200,"height":630,"caption":"Brasil enfrenta bloqueio argentino para indica\u00e7\u00e3o de cargo no Focem"},{"@type":"BreadcrumbList","@id":"https:\/\/latamreports.com\/br\/brasil-enfrenta-bloqueio-argentino-para-indicacao-de-cargo-no-focem\/#breadcrumb","itemListElement":[{"@type":"ListItem","position":1,"name":"Home","item":"https:\/\/latamreports.com\/br\/"},{"@type":"ListItem","position":2,"name":"Brasil enfrenta bloqueio argentino para indica\u00e7\u00e3o de cargo no Focem"}]},{"@type":"WebSite","@id":"https:\/\/latamreports.com\/br\/#website","url":"https:\/\/latamreports.com\/br\/","name":"LatAm Reports","description":"Not\u00edcias e opini\u00f5es de todas as Am\u00e9ricas","publisher":{"@id":"https:\/\/latamreports.com\/br\/#organization"},"potentialAction":[{"@type":"SearchAction","target":{"@type":"EntryPoint","urlTemplate":"https:\/\/latamreports.com\/br\/?s={search_term_string}"},"query-input":{"@type":"PropertyValueSpecification","valueRequired":true,"valueName":"search_term_string"}}],"inLanguage":"en-US"},{"@type":"Organization","@id":"https:\/\/latamreports.com\/br\/#organization","name":"LatAm Reports","url":"https:\/\/latamreports.com\/br\/","logo":{"@type":"ImageObject","inLanguage":"en-US","@id":"https:\/\/latamreports.com\/br\/#\/schema\/logo\/image\/","url":"https:\/\/latamreports.com\/br\/wp-content\/uploads\/cropped-PNG2.png","contentUrl":"https:\/\/latamreports.com\/br\/wp-content\/uploads\/cropped-PNG2.png","width":2522,"height":1014,"caption":"LatAm Reports"},"image":{"@id":"https:\/\/latamreports.com\/br\/#\/schema\/logo\/image\/"},"sameAs":["https:\/\/facebook.com\/latamreports","https:\/\/x.com\/latamreports"]},{"@type":"Person","@id":"https:\/\/latamreports.com\/br\/#\/schema\/person\/a561f2de7e5ccabfab38d239b39fdb70","name":"LatAm Reports Redatores da Equipe","image":{"@type":"ImageObject","inLanguage":"en-US","@id":"https:\/\/secure.gravatar.com\/avatar\/dcdcc93cc5edddd2f3ef77245866172c7d7241a11ad58e1959aa824f2fae81f6?s=96&d=mm&r=g","url":"https:\/\/secure.gravatar.com\/avatar\/dcdcc93cc5edddd2f3ef77245866172c7d7241a11ad58e1959aa824f2fae81f6?s=96&d=mm&r=g","contentUrl":"https:\/\/secure.gravatar.com\/avatar\/dcdcc93cc5edddd2f3ef77245866172c7d7241a11ad58e1959aa824f2fae81f6?s=96&d=mm&r=g","caption":"LatAm Reports Redatores da Equipe"}}]}},"jetpack_publicize_connections":[],"_links":{"self":[{"href":"https:\/\/latamreports.com\/br\/wp-json\/wp\/v2\/posts\/8338","targetHints":{"allow":["GET"]}}],"collection":[{"href":"https:\/\/latamreports.com\/br\/wp-json\/wp\/v2\/posts"}],"about":[{"href":"https:\/\/latamreports.com\/br\/wp-json\/wp\/v2\/types\/post"}],"author":[{"embeddable":true,"href":"https:\/\/latamreports.com\/br\/wp-json\/wp\/v2\/users\/7"}],"replies":[{"embeddable":true,"href":"https:\/\/latamreports.com\/br\/wp-json\/wp\/v2\/comments?post=8338"}],"version-history":[{"count":1,"href":"https:\/\/latamreports.com\/br\/wp-json\/wp\/v2\/posts\/8338\/revisions"}],"predecessor-version":[{"id":8340,"href":"https:\/\/latamreports.com\/br\/wp-json\/wp\/v2\/posts\/8338\/revisions\/8340"}],"wp:featuredmedia":[{"embeddable":true,"href":"https:\/\/latamreports.com\/br\/wp-json\/wp\/v2\/media\/8339"}],"wp:attachment":[{"href":"https:\/\/latamreports.com\/br\/wp-json\/wp\/v2\/media?parent=8338"}],"wp:term":[{"taxonomy":"category","embeddable":true,"href":"https:\/\/latamreports.com\/br\/wp-json\/wp\/v2\/categories?post=8338"},{"taxonomy":"post_tag","embeddable":true,"href":"https:\/\/latamreports.com\/br\/wp-json\/wp\/v2\/tags?post=8338"}],"curies":[{"name":"wp","href":"https:\/\/api.w.org\/{rel}","templated":true}]}}