{"id":8098,"date":"2024-10-01T18:44:07","date_gmt":"2024-10-01T18:44:07","guid":{"rendered":"https:\/\/latamreports.com\/br\/?p=8098"},"modified":"2024-10-01T18:44:08","modified_gmt":"2024-10-01T18:44:08","slug":"governo-detalha-bloqueio-de-r-133-bilhoes-no-orcamento-com-saude-e-cidades-entre-os-mais-afetados","status":"publish","type":"post","link":"https:\/\/latamreports.com\/br\/governo-detalha-bloqueio-de-r-133-bilhoes-no-orcamento-com-saude-e-cidades-entre-os-mais-afetados\/","title":{"rendered":"Governo detalha bloqueio de R$ 13,3 bilh\u00f5es no or\u00e7amento, com sa\u00fade e cidades entre os mais afetados"},"content":{"rendered":"\n<p>O<a href=\"https:\/\/latamreports.com\/br\/governo-busca-proibicao-de-uso-do-cartao-do-bolsa-familia-para-apostas\/\"> governo federal<\/a> detalhou na segunda-feira, 30, o bloqueio de R$ 13,3 bilh\u00f5es no<a href=\"https:\/\/latamreports.com\/br\/elon-musk-retira-funcionarios-do-brasil-apos-bloqueio-da-rede-social-x\/\"> Or\u00e7amento de 2024<\/a>, atingindo, principalmente, os minist\u00e9rios da Sa\u00fade e das Cidades. A conten\u00e7\u00e3o de despesas \u00e9 parte dos esfor\u00e7os do governo para cumprir as regras fiscais e foi publicada em edi\u00e7\u00e3o extra do Di\u00e1rio Oficial. O Minist\u00e9rio da Sa\u00fade sofreu o maior corte, com uma redu\u00e7\u00e3o de R$ 4,5 bilh\u00f5es, seguido pelo Minist\u00e9rio das Cidades, que perdeu R$ 1,8 bilh\u00e3o. Emendas parlamentares e o Programa de Acelera\u00e7\u00e3o do Crescimento (PAC) tamb\u00e9m foram impactados, com cortes de R$ 974,8 milh\u00f5es e R$ 3,7 bilh\u00f5es, respectivamente.<\/p>\n\n\n\n<h2 class=\"wp-block-heading\">Medida visa cumprir o arcabou\u00e7o fiscal e alcan\u00e7ar o d\u00e9ficit zero<\/h2>\n\n\n\n<p>O bloqueio faz parte da<a href=\"https:\/\/latamreports.com\/br\/moraes-impoe-multa-de-r-5-milhoes-a-rede-social-x-por-burlar-bloqueio-no-brasil\/\"> estrat\u00e9gia do governo <\/a>para seguir as regras do arcabou\u00e7o fiscal, que limita o crescimento dos gastos a 2,5% ao ano, descontada a infla\u00e7\u00e3o. Al\u00e9m disso, a meta fiscal de 2024 \u00e9 alcan\u00e7ar o d\u00e9ficit zero, o que significa que o governo pretende gastar apenas o que arrecadar. Para isso, o bloqueio atinge \u00e1reas n\u00e3o obrigat\u00f3rias dos minist\u00e9rios, como investimentos e gastos de custeio. A expectativa \u00e9 que os minist\u00e9rios apresentem at\u00e9 o dia 7 de outubro quais programas e a\u00e7\u00f5es ser\u00e3o diretamente afetados pelos cortes.<\/p>\n","protected":false},"excerpt":{"rendered":"<p>O governo federal detalhou na segunda-feira, 30, o bloqueio de R$ 13,3 bilh\u00f5es no Or\u00e7amento de 2024, atingindo, principalmente, os minist\u00e9rios da Sa\u00fade e das &#8230; <a title=\"Governo detalha bloqueio de R$ 13,3 bilh\u00f5es no or\u00e7amento, com sa\u00fade e cidades entre os mais afetados\" class=\"read-more\" href=\"https:\/\/latamreports.com\/br\/governo-detalha-bloqueio-de-r-133-bilhoes-no-orcamento-com-saude-e-cidades-entre-os-mais-afetados\/\" aria-label=\"Read more about Governo detalha bloqueio de R$ 13,3 bilh\u00f5es no or\u00e7amento, com sa\u00fade e cidades entre os mais afetados\">Read more<\/a><\/p>\n","protected":false},"author":7,"featured_media":8099,"comment_status":"closed","ping_status":"closed","sticky":false,"template":"","format":"standard","meta":{"footnotes":"","jetpack_publicize_message":"","jetpack_publicize_feature_enabled":true,"jetpack_social_post_already_shared":false,"jetpack_social_options":{"image_generator_settings":{"template":"highway","default_image_id":0,"font":"","enabled":false},"version":2}},"categories":[13],"tags":[31],"class_list":["post-8098","post","type-post","status-publish","format-standard","has-post-thumbnail","hentry","category-politica","tag-brasil","resize-featured-image"],"yoast_head":"<!-- This site is optimized with the Yoast SEO plugin v27.4 - https:\/\/yoast.com\/product\/yoast-seo-wordpress\/ -->\n<title>Governo: bloqueio de R$13,3 bilh\u00f5es no or\u00e7amento de 2024<\/title>\n<meta name=\"description\" content=\"O governo federal detalhou na segunda-feira, 30, o bloqueio de R$ 13,3 bilh\u00f5es no Or\u00e7amento de 2024, atingindo, principalmente, os minist\u00e9rios\" \/>\n<meta name=\"robots\" content=\"index, follow, max-snippet:-1, max-image-preview:large, max-video-preview:-1\" \/>\n<link rel=\"canonical\" href=\"https:\/\/latamreports.com\/br\/governo-detalha-bloqueio-de-r-133-bilhoes-no-orcamento-com-saude-e-cidades-entre-os-mais-afetados\/\" \/>\n<meta property=\"og:locale\" content=\"en_US\" \/>\n<meta property=\"og:type\" content=\"article\" \/>\n<meta property=\"og:title\" content=\"Governo: bloqueio de R$13,3 bilh\u00f5es no or\u00e7amento de 2024\" \/>\n<meta property=\"og:description\" content=\"O governo federal detalhou na segunda-feira, 30, o bloqueio de R$ 13,3 bilh\u00f5es no Or\u00e7amento de 2024, atingindo, principalmente, os minist\u00e9rios\" \/>\n<meta property=\"og:url\" content=\"https:\/\/latamreports.com\/br\/governo-detalha-bloqueio-de-r-133-bilhoes-no-orcamento-com-saude-e-cidades-entre-os-mais-afetados\/\" \/>\n<meta property=\"og:site_name\" content=\"LatAm Reports\" \/>\n<meta property=\"article:publisher\" content=\"https:\/\/facebook.com\/latamreports\" \/>\n<meta property=\"article:published_time\" content=\"2024-10-01T18:44:07+00:00\" \/>\n<meta property=\"article:modified_time\" content=\"2024-10-01T18:44:08+00:00\" \/>\n<meta property=\"og:image\" content=\"https:\/\/latamreports.com\/br\/wp-content\/uploads\/Design-sem-nome-2024-10-01T093524.029.png\" \/>\n\t<meta property=\"og:image:width\" content=\"1200\" \/>\n\t<meta property=\"og:image:height\" content=\"630\" \/>\n\t<meta property=\"og:image:type\" content=\"image\/png\" \/>\n<meta name=\"author\" content=\"LatAm Reports Redatores da Equipe\" \/>\n<meta name=\"twitter:card\" content=\"summary_large_image\" \/>\n<meta name=\"twitter:creator\" content=\"@latamreports\" \/>\n<meta name=\"twitter:site\" content=\"@latamreports\" \/>\n<meta name=\"twitter:label1\" content=\"Written by\" \/>\n\t<meta name=\"twitter:data1\" content=\"LatAm Reports Redatores da Equipe\" \/>\n\t<meta name=\"twitter:label2\" content=\"Est. reading time\" \/>\n\t<meta name=\"twitter:data2\" content=\"2 minutes\" \/>\n<script type=\"application\/ld+json\" class=\"yoast-schema-graph\">{\"@context\":\"https:\\\/\\\/schema.org\",\"@graph\":[{\"@type\":\"Article\",\"@id\":\"https:\\\/\\\/latamreports.com\\\/br\\\/governo-detalha-bloqueio-de-r-133-bilhoes-no-orcamento-com-saude-e-cidades-entre-os-mais-afetados\\\/#article\",\"isPartOf\":{\"@id\":\"https:\\\/\\\/latamreports.com\\\/br\\\/governo-detalha-bloqueio-de-r-133-bilhoes-no-orcamento-com-saude-e-cidades-entre-os-mais-afetados\\\/\"},\"author\":{\"name\":\"LatAm Reports Redatores da Equipe\",\"@id\":\"https:\\\/\\\/latamreports.com\\\/br\\\/#\\\/schema\\\/person\\\/a561f2de7e5ccabfab38d239b39fdb70\"},\"headline\":\"Governo detalha bloqueio de R$ 13,3 bilh\u00f5es no or\u00e7amento, com sa\u00fade e cidades entre os mais afetados\",\"datePublished\":\"2024-10-01T18:44:07+00:00\",\"dateModified\":\"2024-10-01T18:44:08+00:00\",\"mainEntityOfPage\":{\"@id\":\"https:\\\/\\\/latamreports.com\\\/br\\\/governo-detalha-bloqueio-de-r-133-bilhoes-no-orcamento-com-saude-e-cidades-entre-os-mais-afetados\\\/\"},\"wordCount\":239,\"publisher\":{\"@id\":\"https:\\\/\\\/latamreports.com\\\/br\\\/#organization\"},\"image\":{\"@id\":\"https:\\\/\\\/latamreports.com\\\/br\\\/governo-detalha-bloqueio-de-r-133-bilhoes-no-orcamento-com-saude-e-cidades-entre-os-mais-afetados\\\/#primaryimage\"},\"thumbnailUrl\":\"https:\\\/\\\/latamreports.com\\\/br\\\/wp-content\\\/uploads\\\/Design-sem-nome-2024-10-01T093524.029.png\",\"keywords\":[\"Brasil\"],\"articleSection\":[\"Pol\u00edtica\"],\"inLanguage\":\"en-US\"},{\"@type\":\"WebPage\",\"@id\":\"https:\\\/\\\/latamreports.com\\\/br\\\/governo-detalha-bloqueio-de-r-133-bilhoes-no-orcamento-com-saude-e-cidades-entre-os-mais-afetados\\\/\",\"url\":\"https:\\\/\\\/latamreports.com\\\/br\\\/governo-detalha-bloqueio-de-r-133-bilhoes-no-orcamento-com-saude-e-cidades-entre-os-mais-afetados\\\/\",\"name\":\"Governo: bloqueio de R$13,3 bilh\u00f5es no or\u00e7amento de 2024\",\"isPartOf\":{\"@id\":\"https:\\\/\\\/latamreports.com\\\/br\\\/#website\"},\"primaryImageOfPage\":{\"@id\":\"https:\\\/\\\/latamreports.com\\\/br\\\/governo-detalha-bloqueio-de-r-133-bilhoes-no-orcamento-com-saude-e-cidades-entre-os-mais-afetados\\\/#primaryimage\"},\"image\":{\"@id\":\"https:\\\/\\\/latamreports.com\\\/br\\\/governo-detalha-bloqueio-de-r-133-bilhoes-no-orcamento-com-saude-e-cidades-entre-os-mais-afetados\\\/#primaryimage\"},\"thumbnailUrl\":\"https:\\\/\\\/latamreports.com\\\/br\\\/wp-content\\\/uploads\\\/Design-sem-nome-2024-10-01T093524.029.png\",\"datePublished\":\"2024-10-01T18:44:07+00:00\",\"dateModified\":\"2024-10-01T18:44:08+00:00\",\"description\":\"O governo federal detalhou na segunda-feira, 30, o bloqueio de R$ 13,3 bilh\u00f5es no Or\u00e7amento de 2024, atingindo, principalmente, os minist\u00e9rios\",\"breadcrumb\":{\"@id\":\"https:\\\/\\\/latamreports.com\\\/br\\\/governo-detalha-bloqueio-de-r-133-bilhoes-no-orcamento-com-saude-e-cidades-entre-os-mais-afetados\\\/#breadcrumb\"},\"inLanguage\":\"en-US\",\"potentialAction\":[{\"@type\":\"ReadAction\",\"target\":[\"https:\\\/\\\/latamreports.com\\\/br\\\/governo-detalha-bloqueio-de-r-133-bilhoes-no-orcamento-com-saude-e-cidades-entre-os-mais-afetados\\\/\"]}]},{\"@type\":\"ImageObject\",\"inLanguage\":\"en-US\",\"@id\":\"https:\\\/\\\/latamreports.com\\\/br\\\/governo-detalha-bloqueio-de-r-133-bilhoes-no-orcamento-com-saude-e-cidades-entre-os-mais-afetados\\\/#primaryimage\",\"url\":\"https:\\\/\\\/latamreports.com\\\/br\\\/wp-content\\\/uploads\\\/Design-sem-nome-2024-10-01T093524.029.png\",\"contentUrl\":\"https:\\\/\\\/latamreports.com\\\/br\\\/wp-content\\\/uploads\\\/Design-sem-nome-2024-10-01T093524.029.png\",\"width\":1200,\"height\":630,\"caption\":\"Governo detalha bloqueio de R$ 13,3 bilh\u00f5es no Or\u00e7amento, com Sa\u00fade e Cidades entre os mais afetados\"},{\"@type\":\"BreadcrumbList\",\"@id\":\"https:\\\/\\\/latamreports.com\\\/br\\\/governo-detalha-bloqueio-de-r-133-bilhoes-no-orcamento-com-saude-e-cidades-entre-os-mais-afetados\\\/#breadcrumb\",\"itemListElement\":[{\"@type\":\"ListItem\",\"position\":1,\"name\":\"Home\",\"item\":\"https:\\\/\\\/latamreports.com\\\/br\\\/\"},{\"@type\":\"ListItem\",\"position\":2,\"name\":\"Governo detalha bloqueio de R$ 13,3 bilh\u00f5es no or\u00e7amento, com sa\u00fade e cidades entre os mais afetados\"}]},{\"@type\":\"WebSite\",\"@id\":\"https:\\\/\\\/latamreports.com\\\/br\\\/#website\",\"url\":\"https:\\\/\\\/latamreports.com\\\/br\\\/\",\"name\":\"LatAm Reports\",\"description\":\"Not\u00edcias e opini\u00f5es de todas as Am\u00e9ricas\",\"publisher\":{\"@id\":\"https:\\\/\\\/latamreports.com\\\/br\\\/#organization\"},\"potentialAction\":[{\"@type\":\"SearchAction\",\"target\":{\"@type\":\"EntryPoint\",\"urlTemplate\":\"https:\\\/\\\/latamreports.com\\\/br\\\/?s={search_term_string}\"},\"query-input\":{\"@type\":\"PropertyValueSpecification\",\"valueRequired\":true,\"valueName\":\"search_term_string\"}}],\"inLanguage\":\"en-US\"},{\"@type\":\"Organization\",\"@id\":\"https:\\\/\\\/latamreports.com\\\/br\\\/#organization\",\"name\":\"LatAm Reports\",\"url\":\"https:\\\/\\\/latamreports.com\\\/br\\\/\",\"logo\":{\"@type\":\"ImageObject\",\"inLanguage\":\"en-US\",\"@id\":\"https:\\\/\\\/latamreports.com\\\/br\\\/#\\\/schema\\\/logo\\\/image\\\/\",\"url\":\"https:\\\/\\\/latamreports.com\\\/br\\\/wp-content\\\/uploads\\\/cropped-PNG2.png\",\"contentUrl\":\"https:\\\/\\\/latamreports.com\\\/br\\\/wp-content\\\/uploads\\\/cropped-PNG2.png\",\"width\":2522,\"height\":1014,\"caption\":\"LatAm Reports\"},\"image\":{\"@id\":\"https:\\\/\\\/latamreports.com\\\/br\\\/#\\\/schema\\\/logo\\\/image\\\/\"},\"sameAs\":[\"https:\\\/\\\/facebook.com\\\/latamreports\",\"https:\\\/\\\/x.com\\\/latamreports\"]},{\"@type\":\"Person\",\"@id\":\"https:\\\/\\\/latamreports.com\\\/br\\\/#\\\/schema\\\/person\\\/a561f2de7e5ccabfab38d239b39fdb70\",\"name\":\"LatAm Reports Redatores da Equipe\",\"image\":{\"@type\":\"ImageObject\",\"inLanguage\":\"en-US\",\"@id\":\"https:\\\/\\\/secure.gravatar.com\\\/avatar\\\/dcdcc93cc5edddd2f3ef77245866172c7d7241a11ad58e1959aa824f2fae81f6?s=96&d=mm&r=g\",\"url\":\"https:\\\/\\\/secure.gravatar.com\\\/avatar\\\/dcdcc93cc5edddd2f3ef77245866172c7d7241a11ad58e1959aa824f2fae81f6?s=96&d=mm&r=g\",\"contentUrl\":\"https:\\\/\\\/secure.gravatar.com\\\/avatar\\\/dcdcc93cc5edddd2f3ef77245866172c7d7241a11ad58e1959aa824f2fae81f6?s=96&d=mm&r=g\",\"caption\":\"LatAm Reports Redatores da Equipe\"}}]}<\/script>\n<!-- \/ Yoast SEO plugin. -->","yoast_head_json":{"title":"Governo: bloqueio de R$13,3 bilh\u00f5es no or\u00e7amento de 2024","description":"O governo federal detalhou na segunda-feira, 30, o bloqueio de R$ 13,3 bilh\u00f5es no Or\u00e7amento de 2024, atingindo, principalmente, os minist\u00e9rios","robots":{"index":"index","follow":"follow","max-snippet":"max-snippet:-1","max-image-preview":"max-image-preview:large","max-video-preview":"max-video-preview:-1"},"canonical":"https:\/\/latamreports.com\/br\/governo-detalha-bloqueio-de-r-133-bilhoes-no-orcamento-com-saude-e-cidades-entre-os-mais-afetados\/","og_locale":"en_US","og_type":"article","og_title":"Governo: bloqueio de R$13,3 bilh\u00f5es no or\u00e7amento de 2024","og_description":"O governo federal detalhou na segunda-feira, 30, o bloqueio de R$ 13,3 bilh\u00f5es no Or\u00e7amento de 2024, atingindo, principalmente, os minist\u00e9rios","og_url":"https:\/\/latamreports.com\/br\/governo-detalha-bloqueio-de-r-133-bilhoes-no-orcamento-com-saude-e-cidades-entre-os-mais-afetados\/","og_site_name":"LatAm Reports","article_publisher":"https:\/\/facebook.com\/latamreports","article_published_time":"2024-10-01T18:44:07+00:00","article_modified_time":"2024-10-01T18:44:08+00:00","og_image":[{"width":1200,"height":630,"url":"https:\/\/latamreports.com\/br\/wp-content\/uploads\/Design-sem-nome-2024-10-01T093524.029.png","type":"image\/png"}],"author":"LatAm Reports Redatores da Equipe","twitter_card":"summary_large_image","twitter_creator":"@latamreports","twitter_site":"@latamreports","twitter_misc":{"Written by":"LatAm Reports Redatores da Equipe","Est. reading time":"2 minutes"},"schema":{"@context":"https:\/\/schema.org","@graph":[{"@type":"Article","@id":"https:\/\/latamreports.com\/br\/governo-detalha-bloqueio-de-r-133-bilhoes-no-orcamento-com-saude-e-cidades-entre-os-mais-afetados\/#article","isPartOf":{"@id":"https:\/\/latamreports.com\/br\/governo-detalha-bloqueio-de-r-133-bilhoes-no-orcamento-com-saude-e-cidades-entre-os-mais-afetados\/"},"author":{"name":"LatAm Reports Redatores da Equipe","@id":"https:\/\/latamreports.com\/br\/#\/schema\/person\/a561f2de7e5ccabfab38d239b39fdb70"},"headline":"Governo detalha bloqueio de R$ 13,3 bilh\u00f5es no or\u00e7amento, com sa\u00fade e cidades entre os mais afetados","datePublished":"2024-10-01T18:44:07+00:00","dateModified":"2024-10-01T18:44:08+00:00","mainEntityOfPage":{"@id":"https:\/\/latamreports.com\/br\/governo-detalha-bloqueio-de-r-133-bilhoes-no-orcamento-com-saude-e-cidades-entre-os-mais-afetados\/"},"wordCount":239,"publisher":{"@id":"https:\/\/latamreports.com\/br\/#organization"},"image":{"@id":"https:\/\/latamreports.com\/br\/governo-detalha-bloqueio-de-r-133-bilhoes-no-orcamento-com-saude-e-cidades-entre-os-mais-afetados\/#primaryimage"},"thumbnailUrl":"https:\/\/latamreports.com\/br\/wp-content\/uploads\/Design-sem-nome-2024-10-01T093524.029.png","keywords":["Brasil"],"articleSection":["Pol\u00edtica"],"inLanguage":"en-US"},{"@type":"WebPage","@id":"https:\/\/latamreports.com\/br\/governo-detalha-bloqueio-de-r-133-bilhoes-no-orcamento-com-saude-e-cidades-entre-os-mais-afetados\/","url":"https:\/\/latamreports.com\/br\/governo-detalha-bloqueio-de-r-133-bilhoes-no-orcamento-com-saude-e-cidades-entre-os-mais-afetados\/","name":"Governo: bloqueio de R$13,3 bilh\u00f5es no or\u00e7amento de 2024","isPartOf":{"@id":"https:\/\/latamreports.com\/br\/#website"},"primaryImageOfPage":{"@id":"https:\/\/latamreports.com\/br\/governo-detalha-bloqueio-de-r-133-bilhoes-no-orcamento-com-saude-e-cidades-entre-os-mais-afetados\/#primaryimage"},"image":{"@id":"https:\/\/latamreports.com\/br\/governo-detalha-bloqueio-de-r-133-bilhoes-no-orcamento-com-saude-e-cidades-entre-os-mais-afetados\/#primaryimage"},"thumbnailUrl":"https:\/\/latamreports.com\/br\/wp-content\/uploads\/Design-sem-nome-2024-10-01T093524.029.png","datePublished":"2024-10-01T18:44:07+00:00","dateModified":"2024-10-01T18:44:08+00:00","description":"O governo federal detalhou na segunda-feira, 30, o bloqueio de R$ 13,3 bilh\u00f5es no Or\u00e7amento de 2024, atingindo, principalmente, os minist\u00e9rios","breadcrumb":{"@id":"https:\/\/latamreports.com\/br\/governo-detalha-bloqueio-de-r-133-bilhoes-no-orcamento-com-saude-e-cidades-entre-os-mais-afetados\/#breadcrumb"},"inLanguage":"en-US","potentialAction":[{"@type":"ReadAction","target":["https:\/\/latamreports.com\/br\/governo-detalha-bloqueio-de-r-133-bilhoes-no-orcamento-com-saude-e-cidades-entre-os-mais-afetados\/"]}]},{"@type":"ImageObject","inLanguage":"en-US","@id":"https:\/\/latamreports.com\/br\/governo-detalha-bloqueio-de-r-133-bilhoes-no-orcamento-com-saude-e-cidades-entre-os-mais-afetados\/#primaryimage","url":"https:\/\/latamreports.com\/br\/wp-content\/uploads\/Design-sem-nome-2024-10-01T093524.029.png","contentUrl":"https:\/\/latamreports.com\/br\/wp-content\/uploads\/Design-sem-nome-2024-10-01T093524.029.png","width":1200,"height":630,"caption":"Governo detalha bloqueio de R$ 13,3 bilh\u00f5es no Or\u00e7amento, com Sa\u00fade e Cidades entre os mais afetados"},{"@type":"BreadcrumbList","@id":"https:\/\/latamreports.com\/br\/governo-detalha-bloqueio-de-r-133-bilhoes-no-orcamento-com-saude-e-cidades-entre-os-mais-afetados\/#breadcrumb","itemListElement":[{"@type":"ListItem","position":1,"name":"Home","item":"https:\/\/latamreports.com\/br\/"},{"@type":"ListItem","position":2,"name":"Governo detalha bloqueio de R$ 13,3 bilh\u00f5es no or\u00e7amento, com sa\u00fade e cidades entre os mais afetados"}]},{"@type":"WebSite","@id":"https:\/\/latamreports.com\/br\/#website","url":"https:\/\/latamreports.com\/br\/","name":"LatAm Reports","description":"Not\u00edcias e opini\u00f5es de todas as Am\u00e9ricas","publisher":{"@id":"https:\/\/latamreports.com\/br\/#organization"},"potentialAction":[{"@type":"SearchAction","target":{"@type":"EntryPoint","urlTemplate":"https:\/\/latamreports.com\/br\/?s={search_term_string}"},"query-input":{"@type":"PropertyValueSpecification","valueRequired":true,"valueName":"search_term_string"}}],"inLanguage":"en-US"},{"@type":"Organization","@id":"https:\/\/latamreports.com\/br\/#organization","name":"LatAm Reports","url":"https:\/\/latamreports.com\/br\/","logo":{"@type":"ImageObject","inLanguage":"en-US","@id":"https:\/\/latamreports.com\/br\/#\/schema\/logo\/image\/","url":"https:\/\/latamreports.com\/br\/wp-content\/uploads\/cropped-PNG2.png","contentUrl":"https:\/\/latamreports.com\/br\/wp-content\/uploads\/cropped-PNG2.png","width":2522,"height":1014,"caption":"LatAm Reports"},"image":{"@id":"https:\/\/latamreports.com\/br\/#\/schema\/logo\/image\/"},"sameAs":["https:\/\/facebook.com\/latamreports","https:\/\/x.com\/latamreports"]},{"@type":"Person","@id":"https:\/\/latamreports.com\/br\/#\/schema\/person\/a561f2de7e5ccabfab38d239b39fdb70","name":"LatAm Reports Redatores da Equipe","image":{"@type":"ImageObject","inLanguage":"en-US","@id":"https:\/\/secure.gravatar.com\/avatar\/dcdcc93cc5edddd2f3ef77245866172c7d7241a11ad58e1959aa824f2fae81f6?s=96&d=mm&r=g","url":"https:\/\/secure.gravatar.com\/avatar\/dcdcc93cc5edddd2f3ef77245866172c7d7241a11ad58e1959aa824f2fae81f6?s=96&d=mm&r=g","contentUrl":"https:\/\/secure.gravatar.com\/avatar\/dcdcc93cc5edddd2f3ef77245866172c7d7241a11ad58e1959aa824f2fae81f6?s=96&d=mm&r=g","caption":"LatAm Reports Redatores da Equipe"}}]}},"jetpack_publicize_connections":[],"_links":{"self":[{"href":"https:\/\/latamreports.com\/br\/wp-json\/wp\/v2\/posts\/8098","targetHints":{"allow":["GET"]}}],"collection":[{"href":"https:\/\/latamreports.com\/br\/wp-json\/wp\/v2\/posts"}],"about":[{"href":"https:\/\/latamreports.com\/br\/wp-json\/wp\/v2\/types\/post"}],"author":[{"embeddable":true,"href":"https:\/\/latamreports.com\/br\/wp-json\/wp\/v2\/users\/7"}],"replies":[{"embeddable":true,"href":"https:\/\/latamreports.com\/br\/wp-json\/wp\/v2\/comments?post=8098"}],"version-history":[{"count":1,"href":"https:\/\/latamreports.com\/br\/wp-json\/wp\/v2\/posts\/8098\/revisions"}],"predecessor-version":[{"id":8100,"href":"https:\/\/latamreports.com\/br\/wp-json\/wp\/v2\/posts\/8098\/revisions\/8100"}],"wp:featuredmedia":[{"embeddable":true,"href":"https:\/\/latamreports.com\/br\/wp-json\/wp\/v2\/media\/8099"}],"wp:attachment":[{"href":"https:\/\/latamreports.com\/br\/wp-json\/wp\/v2\/media?parent=8098"}],"wp:term":[{"taxonomy":"category","embeddable":true,"href":"https:\/\/latamreports.com\/br\/wp-json\/wp\/v2\/categories?post=8098"},{"taxonomy":"post_tag","embeddable":true,"href":"https:\/\/latamreports.com\/br\/wp-json\/wp\/v2\/tags?post=8098"}],"curies":[{"name":"wp","href":"https:\/\/api.w.org\/{rel}","templated":true}]}}