{"id":8081,"date":"2024-09-30T20:58:02","date_gmt":"2024-09-30T20:58:02","guid":{"rendered":"https:\/\/latamreports.com\/br\/?p=8081"},"modified":"2024-09-30T20:58:03","modified_gmt":"2024-09-30T20:58:03","slug":"autoridades-investigam-responsaveis-por-levante-em-brasilia","status":"publish","type":"post","link":"https:\/\/latamreports.com\/br\/autoridades-investigam-responsaveis-por-levante-em-brasilia\/","title":{"rendered":"Autoridades investigam respons\u00e1veis por levante em Bras\u00edlia"},"content":{"rendered":"\n<p>As autoridades brasileiras est\u00e3o investigando os respons\u00e1veis pelos atos violentos que ocorreram no domingo, dia 8 de janeiro, quando milhares de apoiadores do ex-presidente Jair Bolsonaro invadiram o Congresso Nacional, o Supremo Tribunal Federal e o Pal\u00e1cio do Planalto, em <a href=\"https:\/\/latamreports.com\/br\/governo-busca-proibicao-de-uso-do-cartao-do-bolsa-familia-para-apostas\/\">Bras\u00edlia<\/a>. O levante ocorreu ap\u00f3s os manifestantes exigirem que o ex\u00e9rcito brasileiro interviesse para restaurar Bolsonaro ao poder, removendo o rec\u00e9m-empossado presidente Luiz In\u00e1cio Lula da Silva.<\/p>\n\n\n\n<p>Na segunda-feira, a pol\u00edcia desmantelou um acampamento pr\u00f3-Bolsonaro em frente a um quartel militar e prendeu aproximadamente 1.200 pessoas. A Pol\u00edcia Federal indicou que cerca de 1.000 pessoas j\u00e1 est\u00e3o na lista de indiciamento.<\/p>\n\n\n\n<h2 class=\"wp-block-heading\">Investiga\u00e7\u00f5es sobre financiamento e planejamento<\/h2>\n\n\n\n<p>O ministro da Justi\u00e7a, Fl\u00e1vio Dino, afirmou que a pol\u00edcia est\u00e1 rastreando quem financiou o transporte dos manifestantes para a capital. Segundo Dino, os respons\u00e1veis poder\u00e3o ser indiciados por uma s\u00e9rie de crimes, incluindo organiza\u00e7\u00e3o criminosa e tentativa de golpe. Ele destacou que o governo est\u00e1 comprometido em punir severamente os infratores para evitar que eventos semelhantes se repitam no futuro.<\/p>\n\n\n\n<p>Os manifestantes destru\u00edram partes dos edif\u00edcios governamentais, incluindo obras de arte e m\u00f3veis, e danificaram escrit\u00f3rios importantes, como a sala onde os ministros do Supremo Tribunal se re\u00fanem. A pol\u00edcia foi criticada por sua lenta rea\u00e7\u00e3o, mesmo com a chegada de mais de 100 \u00f4nibus carregados de manifestantes.<\/p>\n\n\n\n<h3 class=\"wp-block-heading\">Falhas na seguran\u00e7a e suspeitas de cumplicidade<\/h3>\n\n\n\n<p>As for\u00e7as de seguran\u00e7a da capital foram acusadas de neglig\u00eancia, e um ministro do Supremo Tribunal Federal suspendeu o governador do<a href=\"https:\/\/latamreports.com\/br\/empresas-e-governos-estrangeiros-compram-quase-r-1-bilhao-em-creditos-de-carbono-da-amazonia\/\"> Distrito Federal <\/a>por suspeita de &#8220;omiss\u00e3o intencional&#8221;. V\u00eddeos mostraram policiais permitindo que os manifestantes avan\u00e7assem, inclusive gravando os eventos com seus celulares.<\/p>\n\n\n\n<p>Analistas acreditam que o levante pode fortalecer o governo de Lula, pois at\u00e9 mesmo membros da direita pol\u00edtica condenaram os atos, tentando distanciar-se do radicalismo. Em resposta ao ocorrido, Lula assinou um decreto para que o governo federal assumisse o controle da seguran\u00e7a na capital.<\/p>\n\n\n\n<p>Texto inspirado em mat\u00e9ria de <a href=\"https:\/\/apnews.com\/article\/capitol-siege-jair-bolsonaro-politics-brazil-government-8766c0ad2fcc4ae7c8bf1aa7f9aaa0ec\"><em>AP News<\/em><\/a><\/p>\n","protected":false},"excerpt":{"rendered":"<p>As autoridades brasileiras est\u00e3o investigando os respons\u00e1veis pelos atos violentos que ocorreram no domingo, dia 8 de janeiro, quando milhares de apoiadores do ex-presidente Jair &#8230; <a title=\"Autoridades investigam respons\u00e1veis por levante em Bras\u00edlia\" class=\"read-more\" href=\"https:\/\/latamreports.com\/br\/autoridades-investigam-responsaveis-por-levante-em-brasilia\/\" aria-label=\"Read more about Autoridades investigam respons\u00e1veis por levante em Bras\u00edlia\">Read more<\/a><\/p>\n","protected":false},"author":7,"featured_media":8082,"comment_status":"closed","ping_status":"closed","sticky":false,"template":"","format":"standard","meta":{"footnotes":"","jetpack_publicize_message":"","jetpack_publicize_feature_enabled":true,"jetpack_social_post_already_shared":false,"jetpack_social_options":{"image_generator_settings":{"template":"highway","default_image_id":0,"font":"","enabled":false},"version":2}},"categories":[13],"tags":[31],"class_list":["post-8081","post","type-post","status-publish","format-standard","has-post-thumbnail","hentry","category-politica","tag-brasil","resize-featured-image"],"yoast_head":"<!-- This site is optimized with the Yoast SEO plugin v27.5 - https:\/\/yoast.com\/product\/yoast-seo-wordpress\/ -->\n<title>Autoridades investigam respons\u00e1veis por levante em Bras\u00edlia<\/title>\n<meta name=\"description\" content=\"...quando milhares de apoiadores do ex-presidente Jair Bolsonaro invadiram o Congresso Nacional, o STF e o Pal\u00e1cio do Planalto, em Bras\u00edlia.\" \/>\n<meta name=\"robots\" content=\"index, follow, max-snippet:-1, max-image-preview:large, max-video-preview:-1\" \/>\n<link rel=\"canonical\" href=\"https:\/\/latamreports.com\/br\/autoridades-investigam-responsaveis-por-levante-em-brasilia\/\" \/>\n<meta property=\"og:locale\" content=\"en_US\" \/>\n<meta property=\"og:type\" content=\"article\" \/>\n<meta property=\"og:title\" content=\"Autoridades investigam respons\u00e1veis por levante em Bras\u00edlia\" \/>\n<meta property=\"og:description\" content=\"...quando milhares de apoiadores do ex-presidente Jair Bolsonaro invadiram o Congresso Nacional, o STF e o Pal\u00e1cio do Planalto, em Bras\u00edlia.\" \/>\n<meta property=\"og:url\" content=\"https:\/\/latamreports.com\/br\/autoridades-investigam-responsaveis-por-levante-em-brasilia\/\" \/>\n<meta property=\"og:site_name\" content=\"LatAm Reports\" \/>\n<meta property=\"article:publisher\" content=\"https:\/\/facebook.com\/latamreports\" \/>\n<meta property=\"article:published_time\" content=\"2024-09-30T20:58:02+00:00\" \/>\n<meta property=\"article:modified_time\" content=\"2024-09-30T20:58:03+00:00\" \/>\n<meta property=\"og:image\" content=\"https:\/\/latamreports.com\/br\/wp-content\/uploads\/Design-sem-nome-2024-09-30T152236.408.png\" \/>\n\t<meta property=\"og:image:width\" content=\"1200\" \/>\n\t<meta property=\"og:image:height\" content=\"630\" \/>\n\t<meta property=\"og:image:type\" content=\"image\/png\" \/>\n<meta name=\"author\" content=\"LatAm Reports Redatores da Equipe\" \/>\n<meta name=\"twitter:card\" content=\"summary_large_image\" \/>\n<meta name=\"twitter:creator\" content=\"@latamreports\" \/>\n<meta name=\"twitter:site\" content=\"@latamreports\" \/>\n<meta name=\"twitter:label1\" content=\"Written by\" \/>\n\t<meta name=\"twitter:data1\" content=\"LatAm Reports Redatores da Equipe\" \/>\n\t<meta name=\"twitter:label2\" content=\"Est. reading time\" \/>\n\t<meta name=\"twitter:data2\" content=\"2 minutes\" \/>\n<script type=\"application\/ld+json\" class=\"yoast-schema-graph\">{\"@context\":\"https:\\\/\\\/schema.org\",\"@graph\":[{\"@type\":\"Article\",\"@id\":\"https:\\\/\\\/latamreports.com\\\/br\\\/autoridades-investigam-responsaveis-por-levante-em-brasilia\\\/#article\",\"isPartOf\":{\"@id\":\"https:\\\/\\\/latamreports.com\\\/br\\\/autoridades-investigam-responsaveis-por-levante-em-brasilia\\\/\"},\"author\":{\"name\":\"LatAm Reports Redatores da Equipe\",\"@id\":\"https:\\\/\\\/latamreports.com\\\/br\\\/#\\\/schema\\\/person\\\/a561f2de7e5ccabfab38d239b39fdb70\"},\"headline\":\"Autoridades investigam respons\u00e1veis por levante em Bras\u00edlia\",\"datePublished\":\"2024-09-30T20:58:02+00:00\",\"dateModified\":\"2024-09-30T20:58:03+00:00\",\"mainEntityOfPage\":{\"@id\":\"https:\\\/\\\/latamreports.com\\\/br\\\/autoridades-investigam-responsaveis-por-levante-em-brasilia\\\/\"},\"wordCount\":359,\"publisher\":{\"@id\":\"https:\\\/\\\/latamreports.com\\\/br\\\/#organization\"},\"image\":{\"@id\":\"https:\\\/\\\/latamreports.com\\\/br\\\/autoridades-investigam-responsaveis-por-levante-em-brasilia\\\/#primaryimage\"},\"thumbnailUrl\":\"https:\\\/\\\/latamreports.com\\\/br\\\/wp-content\\\/uploads\\\/Design-sem-nome-2024-09-30T152236.408.png\",\"keywords\":[\"Brasil\"],\"articleSection\":[\"Pol\u00edtica\"],\"inLanguage\":\"en-US\"},{\"@type\":\"WebPage\",\"@id\":\"https:\\\/\\\/latamreports.com\\\/br\\\/autoridades-investigam-responsaveis-por-levante-em-brasilia\\\/\",\"url\":\"https:\\\/\\\/latamreports.com\\\/br\\\/autoridades-investigam-responsaveis-por-levante-em-brasilia\\\/\",\"name\":\"Autoridades investigam respons\u00e1veis por levante em Bras\u00edlia\",\"isPartOf\":{\"@id\":\"https:\\\/\\\/latamreports.com\\\/br\\\/#website\"},\"primaryImageOfPage\":{\"@id\":\"https:\\\/\\\/latamreports.com\\\/br\\\/autoridades-investigam-responsaveis-por-levante-em-brasilia\\\/#primaryimage\"},\"image\":{\"@id\":\"https:\\\/\\\/latamreports.com\\\/br\\\/autoridades-investigam-responsaveis-por-levante-em-brasilia\\\/#primaryimage\"},\"thumbnailUrl\":\"https:\\\/\\\/latamreports.com\\\/br\\\/wp-content\\\/uploads\\\/Design-sem-nome-2024-09-30T152236.408.png\",\"datePublished\":\"2024-09-30T20:58:02+00:00\",\"dateModified\":\"2024-09-30T20:58:03+00:00\",\"description\":\"...quando milhares de apoiadores do ex-presidente Jair Bolsonaro invadiram o Congresso Nacional, o STF e o Pal\u00e1cio do Planalto, em Bras\u00edlia.\",\"breadcrumb\":{\"@id\":\"https:\\\/\\\/latamreports.com\\\/br\\\/autoridades-investigam-responsaveis-por-levante-em-brasilia\\\/#breadcrumb\"},\"inLanguage\":\"en-US\",\"potentialAction\":[{\"@type\":\"ReadAction\",\"target\":[\"https:\\\/\\\/latamreports.com\\\/br\\\/autoridades-investigam-responsaveis-por-levante-em-brasilia\\\/\"]}]},{\"@type\":\"ImageObject\",\"inLanguage\":\"en-US\",\"@id\":\"https:\\\/\\\/latamreports.com\\\/br\\\/autoridades-investigam-responsaveis-por-levante-em-brasilia\\\/#primaryimage\",\"url\":\"https:\\\/\\\/latamreports.com\\\/br\\\/wp-content\\\/uploads\\\/Design-sem-nome-2024-09-30T152236.408.png\",\"contentUrl\":\"https:\\\/\\\/latamreports.com\\\/br\\\/wp-content\\\/uploads\\\/Design-sem-nome-2024-09-30T152236.408.png\",\"width\":1200,\"height\":630,\"caption\":\"Autoridades investigam respons\u00e1veis por levante em Bras\u00edlia\"},{\"@type\":\"BreadcrumbList\",\"@id\":\"https:\\\/\\\/latamreports.com\\\/br\\\/autoridades-investigam-responsaveis-por-levante-em-brasilia\\\/#breadcrumb\",\"itemListElement\":[{\"@type\":\"ListItem\",\"position\":1,\"name\":\"Home\",\"item\":\"https:\\\/\\\/latamreports.com\\\/br\\\/\"},{\"@type\":\"ListItem\",\"position\":2,\"name\":\"Autoridades investigam respons\u00e1veis por levante em Bras\u00edlia\"}]},{\"@type\":\"WebSite\",\"@id\":\"https:\\\/\\\/latamreports.com\\\/br\\\/#website\",\"url\":\"https:\\\/\\\/latamreports.com\\\/br\\\/\",\"name\":\"LatAm Reports\",\"description\":\"Not\u00edcias e opini\u00f5es de todas as Am\u00e9ricas\",\"publisher\":{\"@id\":\"https:\\\/\\\/latamreports.com\\\/br\\\/#organization\"},\"potentialAction\":[{\"@type\":\"SearchAction\",\"target\":{\"@type\":\"EntryPoint\",\"urlTemplate\":\"https:\\\/\\\/latamreports.com\\\/br\\\/?s={search_term_string}\"},\"query-input\":{\"@type\":\"PropertyValueSpecification\",\"valueRequired\":true,\"valueName\":\"search_term_string\"}}],\"inLanguage\":\"en-US\"},{\"@type\":\"Organization\",\"@id\":\"https:\\\/\\\/latamreports.com\\\/br\\\/#organization\",\"name\":\"LatAm Reports\",\"url\":\"https:\\\/\\\/latamreports.com\\\/br\\\/\",\"logo\":{\"@type\":\"ImageObject\",\"inLanguage\":\"en-US\",\"@id\":\"https:\\\/\\\/latamreports.com\\\/br\\\/#\\\/schema\\\/logo\\\/image\\\/\",\"url\":\"https:\\\/\\\/latamreports.com\\\/br\\\/wp-content\\\/uploads\\\/cropped-PNG2.png\",\"contentUrl\":\"https:\\\/\\\/latamreports.com\\\/br\\\/wp-content\\\/uploads\\\/cropped-PNG2.png\",\"width\":2522,\"height\":1014,\"caption\":\"LatAm Reports\"},\"image\":{\"@id\":\"https:\\\/\\\/latamreports.com\\\/br\\\/#\\\/schema\\\/logo\\\/image\\\/\"},\"sameAs\":[\"https:\\\/\\\/facebook.com\\\/latamreports\",\"https:\\\/\\\/x.com\\\/latamreports\"]},{\"@type\":\"Person\",\"@id\":\"https:\\\/\\\/latamreports.com\\\/br\\\/#\\\/schema\\\/person\\\/a561f2de7e5ccabfab38d239b39fdb70\",\"name\":\"LatAm Reports Redatores da Equipe\",\"image\":{\"@type\":\"ImageObject\",\"inLanguage\":\"en-US\",\"@id\":\"https:\\\/\\\/secure.gravatar.com\\\/avatar\\\/dcdcc93cc5edddd2f3ef77245866172c7d7241a11ad58e1959aa824f2fae81f6?s=96&d=mm&r=g\",\"url\":\"https:\\\/\\\/secure.gravatar.com\\\/avatar\\\/dcdcc93cc5edddd2f3ef77245866172c7d7241a11ad58e1959aa824f2fae81f6?s=96&d=mm&r=g\",\"contentUrl\":\"https:\\\/\\\/secure.gravatar.com\\\/avatar\\\/dcdcc93cc5edddd2f3ef77245866172c7d7241a11ad58e1959aa824f2fae81f6?s=96&d=mm&r=g\",\"caption\":\"LatAm Reports Redatores da Equipe\"}}]}<\/script>\n<!-- \/ Yoast SEO plugin. -->","yoast_head_json":{"title":"Autoridades investigam respons\u00e1veis por levante em Bras\u00edlia","description":"...quando milhares de apoiadores do ex-presidente Jair Bolsonaro invadiram o Congresso Nacional, o STF e o Pal\u00e1cio do Planalto, em Bras\u00edlia.","robots":{"index":"index","follow":"follow","max-snippet":"max-snippet:-1","max-image-preview":"max-image-preview:large","max-video-preview":"max-video-preview:-1"},"canonical":"https:\/\/latamreports.com\/br\/autoridades-investigam-responsaveis-por-levante-em-brasilia\/","og_locale":"en_US","og_type":"article","og_title":"Autoridades investigam respons\u00e1veis por levante em Bras\u00edlia","og_description":"...quando milhares de apoiadores do ex-presidente Jair Bolsonaro invadiram o Congresso Nacional, o STF e o Pal\u00e1cio do Planalto, em Bras\u00edlia.","og_url":"https:\/\/latamreports.com\/br\/autoridades-investigam-responsaveis-por-levante-em-brasilia\/","og_site_name":"LatAm Reports","article_publisher":"https:\/\/facebook.com\/latamreports","article_published_time":"2024-09-30T20:58:02+00:00","article_modified_time":"2024-09-30T20:58:03+00:00","og_image":[{"width":1200,"height":630,"url":"https:\/\/latamreports.com\/br\/wp-content\/uploads\/Design-sem-nome-2024-09-30T152236.408.png","type":"image\/png"}],"author":"LatAm Reports Redatores da Equipe","twitter_card":"summary_large_image","twitter_creator":"@latamreports","twitter_site":"@latamreports","twitter_misc":{"Written by":"LatAm Reports Redatores da Equipe","Est. reading time":"2 minutes"},"schema":{"@context":"https:\/\/schema.org","@graph":[{"@type":"Article","@id":"https:\/\/latamreports.com\/br\/autoridades-investigam-responsaveis-por-levante-em-brasilia\/#article","isPartOf":{"@id":"https:\/\/latamreports.com\/br\/autoridades-investigam-responsaveis-por-levante-em-brasilia\/"},"author":{"name":"LatAm Reports Redatores da Equipe","@id":"https:\/\/latamreports.com\/br\/#\/schema\/person\/a561f2de7e5ccabfab38d239b39fdb70"},"headline":"Autoridades investigam respons\u00e1veis por levante em Bras\u00edlia","datePublished":"2024-09-30T20:58:02+00:00","dateModified":"2024-09-30T20:58:03+00:00","mainEntityOfPage":{"@id":"https:\/\/latamreports.com\/br\/autoridades-investigam-responsaveis-por-levante-em-brasilia\/"},"wordCount":359,"publisher":{"@id":"https:\/\/latamreports.com\/br\/#organization"},"image":{"@id":"https:\/\/latamreports.com\/br\/autoridades-investigam-responsaveis-por-levante-em-brasilia\/#primaryimage"},"thumbnailUrl":"https:\/\/latamreports.com\/br\/wp-content\/uploads\/Design-sem-nome-2024-09-30T152236.408.png","keywords":["Brasil"],"articleSection":["Pol\u00edtica"],"inLanguage":"en-US"},{"@type":"WebPage","@id":"https:\/\/latamreports.com\/br\/autoridades-investigam-responsaveis-por-levante-em-brasilia\/","url":"https:\/\/latamreports.com\/br\/autoridades-investigam-responsaveis-por-levante-em-brasilia\/","name":"Autoridades investigam respons\u00e1veis por levante em Bras\u00edlia","isPartOf":{"@id":"https:\/\/latamreports.com\/br\/#website"},"primaryImageOfPage":{"@id":"https:\/\/latamreports.com\/br\/autoridades-investigam-responsaveis-por-levante-em-brasilia\/#primaryimage"},"image":{"@id":"https:\/\/latamreports.com\/br\/autoridades-investigam-responsaveis-por-levante-em-brasilia\/#primaryimage"},"thumbnailUrl":"https:\/\/latamreports.com\/br\/wp-content\/uploads\/Design-sem-nome-2024-09-30T152236.408.png","datePublished":"2024-09-30T20:58:02+00:00","dateModified":"2024-09-30T20:58:03+00:00","description":"...quando milhares de apoiadores do ex-presidente Jair Bolsonaro invadiram o Congresso Nacional, o STF e o Pal\u00e1cio do Planalto, em Bras\u00edlia.","breadcrumb":{"@id":"https:\/\/latamreports.com\/br\/autoridades-investigam-responsaveis-por-levante-em-brasilia\/#breadcrumb"},"inLanguage":"en-US","potentialAction":[{"@type":"ReadAction","target":["https:\/\/latamreports.com\/br\/autoridades-investigam-responsaveis-por-levante-em-brasilia\/"]}]},{"@type":"ImageObject","inLanguage":"en-US","@id":"https:\/\/latamreports.com\/br\/autoridades-investigam-responsaveis-por-levante-em-brasilia\/#primaryimage","url":"https:\/\/latamreports.com\/br\/wp-content\/uploads\/Design-sem-nome-2024-09-30T152236.408.png","contentUrl":"https:\/\/latamreports.com\/br\/wp-content\/uploads\/Design-sem-nome-2024-09-30T152236.408.png","width":1200,"height":630,"caption":"Autoridades investigam respons\u00e1veis por levante em Bras\u00edlia"},{"@type":"BreadcrumbList","@id":"https:\/\/latamreports.com\/br\/autoridades-investigam-responsaveis-por-levante-em-brasilia\/#breadcrumb","itemListElement":[{"@type":"ListItem","position":1,"name":"Home","item":"https:\/\/latamreports.com\/br\/"},{"@type":"ListItem","position":2,"name":"Autoridades investigam respons\u00e1veis por levante em Bras\u00edlia"}]},{"@type":"WebSite","@id":"https:\/\/latamreports.com\/br\/#website","url":"https:\/\/latamreports.com\/br\/","name":"LatAm Reports","description":"Not\u00edcias e opini\u00f5es de todas as Am\u00e9ricas","publisher":{"@id":"https:\/\/latamreports.com\/br\/#organization"},"potentialAction":[{"@type":"SearchAction","target":{"@type":"EntryPoint","urlTemplate":"https:\/\/latamreports.com\/br\/?s={search_term_string}"},"query-input":{"@type":"PropertyValueSpecification","valueRequired":true,"valueName":"search_term_string"}}],"inLanguage":"en-US"},{"@type":"Organization","@id":"https:\/\/latamreports.com\/br\/#organization","name":"LatAm Reports","url":"https:\/\/latamreports.com\/br\/","logo":{"@type":"ImageObject","inLanguage":"en-US","@id":"https:\/\/latamreports.com\/br\/#\/schema\/logo\/image\/","url":"https:\/\/latamreports.com\/br\/wp-content\/uploads\/cropped-PNG2.png","contentUrl":"https:\/\/latamreports.com\/br\/wp-content\/uploads\/cropped-PNG2.png","width":2522,"height":1014,"caption":"LatAm Reports"},"image":{"@id":"https:\/\/latamreports.com\/br\/#\/schema\/logo\/image\/"},"sameAs":["https:\/\/facebook.com\/latamreports","https:\/\/x.com\/latamreports"]},{"@type":"Person","@id":"https:\/\/latamreports.com\/br\/#\/schema\/person\/a561f2de7e5ccabfab38d239b39fdb70","name":"LatAm Reports Redatores da Equipe","image":{"@type":"ImageObject","inLanguage":"en-US","@id":"https:\/\/secure.gravatar.com\/avatar\/dcdcc93cc5edddd2f3ef77245866172c7d7241a11ad58e1959aa824f2fae81f6?s=96&d=mm&r=g","url":"https:\/\/secure.gravatar.com\/avatar\/dcdcc93cc5edddd2f3ef77245866172c7d7241a11ad58e1959aa824f2fae81f6?s=96&d=mm&r=g","contentUrl":"https:\/\/secure.gravatar.com\/avatar\/dcdcc93cc5edddd2f3ef77245866172c7d7241a11ad58e1959aa824f2fae81f6?s=96&d=mm&r=g","caption":"LatAm Reports Redatores da Equipe"}}]}},"jetpack_publicize_connections":[],"_links":{"self":[{"href":"https:\/\/latamreports.com\/br\/wp-json\/wp\/v2\/posts\/8081","targetHints":{"allow":["GET"]}}],"collection":[{"href":"https:\/\/latamreports.com\/br\/wp-json\/wp\/v2\/posts"}],"about":[{"href":"https:\/\/latamreports.com\/br\/wp-json\/wp\/v2\/types\/post"}],"author":[{"embeddable":true,"href":"https:\/\/latamreports.com\/br\/wp-json\/wp\/v2\/users\/7"}],"replies":[{"embeddable":true,"href":"https:\/\/latamreports.com\/br\/wp-json\/wp\/v2\/comments?post=8081"}],"version-history":[{"count":1,"href":"https:\/\/latamreports.com\/br\/wp-json\/wp\/v2\/posts\/8081\/revisions"}],"predecessor-version":[{"id":8083,"href":"https:\/\/latamreports.com\/br\/wp-json\/wp\/v2\/posts\/8081\/revisions\/8083"}],"wp:featuredmedia":[{"embeddable":true,"href":"https:\/\/latamreports.com\/br\/wp-json\/wp\/v2\/media\/8082"}],"wp:attachment":[{"href":"https:\/\/latamreports.com\/br\/wp-json\/wp\/v2\/media?parent=8081"}],"wp:term":[{"taxonomy":"category","embeddable":true,"href":"https:\/\/latamreports.com\/br\/wp-json\/wp\/v2\/categories?post=8081"},{"taxonomy":"post_tag","embeddable":true,"href":"https:\/\/latamreports.com\/br\/wp-json\/wp\/v2\/tags?post=8081"}],"curies":[{"name":"wp","href":"https:\/\/api.w.org\/{rel}","templated":true}]}}