{"id":7950,"date":"2024-09-24T18:45:58","date_gmt":"2024-09-24T18:45:58","guid":{"rendered":"https:\/\/latamreports.com\/br\/?p=7950"},"modified":"2024-09-24T18:45:59","modified_gmt":"2024-09-24T18:45:59","slug":"assessor-de-pablo-marcal-agride-marqueteiro-de-nunes-durante-debate","status":"publish","type":"post","link":"https:\/\/latamreports.com\/br\/assessor-de-pablo-marcal-agride-marqueteiro-de-nunes-durante-debate\/","title":{"rendered":"Assessor de Pablo Mar\u00e7al agride marqueteiro de Nunes durante debate"},"content":{"rendered":"\n<p>Na noite de segunda-feira, 23, Nahuel Medina, assessor do candidato \u00e0 Prefeitura de S\u00e3o Paulo <a href=\"https:\/\/latamreports.com\/br\/pablo-marcal-anuncia-viagem-internacional-e-encontro-com-presidente-de-el-salvador\/\">Pablo Mar\u00e7al <\/a>(PRTB), agrediu com um soco o marqueteiro Duda Lima, integrante da campanha do atual prefeito Ricardo Nunes (MDB). O epis\u00f3dio ocorreu nos bastidores de um debate organizado pelo Flow Podcast, no Clube S\u00edrio Liban\u00eas, e foi registrado como les\u00e3o corporal no 16\u00ba Distrito Policial de Indian\u00f3polis.<\/p>\n\n\n\n<p>Duda precisou de seis pontos no rosto ap\u00f3s a agress\u00e3o, e o boletim de ocorr\u00eancia foi registrado pela v\u00edtima, que tamb\u00e9m solicitou medida protetiva. Medina foi liberado ap\u00f3s assinar um termo circunstanciado, alegando que o soco foi em leg\u00edtima defesa, acusando Duda de t\u00ea-lo agredido primeiro. Segundo Medina, o marqueteiro teria jogado seu celular no ch\u00e3o e o arranhado no peito durante uma discuss\u00e3o.<\/p>\n\n\n\n<h2 class=\"wp-block-heading\">Confus\u00e3o ap\u00f3s debate e rea\u00e7\u00f5es<\/h2>\n\n\n\n<p>A confus\u00e3o come\u00e7ou ap\u00f3s <a href=\"https:\/\/latamreports.com\/br\/criticas-a-estrategia-de-pablo-marcal-desgaste-com-publico-e-comparacoes-controversas\/\">Pablo Mar\u00e7al<\/a> ser expulso do debate por violar as regras e ofender Ricardo Nunes. Nos bastidores, Medina e Duda teriam trocado provoca\u00e7\u00f5es, o que culminou na agress\u00e3o. Enquanto Medina defende que reagiu ap\u00f3s ser atacado, Duda nega a acusa\u00e7\u00e3o e afirma que n\u00e3o encostou no assessor.<\/p>\n\n\n\n<p>Ricardo Nunes lamentou o epis\u00f3dio, classificando o ato como uma &#8220;agress\u00e3o covarde&#8221;. Por sua vez, Mar\u00e7al emitiu nota afirmando que tanto seu assessor quanto Duda Lima agiram de forma reprov\u00e1vel. O advogado de Duda, Daniel Bialski, afirmou que &#8220;a falta de civilidade&#8221; foi o fator desencadeador da viol\u00eancia.<\/p>\n","protected":false},"excerpt":{"rendered":"<p>Na noite de segunda-feira, 23, Nahuel Medina, assessor do candidato \u00e0 Prefeitura de S\u00e3o Paulo Pablo Mar\u00e7al (PRTB), agrediu com um soco o marqueteiro Duda &#8230; <a title=\"Assessor de Pablo Mar\u00e7al agride marqueteiro de Nunes durante debate\" class=\"read-more\" href=\"https:\/\/latamreports.com\/br\/assessor-de-pablo-marcal-agride-marqueteiro-de-nunes-durante-debate\/\" aria-label=\"Read more about Assessor de Pablo Mar\u00e7al agride marqueteiro de Nunes durante debate\">Read more<\/a><\/p>\n","protected":false},"author":7,"featured_media":7951,"comment_status":"closed","ping_status":"closed","sticky":false,"template":"","format":"standard","meta":{"footnotes":"","jetpack_publicize_message":"","jetpack_publicize_feature_enabled":true,"jetpack_social_post_already_shared":false,"jetpack_social_options":{"image_generator_settings":{"template":"highway","default_image_id":0,"font":"","enabled":false},"version":2}},"categories":[13],"tags":[31],"class_list":["post-7950","post","type-post","status-publish","format-standard","has-post-thumbnail","hentry","category-politica","tag-brasil","resize-featured-image"],"yoast_head":"<!-- This site is optimized with the Yoast SEO plugin v27.4 - https:\/\/yoast.com\/product\/yoast-seo-wordpress\/ -->\n<title>Assessor de Pablo Mar\u00e7al agride marqueteiro de Nunes<\/title>\n<meta name=\"description\" content=\"Na noite de segunda-feira, 23, Nahuel Medina, assessor do candidato \u00e0 Prefeitura de S\u00e3o Paulo Pablo Mar\u00e7al, agrediu com um soco o marqueteiro\" \/>\n<meta name=\"robots\" content=\"index, follow, max-snippet:-1, max-image-preview:large, max-video-preview:-1\" \/>\n<link rel=\"canonical\" href=\"https:\/\/latamreports.com\/br\/assessor-de-pablo-marcal-agride-marqueteiro-de-nunes-durante-debate\/\" \/>\n<meta property=\"og:locale\" content=\"en_US\" \/>\n<meta property=\"og:type\" content=\"article\" \/>\n<meta property=\"og:title\" content=\"Assessor de Pablo Mar\u00e7al agride marqueteiro de Nunes\" \/>\n<meta property=\"og:description\" content=\"Na noite de segunda-feira, 23, Nahuel Medina, assessor do candidato \u00e0 Prefeitura de S\u00e3o Paulo Pablo Mar\u00e7al, agrediu com um soco o marqueteiro\" \/>\n<meta property=\"og:url\" content=\"https:\/\/latamreports.com\/br\/assessor-de-pablo-marcal-agride-marqueteiro-de-nunes-durante-debate\/\" \/>\n<meta property=\"og:site_name\" content=\"LatAm Reports\" \/>\n<meta property=\"article:publisher\" content=\"https:\/\/facebook.com\/latamreports\" \/>\n<meta property=\"article:published_time\" content=\"2024-09-24T18:45:58+00:00\" \/>\n<meta property=\"article:modified_time\" content=\"2024-09-24T18:45:59+00:00\" \/>\n<meta property=\"og:image\" content=\"https:\/\/latamreports.com\/br\/wp-content\/uploads\/Design-sem-nome-2024-09-24T143135.308.png\" \/>\n\t<meta property=\"og:image:width\" content=\"1200\" \/>\n\t<meta property=\"og:image:height\" content=\"630\" \/>\n\t<meta property=\"og:image:type\" content=\"image\/png\" \/>\n<meta name=\"author\" content=\"LatAm Reports Redatores da Equipe\" \/>\n<meta name=\"twitter:card\" content=\"summary_large_image\" \/>\n<meta name=\"twitter:creator\" content=\"@latamreports\" \/>\n<meta name=\"twitter:site\" content=\"@latamreports\" \/>\n<meta name=\"twitter:label1\" content=\"Written by\" \/>\n\t<meta name=\"twitter:data1\" content=\"LatAm Reports Redatores da Equipe\" \/>\n\t<meta name=\"twitter:label2\" content=\"Est. reading time\" \/>\n\t<meta name=\"twitter:data2\" content=\"2 minutes\" \/>\n<script type=\"application\/ld+json\" class=\"yoast-schema-graph\">{\"@context\":\"https:\\\/\\\/schema.org\",\"@graph\":[{\"@type\":\"Article\",\"@id\":\"https:\\\/\\\/latamreports.com\\\/br\\\/assessor-de-pablo-marcal-agride-marqueteiro-de-nunes-durante-debate\\\/#article\",\"isPartOf\":{\"@id\":\"https:\\\/\\\/latamreports.com\\\/br\\\/assessor-de-pablo-marcal-agride-marqueteiro-de-nunes-durante-debate\\\/\"},\"author\":{\"name\":\"LatAm Reports Redatores da Equipe\",\"@id\":\"https:\\\/\\\/latamreports.com\\\/br\\\/#\\\/schema\\\/person\\\/a561f2de7e5ccabfab38d239b39fdb70\"},\"headline\":\"Assessor de Pablo Mar\u00e7al agride marqueteiro de Nunes durante debate\",\"datePublished\":\"2024-09-24T18:45:58+00:00\",\"dateModified\":\"2024-09-24T18:45:59+00:00\",\"mainEntityOfPage\":{\"@id\":\"https:\\\/\\\/latamreports.com\\\/br\\\/assessor-de-pablo-marcal-agride-marqueteiro-de-nunes-durante-debate\\\/\"},\"wordCount\":272,\"publisher\":{\"@id\":\"https:\\\/\\\/latamreports.com\\\/br\\\/#organization\"},\"image\":{\"@id\":\"https:\\\/\\\/latamreports.com\\\/br\\\/assessor-de-pablo-marcal-agride-marqueteiro-de-nunes-durante-debate\\\/#primaryimage\"},\"thumbnailUrl\":\"https:\\\/\\\/latamreports.com\\\/br\\\/wp-content\\\/uploads\\\/Design-sem-nome-2024-09-24T143135.308.png\",\"keywords\":[\"Brasil\"],\"articleSection\":[\"Pol\u00edtica\"],\"inLanguage\":\"en-US\"},{\"@type\":\"WebPage\",\"@id\":\"https:\\\/\\\/latamreports.com\\\/br\\\/assessor-de-pablo-marcal-agride-marqueteiro-de-nunes-durante-debate\\\/\",\"url\":\"https:\\\/\\\/latamreports.com\\\/br\\\/assessor-de-pablo-marcal-agride-marqueteiro-de-nunes-durante-debate\\\/\",\"name\":\"Assessor de Pablo Mar\u00e7al agride marqueteiro de Nunes\",\"isPartOf\":{\"@id\":\"https:\\\/\\\/latamreports.com\\\/br\\\/#website\"},\"primaryImageOfPage\":{\"@id\":\"https:\\\/\\\/latamreports.com\\\/br\\\/assessor-de-pablo-marcal-agride-marqueteiro-de-nunes-durante-debate\\\/#primaryimage\"},\"image\":{\"@id\":\"https:\\\/\\\/latamreports.com\\\/br\\\/assessor-de-pablo-marcal-agride-marqueteiro-de-nunes-durante-debate\\\/#primaryimage\"},\"thumbnailUrl\":\"https:\\\/\\\/latamreports.com\\\/br\\\/wp-content\\\/uploads\\\/Design-sem-nome-2024-09-24T143135.308.png\",\"datePublished\":\"2024-09-24T18:45:58+00:00\",\"dateModified\":\"2024-09-24T18:45:59+00:00\",\"description\":\"Na noite de segunda-feira, 23, Nahuel Medina, assessor do candidato \u00e0 Prefeitura de S\u00e3o Paulo Pablo Mar\u00e7al, agrediu com um soco o marqueteiro\",\"breadcrumb\":{\"@id\":\"https:\\\/\\\/latamreports.com\\\/br\\\/assessor-de-pablo-marcal-agride-marqueteiro-de-nunes-durante-debate\\\/#breadcrumb\"},\"inLanguage\":\"en-US\",\"potentialAction\":[{\"@type\":\"ReadAction\",\"target\":[\"https:\\\/\\\/latamreports.com\\\/br\\\/assessor-de-pablo-marcal-agride-marqueteiro-de-nunes-durante-debate\\\/\"]}]},{\"@type\":\"ImageObject\",\"inLanguage\":\"en-US\",\"@id\":\"https:\\\/\\\/latamreports.com\\\/br\\\/assessor-de-pablo-marcal-agride-marqueteiro-de-nunes-durante-debate\\\/#primaryimage\",\"url\":\"https:\\\/\\\/latamreports.com\\\/br\\\/wp-content\\\/uploads\\\/Design-sem-nome-2024-09-24T143135.308.png\",\"contentUrl\":\"https:\\\/\\\/latamreports.com\\\/br\\\/wp-content\\\/uploads\\\/Design-sem-nome-2024-09-24T143135.308.png\",\"width\":1200,\"height\":630,\"caption\":\"Assessor de Pablo Mar\u00e7al agride marqueteiro de Nunes durante debate\"},{\"@type\":\"BreadcrumbList\",\"@id\":\"https:\\\/\\\/latamreports.com\\\/br\\\/assessor-de-pablo-marcal-agride-marqueteiro-de-nunes-durante-debate\\\/#breadcrumb\",\"itemListElement\":[{\"@type\":\"ListItem\",\"position\":1,\"name\":\"Home\",\"item\":\"https:\\\/\\\/latamreports.com\\\/br\\\/\"},{\"@type\":\"ListItem\",\"position\":2,\"name\":\"Assessor de Pablo Mar\u00e7al agride marqueteiro de Nunes durante debate\"}]},{\"@type\":\"WebSite\",\"@id\":\"https:\\\/\\\/latamreports.com\\\/br\\\/#website\",\"url\":\"https:\\\/\\\/latamreports.com\\\/br\\\/\",\"name\":\"LatAm Reports\",\"description\":\"Not\u00edcias e opini\u00f5es de todas as Am\u00e9ricas\",\"publisher\":{\"@id\":\"https:\\\/\\\/latamreports.com\\\/br\\\/#organization\"},\"potentialAction\":[{\"@type\":\"SearchAction\",\"target\":{\"@type\":\"EntryPoint\",\"urlTemplate\":\"https:\\\/\\\/latamreports.com\\\/br\\\/?s={search_term_string}\"},\"query-input\":{\"@type\":\"PropertyValueSpecification\",\"valueRequired\":true,\"valueName\":\"search_term_string\"}}],\"inLanguage\":\"en-US\"},{\"@type\":\"Organization\",\"@id\":\"https:\\\/\\\/latamreports.com\\\/br\\\/#organization\",\"name\":\"LatAm Reports\",\"url\":\"https:\\\/\\\/latamreports.com\\\/br\\\/\",\"logo\":{\"@type\":\"ImageObject\",\"inLanguage\":\"en-US\",\"@id\":\"https:\\\/\\\/latamreports.com\\\/br\\\/#\\\/schema\\\/logo\\\/image\\\/\",\"url\":\"https:\\\/\\\/latamreports.com\\\/br\\\/wp-content\\\/uploads\\\/cropped-PNG2.png\",\"contentUrl\":\"https:\\\/\\\/latamreports.com\\\/br\\\/wp-content\\\/uploads\\\/cropped-PNG2.png\",\"width\":2522,\"height\":1014,\"caption\":\"LatAm Reports\"},\"image\":{\"@id\":\"https:\\\/\\\/latamreports.com\\\/br\\\/#\\\/schema\\\/logo\\\/image\\\/\"},\"sameAs\":[\"https:\\\/\\\/facebook.com\\\/latamreports\",\"https:\\\/\\\/x.com\\\/latamreports\"]},{\"@type\":\"Person\",\"@id\":\"https:\\\/\\\/latamreports.com\\\/br\\\/#\\\/schema\\\/person\\\/a561f2de7e5ccabfab38d239b39fdb70\",\"name\":\"LatAm Reports Redatores da Equipe\",\"image\":{\"@type\":\"ImageObject\",\"inLanguage\":\"en-US\",\"@id\":\"https:\\\/\\\/secure.gravatar.com\\\/avatar\\\/dcdcc93cc5edddd2f3ef77245866172c7d7241a11ad58e1959aa824f2fae81f6?s=96&d=mm&r=g\",\"url\":\"https:\\\/\\\/secure.gravatar.com\\\/avatar\\\/dcdcc93cc5edddd2f3ef77245866172c7d7241a11ad58e1959aa824f2fae81f6?s=96&d=mm&r=g\",\"contentUrl\":\"https:\\\/\\\/secure.gravatar.com\\\/avatar\\\/dcdcc93cc5edddd2f3ef77245866172c7d7241a11ad58e1959aa824f2fae81f6?s=96&d=mm&r=g\",\"caption\":\"LatAm Reports Redatores da Equipe\"}}]}<\/script>\n<!-- \/ Yoast SEO plugin. -->","yoast_head_json":{"title":"Assessor de Pablo Mar\u00e7al agride marqueteiro de Nunes","description":"Na noite de segunda-feira, 23, Nahuel Medina, assessor do candidato \u00e0 Prefeitura de S\u00e3o Paulo Pablo Mar\u00e7al, agrediu com um soco o marqueteiro","robots":{"index":"index","follow":"follow","max-snippet":"max-snippet:-1","max-image-preview":"max-image-preview:large","max-video-preview":"max-video-preview:-1"},"canonical":"https:\/\/latamreports.com\/br\/assessor-de-pablo-marcal-agride-marqueteiro-de-nunes-durante-debate\/","og_locale":"en_US","og_type":"article","og_title":"Assessor de Pablo Mar\u00e7al agride marqueteiro de Nunes","og_description":"Na noite de segunda-feira, 23, Nahuel Medina, assessor do candidato \u00e0 Prefeitura de S\u00e3o Paulo Pablo Mar\u00e7al, agrediu com um soco o marqueteiro","og_url":"https:\/\/latamreports.com\/br\/assessor-de-pablo-marcal-agride-marqueteiro-de-nunes-durante-debate\/","og_site_name":"LatAm Reports","article_publisher":"https:\/\/facebook.com\/latamreports","article_published_time":"2024-09-24T18:45:58+00:00","article_modified_time":"2024-09-24T18:45:59+00:00","og_image":[{"width":1200,"height":630,"url":"https:\/\/latamreports.com\/br\/wp-content\/uploads\/Design-sem-nome-2024-09-24T143135.308.png","type":"image\/png"}],"author":"LatAm Reports Redatores da Equipe","twitter_card":"summary_large_image","twitter_creator":"@latamreports","twitter_site":"@latamreports","twitter_misc":{"Written by":"LatAm Reports Redatores da Equipe","Est. reading time":"2 minutes"},"schema":{"@context":"https:\/\/schema.org","@graph":[{"@type":"Article","@id":"https:\/\/latamreports.com\/br\/assessor-de-pablo-marcal-agride-marqueteiro-de-nunes-durante-debate\/#article","isPartOf":{"@id":"https:\/\/latamreports.com\/br\/assessor-de-pablo-marcal-agride-marqueteiro-de-nunes-durante-debate\/"},"author":{"name":"LatAm Reports Redatores da Equipe","@id":"https:\/\/latamreports.com\/br\/#\/schema\/person\/a561f2de7e5ccabfab38d239b39fdb70"},"headline":"Assessor de Pablo Mar\u00e7al agride marqueteiro de Nunes durante debate","datePublished":"2024-09-24T18:45:58+00:00","dateModified":"2024-09-24T18:45:59+00:00","mainEntityOfPage":{"@id":"https:\/\/latamreports.com\/br\/assessor-de-pablo-marcal-agride-marqueteiro-de-nunes-durante-debate\/"},"wordCount":272,"publisher":{"@id":"https:\/\/latamreports.com\/br\/#organization"},"image":{"@id":"https:\/\/latamreports.com\/br\/assessor-de-pablo-marcal-agride-marqueteiro-de-nunes-durante-debate\/#primaryimage"},"thumbnailUrl":"https:\/\/latamreports.com\/br\/wp-content\/uploads\/Design-sem-nome-2024-09-24T143135.308.png","keywords":["Brasil"],"articleSection":["Pol\u00edtica"],"inLanguage":"en-US"},{"@type":"WebPage","@id":"https:\/\/latamreports.com\/br\/assessor-de-pablo-marcal-agride-marqueteiro-de-nunes-durante-debate\/","url":"https:\/\/latamreports.com\/br\/assessor-de-pablo-marcal-agride-marqueteiro-de-nunes-durante-debate\/","name":"Assessor de Pablo Mar\u00e7al agride marqueteiro de Nunes","isPartOf":{"@id":"https:\/\/latamreports.com\/br\/#website"},"primaryImageOfPage":{"@id":"https:\/\/latamreports.com\/br\/assessor-de-pablo-marcal-agride-marqueteiro-de-nunes-durante-debate\/#primaryimage"},"image":{"@id":"https:\/\/latamreports.com\/br\/assessor-de-pablo-marcal-agride-marqueteiro-de-nunes-durante-debate\/#primaryimage"},"thumbnailUrl":"https:\/\/latamreports.com\/br\/wp-content\/uploads\/Design-sem-nome-2024-09-24T143135.308.png","datePublished":"2024-09-24T18:45:58+00:00","dateModified":"2024-09-24T18:45:59+00:00","description":"Na noite de segunda-feira, 23, Nahuel Medina, assessor do candidato \u00e0 Prefeitura de S\u00e3o Paulo Pablo Mar\u00e7al, agrediu com um soco o marqueteiro","breadcrumb":{"@id":"https:\/\/latamreports.com\/br\/assessor-de-pablo-marcal-agride-marqueteiro-de-nunes-durante-debate\/#breadcrumb"},"inLanguage":"en-US","potentialAction":[{"@type":"ReadAction","target":["https:\/\/latamreports.com\/br\/assessor-de-pablo-marcal-agride-marqueteiro-de-nunes-durante-debate\/"]}]},{"@type":"ImageObject","inLanguage":"en-US","@id":"https:\/\/latamreports.com\/br\/assessor-de-pablo-marcal-agride-marqueteiro-de-nunes-durante-debate\/#primaryimage","url":"https:\/\/latamreports.com\/br\/wp-content\/uploads\/Design-sem-nome-2024-09-24T143135.308.png","contentUrl":"https:\/\/latamreports.com\/br\/wp-content\/uploads\/Design-sem-nome-2024-09-24T143135.308.png","width":1200,"height":630,"caption":"Assessor de Pablo Mar\u00e7al agride marqueteiro de Nunes durante debate"},{"@type":"BreadcrumbList","@id":"https:\/\/latamreports.com\/br\/assessor-de-pablo-marcal-agride-marqueteiro-de-nunes-durante-debate\/#breadcrumb","itemListElement":[{"@type":"ListItem","position":1,"name":"Home","item":"https:\/\/latamreports.com\/br\/"},{"@type":"ListItem","position":2,"name":"Assessor de Pablo Mar\u00e7al agride marqueteiro de Nunes durante debate"}]},{"@type":"WebSite","@id":"https:\/\/latamreports.com\/br\/#website","url":"https:\/\/latamreports.com\/br\/","name":"LatAm Reports","description":"Not\u00edcias e opini\u00f5es de todas as Am\u00e9ricas","publisher":{"@id":"https:\/\/latamreports.com\/br\/#organization"},"potentialAction":[{"@type":"SearchAction","target":{"@type":"EntryPoint","urlTemplate":"https:\/\/latamreports.com\/br\/?s={search_term_string}"},"query-input":{"@type":"PropertyValueSpecification","valueRequired":true,"valueName":"search_term_string"}}],"inLanguage":"en-US"},{"@type":"Organization","@id":"https:\/\/latamreports.com\/br\/#organization","name":"LatAm Reports","url":"https:\/\/latamreports.com\/br\/","logo":{"@type":"ImageObject","inLanguage":"en-US","@id":"https:\/\/latamreports.com\/br\/#\/schema\/logo\/image\/","url":"https:\/\/latamreports.com\/br\/wp-content\/uploads\/cropped-PNG2.png","contentUrl":"https:\/\/latamreports.com\/br\/wp-content\/uploads\/cropped-PNG2.png","width":2522,"height":1014,"caption":"LatAm Reports"},"image":{"@id":"https:\/\/latamreports.com\/br\/#\/schema\/logo\/image\/"},"sameAs":["https:\/\/facebook.com\/latamreports","https:\/\/x.com\/latamreports"]},{"@type":"Person","@id":"https:\/\/latamreports.com\/br\/#\/schema\/person\/a561f2de7e5ccabfab38d239b39fdb70","name":"LatAm Reports Redatores da Equipe","image":{"@type":"ImageObject","inLanguage":"en-US","@id":"https:\/\/secure.gravatar.com\/avatar\/dcdcc93cc5edddd2f3ef77245866172c7d7241a11ad58e1959aa824f2fae81f6?s=96&d=mm&r=g","url":"https:\/\/secure.gravatar.com\/avatar\/dcdcc93cc5edddd2f3ef77245866172c7d7241a11ad58e1959aa824f2fae81f6?s=96&d=mm&r=g","contentUrl":"https:\/\/secure.gravatar.com\/avatar\/dcdcc93cc5edddd2f3ef77245866172c7d7241a11ad58e1959aa824f2fae81f6?s=96&d=mm&r=g","caption":"LatAm Reports Redatores da Equipe"}}]}},"jetpack_publicize_connections":[],"_links":{"self":[{"href":"https:\/\/latamreports.com\/br\/wp-json\/wp\/v2\/posts\/7950","targetHints":{"allow":["GET"]}}],"collection":[{"href":"https:\/\/latamreports.com\/br\/wp-json\/wp\/v2\/posts"}],"about":[{"href":"https:\/\/latamreports.com\/br\/wp-json\/wp\/v2\/types\/post"}],"author":[{"embeddable":true,"href":"https:\/\/latamreports.com\/br\/wp-json\/wp\/v2\/users\/7"}],"replies":[{"embeddable":true,"href":"https:\/\/latamreports.com\/br\/wp-json\/wp\/v2\/comments?post=7950"}],"version-history":[{"count":2,"href":"https:\/\/latamreports.com\/br\/wp-json\/wp\/v2\/posts\/7950\/revisions"}],"predecessor-version":[{"id":7953,"href":"https:\/\/latamreports.com\/br\/wp-json\/wp\/v2\/posts\/7950\/revisions\/7953"}],"wp:featuredmedia":[{"embeddable":true,"href":"https:\/\/latamreports.com\/br\/wp-json\/wp\/v2\/media\/7951"}],"wp:attachment":[{"href":"https:\/\/latamreports.com\/br\/wp-json\/wp\/v2\/media?parent=7950"}],"wp:term":[{"taxonomy":"category","embeddable":true,"href":"https:\/\/latamreports.com\/br\/wp-json\/wp\/v2\/categories?post=7950"},{"taxonomy":"post_tag","embeddable":true,"href":"https:\/\/latamreports.com\/br\/wp-json\/wp\/v2\/tags?post=7950"}],"curies":[{"name":"wp","href":"https:\/\/api.w.org\/{rel}","templated":true}]}}