{"id":7568,"date":"2024-09-05T18:02:26","date_gmt":"2024-09-05T18:02:26","guid":{"rendered":"https:\/\/latamreports.com\/br\/?p=7568"},"modified":"2024-09-05T18:02:27","modified_gmt":"2024-09-05T18:02:27","slug":"elon-musk-retira-funcionarios-do-brasil-apos-bloqueio-da-rede-social-x","status":"publish","type":"post","link":"https:\/\/latamreports.com\/br\/elon-musk-retira-funcionarios-do-brasil-apos-bloqueio-da-rede-social-x\/","title":{"rendered":"Elon Musk retira funcion\u00e1rios do Brasil ap\u00f3s bloqueio da rede social X"},"content":{"rendered":"\n<p>A SpaceX, empresa de <a href=\"https:\/\/latamreports.com\/br\/stf-bloqueia-recursos-da-starlink-de-elon-musk-por-falta-de-representante-legal-do-x\/\">Elon Musk <\/a>especializada na fabrica\u00e7\u00e3o de naves espaciais, decidiu retirar seus funcion\u00e1rios do Brasil e aconselhou outros a evitarem viagens ao pa\u00eds, tanto a trabalho quanto a lazer. A medida foi anunciada menos de uma semana ap\u00f3s o ministro do Supremo Tribunal Federal (STF), <a href=\"https:\/\/latamreports.com\/br\/lula-apoia-alexandre-de-moraes-em-conflito-com-elon-musk-sobre-censura-no-x\/\">Alexandre de Moraes<\/a>, bloquear a rede social X, tamb\u00e9m de propriedade de Musk, em territ\u00f3rio brasileiro. A informa\u00e7\u00e3o foi divulgada pelo jornal norte-americano <em>Wall Street Journal<\/em> na \u00faltima quarta-feira, 4.<\/p>\n\n\n\n<p>Segundo o <em>Wall Street Journal<\/em>, a presidente da<a href=\"https:\/\/latamreports.com\/br\/juristas-criticam-decisoes-de-alexandre-de-moraes-contra-empresas-de-elon-musk\/\"> SpaceX,<\/a> Gwynne Shotwell, enviou um comunicado aos colaboradores no final da semana passada, recomendando que eles n\u00e3o viajassem para o Brasil. Al\u00e9m disso, a empresa teria tomado provid\u00eancias para transferir seu pequeno grupo de funcion\u00e1rios n\u00e3o-brasileiros para fora do pa\u00eds.<\/p>\n\n\n\n<h2 class=\"wp-block-heading\">Embate entre Elon Musk e STF ganha novos cap\u00edtulos<\/h2>\n\n\n\n<p>A decis\u00e3o da SpaceX \u00e9 mais um desdobramento na disputa entre Elon Musk e o ministro Alexandre de Moraes. No dia 30 de agosto, Moraes ordenou o bloqueio da rede social X no Brasil, ap\u00f3s Musk se recusar a nomear um representante legal para a plataforma no pa\u00eds, o que resultou no fechamento das opera\u00e7\u00f5es da empresa de m\u00eddia social no territ\u00f3rio brasileiro.<\/p>\n\n\n\n<p>Esse conflito tem ganhado repercuss\u00e3o internacional e levanta quest\u00f5es sobre a liberdade de express\u00e3o e a rela\u00e7\u00e3o entre gigantes da tecnologia e governos ao redor do mundo.<\/p>\n","protected":false},"excerpt":{"rendered":"<p>A SpaceX, empresa de Elon Musk especializada na fabrica\u00e7\u00e3o de naves espaciais, decidiu retirar seus funcion\u00e1rios do Brasil e aconselhou outros a evitarem viagens ao &#8230; <a title=\"Elon Musk retira funcion\u00e1rios do Brasil ap\u00f3s bloqueio da rede social X\" class=\"read-more\" href=\"https:\/\/latamreports.com\/br\/elon-musk-retira-funcionarios-do-brasil-apos-bloqueio-da-rede-social-x\/\" aria-label=\"Read more about Elon Musk retira funcion\u00e1rios do Brasil ap\u00f3s bloqueio da rede social X\">Read more<\/a><\/p>\n","protected":false},"author":7,"featured_media":7569,"comment_status":"closed","ping_status":"closed","sticky":false,"template":"","format":"standard","meta":{"footnotes":"","jetpack_publicize_message":"","jetpack_publicize_feature_enabled":true,"jetpack_social_post_already_shared":false,"jetpack_social_options":{"image_generator_settings":{"template":"highway","default_image_id":0,"font":"","enabled":false},"version":2}},"categories":[2],"tags":[31],"class_list":["post-7568","post","type-post","status-publish","format-standard","has-post-thumbnail","hentry","category-negocios","tag-brasil","resize-featured-image"],"yoast_head":"<!-- This site is optimized with the Yoast SEO plugin v27.4 - https:\/\/yoast.com\/product\/yoast-seo-wordpress\/ -->\n<title>Elon Musk retira funcion\u00e1rios do Brasil ap\u00f3s bloqueio do X<\/title>\n<meta name=\"description\" content=\"A SpaceX, empresa de Elon Musk especializada na fabrica\u00e7\u00e3o de naves espaciais, decidiu retirar seus funcion\u00e1rios do Brasil\" \/>\n<meta name=\"robots\" content=\"index, follow, max-snippet:-1, max-image-preview:large, max-video-preview:-1\" \/>\n<link rel=\"canonical\" href=\"https:\/\/latamreports.com\/br\/elon-musk-retira-funcionarios-do-brasil-apos-bloqueio-da-rede-social-x\/\" \/>\n<meta property=\"og:locale\" content=\"en_US\" \/>\n<meta property=\"og:type\" content=\"article\" \/>\n<meta property=\"og:title\" content=\"Elon Musk retira funcion\u00e1rios do Brasil ap\u00f3s bloqueio do X\" \/>\n<meta property=\"og:description\" content=\"A SpaceX, empresa de Elon Musk especializada na fabrica\u00e7\u00e3o de naves espaciais, decidiu retirar seus funcion\u00e1rios do Brasil\" \/>\n<meta property=\"og:url\" content=\"https:\/\/latamreports.com\/br\/elon-musk-retira-funcionarios-do-brasil-apos-bloqueio-da-rede-social-x\/\" \/>\n<meta property=\"og:site_name\" content=\"LatAm Reports\" \/>\n<meta property=\"article:publisher\" content=\"https:\/\/facebook.com\/latamreports\" \/>\n<meta property=\"article:published_time\" content=\"2024-09-05T18:02:26+00:00\" \/>\n<meta property=\"article:modified_time\" content=\"2024-09-05T18:02:27+00:00\" \/>\n<meta property=\"og:image\" content=\"https:\/\/latamreports.com\/br\/wp-content\/uploads\/Design-sem-nome-2024-09-05T134556.504.png\" \/>\n\t<meta property=\"og:image:width\" content=\"1200\" \/>\n\t<meta property=\"og:image:height\" content=\"630\" \/>\n\t<meta property=\"og:image:type\" content=\"image\/png\" \/>\n<meta name=\"author\" content=\"LatAm Reports Redatores da Equipe\" \/>\n<meta name=\"twitter:card\" content=\"summary_large_image\" \/>\n<meta name=\"twitter:creator\" content=\"@latamreports\" \/>\n<meta name=\"twitter:site\" content=\"@latamreports\" \/>\n<meta name=\"twitter:label1\" content=\"Written by\" \/>\n\t<meta name=\"twitter:data1\" content=\"LatAm Reports Redatores da Equipe\" \/>\n\t<meta name=\"twitter:label2\" content=\"Est. reading time\" \/>\n\t<meta name=\"twitter:data2\" content=\"2 minutes\" \/>\n<script type=\"application\/ld+json\" class=\"yoast-schema-graph\">{\"@context\":\"https:\\\/\\\/schema.org\",\"@graph\":[{\"@type\":\"Article\",\"@id\":\"https:\\\/\\\/latamreports.com\\\/br\\\/elon-musk-retira-funcionarios-do-brasil-apos-bloqueio-da-rede-social-x\\\/#article\",\"isPartOf\":{\"@id\":\"https:\\\/\\\/latamreports.com\\\/br\\\/elon-musk-retira-funcionarios-do-brasil-apos-bloqueio-da-rede-social-x\\\/\"},\"author\":{\"name\":\"LatAm Reports Redatores da Equipe\",\"@id\":\"https:\\\/\\\/latamreports.com\\\/br\\\/#\\\/schema\\\/person\\\/a561f2de7e5ccabfab38d239b39fdb70\"},\"headline\":\"Elon Musk retira funcion\u00e1rios do Brasil ap\u00f3s bloqueio da rede social X\",\"datePublished\":\"2024-09-05T18:02:26+00:00\",\"dateModified\":\"2024-09-05T18:02:27+00:00\",\"mainEntityOfPage\":{\"@id\":\"https:\\\/\\\/latamreports.com\\\/br\\\/elon-musk-retira-funcionarios-do-brasil-apos-bloqueio-da-rede-social-x\\\/\"},\"wordCount\":260,\"publisher\":{\"@id\":\"https:\\\/\\\/latamreports.com\\\/br\\\/#organization\"},\"image\":{\"@id\":\"https:\\\/\\\/latamreports.com\\\/br\\\/elon-musk-retira-funcionarios-do-brasil-apos-bloqueio-da-rede-social-x\\\/#primaryimage\"},\"thumbnailUrl\":\"https:\\\/\\\/latamreports.com\\\/br\\\/wp-content\\\/uploads\\\/Design-sem-nome-2024-09-05T134556.504.png\",\"keywords\":[\"Brasil\"],\"articleSection\":[\"Neg\u00f3cios\"],\"inLanguage\":\"en-US\"},{\"@type\":\"WebPage\",\"@id\":\"https:\\\/\\\/latamreports.com\\\/br\\\/elon-musk-retira-funcionarios-do-brasil-apos-bloqueio-da-rede-social-x\\\/\",\"url\":\"https:\\\/\\\/latamreports.com\\\/br\\\/elon-musk-retira-funcionarios-do-brasil-apos-bloqueio-da-rede-social-x\\\/\",\"name\":\"Elon Musk retira funcion\u00e1rios do Brasil ap\u00f3s bloqueio do X\",\"isPartOf\":{\"@id\":\"https:\\\/\\\/latamreports.com\\\/br\\\/#website\"},\"primaryImageOfPage\":{\"@id\":\"https:\\\/\\\/latamreports.com\\\/br\\\/elon-musk-retira-funcionarios-do-brasil-apos-bloqueio-da-rede-social-x\\\/#primaryimage\"},\"image\":{\"@id\":\"https:\\\/\\\/latamreports.com\\\/br\\\/elon-musk-retira-funcionarios-do-brasil-apos-bloqueio-da-rede-social-x\\\/#primaryimage\"},\"thumbnailUrl\":\"https:\\\/\\\/latamreports.com\\\/br\\\/wp-content\\\/uploads\\\/Design-sem-nome-2024-09-05T134556.504.png\",\"datePublished\":\"2024-09-05T18:02:26+00:00\",\"dateModified\":\"2024-09-05T18:02:27+00:00\",\"description\":\"A SpaceX, empresa de Elon Musk especializada na fabrica\u00e7\u00e3o de naves espaciais, decidiu retirar seus funcion\u00e1rios do Brasil\",\"breadcrumb\":{\"@id\":\"https:\\\/\\\/latamreports.com\\\/br\\\/elon-musk-retira-funcionarios-do-brasil-apos-bloqueio-da-rede-social-x\\\/#breadcrumb\"},\"inLanguage\":\"en-US\",\"potentialAction\":[{\"@type\":\"ReadAction\",\"target\":[\"https:\\\/\\\/latamreports.com\\\/br\\\/elon-musk-retira-funcionarios-do-brasil-apos-bloqueio-da-rede-social-x\\\/\"]}]},{\"@type\":\"ImageObject\",\"inLanguage\":\"en-US\",\"@id\":\"https:\\\/\\\/latamreports.com\\\/br\\\/elon-musk-retira-funcionarios-do-brasil-apos-bloqueio-da-rede-social-x\\\/#primaryimage\",\"url\":\"https:\\\/\\\/latamreports.com\\\/br\\\/wp-content\\\/uploads\\\/Design-sem-nome-2024-09-05T134556.504.png\",\"contentUrl\":\"https:\\\/\\\/latamreports.com\\\/br\\\/wp-content\\\/uploads\\\/Design-sem-nome-2024-09-05T134556.504.png\",\"width\":1200,\"height\":630,\"caption\":\"SpaceX retira funcion\u00e1rios do Brasil ap\u00f3s bloqueio da rede social X\"},{\"@type\":\"BreadcrumbList\",\"@id\":\"https:\\\/\\\/latamreports.com\\\/br\\\/elon-musk-retira-funcionarios-do-brasil-apos-bloqueio-da-rede-social-x\\\/#breadcrumb\",\"itemListElement\":[{\"@type\":\"ListItem\",\"position\":1,\"name\":\"Home\",\"item\":\"https:\\\/\\\/latamreports.com\\\/br\\\/\"},{\"@type\":\"ListItem\",\"position\":2,\"name\":\"Elon Musk retira funcion\u00e1rios do Brasil ap\u00f3s bloqueio da rede social X\"}]},{\"@type\":\"WebSite\",\"@id\":\"https:\\\/\\\/latamreports.com\\\/br\\\/#website\",\"url\":\"https:\\\/\\\/latamreports.com\\\/br\\\/\",\"name\":\"LatAm Reports\",\"description\":\"Not\u00edcias e opini\u00f5es de todas as Am\u00e9ricas\",\"publisher\":{\"@id\":\"https:\\\/\\\/latamreports.com\\\/br\\\/#organization\"},\"potentialAction\":[{\"@type\":\"SearchAction\",\"target\":{\"@type\":\"EntryPoint\",\"urlTemplate\":\"https:\\\/\\\/latamreports.com\\\/br\\\/?s={search_term_string}\"},\"query-input\":{\"@type\":\"PropertyValueSpecification\",\"valueRequired\":true,\"valueName\":\"search_term_string\"}}],\"inLanguage\":\"en-US\"},{\"@type\":\"Organization\",\"@id\":\"https:\\\/\\\/latamreports.com\\\/br\\\/#organization\",\"name\":\"LatAm Reports\",\"url\":\"https:\\\/\\\/latamreports.com\\\/br\\\/\",\"logo\":{\"@type\":\"ImageObject\",\"inLanguage\":\"en-US\",\"@id\":\"https:\\\/\\\/latamreports.com\\\/br\\\/#\\\/schema\\\/logo\\\/image\\\/\",\"url\":\"https:\\\/\\\/latamreports.com\\\/br\\\/wp-content\\\/uploads\\\/cropped-PNG2.png\",\"contentUrl\":\"https:\\\/\\\/latamreports.com\\\/br\\\/wp-content\\\/uploads\\\/cropped-PNG2.png\",\"width\":2522,\"height\":1014,\"caption\":\"LatAm Reports\"},\"image\":{\"@id\":\"https:\\\/\\\/latamreports.com\\\/br\\\/#\\\/schema\\\/logo\\\/image\\\/\"},\"sameAs\":[\"https:\\\/\\\/facebook.com\\\/latamreports\",\"https:\\\/\\\/x.com\\\/latamreports\"]},{\"@type\":\"Person\",\"@id\":\"https:\\\/\\\/latamreports.com\\\/br\\\/#\\\/schema\\\/person\\\/a561f2de7e5ccabfab38d239b39fdb70\",\"name\":\"LatAm Reports Redatores da Equipe\",\"image\":{\"@type\":\"ImageObject\",\"inLanguage\":\"en-US\",\"@id\":\"https:\\\/\\\/secure.gravatar.com\\\/avatar\\\/dcdcc93cc5edddd2f3ef77245866172c7d7241a11ad58e1959aa824f2fae81f6?s=96&d=mm&r=g\",\"url\":\"https:\\\/\\\/secure.gravatar.com\\\/avatar\\\/dcdcc93cc5edddd2f3ef77245866172c7d7241a11ad58e1959aa824f2fae81f6?s=96&d=mm&r=g\",\"contentUrl\":\"https:\\\/\\\/secure.gravatar.com\\\/avatar\\\/dcdcc93cc5edddd2f3ef77245866172c7d7241a11ad58e1959aa824f2fae81f6?s=96&d=mm&r=g\",\"caption\":\"LatAm Reports Redatores da Equipe\"}}]}<\/script>\n<!-- \/ Yoast SEO plugin. -->","yoast_head_json":{"title":"Elon Musk retira funcion\u00e1rios do Brasil ap\u00f3s bloqueio do X","description":"A SpaceX, empresa de Elon Musk especializada na fabrica\u00e7\u00e3o de naves espaciais, decidiu retirar seus funcion\u00e1rios do Brasil","robots":{"index":"index","follow":"follow","max-snippet":"max-snippet:-1","max-image-preview":"max-image-preview:large","max-video-preview":"max-video-preview:-1"},"canonical":"https:\/\/latamreports.com\/br\/elon-musk-retira-funcionarios-do-brasil-apos-bloqueio-da-rede-social-x\/","og_locale":"en_US","og_type":"article","og_title":"Elon Musk retira funcion\u00e1rios do Brasil ap\u00f3s bloqueio do X","og_description":"A SpaceX, empresa de Elon Musk especializada na fabrica\u00e7\u00e3o de naves espaciais, decidiu retirar seus funcion\u00e1rios do Brasil","og_url":"https:\/\/latamreports.com\/br\/elon-musk-retira-funcionarios-do-brasil-apos-bloqueio-da-rede-social-x\/","og_site_name":"LatAm Reports","article_publisher":"https:\/\/facebook.com\/latamreports","article_published_time":"2024-09-05T18:02:26+00:00","article_modified_time":"2024-09-05T18:02:27+00:00","og_image":[{"width":1200,"height":630,"url":"https:\/\/latamreports.com\/br\/wp-content\/uploads\/Design-sem-nome-2024-09-05T134556.504.png","type":"image\/png"}],"author":"LatAm Reports Redatores da Equipe","twitter_card":"summary_large_image","twitter_creator":"@latamreports","twitter_site":"@latamreports","twitter_misc":{"Written by":"LatAm Reports Redatores da Equipe","Est. reading time":"2 minutes"},"schema":{"@context":"https:\/\/schema.org","@graph":[{"@type":"Article","@id":"https:\/\/latamreports.com\/br\/elon-musk-retira-funcionarios-do-brasil-apos-bloqueio-da-rede-social-x\/#article","isPartOf":{"@id":"https:\/\/latamreports.com\/br\/elon-musk-retira-funcionarios-do-brasil-apos-bloqueio-da-rede-social-x\/"},"author":{"name":"LatAm Reports Redatores da Equipe","@id":"https:\/\/latamreports.com\/br\/#\/schema\/person\/a561f2de7e5ccabfab38d239b39fdb70"},"headline":"Elon Musk retira funcion\u00e1rios do Brasil ap\u00f3s bloqueio da rede social X","datePublished":"2024-09-05T18:02:26+00:00","dateModified":"2024-09-05T18:02:27+00:00","mainEntityOfPage":{"@id":"https:\/\/latamreports.com\/br\/elon-musk-retira-funcionarios-do-brasil-apos-bloqueio-da-rede-social-x\/"},"wordCount":260,"publisher":{"@id":"https:\/\/latamreports.com\/br\/#organization"},"image":{"@id":"https:\/\/latamreports.com\/br\/elon-musk-retira-funcionarios-do-brasil-apos-bloqueio-da-rede-social-x\/#primaryimage"},"thumbnailUrl":"https:\/\/latamreports.com\/br\/wp-content\/uploads\/Design-sem-nome-2024-09-05T134556.504.png","keywords":["Brasil"],"articleSection":["Neg\u00f3cios"],"inLanguage":"en-US"},{"@type":"WebPage","@id":"https:\/\/latamreports.com\/br\/elon-musk-retira-funcionarios-do-brasil-apos-bloqueio-da-rede-social-x\/","url":"https:\/\/latamreports.com\/br\/elon-musk-retira-funcionarios-do-brasil-apos-bloqueio-da-rede-social-x\/","name":"Elon Musk retira funcion\u00e1rios do Brasil ap\u00f3s bloqueio do X","isPartOf":{"@id":"https:\/\/latamreports.com\/br\/#website"},"primaryImageOfPage":{"@id":"https:\/\/latamreports.com\/br\/elon-musk-retira-funcionarios-do-brasil-apos-bloqueio-da-rede-social-x\/#primaryimage"},"image":{"@id":"https:\/\/latamreports.com\/br\/elon-musk-retira-funcionarios-do-brasil-apos-bloqueio-da-rede-social-x\/#primaryimage"},"thumbnailUrl":"https:\/\/latamreports.com\/br\/wp-content\/uploads\/Design-sem-nome-2024-09-05T134556.504.png","datePublished":"2024-09-05T18:02:26+00:00","dateModified":"2024-09-05T18:02:27+00:00","description":"A SpaceX, empresa de Elon Musk especializada na fabrica\u00e7\u00e3o de naves espaciais, decidiu retirar seus funcion\u00e1rios do Brasil","breadcrumb":{"@id":"https:\/\/latamreports.com\/br\/elon-musk-retira-funcionarios-do-brasil-apos-bloqueio-da-rede-social-x\/#breadcrumb"},"inLanguage":"en-US","potentialAction":[{"@type":"ReadAction","target":["https:\/\/latamreports.com\/br\/elon-musk-retira-funcionarios-do-brasil-apos-bloqueio-da-rede-social-x\/"]}]},{"@type":"ImageObject","inLanguage":"en-US","@id":"https:\/\/latamreports.com\/br\/elon-musk-retira-funcionarios-do-brasil-apos-bloqueio-da-rede-social-x\/#primaryimage","url":"https:\/\/latamreports.com\/br\/wp-content\/uploads\/Design-sem-nome-2024-09-05T134556.504.png","contentUrl":"https:\/\/latamreports.com\/br\/wp-content\/uploads\/Design-sem-nome-2024-09-05T134556.504.png","width":1200,"height":630,"caption":"SpaceX retira funcion\u00e1rios do Brasil ap\u00f3s bloqueio da rede social X"},{"@type":"BreadcrumbList","@id":"https:\/\/latamreports.com\/br\/elon-musk-retira-funcionarios-do-brasil-apos-bloqueio-da-rede-social-x\/#breadcrumb","itemListElement":[{"@type":"ListItem","position":1,"name":"Home","item":"https:\/\/latamreports.com\/br\/"},{"@type":"ListItem","position":2,"name":"Elon Musk retira funcion\u00e1rios do Brasil ap\u00f3s bloqueio da rede social X"}]},{"@type":"WebSite","@id":"https:\/\/latamreports.com\/br\/#website","url":"https:\/\/latamreports.com\/br\/","name":"LatAm Reports","description":"Not\u00edcias e opini\u00f5es de todas as Am\u00e9ricas","publisher":{"@id":"https:\/\/latamreports.com\/br\/#organization"},"potentialAction":[{"@type":"SearchAction","target":{"@type":"EntryPoint","urlTemplate":"https:\/\/latamreports.com\/br\/?s={search_term_string}"},"query-input":{"@type":"PropertyValueSpecification","valueRequired":true,"valueName":"search_term_string"}}],"inLanguage":"en-US"},{"@type":"Organization","@id":"https:\/\/latamreports.com\/br\/#organization","name":"LatAm Reports","url":"https:\/\/latamreports.com\/br\/","logo":{"@type":"ImageObject","inLanguage":"en-US","@id":"https:\/\/latamreports.com\/br\/#\/schema\/logo\/image\/","url":"https:\/\/latamreports.com\/br\/wp-content\/uploads\/cropped-PNG2.png","contentUrl":"https:\/\/latamreports.com\/br\/wp-content\/uploads\/cropped-PNG2.png","width":2522,"height":1014,"caption":"LatAm Reports"},"image":{"@id":"https:\/\/latamreports.com\/br\/#\/schema\/logo\/image\/"},"sameAs":["https:\/\/facebook.com\/latamreports","https:\/\/x.com\/latamreports"]},{"@type":"Person","@id":"https:\/\/latamreports.com\/br\/#\/schema\/person\/a561f2de7e5ccabfab38d239b39fdb70","name":"LatAm Reports Redatores da Equipe","image":{"@type":"ImageObject","inLanguage":"en-US","@id":"https:\/\/secure.gravatar.com\/avatar\/dcdcc93cc5edddd2f3ef77245866172c7d7241a11ad58e1959aa824f2fae81f6?s=96&d=mm&r=g","url":"https:\/\/secure.gravatar.com\/avatar\/dcdcc93cc5edddd2f3ef77245866172c7d7241a11ad58e1959aa824f2fae81f6?s=96&d=mm&r=g","contentUrl":"https:\/\/secure.gravatar.com\/avatar\/dcdcc93cc5edddd2f3ef77245866172c7d7241a11ad58e1959aa824f2fae81f6?s=96&d=mm&r=g","caption":"LatAm Reports Redatores da Equipe"}}]}},"jetpack_publicize_connections":[],"_links":{"self":[{"href":"https:\/\/latamreports.com\/br\/wp-json\/wp\/v2\/posts\/7568","targetHints":{"allow":["GET"]}}],"collection":[{"href":"https:\/\/latamreports.com\/br\/wp-json\/wp\/v2\/posts"}],"about":[{"href":"https:\/\/latamreports.com\/br\/wp-json\/wp\/v2\/types\/post"}],"author":[{"embeddable":true,"href":"https:\/\/latamreports.com\/br\/wp-json\/wp\/v2\/users\/7"}],"replies":[{"embeddable":true,"href":"https:\/\/latamreports.com\/br\/wp-json\/wp\/v2\/comments?post=7568"}],"version-history":[{"count":2,"href":"https:\/\/latamreports.com\/br\/wp-json\/wp\/v2\/posts\/7568\/revisions"}],"predecessor-version":[{"id":7571,"href":"https:\/\/latamreports.com\/br\/wp-json\/wp\/v2\/posts\/7568\/revisions\/7571"}],"wp:featuredmedia":[{"embeddable":true,"href":"https:\/\/latamreports.com\/br\/wp-json\/wp\/v2\/media\/7569"}],"wp:attachment":[{"href":"https:\/\/latamreports.com\/br\/wp-json\/wp\/v2\/media?parent=7568"}],"wp:term":[{"taxonomy":"category","embeddable":true,"href":"https:\/\/latamreports.com\/br\/wp-json\/wp\/v2\/categories?post=7568"},{"taxonomy":"post_tag","embeddable":true,"href":"https:\/\/latamreports.com\/br\/wp-json\/wp\/v2\/tags?post=7568"}],"curies":[{"name":"wp","href":"https:\/\/api.w.org\/{rel}","templated":true}]}}