{"id":7565,"date":"2024-09-05T17:52:53","date_gmt":"2024-09-05T17:52:53","guid":{"rendered":"https:\/\/latamreports.com\/br\/?p=7565"},"modified":"2024-09-05T17:52:54","modified_gmt":"2024-09-05T17:52:54","slug":"desafio-a-proibicao-do-x-no-brasil-chega-ao-supremo-tribunal-federal","status":"publish","type":"post","link":"https:\/\/latamreports.com\/br\/desafio-a-proibicao-do-x-no-brasil-chega-ao-supremo-tribunal-federal\/","title":{"rendered":"Desafio \u00e0 proibi\u00e7\u00e3o do X no Brasil chega ao Supremo Tribunal Federal"},"content":{"rendered":"\n<p>O ministro Kassio Nunes Marques, do Supremo Tribunal Federal (STF), decidiu que o plen\u00e1rio da Corte tomar\u00e1 a decis\u00e3o final sobre o recurso apresentado por um partido pol\u00edtico conservador que desafia a suspens\u00e3o da plataforma de <a href=\"https:\/\/latamreports.com\/br\/nunes-marques-e-relator-de-pedido-do-partido-novo-para-reverter-decisao-de-moraes-sobre-o-x\/\">m\u00eddia social X (antigo Twitter) <\/a>no Brasil. Essa medida pode intensificar a discuss\u00e3o sobre a liberdade de express\u00e3o no pa\u00eds.<\/p>\n\n\n\n<p>Em sua decis\u00e3o, Marques destacou que <em>&#8220;a controv\u00e9rsia constitucional abordada neste recurso \u00e9 sens\u00edvel e tem repercuss\u00f5es especiais para a ordem p\u00fablica e social, por isso considero pertinente submet\u00ea-la \u00e0 aprecia\u00e7\u00e3o do pleno do Supremo Tribunal Federal&#8221;.<\/em> <\/p>\n\n\n\n<p>No entanto, segundo um porta-voz do STF, isso n\u00e3o significa que o caso ser\u00e1 imediatamente levado ao plen\u00e1rio, pois o ministro ainda pode tomar uma decis\u00e3o individual antes de encaminhar a quest\u00e3o aos 11 ministros do tribunal.<\/p>\n\n\n\n<h2 class=\"wp-block-heading\">Partido conservador contesta bloqueio do X<\/h2>\n\n\n\n<p>O partido de direita Partido Novo busca reverter a decis\u00e3o do ministro Alexandre de Moraes, que ordenou o bloqueio do X no Brasil. Segundo Jonathan Mariano, procurador federal e candidato do Partido Novo \u00e0 C\u00e2mara Municipal do Rio de Janeiro, &#8220;esta \u00e9 uma quest\u00e3o de liberdade de express\u00e3o &#8211; queremos que o X volte ao normal no Brasil&#8221;. O bloqueio foi determinado ap\u00f3s a plataforma n\u00e3o cumprir ordens de bloquear contas acusadas de disseminar &#8220;fake news&#8221; e mensagens de \u00f3dio, consideradas uma amea\u00e7a \u00e0 democracia pelo ministro Moraes.<\/p>\n\n\n\n<p>Al\u00e9m disso, o X n\u00e3o nomeou um representante legal local, como exige a legisla\u00e7\u00e3o brasileira, e ignorou o prazo para cumprimento das ordens judiciais. Como resposta, Moraes congelou os ativos da empresa de internet via sat\u00e9lite Starlink, de propriedade de Elon Musk, para cobrir poss\u00edveis multas relacionadas ao X.<\/p>\n\n\n\n<p>Enquanto isso, uma pesquisa mostrou que a opini\u00e3o p\u00fablica brasileira est\u00e1 dividida em rela\u00e7\u00e3o \u00e0 decis\u00e3o de Moraes de bloquear o X. Embora uma ligeira maioria apoie a a\u00e7\u00e3o do juiz, as multas impostas aos usu\u00e1rios que acessam a plataforma via VPNs e o congelamento das contas da Starlink foram considerados &#8220;abusivos&#8221; por parte da popula\u00e7\u00e3o.<\/p>\n\n\n\n<p>O Partido Novo tamb\u00e9m questionou o congelamento dos ativos da Starlink, argumentando que as duas empresas s\u00e3o entidades separadas. A Ordem dos Advogados do Brasil (OAB) tamb\u00e9m pediu ao STF que reconsidere a ordem de Moraes, alegando que as multas di\u00e1rias de 50 mil reais para os brasileiros que acessarem o <a href=\"https:\/\/latamreports.com\/br\/starlink-recua-e-cumpre-ordem-de-bloqueio-do-x-no-brasil-afirma-reguladora\/\">X atrav\u00e9s de VPNs <\/a>violam os princ\u00edpios constitucionais de separa\u00e7\u00e3o de poderes, ampla defesa e devido processo legal.<\/p>\n\n\n\n<p>Artigo traduzido de <em><a href=\"https:\/\/www.reuters.com\/world\/americas\/conservative-challenge-brazils-ban-musks-x-may-escalate-feud-2024-09-05\/\">Reuters<\/a><\/em>.<\/p>\n","protected":false},"excerpt":{"rendered":"<p>O ministro Kassio Nunes Marques, do Supremo Tribunal Federal (STF), decidiu que o plen\u00e1rio da Corte tomar\u00e1 a decis\u00e3o final sobre o recurso apresentado por &#8230; <a title=\"Desafio \u00e0 proibi\u00e7\u00e3o do X no Brasil chega ao Supremo Tribunal Federal\" class=\"read-more\" href=\"https:\/\/latamreports.com\/br\/desafio-a-proibicao-do-x-no-brasil-chega-ao-supremo-tribunal-federal\/\" aria-label=\"Read more about Desafio \u00e0 proibi\u00e7\u00e3o do X no Brasil chega ao Supremo Tribunal Federal\">Read more<\/a><\/p>\n","protected":false},"author":7,"featured_media":7566,"comment_status":"closed","ping_status":"closed","sticky":false,"template":"","format":"standard","meta":{"footnotes":"","jetpack_publicize_message":"","jetpack_publicize_feature_enabled":true,"jetpack_social_post_already_shared":false,"jetpack_social_options":{"image_generator_settings":{"template":"highway","default_image_id":0,"font":"","enabled":false},"version":2}},"categories":[2,13],"tags":[31],"class_list":["post-7565","post","type-post","status-publish","format-standard","has-post-thumbnail","hentry","category-negocios","category-politica","tag-brasil","resize-featured-image"],"yoast_head":"<!-- This site is optimized with the Yoast SEO plugin v27.4 - https:\/\/yoast.com\/product\/yoast-seo-wordpress\/ -->\n<title>Desafio \u00e0 proibi\u00e7\u00e3o do X no Brasil chega ao STF<\/title>\n<meta name=\"description\" content=\"(...) recurso apresentado por um partido pol\u00edtico conservador que desafia a suspens\u00e3o da plataforma de m\u00eddia social X no Brasil.\" \/>\n<meta name=\"robots\" content=\"index, follow, max-snippet:-1, max-image-preview:large, max-video-preview:-1\" \/>\n<link rel=\"canonical\" href=\"https:\/\/latamreports.com\/br\/desafio-a-proibicao-do-x-no-brasil-chega-ao-supremo-tribunal-federal\/\" \/>\n<meta property=\"og:locale\" content=\"en_US\" \/>\n<meta property=\"og:type\" content=\"article\" \/>\n<meta property=\"og:title\" content=\"Desafio \u00e0 proibi\u00e7\u00e3o do X no Brasil chega ao STF\" \/>\n<meta property=\"og:description\" content=\"(...) recurso apresentado por um partido pol\u00edtico conservador que desafia a suspens\u00e3o da plataforma de m\u00eddia social X no Brasil.\" \/>\n<meta property=\"og:url\" content=\"https:\/\/latamreports.com\/br\/desafio-a-proibicao-do-x-no-brasil-chega-ao-supremo-tribunal-federal\/\" \/>\n<meta property=\"og:site_name\" content=\"LatAm Reports\" \/>\n<meta property=\"article:publisher\" content=\"https:\/\/facebook.com\/latamreports\" \/>\n<meta property=\"article:published_time\" content=\"2024-09-05T17:52:53+00:00\" \/>\n<meta property=\"article:modified_time\" content=\"2024-09-05T17:52:54+00:00\" \/>\n<meta property=\"og:image\" content=\"https:\/\/latamreports.com\/br\/wp-content\/uploads\/Design-sem-nome-2024-09-05T134620.833.png\" \/>\n\t<meta property=\"og:image:width\" content=\"1200\" \/>\n\t<meta property=\"og:image:height\" content=\"630\" \/>\n\t<meta property=\"og:image:type\" content=\"image\/png\" \/>\n<meta name=\"author\" content=\"LatAm Reports Redatores da Equipe\" \/>\n<meta name=\"twitter:card\" content=\"summary_large_image\" \/>\n<meta name=\"twitter:creator\" content=\"@latamreports\" \/>\n<meta name=\"twitter:site\" content=\"@latamreports\" \/>\n<meta name=\"twitter:label1\" content=\"Written by\" \/>\n\t<meta name=\"twitter:data1\" content=\"LatAm Reports Redatores da Equipe\" \/>\n\t<meta name=\"twitter:label2\" content=\"Est. reading time\" \/>\n\t<meta name=\"twitter:data2\" content=\"2 minutes\" \/>\n<script type=\"application\/ld+json\" class=\"yoast-schema-graph\">{\"@context\":\"https:\\\/\\\/schema.org\",\"@graph\":[{\"@type\":\"Article\",\"@id\":\"https:\\\/\\\/latamreports.com\\\/br\\\/desafio-a-proibicao-do-x-no-brasil-chega-ao-supremo-tribunal-federal\\\/#article\",\"isPartOf\":{\"@id\":\"https:\\\/\\\/latamreports.com\\\/br\\\/desafio-a-proibicao-do-x-no-brasil-chega-ao-supremo-tribunal-federal\\\/\"},\"author\":{\"name\":\"LatAm Reports Redatores da Equipe\",\"@id\":\"https:\\\/\\\/latamreports.com\\\/br\\\/#\\\/schema\\\/person\\\/a561f2de7e5ccabfab38d239b39fdb70\"},\"headline\":\"Desafio \u00e0 proibi\u00e7\u00e3o do X no Brasil chega ao Supremo Tribunal Federal\",\"datePublished\":\"2024-09-05T17:52:53+00:00\",\"dateModified\":\"2024-09-05T17:52:54+00:00\",\"mainEntityOfPage\":{\"@id\":\"https:\\\/\\\/latamreports.com\\\/br\\\/desafio-a-proibicao-do-x-no-brasil-chega-ao-supremo-tribunal-federal\\\/\"},\"wordCount\":451,\"publisher\":{\"@id\":\"https:\\\/\\\/latamreports.com\\\/br\\\/#organization\"},\"image\":{\"@id\":\"https:\\\/\\\/latamreports.com\\\/br\\\/desafio-a-proibicao-do-x-no-brasil-chega-ao-supremo-tribunal-federal\\\/#primaryimage\"},\"thumbnailUrl\":\"https:\\\/\\\/latamreports.com\\\/br\\\/wp-content\\\/uploads\\\/Design-sem-nome-2024-09-05T134620.833.png\",\"keywords\":[\"Brasil\"],\"articleSection\":[\"Neg\u00f3cios\",\"Pol\u00edtica\"],\"inLanguage\":\"en-US\"},{\"@type\":\"WebPage\",\"@id\":\"https:\\\/\\\/latamreports.com\\\/br\\\/desafio-a-proibicao-do-x-no-brasil-chega-ao-supremo-tribunal-federal\\\/\",\"url\":\"https:\\\/\\\/latamreports.com\\\/br\\\/desafio-a-proibicao-do-x-no-brasil-chega-ao-supremo-tribunal-federal\\\/\",\"name\":\"Desafio \u00e0 proibi\u00e7\u00e3o do X no Brasil chega ao STF\",\"isPartOf\":{\"@id\":\"https:\\\/\\\/latamreports.com\\\/br\\\/#website\"},\"primaryImageOfPage\":{\"@id\":\"https:\\\/\\\/latamreports.com\\\/br\\\/desafio-a-proibicao-do-x-no-brasil-chega-ao-supremo-tribunal-federal\\\/#primaryimage\"},\"image\":{\"@id\":\"https:\\\/\\\/latamreports.com\\\/br\\\/desafio-a-proibicao-do-x-no-brasil-chega-ao-supremo-tribunal-federal\\\/#primaryimage\"},\"thumbnailUrl\":\"https:\\\/\\\/latamreports.com\\\/br\\\/wp-content\\\/uploads\\\/Design-sem-nome-2024-09-05T134620.833.png\",\"datePublished\":\"2024-09-05T17:52:53+00:00\",\"dateModified\":\"2024-09-05T17:52:54+00:00\",\"description\":\"(...) recurso apresentado por um partido pol\u00edtico conservador que desafia a suspens\u00e3o da plataforma de m\u00eddia social X no Brasil.\",\"breadcrumb\":{\"@id\":\"https:\\\/\\\/latamreports.com\\\/br\\\/desafio-a-proibicao-do-x-no-brasil-chega-ao-supremo-tribunal-federal\\\/#breadcrumb\"},\"inLanguage\":\"en-US\",\"potentialAction\":[{\"@type\":\"ReadAction\",\"target\":[\"https:\\\/\\\/latamreports.com\\\/br\\\/desafio-a-proibicao-do-x-no-brasil-chega-ao-supremo-tribunal-federal\\\/\"]}]},{\"@type\":\"ImageObject\",\"inLanguage\":\"en-US\",\"@id\":\"https:\\\/\\\/latamreports.com\\\/br\\\/desafio-a-proibicao-do-x-no-brasil-chega-ao-supremo-tribunal-federal\\\/#primaryimage\",\"url\":\"https:\\\/\\\/latamreports.com\\\/br\\\/wp-content\\\/uploads\\\/Design-sem-nome-2024-09-05T134620.833.png\",\"contentUrl\":\"https:\\\/\\\/latamreports.com\\\/br\\\/wp-content\\\/uploads\\\/Design-sem-nome-2024-09-05T134620.833.png\",\"width\":1200,\"height\":630,\"caption\":\"Desafio \u00e0 proibi\u00e7\u00e3o do X no Brasil chega ao Supremo Tribunal Federal\"},{\"@type\":\"BreadcrumbList\",\"@id\":\"https:\\\/\\\/latamreports.com\\\/br\\\/desafio-a-proibicao-do-x-no-brasil-chega-ao-supremo-tribunal-federal\\\/#breadcrumb\",\"itemListElement\":[{\"@type\":\"ListItem\",\"position\":1,\"name\":\"Home\",\"item\":\"https:\\\/\\\/latamreports.com\\\/br\\\/\"},{\"@type\":\"ListItem\",\"position\":2,\"name\":\"Desafio \u00e0 proibi\u00e7\u00e3o do X no Brasil chega ao Supremo Tribunal Federal\"}]},{\"@type\":\"WebSite\",\"@id\":\"https:\\\/\\\/latamreports.com\\\/br\\\/#website\",\"url\":\"https:\\\/\\\/latamreports.com\\\/br\\\/\",\"name\":\"LatAm Reports\",\"description\":\"Not\u00edcias e opini\u00f5es de todas as Am\u00e9ricas\",\"publisher\":{\"@id\":\"https:\\\/\\\/latamreports.com\\\/br\\\/#organization\"},\"potentialAction\":[{\"@type\":\"SearchAction\",\"target\":{\"@type\":\"EntryPoint\",\"urlTemplate\":\"https:\\\/\\\/latamreports.com\\\/br\\\/?s={search_term_string}\"},\"query-input\":{\"@type\":\"PropertyValueSpecification\",\"valueRequired\":true,\"valueName\":\"search_term_string\"}}],\"inLanguage\":\"en-US\"},{\"@type\":\"Organization\",\"@id\":\"https:\\\/\\\/latamreports.com\\\/br\\\/#organization\",\"name\":\"LatAm Reports\",\"url\":\"https:\\\/\\\/latamreports.com\\\/br\\\/\",\"logo\":{\"@type\":\"ImageObject\",\"inLanguage\":\"en-US\",\"@id\":\"https:\\\/\\\/latamreports.com\\\/br\\\/#\\\/schema\\\/logo\\\/image\\\/\",\"url\":\"https:\\\/\\\/latamreports.com\\\/br\\\/wp-content\\\/uploads\\\/cropped-PNG2.png\",\"contentUrl\":\"https:\\\/\\\/latamreports.com\\\/br\\\/wp-content\\\/uploads\\\/cropped-PNG2.png\",\"width\":2522,\"height\":1014,\"caption\":\"LatAm Reports\"},\"image\":{\"@id\":\"https:\\\/\\\/latamreports.com\\\/br\\\/#\\\/schema\\\/logo\\\/image\\\/\"},\"sameAs\":[\"https:\\\/\\\/facebook.com\\\/latamreports\",\"https:\\\/\\\/x.com\\\/latamreports\"]},{\"@type\":\"Person\",\"@id\":\"https:\\\/\\\/latamreports.com\\\/br\\\/#\\\/schema\\\/person\\\/a561f2de7e5ccabfab38d239b39fdb70\",\"name\":\"LatAm Reports Redatores da Equipe\",\"image\":{\"@type\":\"ImageObject\",\"inLanguage\":\"en-US\",\"@id\":\"https:\\\/\\\/secure.gravatar.com\\\/avatar\\\/dcdcc93cc5edddd2f3ef77245866172c7d7241a11ad58e1959aa824f2fae81f6?s=96&d=mm&r=g\",\"url\":\"https:\\\/\\\/secure.gravatar.com\\\/avatar\\\/dcdcc93cc5edddd2f3ef77245866172c7d7241a11ad58e1959aa824f2fae81f6?s=96&d=mm&r=g\",\"contentUrl\":\"https:\\\/\\\/secure.gravatar.com\\\/avatar\\\/dcdcc93cc5edddd2f3ef77245866172c7d7241a11ad58e1959aa824f2fae81f6?s=96&d=mm&r=g\",\"caption\":\"LatAm Reports Redatores da Equipe\"}}]}<\/script>\n<!-- \/ Yoast SEO plugin. -->","yoast_head_json":{"title":"Desafio \u00e0 proibi\u00e7\u00e3o do X no Brasil chega ao STF","description":"(...) recurso apresentado por um partido pol\u00edtico conservador que desafia a suspens\u00e3o da plataforma de m\u00eddia social X no Brasil.","robots":{"index":"index","follow":"follow","max-snippet":"max-snippet:-1","max-image-preview":"max-image-preview:large","max-video-preview":"max-video-preview:-1"},"canonical":"https:\/\/latamreports.com\/br\/desafio-a-proibicao-do-x-no-brasil-chega-ao-supremo-tribunal-federal\/","og_locale":"en_US","og_type":"article","og_title":"Desafio \u00e0 proibi\u00e7\u00e3o do X no Brasil chega ao STF","og_description":"(...) recurso apresentado por um partido pol\u00edtico conservador que desafia a suspens\u00e3o da plataforma de m\u00eddia social X no Brasil.","og_url":"https:\/\/latamreports.com\/br\/desafio-a-proibicao-do-x-no-brasil-chega-ao-supremo-tribunal-federal\/","og_site_name":"LatAm Reports","article_publisher":"https:\/\/facebook.com\/latamreports","article_published_time":"2024-09-05T17:52:53+00:00","article_modified_time":"2024-09-05T17:52:54+00:00","og_image":[{"width":1200,"height":630,"url":"https:\/\/latamreports.com\/br\/wp-content\/uploads\/Design-sem-nome-2024-09-05T134620.833.png","type":"image\/png"}],"author":"LatAm Reports Redatores da Equipe","twitter_card":"summary_large_image","twitter_creator":"@latamreports","twitter_site":"@latamreports","twitter_misc":{"Written by":"LatAm Reports Redatores da Equipe","Est. reading time":"2 minutes"},"schema":{"@context":"https:\/\/schema.org","@graph":[{"@type":"Article","@id":"https:\/\/latamreports.com\/br\/desafio-a-proibicao-do-x-no-brasil-chega-ao-supremo-tribunal-federal\/#article","isPartOf":{"@id":"https:\/\/latamreports.com\/br\/desafio-a-proibicao-do-x-no-brasil-chega-ao-supremo-tribunal-federal\/"},"author":{"name":"LatAm Reports Redatores da Equipe","@id":"https:\/\/latamreports.com\/br\/#\/schema\/person\/a561f2de7e5ccabfab38d239b39fdb70"},"headline":"Desafio \u00e0 proibi\u00e7\u00e3o do X no Brasil chega ao Supremo Tribunal Federal","datePublished":"2024-09-05T17:52:53+00:00","dateModified":"2024-09-05T17:52:54+00:00","mainEntityOfPage":{"@id":"https:\/\/latamreports.com\/br\/desafio-a-proibicao-do-x-no-brasil-chega-ao-supremo-tribunal-federal\/"},"wordCount":451,"publisher":{"@id":"https:\/\/latamreports.com\/br\/#organization"},"image":{"@id":"https:\/\/latamreports.com\/br\/desafio-a-proibicao-do-x-no-brasil-chega-ao-supremo-tribunal-federal\/#primaryimage"},"thumbnailUrl":"https:\/\/latamreports.com\/br\/wp-content\/uploads\/Design-sem-nome-2024-09-05T134620.833.png","keywords":["Brasil"],"articleSection":["Neg\u00f3cios","Pol\u00edtica"],"inLanguage":"en-US"},{"@type":"WebPage","@id":"https:\/\/latamreports.com\/br\/desafio-a-proibicao-do-x-no-brasil-chega-ao-supremo-tribunal-federal\/","url":"https:\/\/latamreports.com\/br\/desafio-a-proibicao-do-x-no-brasil-chega-ao-supremo-tribunal-federal\/","name":"Desafio \u00e0 proibi\u00e7\u00e3o do X no Brasil chega ao STF","isPartOf":{"@id":"https:\/\/latamreports.com\/br\/#website"},"primaryImageOfPage":{"@id":"https:\/\/latamreports.com\/br\/desafio-a-proibicao-do-x-no-brasil-chega-ao-supremo-tribunal-federal\/#primaryimage"},"image":{"@id":"https:\/\/latamreports.com\/br\/desafio-a-proibicao-do-x-no-brasil-chega-ao-supremo-tribunal-federal\/#primaryimage"},"thumbnailUrl":"https:\/\/latamreports.com\/br\/wp-content\/uploads\/Design-sem-nome-2024-09-05T134620.833.png","datePublished":"2024-09-05T17:52:53+00:00","dateModified":"2024-09-05T17:52:54+00:00","description":"(...) recurso apresentado por um partido pol\u00edtico conservador que desafia a suspens\u00e3o da plataforma de m\u00eddia social X no Brasil.","breadcrumb":{"@id":"https:\/\/latamreports.com\/br\/desafio-a-proibicao-do-x-no-brasil-chega-ao-supremo-tribunal-federal\/#breadcrumb"},"inLanguage":"en-US","potentialAction":[{"@type":"ReadAction","target":["https:\/\/latamreports.com\/br\/desafio-a-proibicao-do-x-no-brasil-chega-ao-supremo-tribunal-federal\/"]}]},{"@type":"ImageObject","inLanguage":"en-US","@id":"https:\/\/latamreports.com\/br\/desafio-a-proibicao-do-x-no-brasil-chega-ao-supremo-tribunal-federal\/#primaryimage","url":"https:\/\/latamreports.com\/br\/wp-content\/uploads\/Design-sem-nome-2024-09-05T134620.833.png","contentUrl":"https:\/\/latamreports.com\/br\/wp-content\/uploads\/Design-sem-nome-2024-09-05T134620.833.png","width":1200,"height":630,"caption":"Desafio \u00e0 proibi\u00e7\u00e3o do X no Brasil chega ao Supremo Tribunal Federal"},{"@type":"BreadcrumbList","@id":"https:\/\/latamreports.com\/br\/desafio-a-proibicao-do-x-no-brasil-chega-ao-supremo-tribunal-federal\/#breadcrumb","itemListElement":[{"@type":"ListItem","position":1,"name":"Home","item":"https:\/\/latamreports.com\/br\/"},{"@type":"ListItem","position":2,"name":"Desafio \u00e0 proibi\u00e7\u00e3o do X no Brasil chega ao Supremo Tribunal Federal"}]},{"@type":"WebSite","@id":"https:\/\/latamreports.com\/br\/#website","url":"https:\/\/latamreports.com\/br\/","name":"LatAm Reports","description":"Not\u00edcias e opini\u00f5es de todas as Am\u00e9ricas","publisher":{"@id":"https:\/\/latamreports.com\/br\/#organization"},"potentialAction":[{"@type":"SearchAction","target":{"@type":"EntryPoint","urlTemplate":"https:\/\/latamreports.com\/br\/?s={search_term_string}"},"query-input":{"@type":"PropertyValueSpecification","valueRequired":true,"valueName":"search_term_string"}}],"inLanguage":"en-US"},{"@type":"Organization","@id":"https:\/\/latamreports.com\/br\/#organization","name":"LatAm Reports","url":"https:\/\/latamreports.com\/br\/","logo":{"@type":"ImageObject","inLanguage":"en-US","@id":"https:\/\/latamreports.com\/br\/#\/schema\/logo\/image\/","url":"https:\/\/latamreports.com\/br\/wp-content\/uploads\/cropped-PNG2.png","contentUrl":"https:\/\/latamreports.com\/br\/wp-content\/uploads\/cropped-PNG2.png","width":2522,"height":1014,"caption":"LatAm Reports"},"image":{"@id":"https:\/\/latamreports.com\/br\/#\/schema\/logo\/image\/"},"sameAs":["https:\/\/facebook.com\/latamreports","https:\/\/x.com\/latamreports"]},{"@type":"Person","@id":"https:\/\/latamreports.com\/br\/#\/schema\/person\/a561f2de7e5ccabfab38d239b39fdb70","name":"LatAm Reports Redatores da Equipe","image":{"@type":"ImageObject","inLanguage":"en-US","@id":"https:\/\/secure.gravatar.com\/avatar\/dcdcc93cc5edddd2f3ef77245866172c7d7241a11ad58e1959aa824f2fae81f6?s=96&d=mm&r=g","url":"https:\/\/secure.gravatar.com\/avatar\/dcdcc93cc5edddd2f3ef77245866172c7d7241a11ad58e1959aa824f2fae81f6?s=96&d=mm&r=g","contentUrl":"https:\/\/secure.gravatar.com\/avatar\/dcdcc93cc5edddd2f3ef77245866172c7d7241a11ad58e1959aa824f2fae81f6?s=96&d=mm&r=g","caption":"LatAm Reports Redatores da Equipe"}}]}},"jetpack_publicize_connections":[],"_links":{"self":[{"href":"https:\/\/latamreports.com\/br\/wp-json\/wp\/v2\/posts\/7565","targetHints":{"allow":["GET"]}}],"collection":[{"href":"https:\/\/latamreports.com\/br\/wp-json\/wp\/v2\/posts"}],"about":[{"href":"https:\/\/latamreports.com\/br\/wp-json\/wp\/v2\/types\/post"}],"author":[{"embeddable":true,"href":"https:\/\/latamreports.com\/br\/wp-json\/wp\/v2\/users\/7"}],"replies":[{"embeddable":true,"href":"https:\/\/latamreports.com\/br\/wp-json\/wp\/v2\/comments?post=7565"}],"version-history":[{"count":1,"href":"https:\/\/latamreports.com\/br\/wp-json\/wp\/v2\/posts\/7565\/revisions"}],"predecessor-version":[{"id":7567,"href":"https:\/\/latamreports.com\/br\/wp-json\/wp\/v2\/posts\/7565\/revisions\/7567"}],"wp:featuredmedia":[{"embeddable":true,"href":"https:\/\/latamreports.com\/br\/wp-json\/wp\/v2\/media\/7566"}],"wp:attachment":[{"href":"https:\/\/latamreports.com\/br\/wp-json\/wp\/v2\/media?parent=7565"}],"wp:term":[{"taxonomy":"category","embeddable":true,"href":"https:\/\/latamreports.com\/br\/wp-json\/wp\/v2\/categories?post=7565"},{"taxonomy":"post_tag","embeddable":true,"href":"https:\/\/latamreports.com\/br\/wp-json\/wp\/v2\/tags?post=7565"}],"curies":[{"name":"wp","href":"https:\/\/api.w.org\/{rel}","templated":true}]}}