{"id":7482,"date":"2024-08-30T19:41:16","date_gmt":"2024-08-30T19:41:16","guid":{"rendered":"https:\/\/latamreports.com\/br\/?p=7482"},"modified":"2024-08-30T19:44:55","modified_gmt":"2024-08-30T19:44:55","slug":"lula-apoia-alexandre-de-moraes-em-conflito-com-elon-musk-sobre-censura-no-x","status":"publish","type":"post","link":"https:\/\/latamreports.com\/br\/lula-apoia-alexandre-de-moraes-em-conflito-com-elon-musk-sobre-censura-no-x\/","title":{"rendered":"Lula apoia Alexandre de Moraes em conflito com Elon Musk sobre censura no X"},"content":{"rendered":"\n<p>O embate entre o bilion\u00e1rio<a href=\"https:\/\/latamreports.com\/br\/juristas-criticam-decisoes-de-alexandre-de-moraes-contra-empresas-de-elon-musk\/\"> Elon Musk e o ministro do Supremo Tribunal Federal (STF),<\/a> Alexandre de Moraes, intensificou-se nos \u00faltimos dias, ganhando destaque tanto na m\u00eddia nacional quanto internacional.<\/p>\n\n\n\n<h2 class=\"wp-block-heading\">Desafios legais e rea\u00e7\u00f5es de Lula<\/h2>\n\n\n\n<p>A disputa teve novos desdobramentos quando Musk n\u00e3o atendeu \u00e0s solicita\u00e7\u00f5es de Moraes para bloquear certos perfis na <a href=\"https:\/\/latamreports.com\/br\/stf-bloqueia-recursos-da-starlink-de-elon-musk-por-falta-de-representante-legal-do-x\/\">rede social X<\/a> (anteriormente Twitter). Al\u00e9m disso, o bilion\u00e1rio deixou de pagar multas aplicadas pela Justi\u00e7a brasileira em raz\u00e3o do descumprimento das ordens judiciais.<\/p>\n\n\n\n<p>O confronto atingiu um ponto cr\u00edtico nesta quinta-feira, quando circulou a informa\u00e7\u00e3o de que a rede social poderia ser retirada do ar no Brasil. Isso se deve ao prazo que Moraes concedeu a Musk para nomear um representante legal da empresa no pa\u00eds. A decis\u00e3o surge ap\u00f3s o fechamento do escrit\u00f3rio da empresa no Brasil e a demiss\u00e3o de cerca de 40 funcion\u00e1rios. A legisla\u00e7\u00e3o brasileira exige que empresas estrangeiras tenham um representante legal para gerenciar quest\u00f5es jur\u00eddicas e intima\u00e7\u00f5es.<\/p>\n\n\n\n<p>Em uma entrevista \u00e0 R\u00e1dio Pop de Jo\u00e3o Pessoa, o presidente Luiz In\u00e1cio Lula da Silva expressou seu apoio \u00e0 decis\u00e3o de Moraes, afirmando que Elon Musk deve &#8220;aceitar as regras do Brasil&#8221;. Lula enfatizou que todos os investidores estrangeiros est\u00e3o subordinados \u00e0 Constitui\u00e7\u00e3o e \u00e0s leis brasileiras, independentemente de seu poder econ\u00f4mico. <\/p>\n\n\n\n<blockquote class=\"wp-block-quote is-layout-flow wp-block-quote-is-layout-flow\">\n<p>\u201cSe a Suprema Corte tomou uma decis\u00e3o, ou ele cumpre ou ter\u00e1 que enfrentar outras consequ\u00eancias. N\u00e3o \u00e9 porque algu\u00e9m tem muito dinheiro que pode desrespeitar as leis. Se quiser bem, se n\u00e3o quiser, paci\u00eancia. Se n\u00e3o for assim, esse pa\u00eds nunca ser\u00e1 soberano\u201d, declarou <a href=\"https:\/\/latamreports.com\/br\/candidatura-de-venezuela-e-nicaragua-ao-brics-desafios-diplomaticos-para-o-governo-lula\/\">Lula<\/a>.<\/p>\n<\/blockquote>\n\n\n\n<h2 class=\"wp-block-heading\">Situa\u00e7\u00e3o atual e expectativas futuras<\/h2>\n\n\n\n<p>Apesar do t\u00e9rmino do prazo estipulado por Moraes, a rede social X continua operando no Brasil. A situa\u00e7\u00e3o permanece em evolu\u00e7\u00e3o, e novos desenvolvimentos s\u00e3o aguardados com expectativa. O desfecho desse caso, que tem atra\u00eddo a aten\u00e7\u00e3o global, promete trazer mais cap\u00edtulos e decis\u00f5es que poder\u00e3o impactar tanto a rela\u00e7\u00e3o entre o Brasil e a gigante da tecnologia quanto a abordagem do pa\u00eds em rela\u00e7\u00e3o \u00e0s leis e regulamentos de empresas estrangeiras.<\/p>\n","protected":false},"excerpt":{"rendered":"<p>O embate entre o bilion\u00e1rio Elon Musk e o ministro do Supremo Tribunal Federal (STF), Alexandre de Moraes, intensificou-se nos \u00faltimos dias, ganhando destaque tanto &#8230; <a title=\"Lula apoia Alexandre de Moraes em conflito com Elon Musk sobre censura no X\" class=\"read-more\" href=\"https:\/\/latamreports.com\/br\/lula-apoia-alexandre-de-moraes-em-conflito-com-elon-musk-sobre-censura-no-x\/\" aria-label=\"Read more about Lula apoia Alexandre de Moraes em conflito com Elon Musk sobre censura no X\">Read more<\/a><\/p>\n","protected":false},"author":7,"featured_media":7483,"comment_status":"closed","ping_status":"closed","sticky":false,"template":"","format":"standard","meta":{"footnotes":"","jetpack_publicize_message":"","jetpack_publicize_feature_enabled":true,"jetpack_social_post_already_shared":false,"jetpack_social_options":{"image_generator_settings":{"template":"highway","default_image_id":0,"font":"","enabled":false},"version":2}},"categories":[2],"tags":[31],"class_list":["post-7482","post","type-post","status-publish","format-standard","has-post-thumbnail","hentry","category-negocios","tag-brasil","resize-featured-image"],"yoast_head":"<!-- This site is optimized with the Yoast SEO plugin v27.4 - https:\/\/yoast.com\/product\/yoast-seo-wordpress\/ -->\n<title>Lula apoia Alexandre de Moraes em conflito com Elon Musk<\/title>\n<meta name=\"description\" content=\"O embate entre o bilion\u00e1rio Elon Musk e o ministro do Supremo Tribunal Federal (STF), Alexandre de Moraes, intensificou-se nos \u00faltimos dias\" \/>\n<meta name=\"robots\" content=\"index, follow, max-snippet:-1, max-image-preview:large, max-video-preview:-1\" \/>\n<link rel=\"canonical\" href=\"https:\/\/latamreports.com\/br\/lula-apoia-alexandre-de-moraes-em-conflito-com-elon-musk-sobre-censura-no-x\/\" \/>\n<meta property=\"og:locale\" content=\"en_US\" \/>\n<meta property=\"og:type\" content=\"article\" \/>\n<meta property=\"og:title\" content=\"Lula apoia Alexandre de Moraes em conflito com Elon Musk\" \/>\n<meta property=\"og:description\" content=\"O embate entre o bilion\u00e1rio Elon Musk e o ministro do Supremo Tribunal Federal (STF), Alexandre de Moraes, intensificou-se nos \u00faltimos dias\" \/>\n<meta property=\"og:url\" content=\"https:\/\/latamreports.com\/br\/lula-apoia-alexandre-de-moraes-em-conflito-com-elon-musk-sobre-censura-no-x\/\" \/>\n<meta property=\"og:site_name\" content=\"LatAm Reports\" \/>\n<meta property=\"article:publisher\" content=\"https:\/\/facebook.com\/latamreports\" \/>\n<meta property=\"article:published_time\" content=\"2024-08-30T19:41:16+00:00\" \/>\n<meta property=\"article:modified_time\" content=\"2024-08-30T19:44:55+00:00\" \/>\n<meta property=\"og:image\" content=\"https:\/\/latamreports.com\/br\/wp-content\/uploads\/Design-sem-nome-2024-08-30T144633.979.png\" \/>\n\t<meta property=\"og:image:width\" content=\"1200\" \/>\n\t<meta property=\"og:image:height\" content=\"630\" \/>\n\t<meta property=\"og:image:type\" content=\"image\/png\" \/>\n<meta name=\"author\" content=\"LatAm Reports Redatores da Equipe\" \/>\n<meta name=\"twitter:card\" content=\"summary_large_image\" \/>\n<meta name=\"twitter:creator\" content=\"@latamreports\" \/>\n<meta name=\"twitter:site\" content=\"@latamreports\" \/>\n<meta name=\"twitter:label1\" content=\"Written by\" \/>\n\t<meta name=\"twitter:data1\" content=\"LatAm Reports Redatores da Equipe\" \/>\n\t<meta name=\"twitter:label2\" content=\"Est. reading time\" \/>\n\t<meta name=\"twitter:data2\" content=\"2 minutes\" \/>\n<script type=\"application\/ld+json\" class=\"yoast-schema-graph\">{\"@context\":\"https:\\\/\\\/schema.org\",\"@graph\":[{\"@type\":\"Article\",\"@id\":\"https:\\\/\\\/latamreports.com\\\/br\\\/lula-apoia-alexandre-de-moraes-em-conflito-com-elon-musk-sobre-censura-no-x\\\/#article\",\"isPartOf\":{\"@id\":\"https:\\\/\\\/latamreports.com\\\/br\\\/lula-apoia-alexandre-de-moraes-em-conflito-com-elon-musk-sobre-censura-no-x\\\/\"},\"author\":{\"name\":\"LatAm Reports Redatores da Equipe\",\"@id\":\"https:\\\/\\\/latamreports.com\\\/br\\\/#\\\/schema\\\/person\\\/a561f2de7e5ccabfab38d239b39fdb70\"},\"headline\":\"Lula apoia Alexandre de Moraes em conflito com Elon Musk sobre censura no X\",\"datePublished\":\"2024-08-30T19:41:16+00:00\",\"dateModified\":\"2024-08-30T19:44:55+00:00\",\"mainEntityOfPage\":{\"@id\":\"https:\\\/\\\/latamreports.com\\\/br\\\/lula-apoia-alexandre-de-moraes-em-conflito-com-elon-musk-sobre-censura-no-x\\\/\"},\"wordCount\":392,\"publisher\":{\"@id\":\"https:\\\/\\\/latamreports.com\\\/br\\\/#organization\"},\"image\":{\"@id\":\"https:\\\/\\\/latamreports.com\\\/br\\\/lula-apoia-alexandre-de-moraes-em-conflito-com-elon-musk-sobre-censura-no-x\\\/#primaryimage\"},\"thumbnailUrl\":\"https:\\\/\\\/latamreports.com\\\/br\\\/wp-content\\\/uploads\\\/Design-sem-nome-2024-08-30T144633.979.png\",\"keywords\":[\"Brasil\"],\"articleSection\":[\"Neg\u00f3cios\"],\"inLanguage\":\"en-US\"},{\"@type\":\"WebPage\",\"@id\":\"https:\\\/\\\/latamreports.com\\\/br\\\/lula-apoia-alexandre-de-moraes-em-conflito-com-elon-musk-sobre-censura-no-x\\\/\",\"url\":\"https:\\\/\\\/latamreports.com\\\/br\\\/lula-apoia-alexandre-de-moraes-em-conflito-com-elon-musk-sobre-censura-no-x\\\/\",\"name\":\"Lula apoia Alexandre de Moraes em conflito com Elon Musk\",\"isPartOf\":{\"@id\":\"https:\\\/\\\/latamreports.com\\\/br\\\/#website\"},\"primaryImageOfPage\":{\"@id\":\"https:\\\/\\\/latamreports.com\\\/br\\\/lula-apoia-alexandre-de-moraes-em-conflito-com-elon-musk-sobre-censura-no-x\\\/#primaryimage\"},\"image\":{\"@id\":\"https:\\\/\\\/latamreports.com\\\/br\\\/lula-apoia-alexandre-de-moraes-em-conflito-com-elon-musk-sobre-censura-no-x\\\/#primaryimage\"},\"thumbnailUrl\":\"https:\\\/\\\/latamreports.com\\\/br\\\/wp-content\\\/uploads\\\/Design-sem-nome-2024-08-30T144633.979.png\",\"datePublished\":\"2024-08-30T19:41:16+00:00\",\"dateModified\":\"2024-08-30T19:44:55+00:00\",\"description\":\"O embate entre o bilion\u00e1rio Elon Musk e o ministro do Supremo Tribunal Federal (STF), Alexandre de Moraes, intensificou-se nos \u00faltimos dias\",\"breadcrumb\":{\"@id\":\"https:\\\/\\\/latamreports.com\\\/br\\\/lula-apoia-alexandre-de-moraes-em-conflito-com-elon-musk-sobre-censura-no-x\\\/#breadcrumb\"},\"inLanguage\":\"en-US\",\"potentialAction\":[{\"@type\":\"ReadAction\",\"target\":[\"https:\\\/\\\/latamreports.com\\\/br\\\/lula-apoia-alexandre-de-moraes-em-conflito-com-elon-musk-sobre-censura-no-x\\\/\"]}]},{\"@type\":\"ImageObject\",\"inLanguage\":\"en-US\",\"@id\":\"https:\\\/\\\/latamreports.com\\\/br\\\/lula-apoia-alexandre-de-moraes-em-conflito-com-elon-musk-sobre-censura-no-x\\\/#primaryimage\",\"url\":\"https:\\\/\\\/latamreports.com\\\/br\\\/wp-content\\\/uploads\\\/Design-sem-nome-2024-08-30T144633.979.png\",\"contentUrl\":\"https:\\\/\\\/latamreports.com\\\/br\\\/wp-content\\\/uploads\\\/Design-sem-nome-2024-08-30T144633.979.png\",\"width\":1200,\"height\":630,\"caption\":\"Lula apoia Alexandre de Moraes em conflito com Elon Musk sobre censura no X\"},{\"@type\":\"BreadcrumbList\",\"@id\":\"https:\\\/\\\/latamreports.com\\\/br\\\/lula-apoia-alexandre-de-moraes-em-conflito-com-elon-musk-sobre-censura-no-x\\\/#breadcrumb\",\"itemListElement\":[{\"@type\":\"ListItem\",\"position\":1,\"name\":\"Home\",\"item\":\"https:\\\/\\\/latamreports.com\\\/br\\\/\"},{\"@type\":\"ListItem\",\"position\":2,\"name\":\"Lula apoia Alexandre de Moraes em conflito com Elon Musk sobre censura no X\"}]},{\"@type\":\"WebSite\",\"@id\":\"https:\\\/\\\/latamreports.com\\\/br\\\/#website\",\"url\":\"https:\\\/\\\/latamreports.com\\\/br\\\/\",\"name\":\"LatAm Reports\",\"description\":\"Not\u00edcias e opini\u00f5es de todas as Am\u00e9ricas\",\"publisher\":{\"@id\":\"https:\\\/\\\/latamreports.com\\\/br\\\/#organization\"},\"potentialAction\":[{\"@type\":\"SearchAction\",\"target\":{\"@type\":\"EntryPoint\",\"urlTemplate\":\"https:\\\/\\\/latamreports.com\\\/br\\\/?s={search_term_string}\"},\"query-input\":{\"@type\":\"PropertyValueSpecification\",\"valueRequired\":true,\"valueName\":\"search_term_string\"}}],\"inLanguage\":\"en-US\"},{\"@type\":\"Organization\",\"@id\":\"https:\\\/\\\/latamreports.com\\\/br\\\/#organization\",\"name\":\"LatAm Reports\",\"url\":\"https:\\\/\\\/latamreports.com\\\/br\\\/\",\"logo\":{\"@type\":\"ImageObject\",\"inLanguage\":\"en-US\",\"@id\":\"https:\\\/\\\/latamreports.com\\\/br\\\/#\\\/schema\\\/logo\\\/image\\\/\",\"url\":\"https:\\\/\\\/latamreports.com\\\/br\\\/wp-content\\\/uploads\\\/cropped-PNG2.png\",\"contentUrl\":\"https:\\\/\\\/latamreports.com\\\/br\\\/wp-content\\\/uploads\\\/cropped-PNG2.png\",\"width\":2522,\"height\":1014,\"caption\":\"LatAm Reports\"},\"image\":{\"@id\":\"https:\\\/\\\/latamreports.com\\\/br\\\/#\\\/schema\\\/logo\\\/image\\\/\"},\"sameAs\":[\"https:\\\/\\\/facebook.com\\\/latamreports\",\"https:\\\/\\\/x.com\\\/latamreports\"]},{\"@type\":\"Person\",\"@id\":\"https:\\\/\\\/latamreports.com\\\/br\\\/#\\\/schema\\\/person\\\/a561f2de7e5ccabfab38d239b39fdb70\",\"name\":\"LatAm Reports Redatores da Equipe\",\"image\":{\"@type\":\"ImageObject\",\"inLanguage\":\"en-US\",\"@id\":\"https:\\\/\\\/secure.gravatar.com\\\/avatar\\\/dcdcc93cc5edddd2f3ef77245866172c7d7241a11ad58e1959aa824f2fae81f6?s=96&d=mm&r=g\",\"url\":\"https:\\\/\\\/secure.gravatar.com\\\/avatar\\\/dcdcc93cc5edddd2f3ef77245866172c7d7241a11ad58e1959aa824f2fae81f6?s=96&d=mm&r=g\",\"contentUrl\":\"https:\\\/\\\/secure.gravatar.com\\\/avatar\\\/dcdcc93cc5edddd2f3ef77245866172c7d7241a11ad58e1959aa824f2fae81f6?s=96&d=mm&r=g\",\"caption\":\"LatAm Reports Redatores da Equipe\"}}]}<\/script>\n<!-- \/ Yoast SEO plugin. -->","yoast_head_json":{"title":"Lula apoia Alexandre de Moraes em conflito com Elon Musk","description":"O embate entre o bilion\u00e1rio Elon Musk e o ministro do Supremo Tribunal Federal (STF), Alexandre de Moraes, intensificou-se nos \u00faltimos dias","robots":{"index":"index","follow":"follow","max-snippet":"max-snippet:-1","max-image-preview":"max-image-preview:large","max-video-preview":"max-video-preview:-1"},"canonical":"https:\/\/latamreports.com\/br\/lula-apoia-alexandre-de-moraes-em-conflito-com-elon-musk-sobre-censura-no-x\/","og_locale":"en_US","og_type":"article","og_title":"Lula apoia Alexandre de Moraes em conflito com Elon Musk","og_description":"O embate entre o bilion\u00e1rio Elon Musk e o ministro do Supremo Tribunal Federal (STF), Alexandre de Moraes, intensificou-se nos \u00faltimos dias","og_url":"https:\/\/latamreports.com\/br\/lula-apoia-alexandre-de-moraes-em-conflito-com-elon-musk-sobre-censura-no-x\/","og_site_name":"LatAm Reports","article_publisher":"https:\/\/facebook.com\/latamreports","article_published_time":"2024-08-30T19:41:16+00:00","article_modified_time":"2024-08-30T19:44:55+00:00","og_image":[{"width":1200,"height":630,"url":"https:\/\/latamreports.com\/br\/wp-content\/uploads\/Design-sem-nome-2024-08-30T144633.979.png","type":"image\/png"}],"author":"LatAm Reports Redatores da Equipe","twitter_card":"summary_large_image","twitter_creator":"@latamreports","twitter_site":"@latamreports","twitter_misc":{"Written by":"LatAm Reports Redatores da Equipe","Est. reading time":"2 minutes"},"schema":{"@context":"https:\/\/schema.org","@graph":[{"@type":"Article","@id":"https:\/\/latamreports.com\/br\/lula-apoia-alexandre-de-moraes-em-conflito-com-elon-musk-sobre-censura-no-x\/#article","isPartOf":{"@id":"https:\/\/latamreports.com\/br\/lula-apoia-alexandre-de-moraes-em-conflito-com-elon-musk-sobre-censura-no-x\/"},"author":{"name":"LatAm Reports Redatores da Equipe","@id":"https:\/\/latamreports.com\/br\/#\/schema\/person\/a561f2de7e5ccabfab38d239b39fdb70"},"headline":"Lula apoia Alexandre de Moraes em conflito com Elon Musk sobre censura no X","datePublished":"2024-08-30T19:41:16+00:00","dateModified":"2024-08-30T19:44:55+00:00","mainEntityOfPage":{"@id":"https:\/\/latamreports.com\/br\/lula-apoia-alexandre-de-moraes-em-conflito-com-elon-musk-sobre-censura-no-x\/"},"wordCount":392,"publisher":{"@id":"https:\/\/latamreports.com\/br\/#organization"},"image":{"@id":"https:\/\/latamreports.com\/br\/lula-apoia-alexandre-de-moraes-em-conflito-com-elon-musk-sobre-censura-no-x\/#primaryimage"},"thumbnailUrl":"https:\/\/latamreports.com\/br\/wp-content\/uploads\/Design-sem-nome-2024-08-30T144633.979.png","keywords":["Brasil"],"articleSection":["Neg\u00f3cios"],"inLanguage":"en-US"},{"@type":"WebPage","@id":"https:\/\/latamreports.com\/br\/lula-apoia-alexandre-de-moraes-em-conflito-com-elon-musk-sobre-censura-no-x\/","url":"https:\/\/latamreports.com\/br\/lula-apoia-alexandre-de-moraes-em-conflito-com-elon-musk-sobre-censura-no-x\/","name":"Lula apoia Alexandre de Moraes em conflito com Elon Musk","isPartOf":{"@id":"https:\/\/latamreports.com\/br\/#website"},"primaryImageOfPage":{"@id":"https:\/\/latamreports.com\/br\/lula-apoia-alexandre-de-moraes-em-conflito-com-elon-musk-sobre-censura-no-x\/#primaryimage"},"image":{"@id":"https:\/\/latamreports.com\/br\/lula-apoia-alexandre-de-moraes-em-conflito-com-elon-musk-sobre-censura-no-x\/#primaryimage"},"thumbnailUrl":"https:\/\/latamreports.com\/br\/wp-content\/uploads\/Design-sem-nome-2024-08-30T144633.979.png","datePublished":"2024-08-30T19:41:16+00:00","dateModified":"2024-08-30T19:44:55+00:00","description":"O embate entre o bilion\u00e1rio Elon Musk e o ministro do Supremo Tribunal Federal (STF), Alexandre de Moraes, intensificou-se nos \u00faltimos dias","breadcrumb":{"@id":"https:\/\/latamreports.com\/br\/lula-apoia-alexandre-de-moraes-em-conflito-com-elon-musk-sobre-censura-no-x\/#breadcrumb"},"inLanguage":"en-US","potentialAction":[{"@type":"ReadAction","target":["https:\/\/latamreports.com\/br\/lula-apoia-alexandre-de-moraes-em-conflito-com-elon-musk-sobre-censura-no-x\/"]}]},{"@type":"ImageObject","inLanguage":"en-US","@id":"https:\/\/latamreports.com\/br\/lula-apoia-alexandre-de-moraes-em-conflito-com-elon-musk-sobre-censura-no-x\/#primaryimage","url":"https:\/\/latamreports.com\/br\/wp-content\/uploads\/Design-sem-nome-2024-08-30T144633.979.png","contentUrl":"https:\/\/latamreports.com\/br\/wp-content\/uploads\/Design-sem-nome-2024-08-30T144633.979.png","width":1200,"height":630,"caption":"Lula apoia Alexandre de Moraes em conflito com Elon Musk sobre censura no X"},{"@type":"BreadcrumbList","@id":"https:\/\/latamreports.com\/br\/lula-apoia-alexandre-de-moraes-em-conflito-com-elon-musk-sobre-censura-no-x\/#breadcrumb","itemListElement":[{"@type":"ListItem","position":1,"name":"Home","item":"https:\/\/latamreports.com\/br\/"},{"@type":"ListItem","position":2,"name":"Lula apoia Alexandre de Moraes em conflito com Elon Musk sobre censura no X"}]},{"@type":"WebSite","@id":"https:\/\/latamreports.com\/br\/#website","url":"https:\/\/latamreports.com\/br\/","name":"LatAm Reports","description":"Not\u00edcias e opini\u00f5es de todas as Am\u00e9ricas","publisher":{"@id":"https:\/\/latamreports.com\/br\/#organization"},"potentialAction":[{"@type":"SearchAction","target":{"@type":"EntryPoint","urlTemplate":"https:\/\/latamreports.com\/br\/?s={search_term_string}"},"query-input":{"@type":"PropertyValueSpecification","valueRequired":true,"valueName":"search_term_string"}}],"inLanguage":"en-US"},{"@type":"Organization","@id":"https:\/\/latamreports.com\/br\/#organization","name":"LatAm Reports","url":"https:\/\/latamreports.com\/br\/","logo":{"@type":"ImageObject","inLanguage":"en-US","@id":"https:\/\/latamreports.com\/br\/#\/schema\/logo\/image\/","url":"https:\/\/latamreports.com\/br\/wp-content\/uploads\/cropped-PNG2.png","contentUrl":"https:\/\/latamreports.com\/br\/wp-content\/uploads\/cropped-PNG2.png","width":2522,"height":1014,"caption":"LatAm Reports"},"image":{"@id":"https:\/\/latamreports.com\/br\/#\/schema\/logo\/image\/"},"sameAs":["https:\/\/facebook.com\/latamreports","https:\/\/x.com\/latamreports"]},{"@type":"Person","@id":"https:\/\/latamreports.com\/br\/#\/schema\/person\/a561f2de7e5ccabfab38d239b39fdb70","name":"LatAm Reports Redatores da Equipe","image":{"@type":"ImageObject","inLanguage":"en-US","@id":"https:\/\/secure.gravatar.com\/avatar\/dcdcc93cc5edddd2f3ef77245866172c7d7241a11ad58e1959aa824f2fae81f6?s=96&d=mm&r=g","url":"https:\/\/secure.gravatar.com\/avatar\/dcdcc93cc5edddd2f3ef77245866172c7d7241a11ad58e1959aa824f2fae81f6?s=96&d=mm&r=g","contentUrl":"https:\/\/secure.gravatar.com\/avatar\/dcdcc93cc5edddd2f3ef77245866172c7d7241a11ad58e1959aa824f2fae81f6?s=96&d=mm&r=g","caption":"LatAm Reports Redatores da Equipe"}}]}},"jetpack_publicize_connections":[],"_links":{"self":[{"href":"https:\/\/latamreports.com\/br\/wp-json\/wp\/v2\/posts\/7482","targetHints":{"allow":["GET"]}}],"collection":[{"href":"https:\/\/latamreports.com\/br\/wp-json\/wp\/v2\/posts"}],"about":[{"href":"https:\/\/latamreports.com\/br\/wp-json\/wp\/v2\/types\/post"}],"author":[{"embeddable":true,"href":"https:\/\/latamreports.com\/br\/wp-json\/wp\/v2\/users\/7"}],"replies":[{"embeddable":true,"href":"https:\/\/latamreports.com\/br\/wp-json\/wp\/v2\/comments?post=7482"}],"version-history":[{"count":2,"href":"https:\/\/latamreports.com\/br\/wp-json\/wp\/v2\/posts\/7482\/revisions"}],"predecessor-version":[{"id":7485,"href":"https:\/\/latamreports.com\/br\/wp-json\/wp\/v2\/posts\/7482\/revisions\/7485"}],"wp:featuredmedia":[{"embeddable":true,"href":"https:\/\/latamreports.com\/br\/wp-json\/wp\/v2\/media\/7483"}],"wp:attachment":[{"href":"https:\/\/latamreports.com\/br\/wp-json\/wp\/v2\/media?parent=7482"}],"wp:term":[{"taxonomy":"category","embeddable":true,"href":"https:\/\/latamreports.com\/br\/wp-json\/wp\/v2\/categories?post=7482"},{"taxonomy":"post_tag","embeddable":true,"href":"https:\/\/latamreports.com\/br\/wp-json\/wp\/v2\/tags?post=7482"}],"curies":[{"name":"wp","href":"https:\/\/api.w.org\/{rel}","templated":true}]}}