{"id":7407,"date":"2024-08-28T15:33:06","date_gmt":"2024-08-28T15:33:06","guid":{"rendered":"https:\/\/latamreports.com\/br\/?p=7407"},"modified":"2024-08-28T15:33:09","modified_gmt":"2024-08-28T15:33:09","slug":"jovem-relata-momentos-de-panico-para-salvar-irmao-de-incendio-em-sp","status":"publish","type":"post","link":"https:\/\/latamreports.com\/br\/jovem-relata-momentos-de-panico-para-salvar-irmao-de-incendio-em-sp\/","title":{"rendered":"Jovem relata momentos de p\u00e2nico para salvar irm\u00e3o de inc\u00eandio em SP"},"content":{"rendered":"\n<p>Norraina Dourado, de 26 anos, e o irm\u00e3o Wesley, de 18, viveram momentos de terror enquanto tentavam salvar animais da pousada onde a m\u00e3e trabalha, em Dumont (SP). Cercados pelo fogo, ambos sofreram queimaduras e Wesley segue internado no Hospital das Cl\u00ednicas de Ribeir\u00e3o Preto (SP).<\/p>\n\n\n\n<p>O <a href=\"https:\/\/latamreports.com\/br\/incendios-aumentam-perdas-na-cana-de-acucar-em-sao-paulo-que-sofre-com-seca-prolongada\/\">inc\u00eandio<\/a> foi um dos muitos que atingiram o interior de S\u00e3o Paulo no \u00faltimo fim de semana.<\/p>\n\n\n\n<p> &#8220;A gente come\u00e7ou a sufocar com a fuma\u00e7a, tivemos que sair correndo no meio do fogo&#8221;, conta Norraina. Apesar dos esfor\u00e7os, Wesley se queimou gravemente ao tentar escapar sem cal\u00e7ados, intensificando o desespero.<\/p>\n\n\n\n<blockquote class=\"wp-block-quote is-layout-flow wp-block-quote-is-layout-flow\">\n<p> &#8220;Eu n\u00e3o sei de onde tirei for\u00e7as, mas consegui carreg\u00e1-lo at\u00e9 uma estrada de terra&#8221;, relata a jovem, ainda muito abalada com o ocorrido.<\/p>\n<\/blockquote>\n\n\n\n<h2 class=\"wp-block-heading\">Fuga e supera\u00e7\u00e3o<\/h2>\n\n\n\n<p>Com Wesley gravemente ferido, Norraina tentou manter a calma e encontrou um carro para buscar ajuda. &#8220;Deixei meu irm\u00e3o gritando, corri para pegar o carro e voltar para busc\u00e1-lo. Foi a decis\u00e3o mais dif\u00edcil da minha vida&#8221;, lembra. Ap\u00f3s encontrarem a m\u00e3e, todos foram levados ao hospital, onde receberam atendimento para inala\u00e7\u00e3o de fuma\u00e7a e queimaduras.<\/p>\n\n\n\n<p>Norraina foi liberada, mas Wesley continua internado, com previs\u00e3o de cirurgia. As mem\u00f3rias do ocorrido ainda assombram a fam\u00edlia, especialmente Norraina, que agora lida com o trauma de reviver os momentos de terror. <\/p>\n\n\n\n<blockquote class=\"wp-block-quote is-layout-flow wp-block-quote-is-layout-flow\">\n<p>&#8220;Eu n\u00e3o consigo dormir, n\u00e3o consigo ficar sozinha. A m\u00e9dica me passou um rem\u00e9dio, disse que \u00e0s vezes a gente precisa de ajuda&#8221;, desabafa.<\/p>\n<\/blockquote>\n\n\n\n<p>Apesar de tudo, Norraina espera que o irm\u00e3o se recupere e v\u00ea essa <a href=\"https:\/\/latamreports.com\/br\/temperaturas-negativas-atingem-mais-de-20-cidades-de-sc-urupema-registra-minima-de-463c\/\">experi\u00eancia <\/a>como uma segunda chance de viver. Ela planeja comemorar seu anivers\u00e1rio em duas datas: a de seu nascimento e o dia em que ela e sua fam\u00edlia renasceram, em 24 de agosto.<\/p>\n","protected":false},"excerpt":{"rendered":"<p>Norraina Dourado, de 26 anos, e o irm\u00e3o Wesley, de 18, viveram momentos de terror enquanto tentavam salvar animais da pousada onde a m\u00e3e trabalha, &#8230; <a title=\"Jovem relata momentos de p\u00e2nico para salvar irm\u00e3o de inc\u00eandio em SP\" class=\"read-more\" href=\"https:\/\/latamreports.com\/br\/jovem-relata-momentos-de-panico-para-salvar-irmao-de-incendio-em-sp\/\" aria-label=\"Read more about Jovem relata momentos de p\u00e2nico para salvar irm\u00e3o de inc\u00eandio em SP\">Read more<\/a><\/p>\n","protected":false},"author":7,"featured_media":7408,"comment_status":"closed","ping_status":"closed","sticky":false,"template":"","format":"standard","meta":{"footnotes":"","jetpack_publicize_message":"","jetpack_publicize_feature_enabled":true,"jetpack_social_post_already_shared":false,"jetpack_social_options":{"image_generator_settings":{"template":"highway","default_image_id":0,"font":"","enabled":false},"version":2}},"categories":[2],"tags":[31],"class_list":["post-7407","post","type-post","status-publish","format-standard","has-post-thumbnail","hentry","category-negocios","tag-brasil","resize-featured-image"],"yoast_head":"<!-- This site is optimized with the Yoast SEO plugin v27.5 - https:\/\/yoast.com\/product\/yoast-seo-wordpress\/ -->\n<title>Jovem relata momentos de p\u00e2nico para salvar irm\u00e3o de inc\u00eandio<\/title>\n<meta name=\"description\" content=\"O inc\u00eandio foi um dos muitos que atingiram o interior de S\u00e3o Paulo no \u00faltimo fim de semana. A jovem relata os momentos...\" \/>\n<meta name=\"robots\" content=\"index, follow, max-snippet:-1, max-image-preview:large, max-video-preview:-1\" \/>\n<link rel=\"canonical\" href=\"https:\/\/latamreports.com\/br\/jovem-relata-momentos-de-panico-para-salvar-irmao-de-incendio-em-sp\/\" \/>\n<meta property=\"og:locale\" content=\"en_US\" \/>\n<meta property=\"og:type\" content=\"article\" \/>\n<meta property=\"og:title\" content=\"Jovem relata momentos de p\u00e2nico para salvar irm\u00e3o de inc\u00eandio\" \/>\n<meta property=\"og:description\" content=\"O inc\u00eandio foi um dos muitos que atingiram o interior de S\u00e3o Paulo no \u00faltimo fim de semana. A jovem relata os momentos...\" \/>\n<meta property=\"og:url\" content=\"https:\/\/latamreports.com\/br\/jovem-relata-momentos-de-panico-para-salvar-irmao-de-incendio-em-sp\/\" \/>\n<meta property=\"og:site_name\" content=\"LatAm Reports\" \/>\n<meta property=\"article:publisher\" content=\"https:\/\/facebook.com\/latamreports\" \/>\n<meta property=\"article:published_time\" content=\"2024-08-28T15:33:06+00:00\" \/>\n<meta property=\"article:modified_time\" content=\"2024-08-28T15:33:09+00:00\" \/>\n<meta property=\"og:image\" content=\"https:\/\/latamreports.com\/br\/wp-content\/uploads\/Design-sem-nome-2024-08-28T111852.231.png\" \/>\n\t<meta property=\"og:image:width\" content=\"1200\" \/>\n\t<meta property=\"og:image:height\" content=\"630\" \/>\n\t<meta property=\"og:image:type\" content=\"image\/png\" \/>\n<meta name=\"author\" content=\"LatAm Reports Redatores da Equipe\" \/>\n<meta name=\"twitter:card\" content=\"summary_large_image\" \/>\n<meta name=\"twitter:creator\" content=\"@latamreports\" \/>\n<meta name=\"twitter:site\" content=\"@latamreports\" \/>\n<meta name=\"twitter:label1\" content=\"Written by\" \/>\n\t<meta name=\"twitter:data1\" content=\"LatAm Reports Redatores da Equipe\" \/>\n\t<meta name=\"twitter:label2\" content=\"Est. reading time\" \/>\n\t<meta name=\"twitter:data2\" content=\"2 minutes\" \/>\n<script type=\"application\/ld+json\" class=\"yoast-schema-graph\">{\"@context\":\"https:\\\/\\\/schema.org\",\"@graph\":[{\"@type\":\"Article\",\"@id\":\"https:\\\/\\\/latamreports.com\\\/br\\\/jovem-relata-momentos-de-panico-para-salvar-irmao-de-incendio-em-sp\\\/#article\",\"isPartOf\":{\"@id\":\"https:\\\/\\\/latamreports.com\\\/br\\\/jovem-relata-momentos-de-panico-para-salvar-irmao-de-incendio-em-sp\\\/\"},\"author\":{\"name\":\"LatAm Reports Redatores da Equipe\",\"@id\":\"https:\\\/\\\/latamreports.com\\\/br\\\/#\\\/schema\\\/person\\\/a561f2de7e5ccabfab38d239b39fdb70\"},\"headline\":\"Jovem relata momentos de p\u00e2nico para salvar irm\u00e3o de inc\u00eandio em SP\",\"datePublished\":\"2024-08-28T15:33:06+00:00\",\"dateModified\":\"2024-08-28T15:33:09+00:00\",\"mainEntityOfPage\":{\"@id\":\"https:\\\/\\\/latamreports.com\\\/br\\\/jovem-relata-momentos-de-panico-para-salvar-irmao-de-incendio-em-sp\\\/\"},\"wordCount\":328,\"publisher\":{\"@id\":\"https:\\\/\\\/latamreports.com\\\/br\\\/#organization\"},\"image\":{\"@id\":\"https:\\\/\\\/latamreports.com\\\/br\\\/jovem-relata-momentos-de-panico-para-salvar-irmao-de-incendio-em-sp\\\/#primaryimage\"},\"thumbnailUrl\":\"https:\\\/\\\/latamreports.com\\\/br\\\/wp-content\\\/uploads\\\/Design-sem-nome-2024-08-28T111852.231.png\",\"keywords\":[\"Brasil\"],\"articleSection\":[\"Neg\u00f3cios\"],\"inLanguage\":\"en-US\"},{\"@type\":\"WebPage\",\"@id\":\"https:\\\/\\\/latamreports.com\\\/br\\\/jovem-relata-momentos-de-panico-para-salvar-irmao-de-incendio-em-sp\\\/\",\"url\":\"https:\\\/\\\/latamreports.com\\\/br\\\/jovem-relata-momentos-de-panico-para-salvar-irmao-de-incendio-em-sp\\\/\",\"name\":\"Jovem relata momentos de p\u00e2nico para salvar irm\u00e3o de inc\u00eandio\",\"isPartOf\":{\"@id\":\"https:\\\/\\\/latamreports.com\\\/br\\\/#website\"},\"primaryImageOfPage\":{\"@id\":\"https:\\\/\\\/latamreports.com\\\/br\\\/jovem-relata-momentos-de-panico-para-salvar-irmao-de-incendio-em-sp\\\/#primaryimage\"},\"image\":{\"@id\":\"https:\\\/\\\/latamreports.com\\\/br\\\/jovem-relata-momentos-de-panico-para-salvar-irmao-de-incendio-em-sp\\\/#primaryimage\"},\"thumbnailUrl\":\"https:\\\/\\\/latamreports.com\\\/br\\\/wp-content\\\/uploads\\\/Design-sem-nome-2024-08-28T111852.231.png\",\"datePublished\":\"2024-08-28T15:33:06+00:00\",\"dateModified\":\"2024-08-28T15:33:09+00:00\",\"description\":\"O inc\u00eandio foi um dos muitos que atingiram o interior de S\u00e3o Paulo no \u00faltimo fim de semana. A jovem relata os momentos...\",\"breadcrumb\":{\"@id\":\"https:\\\/\\\/latamreports.com\\\/br\\\/jovem-relata-momentos-de-panico-para-salvar-irmao-de-incendio-em-sp\\\/#breadcrumb\"},\"inLanguage\":\"en-US\",\"potentialAction\":[{\"@type\":\"ReadAction\",\"target\":[\"https:\\\/\\\/latamreports.com\\\/br\\\/jovem-relata-momentos-de-panico-para-salvar-irmao-de-incendio-em-sp\\\/\"]}]},{\"@type\":\"ImageObject\",\"inLanguage\":\"en-US\",\"@id\":\"https:\\\/\\\/latamreports.com\\\/br\\\/jovem-relata-momentos-de-panico-para-salvar-irmao-de-incendio-em-sp\\\/#primaryimage\",\"url\":\"https:\\\/\\\/latamreports.com\\\/br\\\/wp-content\\\/uploads\\\/Design-sem-nome-2024-08-28T111852.231.png\",\"contentUrl\":\"https:\\\/\\\/latamreports.com\\\/br\\\/wp-content\\\/uploads\\\/Design-sem-nome-2024-08-28T111852.231.png\",\"width\":1200,\"height\":630,\"caption\":\"Jovem relata momentos de p\u00e2nico para salvar irm\u00e3o de inc\u00eandio em SP\"},{\"@type\":\"BreadcrumbList\",\"@id\":\"https:\\\/\\\/latamreports.com\\\/br\\\/jovem-relata-momentos-de-panico-para-salvar-irmao-de-incendio-em-sp\\\/#breadcrumb\",\"itemListElement\":[{\"@type\":\"ListItem\",\"position\":1,\"name\":\"Home\",\"item\":\"https:\\\/\\\/latamreports.com\\\/br\\\/\"},{\"@type\":\"ListItem\",\"position\":2,\"name\":\"Jovem relata momentos de p\u00e2nico para salvar irm\u00e3o de inc\u00eandio em SP\"}]},{\"@type\":\"WebSite\",\"@id\":\"https:\\\/\\\/latamreports.com\\\/br\\\/#website\",\"url\":\"https:\\\/\\\/latamreports.com\\\/br\\\/\",\"name\":\"LatAm Reports\",\"description\":\"Not\u00edcias e opini\u00f5es de todas as Am\u00e9ricas\",\"publisher\":{\"@id\":\"https:\\\/\\\/latamreports.com\\\/br\\\/#organization\"},\"potentialAction\":[{\"@type\":\"SearchAction\",\"target\":{\"@type\":\"EntryPoint\",\"urlTemplate\":\"https:\\\/\\\/latamreports.com\\\/br\\\/?s={search_term_string}\"},\"query-input\":{\"@type\":\"PropertyValueSpecification\",\"valueRequired\":true,\"valueName\":\"search_term_string\"}}],\"inLanguage\":\"en-US\"},{\"@type\":\"Organization\",\"@id\":\"https:\\\/\\\/latamreports.com\\\/br\\\/#organization\",\"name\":\"LatAm Reports\",\"url\":\"https:\\\/\\\/latamreports.com\\\/br\\\/\",\"logo\":{\"@type\":\"ImageObject\",\"inLanguage\":\"en-US\",\"@id\":\"https:\\\/\\\/latamreports.com\\\/br\\\/#\\\/schema\\\/logo\\\/image\\\/\",\"url\":\"https:\\\/\\\/latamreports.com\\\/br\\\/wp-content\\\/uploads\\\/cropped-PNG2.png\",\"contentUrl\":\"https:\\\/\\\/latamreports.com\\\/br\\\/wp-content\\\/uploads\\\/cropped-PNG2.png\",\"width\":2522,\"height\":1014,\"caption\":\"LatAm Reports\"},\"image\":{\"@id\":\"https:\\\/\\\/latamreports.com\\\/br\\\/#\\\/schema\\\/logo\\\/image\\\/\"},\"sameAs\":[\"https:\\\/\\\/facebook.com\\\/latamreports\",\"https:\\\/\\\/x.com\\\/latamreports\"]},{\"@type\":\"Person\",\"@id\":\"https:\\\/\\\/latamreports.com\\\/br\\\/#\\\/schema\\\/person\\\/a561f2de7e5ccabfab38d239b39fdb70\",\"name\":\"LatAm Reports Redatores da Equipe\",\"image\":{\"@type\":\"ImageObject\",\"inLanguage\":\"en-US\",\"@id\":\"https:\\\/\\\/secure.gravatar.com\\\/avatar\\\/dcdcc93cc5edddd2f3ef77245866172c7d7241a11ad58e1959aa824f2fae81f6?s=96&d=mm&r=g\",\"url\":\"https:\\\/\\\/secure.gravatar.com\\\/avatar\\\/dcdcc93cc5edddd2f3ef77245866172c7d7241a11ad58e1959aa824f2fae81f6?s=96&d=mm&r=g\",\"contentUrl\":\"https:\\\/\\\/secure.gravatar.com\\\/avatar\\\/dcdcc93cc5edddd2f3ef77245866172c7d7241a11ad58e1959aa824f2fae81f6?s=96&d=mm&r=g\",\"caption\":\"LatAm Reports Redatores da Equipe\"}}]}<\/script>\n<!-- \/ Yoast SEO plugin. -->","yoast_head_json":{"title":"Jovem relata momentos de p\u00e2nico para salvar irm\u00e3o de inc\u00eandio","description":"O inc\u00eandio foi um dos muitos que atingiram o interior de S\u00e3o Paulo no \u00faltimo fim de semana. A jovem relata os momentos...","robots":{"index":"index","follow":"follow","max-snippet":"max-snippet:-1","max-image-preview":"max-image-preview:large","max-video-preview":"max-video-preview:-1"},"canonical":"https:\/\/latamreports.com\/br\/jovem-relata-momentos-de-panico-para-salvar-irmao-de-incendio-em-sp\/","og_locale":"en_US","og_type":"article","og_title":"Jovem relata momentos de p\u00e2nico para salvar irm\u00e3o de inc\u00eandio","og_description":"O inc\u00eandio foi um dos muitos que atingiram o interior de S\u00e3o Paulo no \u00faltimo fim de semana. A jovem relata os momentos...","og_url":"https:\/\/latamreports.com\/br\/jovem-relata-momentos-de-panico-para-salvar-irmao-de-incendio-em-sp\/","og_site_name":"LatAm Reports","article_publisher":"https:\/\/facebook.com\/latamreports","article_published_time":"2024-08-28T15:33:06+00:00","article_modified_time":"2024-08-28T15:33:09+00:00","og_image":[{"width":1200,"height":630,"url":"https:\/\/latamreports.com\/br\/wp-content\/uploads\/Design-sem-nome-2024-08-28T111852.231.png","type":"image\/png"}],"author":"LatAm Reports Redatores da Equipe","twitter_card":"summary_large_image","twitter_creator":"@latamreports","twitter_site":"@latamreports","twitter_misc":{"Written by":"LatAm Reports Redatores da Equipe","Est. reading time":"2 minutes"},"schema":{"@context":"https:\/\/schema.org","@graph":[{"@type":"Article","@id":"https:\/\/latamreports.com\/br\/jovem-relata-momentos-de-panico-para-salvar-irmao-de-incendio-em-sp\/#article","isPartOf":{"@id":"https:\/\/latamreports.com\/br\/jovem-relata-momentos-de-panico-para-salvar-irmao-de-incendio-em-sp\/"},"author":{"name":"LatAm Reports Redatores da Equipe","@id":"https:\/\/latamreports.com\/br\/#\/schema\/person\/a561f2de7e5ccabfab38d239b39fdb70"},"headline":"Jovem relata momentos de p\u00e2nico para salvar irm\u00e3o de inc\u00eandio em SP","datePublished":"2024-08-28T15:33:06+00:00","dateModified":"2024-08-28T15:33:09+00:00","mainEntityOfPage":{"@id":"https:\/\/latamreports.com\/br\/jovem-relata-momentos-de-panico-para-salvar-irmao-de-incendio-em-sp\/"},"wordCount":328,"publisher":{"@id":"https:\/\/latamreports.com\/br\/#organization"},"image":{"@id":"https:\/\/latamreports.com\/br\/jovem-relata-momentos-de-panico-para-salvar-irmao-de-incendio-em-sp\/#primaryimage"},"thumbnailUrl":"https:\/\/latamreports.com\/br\/wp-content\/uploads\/Design-sem-nome-2024-08-28T111852.231.png","keywords":["Brasil"],"articleSection":["Neg\u00f3cios"],"inLanguage":"en-US"},{"@type":"WebPage","@id":"https:\/\/latamreports.com\/br\/jovem-relata-momentos-de-panico-para-salvar-irmao-de-incendio-em-sp\/","url":"https:\/\/latamreports.com\/br\/jovem-relata-momentos-de-panico-para-salvar-irmao-de-incendio-em-sp\/","name":"Jovem relata momentos de p\u00e2nico para salvar irm\u00e3o de inc\u00eandio","isPartOf":{"@id":"https:\/\/latamreports.com\/br\/#website"},"primaryImageOfPage":{"@id":"https:\/\/latamreports.com\/br\/jovem-relata-momentos-de-panico-para-salvar-irmao-de-incendio-em-sp\/#primaryimage"},"image":{"@id":"https:\/\/latamreports.com\/br\/jovem-relata-momentos-de-panico-para-salvar-irmao-de-incendio-em-sp\/#primaryimage"},"thumbnailUrl":"https:\/\/latamreports.com\/br\/wp-content\/uploads\/Design-sem-nome-2024-08-28T111852.231.png","datePublished":"2024-08-28T15:33:06+00:00","dateModified":"2024-08-28T15:33:09+00:00","description":"O inc\u00eandio foi um dos muitos que atingiram o interior de S\u00e3o Paulo no \u00faltimo fim de semana. A jovem relata os momentos...","breadcrumb":{"@id":"https:\/\/latamreports.com\/br\/jovem-relata-momentos-de-panico-para-salvar-irmao-de-incendio-em-sp\/#breadcrumb"},"inLanguage":"en-US","potentialAction":[{"@type":"ReadAction","target":["https:\/\/latamreports.com\/br\/jovem-relata-momentos-de-panico-para-salvar-irmao-de-incendio-em-sp\/"]}]},{"@type":"ImageObject","inLanguage":"en-US","@id":"https:\/\/latamreports.com\/br\/jovem-relata-momentos-de-panico-para-salvar-irmao-de-incendio-em-sp\/#primaryimage","url":"https:\/\/latamreports.com\/br\/wp-content\/uploads\/Design-sem-nome-2024-08-28T111852.231.png","contentUrl":"https:\/\/latamreports.com\/br\/wp-content\/uploads\/Design-sem-nome-2024-08-28T111852.231.png","width":1200,"height":630,"caption":"Jovem relata momentos de p\u00e2nico para salvar irm\u00e3o de inc\u00eandio em SP"},{"@type":"BreadcrumbList","@id":"https:\/\/latamreports.com\/br\/jovem-relata-momentos-de-panico-para-salvar-irmao-de-incendio-em-sp\/#breadcrumb","itemListElement":[{"@type":"ListItem","position":1,"name":"Home","item":"https:\/\/latamreports.com\/br\/"},{"@type":"ListItem","position":2,"name":"Jovem relata momentos de p\u00e2nico para salvar irm\u00e3o de inc\u00eandio em SP"}]},{"@type":"WebSite","@id":"https:\/\/latamreports.com\/br\/#website","url":"https:\/\/latamreports.com\/br\/","name":"LatAm Reports","description":"Not\u00edcias e opini\u00f5es de todas as Am\u00e9ricas","publisher":{"@id":"https:\/\/latamreports.com\/br\/#organization"},"potentialAction":[{"@type":"SearchAction","target":{"@type":"EntryPoint","urlTemplate":"https:\/\/latamreports.com\/br\/?s={search_term_string}"},"query-input":{"@type":"PropertyValueSpecification","valueRequired":true,"valueName":"search_term_string"}}],"inLanguage":"en-US"},{"@type":"Organization","@id":"https:\/\/latamreports.com\/br\/#organization","name":"LatAm Reports","url":"https:\/\/latamreports.com\/br\/","logo":{"@type":"ImageObject","inLanguage":"en-US","@id":"https:\/\/latamreports.com\/br\/#\/schema\/logo\/image\/","url":"https:\/\/latamreports.com\/br\/wp-content\/uploads\/cropped-PNG2.png","contentUrl":"https:\/\/latamreports.com\/br\/wp-content\/uploads\/cropped-PNG2.png","width":2522,"height":1014,"caption":"LatAm Reports"},"image":{"@id":"https:\/\/latamreports.com\/br\/#\/schema\/logo\/image\/"},"sameAs":["https:\/\/facebook.com\/latamreports","https:\/\/x.com\/latamreports"]},{"@type":"Person","@id":"https:\/\/latamreports.com\/br\/#\/schema\/person\/a561f2de7e5ccabfab38d239b39fdb70","name":"LatAm Reports Redatores da Equipe","image":{"@type":"ImageObject","inLanguage":"en-US","@id":"https:\/\/secure.gravatar.com\/avatar\/dcdcc93cc5edddd2f3ef77245866172c7d7241a11ad58e1959aa824f2fae81f6?s=96&d=mm&r=g","url":"https:\/\/secure.gravatar.com\/avatar\/dcdcc93cc5edddd2f3ef77245866172c7d7241a11ad58e1959aa824f2fae81f6?s=96&d=mm&r=g","contentUrl":"https:\/\/secure.gravatar.com\/avatar\/dcdcc93cc5edddd2f3ef77245866172c7d7241a11ad58e1959aa824f2fae81f6?s=96&d=mm&r=g","caption":"LatAm Reports Redatores da Equipe"}}]}},"jetpack_publicize_connections":[],"_links":{"self":[{"href":"https:\/\/latamreports.com\/br\/wp-json\/wp\/v2\/posts\/7407","targetHints":{"allow":["GET"]}}],"collection":[{"href":"https:\/\/latamreports.com\/br\/wp-json\/wp\/v2\/posts"}],"about":[{"href":"https:\/\/latamreports.com\/br\/wp-json\/wp\/v2\/types\/post"}],"author":[{"embeddable":true,"href":"https:\/\/latamreports.com\/br\/wp-json\/wp\/v2\/users\/7"}],"replies":[{"embeddable":true,"href":"https:\/\/latamreports.com\/br\/wp-json\/wp\/v2\/comments?post=7407"}],"version-history":[{"count":2,"href":"https:\/\/latamreports.com\/br\/wp-json\/wp\/v2\/posts\/7407\/revisions"}],"predecessor-version":[{"id":7410,"href":"https:\/\/latamreports.com\/br\/wp-json\/wp\/v2\/posts\/7407\/revisions\/7410"}],"wp:featuredmedia":[{"embeddable":true,"href":"https:\/\/latamreports.com\/br\/wp-json\/wp\/v2\/media\/7408"}],"wp:attachment":[{"href":"https:\/\/latamreports.com\/br\/wp-json\/wp\/v2\/media?parent=7407"}],"wp:term":[{"taxonomy":"category","embeddable":true,"href":"https:\/\/latamreports.com\/br\/wp-json\/wp\/v2\/categories?post=7407"},{"taxonomy":"post_tag","embeddable":true,"href":"https:\/\/latamreports.com\/br\/wp-json\/wp\/v2\/tags?post=7407"}],"curies":[{"name":"wp","href":"https:\/\/api.w.org\/{rel}","templated":true}]}}