{"id":7354,"date":"2024-08-26T19:53:13","date_gmt":"2024-08-26T19:53:13","guid":{"rendered":"https:\/\/latamreports.com\/br\/?p=7354"},"modified":"2024-08-26T19:53:15","modified_gmt":"2024-08-26T19:53:15","slug":"morte-de-sven-goran-eriksson-uma-lenda-do-futebol-despede-se-aos-76-anos","status":"publish","type":"post","link":"https:\/\/latamreports.com\/br\/morte-de-sven-goran-eriksson-uma-lenda-do-futebol-despede-se-aos-76-anos\/","title":{"rendered":"Morte de Sven-G\u00f6ran Eriksson: uma lenda do futebol despede-se aos 76 anos"},"content":{"rendered":"\n<p>Sven-G\u00f6ran Eriksson, o renomado treinador sueco que marcou a hist\u00f3ria do futebol com suas passagens pela sele\u00e7\u00e3o inglesa e diversos clubes europeus,<a href=\"https:\/\/latamreports.com\/br\/quatro-jovens-atletas-morrem-em-acidente-de-carro-no-rs\/\"> faleceu nesta segunda-feira,<\/a> 26, aos 76 anos. Eriksson lutava contra um c\u00e2ncer terminal no p\u00e2ncreas, diagnosticado com pouco tempo de vida. Sua morte encerra uma carreira brilhante e uma vida dedicada ao esporte que amava.<\/p>\n\n\n\n<h2 class=\"wp-block-heading\">Uma carreira distinta e conquistas memor\u00e1veis<\/h2>\n\n\n\n<p>Nascido em Sunne, Su\u00e9cia, Eriksson fez <a href=\"https:\/\/latamreports.com\/br\/o-brasil-se-despede-de-silvio-santos-o-icone-da-televisao-nacional-morre-aos-93-anos\/\">hist\u00f3ria <\/a>em clubes e sele\u00e7\u00f5es ao longo de quase quatro d\u00e9cadas de carreira. Ele treinou a sele\u00e7\u00e3o inglesa nas Copas do Mundo de 2002 e 2006, atingindo as quartas de final em ambas as competi\u00e7\u00f5es. Al\u00e9m disso, conquistou t\u00edtulos significativos com o Benfica e a Lazio, incluindo 10 campeonatos nacionais e dois t\u00edtulos continentais.<\/p>\n\n\n\n<p>Eriksson tamb\u00e9m teve uma carreira not\u00e1vel em outros clubes como Roma, Fiorentina e Sampdoria, acumulando um total de 19 t\u00edtulos em sua trajet\u00f3ria. Seus feitos incluem a Supercopa da Europa de 1999 e a Recopa Europeia de 1999, consolidando sua posi\u00e7\u00e3o como um dos grandes treinadores da hist\u00f3ria do futebol.<\/p>\n\n\n\n<h3 class=\"wp-block-heading\">Despedida e reflex\u00f5es Finais<\/h3>\n\n\n\n<p>Na \u00faltima semana, Eriksson participou de um document\u00e1rio para a Amazon Prime Video, onde falou em tom de despedida sobre sua vida e carreira. Ele expressou gratid\u00e3o a todos que fizeram parte de sua jornada e refletiu sobre o legado que deixaria. \u201cCom sorte, as pessoas dir\u00e3o que eu era um bom homem. Tive uma vida boa,\u201d afirmou.<\/p>\n\n\n\n<p>Em janeiro deste ano, Eriksson havia revelado que a expectativa de vida era de &#8220;no m\u00e1ximo um ano&#8221; ap\u00f3s o diagn\u00f3stico do c\u00e2ncer. Em sua mensagem de despedida no document\u00e1rio, agradeceu a treinadores, jogadores e torcedores, incentivando todos a viverem suas vidas plenamente.<\/p>\n\n\n\n<h2 class=\"wp-block-heading\">Homenagens e reconhecimento<\/h2>\n\n\n\n<p>A comunidade do futebol global manifestou pesar pela perda de Eriksson. Clubes como Benfica e Lazio, onde obteve grande sucesso, e a Federa\u00e7\u00e3o Inglesa, expressaram suas condol\u00eancias. A UEFA e o IFK G\u00f6teborg tamb\u00e9m prestaram homenagens, destacando as contribui\u00e7\u00f5es significativas de Eriksson para o esporte.<\/p>\n\n\n\n<p>A Federa\u00e7\u00e3o Sueca elogiou Eriksson por sua influ\u00eancia duradoura no futebol sueco e internacional, destacando seus triunfos, como a vit\u00f3ria na Copa da UEFA com o IFK G\u00f6teborg em 1982 e os t\u00edtulos com o Benfica e a Lazio. A mem\u00f3ria de Sven-G\u00f6ran Eriksson ser\u00e1 eternamente lembrada por sua paix\u00e3o, habilidade e impacto no futebol mundial.<\/p>\n","protected":false},"excerpt":{"rendered":"<p>Sven-G\u00f6ran Eriksson, o renomado treinador sueco que marcou a hist\u00f3ria do futebol com suas passagens pela sele\u00e7\u00e3o inglesa e diversos clubes europeus, faleceu nesta segunda-feira, &#8230; <a title=\"Morte de Sven-G\u00f6ran Eriksson: uma lenda do futebol despede-se aos 76 anos\" class=\"read-more\" href=\"https:\/\/latamreports.com\/br\/morte-de-sven-goran-eriksson-uma-lenda-do-futebol-despede-se-aos-76-anos\/\" aria-label=\"Read more about Morte de Sven-G\u00f6ran Eriksson: uma lenda do futebol despede-se aos 76 anos\">Read more<\/a><\/p>\n","protected":false},"author":7,"featured_media":7355,"comment_status":"closed","ping_status":"closed","sticky":false,"template":"","format":"standard","meta":{"footnotes":"","jetpack_publicize_message":"","jetpack_publicize_feature_enabled":true,"jetpack_social_post_already_shared":false,"jetpack_social_options":{"image_generator_settings":{"template":"highway","default_image_id":0,"font":"","enabled":false},"version":2}},"categories":[14],"tags":[],"class_list":["post-7354","post","type-post","status-publish","format-standard","has-post-thumbnail","hentry","category-esportes","resize-featured-image"],"yoast_head":"<!-- This site is optimized with the Yoast SEO plugin v27.5 - https:\/\/yoast.com\/product\/yoast-seo-wordpress\/ -->\n<title>Morte de Sven-G\u00f6ran Eriksson: uma lenda do futebol<\/title>\n<meta name=\"description\" content=\"Sven-G\u00f6ran Eriksson, o renomado treinador sueco que marcou a hist\u00f3ria do futebol com suas passagens pela sele\u00e7\u00e3o inglesa e diversos clubes\" \/>\n<meta name=\"robots\" content=\"index, follow, max-snippet:-1, max-image-preview:large, max-video-preview:-1\" \/>\n<link rel=\"canonical\" href=\"https:\/\/latamreports.com\/br\/morte-de-sven-goran-eriksson-uma-lenda-do-futebol-despede-se-aos-76-anos\/\" \/>\n<meta property=\"og:locale\" content=\"en_US\" \/>\n<meta property=\"og:type\" content=\"article\" \/>\n<meta property=\"og:title\" content=\"Morte de Sven-G\u00f6ran Eriksson: uma lenda do futebol\" \/>\n<meta property=\"og:description\" content=\"Sven-G\u00f6ran Eriksson, o renomado treinador sueco que marcou a hist\u00f3ria do futebol com suas passagens pela sele\u00e7\u00e3o inglesa e diversos clubes\" \/>\n<meta property=\"og:url\" content=\"https:\/\/latamreports.com\/br\/morte-de-sven-goran-eriksson-uma-lenda-do-futebol-despede-se-aos-76-anos\/\" \/>\n<meta property=\"og:site_name\" content=\"LatAm Reports\" \/>\n<meta property=\"article:publisher\" content=\"https:\/\/facebook.com\/latamreports\" \/>\n<meta property=\"article:published_time\" content=\"2024-08-26T19:53:13+00:00\" \/>\n<meta property=\"article:modified_time\" content=\"2024-08-26T19:53:15+00:00\" \/>\n<meta property=\"og:image\" content=\"https:\/\/latamreports.com\/br\/wp-content\/uploads\/Design-sem-nome-2024-08-26T152755.445.png\" \/>\n\t<meta property=\"og:image:width\" content=\"1200\" \/>\n\t<meta property=\"og:image:height\" content=\"630\" \/>\n\t<meta property=\"og:image:type\" content=\"image\/png\" \/>\n<meta name=\"author\" content=\"LatAm Reports Redatores da Equipe\" \/>\n<meta name=\"twitter:card\" content=\"summary_large_image\" \/>\n<meta name=\"twitter:creator\" content=\"@latamreports\" \/>\n<meta name=\"twitter:site\" content=\"@latamreports\" \/>\n<meta name=\"twitter:label1\" content=\"Written by\" \/>\n\t<meta name=\"twitter:data1\" content=\"LatAm Reports Redatores da Equipe\" \/>\n\t<meta name=\"twitter:label2\" content=\"Est. reading time\" \/>\n\t<meta name=\"twitter:data2\" content=\"2 minutes\" \/>\n<script type=\"application\/ld+json\" class=\"yoast-schema-graph\">{\"@context\":\"https:\\\/\\\/schema.org\",\"@graph\":[{\"@type\":\"Article\",\"@id\":\"https:\\\/\\\/latamreports.com\\\/br\\\/morte-de-sven-goran-eriksson-uma-lenda-do-futebol-despede-se-aos-76-anos\\\/#article\",\"isPartOf\":{\"@id\":\"https:\\\/\\\/latamreports.com\\\/br\\\/morte-de-sven-goran-eriksson-uma-lenda-do-futebol-despede-se-aos-76-anos\\\/\"},\"author\":{\"name\":\"LatAm Reports Redatores da Equipe\",\"@id\":\"https:\\\/\\\/latamreports.com\\\/br\\\/#\\\/schema\\\/person\\\/a561f2de7e5ccabfab38d239b39fdb70\"},\"headline\":\"Morte de Sven-G\u00f6ran Eriksson: uma lenda do futebol despede-se aos 76 anos\",\"datePublished\":\"2024-08-26T19:53:13+00:00\",\"dateModified\":\"2024-08-26T19:53:15+00:00\",\"mainEntityOfPage\":{\"@id\":\"https:\\\/\\\/latamreports.com\\\/br\\\/morte-de-sven-goran-eriksson-uma-lenda-do-futebol-despede-se-aos-76-anos\\\/\"},\"wordCount\":428,\"publisher\":{\"@id\":\"https:\\\/\\\/latamreports.com\\\/br\\\/#organization\"},\"image\":{\"@id\":\"https:\\\/\\\/latamreports.com\\\/br\\\/morte-de-sven-goran-eriksson-uma-lenda-do-futebol-despede-se-aos-76-anos\\\/#primaryimage\"},\"thumbnailUrl\":\"https:\\\/\\\/latamreports.com\\\/br\\\/wp-content\\\/uploads\\\/Design-sem-nome-2024-08-26T152755.445.png\",\"articleSection\":[\"Esportes\"],\"inLanguage\":\"en-US\"},{\"@type\":\"WebPage\",\"@id\":\"https:\\\/\\\/latamreports.com\\\/br\\\/morte-de-sven-goran-eriksson-uma-lenda-do-futebol-despede-se-aos-76-anos\\\/\",\"url\":\"https:\\\/\\\/latamreports.com\\\/br\\\/morte-de-sven-goran-eriksson-uma-lenda-do-futebol-despede-se-aos-76-anos\\\/\",\"name\":\"Morte de Sven-G\u00f6ran Eriksson: uma lenda do futebol\",\"isPartOf\":{\"@id\":\"https:\\\/\\\/latamreports.com\\\/br\\\/#website\"},\"primaryImageOfPage\":{\"@id\":\"https:\\\/\\\/latamreports.com\\\/br\\\/morte-de-sven-goran-eriksson-uma-lenda-do-futebol-despede-se-aos-76-anos\\\/#primaryimage\"},\"image\":{\"@id\":\"https:\\\/\\\/latamreports.com\\\/br\\\/morte-de-sven-goran-eriksson-uma-lenda-do-futebol-despede-se-aos-76-anos\\\/#primaryimage\"},\"thumbnailUrl\":\"https:\\\/\\\/latamreports.com\\\/br\\\/wp-content\\\/uploads\\\/Design-sem-nome-2024-08-26T152755.445.png\",\"datePublished\":\"2024-08-26T19:53:13+00:00\",\"dateModified\":\"2024-08-26T19:53:15+00:00\",\"description\":\"Sven-G\u00f6ran Eriksson, o renomado treinador sueco que marcou a hist\u00f3ria do futebol com suas passagens pela sele\u00e7\u00e3o inglesa e diversos clubes\",\"breadcrumb\":{\"@id\":\"https:\\\/\\\/latamreports.com\\\/br\\\/morte-de-sven-goran-eriksson-uma-lenda-do-futebol-despede-se-aos-76-anos\\\/#breadcrumb\"},\"inLanguage\":\"en-US\",\"potentialAction\":[{\"@type\":\"ReadAction\",\"target\":[\"https:\\\/\\\/latamreports.com\\\/br\\\/morte-de-sven-goran-eriksson-uma-lenda-do-futebol-despede-se-aos-76-anos\\\/\"]}]},{\"@type\":\"ImageObject\",\"inLanguage\":\"en-US\",\"@id\":\"https:\\\/\\\/latamreports.com\\\/br\\\/morte-de-sven-goran-eriksson-uma-lenda-do-futebol-despede-se-aos-76-anos\\\/#primaryimage\",\"url\":\"https:\\\/\\\/latamreports.com\\\/br\\\/wp-content\\\/uploads\\\/Design-sem-nome-2024-08-26T152755.445.png\",\"contentUrl\":\"https:\\\/\\\/latamreports.com\\\/br\\\/wp-content\\\/uploads\\\/Design-sem-nome-2024-08-26T152755.445.png\",\"width\":1200,\"height\":630,\"caption\":\"Morte de Sven-G\u00f6ran Eriksson: uma Lenda do Futebol Despede-se Aos 76 Anos\"},{\"@type\":\"BreadcrumbList\",\"@id\":\"https:\\\/\\\/latamreports.com\\\/br\\\/morte-de-sven-goran-eriksson-uma-lenda-do-futebol-despede-se-aos-76-anos\\\/#breadcrumb\",\"itemListElement\":[{\"@type\":\"ListItem\",\"position\":1,\"name\":\"Home\",\"item\":\"https:\\\/\\\/latamreports.com\\\/br\\\/\"},{\"@type\":\"ListItem\",\"position\":2,\"name\":\"Morte de Sven-G\u00f6ran Eriksson: uma lenda do futebol despede-se aos 76 anos\"}]},{\"@type\":\"WebSite\",\"@id\":\"https:\\\/\\\/latamreports.com\\\/br\\\/#website\",\"url\":\"https:\\\/\\\/latamreports.com\\\/br\\\/\",\"name\":\"LatAm Reports\",\"description\":\"Not\u00edcias e opini\u00f5es de todas as Am\u00e9ricas\",\"publisher\":{\"@id\":\"https:\\\/\\\/latamreports.com\\\/br\\\/#organization\"},\"potentialAction\":[{\"@type\":\"SearchAction\",\"target\":{\"@type\":\"EntryPoint\",\"urlTemplate\":\"https:\\\/\\\/latamreports.com\\\/br\\\/?s={search_term_string}\"},\"query-input\":{\"@type\":\"PropertyValueSpecification\",\"valueRequired\":true,\"valueName\":\"search_term_string\"}}],\"inLanguage\":\"en-US\"},{\"@type\":\"Organization\",\"@id\":\"https:\\\/\\\/latamreports.com\\\/br\\\/#organization\",\"name\":\"LatAm Reports\",\"url\":\"https:\\\/\\\/latamreports.com\\\/br\\\/\",\"logo\":{\"@type\":\"ImageObject\",\"inLanguage\":\"en-US\",\"@id\":\"https:\\\/\\\/latamreports.com\\\/br\\\/#\\\/schema\\\/logo\\\/image\\\/\",\"url\":\"https:\\\/\\\/latamreports.com\\\/br\\\/wp-content\\\/uploads\\\/cropped-PNG2.png\",\"contentUrl\":\"https:\\\/\\\/latamreports.com\\\/br\\\/wp-content\\\/uploads\\\/cropped-PNG2.png\",\"width\":2522,\"height\":1014,\"caption\":\"LatAm Reports\"},\"image\":{\"@id\":\"https:\\\/\\\/latamreports.com\\\/br\\\/#\\\/schema\\\/logo\\\/image\\\/\"},\"sameAs\":[\"https:\\\/\\\/facebook.com\\\/latamreports\",\"https:\\\/\\\/x.com\\\/latamreports\"]},{\"@type\":\"Person\",\"@id\":\"https:\\\/\\\/latamreports.com\\\/br\\\/#\\\/schema\\\/person\\\/a561f2de7e5ccabfab38d239b39fdb70\",\"name\":\"LatAm Reports Redatores da Equipe\",\"image\":{\"@type\":\"ImageObject\",\"inLanguage\":\"en-US\",\"@id\":\"https:\\\/\\\/secure.gravatar.com\\\/avatar\\\/dcdcc93cc5edddd2f3ef77245866172c7d7241a11ad58e1959aa824f2fae81f6?s=96&d=mm&r=g\",\"url\":\"https:\\\/\\\/secure.gravatar.com\\\/avatar\\\/dcdcc93cc5edddd2f3ef77245866172c7d7241a11ad58e1959aa824f2fae81f6?s=96&d=mm&r=g\",\"contentUrl\":\"https:\\\/\\\/secure.gravatar.com\\\/avatar\\\/dcdcc93cc5edddd2f3ef77245866172c7d7241a11ad58e1959aa824f2fae81f6?s=96&d=mm&r=g\",\"caption\":\"LatAm Reports Redatores da Equipe\"}}]}<\/script>\n<!-- \/ Yoast SEO plugin. -->","yoast_head_json":{"title":"Morte de Sven-G\u00f6ran Eriksson: uma lenda do futebol","description":"Sven-G\u00f6ran Eriksson, o renomado treinador sueco que marcou a hist\u00f3ria do futebol com suas passagens pela sele\u00e7\u00e3o inglesa e diversos clubes","robots":{"index":"index","follow":"follow","max-snippet":"max-snippet:-1","max-image-preview":"max-image-preview:large","max-video-preview":"max-video-preview:-1"},"canonical":"https:\/\/latamreports.com\/br\/morte-de-sven-goran-eriksson-uma-lenda-do-futebol-despede-se-aos-76-anos\/","og_locale":"en_US","og_type":"article","og_title":"Morte de Sven-G\u00f6ran Eriksson: uma lenda do futebol","og_description":"Sven-G\u00f6ran Eriksson, o renomado treinador sueco que marcou a hist\u00f3ria do futebol com suas passagens pela sele\u00e7\u00e3o inglesa e diversos clubes","og_url":"https:\/\/latamreports.com\/br\/morte-de-sven-goran-eriksson-uma-lenda-do-futebol-despede-se-aos-76-anos\/","og_site_name":"LatAm Reports","article_publisher":"https:\/\/facebook.com\/latamreports","article_published_time":"2024-08-26T19:53:13+00:00","article_modified_time":"2024-08-26T19:53:15+00:00","og_image":[{"width":1200,"height":630,"url":"https:\/\/latamreports.com\/br\/wp-content\/uploads\/Design-sem-nome-2024-08-26T152755.445.png","type":"image\/png"}],"author":"LatAm Reports Redatores da Equipe","twitter_card":"summary_large_image","twitter_creator":"@latamreports","twitter_site":"@latamreports","twitter_misc":{"Written by":"LatAm Reports Redatores da Equipe","Est. reading time":"2 minutes"},"schema":{"@context":"https:\/\/schema.org","@graph":[{"@type":"Article","@id":"https:\/\/latamreports.com\/br\/morte-de-sven-goran-eriksson-uma-lenda-do-futebol-despede-se-aos-76-anos\/#article","isPartOf":{"@id":"https:\/\/latamreports.com\/br\/morte-de-sven-goran-eriksson-uma-lenda-do-futebol-despede-se-aos-76-anos\/"},"author":{"name":"LatAm Reports Redatores da Equipe","@id":"https:\/\/latamreports.com\/br\/#\/schema\/person\/a561f2de7e5ccabfab38d239b39fdb70"},"headline":"Morte de Sven-G\u00f6ran Eriksson: uma lenda do futebol despede-se aos 76 anos","datePublished":"2024-08-26T19:53:13+00:00","dateModified":"2024-08-26T19:53:15+00:00","mainEntityOfPage":{"@id":"https:\/\/latamreports.com\/br\/morte-de-sven-goran-eriksson-uma-lenda-do-futebol-despede-se-aos-76-anos\/"},"wordCount":428,"publisher":{"@id":"https:\/\/latamreports.com\/br\/#organization"},"image":{"@id":"https:\/\/latamreports.com\/br\/morte-de-sven-goran-eriksson-uma-lenda-do-futebol-despede-se-aos-76-anos\/#primaryimage"},"thumbnailUrl":"https:\/\/latamreports.com\/br\/wp-content\/uploads\/Design-sem-nome-2024-08-26T152755.445.png","articleSection":["Esportes"],"inLanguage":"en-US"},{"@type":"WebPage","@id":"https:\/\/latamreports.com\/br\/morte-de-sven-goran-eriksson-uma-lenda-do-futebol-despede-se-aos-76-anos\/","url":"https:\/\/latamreports.com\/br\/morte-de-sven-goran-eriksson-uma-lenda-do-futebol-despede-se-aos-76-anos\/","name":"Morte de Sven-G\u00f6ran Eriksson: uma lenda do futebol","isPartOf":{"@id":"https:\/\/latamreports.com\/br\/#website"},"primaryImageOfPage":{"@id":"https:\/\/latamreports.com\/br\/morte-de-sven-goran-eriksson-uma-lenda-do-futebol-despede-se-aos-76-anos\/#primaryimage"},"image":{"@id":"https:\/\/latamreports.com\/br\/morte-de-sven-goran-eriksson-uma-lenda-do-futebol-despede-se-aos-76-anos\/#primaryimage"},"thumbnailUrl":"https:\/\/latamreports.com\/br\/wp-content\/uploads\/Design-sem-nome-2024-08-26T152755.445.png","datePublished":"2024-08-26T19:53:13+00:00","dateModified":"2024-08-26T19:53:15+00:00","description":"Sven-G\u00f6ran Eriksson, o renomado treinador sueco que marcou a hist\u00f3ria do futebol com suas passagens pela sele\u00e7\u00e3o inglesa e diversos clubes","breadcrumb":{"@id":"https:\/\/latamreports.com\/br\/morte-de-sven-goran-eriksson-uma-lenda-do-futebol-despede-se-aos-76-anos\/#breadcrumb"},"inLanguage":"en-US","potentialAction":[{"@type":"ReadAction","target":["https:\/\/latamreports.com\/br\/morte-de-sven-goran-eriksson-uma-lenda-do-futebol-despede-se-aos-76-anos\/"]}]},{"@type":"ImageObject","inLanguage":"en-US","@id":"https:\/\/latamreports.com\/br\/morte-de-sven-goran-eriksson-uma-lenda-do-futebol-despede-se-aos-76-anos\/#primaryimage","url":"https:\/\/latamreports.com\/br\/wp-content\/uploads\/Design-sem-nome-2024-08-26T152755.445.png","contentUrl":"https:\/\/latamreports.com\/br\/wp-content\/uploads\/Design-sem-nome-2024-08-26T152755.445.png","width":1200,"height":630,"caption":"Morte de Sven-G\u00f6ran Eriksson: uma Lenda do Futebol Despede-se Aos 76 Anos"},{"@type":"BreadcrumbList","@id":"https:\/\/latamreports.com\/br\/morte-de-sven-goran-eriksson-uma-lenda-do-futebol-despede-se-aos-76-anos\/#breadcrumb","itemListElement":[{"@type":"ListItem","position":1,"name":"Home","item":"https:\/\/latamreports.com\/br\/"},{"@type":"ListItem","position":2,"name":"Morte de Sven-G\u00f6ran Eriksson: uma lenda do futebol despede-se aos 76 anos"}]},{"@type":"WebSite","@id":"https:\/\/latamreports.com\/br\/#website","url":"https:\/\/latamreports.com\/br\/","name":"LatAm Reports","description":"Not\u00edcias e opini\u00f5es de todas as Am\u00e9ricas","publisher":{"@id":"https:\/\/latamreports.com\/br\/#organization"},"potentialAction":[{"@type":"SearchAction","target":{"@type":"EntryPoint","urlTemplate":"https:\/\/latamreports.com\/br\/?s={search_term_string}"},"query-input":{"@type":"PropertyValueSpecification","valueRequired":true,"valueName":"search_term_string"}}],"inLanguage":"en-US"},{"@type":"Organization","@id":"https:\/\/latamreports.com\/br\/#organization","name":"LatAm Reports","url":"https:\/\/latamreports.com\/br\/","logo":{"@type":"ImageObject","inLanguage":"en-US","@id":"https:\/\/latamreports.com\/br\/#\/schema\/logo\/image\/","url":"https:\/\/latamreports.com\/br\/wp-content\/uploads\/cropped-PNG2.png","contentUrl":"https:\/\/latamreports.com\/br\/wp-content\/uploads\/cropped-PNG2.png","width":2522,"height":1014,"caption":"LatAm Reports"},"image":{"@id":"https:\/\/latamreports.com\/br\/#\/schema\/logo\/image\/"},"sameAs":["https:\/\/facebook.com\/latamreports","https:\/\/x.com\/latamreports"]},{"@type":"Person","@id":"https:\/\/latamreports.com\/br\/#\/schema\/person\/a561f2de7e5ccabfab38d239b39fdb70","name":"LatAm Reports Redatores da Equipe","image":{"@type":"ImageObject","inLanguage":"en-US","@id":"https:\/\/secure.gravatar.com\/avatar\/dcdcc93cc5edddd2f3ef77245866172c7d7241a11ad58e1959aa824f2fae81f6?s=96&d=mm&r=g","url":"https:\/\/secure.gravatar.com\/avatar\/dcdcc93cc5edddd2f3ef77245866172c7d7241a11ad58e1959aa824f2fae81f6?s=96&d=mm&r=g","contentUrl":"https:\/\/secure.gravatar.com\/avatar\/dcdcc93cc5edddd2f3ef77245866172c7d7241a11ad58e1959aa824f2fae81f6?s=96&d=mm&r=g","caption":"LatAm Reports Redatores da Equipe"}}]}},"jetpack_publicize_connections":[],"_links":{"self":[{"href":"https:\/\/latamreports.com\/br\/wp-json\/wp\/v2\/posts\/7354","targetHints":{"allow":["GET"]}}],"collection":[{"href":"https:\/\/latamreports.com\/br\/wp-json\/wp\/v2\/posts"}],"about":[{"href":"https:\/\/latamreports.com\/br\/wp-json\/wp\/v2\/types\/post"}],"author":[{"embeddable":true,"href":"https:\/\/latamreports.com\/br\/wp-json\/wp\/v2\/users\/7"}],"replies":[{"embeddable":true,"href":"https:\/\/latamreports.com\/br\/wp-json\/wp\/v2\/comments?post=7354"}],"version-history":[{"count":2,"href":"https:\/\/latamreports.com\/br\/wp-json\/wp\/v2\/posts\/7354\/revisions"}],"predecessor-version":[{"id":7357,"href":"https:\/\/latamreports.com\/br\/wp-json\/wp\/v2\/posts\/7354\/revisions\/7357"}],"wp:featuredmedia":[{"embeddable":true,"href":"https:\/\/latamreports.com\/br\/wp-json\/wp\/v2\/media\/7355"}],"wp:attachment":[{"href":"https:\/\/latamreports.com\/br\/wp-json\/wp\/v2\/media?parent=7354"}],"wp:term":[{"taxonomy":"category","embeddable":true,"href":"https:\/\/latamreports.com\/br\/wp-json\/wp\/v2\/categories?post=7354"},{"taxonomy":"post_tag","embeddable":true,"href":"https:\/\/latamreports.com\/br\/wp-json\/wp\/v2\/tags?post=7354"}],"curies":[{"name":"wp","href":"https:\/\/api.w.org\/{rel}","templated":true}]}}