{"id":7320,"date":"2024-08-23T18:12:03","date_gmt":"2024-08-23T18:12:03","guid":{"rendered":"https:\/\/latamreports.com\/br\/?p=7320"},"modified":"2024-08-23T18:12:05","modified_gmt":"2024-08-23T18:12:05","slug":"lula-nao-reconhece-vitoria-de-nicolas-maduro-na-venezuela-e-sugere-novas-eleicoes","status":"publish","type":"post","link":"https:\/\/latamreports.com\/br\/lula-nao-reconhece-vitoria-de-nicolas-maduro-na-venezuela-e-sugere-novas-eleicoes\/","title":{"rendered":"Lula n\u00e3o reconhece vit\u00f3ria de Nicol\u00e1s Maduro na Venezuela e sugere novas elei\u00e7\u00f5es"},"content":{"rendered":"\n<p>Pela primeira vez, o presidente <a href=\"https:\/\/latamreports.com\/br\/decreto-de-lula-e-temores-de-interferencia-nas-agencias-reguladoras\/\">Luiz In\u00e1cio Lula da Silva<\/a> declarou que<a href=\"https:\/\/latamreports.com\/br\/lula-critica-eleicoes-na-venezuela-e-exige-explicacoes-de-maduro\/\"> n\u00e3o reconhece a vit\u00f3ria de Nicol\u00e1s Maduro <\/a>nas elei\u00e7\u00f5es venezuelanas, realizadas h\u00e1 18 dias. Durante entrevista, Lula sugeriu alternativas para solucionar a crise pol\u00edtica no pa\u00eds, incluindo a forma\u00e7\u00e3o de um governo de coaliz\u00e3o ou a convoca\u00e7\u00e3o de novas elei\u00e7\u00f5es. A proposta foi prontamente rejeitada pelo governo Maduro, e l\u00edderes da oposi\u00e7\u00e3o criticaram a postura de n\u00e3o reconhecer o resultado das urnas.<\/p>\n\n\n\n<p>As elei\u00e7\u00f5es foram marcadas por alega\u00e7\u00f5es de fraude, com a oposi\u00e7\u00e3o apresentando documentos que indicariam uma vit\u00f3ria do opositor Edmundo Gonz\u00e1lez. A repress\u00e3o p\u00f3s-eleitoral resultou na pris\u00e3o de 2,4 mil pessoas e na morte de 24 manifestantes.<\/p>\n\n\n\n<h2 class=\"wp-block-heading\">Apoio internacional para uma solu\u00e7\u00e3o<\/h2>\n\n\n\n<p>O <a href=\"https:\/\/latamreports.com\/br\/lula-diverge-de-nota-do-pt-que-reconhece-eleicao-de-maduro\/\">Brasil<\/a>, juntamente com a Col\u00f4mbia, tem buscado uma solu\u00e7\u00e3o diplom\u00e1tica, com o presidente colombiano, Gustavo Petro, tamb\u00e9m defendendo novas elei\u00e7\u00f5es como parte de um acordo mais amplo. Esse acordo incluiria a suspens\u00e3o de san\u00e7\u00f5es econ\u00f4micas, uma anistia geral e uma transi\u00e7\u00e3o governamental negociada. A oposi\u00e7\u00e3o venezuelana, no entanto, rejeita a ideia de novas elei\u00e7\u00f5es, argumentando que isso desrespeita a vontade do povo expressa nas urnas.<\/p>\n\n\n\n<p>Em resposta, o governo Maduro considerou a sugest\u00e3o de novas elei\u00e7\u00f5es como uma interfer\u00eancia externa nos assuntos internos da <a href=\"https:\/\/latamreports.com\/br\/maduro-ataca-tiktok-acusando-rede-social-de-promover-guerra-civil-na-venezuela\/\">Venezuela<\/a>.<\/p>\n","protected":false},"excerpt":{"rendered":"<p>Pela primeira vez, o presidente Luiz In\u00e1cio Lula da Silva declarou que n\u00e3o reconhece a vit\u00f3ria de Nicol\u00e1s Maduro nas elei\u00e7\u00f5es venezuelanas, realizadas h\u00e1 18 &#8230; <a title=\"Lula n\u00e3o reconhece vit\u00f3ria de Nicol\u00e1s Maduro na Venezuela e sugere novas elei\u00e7\u00f5es\" class=\"read-more\" href=\"https:\/\/latamreports.com\/br\/lula-nao-reconhece-vitoria-de-nicolas-maduro-na-venezuela-e-sugere-novas-eleicoes\/\" aria-label=\"Read more about Lula n\u00e3o reconhece vit\u00f3ria de Nicol\u00e1s Maduro na Venezuela e sugere novas elei\u00e7\u00f5es\">Read more<\/a><\/p>\n","protected":false},"author":7,"featured_media":7321,"comment_status":"closed","ping_status":"closed","sticky":false,"template":"","format":"standard","meta":{"footnotes":"","jetpack_publicize_message":"","jetpack_publicize_feature_enabled":true,"jetpack_social_post_already_shared":false,"jetpack_social_options":{"image_generator_settings":{"template":"highway","default_image_id":0,"font":"","enabled":false},"version":2}},"categories":[13],"tags":[31,23],"class_list":["post-7320","post","type-post","status-publish","format-standard","has-post-thumbnail","hentry","category-politica","tag-brasil","tag-venezuela","resize-featured-image"],"yoast_head":"<!-- This site is optimized with the Yoast SEO plugin v27.4 - https:\/\/yoast.com\/product\/yoast-seo-wordpress\/ -->\n<title>Lula n\u00e3o reconhece vit\u00f3ria de Nicol\u00e1s Maduro na Venezuela<\/title>\n<meta name=\"description\" content=\"Pela primeira vez, o presidente Luiz In\u00e1cio Lula da Silva declarou que n\u00e3o reconhece a vit\u00f3ria de Nicol\u00e1s Maduro nas elei\u00e7\u00f5es venezuelanas\" \/>\n<meta name=\"robots\" content=\"index, follow, max-snippet:-1, max-image-preview:large, max-video-preview:-1\" \/>\n<link rel=\"canonical\" href=\"https:\/\/latamreports.com\/br\/lula-nao-reconhece-vitoria-de-nicolas-maduro-na-venezuela-e-sugere-novas-eleicoes\/\" \/>\n<meta property=\"og:locale\" content=\"en_US\" \/>\n<meta property=\"og:type\" content=\"article\" \/>\n<meta property=\"og:title\" content=\"Lula n\u00e3o reconhece vit\u00f3ria de Nicol\u00e1s Maduro na Venezuela\" \/>\n<meta property=\"og:description\" content=\"Pela primeira vez, o presidente Luiz In\u00e1cio Lula da Silva declarou que n\u00e3o reconhece a vit\u00f3ria de Nicol\u00e1s Maduro nas elei\u00e7\u00f5es venezuelanas\" \/>\n<meta property=\"og:url\" content=\"https:\/\/latamreports.com\/br\/lula-nao-reconhece-vitoria-de-nicolas-maduro-na-venezuela-e-sugere-novas-eleicoes\/\" \/>\n<meta property=\"og:site_name\" content=\"LatAm Reports\" \/>\n<meta property=\"article:publisher\" content=\"https:\/\/facebook.com\/latamreports\" \/>\n<meta property=\"article:published_time\" content=\"2024-08-23T18:12:03+00:00\" \/>\n<meta property=\"article:modified_time\" content=\"2024-08-23T18:12:05+00:00\" \/>\n<meta property=\"og:image\" content=\"https:\/\/latamreports.com\/br\/wp-content\/uploads\/Design-sem-nome-2024-08-23T135037.176.png\" \/>\n\t<meta property=\"og:image:width\" content=\"1200\" \/>\n\t<meta property=\"og:image:height\" content=\"630\" \/>\n\t<meta property=\"og:image:type\" content=\"image\/png\" \/>\n<meta name=\"author\" content=\"LatAm Reports Redatores da Equipe\" \/>\n<meta name=\"twitter:card\" content=\"summary_large_image\" \/>\n<meta name=\"twitter:creator\" content=\"@latamreports\" \/>\n<meta name=\"twitter:site\" content=\"@latamreports\" \/>\n<meta name=\"twitter:label1\" content=\"Written by\" \/>\n\t<meta name=\"twitter:data1\" content=\"LatAm Reports Redatores da Equipe\" \/>\n\t<meta name=\"twitter:label2\" content=\"Est. reading time\" \/>\n\t<meta name=\"twitter:data2\" content=\"2 minutes\" \/>\n<script type=\"application\/ld+json\" class=\"yoast-schema-graph\">{\"@context\":\"https:\\\/\\\/schema.org\",\"@graph\":[{\"@type\":\"Article\",\"@id\":\"https:\\\/\\\/latamreports.com\\\/br\\\/lula-nao-reconhece-vitoria-de-nicolas-maduro-na-venezuela-e-sugere-novas-eleicoes\\\/#article\",\"isPartOf\":{\"@id\":\"https:\\\/\\\/latamreports.com\\\/br\\\/lula-nao-reconhece-vitoria-de-nicolas-maduro-na-venezuela-e-sugere-novas-eleicoes\\\/\"},\"author\":{\"name\":\"LatAm Reports Redatores da Equipe\",\"@id\":\"https:\\\/\\\/latamreports.com\\\/br\\\/#\\\/schema\\\/person\\\/a561f2de7e5ccabfab38d239b39fdb70\"},\"headline\":\"Lula n\u00e3o reconhece vit\u00f3ria de Nicol\u00e1s Maduro na Venezuela e sugere novas elei\u00e7\u00f5es\",\"datePublished\":\"2024-08-23T18:12:03+00:00\",\"dateModified\":\"2024-08-23T18:12:05+00:00\",\"mainEntityOfPage\":{\"@id\":\"https:\\\/\\\/latamreports.com\\\/br\\\/lula-nao-reconhece-vitoria-de-nicolas-maduro-na-venezuela-e-sugere-novas-eleicoes\\\/\"},\"wordCount\":253,\"publisher\":{\"@id\":\"https:\\\/\\\/latamreports.com\\\/br\\\/#organization\"},\"image\":{\"@id\":\"https:\\\/\\\/latamreports.com\\\/br\\\/lula-nao-reconhece-vitoria-de-nicolas-maduro-na-venezuela-e-sugere-novas-eleicoes\\\/#primaryimage\"},\"thumbnailUrl\":\"https:\\\/\\\/latamreports.com\\\/br\\\/wp-content\\\/uploads\\\/Design-sem-nome-2024-08-23T135037.176.png\",\"keywords\":[\"Brasil\",\"Venezuela\"],\"articleSection\":[\"Pol\u00edtica\"],\"inLanguage\":\"en-US\"},{\"@type\":\"WebPage\",\"@id\":\"https:\\\/\\\/latamreports.com\\\/br\\\/lula-nao-reconhece-vitoria-de-nicolas-maduro-na-venezuela-e-sugere-novas-eleicoes\\\/\",\"url\":\"https:\\\/\\\/latamreports.com\\\/br\\\/lula-nao-reconhece-vitoria-de-nicolas-maduro-na-venezuela-e-sugere-novas-eleicoes\\\/\",\"name\":\"Lula n\u00e3o reconhece vit\u00f3ria de Nicol\u00e1s Maduro na Venezuela\",\"isPartOf\":{\"@id\":\"https:\\\/\\\/latamreports.com\\\/br\\\/#website\"},\"primaryImageOfPage\":{\"@id\":\"https:\\\/\\\/latamreports.com\\\/br\\\/lula-nao-reconhece-vitoria-de-nicolas-maduro-na-venezuela-e-sugere-novas-eleicoes\\\/#primaryimage\"},\"image\":{\"@id\":\"https:\\\/\\\/latamreports.com\\\/br\\\/lula-nao-reconhece-vitoria-de-nicolas-maduro-na-venezuela-e-sugere-novas-eleicoes\\\/#primaryimage\"},\"thumbnailUrl\":\"https:\\\/\\\/latamreports.com\\\/br\\\/wp-content\\\/uploads\\\/Design-sem-nome-2024-08-23T135037.176.png\",\"datePublished\":\"2024-08-23T18:12:03+00:00\",\"dateModified\":\"2024-08-23T18:12:05+00:00\",\"description\":\"Pela primeira vez, o presidente Luiz In\u00e1cio Lula da Silva declarou que n\u00e3o reconhece a vit\u00f3ria de Nicol\u00e1s Maduro nas elei\u00e7\u00f5es venezuelanas\",\"breadcrumb\":{\"@id\":\"https:\\\/\\\/latamreports.com\\\/br\\\/lula-nao-reconhece-vitoria-de-nicolas-maduro-na-venezuela-e-sugere-novas-eleicoes\\\/#breadcrumb\"},\"inLanguage\":\"en-US\",\"potentialAction\":[{\"@type\":\"ReadAction\",\"target\":[\"https:\\\/\\\/latamreports.com\\\/br\\\/lula-nao-reconhece-vitoria-de-nicolas-maduro-na-venezuela-e-sugere-novas-eleicoes\\\/\"]}]},{\"@type\":\"ImageObject\",\"inLanguage\":\"en-US\",\"@id\":\"https:\\\/\\\/latamreports.com\\\/br\\\/lula-nao-reconhece-vitoria-de-nicolas-maduro-na-venezuela-e-sugere-novas-eleicoes\\\/#primaryimage\",\"url\":\"https:\\\/\\\/latamreports.com\\\/br\\\/wp-content\\\/uploads\\\/Design-sem-nome-2024-08-23T135037.176.png\",\"contentUrl\":\"https:\\\/\\\/latamreports.com\\\/br\\\/wp-content\\\/uploads\\\/Design-sem-nome-2024-08-23T135037.176.png\",\"width\":1200,\"height\":630,\"caption\":\"Lula n\u00e3o reconhece vit\u00f3ria de Nicol\u00e1s Maduro na Venezuela e sugere novas elei\u00e7\u00f5es\"},{\"@type\":\"BreadcrumbList\",\"@id\":\"https:\\\/\\\/latamreports.com\\\/br\\\/lula-nao-reconhece-vitoria-de-nicolas-maduro-na-venezuela-e-sugere-novas-eleicoes\\\/#breadcrumb\",\"itemListElement\":[{\"@type\":\"ListItem\",\"position\":1,\"name\":\"Home\",\"item\":\"https:\\\/\\\/latamreports.com\\\/br\\\/\"},{\"@type\":\"ListItem\",\"position\":2,\"name\":\"Lula n\u00e3o reconhece vit\u00f3ria de Nicol\u00e1s Maduro na Venezuela e sugere novas elei\u00e7\u00f5es\"}]},{\"@type\":\"WebSite\",\"@id\":\"https:\\\/\\\/latamreports.com\\\/br\\\/#website\",\"url\":\"https:\\\/\\\/latamreports.com\\\/br\\\/\",\"name\":\"LatAm Reports\",\"description\":\"Not\u00edcias e opini\u00f5es de todas as Am\u00e9ricas\",\"publisher\":{\"@id\":\"https:\\\/\\\/latamreports.com\\\/br\\\/#organization\"},\"potentialAction\":[{\"@type\":\"SearchAction\",\"target\":{\"@type\":\"EntryPoint\",\"urlTemplate\":\"https:\\\/\\\/latamreports.com\\\/br\\\/?s={search_term_string}\"},\"query-input\":{\"@type\":\"PropertyValueSpecification\",\"valueRequired\":true,\"valueName\":\"search_term_string\"}}],\"inLanguage\":\"en-US\"},{\"@type\":\"Organization\",\"@id\":\"https:\\\/\\\/latamreports.com\\\/br\\\/#organization\",\"name\":\"LatAm Reports\",\"url\":\"https:\\\/\\\/latamreports.com\\\/br\\\/\",\"logo\":{\"@type\":\"ImageObject\",\"inLanguage\":\"en-US\",\"@id\":\"https:\\\/\\\/latamreports.com\\\/br\\\/#\\\/schema\\\/logo\\\/image\\\/\",\"url\":\"https:\\\/\\\/latamreports.com\\\/br\\\/wp-content\\\/uploads\\\/cropped-PNG2.png\",\"contentUrl\":\"https:\\\/\\\/latamreports.com\\\/br\\\/wp-content\\\/uploads\\\/cropped-PNG2.png\",\"width\":2522,\"height\":1014,\"caption\":\"LatAm Reports\"},\"image\":{\"@id\":\"https:\\\/\\\/latamreports.com\\\/br\\\/#\\\/schema\\\/logo\\\/image\\\/\"},\"sameAs\":[\"https:\\\/\\\/facebook.com\\\/latamreports\",\"https:\\\/\\\/x.com\\\/latamreports\"]},{\"@type\":\"Person\",\"@id\":\"https:\\\/\\\/latamreports.com\\\/br\\\/#\\\/schema\\\/person\\\/a561f2de7e5ccabfab38d239b39fdb70\",\"name\":\"LatAm Reports Redatores da Equipe\",\"image\":{\"@type\":\"ImageObject\",\"inLanguage\":\"en-US\",\"@id\":\"https:\\\/\\\/secure.gravatar.com\\\/avatar\\\/dcdcc93cc5edddd2f3ef77245866172c7d7241a11ad58e1959aa824f2fae81f6?s=96&d=mm&r=g\",\"url\":\"https:\\\/\\\/secure.gravatar.com\\\/avatar\\\/dcdcc93cc5edddd2f3ef77245866172c7d7241a11ad58e1959aa824f2fae81f6?s=96&d=mm&r=g\",\"contentUrl\":\"https:\\\/\\\/secure.gravatar.com\\\/avatar\\\/dcdcc93cc5edddd2f3ef77245866172c7d7241a11ad58e1959aa824f2fae81f6?s=96&d=mm&r=g\",\"caption\":\"LatAm Reports Redatores da Equipe\"}}]}<\/script>\n<!-- \/ Yoast SEO plugin. -->","yoast_head_json":{"title":"Lula n\u00e3o reconhece vit\u00f3ria de Nicol\u00e1s Maduro na Venezuela","description":"Pela primeira vez, o presidente Luiz In\u00e1cio Lula da Silva declarou que n\u00e3o reconhece a vit\u00f3ria de Nicol\u00e1s Maduro nas elei\u00e7\u00f5es venezuelanas","robots":{"index":"index","follow":"follow","max-snippet":"max-snippet:-1","max-image-preview":"max-image-preview:large","max-video-preview":"max-video-preview:-1"},"canonical":"https:\/\/latamreports.com\/br\/lula-nao-reconhece-vitoria-de-nicolas-maduro-na-venezuela-e-sugere-novas-eleicoes\/","og_locale":"en_US","og_type":"article","og_title":"Lula n\u00e3o reconhece vit\u00f3ria de Nicol\u00e1s Maduro na Venezuela","og_description":"Pela primeira vez, o presidente Luiz In\u00e1cio Lula da Silva declarou que n\u00e3o reconhece a vit\u00f3ria de Nicol\u00e1s Maduro nas elei\u00e7\u00f5es venezuelanas","og_url":"https:\/\/latamreports.com\/br\/lula-nao-reconhece-vitoria-de-nicolas-maduro-na-venezuela-e-sugere-novas-eleicoes\/","og_site_name":"LatAm Reports","article_publisher":"https:\/\/facebook.com\/latamreports","article_published_time":"2024-08-23T18:12:03+00:00","article_modified_time":"2024-08-23T18:12:05+00:00","og_image":[{"width":1200,"height":630,"url":"https:\/\/latamreports.com\/br\/wp-content\/uploads\/Design-sem-nome-2024-08-23T135037.176.png","type":"image\/png"}],"author":"LatAm Reports Redatores da Equipe","twitter_card":"summary_large_image","twitter_creator":"@latamreports","twitter_site":"@latamreports","twitter_misc":{"Written by":"LatAm Reports Redatores da Equipe","Est. reading time":"2 minutes"},"schema":{"@context":"https:\/\/schema.org","@graph":[{"@type":"Article","@id":"https:\/\/latamreports.com\/br\/lula-nao-reconhece-vitoria-de-nicolas-maduro-na-venezuela-e-sugere-novas-eleicoes\/#article","isPartOf":{"@id":"https:\/\/latamreports.com\/br\/lula-nao-reconhece-vitoria-de-nicolas-maduro-na-venezuela-e-sugere-novas-eleicoes\/"},"author":{"name":"LatAm Reports Redatores da Equipe","@id":"https:\/\/latamreports.com\/br\/#\/schema\/person\/a561f2de7e5ccabfab38d239b39fdb70"},"headline":"Lula n\u00e3o reconhece vit\u00f3ria de Nicol\u00e1s Maduro na Venezuela e sugere novas elei\u00e7\u00f5es","datePublished":"2024-08-23T18:12:03+00:00","dateModified":"2024-08-23T18:12:05+00:00","mainEntityOfPage":{"@id":"https:\/\/latamreports.com\/br\/lula-nao-reconhece-vitoria-de-nicolas-maduro-na-venezuela-e-sugere-novas-eleicoes\/"},"wordCount":253,"publisher":{"@id":"https:\/\/latamreports.com\/br\/#organization"},"image":{"@id":"https:\/\/latamreports.com\/br\/lula-nao-reconhece-vitoria-de-nicolas-maduro-na-venezuela-e-sugere-novas-eleicoes\/#primaryimage"},"thumbnailUrl":"https:\/\/latamreports.com\/br\/wp-content\/uploads\/Design-sem-nome-2024-08-23T135037.176.png","keywords":["Brasil","Venezuela"],"articleSection":["Pol\u00edtica"],"inLanguage":"en-US"},{"@type":"WebPage","@id":"https:\/\/latamreports.com\/br\/lula-nao-reconhece-vitoria-de-nicolas-maduro-na-venezuela-e-sugere-novas-eleicoes\/","url":"https:\/\/latamreports.com\/br\/lula-nao-reconhece-vitoria-de-nicolas-maduro-na-venezuela-e-sugere-novas-eleicoes\/","name":"Lula n\u00e3o reconhece vit\u00f3ria de Nicol\u00e1s Maduro na Venezuela","isPartOf":{"@id":"https:\/\/latamreports.com\/br\/#website"},"primaryImageOfPage":{"@id":"https:\/\/latamreports.com\/br\/lula-nao-reconhece-vitoria-de-nicolas-maduro-na-venezuela-e-sugere-novas-eleicoes\/#primaryimage"},"image":{"@id":"https:\/\/latamreports.com\/br\/lula-nao-reconhece-vitoria-de-nicolas-maduro-na-venezuela-e-sugere-novas-eleicoes\/#primaryimage"},"thumbnailUrl":"https:\/\/latamreports.com\/br\/wp-content\/uploads\/Design-sem-nome-2024-08-23T135037.176.png","datePublished":"2024-08-23T18:12:03+00:00","dateModified":"2024-08-23T18:12:05+00:00","description":"Pela primeira vez, o presidente Luiz In\u00e1cio Lula da Silva declarou que n\u00e3o reconhece a vit\u00f3ria de Nicol\u00e1s Maduro nas elei\u00e7\u00f5es venezuelanas","breadcrumb":{"@id":"https:\/\/latamreports.com\/br\/lula-nao-reconhece-vitoria-de-nicolas-maduro-na-venezuela-e-sugere-novas-eleicoes\/#breadcrumb"},"inLanguage":"en-US","potentialAction":[{"@type":"ReadAction","target":["https:\/\/latamreports.com\/br\/lula-nao-reconhece-vitoria-de-nicolas-maduro-na-venezuela-e-sugere-novas-eleicoes\/"]}]},{"@type":"ImageObject","inLanguage":"en-US","@id":"https:\/\/latamreports.com\/br\/lula-nao-reconhece-vitoria-de-nicolas-maduro-na-venezuela-e-sugere-novas-eleicoes\/#primaryimage","url":"https:\/\/latamreports.com\/br\/wp-content\/uploads\/Design-sem-nome-2024-08-23T135037.176.png","contentUrl":"https:\/\/latamreports.com\/br\/wp-content\/uploads\/Design-sem-nome-2024-08-23T135037.176.png","width":1200,"height":630,"caption":"Lula n\u00e3o reconhece vit\u00f3ria de Nicol\u00e1s Maduro na Venezuela e sugere novas elei\u00e7\u00f5es"},{"@type":"BreadcrumbList","@id":"https:\/\/latamreports.com\/br\/lula-nao-reconhece-vitoria-de-nicolas-maduro-na-venezuela-e-sugere-novas-eleicoes\/#breadcrumb","itemListElement":[{"@type":"ListItem","position":1,"name":"Home","item":"https:\/\/latamreports.com\/br\/"},{"@type":"ListItem","position":2,"name":"Lula n\u00e3o reconhece vit\u00f3ria de Nicol\u00e1s Maduro na Venezuela e sugere novas elei\u00e7\u00f5es"}]},{"@type":"WebSite","@id":"https:\/\/latamreports.com\/br\/#website","url":"https:\/\/latamreports.com\/br\/","name":"LatAm Reports","description":"Not\u00edcias e opini\u00f5es de todas as Am\u00e9ricas","publisher":{"@id":"https:\/\/latamreports.com\/br\/#organization"},"potentialAction":[{"@type":"SearchAction","target":{"@type":"EntryPoint","urlTemplate":"https:\/\/latamreports.com\/br\/?s={search_term_string}"},"query-input":{"@type":"PropertyValueSpecification","valueRequired":true,"valueName":"search_term_string"}}],"inLanguage":"en-US"},{"@type":"Organization","@id":"https:\/\/latamreports.com\/br\/#organization","name":"LatAm Reports","url":"https:\/\/latamreports.com\/br\/","logo":{"@type":"ImageObject","inLanguage":"en-US","@id":"https:\/\/latamreports.com\/br\/#\/schema\/logo\/image\/","url":"https:\/\/latamreports.com\/br\/wp-content\/uploads\/cropped-PNG2.png","contentUrl":"https:\/\/latamreports.com\/br\/wp-content\/uploads\/cropped-PNG2.png","width":2522,"height":1014,"caption":"LatAm Reports"},"image":{"@id":"https:\/\/latamreports.com\/br\/#\/schema\/logo\/image\/"},"sameAs":["https:\/\/facebook.com\/latamreports","https:\/\/x.com\/latamreports"]},{"@type":"Person","@id":"https:\/\/latamreports.com\/br\/#\/schema\/person\/a561f2de7e5ccabfab38d239b39fdb70","name":"LatAm Reports Redatores da Equipe","image":{"@type":"ImageObject","inLanguage":"en-US","@id":"https:\/\/secure.gravatar.com\/avatar\/dcdcc93cc5edddd2f3ef77245866172c7d7241a11ad58e1959aa824f2fae81f6?s=96&d=mm&r=g","url":"https:\/\/secure.gravatar.com\/avatar\/dcdcc93cc5edddd2f3ef77245866172c7d7241a11ad58e1959aa824f2fae81f6?s=96&d=mm&r=g","contentUrl":"https:\/\/secure.gravatar.com\/avatar\/dcdcc93cc5edddd2f3ef77245866172c7d7241a11ad58e1959aa824f2fae81f6?s=96&d=mm&r=g","caption":"LatAm Reports Redatores da Equipe"}}]}},"jetpack_publicize_connections":[],"_links":{"self":[{"href":"https:\/\/latamreports.com\/br\/wp-json\/wp\/v2\/posts\/7320","targetHints":{"allow":["GET"]}}],"collection":[{"href":"https:\/\/latamreports.com\/br\/wp-json\/wp\/v2\/posts"}],"about":[{"href":"https:\/\/latamreports.com\/br\/wp-json\/wp\/v2\/types\/post"}],"author":[{"embeddable":true,"href":"https:\/\/latamreports.com\/br\/wp-json\/wp\/v2\/users\/7"}],"replies":[{"embeddable":true,"href":"https:\/\/latamreports.com\/br\/wp-json\/wp\/v2\/comments?post=7320"}],"version-history":[{"count":3,"href":"https:\/\/latamreports.com\/br\/wp-json\/wp\/v2\/posts\/7320\/revisions"}],"predecessor-version":[{"id":7324,"href":"https:\/\/latamreports.com\/br\/wp-json\/wp\/v2\/posts\/7320\/revisions\/7324"}],"wp:featuredmedia":[{"embeddable":true,"href":"https:\/\/latamreports.com\/br\/wp-json\/wp\/v2\/media\/7321"}],"wp:attachment":[{"href":"https:\/\/latamreports.com\/br\/wp-json\/wp\/v2\/media?parent=7320"}],"wp:term":[{"taxonomy":"category","embeddable":true,"href":"https:\/\/latamreports.com\/br\/wp-json\/wp\/v2\/categories?post=7320"},{"taxonomy":"post_tag","embeddable":true,"href":"https:\/\/latamreports.com\/br\/wp-json\/wp\/v2\/tags?post=7320"}],"curies":[{"name":"wp","href":"https:\/\/api.w.org\/{rel}","templated":true}]}}