{"id":7308,"date":"2024-08-22T20:31:21","date_gmt":"2024-08-22T20:31:21","guid":{"rendered":"https:\/\/latamreports.com\/br\/?p=7308"},"modified":"2024-08-22T20:31:22","modified_gmt":"2024-08-22T20:31:22","slug":"decreto-de-lula-e-temores-de-interferencia-nas-agencias-reguladoras","status":"publish","type":"post","link":"https:\/\/latamreports.com\/br\/decreto-de-lula-e-temores-de-interferencia-nas-agencias-reguladoras\/","title":{"rendered":"Decreto de Lula e temores de interfer\u00eancia nas ag\u00eancias reguladoras"},"content":{"rendered":"\n<p>Nesta quarta-feira, 21, um decreto assinado pelo <a href=\"https:\/\/latamreports.com\/br\/governo-lula-minimiza-encerramento-das-operacoes-do-x-no-brasil\/\">presidente Luiz In\u00e1cio Lula da Silva<\/a> e pelo vice-presidente Geraldo Alckmin introduziu a &#8220;Estrat\u00e9gia Regula Melhor&#8221;, uma iniciativa que visa melhorar a regula\u00e7\u00e3o em diversas \u00e1reas do governo. No entanto, a divulga\u00e7\u00e3o quase simult\u00e2nea do decreto e de uma amea\u00e7a de interven\u00e7\u00e3o na Aneel (Ag\u00eancia Nacional de Energia El\u00e9trica) pelo Minist\u00e9rio de Minas e Energia (MME) gerou preocupa\u00e7\u00f5es sobre poss\u00edveis interfer\u00eancias na autonomia das ag\u00eancias reguladoras.<\/p>\n\n\n\n<h2 class=\"wp-block-heading\">Contexto e medidas<\/h2>\n\n\n\n<p>O decreto estabeleceu a &#8220;Estrat\u00e9gia Regula Melhor&#8221;, com o objetivo de implementar boas pr\u00e1ticas de regula\u00e7\u00e3o atrav\u00e9s do Pro-Reg (Programa de Fortalecimento da Capacidade Institucional para Gest\u00e3o em Regula\u00e7\u00e3o). Um comit\u00ea gestor ser\u00e1 respons\u00e1vel pela coordena\u00e7\u00e3o das mudan\u00e7as, abrangendo n\u00e3o apenas as ag\u00eancias reguladoras, mas tamb\u00e9m diversas \u00e1reas do governo.<\/p>\n\n\n\n<p>O MME, liderado pelo ministro Alexandre Silveira, enviou um of\u00edcio ao diretor-geral da Aneel, Sandoval Feitosa, expressando descontentamento com a lentid\u00e3o da ag\u00eancia em analisar demandas importantes. No of\u00edcio, Silveira amea\u00e7ou intervir na ag\u00eancia caso a an\u00e1lise das demandas n\u00e3o avan\u00e7asse. Feitosa, por sua vez, reiterou que a Aneel opera de forma independente e que suas decis\u00f5es s\u00e3o tomadas pelos diretores da ag\u00eancia.<\/p>\n\n\n\n<h3 class=\"wp-block-heading\">Repercuss\u00f5es e preocupa\u00e7\u00f5es<\/h3>\n\n\n\n<p>A amea\u00e7a de interven\u00e7\u00e3o e a publica\u00e7\u00e3o do decreto geraram preocupa\u00e7\u00e3o no setor regulador e entre especialistas. Desde o in\u00edcio do<a href=\"https:\/\/latamreports.com\/br\/lula-critica-eleicoes-na-venezuela-e-exige-explicacoes-de-maduro\/\"> governo Lula<\/a> 3, houve discuss\u00f5es sobre a perman\u00eancia e a autonomia de diversos diretores de ag\u00eancias reguladoras, incluindo o caso do diretor-geral da Anatel (Ag\u00eancia Nacional de Telecomunica\u00e7\u00f5es). A poss\u00edvel mudan\u00e7a na composi\u00e7\u00e3o de cargos e a disputa por influ\u00eancia em organismos reguladores alimentaram o temor de que o governo poderia estar buscando maior controle sobre essas entidades independentes.<\/p>\n\n\n\n<p>Jerson Kelman, ex-diretor da Ana (Ag\u00eancia Nacional de \u00c1guas) e da Aneel, lembra que a autonomia das ag\u00eancias \u00e9 fundamental para garantir a estabilidade e a efic\u00e1cia das concess\u00f5es. Ele argumenta que a independ\u00eancia das ag\u00eancias ajuda a assegurar decis\u00f5es de longo prazo e a evitar a captura por interesses de curto prazo.<\/p>\n\n\n\n<h2 class=\"wp-block-heading\">Posicionamento do Governo<\/h2>\n\n\n\n<p>O governo, no entanto, defende que a &#8220;Estrat\u00e9gia Regula Melhor&#8221; tem o objetivo de agilizar processos e reduzir custos, sem a inten\u00e7\u00e3o de interferir nas ag\u00eancias reguladoras. Andrea Macera, secret\u00e1ria de Competitividade e Pol\u00edtica Regulat\u00f3ria do Mdic (Minist\u00e9rio do Desenvolvimento, Ind\u00fastria, Com\u00e9rcio e Servi\u00e7os), afirmou que a inten\u00e7\u00e3o \u00e9 melhorar a regula\u00e7\u00e3o, n\u00e3o enfraquecer a autonomia das ag\u00eancias. Eduardo Nery, diretor-geral da Antaq (Ag\u00eancia Nacional de Transportes Aquavi\u00e1rios), concorda que o decreto busca aprimorar a regula\u00e7\u00e3o e n\u00e3o tem como objetivo interferir nas ag\u00eancias.<\/p>\n\n\n\n<h3 class=\"wp-block-heading\">An\u00e1lise e Implica\u00e7\u00f5es<\/h3>\n\n\n\n<p>A an\u00e1lise da &#8220;Estrat\u00e9gia Regula Melhor&#8221; e a forma como o comit\u00ea gestor ser\u00e1 implementado ser\u00e3o cruciais para determinar se haver\u00e1 impacto real na autonomia das ag\u00eancias reguladoras. O comit\u00ea ser\u00e1 composto por representantes de \u00f3rg\u00e3os pr\u00f3ximos ao n\u00facleo do <a href=\"https:\/\/latamreports.com\/br\/lula-diverge-de-nota-do-pt-que-reconhece-eleicao-de-maduro\/\">governo<\/a>, o que levanta a quest\u00e3o de como a coordena\u00e7\u00e3o e o monitoramento ser\u00e3o realizados sem comprometer a independ\u00eancia decis\u00f3ria das ag\u00eancias.<\/p>\n\n\n\n<p>Rodrigo Campos, s\u00f3cio do Vernalha Pereira, ressalta que o comit\u00ea \u00e9 formado por \u00f3rg\u00e3os pr\u00f3ximos ao governo e que a forma como a coordena\u00e7\u00e3o e a avalia\u00e7\u00e3o ser\u00e3o feitas ser\u00e1 um ponto-chave para garantir a seguran\u00e7a jur\u00eddica e a independ\u00eancia das ag\u00eancias.<\/p>\n\n\n\n<p>O cen\u00e1rio atual destaca a necessidade de um equil\u00edbrio entre a melhoria da regula\u00e7\u00e3o e a manuten\u00e7\u00e3o da autonomia das ag\u00eancias, essencial para assegurar a confian\u00e7a no sistema regulat\u00f3rio e garantir que decis\u00f5es cruciais para o setor n\u00e3o sejam influenciadas por interesses pol\u00edticos de curto prazo.<\/p>\n","protected":false},"excerpt":{"rendered":"<p>Nesta quarta-feira, 21, um decreto assinado pelo presidente Luiz In\u00e1cio Lula da Silva e pelo vice-presidente Geraldo Alckmin introduziu a &#8220;Estrat\u00e9gia Regula Melhor&#8221;, uma iniciativa &#8230; <a title=\"Decreto de Lula e temores de interfer\u00eancia nas ag\u00eancias reguladoras\" class=\"read-more\" href=\"https:\/\/latamreports.com\/br\/decreto-de-lula-e-temores-de-interferencia-nas-agencias-reguladoras\/\" aria-label=\"Read more about Decreto de Lula e temores de interfer\u00eancia nas ag\u00eancias reguladoras\">Read more<\/a><\/p>\n","protected":false},"author":7,"featured_media":7309,"comment_status":"closed","ping_status":"closed","sticky":false,"template":"","format":"standard","meta":{"footnotes":"","jetpack_publicize_message":"","jetpack_publicize_feature_enabled":true,"jetpack_social_post_already_shared":false,"jetpack_social_options":{"image_generator_settings":{"template":"highway","default_image_id":0,"font":"","enabled":false},"version":2}},"categories":[13],"tags":[31],"class_list":["post-7308","post","type-post","status-publish","format-standard","has-post-thumbnail","hentry","category-politica","tag-brasil","resize-featured-image"],"yoast_head":"<!-- This site is optimized with the Yoast SEO plugin v27.4 - https:\/\/yoast.com\/product\/yoast-seo-wordpress\/ -->\n<title>Decreto de Lula e temores de interfer\u00eancia nos \u00f3rg\u00e3os reguladoras<\/title>\n<meta name=\"description\" content=\"Nesta quarta-feira, ), um decreto assinado pelo presidente Lula e pelo vice, Geraldo Alckmin, introduziu a &quot;Estrat\u00e9gia Regula Melhor&quot;\" \/>\n<meta name=\"robots\" content=\"index, follow, max-snippet:-1, max-image-preview:large, max-video-preview:-1\" \/>\n<link rel=\"canonical\" href=\"https:\/\/latamreports.com\/br\/decreto-de-lula-e-temores-de-interferencia-nas-agencias-reguladoras\/\" \/>\n<meta property=\"og:locale\" content=\"en_US\" \/>\n<meta property=\"og:type\" content=\"article\" \/>\n<meta property=\"og:title\" content=\"Decreto de Lula e temores de interfer\u00eancia nos \u00f3rg\u00e3os reguladoras\" \/>\n<meta property=\"og:description\" content=\"Nesta quarta-feira, ), um decreto assinado pelo presidente Lula e pelo vice, Geraldo Alckmin, introduziu a &quot;Estrat\u00e9gia Regula Melhor&quot;\" \/>\n<meta property=\"og:url\" content=\"https:\/\/latamreports.com\/br\/decreto-de-lula-e-temores-de-interferencia-nas-agencias-reguladoras\/\" \/>\n<meta property=\"og:site_name\" content=\"LatAm Reports\" \/>\n<meta property=\"article:publisher\" content=\"https:\/\/facebook.com\/latamreports\" \/>\n<meta property=\"article:published_time\" content=\"2024-08-22T20:31:21+00:00\" \/>\n<meta property=\"article:modified_time\" content=\"2024-08-22T20:31:22+00:00\" \/>\n<meta property=\"og:image\" content=\"https:\/\/latamreports.com\/br\/wp-content\/uploads\/Design-sem-nome-2024-08-22T150408.025.png\" \/>\n\t<meta property=\"og:image:width\" content=\"1200\" \/>\n\t<meta property=\"og:image:height\" content=\"630\" \/>\n\t<meta property=\"og:image:type\" content=\"image\/png\" \/>\n<meta name=\"author\" content=\"LatAm Reports Redatores da Equipe\" \/>\n<meta name=\"twitter:card\" content=\"summary_large_image\" \/>\n<meta name=\"twitter:creator\" content=\"@latamreports\" \/>\n<meta name=\"twitter:site\" content=\"@latamreports\" \/>\n<meta name=\"twitter:label1\" content=\"Written by\" \/>\n\t<meta name=\"twitter:data1\" content=\"LatAm Reports Redatores da Equipe\" \/>\n\t<meta name=\"twitter:label2\" content=\"Est. reading time\" \/>\n\t<meta name=\"twitter:data2\" content=\"3 minutes\" \/>\n<script type=\"application\/ld+json\" class=\"yoast-schema-graph\">{\"@context\":\"https:\\\/\\\/schema.org\",\"@graph\":[{\"@type\":\"Article\",\"@id\":\"https:\\\/\\\/latamreports.com\\\/br\\\/decreto-de-lula-e-temores-de-interferencia-nas-agencias-reguladoras\\\/#article\",\"isPartOf\":{\"@id\":\"https:\\\/\\\/latamreports.com\\\/br\\\/decreto-de-lula-e-temores-de-interferencia-nas-agencias-reguladoras\\\/\"},\"author\":{\"name\":\"LatAm Reports Redatores da Equipe\",\"@id\":\"https:\\\/\\\/latamreports.com\\\/br\\\/#\\\/schema\\\/person\\\/a561f2de7e5ccabfab38d239b39fdb70\"},\"headline\":\"Decreto de Lula e temores de interfer\u00eancia nas ag\u00eancias reguladoras\",\"datePublished\":\"2024-08-22T20:31:21+00:00\",\"dateModified\":\"2024-08-22T20:31:22+00:00\",\"mainEntityOfPage\":{\"@id\":\"https:\\\/\\\/latamreports.com\\\/br\\\/decreto-de-lula-e-temores-de-interferencia-nas-agencias-reguladoras\\\/\"},\"wordCount\":687,\"publisher\":{\"@id\":\"https:\\\/\\\/latamreports.com\\\/br\\\/#organization\"},\"image\":{\"@id\":\"https:\\\/\\\/latamreports.com\\\/br\\\/decreto-de-lula-e-temores-de-interferencia-nas-agencias-reguladoras\\\/#primaryimage\"},\"thumbnailUrl\":\"https:\\\/\\\/latamreports.com\\\/br\\\/wp-content\\\/uploads\\\/Design-sem-nome-2024-08-22T150408.025.png\",\"keywords\":[\"Brasil\"],\"articleSection\":[\"Pol\u00edtica\"],\"inLanguage\":\"en-US\"},{\"@type\":\"WebPage\",\"@id\":\"https:\\\/\\\/latamreports.com\\\/br\\\/decreto-de-lula-e-temores-de-interferencia-nas-agencias-reguladoras\\\/\",\"url\":\"https:\\\/\\\/latamreports.com\\\/br\\\/decreto-de-lula-e-temores-de-interferencia-nas-agencias-reguladoras\\\/\",\"name\":\"Decreto de Lula e temores de interfer\u00eancia nos \u00f3rg\u00e3os reguladoras\",\"isPartOf\":{\"@id\":\"https:\\\/\\\/latamreports.com\\\/br\\\/#website\"},\"primaryImageOfPage\":{\"@id\":\"https:\\\/\\\/latamreports.com\\\/br\\\/decreto-de-lula-e-temores-de-interferencia-nas-agencias-reguladoras\\\/#primaryimage\"},\"image\":{\"@id\":\"https:\\\/\\\/latamreports.com\\\/br\\\/decreto-de-lula-e-temores-de-interferencia-nas-agencias-reguladoras\\\/#primaryimage\"},\"thumbnailUrl\":\"https:\\\/\\\/latamreports.com\\\/br\\\/wp-content\\\/uploads\\\/Design-sem-nome-2024-08-22T150408.025.png\",\"datePublished\":\"2024-08-22T20:31:21+00:00\",\"dateModified\":\"2024-08-22T20:31:22+00:00\",\"description\":\"Nesta quarta-feira, ), um decreto assinado pelo presidente Lula e pelo vice, Geraldo Alckmin, introduziu a \\\"Estrat\u00e9gia Regula Melhor\\\"\",\"breadcrumb\":{\"@id\":\"https:\\\/\\\/latamreports.com\\\/br\\\/decreto-de-lula-e-temores-de-interferencia-nas-agencias-reguladoras\\\/#breadcrumb\"},\"inLanguage\":\"en-US\",\"potentialAction\":[{\"@type\":\"ReadAction\",\"target\":[\"https:\\\/\\\/latamreports.com\\\/br\\\/decreto-de-lula-e-temores-de-interferencia-nas-agencias-reguladoras\\\/\"]}]},{\"@type\":\"ImageObject\",\"inLanguage\":\"en-US\",\"@id\":\"https:\\\/\\\/latamreports.com\\\/br\\\/decreto-de-lula-e-temores-de-interferencia-nas-agencias-reguladoras\\\/#primaryimage\",\"url\":\"https:\\\/\\\/latamreports.com\\\/br\\\/wp-content\\\/uploads\\\/Design-sem-nome-2024-08-22T150408.025.png\",\"contentUrl\":\"https:\\\/\\\/latamreports.com\\\/br\\\/wp-content\\\/uploads\\\/Design-sem-nome-2024-08-22T150408.025.png\",\"width\":1200,\"height\":630,\"caption\":\"Decreto de Lula e temores de interfer\u00eancia nas ag\u00eancias reguladoras\"},{\"@type\":\"BreadcrumbList\",\"@id\":\"https:\\\/\\\/latamreports.com\\\/br\\\/decreto-de-lula-e-temores-de-interferencia-nas-agencias-reguladoras\\\/#breadcrumb\",\"itemListElement\":[{\"@type\":\"ListItem\",\"position\":1,\"name\":\"Home\",\"item\":\"https:\\\/\\\/latamreports.com\\\/br\\\/\"},{\"@type\":\"ListItem\",\"position\":2,\"name\":\"Decreto de Lula e temores de interfer\u00eancia nas ag\u00eancias reguladoras\"}]},{\"@type\":\"WebSite\",\"@id\":\"https:\\\/\\\/latamreports.com\\\/br\\\/#website\",\"url\":\"https:\\\/\\\/latamreports.com\\\/br\\\/\",\"name\":\"LatAm Reports\",\"description\":\"Not\u00edcias e opini\u00f5es de todas as Am\u00e9ricas\",\"publisher\":{\"@id\":\"https:\\\/\\\/latamreports.com\\\/br\\\/#organization\"},\"potentialAction\":[{\"@type\":\"SearchAction\",\"target\":{\"@type\":\"EntryPoint\",\"urlTemplate\":\"https:\\\/\\\/latamreports.com\\\/br\\\/?s={search_term_string}\"},\"query-input\":{\"@type\":\"PropertyValueSpecification\",\"valueRequired\":true,\"valueName\":\"search_term_string\"}}],\"inLanguage\":\"en-US\"},{\"@type\":\"Organization\",\"@id\":\"https:\\\/\\\/latamreports.com\\\/br\\\/#organization\",\"name\":\"LatAm Reports\",\"url\":\"https:\\\/\\\/latamreports.com\\\/br\\\/\",\"logo\":{\"@type\":\"ImageObject\",\"inLanguage\":\"en-US\",\"@id\":\"https:\\\/\\\/latamreports.com\\\/br\\\/#\\\/schema\\\/logo\\\/image\\\/\",\"url\":\"https:\\\/\\\/latamreports.com\\\/br\\\/wp-content\\\/uploads\\\/cropped-PNG2.png\",\"contentUrl\":\"https:\\\/\\\/latamreports.com\\\/br\\\/wp-content\\\/uploads\\\/cropped-PNG2.png\",\"width\":2522,\"height\":1014,\"caption\":\"LatAm Reports\"},\"image\":{\"@id\":\"https:\\\/\\\/latamreports.com\\\/br\\\/#\\\/schema\\\/logo\\\/image\\\/\"},\"sameAs\":[\"https:\\\/\\\/facebook.com\\\/latamreports\",\"https:\\\/\\\/x.com\\\/latamreports\"]},{\"@type\":\"Person\",\"@id\":\"https:\\\/\\\/latamreports.com\\\/br\\\/#\\\/schema\\\/person\\\/a561f2de7e5ccabfab38d239b39fdb70\",\"name\":\"LatAm Reports Redatores da Equipe\",\"image\":{\"@type\":\"ImageObject\",\"inLanguage\":\"en-US\",\"@id\":\"https:\\\/\\\/secure.gravatar.com\\\/avatar\\\/dcdcc93cc5edddd2f3ef77245866172c7d7241a11ad58e1959aa824f2fae81f6?s=96&d=mm&r=g\",\"url\":\"https:\\\/\\\/secure.gravatar.com\\\/avatar\\\/dcdcc93cc5edddd2f3ef77245866172c7d7241a11ad58e1959aa824f2fae81f6?s=96&d=mm&r=g\",\"contentUrl\":\"https:\\\/\\\/secure.gravatar.com\\\/avatar\\\/dcdcc93cc5edddd2f3ef77245866172c7d7241a11ad58e1959aa824f2fae81f6?s=96&d=mm&r=g\",\"caption\":\"LatAm Reports Redatores da Equipe\"}}]}<\/script>\n<!-- \/ Yoast SEO plugin. -->","yoast_head_json":{"title":"Decreto de Lula e temores de interfer\u00eancia nos \u00f3rg\u00e3os reguladoras","description":"Nesta quarta-feira, ), um decreto assinado pelo presidente Lula e pelo vice, Geraldo Alckmin, introduziu a \"Estrat\u00e9gia Regula Melhor\"","robots":{"index":"index","follow":"follow","max-snippet":"max-snippet:-1","max-image-preview":"max-image-preview:large","max-video-preview":"max-video-preview:-1"},"canonical":"https:\/\/latamreports.com\/br\/decreto-de-lula-e-temores-de-interferencia-nas-agencias-reguladoras\/","og_locale":"en_US","og_type":"article","og_title":"Decreto de Lula e temores de interfer\u00eancia nos \u00f3rg\u00e3os reguladoras","og_description":"Nesta quarta-feira, ), um decreto assinado pelo presidente Lula e pelo vice, Geraldo Alckmin, introduziu a \"Estrat\u00e9gia Regula Melhor\"","og_url":"https:\/\/latamreports.com\/br\/decreto-de-lula-e-temores-de-interferencia-nas-agencias-reguladoras\/","og_site_name":"LatAm Reports","article_publisher":"https:\/\/facebook.com\/latamreports","article_published_time":"2024-08-22T20:31:21+00:00","article_modified_time":"2024-08-22T20:31:22+00:00","og_image":[{"width":1200,"height":630,"url":"https:\/\/latamreports.com\/br\/wp-content\/uploads\/Design-sem-nome-2024-08-22T150408.025.png","type":"image\/png"}],"author":"LatAm Reports Redatores da Equipe","twitter_card":"summary_large_image","twitter_creator":"@latamreports","twitter_site":"@latamreports","twitter_misc":{"Written by":"LatAm Reports Redatores da Equipe","Est. reading time":"3 minutes"},"schema":{"@context":"https:\/\/schema.org","@graph":[{"@type":"Article","@id":"https:\/\/latamreports.com\/br\/decreto-de-lula-e-temores-de-interferencia-nas-agencias-reguladoras\/#article","isPartOf":{"@id":"https:\/\/latamreports.com\/br\/decreto-de-lula-e-temores-de-interferencia-nas-agencias-reguladoras\/"},"author":{"name":"LatAm Reports Redatores da Equipe","@id":"https:\/\/latamreports.com\/br\/#\/schema\/person\/a561f2de7e5ccabfab38d239b39fdb70"},"headline":"Decreto de Lula e temores de interfer\u00eancia nas ag\u00eancias reguladoras","datePublished":"2024-08-22T20:31:21+00:00","dateModified":"2024-08-22T20:31:22+00:00","mainEntityOfPage":{"@id":"https:\/\/latamreports.com\/br\/decreto-de-lula-e-temores-de-interferencia-nas-agencias-reguladoras\/"},"wordCount":687,"publisher":{"@id":"https:\/\/latamreports.com\/br\/#organization"},"image":{"@id":"https:\/\/latamreports.com\/br\/decreto-de-lula-e-temores-de-interferencia-nas-agencias-reguladoras\/#primaryimage"},"thumbnailUrl":"https:\/\/latamreports.com\/br\/wp-content\/uploads\/Design-sem-nome-2024-08-22T150408.025.png","keywords":["Brasil"],"articleSection":["Pol\u00edtica"],"inLanguage":"en-US"},{"@type":"WebPage","@id":"https:\/\/latamreports.com\/br\/decreto-de-lula-e-temores-de-interferencia-nas-agencias-reguladoras\/","url":"https:\/\/latamreports.com\/br\/decreto-de-lula-e-temores-de-interferencia-nas-agencias-reguladoras\/","name":"Decreto de Lula e temores de interfer\u00eancia nos \u00f3rg\u00e3os reguladoras","isPartOf":{"@id":"https:\/\/latamreports.com\/br\/#website"},"primaryImageOfPage":{"@id":"https:\/\/latamreports.com\/br\/decreto-de-lula-e-temores-de-interferencia-nas-agencias-reguladoras\/#primaryimage"},"image":{"@id":"https:\/\/latamreports.com\/br\/decreto-de-lula-e-temores-de-interferencia-nas-agencias-reguladoras\/#primaryimage"},"thumbnailUrl":"https:\/\/latamreports.com\/br\/wp-content\/uploads\/Design-sem-nome-2024-08-22T150408.025.png","datePublished":"2024-08-22T20:31:21+00:00","dateModified":"2024-08-22T20:31:22+00:00","description":"Nesta quarta-feira, ), um decreto assinado pelo presidente Lula e pelo vice, Geraldo Alckmin, introduziu a \"Estrat\u00e9gia Regula Melhor\"","breadcrumb":{"@id":"https:\/\/latamreports.com\/br\/decreto-de-lula-e-temores-de-interferencia-nas-agencias-reguladoras\/#breadcrumb"},"inLanguage":"en-US","potentialAction":[{"@type":"ReadAction","target":["https:\/\/latamreports.com\/br\/decreto-de-lula-e-temores-de-interferencia-nas-agencias-reguladoras\/"]}]},{"@type":"ImageObject","inLanguage":"en-US","@id":"https:\/\/latamreports.com\/br\/decreto-de-lula-e-temores-de-interferencia-nas-agencias-reguladoras\/#primaryimage","url":"https:\/\/latamreports.com\/br\/wp-content\/uploads\/Design-sem-nome-2024-08-22T150408.025.png","contentUrl":"https:\/\/latamreports.com\/br\/wp-content\/uploads\/Design-sem-nome-2024-08-22T150408.025.png","width":1200,"height":630,"caption":"Decreto de Lula e temores de interfer\u00eancia nas ag\u00eancias reguladoras"},{"@type":"BreadcrumbList","@id":"https:\/\/latamreports.com\/br\/decreto-de-lula-e-temores-de-interferencia-nas-agencias-reguladoras\/#breadcrumb","itemListElement":[{"@type":"ListItem","position":1,"name":"Home","item":"https:\/\/latamreports.com\/br\/"},{"@type":"ListItem","position":2,"name":"Decreto de Lula e temores de interfer\u00eancia nas ag\u00eancias reguladoras"}]},{"@type":"WebSite","@id":"https:\/\/latamreports.com\/br\/#website","url":"https:\/\/latamreports.com\/br\/","name":"LatAm Reports","description":"Not\u00edcias e opini\u00f5es de todas as Am\u00e9ricas","publisher":{"@id":"https:\/\/latamreports.com\/br\/#organization"},"potentialAction":[{"@type":"SearchAction","target":{"@type":"EntryPoint","urlTemplate":"https:\/\/latamreports.com\/br\/?s={search_term_string}"},"query-input":{"@type":"PropertyValueSpecification","valueRequired":true,"valueName":"search_term_string"}}],"inLanguage":"en-US"},{"@type":"Organization","@id":"https:\/\/latamreports.com\/br\/#organization","name":"LatAm Reports","url":"https:\/\/latamreports.com\/br\/","logo":{"@type":"ImageObject","inLanguage":"en-US","@id":"https:\/\/latamreports.com\/br\/#\/schema\/logo\/image\/","url":"https:\/\/latamreports.com\/br\/wp-content\/uploads\/cropped-PNG2.png","contentUrl":"https:\/\/latamreports.com\/br\/wp-content\/uploads\/cropped-PNG2.png","width":2522,"height":1014,"caption":"LatAm Reports"},"image":{"@id":"https:\/\/latamreports.com\/br\/#\/schema\/logo\/image\/"},"sameAs":["https:\/\/facebook.com\/latamreports","https:\/\/x.com\/latamreports"]},{"@type":"Person","@id":"https:\/\/latamreports.com\/br\/#\/schema\/person\/a561f2de7e5ccabfab38d239b39fdb70","name":"LatAm Reports Redatores da Equipe","image":{"@type":"ImageObject","inLanguage":"en-US","@id":"https:\/\/secure.gravatar.com\/avatar\/dcdcc93cc5edddd2f3ef77245866172c7d7241a11ad58e1959aa824f2fae81f6?s=96&d=mm&r=g","url":"https:\/\/secure.gravatar.com\/avatar\/dcdcc93cc5edddd2f3ef77245866172c7d7241a11ad58e1959aa824f2fae81f6?s=96&d=mm&r=g","contentUrl":"https:\/\/secure.gravatar.com\/avatar\/dcdcc93cc5edddd2f3ef77245866172c7d7241a11ad58e1959aa824f2fae81f6?s=96&d=mm&r=g","caption":"LatAm Reports Redatores da Equipe"}}]}},"jetpack_publicize_connections":[],"_links":{"self":[{"href":"https:\/\/latamreports.com\/br\/wp-json\/wp\/v2\/posts\/7308","targetHints":{"allow":["GET"]}}],"collection":[{"href":"https:\/\/latamreports.com\/br\/wp-json\/wp\/v2\/posts"}],"about":[{"href":"https:\/\/latamreports.com\/br\/wp-json\/wp\/v2\/types\/post"}],"author":[{"embeddable":true,"href":"https:\/\/latamreports.com\/br\/wp-json\/wp\/v2\/users\/7"}],"replies":[{"embeddable":true,"href":"https:\/\/latamreports.com\/br\/wp-json\/wp\/v2\/comments?post=7308"}],"version-history":[{"count":2,"href":"https:\/\/latamreports.com\/br\/wp-json\/wp\/v2\/posts\/7308\/revisions"}],"predecessor-version":[{"id":7311,"href":"https:\/\/latamreports.com\/br\/wp-json\/wp\/v2\/posts\/7308\/revisions\/7311"}],"wp:featuredmedia":[{"embeddable":true,"href":"https:\/\/latamreports.com\/br\/wp-json\/wp\/v2\/media\/7309"}],"wp:attachment":[{"href":"https:\/\/latamreports.com\/br\/wp-json\/wp\/v2\/media?parent=7308"}],"wp:term":[{"taxonomy":"category","embeddable":true,"href":"https:\/\/latamreports.com\/br\/wp-json\/wp\/v2\/categories?post=7308"},{"taxonomy":"post_tag","embeddable":true,"href":"https:\/\/latamreports.com\/br\/wp-json\/wp\/v2\/tags?post=7308"}],"curies":[{"name":"wp","href":"https:\/\/api.w.org\/{rel}","templated":true}]}}