{"id":7153,"date":"2024-08-14T19:01:40","date_gmt":"2024-08-14T19:01:40","guid":{"rendered":"https:\/\/latamreports.com\/br\/?p=7153"},"modified":"2024-08-14T19:01:42","modified_gmt":"2024-08-14T19:01:42","slug":"lula-enfatiza-parceria-de-longo-prazo-com-a-china-e-a-importancia-do-equilibrio-diplomatico","status":"publish","type":"post","link":"https:\/\/latamreports.com\/br\/lula-enfatiza-parceria-de-longo-prazo-com-a-china-e-a-importancia-do-equilibrio-diplomatico\/","title":{"rendered":"Lula enfatiza parceria de longo prazo com a China e a import\u00e2ncia do equil\u00edbrio diplom\u00e1tico"},"content":{"rendered":"\n<p>O presidente Luiz In\u00e1cio Lula da Silva anunciou na quarta-feira que discutir\u00e1 uma &#8220;parceria estrat\u00e9gica de longo prazo&#8221; com a China em um encontro com o presidente chin\u00eas Xi Jinping, agendado para este ano no Brasil. Durante um evento, Lula destacou a import\u00e2ncia de dialogar com a <a href=\"https:\/\/latamreports.com\/br\/china-reduz-restricao-as-exportacoes-de-frango-do-brasil\/\">China<\/a>, que \u00e9 o principal parceiro comercial do Brasil, e mencionou a proposta do pa\u00eds asi\u00e1tico para o Brasil integrar a Iniciativa do Cintur\u00e3o e Rota.<\/p>\n\n\n\n<p>Lula receber\u00e1 Xi para uma visita oficial em Bras\u00edlia ap\u00f3s a c\u00fapula dos l\u00edderes do G20 no Rio de Janeiro, marcada para novembro. O presidente brasileiro manifestou sua disposi\u00e7\u00e3o em explorar a colabora\u00e7\u00e3o com a <a href=\"https:\/\/latamreports.com\/br\/petrobras-cnooc-e-petrochina-sao-os-grandes-vencedores-em-leilao-de-petroleo-no-brasil\/\">China<\/a>, mas ressaltou que n\u00e3o deseja que os la\u00e7os com o pa\u00eds comprometam as rela\u00e7\u00f5es com os Estados Unidos. <\/p>\n\n\n\n<blockquote class=\"wp-block-quote is-layout-flow wp-block-quote-is-layout-flow\">\n<p>&#8220;Queremos que nossa economia seja mais forte do que nunca, ent\u00e3o precisamos encontrar parceiros&#8221;, afirmou Lula. &#8220;N\u00e3o pensem que quero brigar com os EUA. Pelo contr\u00e1rio, quero os EUA ao nosso lado assim como quero a China.&#8221;<\/p>\n<\/blockquote>\n\n\n\n<p>Tanto o Brasil quanto a China s\u00e3o membros do BRICS, um grupo que re\u00fane as principais economias emergentes. Al\u00e9m disso, Lula revelou planos para visitar o Jap\u00e3o em mar\u00e7o de 2025, em um esfor\u00e7o cont\u00ednuo de seu governo para fortalecer la\u00e7os diplom\u00e1ticos. Essa abordagem equilibrada reflete a estrat\u00e9gia de Lula em diversificar as parcerias internacionais do Brasil, buscando um papel mais ativo e influente no cen\u00e1rio global.<\/p>\n\n\n\n<p>Mat\u00e9ria traduzida de artigo de<em><a href=\"https:\/\/www.reuters.com\/world\/brazils-lula-nods-long-term-partnership-with-china-2024-08-14\/\"> Reuters <\/a><\/em><\/p>\n","protected":false},"excerpt":{"rendered":"<p>O presidente Luiz In\u00e1cio Lula da Silva anunciou na quarta-feira que discutir\u00e1 uma &#8220;parceria estrat\u00e9gica de longo prazo&#8221; com a China em um encontro com &#8230; <a title=\"Lula enfatiza parceria de longo prazo com a China e a import\u00e2ncia do equil\u00edbrio diplom\u00e1tico\" class=\"read-more\" href=\"https:\/\/latamreports.com\/br\/lula-enfatiza-parceria-de-longo-prazo-com-a-china-e-a-importancia-do-equilibrio-diplomatico\/\" aria-label=\"Read more about Lula enfatiza parceria de longo prazo com a China e a import\u00e2ncia do equil\u00edbrio diplom\u00e1tico\">Read more<\/a><\/p>\n","protected":false},"author":7,"featured_media":7155,"comment_status":"closed","ping_status":"closed","sticky":false,"template":"","format":"standard","meta":{"footnotes":"","jetpack_publicize_message":"","jetpack_publicize_feature_enabled":true,"jetpack_social_post_already_shared":false,"jetpack_social_options":{"image_generator_settings":{"template":"highway","default_image_id":0,"font":"","enabled":false},"version":2}},"categories":[2,13],"tags":[31],"class_list":["post-7153","post","type-post","status-publish","format-standard","has-post-thumbnail","hentry","category-negocios","category-politica","tag-brasil","resize-featured-image"],"yoast_head":"<!-- This site is optimized with the Yoast SEO plugin v27.4 - https:\/\/yoast.com\/product\/yoast-seo-wordpress\/ -->\n<title>Lula enfatiza parceria de longo prazo com a China e a import\u00e2ncia do equil\u00edbrio diplom\u00e1tico - LatAm Reports<\/title>\n<meta name=\"description\" content=\"O presidente Lula anunciou na quarta-feira que discutir\u00e1 uma &quot;parceria estrat\u00e9gica de longo prazo&quot; com a China\" \/>\n<meta name=\"robots\" content=\"index, follow, max-snippet:-1, max-image-preview:large, max-video-preview:-1\" \/>\n<link rel=\"canonical\" href=\"https:\/\/latamreports.com\/br\/lula-enfatiza-parceria-de-longo-prazo-com-a-china-e-a-importancia-do-equilibrio-diplomatico\/\" \/>\n<meta property=\"og:locale\" content=\"en_US\" \/>\n<meta property=\"og:type\" content=\"article\" \/>\n<meta property=\"og:title\" content=\"Lula enfatiza parceria de longo prazo com a China e a import\u00e2ncia do equil\u00edbrio diplom\u00e1tico - LatAm Reports\" \/>\n<meta property=\"og:description\" content=\"O presidente Lula anunciou na quarta-feira que discutir\u00e1 uma &quot;parceria estrat\u00e9gica de longo prazo&quot; com a China\" \/>\n<meta property=\"og:url\" content=\"https:\/\/latamreports.com\/br\/lula-enfatiza-parceria-de-longo-prazo-com-a-china-e-a-importancia-do-equilibrio-diplomatico\/\" \/>\n<meta property=\"og:site_name\" content=\"LatAm Reports\" \/>\n<meta property=\"article:publisher\" content=\"https:\/\/facebook.com\/latamreports\" \/>\n<meta property=\"article:published_time\" content=\"2024-08-14T19:01:40+00:00\" \/>\n<meta property=\"article:modified_time\" content=\"2024-08-14T19:01:42+00:00\" \/>\n<meta property=\"og:image\" content=\"https:\/\/latamreports.com\/br\/wp-content\/uploads\/Design-sem-nome-64-2.png\" \/>\n\t<meta property=\"og:image:width\" content=\"1200\" \/>\n\t<meta property=\"og:image:height\" content=\"630\" \/>\n\t<meta property=\"og:image:type\" content=\"image\/png\" \/>\n<meta name=\"author\" content=\"LatAm Reports Redatores da Equipe\" \/>\n<meta name=\"twitter:card\" content=\"summary_large_image\" \/>\n<meta name=\"twitter:creator\" content=\"@latamreports\" \/>\n<meta name=\"twitter:site\" content=\"@latamreports\" \/>\n<meta name=\"twitter:label1\" content=\"Written by\" \/>\n\t<meta name=\"twitter:data1\" content=\"LatAm Reports Redatores da Equipe\" \/>\n\t<meta name=\"twitter:label2\" content=\"Est. reading time\" \/>\n\t<meta name=\"twitter:data2\" content=\"2 minutes\" \/>\n<script type=\"application\/ld+json\" class=\"yoast-schema-graph\">{\"@context\":\"https:\\\/\\\/schema.org\",\"@graph\":[{\"@type\":\"Article\",\"@id\":\"https:\\\/\\\/latamreports.com\\\/br\\\/lula-enfatiza-parceria-de-longo-prazo-com-a-china-e-a-importancia-do-equilibrio-diplomatico\\\/#article\",\"isPartOf\":{\"@id\":\"https:\\\/\\\/latamreports.com\\\/br\\\/lula-enfatiza-parceria-de-longo-prazo-com-a-china-e-a-importancia-do-equilibrio-diplomatico\\\/\"},\"author\":{\"name\":\"LatAm Reports Redatores da Equipe\",\"@id\":\"https:\\\/\\\/latamreports.com\\\/br\\\/#\\\/schema\\\/person\\\/a561f2de7e5ccabfab38d239b39fdb70\"},\"headline\":\"Lula enfatiza parceria de longo prazo com a China e a import\u00e2ncia do equil\u00edbrio diplom\u00e1tico\",\"datePublished\":\"2024-08-14T19:01:40+00:00\",\"dateModified\":\"2024-08-14T19:01:42+00:00\",\"mainEntityOfPage\":{\"@id\":\"https:\\\/\\\/latamreports.com\\\/br\\\/lula-enfatiza-parceria-de-longo-prazo-com-a-china-e-a-importancia-do-equilibrio-diplomatico\\\/\"},\"wordCount\":285,\"publisher\":{\"@id\":\"https:\\\/\\\/latamreports.com\\\/br\\\/#organization\"},\"image\":{\"@id\":\"https:\\\/\\\/latamreports.com\\\/br\\\/lula-enfatiza-parceria-de-longo-prazo-com-a-china-e-a-importancia-do-equilibrio-diplomatico\\\/#primaryimage\"},\"thumbnailUrl\":\"https:\\\/\\\/latamreports.com\\\/br\\\/wp-content\\\/uploads\\\/Design-sem-nome-64-2.png\",\"keywords\":[\"Brasil\"],\"articleSection\":[\"Neg\u00f3cios\",\"Pol\u00edtica\"],\"inLanguage\":\"en-US\"},{\"@type\":\"WebPage\",\"@id\":\"https:\\\/\\\/latamreports.com\\\/br\\\/lula-enfatiza-parceria-de-longo-prazo-com-a-china-e-a-importancia-do-equilibrio-diplomatico\\\/\",\"url\":\"https:\\\/\\\/latamreports.com\\\/br\\\/lula-enfatiza-parceria-de-longo-prazo-com-a-china-e-a-importancia-do-equilibrio-diplomatico\\\/\",\"name\":\"Lula enfatiza parceria de longo prazo com a China e a import\u00e2ncia do equil\u00edbrio diplom\u00e1tico - LatAm Reports\",\"isPartOf\":{\"@id\":\"https:\\\/\\\/latamreports.com\\\/br\\\/#website\"},\"primaryImageOfPage\":{\"@id\":\"https:\\\/\\\/latamreports.com\\\/br\\\/lula-enfatiza-parceria-de-longo-prazo-com-a-china-e-a-importancia-do-equilibrio-diplomatico\\\/#primaryimage\"},\"image\":{\"@id\":\"https:\\\/\\\/latamreports.com\\\/br\\\/lula-enfatiza-parceria-de-longo-prazo-com-a-china-e-a-importancia-do-equilibrio-diplomatico\\\/#primaryimage\"},\"thumbnailUrl\":\"https:\\\/\\\/latamreports.com\\\/br\\\/wp-content\\\/uploads\\\/Design-sem-nome-64-2.png\",\"datePublished\":\"2024-08-14T19:01:40+00:00\",\"dateModified\":\"2024-08-14T19:01:42+00:00\",\"description\":\"O presidente Lula anunciou na quarta-feira que discutir\u00e1 uma \\\"parceria estrat\u00e9gica de longo prazo\\\" com a China\",\"breadcrumb\":{\"@id\":\"https:\\\/\\\/latamreports.com\\\/br\\\/lula-enfatiza-parceria-de-longo-prazo-com-a-china-e-a-importancia-do-equilibrio-diplomatico\\\/#breadcrumb\"},\"inLanguage\":\"en-US\",\"potentialAction\":[{\"@type\":\"ReadAction\",\"target\":[\"https:\\\/\\\/latamreports.com\\\/br\\\/lula-enfatiza-parceria-de-longo-prazo-com-a-china-e-a-importancia-do-equilibrio-diplomatico\\\/\"]}]},{\"@type\":\"ImageObject\",\"inLanguage\":\"en-US\",\"@id\":\"https:\\\/\\\/latamreports.com\\\/br\\\/lula-enfatiza-parceria-de-longo-prazo-com-a-china-e-a-importancia-do-equilibrio-diplomatico\\\/#primaryimage\",\"url\":\"https:\\\/\\\/latamreports.com\\\/br\\\/wp-content\\\/uploads\\\/Design-sem-nome-64-2.png\",\"contentUrl\":\"https:\\\/\\\/latamreports.com\\\/br\\\/wp-content\\\/uploads\\\/Design-sem-nome-64-2.png\",\"width\":1200,\"height\":630,\"caption\":\"O presidente brasileiro Lula anunciou na quarta-feira que discutir\u00e1 uma \\\"parceria estrat\u00e9gica de longo prazo\\\" com a China\"},{\"@type\":\"BreadcrumbList\",\"@id\":\"https:\\\/\\\/latamreports.com\\\/br\\\/lula-enfatiza-parceria-de-longo-prazo-com-a-china-e-a-importancia-do-equilibrio-diplomatico\\\/#breadcrumb\",\"itemListElement\":[{\"@type\":\"ListItem\",\"position\":1,\"name\":\"Home\",\"item\":\"https:\\\/\\\/latamreports.com\\\/br\\\/\"},{\"@type\":\"ListItem\",\"position\":2,\"name\":\"Lula enfatiza parceria de longo prazo com a China e a import\u00e2ncia do equil\u00edbrio diplom\u00e1tico\"}]},{\"@type\":\"WebSite\",\"@id\":\"https:\\\/\\\/latamreports.com\\\/br\\\/#website\",\"url\":\"https:\\\/\\\/latamreports.com\\\/br\\\/\",\"name\":\"LatAm Reports\",\"description\":\"Not\u00edcias e opini\u00f5es de todas as Am\u00e9ricas\",\"publisher\":{\"@id\":\"https:\\\/\\\/latamreports.com\\\/br\\\/#organization\"},\"potentialAction\":[{\"@type\":\"SearchAction\",\"target\":{\"@type\":\"EntryPoint\",\"urlTemplate\":\"https:\\\/\\\/latamreports.com\\\/br\\\/?s={search_term_string}\"},\"query-input\":{\"@type\":\"PropertyValueSpecification\",\"valueRequired\":true,\"valueName\":\"search_term_string\"}}],\"inLanguage\":\"en-US\"},{\"@type\":\"Organization\",\"@id\":\"https:\\\/\\\/latamreports.com\\\/br\\\/#organization\",\"name\":\"LatAm Reports\",\"url\":\"https:\\\/\\\/latamreports.com\\\/br\\\/\",\"logo\":{\"@type\":\"ImageObject\",\"inLanguage\":\"en-US\",\"@id\":\"https:\\\/\\\/latamreports.com\\\/br\\\/#\\\/schema\\\/logo\\\/image\\\/\",\"url\":\"https:\\\/\\\/latamreports.com\\\/br\\\/wp-content\\\/uploads\\\/cropped-PNG2.png\",\"contentUrl\":\"https:\\\/\\\/latamreports.com\\\/br\\\/wp-content\\\/uploads\\\/cropped-PNG2.png\",\"width\":2522,\"height\":1014,\"caption\":\"LatAm Reports\"},\"image\":{\"@id\":\"https:\\\/\\\/latamreports.com\\\/br\\\/#\\\/schema\\\/logo\\\/image\\\/\"},\"sameAs\":[\"https:\\\/\\\/facebook.com\\\/latamreports\",\"https:\\\/\\\/x.com\\\/latamreports\"]},{\"@type\":\"Person\",\"@id\":\"https:\\\/\\\/latamreports.com\\\/br\\\/#\\\/schema\\\/person\\\/a561f2de7e5ccabfab38d239b39fdb70\",\"name\":\"LatAm Reports Redatores da Equipe\",\"image\":{\"@type\":\"ImageObject\",\"inLanguage\":\"en-US\",\"@id\":\"https:\\\/\\\/secure.gravatar.com\\\/avatar\\\/dcdcc93cc5edddd2f3ef77245866172c7d7241a11ad58e1959aa824f2fae81f6?s=96&d=mm&r=g\",\"url\":\"https:\\\/\\\/secure.gravatar.com\\\/avatar\\\/dcdcc93cc5edddd2f3ef77245866172c7d7241a11ad58e1959aa824f2fae81f6?s=96&d=mm&r=g\",\"contentUrl\":\"https:\\\/\\\/secure.gravatar.com\\\/avatar\\\/dcdcc93cc5edddd2f3ef77245866172c7d7241a11ad58e1959aa824f2fae81f6?s=96&d=mm&r=g\",\"caption\":\"LatAm Reports Redatores da Equipe\"}}]}<\/script>\n<!-- \/ Yoast SEO plugin. -->","yoast_head_json":{"title":"Lula enfatiza parceria de longo prazo com a China e a import\u00e2ncia do equil\u00edbrio diplom\u00e1tico - LatAm Reports","description":"O presidente Lula anunciou na quarta-feira que discutir\u00e1 uma \"parceria estrat\u00e9gica de longo prazo\" com a China","robots":{"index":"index","follow":"follow","max-snippet":"max-snippet:-1","max-image-preview":"max-image-preview:large","max-video-preview":"max-video-preview:-1"},"canonical":"https:\/\/latamreports.com\/br\/lula-enfatiza-parceria-de-longo-prazo-com-a-china-e-a-importancia-do-equilibrio-diplomatico\/","og_locale":"en_US","og_type":"article","og_title":"Lula enfatiza parceria de longo prazo com a China e a import\u00e2ncia do equil\u00edbrio diplom\u00e1tico - LatAm Reports","og_description":"O presidente Lula anunciou na quarta-feira que discutir\u00e1 uma \"parceria estrat\u00e9gica de longo prazo\" com a China","og_url":"https:\/\/latamreports.com\/br\/lula-enfatiza-parceria-de-longo-prazo-com-a-china-e-a-importancia-do-equilibrio-diplomatico\/","og_site_name":"LatAm Reports","article_publisher":"https:\/\/facebook.com\/latamreports","article_published_time":"2024-08-14T19:01:40+00:00","article_modified_time":"2024-08-14T19:01:42+00:00","og_image":[{"width":1200,"height":630,"url":"https:\/\/latamreports.com\/br\/wp-content\/uploads\/Design-sem-nome-64-2.png","type":"image\/png"}],"author":"LatAm Reports Redatores da Equipe","twitter_card":"summary_large_image","twitter_creator":"@latamreports","twitter_site":"@latamreports","twitter_misc":{"Written by":"LatAm Reports Redatores da Equipe","Est. reading time":"2 minutes"},"schema":{"@context":"https:\/\/schema.org","@graph":[{"@type":"Article","@id":"https:\/\/latamreports.com\/br\/lula-enfatiza-parceria-de-longo-prazo-com-a-china-e-a-importancia-do-equilibrio-diplomatico\/#article","isPartOf":{"@id":"https:\/\/latamreports.com\/br\/lula-enfatiza-parceria-de-longo-prazo-com-a-china-e-a-importancia-do-equilibrio-diplomatico\/"},"author":{"name":"LatAm Reports Redatores da Equipe","@id":"https:\/\/latamreports.com\/br\/#\/schema\/person\/a561f2de7e5ccabfab38d239b39fdb70"},"headline":"Lula enfatiza parceria de longo prazo com a China e a import\u00e2ncia do equil\u00edbrio diplom\u00e1tico","datePublished":"2024-08-14T19:01:40+00:00","dateModified":"2024-08-14T19:01:42+00:00","mainEntityOfPage":{"@id":"https:\/\/latamreports.com\/br\/lula-enfatiza-parceria-de-longo-prazo-com-a-china-e-a-importancia-do-equilibrio-diplomatico\/"},"wordCount":285,"publisher":{"@id":"https:\/\/latamreports.com\/br\/#organization"},"image":{"@id":"https:\/\/latamreports.com\/br\/lula-enfatiza-parceria-de-longo-prazo-com-a-china-e-a-importancia-do-equilibrio-diplomatico\/#primaryimage"},"thumbnailUrl":"https:\/\/latamreports.com\/br\/wp-content\/uploads\/Design-sem-nome-64-2.png","keywords":["Brasil"],"articleSection":["Neg\u00f3cios","Pol\u00edtica"],"inLanguage":"en-US"},{"@type":"WebPage","@id":"https:\/\/latamreports.com\/br\/lula-enfatiza-parceria-de-longo-prazo-com-a-china-e-a-importancia-do-equilibrio-diplomatico\/","url":"https:\/\/latamreports.com\/br\/lula-enfatiza-parceria-de-longo-prazo-com-a-china-e-a-importancia-do-equilibrio-diplomatico\/","name":"Lula enfatiza parceria de longo prazo com a China e a import\u00e2ncia do equil\u00edbrio diplom\u00e1tico - LatAm Reports","isPartOf":{"@id":"https:\/\/latamreports.com\/br\/#website"},"primaryImageOfPage":{"@id":"https:\/\/latamreports.com\/br\/lula-enfatiza-parceria-de-longo-prazo-com-a-china-e-a-importancia-do-equilibrio-diplomatico\/#primaryimage"},"image":{"@id":"https:\/\/latamreports.com\/br\/lula-enfatiza-parceria-de-longo-prazo-com-a-china-e-a-importancia-do-equilibrio-diplomatico\/#primaryimage"},"thumbnailUrl":"https:\/\/latamreports.com\/br\/wp-content\/uploads\/Design-sem-nome-64-2.png","datePublished":"2024-08-14T19:01:40+00:00","dateModified":"2024-08-14T19:01:42+00:00","description":"O presidente Lula anunciou na quarta-feira que discutir\u00e1 uma \"parceria estrat\u00e9gica de longo prazo\" com a China","breadcrumb":{"@id":"https:\/\/latamreports.com\/br\/lula-enfatiza-parceria-de-longo-prazo-com-a-china-e-a-importancia-do-equilibrio-diplomatico\/#breadcrumb"},"inLanguage":"en-US","potentialAction":[{"@type":"ReadAction","target":["https:\/\/latamreports.com\/br\/lula-enfatiza-parceria-de-longo-prazo-com-a-china-e-a-importancia-do-equilibrio-diplomatico\/"]}]},{"@type":"ImageObject","inLanguage":"en-US","@id":"https:\/\/latamreports.com\/br\/lula-enfatiza-parceria-de-longo-prazo-com-a-china-e-a-importancia-do-equilibrio-diplomatico\/#primaryimage","url":"https:\/\/latamreports.com\/br\/wp-content\/uploads\/Design-sem-nome-64-2.png","contentUrl":"https:\/\/latamreports.com\/br\/wp-content\/uploads\/Design-sem-nome-64-2.png","width":1200,"height":630,"caption":"O presidente brasileiro Lula anunciou na quarta-feira que discutir\u00e1 uma \"parceria estrat\u00e9gica de longo prazo\" com a China"},{"@type":"BreadcrumbList","@id":"https:\/\/latamreports.com\/br\/lula-enfatiza-parceria-de-longo-prazo-com-a-china-e-a-importancia-do-equilibrio-diplomatico\/#breadcrumb","itemListElement":[{"@type":"ListItem","position":1,"name":"Home","item":"https:\/\/latamreports.com\/br\/"},{"@type":"ListItem","position":2,"name":"Lula enfatiza parceria de longo prazo com a China e a import\u00e2ncia do equil\u00edbrio diplom\u00e1tico"}]},{"@type":"WebSite","@id":"https:\/\/latamreports.com\/br\/#website","url":"https:\/\/latamreports.com\/br\/","name":"LatAm Reports","description":"Not\u00edcias e opini\u00f5es de todas as Am\u00e9ricas","publisher":{"@id":"https:\/\/latamreports.com\/br\/#organization"},"potentialAction":[{"@type":"SearchAction","target":{"@type":"EntryPoint","urlTemplate":"https:\/\/latamreports.com\/br\/?s={search_term_string}"},"query-input":{"@type":"PropertyValueSpecification","valueRequired":true,"valueName":"search_term_string"}}],"inLanguage":"en-US"},{"@type":"Organization","@id":"https:\/\/latamreports.com\/br\/#organization","name":"LatAm Reports","url":"https:\/\/latamreports.com\/br\/","logo":{"@type":"ImageObject","inLanguage":"en-US","@id":"https:\/\/latamreports.com\/br\/#\/schema\/logo\/image\/","url":"https:\/\/latamreports.com\/br\/wp-content\/uploads\/cropped-PNG2.png","contentUrl":"https:\/\/latamreports.com\/br\/wp-content\/uploads\/cropped-PNG2.png","width":2522,"height":1014,"caption":"LatAm Reports"},"image":{"@id":"https:\/\/latamreports.com\/br\/#\/schema\/logo\/image\/"},"sameAs":["https:\/\/facebook.com\/latamreports","https:\/\/x.com\/latamreports"]},{"@type":"Person","@id":"https:\/\/latamreports.com\/br\/#\/schema\/person\/a561f2de7e5ccabfab38d239b39fdb70","name":"LatAm Reports Redatores da Equipe","image":{"@type":"ImageObject","inLanguage":"en-US","@id":"https:\/\/secure.gravatar.com\/avatar\/dcdcc93cc5edddd2f3ef77245866172c7d7241a11ad58e1959aa824f2fae81f6?s=96&d=mm&r=g","url":"https:\/\/secure.gravatar.com\/avatar\/dcdcc93cc5edddd2f3ef77245866172c7d7241a11ad58e1959aa824f2fae81f6?s=96&d=mm&r=g","contentUrl":"https:\/\/secure.gravatar.com\/avatar\/dcdcc93cc5edddd2f3ef77245866172c7d7241a11ad58e1959aa824f2fae81f6?s=96&d=mm&r=g","caption":"LatAm Reports Redatores da Equipe"}}]}},"jetpack_publicize_connections":[],"_links":{"self":[{"href":"https:\/\/latamreports.com\/br\/wp-json\/wp\/v2\/posts\/7153","targetHints":{"allow":["GET"]}}],"collection":[{"href":"https:\/\/latamreports.com\/br\/wp-json\/wp\/v2\/posts"}],"about":[{"href":"https:\/\/latamreports.com\/br\/wp-json\/wp\/v2\/types\/post"}],"author":[{"embeddable":true,"href":"https:\/\/latamreports.com\/br\/wp-json\/wp\/v2\/users\/7"}],"replies":[{"embeddable":true,"href":"https:\/\/latamreports.com\/br\/wp-json\/wp\/v2\/comments?post=7153"}],"version-history":[{"count":1,"href":"https:\/\/latamreports.com\/br\/wp-json\/wp\/v2\/posts\/7153\/revisions"}],"predecessor-version":[{"id":7156,"href":"https:\/\/latamreports.com\/br\/wp-json\/wp\/v2\/posts\/7153\/revisions\/7156"}],"wp:featuredmedia":[{"embeddable":true,"href":"https:\/\/latamreports.com\/br\/wp-json\/wp\/v2\/media\/7155"}],"wp:attachment":[{"href":"https:\/\/latamreports.com\/br\/wp-json\/wp\/v2\/media?parent=7153"}],"wp:term":[{"taxonomy":"category","embeddable":true,"href":"https:\/\/latamreports.com\/br\/wp-json\/wp\/v2\/categories?post=7153"},{"taxonomy":"post_tag","embeddable":true,"href":"https:\/\/latamreports.com\/br\/wp-json\/wp\/v2\/tags?post=7153"}],"curies":[{"name":"wp","href":"https:\/\/api.w.org\/{rel}","templated":true}]}}