{"id":6812,"date":"2024-07-26T13:48:56","date_gmt":"2024-07-26T13:48:56","guid":{"rendered":"https:\/\/latamreports.com\/br\/?p=6812"},"modified":"2024-07-26T13:48:58","modified_gmt":"2024-07-26T13:48:58","slug":"doenca-em-frangos-muda-rotina-em-anta-gorda-rs-cidade-deu-uma-freada","status":"publish","type":"post","link":"https:\/\/latamreports.com\/br\/doenca-em-frangos-muda-rotina-em-anta-gorda-rs-cidade-deu-uma-freada\/","title":{"rendered":"Doen\u00e7a em frangos muda rotina em Anta Gorda (RS): \u201ccidade deu uma freada\u201d"},"content":{"rendered":"\n<p>Anta Gorda, cidade ga\u00facha com 5.957 habitantes e localizada a 186 km de Porto Alegre, est\u00e1 em alerta ap\u00f3s a confirma\u00e7\u00e3o de um foco da doen\u00e7a de Newcastle em um<a href=\"https:\/\/latamreports.com\/br\/empresas-oferecem-emprestimo-com-celular-como-garantia-e-bloqueiam-aparelhos-de-inadimplentes\/\"> avi\u00e1rio comercial.<\/a> Este \u00e9 o primeiro caso registrado no Brasil desde 2006, gerando grande preocupa\u00e7\u00e3o entre os moradores e autoridades locais.<\/p>\n\n\n\n<h2 class=\"wp-block-heading\">Medidas de conten\u00e7\u00e3o e impacto na comunidade<\/h2>\n\n\n\n<p>Para evitar a propaga\u00e7\u00e3o do v\u00edrus, foram implementadas barreiras sanit\u00e1rias na regi\u00e3o. Em uma dessas barreiras, localizada em uma estrada de terra no interior de Anta Gorda, fiscais agropecu\u00e1rios e policiais militares realizam a desinfec\u00e7\u00e3o de ve\u00edculos com jatos de \u00e1gua e produtos sanitizantes.<\/p>\n\n\n\n<p>Jian Sordi, um avicultor local, relatou que a situa\u00e7\u00e3o causou um<a href=\"https:\/\/latamreports.com\/br\/fome-regride-33-mas-ainda-atinge-143-milhoes-de-brasileiros-aponta-onu\/\"> grande impacto <\/a>na comunidade, que depende fortemente da agropecu\u00e1ria. <\/p>\n\n\n\n<blockquote class=\"wp-block-quote is-layout-flow wp-block-quote-is-layout-flow\">\n<p>\u201cO povo n\u00e3o entende. Teve uma festa de comunidade no fim de semana, e sobrou mais da metade do frango na churrasqueira. Pessoal n\u00e3o comeu. Achou que o frango estava todo doente\u201d, disse ele, destacando o medo e a desinforma\u00e7\u00e3o que se espalharam pela cidade.<\/p>\n<\/blockquote>\n\n\n\n<p>A doen\u00e7a de Newcastle suspendeu preventivamente parte das exporta\u00e7\u00f5es de frango do Brasil, afetando a economia local. Claudiocir Paulo da Silva, um massagista que vive na cidade, mencionou que a situa\u00e7\u00e3o causou uma &#8220;freada&#8221; geral, com todos ficando preocupados com o risco para os animais. No entanto, a confirma\u00e7\u00e3o de que n\u00e3o houve novos casos trouxe um certo al\u00edvio nos \u00faltimos dias.<\/p>\n\n\n\n<p>Anta Gorda, situada no Vale do Taquari, tamb\u00e9m sofreu com enchentes em maio, que resultaram em deslizamentos de terra. Os estragos ainda s\u00e3o vis\u00edveis na vegeta\u00e7\u00e3o e ao longo das rodovias de acesso ao munic\u00edpio.<\/p>\n\n\n\n<h2 class=\"wp-block-heading\">A origem do nome Anta Gorda<\/h2>\n\n\n\n<p>O nome \u201cAnta Gorda\u201d remete \u00e0 presen\u00e7a hist\u00f3rica de antas na regi\u00e3o, que eram comuns devido \u00e0s matas densas e ricas em esp\u00e9cies vegetais e animais. Um monumento em homenagem ao animal, s\u00edmbolo da cidade, pode ser encontrado no centro do munic\u00edpio, que exibe tra\u00e7os marcantes da imigra\u00e7\u00e3o italiana.<\/p>\n\n\n\n<p>A situa\u00e7\u00e3o em Anta Gorda destaca a vulnerabilidade das comunidades rurais a surtos de doen\u00e7as em animais e a import\u00e2ncia de medidas r\u00e1pidas e eficazes para controlar essas crises. A popula\u00e7\u00e3o local espera que, com as a\u00e7\u00f5es implementadas, a rotina possa retornar ao normal em breve, e a confian\u00e7a nos produtos av\u00edcolas seja restabelecida.<\/p>\n","protected":false},"excerpt":{"rendered":"<p>Anta Gorda, cidade ga\u00facha com 5.957 habitantes e localizada a 186 km de Porto Alegre, est\u00e1 em alerta ap\u00f3s a confirma\u00e7\u00e3o de um foco da &#8230; <a title=\"Doen\u00e7a em frangos muda rotina em Anta Gorda (RS): \u201ccidade deu uma freada\u201d\" class=\"read-more\" href=\"https:\/\/latamreports.com\/br\/doenca-em-frangos-muda-rotina-em-anta-gorda-rs-cidade-deu-uma-freada\/\" aria-label=\"Read more about Doen\u00e7a em frangos muda rotina em Anta Gorda (RS): \u201ccidade deu uma freada\u201d\">Read more<\/a><\/p>\n","protected":false},"author":7,"featured_media":6814,"comment_status":"closed","ping_status":"closed","sticky":false,"template":"","format":"standard","meta":{"footnotes":"","jetpack_publicize_message":"","jetpack_publicize_feature_enabled":true,"jetpack_social_post_already_shared":false,"jetpack_social_options":{"image_generator_settings":{"template":"highway","default_image_id":0,"font":"","enabled":false},"version":2}},"categories":[2],"tags":[31],"class_list":["post-6812","post","type-post","status-publish","format-standard","has-post-thumbnail","hentry","category-negocios","tag-brasil","resize-featured-image"],"yoast_head":"<!-- This site is optimized with the Yoast SEO plugin v27.5 - https:\/\/yoast.com\/product\/yoast-seo-wordpress\/ -->\n<title>Doen\u00e7a em frangos muda rotina em Anta Gorda (RS)<\/title>\n<meta name=\"description\" content=\"Anta Gorda, cidade ga\u00facha Anta Gorda e localizada a 186 km de Porto Alegre, est\u00e1 em alerta ap\u00f3s a confirma\u00e7\u00e3o de um foco da doen\u00e7a em frangos\" \/>\n<meta name=\"robots\" content=\"index, follow, max-snippet:-1, max-image-preview:large, max-video-preview:-1\" \/>\n<link rel=\"canonical\" href=\"https:\/\/latamreports.com\/br\/doenca-em-frangos-muda-rotina-em-anta-gorda-rs-cidade-deu-uma-freada\/\" \/>\n<meta property=\"og:locale\" content=\"en_US\" \/>\n<meta property=\"og:type\" content=\"article\" \/>\n<meta property=\"og:title\" content=\"Doen\u00e7a em frangos muda rotina em Anta Gorda (RS)\" \/>\n<meta property=\"og:description\" content=\"Anta Gorda, cidade ga\u00facha Anta Gorda e localizada a 186 km de Porto Alegre, est\u00e1 em alerta ap\u00f3s a confirma\u00e7\u00e3o de um foco da doen\u00e7a em frangos\" \/>\n<meta property=\"og:url\" content=\"https:\/\/latamreports.com\/br\/doenca-em-frangos-muda-rotina-em-anta-gorda-rs-cidade-deu-uma-freada\/\" \/>\n<meta property=\"og:site_name\" content=\"LatAm Reports\" \/>\n<meta property=\"article:publisher\" content=\"https:\/\/facebook.com\/latamreports\" \/>\n<meta property=\"article:published_time\" content=\"2024-07-26T13:48:56+00:00\" \/>\n<meta property=\"article:modified_time\" content=\"2024-07-26T13:48:58+00:00\" \/>\n<meta property=\"og:image\" content=\"https:\/\/latamreports.com\/br\/wp-content\/uploads\/Design-sem-nome-48-1.png\" \/>\n\t<meta property=\"og:image:width\" content=\"1200\" \/>\n\t<meta property=\"og:image:height\" content=\"630\" \/>\n\t<meta property=\"og:image:type\" content=\"image\/png\" \/>\n<meta name=\"author\" content=\"LatAm Reports Redatores da Equipe\" \/>\n<meta name=\"twitter:card\" content=\"summary_large_image\" \/>\n<meta name=\"twitter:creator\" content=\"@latamreports\" \/>\n<meta name=\"twitter:site\" content=\"@latamreports\" \/>\n<meta name=\"twitter:label1\" content=\"Written by\" \/>\n\t<meta name=\"twitter:data1\" content=\"LatAm Reports Redatores da Equipe\" \/>\n\t<meta name=\"twitter:label2\" content=\"Est. reading time\" \/>\n\t<meta name=\"twitter:data2\" content=\"2 minutes\" \/>\n<script type=\"application\/ld+json\" class=\"yoast-schema-graph\">{\"@context\":\"https:\\\/\\\/schema.org\",\"@graph\":[{\"@type\":\"Article\",\"@id\":\"https:\\\/\\\/latamreports.com\\\/br\\\/doenca-em-frangos-muda-rotina-em-anta-gorda-rs-cidade-deu-uma-freada\\\/#article\",\"isPartOf\":{\"@id\":\"https:\\\/\\\/latamreports.com\\\/br\\\/doenca-em-frangos-muda-rotina-em-anta-gorda-rs-cidade-deu-uma-freada\\\/\"},\"author\":{\"name\":\"LatAm Reports Redatores da Equipe\",\"@id\":\"https:\\\/\\\/latamreports.com\\\/br\\\/#\\\/schema\\\/person\\\/a561f2de7e5ccabfab38d239b39fdb70\"},\"headline\":\"Doen\u00e7a em frangos muda rotina em Anta Gorda (RS): \u201ccidade deu uma freada\u201d\",\"datePublished\":\"2024-07-26T13:48:56+00:00\",\"dateModified\":\"2024-07-26T13:48:58+00:00\",\"mainEntityOfPage\":{\"@id\":\"https:\\\/\\\/latamreports.com\\\/br\\\/doenca-em-frangos-muda-rotina-em-anta-gorda-rs-cidade-deu-uma-freada\\\/\"},\"wordCount\":428,\"publisher\":{\"@id\":\"https:\\\/\\\/latamreports.com\\\/br\\\/#organization\"},\"image\":{\"@id\":\"https:\\\/\\\/latamreports.com\\\/br\\\/doenca-em-frangos-muda-rotina-em-anta-gorda-rs-cidade-deu-uma-freada\\\/#primaryimage\"},\"thumbnailUrl\":\"https:\\\/\\\/latamreports.com\\\/br\\\/wp-content\\\/uploads\\\/Design-sem-nome-48-1.png\",\"keywords\":[\"Brasil\"],\"articleSection\":[\"Neg\u00f3cios\"],\"inLanguage\":\"en-US\"},{\"@type\":\"WebPage\",\"@id\":\"https:\\\/\\\/latamreports.com\\\/br\\\/doenca-em-frangos-muda-rotina-em-anta-gorda-rs-cidade-deu-uma-freada\\\/\",\"url\":\"https:\\\/\\\/latamreports.com\\\/br\\\/doenca-em-frangos-muda-rotina-em-anta-gorda-rs-cidade-deu-uma-freada\\\/\",\"name\":\"Doen\u00e7a em frangos muda rotina em Anta Gorda (RS)\",\"isPartOf\":{\"@id\":\"https:\\\/\\\/latamreports.com\\\/br\\\/#website\"},\"primaryImageOfPage\":{\"@id\":\"https:\\\/\\\/latamreports.com\\\/br\\\/doenca-em-frangos-muda-rotina-em-anta-gorda-rs-cidade-deu-uma-freada\\\/#primaryimage\"},\"image\":{\"@id\":\"https:\\\/\\\/latamreports.com\\\/br\\\/doenca-em-frangos-muda-rotina-em-anta-gorda-rs-cidade-deu-uma-freada\\\/#primaryimage\"},\"thumbnailUrl\":\"https:\\\/\\\/latamreports.com\\\/br\\\/wp-content\\\/uploads\\\/Design-sem-nome-48-1.png\",\"datePublished\":\"2024-07-26T13:48:56+00:00\",\"dateModified\":\"2024-07-26T13:48:58+00:00\",\"description\":\"Anta Gorda, cidade ga\u00facha Anta Gorda e localizada a 186 km de Porto Alegre, est\u00e1 em alerta ap\u00f3s a confirma\u00e7\u00e3o de um foco da doen\u00e7a em frangos\",\"breadcrumb\":{\"@id\":\"https:\\\/\\\/latamreports.com\\\/br\\\/doenca-em-frangos-muda-rotina-em-anta-gorda-rs-cidade-deu-uma-freada\\\/#breadcrumb\"},\"inLanguage\":\"en-US\",\"potentialAction\":[{\"@type\":\"ReadAction\",\"target\":[\"https:\\\/\\\/latamreports.com\\\/br\\\/doenca-em-frangos-muda-rotina-em-anta-gorda-rs-cidade-deu-uma-freada\\\/\"]}]},{\"@type\":\"ImageObject\",\"inLanguage\":\"en-US\",\"@id\":\"https:\\\/\\\/latamreports.com\\\/br\\\/doenca-em-frangos-muda-rotina-em-anta-gorda-rs-cidade-deu-uma-freada\\\/#primaryimage\",\"url\":\"https:\\\/\\\/latamreports.com\\\/br\\\/wp-content\\\/uploads\\\/Design-sem-nome-48-1.png\",\"contentUrl\":\"https:\\\/\\\/latamreports.com\\\/br\\\/wp-content\\\/uploads\\\/Design-sem-nome-48-1.png\",\"width\":1200,\"height\":630,\"caption\":\"Doen\u00e7a em frangos muda rotina em Anta Gorda (RS)\"},{\"@type\":\"BreadcrumbList\",\"@id\":\"https:\\\/\\\/latamreports.com\\\/br\\\/doenca-em-frangos-muda-rotina-em-anta-gorda-rs-cidade-deu-uma-freada\\\/#breadcrumb\",\"itemListElement\":[{\"@type\":\"ListItem\",\"position\":1,\"name\":\"Home\",\"item\":\"https:\\\/\\\/latamreports.com\\\/br\\\/\"},{\"@type\":\"ListItem\",\"position\":2,\"name\":\"Doen\u00e7a em frangos muda rotina em Anta Gorda (RS): \u201ccidade deu uma freada\u201d\"}]},{\"@type\":\"WebSite\",\"@id\":\"https:\\\/\\\/latamreports.com\\\/br\\\/#website\",\"url\":\"https:\\\/\\\/latamreports.com\\\/br\\\/\",\"name\":\"LatAm Reports\",\"description\":\"Not\u00edcias e opini\u00f5es de todas as Am\u00e9ricas\",\"publisher\":{\"@id\":\"https:\\\/\\\/latamreports.com\\\/br\\\/#organization\"},\"potentialAction\":[{\"@type\":\"SearchAction\",\"target\":{\"@type\":\"EntryPoint\",\"urlTemplate\":\"https:\\\/\\\/latamreports.com\\\/br\\\/?s={search_term_string}\"},\"query-input\":{\"@type\":\"PropertyValueSpecification\",\"valueRequired\":true,\"valueName\":\"search_term_string\"}}],\"inLanguage\":\"en-US\"},{\"@type\":\"Organization\",\"@id\":\"https:\\\/\\\/latamreports.com\\\/br\\\/#organization\",\"name\":\"LatAm Reports\",\"url\":\"https:\\\/\\\/latamreports.com\\\/br\\\/\",\"logo\":{\"@type\":\"ImageObject\",\"inLanguage\":\"en-US\",\"@id\":\"https:\\\/\\\/latamreports.com\\\/br\\\/#\\\/schema\\\/logo\\\/image\\\/\",\"url\":\"https:\\\/\\\/latamreports.com\\\/br\\\/wp-content\\\/uploads\\\/cropped-PNG2.png\",\"contentUrl\":\"https:\\\/\\\/latamreports.com\\\/br\\\/wp-content\\\/uploads\\\/cropped-PNG2.png\",\"width\":2522,\"height\":1014,\"caption\":\"LatAm Reports\"},\"image\":{\"@id\":\"https:\\\/\\\/latamreports.com\\\/br\\\/#\\\/schema\\\/logo\\\/image\\\/\"},\"sameAs\":[\"https:\\\/\\\/facebook.com\\\/latamreports\",\"https:\\\/\\\/x.com\\\/latamreports\"]},{\"@type\":\"Person\",\"@id\":\"https:\\\/\\\/latamreports.com\\\/br\\\/#\\\/schema\\\/person\\\/a561f2de7e5ccabfab38d239b39fdb70\",\"name\":\"LatAm Reports Redatores da Equipe\",\"image\":{\"@type\":\"ImageObject\",\"inLanguage\":\"en-US\",\"@id\":\"https:\\\/\\\/secure.gravatar.com\\\/avatar\\\/dcdcc93cc5edddd2f3ef77245866172c7d7241a11ad58e1959aa824f2fae81f6?s=96&d=mm&r=g\",\"url\":\"https:\\\/\\\/secure.gravatar.com\\\/avatar\\\/dcdcc93cc5edddd2f3ef77245866172c7d7241a11ad58e1959aa824f2fae81f6?s=96&d=mm&r=g\",\"contentUrl\":\"https:\\\/\\\/secure.gravatar.com\\\/avatar\\\/dcdcc93cc5edddd2f3ef77245866172c7d7241a11ad58e1959aa824f2fae81f6?s=96&d=mm&r=g\",\"caption\":\"LatAm Reports Redatores da Equipe\"}}]}<\/script>\n<!-- \/ Yoast SEO plugin. -->","yoast_head_json":{"title":"Doen\u00e7a em frangos muda rotina em Anta Gorda (RS)","description":"Anta Gorda, cidade ga\u00facha Anta Gorda e localizada a 186 km de Porto Alegre, est\u00e1 em alerta ap\u00f3s a confirma\u00e7\u00e3o de um foco da doen\u00e7a em frangos","robots":{"index":"index","follow":"follow","max-snippet":"max-snippet:-1","max-image-preview":"max-image-preview:large","max-video-preview":"max-video-preview:-1"},"canonical":"https:\/\/latamreports.com\/br\/doenca-em-frangos-muda-rotina-em-anta-gorda-rs-cidade-deu-uma-freada\/","og_locale":"en_US","og_type":"article","og_title":"Doen\u00e7a em frangos muda rotina em Anta Gorda (RS)","og_description":"Anta Gorda, cidade ga\u00facha Anta Gorda e localizada a 186 km de Porto Alegre, est\u00e1 em alerta ap\u00f3s a confirma\u00e7\u00e3o de um foco da doen\u00e7a em frangos","og_url":"https:\/\/latamreports.com\/br\/doenca-em-frangos-muda-rotina-em-anta-gorda-rs-cidade-deu-uma-freada\/","og_site_name":"LatAm Reports","article_publisher":"https:\/\/facebook.com\/latamreports","article_published_time":"2024-07-26T13:48:56+00:00","article_modified_time":"2024-07-26T13:48:58+00:00","og_image":[{"width":1200,"height":630,"url":"https:\/\/latamreports.com\/br\/wp-content\/uploads\/Design-sem-nome-48-1.png","type":"image\/png"}],"author":"LatAm Reports Redatores da Equipe","twitter_card":"summary_large_image","twitter_creator":"@latamreports","twitter_site":"@latamreports","twitter_misc":{"Written by":"LatAm Reports Redatores da Equipe","Est. reading time":"2 minutes"},"schema":{"@context":"https:\/\/schema.org","@graph":[{"@type":"Article","@id":"https:\/\/latamreports.com\/br\/doenca-em-frangos-muda-rotina-em-anta-gorda-rs-cidade-deu-uma-freada\/#article","isPartOf":{"@id":"https:\/\/latamreports.com\/br\/doenca-em-frangos-muda-rotina-em-anta-gorda-rs-cidade-deu-uma-freada\/"},"author":{"name":"LatAm Reports Redatores da Equipe","@id":"https:\/\/latamreports.com\/br\/#\/schema\/person\/a561f2de7e5ccabfab38d239b39fdb70"},"headline":"Doen\u00e7a em frangos muda rotina em Anta Gorda (RS): \u201ccidade deu uma freada\u201d","datePublished":"2024-07-26T13:48:56+00:00","dateModified":"2024-07-26T13:48:58+00:00","mainEntityOfPage":{"@id":"https:\/\/latamreports.com\/br\/doenca-em-frangos-muda-rotina-em-anta-gorda-rs-cidade-deu-uma-freada\/"},"wordCount":428,"publisher":{"@id":"https:\/\/latamreports.com\/br\/#organization"},"image":{"@id":"https:\/\/latamreports.com\/br\/doenca-em-frangos-muda-rotina-em-anta-gorda-rs-cidade-deu-uma-freada\/#primaryimage"},"thumbnailUrl":"https:\/\/latamreports.com\/br\/wp-content\/uploads\/Design-sem-nome-48-1.png","keywords":["Brasil"],"articleSection":["Neg\u00f3cios"],"inLanguage":"en-US"},{"@type":"WebPage","@id":"https:\/\/latamreports.com\/br\/doenca-em-frangos-muda-rotina-em-anta-gorda-rs-cidade-deu-uma-freada\/","url":"https:\/\/latamreports.com\/br\/doenca-em-frangos-muda-rotina-em-anta-gorda-rs-cidade-deu-uma-freada\/","name":"Doen\u00e7a em frangos muda rotina em Anta Gorda (RS)","isPartOf":{"@id":"https:\/\/latamreports.com\/br\/#website"},"primaryImageOfPage":{"@id":"https:\/\/latamreports.com\/br\/doenca-em-frangos-muda-rotina-em-anta-gorda-rs-cidade-deu-uma-freada\/#primaryimage"},"image":{"@id":"https:\/\/latamreports.com\/br\/doenca-em-frangos-muda-rotina-em-anta-gorda-rs-cidade-deu-uma-freada\/#primaryimage"},"thumbnailUrl":"https:\/\/latamreports.com\/br\/wp-content\/uploads\/Design-sem-nome-48-1.png","datePublished":"2024-07-26T13:48:56+00:00","dateModified":"2024-07-26T13:48:58+00:00","description":"Anta Gorda, cidade ga\u00facha Anta Gorda e localizada a 186 km de Porto Alegre, est\u00e1 em alerta ap\u00f3s a confirma\u00e7\u00e3o de um foco da doen\u00e7a em frangos","breadcrumb":{"@id":"https:\/\/latamreports.com\/br\/doenca-em-frangos-muda-rotina-em-anta-gorda-rs-cidade-deu-uma-freada\/#breadcrumb"},"inLanguage":"en-US","potentialAction":[{"@type":"ReadAction","target":["https:\/\/latamreports.com\/br\/doenca-em-frangos-muda-rotina-em-anta-gorda-rs-cidade-deu-uma-freada\/"]}]},{"@type":"ImageObject","inLanguage":"en-US","@id":"https:\/\/latamreports.com\/br\/doenca-em-frangos-muda-rotina-em-anta-gorda-rs-cidade-deu-uma-freada\/#primaryimage","url":"https:\/\/latamreports.com\/br\/wp-content\/uploads\/Design-sem-nome-48-1.png","contentUrl":"https:\/\/latamreports.com\/br\/wp-content\/uploads\/Design-sem-nome-48-1.png","width":1200,"height":630,"caption":"Doen\u00e7a em frangos muda rotina em Anta Gorda (RS)"},{"@type":"BreadcrumbList","@id":"https:\/\/latamreports.com\/br\/doenca-em-frangos-muda-rotina-em-anta-gorda-rs-cidade-deu-uma-freada\/#breadcrumb","itemListElement":[{"@type":"ListItem","position":1,"name":"Home","item":"https:\/\/latamreports.com\/br\/"},{"@type":"ListItem","position":2,"name":"Doen\u00e7a em frangos muda rotina em Anta Gorda (RS): \u201ccidade deu uma freada\u201d"}]},{"@type":"WebSite","@id":"https:\/\/latamreports.com\/br\/#website","url":"https:\/\/latamreports.com\/br\/","name":"LatAm Reports","description":"Not\u00edcias e opini\u00f5es de todas as Am\u00e9ricas","publisher":{"@id":"https:\/\/latamreports.com\/br\/#organization"},"potentialAction":[{"@type":"SearchAction","target":{"@type":"EntryPoint","urlTemplate":"https:\/\/latamreports.com\/br\/?s={search_term_string}"},"query-input":{"@type":"PropertyValueSpecification","valueRequired":true,"valueName":"search_term_string"}}],"inLanguage":"en-US"},{"@type":"Organization","@id":"https:\/\/latamreports.com\/br\/#organization","name":"LatAm Reports","url":"https:\/\/latamreports.com\/br\/","logo":{"@type":"ImageObject","inLanguage":"en-US","@id":"https:\/\/latamreports.com\/br\/#\/schema\/logo\/image\/","url":"https:\/\/latamreports.com\/br\/wp-content\/uploads\/cropped-PNG2.png","contentUrl":"https:\/\/latamreports.com\/br\/wp-content\/uploads\/cropped-PNG2.png","width":2522,"height":1014,"caption":"LatAm Reports"},"image":{"@id":"https:\/\/latamreports.com\/br\/#\/schema\/logo\/image\/"},"sameAs":["https:\/\/facebook.com\/latamreports","https:\/\/x.com\/latamreports"]},{"@type":"Person","@id":"https:\/\/latamreports.com\/br\/#\/schema\/person\/a561f2de7e5ccabfab38d239b39fdb70","name":"LatAm Reports Redatores da Equipe","image":{"@type":"ImageObject","inLanguage":"en-US","@id":"https:\/\/secure.gravatar.com\/avatar\/dcdcc93cc5edddd2f3ef77245866172c7d7241a11ad58e1959aa824f2fae81f6?s=96&d=mm&r=g","url":"https:\/\/secure.gravatar.com\/avatar\/dcdcc93cc5edddd2f3ef77245866172c7d7241a11ad58e1959aa824f2fae81f6?s=96&d=mm&r=g","contentUrl":"https:\/\/secure.gravatar.com\/avatar\/dcdcc93cc5edddd2f3ef77245866172c7d7241a11ad58e1959aa824f2fae81f6?s=96&d=mm&r=g","caption":"LatAm Reports Redatores da Equipe"}}]}},"jetpack_publicize_connections":[],"_links":{"self":[{"href":"https:\/\/latamreports.com\/br\/wp-json\/wp\/v2\/posts\/6812","targetHints":{"allow":["GET"]}}],"collection":[{"href":"https:\/\/latamreports.com\/br\/wp-json\/wp\/v2\/posts"}],"about":[{"href":"https:\/\/latamreports.com\/br\/wp-json\/wp\/v2\/types\/post"}],"author":[{"embeddable":true,"href":"https:\/\/latamreports.com\/br\/wp-json\/wp\/v2\/users\/7"}],"replies":[{"embeddable":true,"href":"https:\/\/latamreports.com\/br\/wp-json\/wp\/v2\/comments?post=6812"}],"version-history":[{"count":2,"href":"https:\/\/latamreports.com\/br\/wp-json\/wp\/v2\/posts\/6812\/revisions"}],"predecessor-version":[{"id":6815,"href":"https:\/\/latamreports.com\/br\/wp-json\/wp\/v2\/posts\/6812\/revisions\/6815"}],"wp:featuredmedia":[{"embeddable":true,"href":"https:\/\/latamreports.com\/br\/wp-json\/wp\/v2\/media\/6814"}],"wp:attachment":[{"href":"https:\/\/latamreports.com\/br\/wp-json\/wp\/v2\/media?parent=6812"}],"wp:term":[{"taxonomy":"category","embeddable":true,"href":"https:\/\/latamreports.com\/br\/wp-json\/wp\/v2\/categories?post=6812"},{"taxonomy":"post_tag","embeddable":true,"href":"https:\/\/latamreports.com\/br\/wp-json\/wp\/v2\/tags?post=6812"}],"curies":[{"name":"wp","href":"https:\/\/api.w.org\/{rel}","templated":true}]}}