{"id":6644,"date":"2024-07-17T18:04:13","date_gmt":"2024-07-17T18:04:13","guid":{"rendered":"https:\/\/latamreports.com\/br\/?p=6644"},"modified":"2024-07-17T18:04:15","modified_gmt":"2024-07-17T18:04:15","slug":"enzo-fernandez-enfrenta-acao-disciplinar-por-suposto-canto-racista","status":"publish","type":"post","link":"https:\/\/latamreports.com\/br\/enzo-fernandez-enfrenta-acao-disciplinar-por-suposto-canto-racista\/","title":{"rendered":"Enzo Fernandez enfrenta a\u00e7\u00e3o disciplinar por suposto canto racista"},"content":{"rendered":"\n<p>O Chelsea iniciou um processo disciplinar contra o meio-campista <a href=\"https:\/\/latamreports.com\/br\/argentina-conquista-a-copa-america-em-jogo-dramatico-com-lesao-de-messi\/\">Enzo Fernandez <\/a>ap\u00f3s ele postar um v\u00eddeo nas redes sociais que a Federa\u00e7\u00e3o Francesa de Futebol (FFF) afirmou conter um suposto \u201ccanto racista e discriminat\u00f3rio\u201d.<\/p>\n\n\n\n<p>Na ter\u00e7a-feira, a FFF informou que apresentaria uma queixa \u00e0 Fifa sobre o v\u00eddeo que mostrava alguns membros da sele\u00e7\u00e3o argentina cantando uma m\u00fasica sobre os jogadores negros da Fran\u00e7a. Wesley Fofana, companheiro de Fernandez no Chelsea e jogador da sele\u00e7\u00e3o francesa, descreveu o v\u00eddeo como \u201cracismo desinibido\u201d em uma postagem no Instagram.<\/p>\n\n\n\n<p>Fernandez, que foi contratado pelo Chelsea em fevereiro de 2023 por um valor recorde de \u00a3107 milh\u00f5es, declarou estar \u201cverdadeiramente arrependido\u201d pelo v\u00eddeo postado durante as comemora\u00e7\u00f5es da vit\u00f3ria da Argentina na Copa Am\u00e9rica. A Fifa tamb\u00e9m est\u00e1 investigando o caso.<\/p>\n\n\n\n<h2 class=\"wp-block-heading\">Repercuss\u00e3o e respostas<\/h2>\n\n\n\n<p>No v\u00eddeo, v\u00e1rios membros da sele\u00e7\u00e3o argentina entoam uma can\u00e7\u00e3o originalmente cantada por torcedores argentinos que questiona a heran\u00e7a dos jogadores negros e mesti\u00e7os da Fran\u00e7a. O Chelsea possui sete jogadores negros ou mesti\u00e7os em seu elenco principal, incluindo Fofana, Axel Disasi, Benoit Badiashile, Lesley Ugochukwu, Christopher Nkunku, Malo Gusto e Malang Sarr.<\/p>\n\n\n\n<p>\u201cO canto inclui linguagem altamente ofensiva e n\u00e3o h\u00e1 absolutamente nenhuma desculpa para essas palavras\u201d, disse Fernandez. <\/p>\n\n\n\n<blockquote class=\"wp-block-quote is-layout-flow wp-block-quote-is-layout-flow\">\n<p>\u201cEu me posiciono contra a discrimina\u00e7\u00e3o em todas as formas e pe\u00e7o desculpas por ter me deixado levar pela euforia das celebra\u00e7\u00f5es da Copa Am\u00e9rica. Aquele v\u00eddeo, aquele momento, aquelas palavras n\u00e3o refletem minhas cren\u00e7as ou meu car\u00e1ter\u201d.<\/p>\n<\/blockquote>\n\n\n\n<p>Em comunicado, o Chelsea afirmou: <\/p>\n\n\n\n<blockquote class=\"wp-block-quote is-layout-flow wp-block-quote-is-layout-flow\">\n<p>\u201cReconhecemos e apreciamos o pedido p\u00fablico de desculpas de nosso jogador e usaremos esta oportunidade para educar. O clube iniciou um procedimento disciplinar interno\u201d.<\/p>\n<\/blockquote>\n\n\n\n<p>A FFF entrar\u00e1 em contato com a Associa\u00e7\u00e3o Argentina de Futebol (AFA) sobre o v\u00eddeo ao vivo postado por Fernandez ap\u00f3s a vit\u00f3ria da Argentina sobre a Col\u00f4mbia na final da Copa Am\u00e9rica. Philippe Diallo, presidente da FFF, condenou os coment\u00e1rios como \u201cinaceit\u00e1veis e discriminat\u00f3rios\u201d e afirmou que recorrer\u00e1 diretamente \u00e0 Fifa e \u00e0 AFA, al\u00e9m de apresentar uma queixa legal.<\/p>\n\n\n\n<p><a href=\"https:\/\/latamreports.com\/br\/eurocopa-e-copa-america-confira-detalhes-dessas-finais-imperdiveis\/\">Fernandez <\/a>recebeu apoio de seus colegas de clube, com o jogador David Datro Fofana postando no Instagram: \u201cO futebol que eu gosto \u00e9 multi\u00e9tnico. O racismo em todas as suas formas deve ser condenado da maneira mais forte poss\u00edvel. Esses atos n\u00e3o t\u00eam lugar no futebol ou em qualquer outro lugar\u201d.<\/p>\n\n\n\n<p>Organiza\u00e7\u00f5es anti-discrimina\u00e7\u00e3o como Kick It Out e Show Racism the Red Card tamb\u00e9m condenaram o v\u00eddeo, chamando-o de \u201cinaceit\u00e1vel\u201d e pedindo a\u00e7\u00f5es concretas, al\u00e9m de simples pedidos de desculpas.<\/p>\n\n\n\n<p>\u201cV\u00e1rios jogadores aparecem cantando a m\u00fasica, o que significa que haver\u00e1 um impacto mais amplo sobre companheiros de equipe e torcedores de outros clubes\u201d, disse Kick It Out. <\/p>\n\n\n\n<blockquote class=\"wp-block-quote is-layout-flow wp-block-quote-is-layout-flow\">\n<p>&#8220;As respostas a esses incidentes n\u00e3o podem come\u00e7ar e terminar com um pedido de desculpas. Mais importante \u00e9 a a\u00e7\u00e3o tomada posteriormente para garantir que os jogadores sejam educados e responsabilizados, tanto na Inglaterra quanto em escala global\u201d.<\/p>\n<\/blockquote>\n\n\n\n<p>A Show Racism the Red Card sugeriu que, ao inv\u00e9s de apenas suspender Fernandez, o Chelsea deveria envolver o jogador em programas educativos anti-racismo, para que ele possa contribuir positivamente na conscientiza\u00e7\u00e3o sobre o problema.<\/p>\n","protected":false},"excerpt":{"rendered":"<p>O Chelsea iniciou um processo disciplinar contra o meio-campista Enzo Fernandez ap\u00f3s ele postar um v\u00eddeo nas redes sociais que a Federa\u00e7\u00e3o Francesa de Futebol &#8230; <a title=\"Enzo Fernandez enfrenta a\u00e7\u00e3o disciplinar por suposto canto racista\" class=\"read-more\" href=\"https:\/\/latamreports.com\/br\/enzo-fernandez-enfrenta-acao-disciplinar-por-suposto-canto-racista\/\" aria-label=\"Read more about Enzo Fernandez enfrenta a\u00e7\u00e3o disciplinar por suposto canto racista\">Read more<\/a><\/p>\n","protected":false},"author":7,"featured_media":6646,"comment_status":"closed","ping_status":"closed","sticky":false,"template":"","format":"standard","meta":{"footnotes":"","jetpack_publicize_message":"","jetpack_publicize_feature_enabled":true,"jetpack_social_post_already_shared":false,"jetpack_social_options":{"image_generator_settings":{"template":"highway","default_image_id":0,"font":"","enabled":false},"version":2}},"categories":[14],"tags":[22],"class_list":["post-6644","post","type-post","status-publish","format-standard","has-post-thumbnail","hentry","category-esportes","tag-latam","resize-featured-image"],"yoast_head":"<!-- This site is optimized with the Yoast SEO plugin v27.5 - https:\/\/yoast.com\/product\/yoast-seo-wordpress\/ -->\n<title>Enzo Fernandez enfrenta a\u00e7\u00e3o disciplinar por suposto canto racista<\/title>\n<meta name=\"description\" content=\"O Chelsea iniciou um processo disciplinar contra o meio-campista Enzo Fernandez ap\u00f3s ele postar um v\u00eddeo nas redes sociais que a Federa\u00e7\u00e3o...\" \/>\n<meta name=\"robots\" content=\"index, follow, max-snippet:-1, max-image-preview:large, max-video-preview:-1\" \/>\n<link rel=\"canonical\" href=\"https:\/\/latamreports.com\/br\/enzo-fernandez-enfrenta-acao-disciplinar-por-suposto-canto-racista\/\" \/>\n<meta property=\"og:locale\" content=\"en_US\" \/>\n<meta property=\"og:type\" content=\"article\" \/>\n<meta property=\"og:title\" content=\"Enzo Fernandez enfrenta a\u00e7\u00e3o disciplinar por suposto canto racista\" \/>\n<meta property=\"og:description\" content=\"O Chelsea iniciou um processo disciplinar contra o meio-campista Enzo Fernandez ap\u00f3s ele postar um v\u00eddeo nas redes sociais que a Federa\u00e7\u00e3o...\" \/>\n<meta property=\"og:url\" content=\"https:\/\/latamreports.com\/br\/enzo-fernandez-enfrenta-acao-disciplinar-por-suposto-canto-racista\/\" \/>\n<meta property=\"og:site_name\" content=\"LatAm Reports\" \/>\n<meta property=\"article:publisher\" content=\"https:\/\/facebook.com\/latamreports\" \/>\n<meta property=\"article:published_time\" content=\"2024-07-17T18:04:13+00:00\" \/>\n<meta property=\"article:modified_time\" content=\"2024-07-17T18:04:15+00:00\" \/>\n<meta property=\"og:image\" content=\"https:\/\/latamreports.com\/br\/wp-content\/uploads\/Design-sem-nome-4-1.png\" \/>\n\t<meta property=\"og:image:width\" content=\"1200\" \/>\n\t<meta property=\"og:image:height\" content=\"630\" \/>\n\t<meta property=\"og:image:type\" content=\"image\/png\" \/>\n<meta name=\"author\" content=\"LatAm Reports Redatores da Equipe\" \/>\n<meta name=\"twitter:card\" content=\"summary_large_image\" \/>\n<meta name=\"twitter:creator\" content=\"@latamreports\" \/>\n<meta name=\"twitter:site\" content=\"@latamreports\" \/>\n<meta name=\"twitter:label1\" content=\"Written by\" \/>\n\t<meta name=\"twitter:data1\" content=\"LatAm Reports Redatores da Equipe\" \/>\n\t<meta name=\"twitter:label2\" content=\"Est. reading time\" \/>\n\t<meta name=\"twitter:data2\" content=\"2 minutes\" \/>\n<script type=\"application\/ld+json\" class=\"yoast-schema-graph\">{\"@context\":\"https:\\\/\\\/schema.org\",\"@graph\":[{\"@type\":\"Article\",\"@id\":\"https:\\\/\\\/latamreports.com\\\/br\\\/enzo-fernandez-enfrenta-acao-disciplinar-por-suposto-canto-racista\\\/#article\",\"isPartOf\":{\"@id\":\"https:\\\/\\\/latamreports.com\\\/br\\\/enzo-fernandez-enfrenta-acao-disciplinar-por-suposto-canto-racista\\\/\"},\"author\":{\"name\":\"LatAm Reports Redatores da Equipe\",\"@id\":\"https:\\\/\\\/latamreports.com\\\/br\\\/#\\\/schema\\\/person\\\/a561f2de7e5ccabfab38d239b39fdb70\"},\"headline\":\"Enzo Fernandez enfrenta a\u00e7\u00e3o disciplinar por suposto canto racista\",\"datePublished\":\"2024-07-17T18:04:13+00:00\",\"dateModified\":\"2024-07-17T18:04:15+00:00\",\"mainEntityOfPage\":{\"@id\":\"https:\\\/\\\/latamreports.com\\\/br\\\/enzo-fernandez-enfrenta-acao-disciplinar-por-suposto-canto-racista\\\/\"},\"wordCount\":577,\"publisher\":{\"@id\":\"https:\\\/\\\/latamreports.com\\\/br\\\/#organization\"},\"image\":{\"@id\":\"https:\\\/\\\/latamreports.com\\\/br\\\/enzo-fernandez-enfrenta-acao-disciplinar-por-suposto-canto-racista\\\/#primaryimage\"},\"thumbnailUrl\":\"https:\\\/\\\/latamreports.com\\\/br\\\/wp-content\\\/uploads\\\/Design-sem-nome-4-1.png\",\"keywords\":[\"LATAM\"],\"articleSection\":[\"Esportes\"],\"inLanguage\":\"en-US\"},{\"@type\":\"WebPage\",\"@id\":\"https:\\\/\\\/latamreports.com\\\/br\\\/enzo-fernandez-enfrenta-acao-disciplinar-por-suposto-canto-racista\\\/\",\"url\":\"https:\\\/\\\/latamreports.com\\\/br\\\/enzo-fernandez-enfrenta-acao-disciplinar-por-suposto-canto-racista\\\/\",\"name\":\"Enzo Fernandez enfrenta a\u00e7\u00e3o disciplinar por suposto canto racista\",\"isPartOf\":{\"@id\":\"https:\\\/\\\/latamreports.com\\\/br\\\/#website\"},\"primaryImageOfPage\":{\"@id\":\"https:\\\/\\\/latamreports.com\\\/br\\\/enzo-fernandez-enfrenta-acao-disciplinar-por-suposto-canto-racista\\\/#primaryimage\"},\"image\":{\"@id\":\"https:\\\/\\\/latamreports.com\\\/br\\\/enzo-fernandez-enfrenta-acao-disciplinar-por-suposto-canto-racista\\\/#primaryimage\"},\"thumbnailUrl\":\"https:\\\/\\\/latamreports.com\\\/br\\\/wp-content\\\/uploads\\\/Design-sem-nome-4-1.png\",\"datePublished\":\"2024-07-17T18:04:13+00:00\",\"dateModified\":\"2024-07-17T18:04:15+00:00\",\"description\":\"O Chelsea iniciou um processo disciplinar contra o meio-campista Enzo Fernandez ap\u00f3s ele postar um v\u00eddeo nas redes sociais que a Federa\u00e7\u00e3o...\",\"breadcrumb\":{\"@id\":\"https:\\\/\\\/latamreports.com\\\/br\\\/enzo-fernandez-enfrenta-acao-disciplinar-por-suposto-canto-racista\\\/#breadcrumb\"},\"inLanguage\":\"en-US\",\"potentialAction\":[{\"@type\":\"ReadAction\",\"target\":[\"https:\\\/\\\/latamreports.com\\\/br\\\/enzo-fernandez-enfrenta-acao-disciplinar-por-suposto-canto-racista\\\/\"]}]},{\"@type\":\"ImageObject\",\"inLanguage\":\"en-US\",\"@id\":\"https:\\\/\\\/latamreports.com\\\/br\\\/enzo-fernandez-enfrenta-acao-disciplinar-por-suposto-canto-racista\\\/#primaryimage\",\"url\":\"https:\\\/\\\/latamreports.com\\\/br\\\/wp-content\\\/uploads\\\/Design-sem-nome-4-1.png\",\"contentUrl\":\"https:\\\/\\\/latamreports.com\\\/br\\\/wp-content\\\/uploads\\\/Design-sem-nome-4-1.png\",\"width\":1200,\"height\":630,\"caption\":\"Enzo Fernandez\"},{\"@type\":\"BreadcrumbList\",\"@id\":\"https:\\\/\\\/latamreports.com\\\/br\\\/enzo-fernandez-enfrenta-acao-disciplinar-por-suposto-canto-racista\\\/#breadcrumb\",\"itemListElement\":[{\"@type\":\"ListItem\",\"position\":1,\"name\":\"Home\",\"item\":\"https:\\\/\\\/latamreports.com\\\/br\\\/\"},{\"@type\":\"ListItem\",\"position\":2,\"name\":\"Enzo Fernandez enfrenta a\u00e7\u00e3o disciplinar por suposto canto racista\"}]},{\"@type\":\"WebSite\",\"@id\":\"https:\\\/\\\/latamreports.com\\\/br\\\/#website\",\"url\":\"https:\\\/\\\/latamreports.com\\\/br\\\/\",\"name\":\"LatAm Reports\",\"description\":\"Not\u00edcias e opini\u00f5es de todas as Am\u00e9ricas\",\"publisher\":{\"@id\":\"https:\\\/\\\/latamreports.com\\\/br\\\/#organization\"},\"potentialAction\":[{\"@type\":\"SearchAction\",\"target\":{\"@type\":\"EntryPoint\",\"urlTemplate\":\"https:\\\/\\\/latamreports.com\\\/br\\\/?s={search_term_string}\"},\"query-input\":{\"@type\":\"PropertyValueSpecification\",\"valueRequired\":true,\"valueName\":\"search_term_string\"}}],\"inLanguage\":\"en-US\"},{\"@type\":\"Organization\",\"@id\":\"https:\\\/\\\/latamreports.com\\\/br\\\/#organization\",\"name\":\"LatAm Reports\",\"url\":\"https:\\\/\\\/latamreports.com\\\/br\\\/\",\"logo\":{\"@type\":\"ImageObject\",\"inLanguage\":\"en-US\",\"@id\":\"https:\\\/\\\/latamreports.com\\\/br\\\/#\\\/schema\\\/logo\\\/image\\\/\",\"url\":\"https:\\\/\\\/latamreports.com\\\/br\\\/wp-content\\\/uploads\\\/cropped-PNG2.png\",\"contentUrl\":\"https:\\\/\\\/latamreports.com\\\/br\\\/wp-content\\\/uploads\\\/cropped-PNG2.png\",\"width\":2522,\"height\":1014,\"caption\":\"LatAm Reports\"},\"image\":{\"@id\":\"https:\\\/\\\/latamreports.com\\\/br\\\/#\\\/schema\\\/logo\\\/image\\\/\"},\"sameAs\":[\"https:\\\/\\\/facebook.com\\\/latamreports\",\"https:\\\/\\\/x.com\\\/latamreports\"]},{\"@type\":\"Person\",\"@id\":\"https:\\\/\\\/latamreports.com\\\/br\\\/#\\\/schema\\\/person\\\/a561f2de7e5ccabfab38d239b39fdb70\",\"name\":\"LatAm Reports Redatores da Equipe\",\"image\":{\"@type\":\"ImageObject\",\"inLanguage\":\"en-US\",\"@id\":\"https:\\\/\\\/secure.gravatar.com\\\/avatar\\\/dcdcc93cc5edddd2f3ef77245866172c7d7241a11ad58e1959aa824f2fae81f6?s=96&d=mm&r=g\",\"url\":\"https:\\\/\\\/secure.gravatar.com\\\/avatar\\\/dcdcc93cc5edddd2f3ef77245866172c7d7241a11ad58e1959aa824f2fae81f6?s=96&d=mm&r=g\",\"contentUrl\":\"https:\\\/\\\/secure.gravatar.com\\\/avatar\\\/dcdcc93cc5edddd2f3ef77245866172c7d7241a11ad58e1959aa824f2fae81f6?s=96&d=mm&r=g\",\"caption\":\"LatAm Reports Redatores da Equipe\"}}]}<\/script>\n<!-- \/ Yoast SEO plugin. -->","yoast_head_json":{"title":"Enzo Fernandez enfrenta a\u00e7\u00e3o disciplinar por suposto canto racista","description":"O Chelsea iniciou um processo disciplinar contra o meio-campista Enzo Fernandez ap\u00f3s ele postar um v\u00eddeo nas redes sociais que a Federa\u00e7\u00e3o...","robots":{"index":"index","follow":"follow","max-snippet":"max-snippet:-1","max-image-preview":"max-image-preview:large","max-video-preview":"max-video-preview:-1"},"canonical":"https:\/\/latamreports.com\/br\/enzo-fernandez-enfrenta-acao-disciplinar-por-suposto-canto-racista\/","og_locale":"en_US","og_type":"article","og_title":"Enzo Fernandez enfrenta a\u00e7\u00e3o disciplinar por suposto canto racista","og_description":"O Chelsea iniciou um processo disciplinar contra o meio-campista Enzo Fernandez ap\u00f3s ele postar um v\u00eddeo nas redes sociais que a Federa\u00e7\u00e3o...","og_url":"https:\/\/latamreports.com\/br\/enzo-fernandez-enfrenta-acao-disciplinar-por-suposto-canto-racista\/","og_site_name":"LatAm Reports","article_publisher":"https:\/\/facebook.com\/latamreports","article_published_time":"2024-07-17T18:04:13+00:00","article_modified_time":"2024-07-17T18:04:15+00:00","og_image":[{"width":1200,"height":630,"url":"https:\/\/latamreports.com\/br\/wp-content\/uploads\/Design-sem-nome-4-1.png","type":"image\/png"}],"author":"LatAm Reports Redatores da Equipe","twitter_card":"summary_large_image","twitter_creator":"@latamreports","twitter_site":"@latamreports","twitter_misc":{"Written by":"LatAm Reports Redatores da Equipe","Est. reading time":"2 minutes"},"schema":{"@context":"https:\/\/schema.org","@graph":[{"@type":"Article","@id":"https:\/\/latamreports.com\/br\/enzo-fernandez-enfrenta-acao-disciplinar-por-suposto-canto-racista\/#article","isPartOf":{"@id":"https:\/\/latamreports.com\/br\/enzo-fernandez-enfrenta-acao-disciplinar-por-suposto-canto-racista\/"},"author":{"name":"LatAm Reports Redatores da Equipe","@id":"https:\/\/latamreports.com\/br\/#\/schema\/person\/a561f2de7e5ccabfab38d239b39fdb70"},"headline":"Enzo Fernandez enfrenta a\u00e7\u00e3o disciplinar por suposto canto racista","datePublished":"2024-07-17T18:04:13+00:00","dateModified":"2024-07-17T18:04:15+00:00","mainEntityOfPage":{"@id":"https:\/\/latamreports.com\/br\/enzo-fernandez-enfrenta-acao-disciplinar-por-suposto-canto-racista\/"},"wordCount":577,"publisher":{"@id":"https:\/\/latamreports.com\/br\/#organization"},"image":{"@id":"https:\/\/latamreports.com\/br\/enzo-fernandez-enfrenta-acao-disciplinar-por-suposto-canto-racista\/#primaryimage"},"thumbnailUrl":"https:\/\/latamreports.com\/br\/wp-content\/uploads\/Design-sem-nome-4-1.png","keywords":["LATAM"],"articleSection":["Esportes"],"inLanguage":"en-US"},{"@type":"WebPage","@id":"https:\/\/latamreports.com\/br\/enzo-fernandez-enfrenta-acao-disciplinar-por-suposto-canto-racista\/","url":"https:\/\/latamreports.com\/br\/enzo-fernandez-enfrenta-acao-disciplinar-por-suposto-canto-racista\/","name":"Enzo Fernandez enfrenta a\u00e7\u00e3o disciplinar por suposto canto racista","isPartOf":{"@id":"https:\/\/latamreports.com\/br\/#website"},"primaryImageOfPage":{"@id":"https:\/\/latamreports.com\/br\/enzo-fernandez-enfrenta-acao-disciplinar-por-suposto-canto-racista\/#primaryimage"},"image":{"@id":"https:\/\/latamreports.com\/br\/enzo-fernandez-enfrenta-acao-disciplinar-por-suposto-canto-racista\/#primaryimage"},"thumbnailUrl":"https:\/\/latamreports.com\/br\/wp-content\/uploads\/Design-sem-nome-4-1.png","datePublished":"2024-07-17T18:04:13+00:00","dateModified":"2024-07-17T18:04:15+00:00","description":"O Chelsea iniciou um processo disciplinar contra o meio-campista Enzo Fernandez ap\u00f3s ele postar um v\u00eddeo nas redes sociais que a Federa\u00e7\u00e3o...","breadcrumb":{"@id":"https:\/\/latamreports.com\/br\/enzo-fernandez-enfrenta-acao-disciplinar-por-suposto-canto-racista\/#breadcrumb"},"inLanguage":"en-US","potentialAction":[{"@type":"ReadAction","target":["https:\/\/latamreports.com\/br\/enzo-fernandez-enfrenta-acao-disciplinar-por-suposto-canto-racista\/"]}]},{"@type":"ImageObject","inLanguage":"en-US","@id":"https:\/\/latamreports.com\/br\/enzo-fernandez-enfrenta-acao-disciplinar-por-suposto-canto-racista\/#primaryimage","url":"https:\/\/latamreports.com\/br\/wp-content\/uploads\/Design-sem-nome-4-1.png","contentUrl":"https:\/\/latamreports.com\/br\/wp-content\/uploads\/Design-sem-nome-4-1.png","width":1200,"height":630,"caption":"Enzo Fernandez"},{"@type":"BreadcrumbList","@id":"https:\/\/latamreports.com\/br\/enzo-fernandez-enfrenta-acao-disciplinar-por-suposto-canto-racista\/#breadcrumb","itemListElement":[{"@type":"ListItem","position":1,"name":"Home","item":"https:\/\/latamreports.com\/br\/"},{"@type":"ListItem","position":2,"name":"Enzo Fernandez enfrenta a\u00e7\u00e3o disciplinar por suposto canto racista"}]},{"@type":"WebSite","@id":"https:\/\/latamreports.com\/br\/#website","url":"https:\/\/latamreports.com\/br\/","name":"LatAm Reports","description":"Not\u00edcias e opini\u00f5es de todas as Am\u00e9ricas","publisher":{"@id":"https:\/\/latamreports.com\/br\/#organization"},"potentialAction":[{"@type":"SearchAction","target":{"@type":"EntryPoint","urlTemplate":"https:\/\/latamreports.com\/br\/?s={search_term_string}"},"query-input":{"@type":"PropertyValueSpecification","valueRequired":true,"valueName":"search_term_string"}}],"inLanguage":"en-US"},{"@type":"Organization","@id":"https:\/\/latamreports.com\/br\/#organization","name":"LatAm Reports","url":"https:\/\/latamreports.com\/br\/","logo":{"@type":"ImageObject","inLanguage":"en-US","@id":"https:\/\/latamreports.com\/br\/#\/schema\/logo\/image\/","url":"https:\/\/latamreports.com\/br\/wp-content\/uploads\/cropped-PNG2.png","contentUrl":"https:\/\/latamreports.com\/br\/wp-content\/uploads\/cropped-PNG2.png","width":2522,"height":1014,"caption":"LatAm Reports"},"image":{"@id":"https:\/\/latamreports.com\/br\/#\/schema\/logo\/image\/"},"sameAs":["https:\/\/facebook.com\/latamreports","https:\/\/x.com\/latamreports"]},{"@type":"Person","@id":"https:\/\/latamreports.com\/br\/#\/schema\/person\/a561f2de7e5ccabfab38d239b39fdb70","name":"LatAm Reports Redatores da Equipe","image":{"@type":"ImageObject","inLanguage":"en-US","@id":"https:\/\/secure.gravatar.com\/avatar\/dcdcc93cc5edddd2f3ef77245866172c7d7241a11ad58e1959aa824f2fae81f6?s=96&d=mm&r=g","url":"https:\/\/secure.gravatar.com\/avatar\/dcdcc93cc5edddd2f3ef77245866172c7d7241a11ad58e1959aa824f2fae81f6?s=96&d=mm&r=g","contentUrl":"https:\/\/secure.gravatar.com\/avatar\/dcdcc93cc5edddd2f3ef77245866172c7d7241a11ad58e1959aa824f2fae81f6?s=96&d=mm&r=g","caption":"LatAm Reports Redatores da Equipe"}}]}},"jetpack_publicize_connections":[],"_links":{"self":[{"href":"https:\/\/latamreports.com\/br\/wp-json\/wp\/v2\/posts\/6644","targetHints":{"allow":["GET"]}}],"collection":[{"href":"https:\/\/latamreports.com\/br\/wp-json\/wp\/v2\/posts"}],"about":[{"href":"https:\/\/latamreports.com\/br\/wp-json\/wp\/v2\/types\/post"}],"author":[{"embeddable":true,"href":"https:\/\/latamreports.com\/br\/wp-json\/wp\/v2\/users\/7"}],"replies":[{"embeddable":true,"href":"https:\/\/latamreports.com\/br\/wp-json\/wp\/v2\/comments?post=6644"}],"version-history":[{"count":2,"href":"https:\/\/latamreports.com\/br\/wp-json\/wp\/v2\/posts\/6644\/revisions"}],"predecessor-version":[{"id":6647,"href":"https:\/\/latamreports.com\/br\/wp-json\/wp\/v2\/posts\/6644\/revisions\/6647"}],"wp:featuredmedia":[{"embeddable":true,"href":"https:\/\/latamreports.com\/br\/wp-json\/wp\/v2\/media\/6646"}],"wp:attachment":[{"href":"https:\/\/latamreports.com\/br\/wp-json\/wp\/v2\/media?parent=6644"}],"wp:term":[{"taxonomy":"category","embeddable":true,"href":"https:\/\/latamreports.com\/br\/wp-json\/wp\/v2\/categories?post=6644"},{"taxonomy":"post_tag","embeddable":true,"href":"https:\/\/latamreports.com\/br\/wp-json\/wp\/v2\/tags?post=6644"}],"curies":[{"name":"wp","href":"https:\/\/api.w.org\/{rel}","templated":true}]}}