{"id":6045,"date":"2024-06-20T17:25:57","date_gmt":"2024-06-20T17:25:57","guid":{"rendered":"https:\/\/latamreports.com\/br\/?p=6045"},"modified":"2024-06-20T17:26:34","modified_gmt":"2024-06-20T17:26:34","slug":"milei-e-bukele-firmam-acordo-para-criacao-de-laboratorio-de-seguranca","status":"publish","type":"post","link":"https:\/\/latamreports.com\/br\/milei-e-bukele-firmam-acordo-para-criacao-de-laboratorio-de-seguranca\/","title":{"rendered":"Milei e Bukele firmam acordo para cria\u00e7\u00e3o de \u201claborat\u00f3rio de seguran\u00e7a\u201d"},"content":{"rendered":"\n<p>Recentemente, a Argentina, sob a lideran\u00e7a de<a href=\"https:\/\/latamreports.com\/br\/argentina-recebe-elogios-do-fmi-por-reformas-economicas-e-queda-da-inflacao\/\"> Javier Milei<\/a>, tem demonstrado uma linha dura na pol\u00edtica de seguran\u00e7a p\u00fablica. Esse posicionamento ficou evidente com dois eventos que ocorreram nos \u00faltimos dias e que refletem as ambi\u00e7\u00f5es do chefe da Casa Rosada para os pr\u00f3ximos tr\u00eas anos e meio de seu mandato. Patricia Bullrich, ex-presidenci\u00e1vel e atual ministra da Seguran\u00e7a, desempenha um papel crucial nessa agenda.<\/p>\n\n\n\n<p>A ministra, acompanhada de altos funcion\u00e1rios como o diretor de intelig\u00eancia criminal argentina e o secret\u00e1rio de assuntos penitenci\u00e1rios, visitou El Salvador para se encontrar com o presidente Nayib Bukele. Durante a visita, foram firmados diversos acordos na \u00e1rea de seguran\u00e7a. Bukele, recentemente reeleito em um processo eleitoral contestado, implementa uma pol\u00edtica de linha-dura no sistema penitenci\u00e1rio, que, embora tenha reduzido a viol\u00eancia, gerou encarceramento em massa e viola\u00e7\u00f5es de direitos humanos.<\/p>\n\n\n\n<p>Bullrich elogiou as pol\u00edticas de Bukele, destacando a necessidade de mudan\u00e7as legislativas e vontade pol\u00edtica para aplicar as for\u00e7as de seguran\u00e7a onde necess\u00e1rio. A ministra, com uma trajet\u00f3ria marcante \u2014 incluindo um per\u00edodo como guerrilheira e ex\u00edlio no Brasil \u2014, assinou um conv\u00eanio para intensificar a colabora\u00e7\u00e3o entre os pa\u00edses, com troca de informa\u00e7\u00f5es, instrumentos legais e capacita\u00e7\u00e3o conjunta das for\u00e7as de seguran\u00e7a.<\/p>\n\n\n\n<p>Al\u00e9m disso, <a href=\"https:\/\/latamreports.com\/br\/taxas-de-homicidio-na-america-latina-revelam-novas-tendencias-surpreendentes\/\">Argentina e El Salvador <\/a>planejam criar um \u201claborat\u00f3rio de pol\u00edticas de seguran\u00e7a\u201d, utilizando dados atualizados dos dois pa\u00edses e de outras na\u00e7\u00f5es interessadas. Em um v\u00eddeo informal, Bukele comentou sobre sua aprecia\u00e7\u00e3o por Buenos Aires, onde sua esposa estudou parte do mestrado.<\/p>\n\n\n\n<h2 class=\"wp-block-heading\">Repercuss\u00e3o na Argentina<\/h2>\n\n\n\n<p>Paralelamente, a pol\u00edtica de seguran\u00e7a de Milei est\u00e1 em evid\u00eancia na Argentina. A capital Buenos Aires tem visto crescente press\u00e3o para liberar os manifestantes presos durante um protesto massivo em 12 de junho, quando o Senado aprovou um pacote liberal proposto pela Casa Rosada. Mais de 30 pessoas foram detidas, e at\u00e9 esta quinta-feira (19), cinco ainda permaneciam sob cust\u00f3dia, com outras 14 com ordens de recaptura emitidas.<\/p>\n\n\n\n<p>O promotor Carlos Stornelli acusou os manifestantes de diversos delitos, incluindo danos ao patrim\u00f4nio p\u00fablico e incita\u00e7\u00e3o \u00e0 viol\u00eancia contra institui\u00e7\u00f5es argentinas. A Casa Rosada afirma que houve tentativa de golpe de Estado. Segundo o governo, a opera\u00e7\u00e3o policial para conter a manifesta\u00e7\u00e3o custou cerca de R$ 784 mil, e a Justi\u00e7a foi solicitada a exigir indeniza\u00e7\u00f5es dos movimentos sociais organizadores dos atos.<\/p>\n\n\n\n<h3 class=\"wp-block-heading\">Enfrentando o Narcotr\u00e1fico<\/h3>\n\n\n\n<p>Manuel Adorni, porta-voz presidencial, mencionou a viagem de Bullrich a El Salvador em sua entrevista coletiva di\u00e1ria, afirmando que a Argentina segue o exemplo salvadorenho de erradica\u00e7\u00e3o do narcoterrorismo. A viol\u00eancia relacionada ao narcotr\u00e1fico tem sido um problema crescente, especialmente em Ros\u00e1rio, uma cidade portu\u00e1ria conhecida por ser a terra natal de jogadores como Lionel Messi e \u00c1ngel Di Mar\u00eda. Dominada pelo grupo Los Monos, a cidade tem sido chamada de \u201cnarcocidade\u201d.<\/p>\n\n\n\n<p>Bullrich foi a El Salvador com o objetivo de entender o \u201cregime de toler\u00e2ncia zero\u201d de Bukele. Ap\u00f3s seis meses de governo, Javier Milei deixa claro seus planos para a seguran\u00e7a p\u00fablica argentina, afirmando uma postura firme contra o crime organizado.<\/p>\n\n\n\n<blockquote class=\"wp-block-quote is-layout-flow wp-block-quote-is-layout-flow\">\n<p>\u201cJuntos contra os criminosos que assassinam massivamente e danam nossos pa\u00edses e sociedades\u201d, disse Bullrich em uma de suas declara\u00e7\u00f5es.<\/p>\n<\/blockquote>\n","protected":false},"excerpt":{"rendered":"<p>Recentemente, a Argentina, sob a lideran\u00e7a de Javier Milei, tem demonstrado uma linha dura na pol\u00edtica de seguran\u00e7a p\u00fablica. Esse posicionamento ficou evidente com dois &#8230; <a title=\"Milei e Bukele firmam acordo para cria\u00e7\u00e3o de \u201claborat\u00f3rio de seguran\u00e7a\u201d\" class=\"read-more\" href=\"https:\/\/latamreports.com\/br\/milei-e-bukele-firmam-acordo-para-criacao-de-laboratorio-de-seguranca\/\" aria-label=\"Read more about Milei e Bukele firmam acordo para cria\u00e7\u00e3o de \u201claborat\u00f3rio de seguran\u00e7a\u201d\">Read more<\/a><\/p>\n","protected":false},"author":7,"featured_media":6047,"comment_status":"closed","ping_status":"closed","sticky":false,"template":"","format":"standard","meta":{"footnotes":"","jetpack_publicize_message":"","jetpack_publicize_feature_enabled":true,"jetpack_social_post_already_shared":false,"jetpack_social_options":{"image_generator_settings":{"template":"highway","default_image_id":0,"font":"","enabled":false},"version":2}},"categories":[13],"tags":[25,17,22],"class_list":["post-6045","post","type-post","status-publish","format-standard","has-post-thumbnail","hentry","category-politica","tag-argentina","tag-el-salvador","tag-latam","resize-featured-image"],"yoast_head":"<!-- This site is optimized with the Yoast SEO plugin v27.4 - https:\/\/yoast.com\/product\/yoast-seo-wordpress\/ -->\n<title>Milei e Bukele acordam para cria\u00e7\u00e3o de \u201claborat\u00f3rio de seguran\u00e7a\u201d<\/title>\n<meta name=\"description\" content=\"Argentina, sob a lideran\u00e7a de Javier Milei, tem demonstrado uma linha dura na pol\u00edtica de seguran\u00e7a p\u00fablica.\" \/>\n<meta name=\"robots\" content=\"index, follow, max-snippet:-1, max-image-preview:large, max-video-preview:-1\" \/>\n<link rel=\"canonical\" href=\"https:\/\/latamreports.com\/br\/milei-e-bukele-firmam-acordo-para-criacao-de-laboratorio-de-seguranca\/\" \/>\n<meta property=\"og:locale\" content=\"en_US\" \/>\n<meta property=\"og:type\" content=\"article\" \/>\n<meta property=\"og:title\" content=\"Milei e Bukele acordam para cria\u00e7\u00e3o de \u201claborat\u00f3rio de seguran\u00e7a\u201d\" \/>\n<meta property=\"og:description\" content=\"Argentina, sob a lideran\u00e7a de Javier Milei, tem demonstrado uma linha dura na pol\u00edtica de seguran\u00e7a p\u00fablica.\" \/>\n<meta property=\"og:url\" content=\"https:\/\/latamreports.com\/br\/milei-e-bukele-firmam-acordo-para-criacao-de-laboratorio-de-seguranca\/\" \/>\n<meta property=\"og:site_name\" content=\"LatAm Reports\" \/>\n<meta property=\"article:publisher\" content=\"https:\/\/facebook.com\/latamreports\" \/>\n<meta property=\"article:published_time\" content=\"2024-06-20T17:25:57+00:00\" \/>\n<meta property=\"article:modified_time\" content=\"2024-06-20T17:26:34+00:00\" \/>\n<meta property=\"og:image\" content=\"https:\/\/latamreports.com\/br\/wp-content\/uploads\/1718226534666a0e667266f_1718226534_3x2_md.jpg\" \/>\n\t<meta property=\"og:image:width\" content=\"768\" \/>\n\t<meta property=\"og:image:height\" content=\"512\" \/>\n\t<meta property=\"og:image:type\" content=\"image\/jpeg\" \/>\n<meta name=\"author\" content=\"LatAm Reports Redatores da Equipe\" \/>\n<meta name=\"twitter:card\" content=\"summary_large_image\" \/>\n<meta name=\"twitter:creator\" content=\"@latamreports\" \/>\n<meta name=\"twitter:site\" content=\"@latamreports\" \/>\n<meta name=\"twitter:label1\" content=\"Written by\" \/>\n\t<meta name=\"twitter:data1\" content=\"LatAm Reports Redatores da Equipe\" \/>\n\t<meta name=\"twitter:label2\" content=\"Est. reading time\" \/>\n\t<meta name=\"twitter:data2\" content=\"3 minutes\" \/>\n<script type=\"application\/ld+json\" class=\"yoast-schema-graph\">{\"@context\":\"https:\\\/\\\/schema.org\",\"@graph\":[{\"@type\":\"Article\",\"@id\":\"https:\\\/\\\/latamreports.com\\\/br\\\/milei-e-bukele-firmam-acordo-para-criacao-de-laboratorio-de-seguranca\\\/#article\",\"isPartOf\":{\"@id\":\"https:\\\/\\\/latamreports.com\\\/br\\\/milei-e-bukele-firmam-acordo-para-criacao-de-laboratorio-de-seguranca\\\/\"},\"author\":{\"name\":\"LatAm Reports Redatores da Equipe\",\"@id\":\"https:\\\/\\\/latamreports.com\\\/br\\\/#\\\/schema\\\/person\\\/a561f2de7e5ccabfab38d239b39fdb70\"},\"headline\":\"Milei e Bukele firmam acordo para cria\u00e7\u00e3o de \u201claborat\u00f3rio de seguran\u00e7a\u201d\",\"datePublished\":\"2024-06-20T17:25:57+00:00\",\"dateModified\":\"2024-06-20T17:26:34+00:00\",\"mainEntityOfPage\":{\"@id\":\"https:\\\/\\\/latamreports.com\\\/br\\\/milei-e-bukele-firmam-acordo-para-criacao-de-laboratorio-de-seguranca\\\/\"},\"wordCount\":591,\"publisher\":{\"@id\":\"https:\\\/\\\/latamreports.com\\\/br\\\/#organization\"},\"image\":{\"@id\":\"https:\\\/\\\/latamreports.com\\\/br\\\/milei-e-bukele-firmam-acordo-para-criacao-de-laboratorio-de-seguranca\\\/#primaryimage\"},\"thumbnailUrl\":\"https:\\\/\\\/latamreports.com\\\/br\\\/wp-content\\\/uploads\\\/1718226534666a0e667266f_1718226534_3x2_md.jpg\",\"keywords\":[\"Argentina\",\"El Salvador\",\"LATAM\"],\"articleSection\":[\"Pol\u00edtica\"],\"inLanguage\":\"en-US\"},{\"@type\":\"WebPage\",\"@id\":\"https:\\\/\\\/latamreports.com\\\/br\\\/milei-e-bukele-firmam-acordo-para-criacao-de-laboratorio-de-seguranca\\\/\",\"url\":\"https:\\\/\\\/latamreports.com\\\/br\\\/milei-e-bukele-firmam-acordo-para-criacao-de-laboratorio-de-seguranca\\\/\",\"name\":\"Milei e Bukele acordam para cria\u00e7\u00e3o de \u201claborat\u00f3rio de seguran\u00e7a\u201d\",\"isPartOf\":{\"@id\":\"https:\\\/\\\/latamreports.com\\\/br\\\/#website\"},\"primaryImageOfPage\":{\"@id\":\"https:\\\/\\\/latamreports.com\\\/br\\\/milei-e-bukele-firmam-acordo-para-criacao-de-laboratorio-de-seguranca\\\/#primaryimage\"},\"image\":{\"@id\":\"https:\\\/\\\/latamreports.com\\\/br\\\/milei-e-bukele-firmam-acordo-para-criacao-de-laboratorio-de-seguranca\\\/#primaryimage\"},\"thumbnailUrl\":\"https:\\\/\\\/latamreports.com\\\/br\\\/wp-content\\\/uploads\\\/1718226534666a0e667266f_1718226534_3x2_md.jpg\",\"datePublished\":\"2024-06-20T17:25:57+00:00\",\"dateModified\":\"2024-06-20T17:26:34+00:00\",\"description\":\"Argentina, sob a lideran\u00e7a de Javier Milei, tem demonstrado uma linha dura na pol\u00edtica de seguran\u00e7a p\u00fablica.\",\"breadcrumb\":{\"@id\":\"https:\\\/\\\/latamreports.com\\\/br\\\/milei-e-bukele-firmam-acordo-para-criacao-de-laboratorio-de-seguranca\\\/#breadcrumb\"},\"inLanguage\":\"en-US\",\"potentialAction\":[{\"@type\":\"ReadAction\",\"target\":[\"https:\\\/\\\/latamreports.com\\\/br\\\/milei-e-bukele-firmam-acordo-para-criacao-de-laboratorio-de-seguranca\\\/\"]}]},{\"@type\":\"ImageObject\",\"inLanguage\":\"en-US\",\"@id\":\"https:\\\/\\\/latamreports.com\\\/br\\\/milei-e-bukele-firmam-acordo-para-criacao-de-laboratorio-de-seguranca\\\/#primaryimage\",\"url\":\"https:\\\/\\\/latamreports.com\\\/br\\\/wp-content\\\/uploads\\\/1718226534666a0e667266f_1718226534_3x2_md.jpg\",\"contentUrl\":\"https:\\\/\\\/latamreports.com\\\/br\\\/wp-content\\\/uploads\\\/1718226534666a0e667266f_1718226534_3x2_md.jpg\",\"width\":768,\"height\":512,\"caption\":\"Milei e Bukele entram em acordo\"},{\"@type\":\"BreadcrumbList\",\"@id\":\"https:\\\/\\\/latamreports.com\\\/br\\\/milei-e-bukele-firmam-acordo-para-criacao-de-laboratorio-de-seguranca\\\/#breadcrumb\",\"itemListElement\":[{\"@type\":\"ListItem\",\"position\":1,\"name\":\"Home\",\"item\":\"https:\\\/\\\/latamreports.com\\\/br\\\/\"},{\"@type\":\"ListItem\",\"position\":2,\"name\":\"Milei e Bukele firmam acordo para cria\u00e7\u00e3o de \u201claborat\u00f3rio de seguran\u00e7a\u201d\"}]},{\"@type\":\"WebSite\",\"@id\":\"https:\\\/\\\/latamreports.com\\\/br\\\/#website\",\"url\":\"https:\\\/\\\/latamreports.com\\\/br\\\/\",\"name\":\"LatAm Reports\",\"description\":\"Not\u00edcias e opini\u00f5es de todas as Am\u00e9ricas\",\"publisher\":{\"@id\":\"https:\\\/\\\/latamreports.com\\\/br\\\/#organization\"},\"potentialAction\":[{\"@type\":\"SearchAction\",\"target\":{\"@type\":\"EntryPoint\",\"urlTemplate\":\"https:\\\/\\\/latamreports.com\\\/br\\\/?s={search_term_string}\"},\"query-input\":{\"@type\":\"PropertyValueSpecification\",\"valueRequired\":true,\"valueName\":\"search_term_string\"}}],\"inLanguage\":\"en-US\"},{\"@type\":\"Organization\",\"@id\":\"https:\\\/\\\/latamreports.com\\\/br\\\/#organization\",\"name\":\"LatAm Reports\",\"url\":\"https:\\\/\\\/latamreports.com\\\/br\\\/\",\"logo\":{\"@type\":\"ImageObject\",\"inLanguage\":\"en-US\",\"@id\":\"https:\\\/\\\/latamreports.com\\\/br\\\/#\\\/schema\\\/logo\\\/image\\\/\",\"url\":\"https:\\\/\\\/latamreports.com\\\/br\\\/wp-content\\\/uploads\\\/cropped-PNG2.png\",\"contentUrl\":\"https:\\\/\\\/latamreports.com\\\/br\\\/wp-content\\\/uploads\\\/cropped-PNG2.png\",\"width\":2522,\"height\":1014,\"caption\":\"LatAm Reports\"},\"image\":{\"@id\":\"https:\\\/\\\/latamreports.com\\\/br\\\/#\\\/schema\\\/logo\\\/image\\\/\"},\"sameAs\":[\"https:\\\/\\\/facebook.com\\\/latamreports\",\"https:\\\/\\\/x.com\\\/latamreports\"]},{\"@type\":\"Person\",\"@id\":\"https:\\\/\\\/latamreports.com\\\/br\\\/#\\\/schema\\\/person\\\/a561f2de7e5ccabfab38d239b39fdb70\",\"name\":\"LatAm Reports Redatores da Equipe\",\"image\":{\"@type\":\"ImageObject\",\"inLanguage\":\"en-US\",\"@id\":\"https:\\\/\\\/secure.gravatar.com\\\/avatar\\\/dcdcc93cc5edddd2f3ef77245866172c7d7241a11ad58e1959aa824f2fae81f6?s=96&d=mm&r=g\",\"url\":\"https:\\\/\\\/secure.gravatar.com\\\/avatar\\\/dcdcc93cc5edddd2f3ef77245866172c7d7241a11ad58e1959aa824f2fae81f6?s=96&d=mm&r=g\",\"contentUrl\":\"https:\\\/\\\/secure.gravatar.com\\\/avatar\\\/dcdcc93cc5edddd2f3ef77245866172c7d7241a11ad58e1959aa824f2fae81f6?s=96&d=mm&r=g\",\"caption\":\"LatAm Reports Redatores da Equipe\"}}]}<\/script>\n<!-- \/ Yoast SEO plugin. -->","yoast_head_json":{"title":"Milei e Bukele acordam para cria\u00e7\u00e3o de \u201claborat\u00f3rio de seguran\u00e7a\u201d","description":"Argentina, sob a lideran\u00e7a de Javier Milei, tem demonstrado uma linha dura na pol\u00edtica de seguran\u00e7a p\u00fablica.","robots":{"index":"index","follow":"follow","max-snippet":"max-snippet:-1","max-image-preview":"max-image-preview:large","max-video-preview":"max-video-preview:-1"},"canonical":"https:\/\/latamreports.com\/br\/milei-e-bukele-firmam-acordo-para-criacao-de-laboratorio-de-seguranca\/","og_locale":"en_US","og_type":"article","og_title":"Milei e Bukele acordam para cria\u00e7\u00e3o de \u201claborat\u00f3rio de seguran\u00e7a\u201d","og_description":"Argentina, sob a lideran\u00e7a de Javier Milei, tem demonstrado uma linha dura na pol\u00edtica de seguran\u00e7a p\u00fablica.","og_url":"https:\/\/latamreports.com\/br\/milei-e-bukele-firmam-acordo-para-criacao-de-laboratorio-de-seguranca\/","og_site_name":"LatAm Reports","article_publisher":"https:\/\/facebook.com\/latamreports","article_published_time":"2024-06-20T17:25:57+00:00","article_modified_time":"2024-06-20T17:26:34+00:00","og_image":[{"width":768,"height":512,"url":"https:\/\/latamreports.com\/br\/wp-content\/uploads\/1718226534666a0e667266f_1718226534_3x2_md.jpg","type":"image\/jpeg"}],"author":"LatAm Reports Redatores da Equipe","twitter_card":"summary_large_image","twitter_creator":"@latamreports","twitter_site":"@latamreports","twitter_misc":{"Written by":"LatAm Reports Redatores da Equipe","Est. reading time":"3 minutes"},"schema":{"@context":"https:\/\/schema.org","@graph":[{"@type":"Article","@id":"https:\/\/latamreports.com\/br\/milei-e-bukele-firmam-acordo-para-criacao-de-laboratorio-de-seguranca\/#article","isPartOf":{"@id":"https:\/\/latamreports.com\/br\/milei-e-bukele-firmam-acordo-para-criacao-de-laboratorio-de-seguranca\/"},"author":{"name":"LatAm Reports Redatores da Equipe","@id":"https:\/\/latamreports.com\/br\/#\/schema\/person\/a561f2de7e5ccabfab38d239b39fdb70"},"headline":"Milei e Bukele firmam acordo para cria\u00e7\u00e3o de \u201claborat\u00f3rio de seguran\u00e7a\u201d","datePublished":"2024-06-20T17:25:57+00:00","dateModified":"2024-06-20T17:26:34+00:00","mainEntityOfPage":{"@id":"https:\/\/latamreports.com\/br\/milei-e-bukele-firmam-acordo-para-criacao-de-laboratorio-de-seguranca\/"},"wordCount":591,"publisher":{"@id":"https:\/\/latamreports.com\/br\/#organization"},"image":{"@id":"https:\/\/latamreports.com\/br\/milei-e-bukele-firmam-acordo-para-criacao-de-laboratorio-de-seguranca\/#primaryimage"},"thumbnailUrl":"https:\/\/latamreports.com\/br\/wp-content\/uploads\/1718226534666a0e667266f_1718226534_3x2_md.jpg","keywords":["Argentina","El Salvador","LATAM"],"articleSection":["Pol\u00edtica"],"inLanguage":"en-US"},{"@type":"WebPage","@id":"https:\/\/latamreports.com\/br\/milei-e-bukele-firmam-acordo-para-criacao-de-laboratorio-de-seguranca\/","url":"https:\/\/latamreports.com\/br\/milei-e-bukele-firmam-acordo-para-criacao-de-laboratorio-de-seguranca\/","name":"Milei e Bukele acordam para cria\u00e7\u00e3o de \u201claborat\u00f3rio de seguran\u00e7a\u201d","isPartOf":{"@id":"https:\/\/latamreports.com\/br\/#website"},"primaryImageOfPage":{"@id":"https:\/\/latamreports.com\/br\/milei-e-bukele-firmam-acordo-para-criacao-de-laboratorio-de-seguranca\/#primaryimage"},"image":{"@id":"https:\/\/latamreports.com\/br\/milei-e-bukele-firmam-acordo-para-criacao-de-laboratorio-de-seguranca\/#primaryimage"},"thumbnailUrl":"https:\/\/latamreports.com\/br\/wp-content\/uploads\/1718226534666a0e667266f_1718226534_3x2_md.jpg","datePublished":"2024-06-20T17:25:57+00:00","dateModified":"2024-06-20T17:26:34+00:00","description":"Argentina, sob a lideran\u00e7a de Javier Milei, tem demonstrado uma linha dura na pol\u00edtica de seguran\u00e7a p\u00fablica.","breadcrumb":{"@id":"https:\/\/latamreports.com\/br\/milei-e-bukele-firmam-acordo-para-criacao-de-laboratorio-de-seguranca\/#breadcrumb"},"inLanguage":"en-US","potentialAction":[{"@type":"ReadAction","target":["https:\/\/latamreports.com\/br\/milei-e-bukele-firmam-acordo-para-criacao-de-laboratorio-de-seguranca\/"]}]},{"@type":"ImageObject","inLanguage":"en-US","@id":"https:\/\/latamreports.com\/br\/milei-e-bukele-firmam-acordo-para-criacao-de-laboratorio-de-seguranca\/#primaryimage","url":"https:\/\/latamreports.com\/br\/wp-content\/uploads\/1718226534666a0e667266f_1718226534_3x2_md.jpg","contentUrl":"https:\/\/latamreports.com\/br\/wp-content\/uploads\/1718226534666a0e667266f_1718226534_3x2_md.jpg","width":768,"height":512,"caption":"Milei e Bukele entram em acordo"},{"@type":"BreadcrumbList","@id":"https:\/\/latamreports.com\/br\/milei-e-bukele-firmam-acordo-para-criacao-de-laboratorio-de-seguranca\/#breadcrumb","itemListElement":[{"@type":"ListItem","position":1,"name":"Home","item":"https:\/\/latamreports.com\/br\/"},{"@type":"ListItem","position":2,"name":"Milei e Bukele firmam acordo para cria\u00e7\u00e3o de \u201claborat\u00f3rio de seguran\u00e7a\u201d"}]},{"@type":"WebSite","@id":"https:\/\/latamreports.com\/br\/#website","url":"https:\/\/latamreports.com\/br\/","name":"LatAm Reports","description":"Not\u00edcias e opini\u00f5es de todas as Am\u00e9ricas","publisher":{"@id":"https:\/\/latamreports.com\/br\/#organization"},"potentialAction":[{"@type":"SearchAction","target":{"@type":"EntryPoint","urlTemplate":"https:\/\/latamreports.com\/br\/?s={search_term_string}"},"query-input":{"@type":"PropertyValueSpecification","valueRequired":true,"valueName":"search_term_string"}}],"inLanguage":"en-US"},{"@type":"Organization","@id":"https:\/\/latamreports.com\/br\/#organization","name":"LatAm Reports","url":"https:\/\/latamreports.com\/br\/","logo":{"@type":"ImageObject","inLanguage":"en-US","@id":"https:\/\/latamreports.com\/br\/#\/schema\/logo\/image\/","url":"https:\/\/latamreports.com\/br\/wp-content\/uploads\/cropped-PNG2.png","contentUrl":"https:\/\/latamreports.com\/br\/wp-content\/uploads\/cropped-PNG2.png","width":2522,"height":1014,"caption":"LatAm Reports"},"image":{"@id":"https:\/\/latamreports.com\/br\/#\/schema\/logo\/image\/"},"sameAs":["https:\/\/facebook.com\/latamreports","https:\/\/x.com\/latamreports"]},{"@type":"Person","@id":"https:\/\/latamreports.com\/br\/#\/schema\/person\/a561f2de7e5ccabfab38d239b39fdb70","name":"LatAm Reports Redatores da Equipe","image":{"@type":"ImageObject","inLanguage":"en-US","@id":"https:\/\/secure.gravatar.com\/avatar\/dcdcc93cc5edddd2f3ef77245866172c7d7241a11ad58e1959aa824f2fae81f6?s=96&d=mm&r=g","url":"https:\/\/secure.gravatar.com\/avatar\/dcdcc93cc5edddd2f3ef77245866172c7d7241a11ad58e1959aa824f2fae81f6?s=96&d=mm&r=g","contentUrl":"https:\/\/secure.gravatar.com\/avatar\/dcdcc93cc5edddd2f3ef77245866172c7d7241a11ad58e1959aa824f2fae81f6?s=96&d=mm&r=g","caption":"LatAm Reports Redatores da Equipe"}}]}},"jetpack_publicize_connections":[],"_links":{"self":[{"href":"https:\/\/latamreports.com\/br\/wp-json\/wp\/v2\/posts\/6045","targetHints":{"allow":["GET"]}}],"collection":[{"href":"https:\/\/latamreports.com\/br\/wp-json\/wp\/v2\/posts"}],"about":[{"href":"https:\/\/latamreports.com\/br\/wp-json\/wp\/v2\/types\/post"}],"author":[{"embeddable":true,"href":"https:\/\/latamreports.com\/br\/wp-json\/wp\/v2\/users\/7"}],"replies":[{"embeddable":true,"href":"https:\/\/latamreports.com\/br\/wp-json\/wp\/v2\/comments?post=6045"}],"version-history":[{"count":2,"href":"https:\/\/latamreports.com\/br\/wp-json\/wp\/v2\/posts\/6045\/revisions"}],"predecessor-version":[{"id":6048,"href":"https:\/\/latamreports.com\/br\/wp-json\/wp\/v2\/posts\/6045\/revisions\/6048"}],"wp:featuredmedia":[{"embeddable":true,"href":"https:\/\/latamreports.com\/br\/wp-json\/wp\/v2\/media\/6047"}],"wp:attachment":[{"href":"https:\/\/latamreports.com\/br\/wp-json\/wp\/v2\/media?parent=6045"}],"wp:term":[{"taxonomy":"category","embeddable":true,"href":"https:\/\/latamreports.com\/br\/wp-json\/wp\/v2\/categories?post=6045"},{"taxonomy":"post_tag","embeddable":true,"href":"https:\/\/latamreports.com\/br\/wp-json\/wp\/v2\/tags?post=6045"}],"curies":[{"name":"wp","href":"https:\/\/api.w.org\/{rel}","templated":true}]}}