{"id":5938,"date":"2024-06-17T17:51:58","date_gmt":"2024-06-17T17:51:58","guid":{"rendered":"https:\/\/latamreports.com\/br\/?p=5938"},"modified":"2024-06-17T17:53:09","modified_gmt":"2024-06-17T17:53:09","slug":"semana-no-rio-grande-do-sul-deve-ser-marcada-por-fortes-chuvas-e-instabilidades","status":"publish","type":"post","link":"https:\/\/latamreports.com\/br\/semana-no-rio-grande-do-sul-deve-ser-marcada-por-fortes-chuvas-e-instabilidades\/","title":{"rendered":"Semana no Rio Grande do Sul deve ser marcada por fortes chuvas e instabilidades"},"content":{"rendered":"\n<p>A semana no Rio Grande do Sul promete ser de clima extremamente inst\u00e1vel, segundo <a href=\"https:\/\/www.climatempo.com.br\/\">previs\u00e3o da Climatempo<\/a>. O estado ser\u00e1 impactado pela forma\u00e7\u00e3o e deslocamento de duas frentes frias, combinadas com a circula\u00e7\u00e3o de ventos em v\u00e1rias camadas da atmosfera, resultando em intensas instabilidades at\u00e9 quarta-feira (19).<\/p>\n\n\n\n<blockquote class=\"wp-block-quote is-layout-flow wp-block-quote-is-layout-flow\">\n<p>Conforme o meteorologista Anderson Ruhoff, da UFRGS, \u201cas condi\u00e7\u00f5es para os pr\u00f3ximos dias s\u00e3o muito dif\u00edceis, porque o volume previsto \u00e9 bastante grande\u201d.<\/p>\n<\/blockquote>\n\n\n\n<p> Desde s\u00e1bado, 15, as chuvas j\u00e1 est\u00e3o presentes e h\u00e1 previs\u00e3o de precipita\u00e7\u00f5es significativas at\u00e9 quarta-feira em grande parte do sul do pa\u00eds. No centro-norte e noroeste do Rio Grande do Sul, os acumulados de chuva podem variar entre 200 mm e 300 mm. Regi\u00f5es como a Metropolitana de Porto Alegre, Vales do Sinos, Jacu\u00ed e Ca\u00ed, al\u00e9m de trechos de serra e planalto, est\u00e3o inclu\u00eddas nesta previs\u00e3o. Nas demais \u00e1reas, os acumulados esperados est\u00e3o entre 80 mm e 150 mm.<\/p>\n\n\n\n<p>Ruhoff destacou que a presen\u00e7a de uma frente fria estacionada sobre o estado, juntamente com um bloqueio atmosf\u00e9rico, impedir\u00e1 o avan\u00e7o das chuvas, concentrando-as sobre o<a href=\"https:\/\/latamreports.com\/br\/ator-e-influenciadora-sao-presos-no-ceara-por-desvio-de-doacoes-destinadas-ao-rio-grande-do-sul\/\"> Rio Grande do Sul<\/a>. <\/p>\n\n\n\n<blockquote class=\"wp-block-quote is-layout-flow wp-block-quote-is-layout-flow\">\n<p>\u201cEstima-se que as rajadas de vento variem entre 60 e 80 km\/h na maioria das regi\u00f5es, podendo alcan\u00e7ar 90 km\/h nas \u00e1reas serranas durante os dias 16 e 17\u201d, explica o meteorologista.<\/p>\n<\/blockquote>\n\n\n\n<p>Embora a repeti\u00e7\u00e3o de eventos extremos, como os registrados na enchente de maio, com acumulados superiores a mil mil\u00edmetros em v\u00e1rias \u00e1reas, seja improv\u00e1vel, os volumes de chuva previstos para os pr\u00f3ximos dias ainda s\u00e3o consider\u00e1veis. <\/p>\n\n\n\n<p>A Defesa Civil do Rio Grande do Sul confirmou 176 \u00f3bitos em decorr\u00eancia das enchentes que atingiram o estado em maio. A chuva forte come\u00e7ou em 27 de abril em Santa Cruz do Sul e se estendeu por mais de 470 cidades, sobrecarregando as bacias dos rios Taquari, Ca\u00ed, Pardo, Jacu\u00ed, Sinos e Gravata\u00ed, que transbordaram.<\/p>\n\n\n\n<h2 class=\"wp-block-heading\">Pr\u00f3ximos dias<\/h2>\n\n\n\n<p>A previs\u00e3o para a semana, segundo a Climatempo, \u00e9 de tempo inst\u00e1vel e chuvoso. Nesta segunda-feira, 17, o tempo ficar\u00e1 bastante nublado e chuvoso nas regi\u00f5es das Miss\u00f5es, noroeste e norte do estado, onde s\u00e3o esperados temporais e elevados volumes de \u00e1gua. Na regi\u00e3o central, sul, <a href=\"https:\/\/latamreports.com\/br\/enchentes-no-rio-grande-do-sul-reconstrucao-impactos-humanos-e-desafios-economicos\/\">Regi\u00e3o Metropolitana de Porto Alegre<\/a>, serras, vales e litoral, a chuva ocorrer\u00e1 a qualquer momento, podendo ser de forte intensidade em alguns per\u00edodos. No oeste e na campanha, a chuva enfraquecer\u00e1, transformando-se em garoa ao longo do dia.<\/p>\n\n\n\n<p>Na ter\u00e7a-feira, 18, a chuva poder\u00e1 ocorrer a qualquer hora nas Miss\u00f5es, centro, noroeste, norte, Regi\u00e3o Metropolitana, vales, serra, nordeste e litoral, podendo ser intensa. No sul e na campanha, a chuva \u00e9 prevista para a manh\u00e3, com tend\u00eancia de enfraquecer no decorrer do dia. Na fronteira oeste, o tempo ficar\u00e1 firme, apenas com nebulosidade.<\/p>\n\n\n\n<p>Na quarta-feira, 19, as instabilidades persistir\u00e3o em todo o estado. O dia ser\u00e1 de c\u00e9u encoberto, com chance de chuva a qualquer momento, de maneira forte e volumosa. Temporais s\u00e3o esperados, acompanhados de fortes rajadas de vento.<\/p>\n\n\n\n<p>Na quinta-feira, 20, em boa parte do Rio Grande do Sul, n\u00e3o dever\u00e1 chover, mas a varia\u00e7\u00e3o de nebulosidade persistir\u00e1 no centro-sul, com per\u00edodos de c\u00e9u nublado, especialmente em cidades como Pelotas, Bag\u00e9 e Santa Maria. J\u00e1 na regi\u00e3o dos vales, serra, Porto Alegre e litoral norte, muitas nuvens estar\u00e3o presentes desde o in\u00edcio do dia, com possibilidade de chuva a qualquer momento.<\/p>\n\n\n\n<p>As condi\u00e7\u00f5es meteorol\u00f3gicas previstas para esta semana indicam um per\u00edodo de grande instabilidade no Rio Grande do Sul, exigindo aten\u00e7\u00e3o redobrada da popula\u00e7\u00e3o e das autoridades para minimizar os impactos das chuvas intensas e das fortes rajadas de vento previstas.<\/p>\n","protected":false},"excerpt":{"rendered":"<p>A semana no Rio Grande do Sul promete ser de clima extremamente inst\u00e1vel, segundo previs\u00e3o da Climatempo. O estado ser\u00e1 impactado pela forma\u00e7\u00e3o e deslocamento &#8230; <a title=\"Semana no Rio Grande do Sul deve ser marcada por fortes chuvas e instabilidades\" class=\"read-more\" href=\"https:\/\/latamreports.com\/br\/semana-no-rio-grande-do-sul-deve-ser-marcada-por-fortes-chuvas-e-instabilidades\/\" aria-label=\"Read more about Semana no Rio Grande do Sul deve ser marcada por fortes chuvas e instabilidades\">Read more<\/a><\/p>\n","protected":false},"author":7,"featured_media":5939,"comment_status":"closed","ping_status":"closed","sticky":false,"template":"","format":"standard","meta":{"footnotes":"","jetpack_publicize_message":"","jetpack_publicize_feature_enabled":true,"jetpack_social_post_already_shared":false,"jetpack_social_options":{"image_generator_settings":{"template":"highway","default_image_id":0,"font":"","enabled":false},"version":2}},"categories":[2,24],"tags":[31],"class_list":["post-5938","post","type-post","status-publish","format-standard","has-post-thumbnail","hentry","category-negocios","category-opiniao","tag-brasil","resize-featured-image"],"yoast_head":"<!-- This site is optimized with the Yoast SEO plugin v27.4 - https:\/\/yoast.com\/product\/yoast-seo-wordpress\/ -->\n<title>Semana no Rio Grande do Sul deve ser marcada por fortes chuvas<\/title>\n<meta name=\"description\" content=\"A semana no Rio Grande do Sul promete ser de clima extremamente inst\u00e1vel, segundo previs\u00e3o da Climatempo. O estado ser\u00e1 impactado...\" \/>\n<meta name=\"robots\" content=\"index, follow, max-snippet:-1, max-image-preview:large, max-video-preview:-1\" \/>\n<link rel=\"canonical\" href=\"https:\/\/latamreports.com\/br\/semana-no-rio-grande-do-sul-deve-ser-marcada-por-fortes-chuvas-e-instabilidades\/\" \/>\n<meta property=\"og:locale\" content=\"en_US\" \/>\n<meta property=\"og:type\" content=\"article\" \/>\n<meta property=\"og:title\" content=\"Semana no Rio Grande do Sul deve ser marcada por fortes chuvas\" \/>\n<meta property=\"og:description\" content=\"A semana no Rio Grande do Sul promete ser de clima extremamente inst\u00e1vel, segundo previs\u00e3o da Climatempo. O estado ser\u00e1 impactado...\" \/>\n<meta property=\"og:url\" content=\"https:\/\/latamreports.com\/br\/semana-no-rio-grande-do-sul-deve-ser-marcada-por-fortes-chuvas-e-instabilidades\/\" \/>\n<meta property=\"og:site_name\" content=\"LatAm Reports\" \/>\n<meta property=\"article:publisher\" content=\"https:\/\/facebook.com\/latamreports\" \/>\n<meta property=\"article:published_time\" content=\"2024-06-17T17:51:58+00:00\" \/>\n<meta property=\"article:modified_time\" content=\"2024-06-17T17:53:09+00:00\" \/>\n<meta name=\"author\" content=\"LatAm Reports Redatores da Equipe\" \/>\n<meta name=\"twitter:card\" content=\"summary_large_image\" \/>\n<meta name=\"twitter:creator\" content=\"@latamreports\" \/>\n<meta name=\"twitter:site\" content=\"@latamreports\" \/>\n<meta name=\"twitter:label1\" content=\"Written by\" \/>\n\t<meta name=\"twitter:data1\" content=\"LatAm Reports Redatores da Equipe\" \/>\n\t<meta name=\"twitter:label2\" content=\"Est. reading time\" \/>\n\t<meta name=\"twitter:data2\" content=\"3 minutes\" \/>\n<script type=\"application\/ld+json\" class=\"yoast-schema-graph\">{\"@context\":\"https:\\\/\\\/schema.org\",\"@graph\":[{\"@type\":\"Article\",\"@id\":\"https:\\\/\\\/latamreports.com\\\/br\\\/semana-no-rio-grande-do-sul-deve-ser-marcada-por-fortes-chuvas-e-instabilidades\\\/#article\",\"isPartOf\":{\"@id\":\"https:\\\/\\\/latamreports.com\\\/br\\\/semana-no-rio-grande-do-sul-deve-ser-marcada-por-fortes-chuvas-e-instabilidades\\\/\"},\"author\":{\"name\":\"LatAm Reports Redatores da Equipe\",\"@id\":\"https:\\\/\\\/latamreports.com\\\/br\\\/#\\\/schema\\\/person\\\/a561f2de7e5ccabfab38d239b39fdb70\"},\"headline\":\"Semana no Rio Grande do Sul deve ser marcada por fortes chuvas e instabilidades\",\"datePublished\":\"2024-06-17T17:51:58+00:00\",\"dateModified\":\"2024-06-17T17:53:09+00:00\",\"mainEntityOfPage\":{\"@id\":\"https:\\\/\\\/latamreports.com\\\/br\\\/semana-no-rio-grande-do-sul-deve-ser-marcada-por-fortes-chuvas-e-instabilidades\\\/\"},\"wordCount\":643,\"publisher\":{\"@id\":\"https:\\\/\\\/latamreports.com\\\/br\\\/#organization\"},\"image\":{\"@id\":\"https:\\\/\\\/latamreports.com\\\/br\\\/semana-no-rio-grande-do-sul-deve-ser-marcada-por-fortes-chuvas-e-instabilidades\\\/#primaryimage\"},\"thumbnailUrl\":\"https:\\\/\\\/latamreports.com\\\/br\\\/wp-content\\\/uploads\\\/4984157-0f7f2c3568c8a32.avif\",\"keywords\":[\"Brasil\"],\"articleSection\":[\"Neg\u00f3cios\",\"Opini\u00e3o\"],\"inLanguage\":\"en-US\"},{\"@type\":\"WebPage\",\"@id\":\"https:\\\/\\\/latamreports.com\\\/br\\\/semana-no-rio-grande-do-sul-deve-ser-marcada-por-fortes-chuvas-e-instabilidades\\\/\",\"url\":\"https:\\\/\\\/latamreports.com\\\/br\\\/semana-no-rio-grande-do-sul-deve-ser-marcada-por-fortes-chuvas-e-instabilidades\\\/\",\"name\":\"Semana no Rio Grande do Sul deve ser marcada por fortes chuvas\",\"isPartOf\":{\"@id\":\"https:\\\/\\\/latamreports.com\\\/br\\\/#website\"},\"primaryImageOfPage\":{\"@id\":\"https:\\\/\\\/latamreports.com\\\/br\\\/semana-no-rio-grande-do-sul-deve-ser-marcada-por-fortes-chuvas-e-instabilidades\\\/#primaryimage\"},\"image\":{\"@id\":\"https:\\\/\\\/latamreports.com\\\/br\\\/semana-no-rio-grande-do-sul-deve-ser-marcada-por-fortes-chuvas-e-instabilidades\\\/#primaryimage\"},\"thumbnailUrl\":\"https:\\\/\\\/latamreports.com\\\/br\\\/wp-content\\\/uploads\\\/4984157-0f7f2c3568c8a32.avif\",\"datePublished\":\"2024-06-17T17:51:58+00:00\",\"dateModified\":\"2024-06-17T17:53:09+00:00\",\"description\":\"A semana no Rio Grande do Sul promete ser de clima extremamente inst\u00e1vel, segundo previs\u00e3o da Climatempo. O estado ser\u00e1 impactado...\",\"breadcrumb\":{\"@id\":\"https:\\\/\\\/latamreports.com\\\/br\\\/semana-no-rio-grande-do-sul-deve-ser-marcada-por-fortes-chuvas-e-instabilidades\\\/#breadcrumb\"},\"inLanguage\":\"en-US\",\"potentialAction\":[{\"@type\":\"ReadAction\",\"target\":[\"https:\\\/\\\/latamreports.com\\\/br\\\/semana-no-rio-grande-do-sul-deve-ser-marcada-por-fortes-chuvas-e-instabilidades\\\/\"]}]},{\"@type\":\"ImageObject\",\"inLanguage\":\"en-US\",\"@id\":\"https:\\\/\\\/latamreports.com\\\/br\\\/semana-no-rio-grande-do-sul-deve-ser-marcada-por-fortes-chuvas-e-instabilidades\\\/#primaryimage\",\"url\":\"https:\\\/\\\/latamreports.com\\\/br\\\/wp-content\\\/uploads\\\/4984157-0f7f2c3568c8a32.avif\",\"contentUrl\":\"https:\\\/\\\/latamreports.com\\\/br\\\/wp-content\\\/uploads\\\/4984157-0f7f2c3568c8a32.avif\",\"width\":984,\"height\":655,\"caption\":\"Chuva e frente fria no RS\"},{\"@type\":\"BreadcrumbList\",\"@id\":\"https:\\\/\\\/latamreports.com\\\/br\\\/semana-no-rio-grande-do-sul-deve-ser-marcada-por-fortes-chuvas-e-instabilidades\\\/#breadcrumb\",\"itemListElement\":[{\"@type\":\"ListItem\",\"position\":1,\"name\":\"Home\",\"item\":\"https:\\\/\\\/latamreports.com\\\/br\\\/\"},{\"@type\":\"ListItem\",\"position\":2,\"name\":\"Semana no Rio Grande do Sul deve ser marcada por fortes chuvas e instabilidades\"}]},{\"@type\":\"WebSite\",\"@id\":\"https:\\\/\\\/latamreports.com\\\/br\\\/#website\",\"url\":\"https:\\\/\\\/latamreports.com\\\/br\\\/\",\"name\":\"LatAm Reports\",\"description\":\"Not\u00edcias e opini\u00f5es de todas as Am\u00e9ricas\",\"publisher\":{\"@id\":\"https:\\\/\\\/latamreports.com\\\/br\\\/#organization\"},\"potentialAction\":[{\"@type\":\"SearchAction\",\"target\":{\"@type\":\"EntryPoint\",\"urlTemplate\":\"https:\\\/\\\/latamreports.com\\\/br\\\/?s={search_term_string}\"},\"query-input\":{\"@type\":\"PropertyValueSpecification\",\"valueRequired\":true,\"valueName\":\"search_term_string\"}}],\"inLanguage\":\"en-US\"},{\"@type\":\"Organization\",\"@id\":\"https:\\\/\\\/latamreports.com\\\/br\\\/#organization\",\"name\":\"LatAm Reports\",\"url\":\"https:\\\/\\\/latamreports.com\\\/br\\\/\",\"logo\":{\"@type\":\"ImageObject\",\"inLanguage\":\"en-US\",\"@id\":\"https:\\\/\\\/latamreports.com\\\/br\\\/#\\\/schema\\\/logo\\\/image\\\/\",\"url\":\"https:\\\/\\\/latamreports.com\\\/br\\\/wp-content\\\/uploads\\\/cropped-PNG2.png\",\"contentUrl\":\"https:\\\/\\\/latamreports.com\\\/br\\\/wp-content\\\/uploads\\\/cropped-PNG2.png\",\"width\":2522,\"height\":1014,\"caption\":\"LatAm Reports\"},\"image\":{\"@id\":\"https:\\\/\\\/latamreports.com\\\/br\\\/#\\\/schema\\\/logo\\\/image\\\/\"},\"sameAs\":[\"https:\\\/\\\/facebook.com\\\/latamreports\",\"https:\\\/\\\/x.com\\\/latamreports\"]},{\"@type\":\"Person\",\"@id\":\"https:\\\/\\\/latamreports.com\\\/br\\\/#\\\/schema\\\/person\\\/a561f2de7e5ccabfab38d239b39fdb70\",\"name\":\"LatAm Reports Redatores da Equipe\",\"image\":{\"@type\":\"ImageObject\",\"inLanguage\":\"en-US\",\"@id\":\"https:\\\/\\\/secure.gravatar.com\\\/avatar\\\/dcdcc93cc5edddd2f3ef77245866172c7d7241a11ad58e1959aa824f2fae81f6?s=96&d=mm&r=g\",\"url\":\"https:\\\/\\\/secure.gravatar.com\\\/avatar\\\/dcdcc93cc5edddd2f3ef77245866172c7d7241a11ad58e1959aa824f2fae81f6?s=96&d=mm&r=g\",\"contentUrl\":\"https:\\\/\\\/secure.gravatar.com\\\/avatar\\\/dcdcc93cc5edddd2f3ef77245866172c7d7241a11ad58e1959aa824f2fae81f6?s=96&d=mm&r=g\",\"caption\":\"LatAm Reports Redatores da Equipe\"}}]}<\/script>\n<!-- \/ Yoast SEO plugin. -->","yoast_head_json":{"title":"Semana no Rio Grande do Sul deve ser marcada por fortes chuvas","description":"A semana no Rio Grande do Sul promete ser de clima extremamente inst\u00e1vel, segundo previs\u00e3o da Climatempo. O estado ser\u00e1 impactado...","robots":{"index":"index","follow":"follow","max-snippet":"max-snippet:-1","max-image-preview":"max-image-preview:large","max-video-preview":"max-video-preview:-1"},"canonical":"https:\/\/latamreports.com\/br\/semana-no-rio-grande-do-sul-deve-ser-marcada-por-fortes-chuvas-e-instabilidades\/","og_locale":"en_US","og_type":"article","og_title":"Semana no Rio Grande do Sul deve ser marcada por fortes chuvas","og_description":"A semana no Rio Grande do Sul promete ser de clima extremamente inst\u00e1vel, segundo previs\u00e3o da Climatempo. O estado ser\u00e1 impactado...","og_url":"https:\/\/latamreports.com\/br\/semana-no-rio-grande-do-sul-deve-ser-marcada-por-fortes-chuvas-e-instabilidades\/","og_site_name":"LatAm Reports","article_publisher":"https:\/\/facebook.com\/latamreports","article_published_time":"2024-06-17T17:51:58+00:00","article_modified_time":"2024-06-17T17:53:09+00:00","author":"LatAm Reports Redatores da Equipe","twitter_card":"summary_large_image","twitter_creator":"@latamreports","twitter_site":"@latamreports","twitter_misc":{"Written by":"LatAm Reports Redatores da Equipe","Est. reading time":"3 minutes"},"schema":{"@context":"https:\/\/schema.org","@graph":[{"@type":"Article","@id":"https:\/\/latamreports.com\/br\/semana-no-rio-grande-do-sul-deve-ser-marcada-por-fortes-chuvas-e-instabilidades\/#article","isPartOf":{"@id":"https:\/\/latamreports.com\/br\/semana-no-rio-grande-do-sul-deve-ser-marcada-por-fortes-chuvas-e-instabilidades\/"},"author":{"name":"LatAm Reports Redatores da Equipe","@id":"https:\/\/latamreports.com\/br\/#\/schema\/person\/a561f2de7e5ccabfab38d239b39fdb70"},"headline":"Semana no Rio Grande do Sul deve ser marcada por fortes chuvas e instabilidades","datePublished":"2024-06-17T17:51:58+00:00","dateModified":"2024-06-17T17:53:09+00:00","mainEntityOfPage":{"@id":"https:\/\/latamreports.com\/br\/semana-no-rio-grande-do-sul-deve-ser-marcada-por-fortes-chuvas-e-instabilidades\/"},"wordCount":643,"publisher":{"@id":"https:\/\/latamreports.com\/br\/#organization"},"image":{"@id":"https:\/\/latamreports.com\/br\/semana-no-rio-grande-do-sul-deve-ser-marcada-por-fortes-chuvas-e-instabilidades\/#primaryimage"},"thumbnailUrl":"https:\/\/latamreports.com\/br\/wp-content\/uploads\/4984157-0f7f2c3568c8a32.avif","keywords":["Brasil"],"articleSection":["Neg\u00f3cios","Opini\u00e3o"],"inLanguage":"en-US"},{"@type":"WebPage","@id":"https:\/\/latamreports.com\/br\/semana-no-rio-grande-do-sul-deve-ser-marcada-por-fortes-chuvas-e-instabilidades\/","url":"https:\/\/latamreports.com\/br\/semana-no-rio-grande-do-sul-deve-ser-marcada-por-fortes-chuvas-e-instabilidades\/","name":"Semana no Rio Grande do Sul deve ser marcada por fortes chuvas","isPartOf":{"@id":"https:\/\/latamreports.com\/br\/#website"},"primaryImageOfPage":{"@id":"https:\/\/latamreports.com\/br\/semana-no-rio-grande-do-sul-deve-ser-marcada-por-fortes-chuvas-e-instabilidades\/#primaryimage"},"image":{"@id":"https:\/\/latamreports.com\/br\/semana-no-rio-grande-do-sul-deve-ser-marcada-por-fortes-chuvas-e-instabilidades\/#primaryimage"},"thumbnailUrl":"https:\/\/latamreports.com\/br\/wp-content\/uploads\/4984157-0f7f2c3568c8a32.avif","datePublished":"2024-06-17T17:51:58+00:00","dateModified":"2024-06-17T17:53:09+00:00","description":"A semana no Rio Grande do Sul promete ser de clima extremamente inst\u00e1vel, segundo previs\u00e3o da Climatempo. O estado ser\u00e1 impactado...","breadcrumb":{"@id":"https:\/\/latamreports.com\/br\/semana-no-rio-grande-do-sul-deve-ser-marcada-por-fortes-chuvas-e-instabilidades\/#breadcrumb"},"inLanguage":"en-US","potentialAction":[{"@type":"ReadAction","target":["https:\/\/latamreports.com\/br\/semana-no-rio-grande-do-sul-deve-ser-marcada-por-fortes-chuvas-e-instabilidades\/"]}]},{"@type":"ImageObject","inLanguage":"en-US","@id":"https:\/\/latamreports.com\/br\/semana-no-rio-grande-do-sul-deve-ser-marcada-por-fortes-chuvas-e-instabilidades\/#primaryimage","url":"https:\/\/latamreports.com\/br\/wp-content\/uploads\/4984157-0f7f2c3568c8a32.avif","contentUrl":"https:\/\/latamreports.com\/br\/wp-content\/uploads\/4984157-0f7f2c3568c8a32.avif","width":984,"height":655,"caption":"Chuva e frente fria no RS"},{"@type":"BreadcrumbList","@id":"https:\/\/latamreports.com\/br\/semana-no-rio-grande-do-sul-deve-ser-marcada-por-fortes-chuvas-e-instabilidades\/#breadcrumb","itemListElement":[{"@type":"ListItem","position":1,"name":"Home","item":"https:\/\/latamreports.com\/br\/"},{"@type":"ListItem","position":2,"name":"Semana no Rio Grande do Sul deve ser marcada por fortes chuvas e instabilidades"}]},{"@type":"WebSite","@id":"https:\/\/latamreports.com\/br\/#website","url":"https:\/\/latamreports.com\/br\/","name":"LatAm Reports","description":"Not\u00edcias e opini\u00f5es de todas as Am\u00e9ricas","publisher":{"@id":"https:\/\/latamreports.com\/br\/#organization"},"potentialAction":[{"@type":"SearchAction","target":{"@type":"EntryPoint","urlTemplate":"https:\/\/latamreports.com\/br\/?s={search_term_string}"},"query-input":{"@type":"PropertyValueSpecification","valueRequired":true,"valueName":"search_term_string"}}],"inLanguage":"en-US"},{"@type":"Organization","@id":"https:\/\/latamreports.com\/br\/#organization","name":"LatAm Reports","url":"https:\/\/latamreports.com\/br\/","logo":{"@type":"ImageObject","inLanguage":"en-US","@id":"https:\/\/latamreports.com\/br\/#\/schema\/logo\/image\/","url":"https:\/\/latamreports.com\/br\/wp-content\/uploads\/cropped-PNG2.png","contentUrl":"https:\/\/latamreports.com\/br\/wp-content\/uploads\/cropped-PNG2.png","width":2522,"height":1014,"caption":"LatAm Reports"},"image":{"@id":"https:\/\/latamreports.com\/br\/#\/schema\/logo\/image\/"},"sameAs":["https:\/\/facebook.com\/latamreports","https:\/\/x.com\/latamreports"]},{"@type":"Person","@id":"https:\/\/latamreports.com\/br\/#\/schema\/person\/a561f2de7e5ccabfab38d239b39fdb70","name":"LatAm Reports Redatores da Equipe","image":{"@type":"ImageObject","inLanguage":"en-US","@id":"https:\/\/secure.gravatar.com\/avatar\/dcdcc93cc5edddd2f3ef77245866172c7d7241a11ad58e1959aa824f2fae81f6?s=96&d=mm&r=g","url":"https:\/\/secure.gravatar.com\/avatar\/dcdcc93cc5edddd2f3ef77245866172c7d7241a11ad58e1959aa824f2fae81f6?s=96&d=mm&r=g","contentUrl":"https:\/\/secure.gravatar.com\/avatar\/dcdcc93cc5edddd2f3ef77245866172c7d7241a11ad58e1959aa824f2fae81f6?s=96&d=mm&r=g","caption":"LatAm Reports Redatores da Equipe"}}]}},"jetpack_publicize_connections":[],"_links":{"self":[{"href":"https:\/\/latamreports.com\/br\/wp-json\/wp\/v2\/posts\/5938","targetHints":{"allow":["GET"]}}],"collection":[{"href":"https:\/\/latamreports.com\/br\/wp-json\/wp\/v2\/posts"}],"about":[{"href":"https:\/\/latamreports.com\/br\/wp-json\/wp\/v2\/types\/post"}],"author":[{"embeddable":true,"href":"https:\/\/latamreports.com\/br\/wp-json\/wp\/v2\/users\/7"}],"replies":[{"embeddable":true,"href":"https:\/\/latamreports.com\/br\/wp-json\/wp\/v2\/comments?post=5938"}],"version-history":[{"count":3,"href":"https:\/\/latamreports.com\/br\/wp-json\/wp\/v2\/posts\/5938\/revisions"}],"predecessor-version":[{"id":5942,"href":"https:\/\/latamreports.com\/br\/wp-json\/wp\/v2\/posts\/5938\/revisions\/5942"}],"wp:featuredmedia":[{"embeddable":true,"href":"https:\/\/latamreports.com\/br\/wp-json\/wp\/v2\/media\/5939"}],"wp:attachment":[{"href":"https:\/\/latamreports.com\/br\/wp-json\/wp\/v2\/media?parent=5938"}],"wp:term":[{"taxonomy":"category","embeddable":true,"href":"https:\/\/latamreports.com\/br\/wp-json\/wp\/v2\/categories?post=5938"},{"taxonomy":"post_tag","embeddable":true,"href":"https:\/\/latamreports.com\/br\/wp-json\/wp\/v2\/tags?post=5938"}],"curies":[{"name":"wp","href":"https:\/\/api.w.org\/{rel}","templated":true}]}}