{"id":16025,"date":"2026-09-04T13:42:32","date_gmt":"2026-09-04T13:42:32","guid":{"rendered":"https:\/\/latamreports.com\/br\/?p=16025"},"modified":"2026-09-04T13:42:32","modified_gmt":"2026-09-04T13:42:32","slug":"futebol-brasileiro-segue-no-centro-das-atencoes-apos-a-copa-com-gabriel-jesus-no-barcelona-e-savinho-perto-do-tottenham","status":"publish","type":"post","link":"https:\/\/latamreports.com\/br\/futebol-brasileiro-segue-no-centro-das-atencoes-apos-a-copa-com-gabriel-jesus-no-barcelona-e-savinho-perto-do-tottenham\/","title":{"rendered":"Futebol brasileiro segue no centro das aten\u00e7\u00f5es ap\u00f3s a Copa, com Gabriel Jesus no Barcelona e Savinho perto do Tottenham"},"content":{"rendered":"\n<p class=\"wp-block-paragraph\">Mesmo ap\u00f3s o fim da Copa do Mundo de 2026, o futebol brasileiro continua no centro do notici\u00e1rio esportivo internacional, impulsionado por uma janela de transfer\u00eancias agitada e pelo planejamento da Sele\u00e7\u00e3o para o pr\u00f3ximo ciclo. O destaque mais recente \u00e9 a confirma\u00e7\u00e3o de que o atacante Gabriel Jesus deixou o Arsenal rumo ao Barcelona, encerrando uma passagem de pouco mais de tr\u00eas anos pelo clube londrino, segundo apura\u00e7\u00e3o da <a href=\"https:\/\/www.espn.com\/soccer\/story\/_\/id\/49773859\/gabriel-jesus-completes-transfer-barcelona-arsenal\">ESPN<\/a>.<\/p>\n\n\n\n<p class=\"wp-block-paragraph\">O jogador, que j\u00e1 havia defendido o Manchester City antes de ir para o Arsenal, chega \u00e0 Catalunha como op\u00e7\u00e3o de rota\u00e7\u00e3o para o ataque blaugrana. O valor da negocia\u00e7\u00e3o, avaliado por diferentes ve\u00edculos internacionais em torno de 10 milh\u00f5es de euros, \u00e9 considerado baixo para um atleta de curr\u00edculo relevante, refletindo tanto o momento f\u00edsica e esportivamente irregular vivido por Jesus nas \u00faltimas temporadas quanto o interesse do Barcelona em refor\u00e7ar o elenco sem grande impacto financeiro.<\/p>\n\n\n\n<p class=\"wp-block-paragraph\">Enquanto isso, outro brasileiro est\u00e1 no centro de uma negocia\u00e7\u00e3o badalada no mercado ingl\u00eas: o ponta Savinho, do Manchester City, \u00e9 alvo de uma proposta do Tottenham avaliada em cerca de \u00a3 85 milh\u00f5es (por volta de R$ 590 milh\u00f5es, na cota\u00e7\u00e3o atual). Segundo a <a href=\"https:\/\/www.skysports.com\/transfer\/news\/12691\/13575264\/savinho-transfer-tottenham-agree-lb85m-deal-to-sign-man-city-winger-as-spurs-close-in-on-omar-marmoush\">Sky Sports<\/a>, as equipes avan\u00e7aram nas tratativas, embora o desfecho final da negocia\u00e7\u00e3o ainda dependa de etapas contratuais entre os clubes e o jogador.<\/p>\n\n\n\n<p class=\"wp-block-paragraph\">No campo da sele\u00e7\u00e3o, o t\u00e9cnico Carlo Ancelotti tem dedicado as \u00faltimas semanas ao planejamento de longo prazo da equipe rumo \u00e0 Copa do Mundo de 2030. O italiano visitou recentemente a Cidade Real Madrid, em Valdebebas, para reencontrar ex-companheiros de trabalho e, principalmente, acompanhar de perto a recupera\u00e7\u00e3o f\u00edsica de jogadores brasileiros que atuam no clube espanhol, como Vin\u00edcius J\u00fanior, Endrick, \u00c9der Milit\u00e3o e Rodrygo \u2014 todos convocados com frequ\u00eancia para a Canarinho.<\/p>\n\n\n\n<p class=\"wp-block-paragraph\">Ao comentar os planos para o pr\u00f3ximo ciclo, Ancelotti afirmou estar avaliando &#8220;jovens jogadores brasileiros espalhados pelo mundo, no Brasil e na Europa, para come\u00e7ar a programar uma nova gera\u00e7\u00e3o que possa chegar \u00e0 Copa de 2030 com ambi\u00e7\u00e3o, qualidade e preparo&#8221;, segundo reportagem do <a href=\"https:\/\/www.goal.com\/en-ke\/lists\/new-generation-carlo-ancelotti-brazil-2030-world-cup-real-madrid\/blt52d1a1319e87025f\">Goal.com<\/a>. O treinador destacou ainda o talento de atletas de 20 e 21 anos como parte de uma transi\u00e7\u00e3o natural ap\u00f3s a sa\u00edda de gera\u00e7\u00f5es anteriores de craques hist\u00f3ricos da Sele\u00e7\u00e3o.<\/p>\n\n\n\n<p class=\"wp-block-paragraph\">Esse processo de renova\u00e7\u00e3o passar\u00e1 por uma s\u00e9rie de amistosos nas pr\u00f3ximas semanas, que servir\u00e3o como testes para os jovens em observa\u00e7\u00e3o. A Sele\u00e7\u00e3o Brasileira enfrenta a Austr\u00e1lia em dois jogos \u2014 em Townsville, no dia 25 de setembro, e em Brisbane, no dia 29 \u2014 antes de viajar para a \u00cdndia, onde encara a sele\u00e7\u00e3o local em Calcut\u00e1, no dia 3 de outubro. Os tr\u00eas compromissos t\u00eam gerado forte procura por ingressos, refor\u00e7ando o apelo internacional do futebol brasileiro mesmo fora dos per\u00edodos de Copa do Mundo.<\/p>\n\n\n\n<p class=\"wp-block-paragraph\">Entre negocia\u00e7\u00f5es de mercado e a reconstru\u00e7\u00e3o da Sele\u00e7\u00e3o, a temporada p\u00f3s-Copa confirma que o Brasil segue como protagonista do calend\u00e1rio mundial do futebol, tanto dentro quanto fora de campo.<\/p>\n\n\n\n<p class=\"wp-block-paragraph\">Clubes europeus continuam de olho na base de jogadores brasileiros mesmo fora da janela principal de transfer\u00eancias, e o mercado deve seguir aquecido nos pr\u00f3ximos meses, \u00e0 medida que equipes ajustam elencos para a sequ\u00eancia da temporada 2026\/2027. Para a comiss\u00e3o t\u00e9cnica da Sele\u00e7\u00e3o, o desafio agora \u00e9 equilibrar a necessidade de renova\u00e7\u00e3o com a manuten\u00e7\u00e3o de um n\u00edvel competitivo em ano de amistosos, num processo que s\u00f3 deve ganhar contornos mais definidos ap\u00f3s a divulga\u00e7\u00e3o de convoca\u00e7\u00f5es e a observa\u00e7\u00e3o direta dos jovens talentos em jogos oficiais pelos clubes.<\/p>\n","protected":false},"excerpt":{"rendered":"<p>Mesmo ap\u00f3s o fim da Copa do Mundo de 2026, o futebol brasileiro continua no centro do notici\u00e1rio esportivo internacional, impulsionado por uma janela de &#8230; <a title=\"Futebol brasileiro segue no centro das aten\u00e7\u00f5es ap\u00f3s a Copa, com Gabriel Jesus no Barcelona e Savinho perto do Tottenham\" class=\"read-more\" href=\"https:\/\/latamreports.com\/br\/futebol-brasileiro-segue-no-centro-das-atencoes-apos-a-copa-com-gabriel-jesus-no-barcelona-e-savinho-perto-do-tottenham\/\" aria-label=\"Read more about Futebol brasileiro segue no centro das aten\u00e7\u00f5es ap\u00f3s a Copa, com Gabriel Jesus no Barcelona e Savinho perto do Tottenham\">Read more<\/a><\/p>\n","protected":false},"author":1,"featured_media":16026,"comment_status":"closed","ping_status":"closed","sticky":false,"template":"","format":"standard","meta":{"footnotes":"","jetpack_publicize_message":"","jetpack_publicize_feature_enabled":true,"jetpack_social_post_already_shared":true,"jetpack_social_options":{"image_generator_settings":{"template":"highway","default_image_id":0,"font":"","enabled":false},"version":2}},"categories":[14],"tags":[],"class_list":["post-16025","post","type-post","status-publish","format-standard","has-post-thumbnail","hentry","category-esportes","resize-featured-image"],"yoast_head":"<!-- This site is optimized with the Yoast SEO plugin v28.4 - https:\/\/yoast.com\/product\/yoast-seo-wordpress\/ -->\n<title>Futebol brasileiro segue no centro das aten\u00e7\u00f5es ap\u00f3s a Copa, com Gabriel Jesus no Barcelona e Savinho perto do Tottenham - LatAm Reports<\/title>\n<meta name=\"robots\" content=\"index, follow, max-snippet:-1, max-image-preview:large, max-video-preview:-1\" \/>\n<link rel=\"canonical\" href=\"https:\/\/latamreports.com\/br\/futebol-brasileiro-segue-no-centro-das-atencoes-apos-a-copa-com-gabriel-jesus-no-barcelona-e-savinho-perto-do-tottenham\/\" \/>\n<meta property=\"og:locale\" content=\"en_US\" \/>\n<meta property=\"og:type\" content=\"article\" \/>\n<meta property=\"og:title\" content=\"Futebol brasileiro segue no centro das aten\u00e7\u00f5es ap\u00f3s a Copa, com Gabriel Jesus no Barcelona e Savinho perto do Tottenham - LatAm Reports\" \/>\n<meta property=\"og:description\" content=\"Mesmo ap\u00f3s o fim da Copa do Mundo de 2026, o futebol brasileiro continua no centro do notici\u00e1rio esportivo internacional, impulsionado por uma janela de ... Read more\" \/>\n<meta property=\"og:url\" content=\"https:\/\/latamreports.com\/br\/futebol-brasileiro-segue-no-centro-das-atencoes-apos-a-copa-com-gabriel-jesus-no-barcelona-e-savinho-perto-do-tottenham\/\" \/>\n<meta property=\"og:site_name\" content=\"LatAm Reports\" \/>\n<meta property=\"article:publisher\" content=\"https:\/\/facebook.com\/latamreports\" \/>\n<meta property=\"article:published_time\" content=\"2026-09-04T13:42:32+00:00\" \/>\n<meta property=\"og:image\" content=\"https:\/\/latamreports.com\/br\/wp-content\/uploads\/16577db6-655d-4a34-92e3-96b0a86da8a6.webp\" \/>\n\t<meta property=\"og:image:width\" content=\"1920\" \/>\n\t<meta property=\"og:image:height\" content=\"1008\" \/>\n\t<meta property=\"og:image:type\" content=\"image\/webp\" \/>\n<meta name=\"author\" content=\"LatAm Reports Staff Writers\" \/>\n<meta name=\"twitter:card\" content=\"summary_large_image\" \/>\n<meta name=\"twitter:creator\" content=\"@latamreports\" \/>\n<meta name=\"twitter:site\" content=\"@latamreports\" \/>\n<meta name=\"twitter:label1\" content=\"Written by\" \/>\n\t<meta name=\"twitter:data1\" content=\"LatAm Reports Staff Writers\" \/>\n\t<meta name=\"twitter:label2\" content=\"Est. reading time\" \/>\n\t<meta name=\"twitter:data2\" content=\"3 minutes\" \/>\n<script type=\"application\/ld+json\" class=\"yoast-schema-graph\">{\"@context\":\"https:\\\/\\\/schema.org\",\"@graph\":[{\"@type\":\"Article\",\"@id\":\"https:\\\/\\\/latamreports.com\\\/br\\\/futebol-brasileiro-segue-no-centro-das-atencoes-apos-a-copa-com-gabriel-jesus-no-barcelona-e-savinho-perto-do-tottenham\\\/#article\",\"isPartOf\":{\"@id\":\"https:\\\/\\\/latamreports.com\\\/br\\\/futebol-brasileiro-segue-no-centro-das-atencoes-apos-a-copa-com-gabriel-jesus-no-barcelona-e-savinho-perto-do-tottenham\\\/\"},\"author\":{\"name\":\"LatAm Reports Staff Writers\",\"@id\":\"https:\\\/\\\/latamreports.com\\\/br\\\/#\\\/schema\\\/person\\\/52133b9a91aa135efa58ba7870bfcd9d\"},\"headline\":\"Futebol brasileiro segue no centro das aten\u00e7\u00f5es ap\u00f3s a Copa, com Gabriel Jesus no Barcelona e Savinho perto do Tottenham\",\"datePublished\":\"2026-09-04T13:42:32+00:00\",\"mainEntityOfPage\":{\"@id\":\"https:\\\/\\\/latamreports.com\\\/br\\\/futebol-brasileiro-segue-no-centro-das-atencoes-apos-a-copa-com-gabriel-jesus-no-barcelona-e-savinho-perto-do-tottenham\\\/\"},\"wordCount\":646,\"publisher\":{\"@id\":\"https:\\\/\\\/latamreports.com\\\/br\\\/#organization\"},\"image\":{\"@id\":\"https:\\\/\\\/latamreports.com\\\/br\\\/futebol-brasileiro-segue-no-centro-das-atencoes-apos-a-copa-com-gabriel-jesus-no-barcelona-e-savinho-perto-do-tottenham\\\/#primaryimage\"},\"thumbnailUrl\":\"https:\\\/\\\/latamreports.com\\\/br\\\/wp-content\\\/uploads\\\/16577db6-655d-4a34-92e3-96b0a86da8a6.webp\",\"articleSection\":[\"Esportes\"],\"inLanguage\":\"en-US\"},{\"@type\":\"WebPage\",\"@id\":\"https:\\\/\\\/latamreports.com\\\/br\\\/futebol-brasileiro-segue-no-centro-das-atencoes-apos-a-copa-com-gabriel-jesus-no-barcelona-e-savinho-perto-do-tottenham\\\/\",\"url\":\"https:\\\/\\\/latamreports.com\\\/br\\\/futebol-brasileiro-segue-no-centro-das-atencoes-apos-a-copa-com-gabriel-jesus-no-barcelona-e-savinho-perto-do-tottenham\\\/\",\"name\":\"Futebol brasileiro segue no centro das aten\u00e7\u00f5es ap\u00f3s a Copa, com Gabriel Jesus no Barcelona e Savinho perto do Tottenham - LatAm Reports\",\"isPartOf\":{\"@id\":\"https:\\\/\\\/latamreports.com\\\/br\\\/#website\"},\"primaryImageOfPage\":{\"@id\":\"https:\\\/\\\/latamreports.com\\\/br\\\/futebol-brasileiro-segue-no-centro-das-atencoes-apos-a-copa-com-gabriel-jesus-no-barcelona-e-savinho-perto-do-tottenham\\\/#primaryimage\"},\"image\":{\"@id\":\"https:\\\/\\\/latamreports.com\\\/br\\\/futebol-brasileiro-segue-no-centro-das-atencoes-apos-a-copa-com-gabriel-jesus-no-barcelona-e-savinho-perto-do-tottenham\\\/#primaryimage\"},\"thumbnailUrl\":\"https:\\\/\\\/latamreports.com\\\/br\\\/wp-content\\\/uploads\\\/16577db6-655d-4a34-92e3-96b0a86da8a6.webp\",\"datePublished\":\"2026-09-04T13:42:32+00:00\",\"breadcrumb\":{\"@id\":\"https:\\\/\\\/latamreports.com\\\/br\\\/futebol-brasileiro-segue-no-centro-das-atencoes-apos-a-copa-com-gabriel-jesus-no-barcelona-e-savinho-perto-do-tottenham\\\/#breadcrumb\"},\"inLanguage\":\"en-US\",\"potentialAction\":[{\"@type\":\"ReadAction\",\"target\":[\"https:\\\/\\\/latamreports.com\\\/br\\\/futebol-brasileiro-segue-no-centro-das-atencoes-apos-a-copa-com-gabriel-jesus-no-barcelona-e-savinho-perto-do-tottenham\\\/\"]}]},{\"@type\":\"ImageObject\",\"inLanguage\":\"en-US\",\"@id\":\"https:\\\/\\\/latamreports.com\\\/br\\\/futebol-brasileiro-segue-no-centro-das-atencoes-apos-a-copa-com-gabriel-jesus-no-barcelona-e-savinho-perto-do-tottenham\\\/#primaryimage\",\"url\":\"https:\\\/\\\/latamreports.com\\\/br\\\/wp-content\\\/uploads\\\/16577db6-655d-4a34-92e3-96b0a86da8a6.webp\",\"contentUrl\":\"https:\\\/\\\/latamreports.com\\\/br\\\/wp-content\\\/uploads\\\/16577db6-655d-4a34-92e3-96b0a86da8a6.webp\",\"width\":1920,\"height\":1008},{\"@type\":\"BreadcrumbList\",\"@id\":\"https:\\\/\\\/latamreports.com\\\/br\\\/futebol-brasileiro-segue-no-centro-das-atencoes-apos-a-copa-com-gabriel-jesus-no-barcelona-e-savinho-perto-do-tottenham\\\/#breadcrumb\",\"itemListElement\":[{\"@type\":\"ListItem\",\"position\":1,\"name\":\"Home\",\"item\":\"https:\\\/\\\/latamreports.com\\\/br\\\/\"},{\"@type\":\"ListItem\",\"position\":2,\"name\":\"Futebol brasileiro segue no centro das aten\u00e7\u00f5es ap\u00f3s a Copa, com Gabriel Jesus no Barcelona e Savinho perto do Tottenham\"}]},{\"@type\":\"WebSite\",\"@id\":\"https:\\\/\\\/latamreports.com\\\/br\\\/#website\",\"url\":\"https:\\\/\\\/latamreports.com\\\/br\\\/\",\"name\":\"LatAm Reports\",\"description\":\"Not\u00edcias e opini\u00f5es de todas as Am\u00e9ricas\",\"publisher\":{\"@id\":\"https:\\\/\\\/latamreports.com\\\/br\\\/#organization\"},\"potentialAction\":[{\"@type\":\"SearchAction\",\"target\":{\"@type\":\"EntryPoint\",\"urlTemplate\":\"https:\\\/\\\/latamreports.com\\\/br\\\/?s={search_term_string}\"},\"query-input\":{\"@type\":\"PropertyValueSpecification\",\"valueRequired\":true,\"valueName\":\"search_term_string\"}}],\"inLanguage\":\"en-US\"},{\"@type\":\"Organization\",\"@id\":\"https:\\\/\\\/latamreports.com\\\/br\\\/#organization\",\"name\":\"LatAm Reports\",\"url\":\"https:\\\/\\\/latamreports.com\\\/br\\\/\",\"logo\":{\"@type\":\"ImageObject\",\"inLanguage\":\"en-US\",\"@id\":\"https:\\\/\\\/latamreports.com\\\/br\\\/#\\\/schema\\\/logo\\\/image\\\/\",\"url\":\"https:\\\/\\\/latamreports.com\\\/br\\\/wp-content\\\/uploads\\\/cropped-PNG2.png\",\"contentUrl\":\"https:\\\/\\\/latamreports.com\\\/br\\\/wp-content\\\/uploads\\\/cropped-PNG2.png\",\"width\":2522,\"height\":1014,\"caption\":\"LatAm Reports\"},\"image\":{\"@id\":\"https:\\\/\\\/latamreports.com\\\/br\\\/#\\\/schema\\\/logo\\\/image\\\/\"},\"sameAs\":[\"https:\\\/\\\/facebook.com\\\/latamreports\",\"https:\\\/\\\/x.com\\\/latamreports\"]},{\"@type\":\"Person\",\"@id\":\"https:\\\/\\\/latamreports.com\\\/br\\\/#\\\/schema\\\/person\\\/52133b9a91aa135efa58ba7870bfcd9d\",\"name\":\"LatAm Reports Staff Writers\",\"image\":{\"@type\":\"ImageObject\",\"inLanguage\":\"en-US\",\"@id\":\"https:\\\/\\\/secure.gravatar.com\\\/avatar\\\/be5186a703a2e29312d4a496020b44478f03da958aa73bb670b0cc5279c28ab1?s=96&d=mm&r=g\",\"url\":\"https:\\\/\\\/secure.gravatar.com\\\/avatar\\\/be5186a703a2e29312d4a496020b44478f03da958aa73bb670b0cc5279c28ab1?s=96&d=mm&r=g\",\"contentUrl\":\"https:\\\/\\\/secure.gravatar.com\\\/avatar\\\/be5186a703a2e29312d4a496020b44478f03da958aa73bb670b0cc5279c28ab1?s=96&d=mm&r=g\",\"caption\":\"LatAm Reports Staff Writers\"},\"sameAs\":[\"https:\\\/\\\/latamreports.com\\\/br\"]}]}<\/script>\n<!-- \/ Yoast SEO plugin. -->","yoast_head_json":{"title":"Futebol brasileiro segue no centro das aten\u00e7\u00f5es ap\u00f3s a Copa, com Gabriel Jesus no Barcelona e Savinho perto do Tottenham - LatAm Reports","robots":{"index":"index","follow":"follow","max-snippet":"max-snippet:-1","max-image-preview":"max-image-preview:large","max-video-preview":"max-video-preview:-1"},"canonical":"https:\/\/latamreports.com\/br\/futebol-brasileiro-segue-no-centro-das-atencoes-apos-a-copa-com-gabriel-jesus-no-barcelona-e-savinho-perto-do-tottenham\/","og_locale":"en_US","og_type":"article","og_title":"Futebol brasileiro segue no centro das aten\u00e7\u00f5es ap\u00f3s a Copa, com Gabriel Jesus no Barcelona e Savinho perto do Tottenham - LatAm Reports","og_description":"Mesmo ap\u00f3s o fim da Copa do Mundo de 2026, o futebol brasileiro continua no centro do notici\u00e1rio esportivo internacional, impulsionado por uma janela de ... Read more","og_url":"https:\/\/latamreports.com\/br\/futebol-brasileiro-segue-no-centro-das-atencoes-apos-a-copa-com-gabriel-jesus-no-barcelona-e-savinho-perto-do-tottenham\/","og_site_name":"LatAm Reports","article_publisher":"https:\/\/facebook.com\/latamreports","article_published_time":"2026-09-04T13:42:32+00:00","og_image":[{"width":1920,"height":1008,"url":"https:\/\/latamreports.com\/br\/wp-content\/uploads\/16577db6-655d-4a34-92e3-96b0a86da8a6.webp","type":"image\/webp"}],"author":"LatAm Reports Staff Writers","twitter_card":"summary_large_image","twitter_creator":"@latamreports","twitter_site":"@latamreports","twitter_misc":{"Written by":"LatAm Reports Staff Writers","Est. reading time":"3 minutes"},"schema":{"@context":"https:\/\/schema.org","@graph":[{"@type":"Article","@id":"https:\/\/latamreports.com\/br\/futebol-brasileiro-segue-no-centro-das-atencoes-apos-a-copa-com-gabriel-jesus-no-barcelona-e-savinho-perto-do-tottenham\/#article","isPartOf":{"@id":"https:\/\/latamreports.com\/br\/futebol-brasileiro-segue-no-centro-das-atencoes-apos-a-copa-com-gabriel-jesus-no-barcelona-e-savinho-perto-do-tottenham\/"},"author":{"name":"LatAm Reports Staff Writers","@id":"https:\/\/latamreports.com\/br\/#\/schema\/person\/52133b9a91aa135efa58ba7870bfcd9d"},"headline":"Futebol brasileiro segue no centro das aten\u00e7\u00f5es ap\u00f3s a Copa, com Gabriel Jesus no Barcelona e Savinho perto do Tottenham","datePublished":"2026-09-04T13:42:32+00:00","mainEntityOfPage":{"@id":"https:\/\/latamreports.com\/br\/futebol-brasileiro-segue-no-centro-das-atencoes-apos-a-copa-com-gabriel-jesus-no-barcelona-e-savinho-perto-do-tottenham\/"},"wordCount":646,"publisher":{"@id":"https:\/\/latamreports.com\/br\/#organization"},"image":{"@id":"https:\/\/latamreports.com\/br\/futebol-brasileiro-segue-no-centro-das-atencoes-apos-a-copa-com-gabriel-jesus-no-barcelona-e-savinho-perto-do-tottenham\/#primaryimage"},"thumbnailUrl":"https:\/\/latamreports.com\/br\/wp-content\/uploads\/16577db6-655d-4a34-92e3-96b0a86da8a6.webp","articleSection":["Esportes"],"inLanguage":"en-US"},{"@type":"WebPage","@id":"https:\/\/latamreports.com\/br\/futebol-brasileiro-segue-no-centro-das-atencoes-apos-a-copa-com-gabriel-jesus-no-barcelona-e-savinho-perto-do-tottenham\/","url":"https:\/\/latamreports.com\/br\/futebol-brasileiro-segue-no-centro-das-atencoes-apos-a-copa-com-gabriel-jesus-no-barcelona-e-savinho-perto-do-tottenham\/","name":"Futebol brasileiro segue no centro das aten\u00e7\u00f5es ap\u00f3s a Copa, com Gabriel Jesus no Barcelona e Savinho perto do Tottenham - LatAm Reports","isPartOf":{"@id":"https:\/\/latamreports.com\/br\/#website"},"primaryImageOfPage":{"@id":"https:\/\/latamreports.com\/br\/futebol-brasileiro-segue-no-centro-das-atencoes-apos-a-copa-com-gabriel-jesus-no-barcelona-e-savinho-perto-do-tottenham\/#primaryimage"},"image":{"@id":"https:\/\/latamreports.com\/br\/futebol-brasileiro-segue-no-centro-das-atencoes-apos-a-copa-com-gabriel-jesus-no-barcelona-e-savinho-perto-do-tottenham\/#primaryimage"},"thumbnailUrl":"https:\/\/latamreports.com\/br\/wp-content\/uploads\/16577db6-655d-4a34-92e3-96b0a86da8a6.webp","datePublished":"2026-09-04T13:42:32+00:00","breadcrumb":{"@id":"https:\/\/latamreports.com\/br\/futebol-brasileiro-segue-no-centro-das-atencoes-apos-a-copa-com-gabriel-jesus-no-barcelona-e-savinho-perto-do-tottenham\/#breadcrumb"},"inLanguage":"en-US","potentialAction":[{"@type":"ReadAction","target":["https:\/\/latamreports.com\/br\/futebol-brasileiro-segue-no-centro-das-atencoes-apos-a-copa-com-gabriel-jesus-no-barcelona-e-savinho-perto-do-tottenham\/"]}]},{"@type":"ImageObject","inLanguage":"en-US","@id":"https:\/\/latamreports.com\/br\/futebol-brasileiro-segue-no-centro-das-atencoes-apos-a-copa-com-gabriel-jesus-no-barcelona-e-savinho-perto-do-tottenham\/#primaryimage","url":"https:\/\/latamreports.com\/br\/wp-content\/uploads\/16577db6-655d-4a34-92e3-96b0a86da8a6.webp","contentUrl":"https:\/\/latamreports.com\/br\/wp-content\/uploads\/16577db6-655d-4a34-92e3-96b0a86da8a6.webp","width":1920,"height":1008},{"@type":"BreadcrumbList","@id":"https:\/\/latamreports.com\/br\/futebol-brasileiro-segue-no-centro-das-atencoes-apos-a-copa-com-gabriel-jesus-no-barcelona-e-savinho-perto-do-tottenham\/#breadcrumb","itemListElement":[{"@type":"ListItem","position":1,"name":"Home","item":"https:\/\/latamreports.com\/br\/"},{"@type":"ListItem","position":2,"name":"Futebol brasileiro segue no centro das aten\u00e7\u00f5es ap\u00f3s a Copa, com Gabriel Jesus no Barcelona e Savinho perto do Tottenham"}]},{"@type":"WebSite","@id":"https:\/\/latamreports.com\/br\/#website","url":"https:\/\/latamreports.com\/br\/","name":"LatAm Reports","description":"Not\u00edcias e opini\u00f5es de todas as Am\u00e9ricas","publisher":{"@id":"https:\/\/latamreports.com\/br\/#organization"},"potentialAction":[{"@type":"SearchAction","target":{"@type":"EntryPoint","urlTemplate":"https:\/\/latamreports.com\/br\/?s={search_term_string}"},"query-input":{"@type":"PropertyValueSpecification","valueRequired":true,"valueName":"search_term_string"}}],"inLanguage":"en-US"},{"@type":"Organization","@id":"https:\/\/latamreports.com\/br\/#organization","name":"LatAm Reports","url":"https:\/\/latamreports.com\/br\/","logo":{"@type":"ImageObject","inLanguage":"en-US","@id":"https:\/\/latamreports.com\/br\/#\/schema\/logo\/image\/","url":"https:\/\/latamreports.com\/br\/wp-content\/uploads\/cropped-PNG2.png","contentUrl":"https:\/\/latamreports.com\/br\/wp-content\/uploads\/cropped-PNG2.png","width":2522,"height":1014,"caption":"LatAm Reports"},"image":{"@id":"https:\/\/latamreports.com\/br\/#\/schema\/logo\/image\/"},"sameAs":["https:\/\/facebook.com\/latamreports","https:\/\/x.com\/latamreports"]},{"@type":"Person","@id":"https:\/\/latamreports.com\/br\/#\/schema\/person\/52133b9a91aa135efa58ba7870bfcd9d","name":"LatAm Reports Staff Writers","image":{"@type":"ImageObject","inLanguage":"en-US","@id":"https:\/\/secure.gravatar.com\/avatar\/be5186a703a2e29312d4a496020b44478f03da958aa73bb670b0cc5279c28ab1?s=96&d=mm&r=g","url":"https:\/\/secure.gravatar.com\/avatar\/be5186a703a2e29312d4a496020b44478f03da958aa73bb670b0cc5279c28ab1?s=96&d=mm&r=g","contentUrl":"https:\/\/secure.gravatar.com\/avatar\/be5186a703a2e29312d4a496020b44478f03da958aa73bb670b0cc5279c28ab1?s=96&d=mm&r=g","caption":"LatAm Reports Staff Writers"},"sameAs":["https:\/\/latamreports.com\/br"]}]}},"jetpack_publicize_connections":[],"_links":{"self":[{"href":"https:\/\/latamreports.com\/br\/wp-json\/wp\/v2\/posts\/16025","targetHints":{"allow":["GET"]}}],"collection":[{"href":"https:\/\/latamreports.com\/br\/wp-json\/wp\/v2\/posts"}],"about":[{"href":"https:\/\/latamreports.com\/br\/wp-json\/wp\/v2\/types\/post"}],"author":[{"embeddable":true,"href":"https:\/\/latamreports.com\/br\/wp-json\/wp\/v2\/users\/1"}],"replies":[{"embeddable":true,"href":"https:\/\/latamreports.com\/br\/wp-json\/wp\/v2\/comments?post=16025"}],"version-history":[{"count":1,"href":"https:\/\/latamreports.com\/br\/wp-json\/wp\/v2\/posts\/16025\/revisions"}],"predecessor-version":[{"id":16027,"href":"https:\/\/latamreports.com\/br\/wp-json\/wp\/v2\/posts\/16025\/revisions\/16027"}],"wp:featuredmedia":[{"embeddable":true,"href":"https:\/\/latamreports.com\/br\/wp-json\/wp\/v2\/media\/16026"}],"wp:attachment":[{"href":"https:\/\/latamreports.com\/br\/wp-json\/wp\/v2\/media?parent=16025"}],"wp:term":[{"taxonomy":"category","embeddable":true,"href":"https:\/\/latamreports.com\/br\/wp-json\/wp\/v2\/categories?post=16025"},{"taxonomy":"post_tag","embeddable":true,"href":"https:\/\/latamreports.com\/br\/wp-json\/wp\/v2\/tags?post=16025"}],"curies":[{"name":"wp","href":"https:\/\/api.w.org\/{rel}","templated":true}]}}