{"id":16022,"date":"2026-09-04T13:40:11","date_gmt":"2026-09-04T13:40:11","guid":{"rendered":"https:\/\/latamreports.com\/br\/?p=16022"},"modified":"2026-09-04T13:40:12","modified_gmt":"2026-09-04T13:40:12","slug":"rock-in-rio-2026-abre-com-foo-fighters-e-maratona-de-190-shows","status":"publish","type":"post","link":"https:\/\/latamreports.com\/br\/rock-in-rio-2026-abre-com-foo-fighters-e-maratona-de-190-shows\/","title":{"rendered":"Rock in Rio 2026 abre com Foo Fighters e maratona de 190 shows"},"content":{"rendered":"\n<p class=\"wp-block-paragraph\">O Rock in Rio 2026 come\u00e7ou nesta sexta-feira (4) na Cidade do Rock, no Parque Ol\u00edmpico da Barra da Tijuca, no Rio de Janeiro, dando in\u00edcio a uma maratona de sete noites de m\u00fasica dividida em dois fins de semana: 4 a 7 de setembro e 11 a 13 de setembro. Ao todo, o festival re\u00fane cerca de 190 apresenta\u00e7\u00f5es e mais de 1.300 artistas em seus diferentes palcos, consolidando-se como um dos maiores eventos culturais do m\u00eas e um importante motor de turismo para a cidade, segundo cobertura do <a href=\"https:\/\/www.riotimesonline.com\/rock-in-rio-2026-guide\/\">Rio Times<\/a>.<\/p>\n\n\n\n<p class=\"wp-block-paragraph\">A noite de abertura tem o Foo Fighters como atra\u00e7\u00e3o principal do Palco Mundo, encerrando a programa\u00e7\u00e3o de estreia ao lado de Rise Against, The Hives e Nova Twins. Nos dias seguintes da primeira leva de shows, o p\u00fablico ter\u00e1 o Avenged Sevenfold liderando uma noite mais pesada, no dia 5, com Bring Me The Horizon, Machine Gun Kelly e a banda brasileira Sepultura na grade. No dia 6, a eletr\u00f4nica e o pop assumem o Palco Mundo com Calvin Harris, Black Eyed Peas e Nelly, enquanto o primeiro bloco do festival se encerra no domingo, dia 7, com o show de despedida de turn\u00eas de Elton John, ladeado por nomes brasileiros como Gilberto Gil e pelo m\u00faltiplo instrumentista Jon Batiste.<\/p>\n\n\n\n<p class=\"wp-block-paragraph\">O segundo fim de semana come\u00e7a no dia 11 com o grupo sul-coreano Stray Kids abrindo a semana ao lado de Alok, HWASA e NEXZ, evidenciando a for\u00e7a crescente do K-pop no line-up do festival. No dia 12, o Maroon 5 comanda uma noite pop com Demi Lovato, J Balvin e Pedro Sampaio, e o festival se despede no domingo, 13 de setembro, com Twenty One Pilots, Halsey, Lola Young e a veterana Ivete Sangalo fechando a edi\u00e7\u00e3o de 2026.<\/p>\n\n\n\n<p class=\"wp-block-paragraph\">Al\u00e9m dos internacionais citados no an\u00fancio oficial, a organiza\u00e7\u00e3o tamb\u00e9m escalou atra\u00e7\u00f5es nacionais de peso ao longo dos dois fins de semana, refor\u00e7ando a mistura entre grandes nomes globais e a cena musical brasileira que \u00e9 marca registrada do festival.<\/p>\n\n\n\n<p class=\"wp-block-paragraph\">Os ingressos para o setor Gramado, um dos mais procurados, custam R$ 870 no valor padr\u00e3o, com meia-entrada a R$ 435 para o p\u00fablico eleg\u00edvel. Clientes do banco Ita\u00fa, patrocinador do evento, t\u00eam acesso a pre\u00e7os promocionais de R$ 739,50. Segundo relatos da organiza\u00e7\u00e3o, as noites de 6 e 12 de setembro \u2014 com Calvin Harris e Maroon 5, respectivamente \u2014 j\u00e1 est\u00e3o esgotadas ou com ingressos praticamente encerrados, refletindo a alta demanda por essas atra\u00e7\u00f5es.<\/p>\n\n\n\n<p class=\"wp-block-paragraph\">Para quem vai ao evento, a recomenda\u00e7\u00e3o \u00e9 priorizar o transporte p\u00fablico: a Cidade do Rock, erguida no mesmo complexo constru\u00eddo para os Jogos Ol\u00edmpicos de 2016, fica a cerca de 20 minutos de carro da Barra da Tijuca, mas o acesso via BRT ou metr\u00f4 costuma ser mais eficiente diante do volume de p\u00fablico esperado em cada noite de shows.<\/p>\n\n\n\n<p class=\"wp-block-paragraph\">Com sete noites de programa\u00e7\u00e3o, dezenas de palcos simult\u00e2neos e atra\u00e7\u00f5es que v\u00e3o do rock pesado ao K-pop, o Rock in Rio 2026 refor\u00e7a o papel do Rio de Janeiro como uma das capitais mundiais dos grandes festivais de m\u00fasica \u2014 e como vitrine internacional para artistas brasileiros que dividem o line-up com estrelas globais.<\/p>\n\n\n\n<p class=\"wp-block-paragraph\">O impacto econ\u00f4mico do evento tamb\u00e9m \u00e9 significativo para a cidade: hot\u00e9is, restaurantes e servi\u00e7os de transporte na Zona Oeste costumam registrar forte alta na ocupa\u00e7\u00e3o durante as duas semanas de festival, atraindo visitantes de outros estados e de pa\u00edses vizinhos. Criado em 1985, o Rock in Rio se tornou uma marca exportada para outras cidades do mundo, mas a edi\u00e7\u00e3o carioca segue sendo considerada pela organiza\u00e7\u00e3o a mais simb\u00f3lica do calend\u00e1rio.<\/p>\n","protected":false},"excerpt":{"rendered":"<p>O Rock in Rio 2026 come\u00e7ou nesta sexta-feira (4) na Cidade do Rock, no Parque Ol\u00edmpico da Barra da Tijuca, no Rio de Janeiro, dando &#8230; <a title=\"Rock in Rio 2026 abre com Foo Fighters e maratona de 190 shows\" class=\"read-more\" href=\"https:\/\/latamreports.com\/br\/rock-in-rio-2026-abre-com-foo-fighters-e-maratona-de-190-shows\/\" aria-label=\"Read more about Rock in Rio 2026 abre com Foo Fighters e maratona de 190 shows\">Read more<\/a><\/p>\n","protected":false},"author":1,"featured_media":16023,"comment_status":"closed","ping_status":"closed","sticky":false,"template":"","format":"standard","meta":{"footnotes":"","jetpack_publicize_message":"","jetpack_publicize_feature_enabled":true,"jetpack_social_post_already_shared":true,"jetpack_social_options":{"image_generator_settings":{"template":"highway","default_image_id":0,"font":"","enabled":false},"version":2}},"categories":[5],"tags":[],"class_list":["post-16022","post","type-post","status-publish","format-standard","has-post-thumbnail","hentry","category-entretenimento","resize-featured-image"],"yoast_head":"<!-- This site is optimized with the Yoast SEO plugin v28.4 - https:\/\/yoast.com\/product\/yoast-seo-wordpress\/ -->\n<title>Rock in Rio 2026 abre com Foo Fighters e maratona de 190 shows - LatAm Reports<\/title>\n<meta name=\"robots\" content=\"index, follow, max-snippet:-1, max-image-preview:large, max-video-preview:-1\" \/>\n<link rel=\"canonical\" href=\"https:\/\/latamreports.com\/br\/rock-in-rio-2026-abre-com-foo-fighters-e-maratona-de-190-shows\/\" \/>\n<meta property=\"og:locale\" content=\"en_US\" \/>\n<meta property=\"og:type\" content=\"article\" \/>\n<meta property=\"og:title\" content=\"Rock in Rio 2026 abre com Foo Fighters e maratona de 190 shows - LatAm Reports\" \/>\n<meta property=\"og:description\" content=\"O Rock in Rio 2026 come\u00e7ou nesta sexta-feira (4) na Cidade do Rock, no Parque Ol\u00edmpico da Barra da Tijuca, no Rio de Janeiro, dando ... Read more\" \/>\n<meta property=\"og:url\" content=\"https:\/\/latamreports.com\/br\/rock-in-rio-2026-abre-com-foo-fighters-e-maratona-de-190-shows\/\" \/>\n<meta property=\"og:site_name\" content=\"LatAm Reports\" \/>\n<meta property=\"article:publisher\" content=\"https:\/\/facebook.com\/latamreports\" \/>\n<meta property=\"article:published_time\" content=\"2026-09-04T13:40:11+00:00\" \/>\n<meta property=\"article:modified_time\" content=\"2026-09-04T13:40:12+00:00\" \/>\n<meta property=\"og:image\" content=\"https:\/\/latamreports.com\/br\/wp-content\/uploads\/rock-in-rio.jpeg\" \/>\n\t<meta property=\"og:image:width\" content=\"678\" \/>\n\t<meta property=\"og:image:height\" content=\"452\" \/>\n\t<meta property=\"og:image:type\" content=\"image\/jpeg\" \/>\n<meta name=\"author\" content=\"LatAm Reports Staff Writers\" \/>\n<meta name=\"twitter:card\" content=\"summary_large_image\" \/>\n<meta name=\"twitter:creator\" content=\"@latamreports\" \/>\n<meta name=\"twitter:site\" content=\"@latamreports\" \/>\n<meta name=\"twitter:label1\" content=\"Written by\" \/>\n\t<meta name=\"twitter:data1\" content=\"LatAm Reports Staff Writers\" \/>\n\t<meta name=\"twitter:label2\" content=\"Est. reading time\" \/>\n\t<meta name=\"twitter:data2\" content=\"3 minutes\" \/>\n<script type=\"application\/ld+json\" class=\"yoast-schema-graph\">{\"@context\":\"https:\\\/\\\/schema.org\",\"@graph\":[{\"@type\":\"Article\",\"@id\":\"https:\\\/\\\/latamreports.com\\\/br\\\/rock-in-rio-2026-abre-com-foo-fighters-e-maratona-de-190-shows\\\/#article\",\"isPartOf\":{\"@id\":\"https:\\\/\\\/latamreports.com\\\/br\\\/rock-in-rio-2026-abre-com-foo-fighters-e-maratona-de-190-shows\\\/\"},\"author\":{\"name\":\"LatAm Reports Staff Writers\",\"@id\":\"https:\\\/\\\/latamreports.com\\\/br\\\/#\\\/schema\\\/person\\\/52133b9a91aa135efa58ba7870bfcd9d\"},\"headline\":\"Rock in Rio 2026 abre com Foo Fighters e maratona de 190 shows\",\"datePublished\":\"2026-09-04T13:40:11+00:00\",\"dateModified\":\"2026-09-04T13:40:12+00:00\",\"mainEntityOfPage\":{\"@id\":\"https:\\\/\\\/latamreports.com\\\/br\\\/rock-in-rio-2026-abre-com-foo-fighters-e-maratona-de-190-shows\\\/\"},\"wordCount\":627,\"publisher\":{\"@id\":\"https:\\\/\\\/latamreports.com\\\/br\\\/#organization\"},\"image\":{\"@id\":\"https:\\\/\\\/latamreports.com\\\/br\\\/rock-in-rio-2026-abre-com-foo-fighters-e-maratona-de-190-shows\\\/#primaryimage\"},\"thumbnailUrl\":\"https:\\\/\\\/latamreports.com\\\/br\\\/wp-content\\\/uploads\\\/rock-in-rio.jpeg\",\"articleSection\":[\"Entretenimento\"],\"inLanguage\":\"en-US\"},{\"@type\":\"WebPage\",\"@id\":\"https:\\\/\\\/latamreports.com\\\/br\\\/rock-in-rio-2026-abre-com-foo-fighters-e-maratona-de-190-shows\\\/\",\"url\":\"https:\\\/\\\/latamreports.com\\\/br\\\/rock-in-rio-2026-abre-com-foo-fighters-e-maratona-de-190-shows\\\/\",\"name\":\"Rock in Rio 2026 abre com Foo Fighters e maratona de 190 shows - LatAm Reports\",\"isPartOf\":{\"@id\":\"https:\\\/\\\/latamreports.com\\\/br\\\/#website\"},\"primaryImageOfPage\":{\"@id\":\"https:\\\/\\\/latamreports.com\\\/br\\\/rock-in-rio-2026-abre-com-foo-fighters-e-maratona-de-190-shows\\\/#primaryimage\"},\"image\":{\"@id\":\"https:\\\/\\\/latamreports.com\\\/br\\\/rock-in-rio-2026-abre-com-foo-fighters-e-maratona-de-190-shows\\\/#primaryimage\"},\"thumbnailUrl\":\"https:\\\/\\\/latamreports.com\\\/br\\\/wp-content\\\/uploads\\\/rock-in-rio.jpeg\",\"datePublished\":\"2026-09-04T13:40:11+00:00\",\"dateModified\":\"2026-09-04T13:40:12+00:00\",\"breadcrumb\":{\"@id\":\"https:\\\/\\\/latamreports.com\\\/br\\\/rock-in-rio-2026-abre-com-foo-fighters-e-maratona-de-190-shows\\\/#breadcrumb\"},\"inLanguage\":\"en-US\",\"potentialAction\":[{\"@type\":\"ReadAction\",\"target\":[\"https:\\\/\\\/latamreports.com\\\/br\\\/rock-in-rio-2026-abre-com-foo-fighters-e-maratona-de-190-shows\\\/\"]}]},{\"@type\":\"ImageObject\",\"inLanguage\":\"en-US\",\"@id\":\"https:\\\/\\\/latamreports.com\\\/br\\\/rock-in-rio-2026-abre-com-foo-fighters-e-maratona-de-190-shows\\\/#primaryimage\",\"url\":\"https:\\\/\\\/latamreports.com\\\/br\\\/wp-content\\\/uploads\\\/rock-in-rio.jpeg\",\"contentUrl\":\"https:\\\/\\\/latamreports.com\\\/br\\\/wp-content\\\/uploads\\\/rock-in-rio.jpeg\",\"width\":678,\"height\":452},{\"@type\":\"BreadcrumbList\",\"@id\":\"https:\\\/\\\/latamreports.com\\\/br\\\/rock-in-rio-2026-abre-com-foo-fighters-e-maratona-de-190-shows\\\/#breadcrumb\",\"itemListElement\":[{\"@type\":\"ListItem\",\"position\":1,\"name\":\"Home\",\"item\":\"https:\\\/\\\/latamreports.com\\\/br\\\/\"},{\"@type\":\"ListItem\",\"position\":2,\"name\":\"Rock in Rio 2026 abre com Foo Fighters e maratona de 190 shows\"}]},{\"@type\":\"WebSite\",\"@id\":\"https:\\\/\\\/latamreports.com\\\/br\\\/#website\",\"url\":\"https:\\\/\\\/latamreports.com\\\/br\\\/\",\"name\":\"LatAm Reports\",\"description\":\"Not\u00edcias e opini\u00f5es de todas as Am\u00e9ricas\",\"publisher\":{\"@id\":\"https:\\\/\\\/latamreports.com\\\/br\\\/#organization\"},\"potentialAction\":[{\"@type\":\"SearchAction\",\"target\":{\"@type\":\"EntryPoint\",\"urlTemplate\":\"https:\\\/\\\/latamreports.com\\\/br\\\/?s={search_term_string}\"},\"query-input\":{\"@type\":\"PropertyValueSpecification\",\"valueRequired\":true,\"valueName\":\"search_term_string\"}}],\"inLanguage\":\"en-US\"},{\"@type\":\"Organization\",\"@id\":\"https:\\\/\\\/latamreports.com\\\/br\\\/#organization\",\"name\":\"LatAm Reports\",\"url\":\"https:\\\/\\\/latamreports.com\\\/br\\\/\",\"logo\":{\"@type\":\"ImageObject\",\"inLanguage\":\"en-US\",\"@id\":\"https:\\\/\\\/latamreports.com\\\/br\\\/#\\\/schema\\\/logo\\\/image\\\/\",\"url\":\"https:\\\/\\\/latamreports.com\\\/br\\\/wp-content\\\/uploads\\\/cropped-PNG2.png\",\"contentUrl\":\"https:\\\/\\\/latamreports.com\\\/br\\\/wp-content\\\/uploads\\\/cropped-PNG2.png\",\"width\":2522,\"height\":1014,\"caption\":\"LatAm Reports\"},\"image\":{\"@id\":\"https:\\\/\\\/latamreports.com\\\/br\\\/#\\\/schema\\\/logo\\\/image\\\/\"},\"sameAs\":[\"https:\\\/\\\/facebook.com\\\/latamreports\",\"https:\\\/\\\/x.com\\\/latamreports\"]},{\"@type\":\"Person\",\"@id\":\"https:\\\/\\\/latamreports.com\\\/br\\\/#\\\/schema\\\/person\\\/52133b9a91aa135efa58ba7870bfcd9d\",\"name\":\"LatAm Reports Staff Writers\",\"image\":{\"@type\":\"ImageObject\",\"inLanguage\":\"en-US\",\"@id\":\"https:\\\/\\\/secure.gravatar.com\\\/avatar\\\/be5186a703a2e29312d4a496020b44478f03da958aa73bb670b0cc5279c28ab1?s=96&d=mm&r=g\",\"url\":\"https:\\\/\\\/secure.gravatar.com\\\/avatar\\\/be5186a703a2e29312d4a496020b44478f03da958aa73bb670b0cc5279c28ab1?s=96&d=mm&r=g\",\"contentUrl\":\"https:\\\/\\\/secure.gravatar.com\\\/avatar\\\/be5186a703a2e29312d4a496020b44478f03da958aa73bb670b0cc5279c28ab1?s=96&d=mm&r=g\",\"caption\":\"LatAm Reports Staff Writers\"},\"sameAs\":[\"https:\\\/\\\/latamreports.com\\\/br\"]}]}<\/script>\n<!-- \/ Yoast SEO plugin. -->","yoast_head_json":{"title":"Rock in Rio 2026 abre com Foo Fighters e maratona de 190 shows - LatAm Reports","robots":{"index":"index","follow":"follow","max-snippet":"max-snippet:-1","max-image-preview":"max-image-preview:large","max-video-preview":"max-video-preview:-1"},"canonical":"https:\/\/latamreports.com\/br\/rock-in-rio-2026-abre-com-foo-fighters-e-maratona-de-190-shows\/","og_locale":"en_US","og_type":"article","og_title":"Rock in Rio 2026 abre com Foo Fighters e maratona de 190 shows - LatAm Reports","og_description":"O Rock in Rio 2026 come\u00e7ou nesta sexta-feira (4) na Cidade do Rock, no Parque Ol\u00edmpico da Barra da Tijuca, no Rio de Janeiro, dando ... Read more","og_url":"https:\/\/latamreports.com\/br\/rock-in-rio-2026-abre-com-foo-fighters-e-maratona-de-190-shows\/","og_site_name":"LatAm Reports","article_publisher":"https:\/\/facebook.com\/latamreports","article_published_time":"2026-09-04T13:40:11+00:00","article_modified_time":"2026-09-04T13:40:12+00:00","og_image":[{"width":678,"height":452,"url":"https:\/\/latamreports.com\/br\/wp-content\/uploads\/rock-in-rio.jpeg","type":"image\/jpeg"}],"author":"LatAm Reports Staff Writers","twitter_card":"summary_large_image","twitter_creator":"@latamreports","twitter_site":"@latamreports","twitter_misc":{"Written by":"LatAm Reports Staff Writers","Est. reading time":"3 minutes"},"schema":{"@context":"https:\/\/schema.org","@graph":[{"@type":"Article","@id":"https:\/\/latamreports.com\/br\/rock-in-rio-2026-abre-com-foo-fighters-e-maratona-de-190-shows\/#article","isPartOf":{"@id":"https:\/\/latamreports.com\/br\/rock-in-rio-2026-abre-com-foo-fighters-e-maratona-de-190-shows\/"},"author":{"name":"LatAm Reports Staff Writers","@id":"https:\/\/latamreports.com\/br\/#\/schema\/person\/52133b9a91aa135efa58ba7870bfcd9d"},"headline":"Rock in Rio 2026 abre com Foo Fighters e maratona de 190 shows","datePublished":"2026-09-04T13:40:11+00:00","dateModified":"2026-09-04T13:40:12+00:00","mainEntityOfPage":{"@id":"https:\/\/latamreports.com\/br\/rock-in-rio-2026-abre-com-foo-fighters-e-maratona-de-190-shows\/"},"wordCount":627,"publisher":{"@id":"https:\/\/latamreports.com\/br\/#organization"},"image":{"@id":"https:\/\/latamreports.com\/br\/rock-in-rio-2026-abre-com-foo-fighters-e-maratona-de-190-shows\/#primaryimage"},"thumbnailUrl":"https:\/\/latamreports.com\/br\/wp-content\/uploads\/rock-in-rio.jpeg","articleSection":["Entretenimento"],"inLanguage":"en-US"},{"@type":"WebPage","@id":"https:\/\/latamreports.com\/br\/rock-in-rio-2026-abre-com-foo-fighters-e-maratona-de-190-shows\/","url":"https:\/\/latamreports.com\/br\/rock-in-rio-2026-abre-com-foo-fighters-e-maratona-de-190-shows\/","name":"Rock in Rio 2026 abre com Foo Fighters e maratona de 190 shows - LatAm Reports","isPartOf":{"@id":"https:\/\/latamreports.com\/br\/#website"},"primaryImageOfPage":{"@id":"https:\/\/latamreports.com\/br\/rock-in-rio-2026-abre-com-foo-fighters-e-maratona-de-190-shows\/#primaryimage"},"image":{"@id":"https:\/\/latamreports.com\/br\/rock-in-rio-2026-abre-com-foo-fighters-e-maratona-de-190-shows\/#primaryimage"},"thumbnailUrl":"https:\/\/latamreports.com\/br\/wp-content\/uploads\/rock-in-rio.jpeg","datePublished":"2026-09-04T13:40:11+00:00","dateModified":"2026-09-04T13:40:12+00:00","breadcrumb":{"@id":"https:\/\/latamreports.com\/br\/rock-in-rio-2026-abre-com-foo-fighters-e-maratona-de-190-shows\/#breadcrumb"},"inLanguage":"en-US","potentialAction":[{"@type":"ReadAction","target":["https:\/\/latamreports.com\/br\/rock-in-rio-2026-abre-com-foo-fighters-e-maratona-de-190-shows\/"]}]},{"@type":"ImageObject","inLanguage":"en-US","@id":"https:\/\/latamreports.com\/br\/rock-in-rio-2026-abre-com-foo-fighters-e-maratona-de-190-shows\/#primaryimage","url":"https:\/\/latamreports.com\/br\/wp-content\/uploads\/rock-in-rio.jpeg","contentUrl":"https:\/\/latamreports.com\/br\/wp-content\/uploads\/rock-in-rio.jpeg","width":678,"height":452},{"@type":"BreadcrumbList","@id":"https:\/\/latamreports.com\/br\/rock-in-rio-2026-abre-com-foo-fighters-e-maratona-de-190-shows\/#breadcrumb","itemListElement":[{"@type":"ListItem","position":1,"name":"Home","item":"https:\/\/latamreports.com\/br\/"},{"@type":"ListItem","position":2,"name":"Rock in Rio 2026 abre com Foo Fighters e maratona de 190 shows"}]},{"@type":"WebSite","@id":"https:\/\/latamreports.com\/br\/#website","url":"https:\/\/latamreports.com\/br\/","name":"LatAm Reports","description":"Not\u00edcias e opini\u00f5es de todas as Am\u00e9ricas","publisher":{"@id":"https:\/\/latamreports.com\/br\/#organization"},"potentialAction":[{"@type":"SearchAction","target":{"@type":"EntryPoint","urlTemplate":"https:\/\/latamreports.com\/br\/?s={search_term_string}"},"query-input":{"@type":"PropertyValueSpecification","valueRequired":true,"valueName":"search_term_string"}}],"inLanguage":"en-US"},{"@type":"Organization","@id":"https:\/\/latamreports.com\/br\/#organization","name":"LatAm Reports","url":"https:\/\/latamreports.com\/br\/","logo":{"@type":"ImageObject","inLanguage":"en-US","@id":"https:\/\/latamreports.com\/br\/#\/schema\/logo\/image\/","url":"https:\/\/latamreports.com\/br\/wp-content\/uploads\/cropped-PNG2.png","contentUrl":"https:\/\/latamreports.com\/br\/wp-content\/uploads\/cropped-PNG2.png","width":2522,"height":1014,"caption":"LatAm Reports"},"image":{"@id":"https:\/\/latamreports.com\/br\/#\/schema\/logo\/image\/"},"sameAs":["https:\/\/facebook.com\/latamreports","https:\/\/x.com\/latamreports"]},{"@type":"Person","@id":"https:\/\/latamreports.com\/br\/#\/schema\/person\/52133b9a91aa135efa58ba7870bfcd9d","name":"LatAm Reports Staff Writers","image":{"@type":"ImageObject","inLanguage":"en-US","@id":"https:\/\/secure.gravatar.com\/avatar\/be5186a703a2e29312d4a496020b44478f03da958aa73bb670b0cc5279c28ab1?s=96&d=mm&r=g","url":"https:\/\/secure.gravatar.com\/avatar\/be5186a703a2e29312d4a496020b44478f03da958aa73bb670b0cc5279c28ab1?s=96&d=mm&r=g","contentUrl":"https:\/\/secure.gravatar.com\/avatar\/be5186a703a2e29312d4a496020b44478f03da958aa73bb670b0cc5279c28ab1?s=96&d=mm&r=g","caption":"LatAm Reports Staff Writers"},"sameAs":["https:\/\/latamreports.com\/br"]}]}},"jetpack_publicize_connections":[],"_links":{"self":[{"href":"https:\/\/latamreports.com\/br\/wp-json\/wp\/v2\/posts\/16022","targetHints":{"allow":["GET"]}}],"collection":[{"href":"https:\/\/latamreports.com\/br\/wp-json\/wp\/v2\/posts"}],"about":[{"href":"https:\/\/latamreports.com\/br\/wp-json\/wp\/v2\/types\/post"}],"author":[{"embeddable":true,"href":"https:\/\/latamreports.com\/br\/wp-json\/wp\/v2\/users\/1"}],"replies":[{"embeddable":true,"href":"https:\/\/latamreports.com\/br\/wp-json\/wp\/v2\/comments?post=16022"}],"version-history":[{"count":1,"href":"https:\/\/latamreports.com\/br\/wp-json\/wp\/v2\/posts\/16022\/revisions"}],"predecessor-version":[{"id":16024,"href":"https:\/\/latamreports.com\/br\/wp-json\/wp\/v2\/posts\/16022\/revisions\/16024"}],"wp:featuredmedia":[{"embeddable":true,"href":"https:\/\/latamreports.com\/br\/wp-json\/wp\/v2\/media\/16023"}],"wp:attachment":[{"href":"https:\/\/latamreports.com\/br\/wp-json\/wp\/v2\/media?parent=16022"}],"wp:term":[{"taxonomy":"category","embeddable":true,"href":"https:\/\/latamreports.com\/br\/wp-json\/wp\/v2\/categories?post=16022"},{"taxonomy":"post_tag","embeddable":true,"href":"https:\/\/latamreports.com\/br\/wp-json\/wp\/v2\/tags?post=16022"}],"curies":[{"name":"wp","href":"https:\/\/api.w.org\/{rel}","templated":true}]}}