{"id":16009,"date":"2026-09-01T13:10:21","date_gmt":"2026-09-01T13:10:21","guid":{"rendered":"https:\/\/latamreports.com\/br\/?p=16009"},"modified":"2026-09-01T13:10:23","modified_gmt":"2026-09-01T13:10:23","slug":"tse-suspende-propaganda-digital-e-repasses-do-fundo-eleitoral-a-renan-santos","status":"publish","type":"post","link":"https:\/\/latamreports.com\/br\/tse-suspende-propaganda-digital-e-repasses-do-fundo-eleitoral-a-renan-santos\/","title":{"rendered":"TSE suspende propaganda digital e repasses do Fundo Eleitoral a Renan Santos"},"content":{"rendered":"\n<p class=\"wp-block-paragraph\">O ministro Dias Toffoli, do Tribunal Superior Eleitoral (TSE), determinou a suspens\u00e3o da propaganda eleitoral digital, dos repasses do Fundo Eleitoral e da participa\u00e7\u00e3o em debates de r\u00e1dio, TV e podcasts da chapa presidencial de Renan Santos, do partido Miss\u00e3o. A decis\u00e3o, assinada na noite de domingo (30) e divulgada nesta segunda-feira (31), tamb\u00e9m afeta o vice na chapa, o coronel Aroldo Medina, conhecido como Coronel Medina, e teve como base o registro tardio de 16 perfis em redes sociais associados \u00e0 campanha, segundo apurou a <a href=\"https:\/\/www.cnnbrasil.com.br\/politica\/tse-suspende-campanha-de-renan-santos\/\">CNN Brasil<\/a>.<\/p>\n\n\n\n<p class=\"wp-block-paragraph\">De acordo com o processo, Santos \u2014 fundador do Movimento Brasil Livre (MBL) e coordenador do grupo antes de migrar para a pr\u00e9-candidatura \u2014 teve seu registro de candidatura protocolado em 7 de agosto, mas s\u00f3 declarou as contas nas redes sociais \u00e0 Justi\u00e7a Eleitoral em 19 de agosto, doze dias depois. A Lei das Elei\u00e7\u00f5es exige que perfis, sites e aplicativos de mensagens j\u00e1 existentes sejam informados no ato do registro; contas n\u00e3o declaradas anteriormente s\u00f3 podem passar a fazer campanha ap\u00f3s aviso pr\u00e9vio de 48 horas ao TSE.<\/p>\n\n\n\n<h2 class=\"wp-block-heading\">&#8220;Omiss\u00e3o estrat\u00e9gica&#8221;<\/h2>\n\n\n\n<p class=\"wp-block-paragraph\">Em sua decis\u00e3o, <a href=\"https:\/\/www.cnnbrasil.com.br\/eleicoes\/entenda-decisao-de-toffoli-que-suspendeu-campanha-de-renan-santos\/\">Toffoli classificou o atraso como uma poss\u00edvel &#8220;omiss\u00e3o estrat\u00e9gica&#8221;<\/a>, argumentando que perfis n\u00e3o informados continuam recebendo recomenda\u00e7\u00f5es dos algoritmos das plataformas como se fossem contas org\u00e2nicas, o que criaria vantagem indevida sobre concorrentes que cumpriram a norma dentro do prazo. O ministro determinou ainda que as plataformas digitais suspendam os perfis considerados irregulares e apresentem \u00e0 Corte dados sobre publica\u00e7\u00f5es, impulsionamento pago, an\u00fancios e alcance org\u00e2nico obtido pelas contas desde a data de cria\u00e7\u00e3o.<\/p>\n\n\n\n<p class=\"wp-block-paragraph\">A medida tem car\u00e1ter cautelar e n\u00e3o representa, por ora, a cassa\u00e7\u00e3o da candidatura. Renan Santos e seu partido t\u00eam 24 horas para explicar quando cada um dos 16 perfis passou a ser efetivamente usado para fins eleitorais e para informar se h\u00e1 outras contas ainda n\u00e3o declaradas. O TSE avisou que o descumprimento do prazo ou a constata\u00e7\u00e3o de novas omiss\u00f5es pode resultar em pedido de impugna\u00e7\u00e3o do registro de candidatura, segundo reportagem da <a href=\"https:\/\/www.cnnbrasil.com.br\/eleicoes\/renan-santos-ainda-e-candidato-apos-toffoli-suspender-campanha-entenda\/\">CNN Brasil<\/a>.<\/p>\n\n\n\n<h2 class=\"wp-block-heading\">Campanha nega irregularidade<\/h2>\n\n\n\n<p class=\"wp-block-paragraph\">Em nota e em pronunciamentos a apoiadores, Renan Santos classificou a decis\u00e3o como &#8220;injusta&#8221; e &#8220;ilegal&#8221;, chamando-a de &#8220;persecut\u00f3ria&#8221; e anunciando que vai recorrer da liminar junto ao plen\u00e1rio do TSE. Aliados do candidato afirmam que o atraso na atualiza\u00e7\u00e3o cadastral das redes foi uma falha administrativa, sem inten\u00e7\u00e3o de burlar as regras eleitorais.<\/p>\n\n\n\n<p class=\"wp-block-paragraph\">Fundador do MBL \u2014 movimento que ganhou proje\u00e7\u00e3o nas manifesta\u00e7\u00f5es de 2015 e 2016 contra o governo Dilma Rousseff \u2014 <a href=\"https:\/\/jovempan.com.br\/politica\/conheca-renan-santos-fundador-do-mbl-e-candidato-do-missao-a-presidencia\/\">Renan Santos disputa a Presid\u00eancia pela primeira vez<\/a>, tentando se posicionar como alternativa liberal e de direita fora do n\u00facleo bolsonarista. Enquanto o recurso n\u00e3o \u00e9 julgado, a chapa permanece formalmente inscrita, mas impedida de fazer propaganda paga ou org\u00e2nica na internet, de usar recursos do fundo p\u00fablico de campanha e de participar de debates \u2014 um baque para um candidato cuja estrat\u00e9gia eleitoral dependia fortemente das redes sociais.<\/p>\n\n\n\n<p class=\"wp-block-paragraph\">O caso deve ser reavaliado pelo TSE nos pr\u00f3ximos dias, \u00e0 medida que a Corte analisa tamb\u00e9m o m\u00e9rito do pr\u00f3prio registro de candidatura de Santos, ainda pendente de homologa\u00e7\u00e3o definitiva a menos de um m\u00eas da vota\u00e7\u00e3o, marcada para 4 de outubro.<\/p>\n","protected":false},"excerpt":{"rendered":"<p>O ministro Dias Toffoli, do Tribunal Superior Eleitoral (TSE), determinou a suspens\u00e3o da propaganda eleitoral digital, dos repasses do Fundo Eleitoral e da participa\u00e7\u00e3o em &#8230; <a title=\"TSE suspende propaganda digital e repasses do Fundo Eleitoral a Renan Santos\" class=\"read-more\" href=\"https:\/\/latamreports.com\/br\/tse-suspende-propaganda-digital-e-repasses-do-fundo-eleitoral-a-renan-santos\/\" aria-label=\"Read more about TSE suspende propaganda digital e repasses do Fundo Eleitoral a Renan Santos\">Read more<\/a><\/p>\n","protected":false},"author":1,"featured_media":16010,"comment_status":"closed","ping_status":"closed","sticky":false,"template":"","format":"standard","meta":{"footnotes":"","jetpack_publicize_message":"","jetpack_publicize_feature_enabled":true,"jetpack_social_post_already_shared":true,"jetpack_social_options":{"image_generator_settings":{"template":"highway","default_image_id":0,"font":"","enabled":false},"version":2}},"categories":[13],"tags":[],"class_list":["post-16009","post","type-post","status-publish","format-standard","has-post-thumbnail","hentry","category-politica","resize-featured-image"],"yoast_head":"<!-- This site is optimized with the Yoast SEO plugin v28.3 - https:\/\/yoast.com\/product\/yoast-seo-wordpress\/ -->\n<title>TSE suspende propaganda digital e repasses do Fundo Eleitoral a Renan Santos - LatAm Reports<\/title>\n<meta name=\"robots\" content=\"index, follow, max-snippet:-1, max-image-preview:large, max-video-preview:-1\" \/>\n<link rel=\"canonical\" href=\"https:\/\/latamreports.com\/br\/tse-suspende-propaganda-digital-e-repasses-do-fundo-eleitoral-a-renan-santos\/\" \/>\n<meta property=\"og:locale\" content=\"en_US\" \/>\n<meta property=\"og:type\" content=\"article\" \/>\n<meta property=\"og:title\" content=\"TSE suspende propaganda digital e repasses do Fundo Eleitoral a Renan Santos - LatAm Reports\" \/>\n<meta property=\"og:description\" content=\"O ministro Dias Toffoli, do Tribunal Superior Eleitoral (TSE), determinou a suspens\u00e3o da propaganda eleitoral digital, dos repasses do Fundo Eleitoral e da participa\u00e7\u00e3o em ... Read more\" \/>\n<meta property=\"og:url\" content=\"https:\/\/latamreports.com\/br\/tse-suspende-propaganda-digital-e-repasses-do-fundo-eleitoral-a-renan-santos\/\" \/>\n<meta property=\"og:site_name\" content=\"LatAm Reports\" \/>\n<meta property=\"article:publisher\" content=\"https:\/\/facebook.com\/latamreports\" \/>\n<meta property=\"article:published_time\" content=\"2026-09-01T13:10:21+00:00\" \/>\n<meta property=\"article:modified_time\" content=\"2026-09-01T13:10:23+00:00\" \/>\n<meta property=\"og:image\" content=\"https:\/\/latamreports.com\/br\/wp-content\/uploads\/renan-santos-candidato-presidente-eleicoes-2026-partido-missao-scaled-1.jpeg\" \/>\n\t<meta property=\"og:image:width\" content=\"2048\" \/>\n\t<meta property=\"og:image:height\" content=\"1365\" \/>\n\t<meta property=\"og:image:type\" content=\"image\/jpeg\" \/>\n<meta name=\"author\" content=\"LatAm Reports Staff Writers\" \/>\n<meta name=\"twitter:card\" content=\"summary_large_image\" \/>\n<meta name=\"twitter:creator\" content=\"@latamreports\" \/>\n<meta name=\"twitter:site\" content=\"@latamreports\" \/>\n<meta name=\"twitter:label1\" content=\"Written by\" \/>\n\t<meta name=\"twitter:data1\" content=\"LatAm Reports Staff Writers\" \/>\n\t<meta name=\"twitter:label2\" content=\"Est. reading time\" \/>\n\t<meta name=\"twitter:data2\" content=\"3 minutes\" \/>\n<script type=\"application\/ld+json\" class=\"yoast-schema-graph\">{\"@context\":\"https:\\\/\\\/schema.org\",\"@graph\":[{\"@type\":\"Article\",\"@id\":\"https:\\\/\\\/latamreports.com\\\/br\\\/tse-suspende-propaganda-digital-e-repasses-do-fundo-eleitoral-a-renan-santos\\\/#article\",\"isPartOf\":{\"@id\":\"https:\\\/\\\/latamreports.com\\\/br\\\/tse-suspende-propaganda-digital-e-repasses-do-fundo-eleitoral-a-renan-santos\\\/\"},\"author\":{\"name\":\"LatAm Reports Staff Writers\",\"@id\":\"https:\\\/\\\/latamreports.com\\\/br\\\/#\\\/schema\\\/person\\\/52133b9a91aa135efa58ba7870bfcd9d\"},\"headline\":\"TSE suspende propaganda digital e repasses do Fundo Eleitoral a Renan Santos\",\"datePublished\":\"2026-09-01T13:10:21+00:00\",\"dateModified\":\"2026-09-01T13:10:23+00:00\",\"mainEntityOfPage\":{\"@id\":\"https:\\\/\\\/latamreports.com\\\/br\\\/tse-suspende-propaganda-digital-e-repasses-do-fundo-eleitoral-a-renan-santos\\\/\"},\"wordCount\":567,\"publisher\":{\"@id\":\"https:\\\/\\\/latamreports.com\\\/br\\\/#organization\"},\"image\":{\"@id\":\"https:\\\/\\\/latamreports.com\\\/br\\\/tse-suspende-propaganda-digital-e-repasses-do-fundo-eleitoral-a-renan-santos\\\/#primaryimage\"},\"thumbnailUrl\":\"https:\\\/\\\/latamreports.com\\\/br\\\/wp-content\\\/uploads\\\/renan-santos-candidato-presidente-eleicoes-2026-partido-missao-scaled-1.jpeg\",\"articleSection\":[\"Pol\u00edtica\"],\"inLanguage\":\"en-US\"},{\"@type\":\"WebPage\",\"@id\":\"https:\\\/\\\/latamreports.com\\\/br\\\/tse-suspende-propaganda-digital-e-repasses-do-fundo-eleitoral-a-renan-santos\\\/\",\"url\":\"https:\\\/\\\/latamreports.com\\\/br\\\/tse-suspende-propaganda-digital-e-repasses-do-fundo-eleitoral-a-renan-santos\\\/\",\"name\":\"TSE suspende propaganda digital e repasses do Fundo Eleitoral a Renan Santos - LatAm Reports\",\"isPartOf\":{\"@id\":\"https:\\\/\\\/latamreports.com\\\/br\\\/#website\"},\"primaryImageOfPage\":{\"@id\":\"https:\\\/\\\/latamreports.com\\\/br\\\/tse-suspende-propaganda-digital-e-repasses-do-fundo-eleitoral-a-renan-santos\\\/#primaryimage\"},\"image\":{\"@id\":\"https:\\\/\\\/latamreports.com\\\/br\\\/tse-suspende-propaganda-digital-e-repasses-do-fundo-eleitoral-a-renan-santos\\\/#primaryimage\"},\"thumbnailUrl\":\"https:\\\/\\\/latamreports.com\\\/br\\\/wp-content\\\/uploads\\\/renan-santos-candidato-presidente-eleicoes-2026-partido-missao-scaled-1.jpeg\",\"datePublished\":\"2026-09-01T13:10:21+00:00\",\"dateModified\":\"2026-09-01T13:10:23+00:00\",\"breadcrumb\":{\"@id\":\"https:\\\/\\\/latamreports.com\\\/br\\\/tse-suspende-propaganda-digital-e-repasses-do-fundo-eleitoral-a-renan-santos\\\/#breadcrumb\"},\"inLanguage\":\"en-US\",\"potentialAction\":[{\"@type\":\"ReadAction\",\"target\":[\"https:\\\/\\\/latamreports.com\\\/br\\\/tse-suspende-propaganda-digital-e-repasses-do-fundo-eleitoral-a-renan-santos\\\/\"]}]},{\"@type\":\"ImageObject\",\"inLanguage\":\"en-US\",\"@id\":\"https:\\\/\\\/latamreports.com\\\/br\\\/tse-suspende-propaganda-digital-e-repasses-do-fundo-eleitoral-a-renan-santos\\\/#primaryimage\",\"url\":\"https:\\\/\\\/latamreports.com\\\/br\\\/wp-content\\\/uploads\\\/renan-santos-candidato-presidente-eleicoes-2026-partido-missao-scaled-1.jpeg\",\"contentUrl\":\"https:\\\/\\\/latamreports.com\\\/br\\\/wp-content\\\/uploads\\\/renan-santos-candidato-presidente-eleicoes-2026-partido-missao-scaled-1.jpeg\",\"width\":2048,\"height\":1365},{\"@type\":\"BreadcrumbList\",\"@id\":\"https:\\\/\\\/latamreports.com\\\/br\\\/tse-suspende-propaganda-digital-e-repasses-do-fundo-eleitoral-a-renan-santos\\\/#breadcrumb\",\"itemListElement\":[{\"@type\":\"ListItem\",\"position\":1,\"name\":\"Home\",\"item\":\"https:\\\/\\\/latamreports.com\\\/br\\\/\"},{\"@type\":\"ListItem\",\"position\":2,\"name\":\"TSE suspende propaganda digital e repasses do Fundo Eleitoral a Renan Santos\"}]},{\"@type\":\"WebSite\",\"@id\":\"https:\\\/\\\/latamreports.com\\\/br\\\/#website\",\"url\":\"https:\\\/\\\/latamreports.com\\\/br\\\/\",\"name\":\"LatAm Reports\",\"description\":\"Not\u00edcias e opini\u00f5es de todas as Am\u00e9ricas\",\"publisher\":{\"@id\":\"https:\\\/\\\/latamreports.com\\\/br\\\/#organization\"},\"potentialAction\":[{\"@type\":\"SearchAction\",\"target\":{\"@type\":\"EntryPoint\",\"urlTemplate\":\"https:\\\/\\\/latamreports.com\\\/br\\\/?s={search_term_string}\"},\"query-input\":{\"@type\":\"PropertyValueSpecification\",\"valueRequired\":true,\"valueName\":\"search_term_string\"}}],\"inLanguage\":\"en-US\"},{\"@type\":\"Organization\",\"@id\":\"https:\\\/\\\/latamreports.com\\\/br\\\/#organization\",\"name\":\"LatAm Reports\",\"url\":\"https:\\\/\\\/latamreports.com\\\/br\\\/\",\"logo\":{\"@type\":\"ImageObject\",\"inLanguage\":\"en-US\",\"@id\":\"https:\\\/\\\/latamreports.com\\\/br\\\/#\\\/schema\\\/logo\\\/image\\\/\",\"url\":\"https:\\\/\\\/latamreports.com\\\/br\\\/wp-content\\\/uploads\\\/cropped-PNG2.png\",\"contentUrl\":\"https:\\\/\\\/latamreports.com\\\/br\\\/wp-content\\\/uploads\\\/cropped-PNG2.png\",\"width\":2522,\"height\":1014,\"caption\":\"LatAm Reports\"},\"image\":{\"@id\":\"https:\\\/\\\/latamreports.com\\\/br\\\/#\\\/schema\\\/logo\\\/image\\\/\"},\"sameAs\":[\"https:\\\/\\\/facebook.com\\\/latamreports\",\"https:\\\/\\\/x.com\\\/latamreports\"]},{\"@type\":\"Person\",\"@id\":\"https:\\\/\\\/latamreports.com\\\/br\\\/#\\\/schema\\\/person\\\/52133b9a91aa135efa58ba7870bfcd9d\",\"name\":\"LatAm Reports Staff Writers\",\"image\":{\"@type\":\"ImageObject\",\"inLanguage\":\"en-US\",\"@id\":\"https:\\\/\\\/secure.gravatar.com\\\/avatar\\\/be5186a703a2e29312d4a496020b44478f03da958aa73bb670b0cc5279c28ab1?s=96&d=mm&r=g\",\"url\":\"https:\\\/\\\/secure.gravatar.com\\\/avatar\\\/be5186a703a2e29312d4a496020b44478f03da958aa73bb670b0cc5279c28ab1?s=96&d=mm&r=g\",\"contentUrl\":\"https:\\\/\\\/secure.gravatar.com\\\/avatar\\\/be5186a703a2e29312d4a496020b44478f03da958aa73bb670b0cc5279c28ab1?s=96&d=mm&r=g\",\"caption\":\"LatAm Reports Staff Writers\"},\"sameAs\":[\"https:\\\/\\\/latamreports.com\\\/br\"]}]}<\/script>\n<!-- \/ Yoast SEO plugin. -->","yoast_head_json":{"title":"TSE suspende propaganda digital e repasses do Fundo Eleitoral a Renan Santos - LatAm Reports","robots":{"index":"index","follow":"follow","max-snippet":"max-snippet:-1","max-image-preview":"max-image-preview:large","max-video-preview":"max-video-preview:-1"},"canonical":"https:\/\/latamreports.com\/br\/tse-suspende-propaganda-digital-e-repasses-do-fundo-eleitoral-a-renan-santos\/","og_locale":"en_US","og_type":"article","og_title":"TSE suspende propaganda digital e repasses do Fundo Eleitoral a Renan Santos - LatAm Reports","og_description":"O ministro Dias Toffoli, do Tribunal Superior Eleitoral (TSE), determinou a suspens\u00e3o da propaganda eleitoral digital, dos repasses do Fundo Eleitoral e da participa\u00e7\u00e3o em ... Read more","og_url":"https:\/\/latamreports.com\/br\/tse-suspende-propaganda-digital-e-repasses-do-fundo-eleitoral-a-renan-santos\/","og_site_name":"LatAm Reports","article_publisher":"https:\/\/facebook.com\/latamreports","article_published_time":"2026-09-01T13:10:21+00:00","article_modified_time":"2026-09-01T13:10:23+00:00","og_image":[{"width":2048,"height":1365,"url":"https:\/\/latamreports.com\/br\/wp-content\/uploads\/renan-santos-candidato-presidente-eleicoes-2026-partido-missao-scaled-1.jpeg","type":"image\/jpeg"}],"author":"LatAm Reports Staff Writers","twitter_card":"summary_large_image","twitter_creator":"@latamreports","twitter_site":"@latamreports","twitter_misc":{"Written by":"LatAm Reports Staff Writers","Est. reading time":"3 minutes"},"schema":{"@context":"https:\/\/schema.org","@graph":[{"@type":"Article","@id":"https:\/\/latamreports.com\/br\/tse-suspende-propaganda-digital-e-repasses-do-fundo-eleitoral-a-renan-santos\/#article","isPartOf":{"@id":"https:\/\/latamreports.com\/br\/tse-suspende-propaganda-digital-e-repasses-do-fundo-eleitoral-a-renan-santos\/"},"author":{"name":"LatAm Reports Staff Writers","@id":"https:\/\/latamreports.com\/br\/#\/schema\/person\/52133b9a91aa135efa58ba7870bfcd9d"},"headline":"TSE suspende propaganda digital e repasses do Fundo Eleitoral a Renan Santos","datePublished":"2026-09-01T13:10:21+00:00","dateModified":"2026-09-01T13:10:23+00:00","mainEntityOfPage":{"@id":"https:\/\/latamreports.com\/br\/tse-suspende-propaganda-digital-e-repasses-do-fundo-eleitoral-a-renan-santos\/"},"wordCount":567,"publisher":{"@id":"https:\/\/latamreports.com\/br\/#organization"},"image":{"@id":"https:\/\/latamreports.com\/br\/tse-suspende-propaganda-digital-e-repasses-do-fundo-eleitoral-a-renan-santos\/#primaryimage"},"thumbnailUrl":"https:\/\/latamreports.com\/br\/wp-content\/uploads\/renan-santos-candidato-presidente-eleicoes-2026-partido-missao-scaled-1.jpeg","articleSection":["Pol\u00edtica"],"inLanguage":"en-US"},{"@type":"WebPage","@id":"https:\/\/latamreports.com\/br\/tse-suspende-propaganda-digital-e-repasses-do-fundo-eleitoral-a-renan-santos\/","url":"https:\/\/latamreports.com\/br\/tse-suspende-propaganda-digital-e-repasses-do-fundo-eleitoral-a-renan-santos\/","name":"TSE suspende propaganda digital e repasses do Fundo Eleitoral a Renan Santos - LatAm Reports","isPartOf":{"@id":"https:\/\/latamreports.com\/br\/#website"},"primaryImageOfPage":{"@id":"https:\/\/latamreports.com\/br\/tse-suspende-propaganda-digital-e-repasses-do-fundo-eleitoral-a-renan-santos\/#primaryimage"},"image":{"@id":"https:\/\/latamreports.com\/br\/tse-suspende-propaganda-digital-e-repasses-do-fundo-eleitoral-a-renan-santos\/#primaryimage"},"thumbnailUrl":"https:\/\/latamreports.com\/br\/wp-content\/uploads\/renan-santos-candidato-presidente-eleicoes-2026-partido-missao-scaled-1.jpeg","datePublished":"2026-09-01T13:10:21+00:00","dateModified":"2026-09-01T13:10:23+00:00","breadcrumb":{"@id":"https:\/\/latamreports.com\/br\/tse-suspende-propaganda-digital-e-repasses-do-fundo-eleitoral-a-renan-santos\/#breadcrumb"},"inLanguage":"en-US","potentialAction":[{"@type":"ReadAction","target":["https:\/\/latamreports.com\/br\/tse-suspende-propaganda-digital-e-repasses-do-fundo-eleitoral-a-renan-santos\/"]}]},{"@type":"ImageObject","inLanguage":"en-US","@id":"https:\/\/latamreports.com\/br\/tse-suspende-propaganda-digital-e-repasses-do-fundo-eleitoral-a-renan-santos\/#primaryimage","url":"https:\/\/latamreports.com\/br\/wp-content\/uploads\/renan-santos-candidato-presidente-eleicoes-2026-partido-missao-scaled-1.jpeg","contentUrl":"https:\/\/latamreports.com\/br\/wp-content\/uploads\/renan-santos-candidato-presidente-eleicoes-2026-partido-missao-scaled-1.jpeg","width":2048,"height":1365},{"@type":"BreadcrumbList","@id":"https:\/\/latamreports.com\/br\/tse-suspende-propaganda-digital-e-repasses-do-fundo-eleitoral-a-renan-santos\/#breadcrumb","itemListElement":[{"@type":"ListItem","position":1,"name":"Home","item":"https:\/\/latamreports.com\/br\/"},{"@type":"ListItem","position":2,"name":"TSE suspende propaganda digital e repasses do Fundo Eleitoral a Renan Santos"}]},{"@type":"WebSite","@id":"https:\/\/latamreports.com\/br\/#website","url":"https:\/\/latamreports.com\/br\/","name":"LatAm Reports","description":"Not\u00edcias e opini\u00f5es de todas as Am\u00e9ricas","publisher":{"@id":"https:\/\/latamreports.com\/br\/#organization"},"potentialAction":[{"@type":"SearchAction","target":{"@type":"EntryPoint","urlTemplate":"https:\/\/latamreports.com\/br\/?s={search_term_string}"},"query-input":{"@type":"PropertyValueSpecification","valueRequired":true,"valueName":"search_term_string"}}],"inLanguage":"en-US"},{"@type":"Organization","@id":"https:\/\/latamreports.com\/br\/#organization","name":"LatAm Reports","url":"https:\/\/latamreports.com\/br\/","logo":{"@type":"ImageObject","inLanguage":"en-US","@id":"https:\/\/latamreports.com\/br\/#\/schema\/logo\/image\/","url":"https:\/\/latamreports.com\/br\/wp-content\/uploads\/cropped-PNG2.png","contentUrl":"https:\/\/latamreports.com\/br\/wp-content\/uploads\/cropped-PNG2.png","width":2522,"height":1014,"caption":"LatAm Reports"},"image":{"@id":"https:\/\/latamreports.com\/br\/#\/schema\/logo\/image\/"},"sameAs":["https:\/\/facebook.com\/latamreports","https:\/\/x.com\/latamreports"]},{"@type":"Person","@id":"https:\/\/latamreports.com\/br\/#\/schema\/person\/52133b9a91aa135efa58ba7870bfcd9d","name":"LatAm Reports Staff Writers","image":{"@type":"ImageObject","inLanguage":"en-US","@id":"https:\/\/secure.gravatar.com\/avatar\/be5186a703a2e29312d4a496020b44478f03da958aa73bb670b0cc5279c28ab1?s=96&d=mm&r=g","url":"https:\/\/secure.gravatar.com\/avatar\/be5186a703a2e29312d4a496020b44478f03da958aa73bb670b0cc5279c28ab1?s=96&d=mm&r=g","contentUrl":"https:\/\/secure.gravatar.com\/avatar\/be5186a703a2e29312d4a496020b44478f03da958aa73bb670b0cc5279c28ab1?s=96&d=mm&r=g","caption":"LatAm Reports Staff Writers"},"sameAs":["https:\/\/latamreports.com\/br"]}]}},"jetpack_publicize_connections":[],"_links":{"self":[{"href":"https:\/\/latamreports.com\/br\/wp-json\/wp\/v2\/posts\/16009","targetHints":{"allow":["GET"]}}],"collection":[{"href":"https:\/\/latamreports.com\/br\/wp-json\/wp\/v2\/posts"}],"about":[{"href":"https:\/\/latamreports.com\/br\/wp-json\/wp\/v2\/types\/post"}],"author":[{"embeddable":true,"href":"https:\/\/latamreports.com\/br\/wp-json\/wp\/v2\/users\/1"}],"replies":[{"embeddable":true,"href":"https:\/\/latamreports.com\/br\/wp-json\/wp\/v2\/comments?post=16009"}],"version-history":[{"count":1,"href":"https:\/\/latamreports.com\/br\/wp-json\/wp\/v2\/posts\/16009\/revisions"}],"predecessor-version":[{"id":16011,"href":"https:\/\/latamreports.com\/br\/wp-json\/wp\/v2\/posts\/16009\/revisions\/16011"}],"wp:featuredmedia":[{"embeddable":true,"href":"https:\/\/latamreports.com\/br\/wp-json\/wp\/v2\/media\/16010"}],"wp:attachment":[{"href":"https:\/\/latamreports.com\/br\/wp-json\/wp\/v2\/media?parent=16009"}],"wp:term":[{"taxonomy":"category","embeddable":true,"href":"https:\/\/latamreports.com\/br\/wp-json\/wp\/v2\/categories?post=16009"},{"taxonomy":"post_tag","embeddable":true,"href":"https:\/\/latamreports.com\/br\/wp-json\/wp\/v2\/tags?post=16009"}],"curies":[{"name":"wp","href":"https:\/\/api.w.org\/{rel}","templated":true}]}}