{"id":15495,"date":"2026-04-30T22:35:02","date_gmt":"2026-04-30T22:35:02","guid":{"rendered":"https:\/\/latamreports.com\/br\/?p=15495"},"modified":"2026-04-30T22:35:03","modified_gmt":"2026-04-30T22:35:03","slug":"mensagem-interceptada-liga-familia-de-marcinho-vp-a-chefe-do-comando-vermelho-diz-policia","status":"publish","type":"post","link":"https:\/\/latamreports.com\/br\/mensagem-interceptada-liga-familia-de-marcinho-vp-a-chefe-do-comando-vermelho-diz-policia\/","title":{"rendered":"Mensagem interceptada liga fam\u00edlia de Marcinho VP a chefe do Comando Vermelho, diz pol\u00edcia"},"content":{"rendered":"\n<p>Uma mensagem encontrada no celular de M\u00e1rcia Garcia, mulher de Marcinho VP, revelou a conex\u00e3o da fam\u00edlia com Edgar Alves de Andrade, o Doca. Ele \u00e9 um dos chefes do Comando Vermelho. Na conversa, M\u00e1rcia pede que &#8220;Preto&#8221; busque R$ 10 mil com &#8220;DC&#8221; \u2014 sigla que, segundo a pol\u00edcia, se refere a Doca.<\/p>\n\n\n\n<p>&#8220;Vai no DC. Preciso pagar o cart\u00e3o. Emprestado. Para mim. Pedir 10&#8221;, escreveu a empres\u00e1ria. De acordo com os investigadores, &#8220;Preto&#8221; \u00e9 Mauro Nepomuceno, o rapper Oruam, filho de M\u00e1rcia. Ele responde de forma direta: &#8220;Vou l\u00e1.&#8221;<\/p>\n\n\n\n<p>A mensagem foi interceptada durante investiga\u00e7\u00f5es que duraram cerca de um ano. Por essa raz\u00e3o, a Delegacia de Repress\u00e3o a Entorpecentes (DRE) deflagrou nesta quarta-feira (29) uma nova fase da Opera\u00e7\u00e3o Conten\u00e7\u00e3o. A a\u00e7\u00e3o mira a estrutura financeira do CV e o esquema de lavagem de dinheiro da fac\u00e7\u00e3o. Ao todo, 12 mandados de pris\u00e3o preventiva foram expedidos.<\/p>\n\n\n\n<p>Marcinho VP est\u00e1 preso h\u00e1 quase 30 anos. Mesmo assim, segundo a pol\u00edcia, ele segue obtendo dinheiro il\u00edcito do tr\u00e1fico e mant\u00e9m influ\u00eancia direta na hierarquia do Comando Vermelho. &#8220;A fam\u00edlia dele usufrui, gerencia, lava e oculta esse dinheiro por meio de im\u00f3veis e com\u00e9rcios&#8221;, afirmou a delegada Iasminy Vergetti.<\/p>\n\n\n\n<p>Al\u00e9m de Marcinho VP, s\u00e3o alvos da opera\u00e7\u00e3o M\u00e1rcia, Oruam e o irm\u00e3o Lucas Nepomuceno, o Lucca. Oruam j\u00e1 era foragido desde fevereiro por violar regras da tornozeleira eletr\u00f4nica. Anteriormente, M\u00e1rcia havia sido alvo de pris\u00e3o em mar\u00e7o, mas n\u00e3o foi encontrada. No in\u00edcio de abril, a Justi\u00e7a chegou a conceder habeas corpus a ela. Contudo, a nova fase trouxe um mandado in\u00e9dito.<\/p>\n\n\n\n<p>Agentes estiveram em dois endere\u00e7os de Oruam \u2014 uma casa na Freguesia, em Jacarepagu\u00e1, e uma mans\u00e3o em Angra dos Reis. Todavia, o rapper n\u00e3o foi localizado. As casas de Lucca, no Recreio dos Bandeirantes, e de M\u00e1rcia, em Jacarepagu\u00e1, tamb\u00e9m foram vasculhadas sem sucesso.<\/p>\n\n\n\n<p>Apenas um homem foi preso. Carlos Alexandre Martins da Silva, apontado como operador financeiro do CV, foi encontrado no Morro do Adeus, no Complexo do Alem\u00e3o. Al\u00e9m dele, chef\u00f5es da fac\u00e7\u00e3o que j\u00e1 eram foragidos em outros processos constam na lista de procurados: Sam da CDD, Doca, 2D, Pez\u00e3o e Abelha.<\/p>\n\n\n\n<p>Segundo a DRE, os suspeitos tinham movimenta\u00e7\u00f5es financeiras incompat\u00edveis com as rendas declaradas. Os recursos do tr\u00e1fico eram fragmentados em contas de terceiros e usados para compra de bens e oculta\u00e7\u00e3o patrimonial. Por conseguinte, a opera\u00e7\u00e3o busca desmontar toda a engrenagem financeira do Comando Vermelho.<\/p>\n\n\n\n<p>O advogado de M\u00e1rcia afirmou que ela \u00e9 prim\u00e1ria, n\u00e3o tem antecedentes e exerce atividade l\u00edcita. As defesas de Oruam, Lucca e Carlos Alexandre disseram que n\u00e3o tiveram acesso aos autos. A Opera\u00e7\u00e3o Conten\u00e7\u00e3o j\u00e1 resultou em mais de 300 capturados, cerca de 470 armas apreendidas \u2014 incluindo 190 fuzis \u2014 e mais de 51 mil muni\u00e7\u00f5es recolhidas.<\/p>\n","protected":false},"excerpt":{"rendered":"<p>Uma mensagem encontrada no celular de M\u00e1rcia Garcia, mulher de Marcinho VP, revelou a conex\u00e3o da fam\u00edlia com Edgar Alves de Andrade, o Doca. Ele &#8230; <a title=\"Mensagem interceptada liga fam\u00edlia de Marcinho VP a chefe do Comando Vermelho, diz pol\u00edcia\" class=\"read-more\" href=\"https:\/\/latamreports.com\/br\/mensagem-interceptada-liga-familia-de-marcinho-vp-a-chefe-do-comando-vermelho-diz-policia\/\" aria-label=\"Read more about Mensagem interceptada liga fam\u00edlia de Marcinho VP a chefe do Comando Vermelho, diz pol\u00edcia\">Read more<\/a><\/p>\n","protected":false},"author":7,"featured_media":15496,"comment_status":"closed","ping_status":"closed","sticky":false,"template":"","format":"standard","meta":{"footnotes":"","jetpack_publicize_message":"","jetpack_publicize_feature_enabled":true,"jetpack_social_post_already_shared":true,"jetpack_social_options":{"image_generator_settings":{"template":"highway","default_image_id":0,"font":"","enabled":false},"version":2}},"categories":[2],"tags":[],"class_list":["post-15495","post","type-post","status-publish","format-standard","has-post-thumbnail","hentry","category-negocios","resize-featured-image"],"yoast_head":"<!-- This site is optimized with the Yoast SEO plugin v27.5 - https:\/\/yoast.com\/product\/yoast-seo-wordpress\/ -->\n<title>Mensagem interceptada liga fam\u00edlia de Marcinho VP a chefe do CV<\/title>\n<meta name=\"description\" content=\"Uma mensagem encontrada no celular de M\u00e1rcia Garcia, mulher de Marcinho VP, revelou a conex\u00e3o da fam\u00edlia com Edgar Alves de Andrade\" \/>\n<meta name=\"robots\" content=\"index, follow, max-snippet:-1, max-image-preview:large, max-video-preview:-1\" \/>\n<link rel=\"canonical\" href=\"https:\/\/latamreports.com\/br\/mensagem-interceptada-liga-familia-de-marcinho-vp-a-chefe-do-comando-vermelho-diz-policia\/\" \/>\n<meta property=\"og:locale\" content=\"en_US\" \/>\n<meta property=\"og:type\" content=\"article\" \/>\n<meta property=\"og:title\" content=\"Mensagem interceptada liga fam\u00edlia de Marcinho VP a chefe do CV\" \/>\n<meta property=\"og:description\" content=\"Uma mensagem encontrada no celular de M\u00e1rcia Garcia, mulher de Marcinho VP, revelou a conex\u00e3o da fam\u00edlia com Edgar Alves de Andrade\" \/>\n<meta property=\"og:url\" content=\"https:\/\/latamreports.com\/br\/mensagem-interceptada-liga-familia-de-marcinho-vp-a-chefe-do-comando-vermelho-diz-policia\/\" \/>\n<meta property=\"og:site_name\" content=\"LatAm Reports\" \/>\n<meta property=\"article:publisher\" content=\"https:\/\/facebook.com\/latamreports\" \/>\n<meta property=\"article:published_time\" content=\"2026-04-30T22:35:02+00:00\" \/>\n<meta property=\"article:modified_time\" content=\"2026-04-30T22:35:03+00:00\" \/>\n<meta property=\"og:image\" content=\"https:\/\/latamreports.com\/br\/wp-content\/uploads\/marcinho-vp.png\" \/>\n\t<meta property=\"og:image:width\" content=\"1200\" \/>\n\t<meta property=\"og:image:height\" content=\"630\" \/>\n\t<meta property=\"og:image:type\" content=\"image\/png\" \/>\n<meta name=\"author\" content=\"LatAm Reports Redatores da Equipe\" \/>\n<meta name=\"twitter:card\" content=\"summary_large_image\" \/>\n<meta name=\"twitter:creator\" content=\"@latamreports\" \/>\n<meta name=\"twitter:site\" content=\"@latamreports\" \/>\n<meta name=\"twitter:label1\" content=\"Written by\" \/>\n\t<meta name=\"twitter:data1\" content=\"LatAm Reports Redatores da Equipe\" \/>\n\t<meta name=\"twitter:label2\" content=\"Est. reading time\" \/>\n\t<meta name=\"twitter:data2\" content=\"3 minutes\" \/>\n<script type=\"application\/ld+json\" class=\"yoast-schema-graph\">{\"@context\":\"https:\\\/\\\/schema.org\",\"@graph\":[{\"@type\":\"Article\",\"@id\":\"https:\\\/\\\/latamreports.com\\\/br\\\/mensagem-interceptada-liga-familia-de-marcinho-vp-a-chefe-do-comando-vermelho-diz-policia\\\/#article\",\"isPartOf\":{\"@id\":\"https:\\\/\\\/latamreports.com\\\/br\\\/mensagem-interceptada-liga-familia-de-marcinho-vp-a-chefe-do-comando-vermelho-diz-policia\\\/\"},\"author\":{\"name\":\"LatAm Reports Redatores da Equipe\",\"@id\":\"https:\\\/\\\/latamreports.com\\\/br\\\/#\\\/schema\\\/person\\\/a561f2de7e5ccabfab38d239b39fdb70\"},\"headline\":\"Mensagem interceptada liga fam\u00edlia de Marcinho VP a chefe do Comando Vermelho, diz pol\u00edcia\",\"datePublished\":\"2026-04-30T22:35:02+00:00\",\"dateModified\":\"2026-04-30T22:35:03+00:00\",\"mainEntityOfPage\":{\"@id\":\"https:\\\/\\\/latamreports.com\\\/br\\\/mensagem-interceptada-liga-familia-de-marcinho-vp-a-chefe-do-comando-vermelho-diz-policia\\\/\"},\"wordCount\":521,\"publisher\":{\"@id\":\"https:\\\/\\\/latamreports.com\\\/br\\\/#organization\"},\"image\":{\"@id\":\"https:\\\/\\\/latamreports.com\\\/br\\\/mensagem-interceptada-liga-familia-de-marcinho-vp-a-chefe-do-comando-vermelho-diz-policia\\\/#primaryimage\"},\"thumbnailUrl\":\"https:\\\/\\\/latamreports.com\\\/br\\\/wp-content\\\/uploads\\\/marcinho-vp.png\",\"articleSection\":[\"Neg\u00f3cios\"],\"inLanguage\":\"en-US\"},{\"@type\":\"WebPage\",\"@id\":\"https:\\\/\\\/latamreports.com\\\/br\\\/mensagem-interceptada-liga-familia-de-marcinho-vp-a-chefe-do-comando-vermelho-diz-policia\\\/\",\"url\":\"https:\\\/\\\/latamreports.com\\\/br\\\/mensagem-interceptada-liga-familia-de-marcinho-vp-a-chefe-do-comando-vermelho-diz-policia\\\/\",\"name\":\"Mensagem interceptada liga fam\u00edlia de Marcinho VP a chefe do CV\",\"isPartOf\":{\"@id\":\"https:\\\/\\\/latamreports.com\\\/br\\\/#website\"},\"primaryImageOfPage\":{\"@id\":\"https:\\\/\\\/latamreports.com\\\/br\\\/mensagem-interceptada-liga-familia-de-marcinho-vp-a-chefe-do-comando-vermelho-diz-policia\\\/#primaryimage\"},\"image\":{\"@id\":\"https:\\\/\\\/latamreports.com\\\/br\\\/mensagem-interceptada-liga-familia-de-marcinho-vp-a-chefe-do-comando-vermelho-diz-policia\\\/#primaryimage\"},\"thumbnailUrl\":\"https:\\\/\\\/latamreports.com\\\/br\\\/wp-content\\\/uploads\\\/marcinho-vp.png\",\"datePublished\":\"2026-04-30T22:35:02+00:00\",\"dateModified\":\"2026-04-30T22:35:03+00:00\",\"description\":\"Uma mensagem encontrada no celular de M\u00e1rcia Garcia, mulher de Marcinho VP, revelou a conex\u00e3o da fam\u00edlia com Edgar Alves de Andrade\",\"breadcrumb\":{\"@id\":\"https:\\\/\\\/latamreports.com\\\/br\\\/mensagem-interceptada-liga-familia-de-marcinho-vp-a-chefe-do-comando-vermelho-diz-policia\\\/#breadcrumb\"},\"inLanguage\":\"en-US\",\"potentialAction\":[{\"@type\":\"ReadAction\",\"target\":[\"https:\\\/\\\/latamreports.com\\\/br\\\/mensagem-interceptada-liga-familia-de-marcinho-vp-a-chefe-do-comando-vermelho-diz-policia\\\/\"]}]},{\"@type\":\"ImageObject\",\"inLanguage\":\"en-US\",\"@id\":\"https:\\\/\\\/latamreports.com\\\/br\\\/mensagem-interceptada-liga-familia-de-marcinho-vp-a-chefe-do-comando-vermelho-diz-policia\\\/#primaryimage\",\"url\":\"https:\\\/\\\/latamreports.com\\\/br\\\/wp-content\\\/uploads\\\/marcinho-vp.png\",\"contentUrl\":\"https:\\\/\\\/latamreports.com\\\/br\\\/wp-content\\\/uploads\\\/marcinho-vp.png\",\"width\":1200,\"height\":630,\"caption\":\"Mensagem interceptada liga fam\u00edlia de Marcinho VP a chefe do Comando Vermelho, diz pol\u00edcia\"},{\"@type\":\"BreadcrumbList\",\"@id\":\"https:\\\/\\\/latamreports.com\\\/br\\\/mensagem-interceptada-liga-familia-de-marcinho-vp-a-chefe-do-comando-vermelho-diz-policia\\\/#breadcrumb\",\"itemListElement\":[{\"@type\":\"ListItem\",\"position\":1,\"name\":\"Home\",\"item\":\"https:\\\/\\\/latamreports.com\\\/br\\\/\"},{\"@type\":\"ListItem\",\"position\":2,\"name\":\"Mensagem interceptada liga fam\u00edlia de Marcinho VP a chefe do Comando Vermelho, diz pol\u00edcia\"}]},{\"@type\":\"WebSite\",\"@id\":\"https:\\\/\\\/latamreports.com\\\/br\\\/#website\",\"url\":\"https:\\\/\\\/latamreports.com\\\/br\\\/\",\"name\":\"LatAm Reports\",\"description\":\"Not\u00edcias e opini\u00f5es de todas as Am\u00e9ricas\",\"publisher\":{\"@id\":\"https:\\\/\\\/latamreports.com\\\/br\\\/#organization\"},\"potentialAction\":[{\"@type\":\"SearchAction\",\"target\":{\"@type\":\"EntryPoint\",\"urlTemplate\":\"https:\\\/\\\/latamreports.com\\\/br\\\/?s={search_term_string}\"},\"query-input\":{\"@type\":\"PropertyValueSpecification\",\"valueRequired\":true,\"valueName\":\"search_term_string\"}}],\"inLanguage\":\"en-US\"},{\"@type\":\"Organization\",\"@id\":\"https:\\\/\\\/latamreports.com\\\/br\\\/#organization\",\"name\":\"LatAm Reports\",\"url\":\"https:\\\/\\\/latamreports.com\\\/br\\\/\",\"logo\":{\"@type\":\"ImageObject\",\"inLanguage\":\"en-US\",\"@id\":\"https:\\\/\\\/latamreports.com\\\/br\\\/#\\\/schema\\\/logo\\\/image\\\/\",\"url\":\"https:\\\/\\\/latamreports.com\\\/br\\\/wp-content\\\/uploads\\\/cropped-PNG2.png\",\"contentUrl\":\"https:\\\/\\\/latamreports.com\\\/br\\\/wp-content\\\/uploads\\\/cropped-PNG2.png\",\"width\":2522,\"height\":1014,\"caption\":\"LatAm Reports\"},\"image\":{\"@id\":\"https:\\\/\\\/latamreports.com\\\/br\\\/#\\\/schema\\\/logo\\\/image\\\/\"},\"sameAs\":[\"https:\\\/\\\/facebook.com\\\/latamreports\",\"https:\\\/\\\/x.com\\\/latamreports\"]},{\"@type\":\"Person\",\"@id\":\"https:\\\/\\\/latamreports.com\\\/br\\\/#\\\/schema\\\/person\\\/a561f2de7e5ccabfab38d239b39fdb70\",\"name\":\"LatAm Reports Redatores da Equipe\",\"image\":{\"@type\":\"ImageObject\",\"inLanguage\":\"en-US\",\"@id\":\"https:\\\/\\\/secure.gravatar.com\\\/avatar\\\/dcdcc93cc5edddd2f3ef77245866172c7d7241a11ad58e1959aa824f2fae81f6?s=96&d=mm&r=g\",\"url\":\"https:\\\/\\\/secure.gravatar.com\\\/avatar\\\/dcdcc93cc5edddd2f3ef77245866172c7d7241a11ad58e1959aa824f2fae81f6?s=96&d=mm&r=g\",\"contentUrl\":\"https:\\\/\\\/secure.gravatar.com\\\/avatar\\\/dcdcc93cc5edddd2f3ef77245866172c7d7241a11ad58e1959aa824f2fae81f6?s=96&d=mm&r=g\",\"caption\":\"LatAm Reports Redatores da Equipe\"}}]}<\/script>\n<!-- \/ Yoast SEO plugin. -->","yoast_head_json":{"title":"Mensagem interceptada liga fam\u00edlia de Marcinho VP a chefe do CV","description":"Uma mensagem encontrada no celular de M\u00e1rcia Garcia, mulher de Marcinho VP, revelou a conex\u00e3o da fam\u00edlia com Edgar Alves de Andrade","robots":{"index":"index","follow":"follow","max-snippet":"max-snippet:-1","max-image-preview":"max-image-preview:large","max-video-preview":"max-video-preview:-1"},"canonical":"https:\/\/latamreports.com\/br\/mensagem-interceptada-liga-familia-de-marcinho-vp-a-chefe-do-comando-vermelho-diz-policia\/","og_locale":"en_US","og_type":"article","og_title":"Mensagem interceptada liga fam\u00edlia de Marcinho VP a chefe do CV","og_description":"Uma mensagem encontrada no celular de M\u00e1rcia Garcia, mulher de Marcinho VP, revelou a conex\u00e3o da fam\u00edlia com Edgar Alves de Andrade","og_url":"https:\/\/latamreports.com\/br\/mensagem-interceptada-liga-familia-de-marcinho-vp-a-chefe-do-comando-vermelho-diz-policia\/","og_site_name":"LatAm Reports","article_publisher":"https:\/\/facebook.com\/latamreports","article_published_time":"2026-04-30T22:35:02+00:00","article_modified_time":"2026-04-30T22:35:03+00:00","og_image":[{"width":1200,"height":630,"url":"https:\/\/latamreports.com\/br\/wp-content\/uploads\/marcinho-vp.png","type":"image\/png"}],"author":"LatAm Reports Redatores da Equipe","twitter_card":"summary_large_image","twitter_creator":"@latamreports","twitter_site":"@latamreports","twitter_misc":{"Written by":"LatAm Reports Redatores da Equipe","Est. reading time":"3 minutes"},"schema":{"@context":"https:\/\/schema.org","@graph":[{"@type":"Article","@id":"https:\/\/latamreports.com\/br\/mensagem-interceptada-liga-familia-de-marcinho-vp-a-chefe-do-comando-vermelho-diz-policia\/#article","isPartOf":{"@id":"https:\/\/latamreports.com\/br\/mensagem-interceptada-liga-familia-de-marcinho-vp-a-chefe-do-comando-vermelho-diz-policia\/"},"author":{"name":"LatAm Reports Redatores da Equipe","@id":"https:\/\/latamreports.com\/br\/#\/schema\/person\/a561f2de7e5ccabfab38d239b39fdb70"},"headline":"Mensagem interceptada liga fam\u00edlia de Marcinho VP a chefe do Comando Vermelho, diz pol\u00edcia","datePublished":"2026-04-30T22:35:02+00:00","dateModified":"2026-04-30T22:35:03+00:00","mainEntityOfPage":{"@id":"https:\/\/latamreports.com\/br\/mensagem-interceptada-liga-familia-de-marcinho-vp-a-chefe-do-comando-vermelho-diz-policia\/"},"wordCount":521,"publisher":{"@id":"https:\/\/latamreports.com\/br\/#organization"},"image":{"@id":"https:\/\/latamreports.com\/br\/mensagem-interceptada-liga-familia-de-marcinho-vp-a-chefe-do-comando-vermelho-diz-policia\/#primaryimage"},"thumbnailUrl":"https:\/\/latamreports.com\/br\/wp-content\/uploads\/marcinho-vp.png","articleSection":["Neg\u00f3cios"],"inLanguage":"en-US"},{"@type":"WebPage","@id":"https:\/\/latamreports.com\/br\/mensagem-interceptada-liga-familia-de-marcinho-vp-a-chefe-do-comando-vermelho-diz-policia\/","url":"https:\/\/latamreports.com\/br\/mensagem-interceptada-liga-familia-de-marcinho-vp-a-chefe-do-comando-vermelho-diz-policia\/","name":"Mensagem interceptada liga fam\u00edlia de Marcinho VP a chefe do CV","isPartOf":{"@id":"https:\/\/latamreports.com\/br\/#website"},"primaryImageOfPage":{"@id":"https:\/\/latamreports.com\/br\/mensagem-interceptada-liga-familia-de-marcinho-vp-a-chefe-do-comando-vermelho-diz-policia\/#primaryimage"},"image":{"@id":"https:\/\/latamreports.com\/br\/mensagem-interceptada-liga-familia-de-marcinho-vp-a-chefe-do-comando-vermelho-diz-policia\/#primaryimage"},"thumbnailUrl":"https:\/\/latamreports.com\/br\/wp-content\/uploads\/marcinho-vp.png","datePublished":"2026-04-30T22:35:02+00:00","dateModified":"2026-04-30T22:35:03+00:00","description":"Uma mensagem encontrada no celular de M\u00e1rcia Garcia, mulher de Marcinho VP, revelou a conex\u00e3o da fam\u00edlia com Edgar Alves de Andrade","breadcrumb":{"@id":"https:\/\/latamreports.com\/br\/mensagem-interceptada-liga-familia-de-marcinho-vp-a-chefe-do-comando-vermelho-diz-policia\/#breadcrumb"},"inLanguage":"en-US","potentialAction":[{"@type":"ReadAction","target":["https:\/\/latamreports.com\/br\/mensagem-interceptada-liga-familia-de-marcinho-vp-a-chefe-do-comando-vermelho-diz-policia\/"]}]},{"@type":"ImageObject","inLanguage":"en-US","@id":"https:\/\/latamreports.com\/br\/mensagem-interceptada-liga-familia-de-marcinho-vp-a-chefe-do-comando-vermelho-diz-policia\/#primaryimage","url":"https:\/\/latamreports.com\/br\/wp-content\/uploads\/marcinho-vp.png","contentUrl":"https:\/\/latamreports.com\/br\/wp-content\/uploads\/marcinho-vp.png","width":1200,"height":630,"caption":"Mensagem interceptada liga fam\u00edlia de Marcinho VP a chefe do Comando Vermelho, diz pol\u00edcia"},{"@type":"BreadcrumbList","@id":"https:\/\/latamreports.com\/br\/mensagem-interceptada-liga-familia-de-marcinho-vp-a-chefe-do-comando-vermelho-diz-policia\/#breadcrumb","itemListElement":[{"@type":"ListItem","position":1,"name":"Home","item":"https:\/\/latamreports.com\/br\/"},{"@type":"ListItem","position":2,"name":"Mensagem interceptada liga fam\u00edlia de Marcinho VP a chefe do Comando Vermelho, diz pol\u00edcia"}]},{"@type":"WebSite","@id":"https:\/\/latamreports.com\/br\/#website","url":"https:\/\/latamreports.com\/br\/","name":"LatAm Reports","description":"Not\u00edcias e opini\u00f5es de todas as Am\u00e9ricas","publisher":{"@id":"https:\/\/latamreports.com\/br\/#organization"},"potentialAction":[{"@type":"SearchAction","target":{"@type":"EntryPoint","urlTemplate":"https:\/\/latamreports.com\/br\/?s={search_term_string}"},"query-input":{"@type":"PropertyValueSpecification","valueRequired":true,"valueName":"search_term_string"}}],"inLanguage":"en-US"},{"@type":"Organization","@id":"https:\/\/latamreports.com\/br\/#organization","name":"LatAm Reports","url":"https:\/\/latamreports.com\/br\/","logo":{"@type":"ImageObject","inLanguage":"en-US","@id":"https:\/\/latamreports.com\/br\/#\/schema\/logo\/image\/","url":"https:\/\/latamreports.com\/br\/wp-content\/uploads\/cropped-PNG2.png","contentUrl":"https:\/\/latamreports.com\/br\/wp-content\/uploads\/cropped-PNG2.png","width":2522,"height":1014,"caption":"LatAm Reports"},"image":{"@id":"https:\/\/latamreports.com\/br\/#\/schema\/logo\/image\/"},"sameAs":["https:\/\/facebook.com\/latamreports","https:\/\/x.com\/latamreports"]},{"@type":"Person","@id":"https:\/\/latamreports.com\/br\/#\/schema\/person\/a561f2de7e5ccabfab38d239b39fdb70","name":"LatAm Reports Redatores da Equipe","image":{"@type":"ImageObject","inLanguage":"en-US","@id":"https:\/\/secure.gravatar.com\/avatar\/dcdcc93cc5edddd2f3ef77245866172c7d7241a11ad58e1959aa824f2fae81f6?s=96&d=mm&r=g","url":"https:\/\/secure.gravatar.com\/avatar\/dcdcc93cc5edddd2f3ef77245866172c7d7241a11ad58e1959aa824f2fae81f6?s=96&d=mm&r=g","contentUrl":"https:\/\/secure.gravatar.com\/avatar\/dcdcc93cc5edddd2f3ef77245866172c7d7241a11ad58e1959aa824f2fae81f6?s=96&d=mm&r=g","caption":"LatAm Reports Redatores da Equipe"}}]}},"jetpack_publicize_connections":[],"_links":{"self":[{"href":"https:\/\/latamreports.com\/br\/wp-json\/wp\/v2\/posts\/15495","targetHints":{"allow":["GET"]}}],"collection":[{"href":"https:\/\/latamreports.com\/br\/wp-json\/wp\/v2\/posts"}],"about":[{"href":"https:\/\/latamreports.com\/br\/wp-json\/wp\/v2\/types\/post"}],"author":[{"embeddable":true,"href":"https:\/\/latamreports.com\/br\/wp-json\/wp\/v2\/users\/7"}],"replies":[{"embeddable":true,"href":"https:\/\/latamreports.com\/br\/wp-json\/wp\/v2\/comments?post=15495"}],"version-history":[{"count":1,"href":"https:\/\/latamreports.com\/br\/wp-json\/wp\/v2\/posts\/15495\/revisions"}],"predecessor-version":[{"id":15497,"href":"https:\/\/latamreports.com\/br\/wp-json\/wp\/v2\/posts\/15495\/revisions\/15497"}],"wp:featuredmedia":[{"embeddable":true,"href":"https:\/\/latamreports.com\/br\/wp-json\/wp\/v2\/media\/15496"}],"wp:attachment":[{"href":"https:\/\/latamreports.com\/br\/wp-json\/wp\/v2\/media?parent=15495"}],"wp:term":[{"taxonomy":"category","embeddable":true,"href":"https:\/\/latamreports.com\/br\/wp-json\/wp\/v2\/categories?post=15495"},{"taxonomy":"post_tag","embeddable":true,"href":"https:\/\/latamreports.com\/br\/wp-json\/wp\/v2\/tags?post=15495"}],"curies":[{"name":"wp","href":"https:\/\/api.w.org\/{rel}","templated":true}]}}