{"id":15492,"date":"2026-04-30T22:30:36","date_gmt":"2026-04-30T22:30:36","guid":{"rendered":"https:\/\/latamreports.com\/br\/?p=15492"},"modified":"2026-04-30T22:30:37","modified_gmt":"2026-04-30T22:30:37","slug":"lula-nao-vai-abrir-mao-de-nova-indicacao-ao-stf-apos-derrota-de-messias-no-senado","status":"publish","type":"post","link":"https:\/\/latamreports.com\/br\/lula-nao-vai-abrir-mao-de-nova-indicacao-ao-stf-apos-derrota-de-messias-no-senado\/","title":{"rendered":"Lula n\u00e3o vai abrir m\u00e3o de nova indica\u00e7\u00e3o ao STF ap\u00f3s derrota de Messias no Senado"},"content":{"rendered":"\n<p>O presidente Lula sinalizou que deve indicar um novo nome ao Supremo Tribunal Federal nas pr\u00f3ximas semanas. A decis\u00e3o foi comunicada a aliados na noite desta quarta-feira (29), durante reuni\u00e3o no Pal\u00e1cio da Alvorada. O encontro aconteceu horas depois de o Senado rejeitar a indica\u00e7\u00e3o do advogado-geral da Uni\u00e3o, Jorge Messias \u2014 em derrota hist\u00f3rica para o governo.<\/p>\n\n\n\n<p>&#8220;N\u00e3o h\u00e1 hip\u00f3tese de o presidente abrir m\u00e3o da sua prerrogativa de indicar um nome ao STF&#8221;, afirmou um ministro que participou da reuni\u00e3o. Lula disse a interlocutores que recebeu a decis\u00e3o do Congresso com tranquilidade. Contudo, deixou claro que n\u00e3o pretende deixar essa escolha para o pr\u00f3ximo governo. O pr\u00f3prio Messias estava presente no encontro.<\/p>\n\n\n\n<p>O placar acendeu alertas no Planalto. Apenas 34 senadores votaram a favor do indicado. Por essa raz\u00e3o, aliados avaliaram que houve trai\u00e7\u00f5es dentro da pr\u00f3pria base governista. Al\u00e9m disso, ministros presentes na reuni\u00e3o \u2014 incluindo nomes ligados ao Centr\u00e3o \u2014 apontaram falhas na articula\u00e7\u00e3o pol\u00edtica no Congresso. Segundo eles, lideran\u00e7as n\u00e3o conseguiram antecipar que o resultado seria desfavor\u00e1vel.<\/p>\n\n\n\n<p>Quando ficou claro durante a sess\u00e3o que Messias poderia ser rejeitado, articuladores do governo tentaram adiar a vota\u00e7\u00e3o. Todavia, o presidente do Senado, Davi Alcolumbre (Uni\u00e3o-AP), n\u00e3o acatou o pedido. O nome do senador Rodrigo Pacheco (PSB-MG) foi citado na reuni\u00e3o como algu\u00e9m que teria votado contra o indicado.<\/p>\n\n\n\n<p>O epis\u00f3dio refor\u00e7ou entre os presentes a leitura de que Lula precisa agir rapidamente. A expectativa \u00e9 garantir a indica\u00e7\u00e3o ao STF ainda durante o mandato atual. Por enquanto, nenhum nome foi mencionado publicamente como favorito para a vaga.<\/p>\n","protected":false},"excerpt":{"rendered":"<p>O presidente Lula sinalizou que deve indicar um novo nome ao Supremo Tribunal Federal nas pr\u00f3ximas semanas. A decis\u00e3o foi comunicada a aliados na noite &#8230; <a title=\"Lula n\u00e3o vai abrir m\u00e3o de nova indica\u00e7\u00e3o ao STF ap\u00f3s derrota de Messias no Senado\" class=\"read-more\" href=\"https:\/\/latamreports.com\/br\/lula-nao-vai-abrir-mao-de-nova-indicacao-ao-stf-apos-derrota-de-messias-no-senado\/\" aria-label=\"Read more about Lula n\u00e3o vai abrir m\u00e3o de nova indica\u00e7\u00e3o ao STF ap\u00f3s derrota de Messias no Senado\">Read more<\/a><\/p>\n","protected":false},"author":7,"featured_media":15493,"comment_status":"closed","ping_status":"closed","sticky":false,"template":"","format":"standard","meta":{"footnotes":"","jetpack_publicize_message":"","jetpack_publicize_feature_enabled":true,"jetpack_social_post_already_shared":true,"jetpack_social_options":{"image_generator_settings":{"template":"highway","default_image_id":0,"font":"","enabled":false},"version":2}},"categories":[13],"tags":[31],"class_list":["post-15492","post","type-post","status-publish","format-standard","has-post-thumbnail","hentry","category-politica","tag-brasil","resize-featured-image"],"yoast_head":"<!-- This site is optimized with the Yoast SEO plugin v27.5 - https:\/\/yoast.com\/product\/yoast-seo-wordpress\/ -->\n<title>Lula n\u00e3o vai abrir m\u00e3o de nova indica\u00e7\u00e3o ao STF<\/title>\n<meta name=\"description\" content=\"O presidente Lula sinalizou que deve indicar um novo nome ao Supremo Tribunal Federal nas pr\u00f3ximas semanas. A decis\u00e3o foi comunicada\" \/>\n<meta name=\"robots\" content=\"index, follow, max-snippet:-1, max-image-preview:large, max-video-preview:-1\" \/>\n<link rel=\"canonical\" href=\"https:\/\/latamreports.com\/br\/lula-nao-vai-abrir-mao-de-nova-indicacao-ao-stf-apos-derrota-de-messias-no-senado\/\" \/>\n<meta property=\"og:locale\" content=\"en_US\" \/>\n<meta property=\"og:type\" content=\"article\" \/>\n<meta property=\"og:title\" content=\"Lula n\u00e3o vai abrir m\u00e3o de nova indica\u00e7\u00e3o ao STF\" \/>\n<meta property=\"og:description\" content=\"O presidente Lula sinalizou que deve indicar um novo nome ao Supremo Tribunal Federal nas pr\u00f3ximas semanas. A decis\u00e3o foi comunicada\" \/>\n<meta property=\"og:url\" content=\"https:\/\/latamreports.com\/br\/lula-nao-vai-abrir-mao-de-nova-indicacao-ao-stf-apos-derrota-de-messias-no-senado\/\" \/>\n<meta property=\"og:site_name\" content=\"LatAm Reports\" \/>\n<meta property=\"article:publisher\" content=\"https:\/\/facebook.com\/latamreports\" \/>\n<meta property=\"article:published_time\" content=\"2026-04-30T22:30:36+00:00\" \/>\n<meta property=\"article:modified_time\" content=\"2026-04-30T22:30:37+00:00\" \/>\n<meta property=\"og:image\" content=\"https:\/\/latamreports.com\/br\/wp-content\/uploads\/lula-stf-messias.png\" \/>\n\t<meta property=\"og:image:width\" content=\"1200\" \/>\n\t<meta property=\"og:image:height\" content=\"630\" \/>\n\t<meta property=\"og:image:type\" content=\"image\/png\" \/>\n<meta name=\"author\" content=\"LatAm Reports Redatores da Equipe\" \/>\n<meta name=\"twitter:card\" content=\"summary_large_image\" \/>\n<meta name=\"twitter:creator\" content=\"@latamreports\" \/>\n<meta name=\"twitter:site\" content=\"@latamreports\" \/>\n<meta name=\"twitter:label1\" content=\"Written by\" \/>\n\t<meta name=\"twitter:data1\" content=\"LatAm Reports Redatores da Equipe\" \/>\n\t<meta name=\"twitter:label2\" content=\"Est. reading time\" \/>\n\t<meta name=\"twitter:data2\" content=\"2 minutes\" \/>\n<script type=\"application\/ld+json\" class=\"yoast-schema-graph\">{\"@context\":\"https:\\\/\\\/schema.org\",\"@graph\":[{\"@type\":\"Article\",\"@id\":\"https:\\\/\\\/latamreports.com\\\/br\\\/lula-nao-vai-abrir-mao-de-nova-indicacao-ao-stf-apos-derrota-de-messias-no-senado\\\/#article\",\"isPartOf\":{\"@id\":\"https:\\\/\\\/latamreports.com\\\/br\\\/lula-nao-vai-abrir-mao-de-nova-indicacao-ao-stf-apos-derrota-de-messias-no-senado\\\/\"},\"author\":{\"name\":\"LatAm Reports Redatores da Equipe\",\"@id\":\"https:\\\/\\\/latamreports.com\\\/br\\\/#\\\/schema\\\/person\\\/a561f2de7e5ccabfab38d239b39fdb70\"},\"headline\":\"Lula n\u00e3o vai abrir m\u00e3o de nova indica\u00e7\u00e3o ao STF ap\u00f3s derrota de Messias no Senado\",\"datePublished\":\"2026-04-30T22:30:36+00:00\",\"dateModified\":\"2026-04-30T22:30:37+00:00\",\"mainEntityOfPage\":{\"@id\":\"https:\\\/\\\/latamreports.com\\\/br\\\/lula-nao-vai-abrir-mao-de-nova-indicacao-ao-stf-apos-derrota-de-messias-no-senado\\\/\"},\"wordCount\":309,\"publisher\":{\"@id\":\"https:\\\/\\\/latamreports.com\\\/br\\\/#organization\"},\"image\":{\"@id\":\"https:\\\/\\\/latamreports.com\\\/br\\\/lula-nao-vai-abrir-mao-de-nova-indicacao-ao-stf-apos-derrota-de-messias-no-senado\\\/#primaryimage\"},\"thumbnailUrl\":\"https:\\\/\\\/latamreports.com\\\/br\\\/wp-content\\\/uploads\\\/lula-stf-messias.png\",\"keywords\":[\"Brasil\"],\"articleSection\":[\"Pol\u00edtica\"],\"inLanguage\":\"en-US\"},{\"@type\":\"WebPage\",\"@id\":\"https:\\\/\\\/latamreports.com\\\/br\\\/lula-nao-vai-abrir-mao-de-nova-indicacao-ao-stf-apos-derrota-de-messias-no-senado\\\/\",\"url\":\"https:\\\/\\\/latamreports.com\\\/br\\\/lula-nao-vai-abrir-mao-de-nova-indicacao-ao-stf-apos-derrota-de-messias-no-senado\\\/\",\"name\":\"Lula n\u00e3o vai abrir m\u00e3o de nova indica\u00e7\u00e3o ao STF\",\"isPartOf\":{\"@id\":\"https:\\\/\\\/latamreports.com\\\/br\\\/#website\"},\"primaryImageOfPage\":{\"@id\":\"https:\\\/\\\/latamreports.com\\\/br\\\/lula-nao-vai-abrir-mao-de-nova-indicacao-ao-stf-apos-derrota-de-messias-no-senado\\\/#primaryimage\"},\"image\":{\"@id\":\"https:\\\/\\\/latamreports.com\\\/br\\\/lula-nao-vai-abrir-mao-de-nova-indicacao-ao-stf-apos-derrota-de-messias-no-senado\\\/#primaryimage\"},\"thumbnailUrl\":\"https:\\\/\\\/latamreports.com\\\/br\\\/wp-content\\\/uploads\\\/lula-stf-messias.png\",\"datePublished\":\"2026-04-30T22:30:36+00:00\",\"dateModified\":\"2026-04-30T22:30:37+00:00\",\"description\":\"O presidente Lula sinalizou que deve indicar um novo nome ao Supremo Tribunal Federal nas pr\u00f3ximas semanas. A decis\u00e3o foi comunicada\",\"breadcrumb\":{\"@id\":\"https:\\\/\\\/latamreports.com\\\/br\\\/lula-nao-vai-abrir-mao-de-nova-indicacao-ao-stf-apos-derrota-de-messias-no-senado\\\/#breadcrumb\"},\"inLanguage\":\"en-US\",\"potentialAction\":[{\"@type\":\"ReadAction\",\"target\":[\"https:\\\/\\\/latamreports.com\\\/br\\\/lula-nao-vai-abrir-mao-de-nova-indicacao-ao-stf-apos-derrota-de-messias-no-senado\\\/\"]}]},{\"@type\":\"ImageObject\",\"inLanguage\":\"en-US\",\"@id\":\"https:\\\/\\\/latamreports.com\\\/br\\\/lula-nao-vai-abrir-mao-de-nova-indicacao-ao-stf-apos-derrota-de-messias-no-senado\\\/#primaryimage\",\"url\":\"https:\\\/\\\/latamreports.com\\\/br\\\/wp-content\\\/uploads\\\/lula-stf-messias.png\",\"contentUrl\":\"https:\\\/\\\/latamreports.com\\\/br\\\/wp-content\\\/uploads\\\/lula-stf-messias.png\",\"width\":1200,\"height\":630,\"caption\":\"Lula n\u00e3o vai abrir m\u00e3o de nova indica\u00e7\u00e3o ao STF ap\u00f3s derrota de Messias no Senado\"},{\"@type\":\"BreadcrumbList\",\"@id\":\"https:\\\/\\\/latamreports.com\\\/br\\\/lula-nao-vai-abrir-mao-de-nova-indicacao-ao-stf-apos-derrota-de-messias-no-senado\\\/#breadcrumb\",\"itemListElement\":[{\"@type\":\"ListItem\",\"position\":1,\"name\":\"Home\",\"item\":\"https:\\\/\\\/latamreports.com\\\/br\\\/\"},{\"@type\":\"ListItem\",\"position\":2,\"name\":\"Lula n\u00e3o vai abrir m\u00e3o de nova indica\u00e7\u00e3o ao STF ap\u00f3s derrota de Messias no Senado\"}]},{\"@type\":\"WebSite\",\"@id\":\"https:\\\/\\\/latamreports.com\\\/br\\\/#website\",\"url\":\"https:\\\/\\\/latamreports.com\\\/br\\\/\",\"name\":\"LatAm Reports\",\"description\":\"Not\u00edcias e opini\u00f5es de todas as Am\u00e9ricas\",\"publisher\":{\"@id\":\"https:\\\/\\\/latamreports.com\\\/br\\\/#organization\"},\"potentialAction\":[{\"@type\":\"SearchAction\",\"target\":{\"@type\":\"EntryPoint\",\"urlTemplate\":\"https:\\\/\\\/latamreports.com\\\/br\\\/?s={search_term_string}\"},\"query-input\":{\"@type\":\"PropertyValueSpecification\",\"valueRequired\":true,\"valueName\":\"search_term_string\"}}],\"inLanguage\":\"en-US\"},{\"@type\":\"Organization\",\"@id\":\"https:\\\/\\\/latamreports.com\\\/br\\\/#organization\",\"name\":\"LatAm Reports\",\"url\":\"https:\\\/\\\/latamreports.com\\\/br\\\/\",\"logo\":{\"@type\":\"ImageObject\",\"inLanguage\":\"en-US\",\"@id\":\"https:\\\/\\\/latamreports.com\\\/br\\\/#\\\/schema\\\/logo\\\/image\\\/\",\"url\":\"https:\\\/\\\/latamreports.com\\\/br\\\/wp-content\\\/uploads\\\/cropped-PNG2.png\",\"contentUrl\":\"https:\\\/\\\/latamreports.com\\\/br\\\/wp-content\\\/uploads\\\/cropped-PNG2.png\",\"width\":2522,\"height\":1014,\"caption\":\"LatAm Reports\"},\"image\":{\"@id\":\"https:\\\/\\\/latamreports.com\\\/br\\\/#\\\/schema\\\/logo\\\/image\\\/\"},\"sameAs\":[\"https:\\\/\\\/facebook.com\\\/latamreports\",\"https:\\\/\\\/x.com\\\/latamreports\"]},{\"@type\":\"Person\",\"@id\":\"https:\\\/\\\/latamreports.com\\\/br\\\/#\\\/schema\\\/person\\\/a561f2de7e5ccabfab38d239b39fdb70\",\"name\":\"LatAm Reports Redatores da Equipe\",\"image\":{\"@type\":\"ImageObject\",\"inLanguage\":\"en-US\",\"@id\":\"https:\\\/\\\/secure.gravatar.com\\\/avatar\\\/dcdcc93cc5edddd2f3ef77245866172c7d7241a11ad58e1959aa824f2fae81f6?s=96&d=mm&r=g\",\"url\":\"https:\\\/\\\/secure.gravatar.com\\\/avatar\\\/dcdcc93cc5edddd2f3ef77245866172c7d7241a11ad58e1959aa824f2fae81f6?s=96&d=mm&r=g\",\"contentUrl\":\"https:\\\/\\\/secure.gravatar.com\\\/avatar\\\/dcdcc93cc5edddd2f3ef77245866172c7d7241a11ad58e1959aa824f2fae81f6?s=96&d=mm&r=g\",\"caption\":\"LatAm Reports Redatores da Equipe\"}}]}<\/script>\n<!-- \/ Yoast SEO plugin. -->","yoast_head_json":{"title":"Lula n\u00e3o vai abrir m\u00e3o de nova indica\u00e7\u00e3o ao STF","description":"O presidente Lula sinalizou que deve indicar um novo nome ao Supremo Tribunal Federal nas pr\u00f3ximas semanas. A decis\u00e3o foi comunicada","robots":{"index":"index","follow":"follow","max-snippet":"max-snippet:-1","max-image-preview":"max-image-preview:large","max-video-preview":"max-video-preview:-1"},"canonical":"https:\/\/latamreports.com\/br\/lula-nao-vai-abrir-mao-de-nova-indicacao-ao-stf-apos-derrota-de-messias-no-senado\/","og_locale":"en_US","og_type":"article","og_title":"Lula n\u00e3o vai abrir m\u00e3o de nova indica\u00e7\u00e3o ao STF","og_description":"O presidente Lula sinalizou que deve indicar um novo nome ao Supremo Tribunal Federal nas pr\u00f3ximas semanas. A decis\u00e3o foi comunicada","og_url":"https:\/\/latamreports.com\/br\/lula-nao-vai-abrir-mao-de-nova-indicacao-ao-stf-apos-derrota-de-messias-no-senado\/","og_site_name":"LatAm Reports","article_publisher":"https:\/\/facebook.com\/latamreports","article_published_time":"2026-04-30T22:30:36+00:00","article_modified_time":"2026-04-30T22:30:37+00:00","og_image":[{"width":1200,"height":630,"url":"https:\/\/latamreports.com\/br\/wp-content\/uploads\/lula-stf-messias.png","type":"image\/png"}],"author":"LatAm Reports Redatores da Equipe","twitter_card":"summary_large_image","twitter_creator":"@latamreports","twitter_site":"@latamreports","twitter_misc":{"Written by":"LatAm Reports Redatores da Equipe","Est. reading time":"2 minutes"},"schema":{"@context":"https:\/\/schema.org","@graph":[{"@type":"Article","@id":"https:\/\/latamreports.com\/br\/lula-nao-vai-abrir-mao-de-nova-indicacao-ao-stf-apos-derrota-de-messias-no-senado\/#article","isPartOf":{"@id":"https:\/\/latamreports.com\/br\/lula-nao-vai-abrir-mao-de-nova-indicacao-ao-stf-apos-derrota-de-messias-no-senado\/"},"author":{"name":"LatAm Reports Redatores da Equipe","@id":"https:\/\/latamreports.com\/br\/#\/schema\/person\/a561f2de7e5ccabfab38d239b39fdb70"},"headline":"Lula n\u00e3o vai abrir m\u00e3o de nova indica\u00e7\u00e3o ao STF ap\u00f3s derrota de Messias no Senado","datePublished":"2026-04-30T22:30:36+00:00","dateModified":"2026-04-30T22:30:37+00:00","mainEntityOfPage":{"@id":"https:\/\/latamreports.com\/br\/lula-nao-vai-abrir-mao-de-nova-indicacao-ao-stf-apos-derrota-de-messias-no-senado\/"},"wordCount":309,"publisher":{"@id":"https:\/\/latamreports.com\/br\/#organization"},"image":{"@id":"https:\/\/latamreports.com\/br\/lula-nao-vai-abrir-mao-de-nova-indicacao-ao-stf-apos-derrota-de-messias-no-senado\/#primaryimage"},"thumbnailUrl":"https:\/\/latamreports.com\/br\/wp-content\/uploads\/lula-stf-messias.png","keywords":["Brasil"],"articleSection":["Pol\u00edtica"],"inLanguage":"en-US"},{"@type":"WebPage","@id":"https:\/\/latamreports.com\/br\/lula-nao-vai-abrir-mao-de-nova-indicacao-ao-stf-apos-derrota-de-messias-no-senado\/","url":"https:\/\/latamreports.com\/br\/lula-nao-vai-abrir-mao-de-nova-indicacao-ao-stf-apos-derrota-de-messias-no-senado\/","name":"Lula n\u00e3o vai abrir m\u00e3o de nova indica\u00e7\u00e3o ao STF","isPartOf":{"@id":"https:\/\/latamreports.com\/br\/#website"},"primaryImageOfPage":{"@id":"https:\/\/latamreports.com\/br\/lula-nao-vai-abrir-mao-de-nova-indicacao-ao-stf-apos-derrota-de-messias-no-senado\/#primaryimage"},"image":{"@id":"https:\/\/latamreports.com\/br\/lula-nao-vai-abrir-mao-de-nova-indicacao-ao-stf-apos-derrota-de-messias-no-senado\/#primaryimage"},"thumbnailUrl":"https:\/\/latamreports.com\/br\/wp-content\/uploads\/lula-stf-messias.png","datePublished":"2026-04-30T22:30:36+00:00","dateModified":"2026-04-30T22:30:37+00:00","description":"O presidente Lula sinalizou que deve indicar um novo nome ao Supremo Tribunal Federal nas pr\u00f3ximas semanas. A decis\u00e3o foi comunicada","breadcrumb":{"@id":"https:\/\/latamreports.com\/br\/lula-nao-vai-abrir-mao-de-nova-indicacao-ao-stf-apos-derrota-de-messias-no-senado\/#breadcrumb"},"inLanguage":"en-US","potentialAction":[{"@type":"ReadAction","target":["https:\/\/latamreports.com\/br\/lula-nao-vai-abrir-mao-de-nova-indicacao-ao-stf-apos-derrota-de-messias-no-senado\/"]}]},{"@type":"ImageObject","inLanguage":"en-US","@id":"https:\/\/latamreports.com\/br\/lula-nao-vai-abrir-mao-de-nova-indicacao-ao-stf-apos-derrota-de-messias-no-senado\/#primaryimage","url":"https:\/\/latamreports.com\/br\/wp-content\/uploads\/lula-stf-messias.png","contentUrl":"https:\/\/latamreports.com\/br\/wp-content\/uploads\/lula-stf-messias.png","width":1200,"height":630,"caption":"Lula n\u00e3o vai abrir m\u00e3o de nova indica\u00e7\u00e3o ao STF ap\u00f3s derrota de Messias no Senado"},{"@type":"BreadcrumbList","@id":"https:\/\/latamreports.com\/br\/lula-nao-vai-abrir-mao-de-nova-indicacao-ao-stf-apos-derrota-de-messias-no-senado\/#breadcrumb","itemListElement":[{"@type":"ListItem","position":1,"name":"Home","item":"https:\/\/latamreports.com\/br\/"},{"@type":"ListItem","position":2,"name":"Lula n\u00e3o vai abrir m\u00e3o de nova indica\u00e7\u00e3o ao STF ap\u00f3s derrota de Messias no Senado"}]},{"@type":"WebSite","@id":"https:\/\/latamreports.com\/br\/#website","url":"https:\/\/latamreports.com\/br\/","name":"LatAm Reports","description":"Not\u00edcias e opini\u00f5es de todas as Am\u00e9ricas","publisher":{"@id":"https:\/\/latamreports.com\/br\/#organization"},"potentialAction":[{"@type":"SearchAction","target":{"@type":"EntryPoint","urlTemplate":"https:\/\/latamreports.com\/br\/?s={search_term_string}"},"query-input":{"@type":"PropertyValueSpecification","valueRequired":true,"valueName":"search_term_string"}}],"inLanguage":"en-US"},{"@type":"Organization","@id":"https:\/\/latamreports.com\/br\/#organization","name":"LatAm Reports","url":"https:\/\/latamreports.com\/br\/","logo":{"@type":"ImageObject","inLanguage":"en-US","@id":"https:\/\/latamreports.com\/br\/#\/schema\/logo\/image\/","url":"https:\/\/latamreports.com\/br\/wp-content\/uploads\/cropped-PNG2.png","contentUrl":"https:\/\/latamreports.com\/br\/wp-content\/uploads\/cropped-PNG2.png","width":2522,"height":1014,"caption":"LatAm Reports"},"image":{"@id":"https:\/\/latamreports.com\/br\/#\/schema\/logo\/image\/"},"sameAs":["https:\/\/facebook.com\/latamreports","https:\/\/x.com\/latamreports"]},{"@type":"Person","@id":"https:\/\/latamreports.com\/br\/#\/schema\/person\/a561f2de7e5ccabfab38d239b39fdb70","name":"LatAm Reports Redatores da Equipe","image":{"@type":"ImageObject","inLanguage":"en-US","@id":"https:\/\/secure.gravatar.com\/avatar\/dcdcc93cc5edddd2f3ef77245866172c7d7241a11ad58e1959aa824f2fae81f6?s=96&d=mm&r=g","url":"https:\/\/secure.gravatar.com\/avatar\/dcdcc93cc5edddd2f3ef77245866172c7d7241a11ad58e1959aa824f2fae81f6?s=96&d=mm&r=g","contentUrl":"https:\/\/secure.gravatar.com\/avatar\/dcdcc93cc5edddd2f3ef77245866172c7d7241a11ad58e1959aa824f2fae81f6?s=96&d=mm&r=g","caption":"LatAm Reports Redatores da Equipe"}}]}},"jetpack_publicize_connections":[],"_links":{"self":[{"href":"https:\/\/latamreports.com\/br\/wp-json\/wp\/v2\/posts\/15492","targetHints":{"allow":["GET"]}}],"collection":[{"href":"https:\/\/latamreports.com\/br\/wp-json\/wp\/v2\/posts"}],"about":[{"href":"https:\/\/latamreports.com\/br\/wp-json\/wp\/v2\/types\/post"}],"author":[{"embeddable":true,"href":"https:\/\/latamreports.com\/br\/wp-json\/wp\/v2\/users\/7"}],"replies":[{"embeddable":true,"href":"https:\/\/latamreports.com\/br\/wp-json\/wp\/v2\/comments?post=15492"}],"version-history":[{"count":1,"href":"https:\/\/latamreports.com\/br\/wp-json\/wp\/v2\/posts\/15492\/revisions"}],"predecessor-version":[{"id":15494,"href":"https:\/\/latamreports.com\/br\/wp-json\/wp\/v2\/posts\/15492\/revisions\/15494"}],"wp:featuredmedia":[{"embeddable":true,"href":"https:\/\/latamreports.com\/br\/wp-json\/wp\/v2\/media\/15493"}],"wp:attachment":[{"href":"https:\/\/latamreports.com\/br\/wp-json\/wp\/v2\/media?parent=15492"}],"wp:term":[{"taxonomy":"category","embeddable":true,"href":"https:\/\/latamreports.com\/br\/wp-json\/wp\/v2\/categories?post=15492"},{"taxonomy":"post_tag","embeddable":true,"href":"https:\/\/latamreports.com\/br\/wp-json\/wp\/v2\/tags?post=15492"}],"curies":[{"name":"wp","href":"https:\/\/api.w.org\/{rel}","templated":true}]}}