{"id":15489,"date":"2026-04-30T15:30:29","date_gmt":"2026-04-30T15:30:29","guid":{"rendered":"https:\/\/latamreports.com\/br\/?p=15489"},"modified":"2026-04-30T15:30:30","modified_gmt":"2026-04-30T15:30:30","slug":"funcionarios-do-brb-acusam-ex-presidente-paulo-henrique-costa-de-assedio-moral-e-humilhacao-em-reunioes","status":"publish","type":"post","link":"https:\/\/latamreports.com\/br\/funcionarios-do-brb-acusam-ex-presidente-paulo-henrique-costa-de-assedio-moral-e-humilhacao-em-reunioes\/","title":{"rendered":"Funcion\u00e1rios do BRB acusam ex-presidente Paulo Henrique Costa de ass\u00e9dio moral e humilha\u00e7\u00e3o em reuni\u00f5es"},"content":{"rendered":"\n<p>Servidores do Banco de Bras\u00edlia relatam um ambiente de medo e constrangimento durante a gest\u00e3o de Paulo Henrique Costa. O ex-presidente do BRB foi preso em abril na quarta fase da Opera\u00e7\u00e3o Compliance Zero. Segundo investigadores, ele teria recebido ao menos seis im\u00f3veis avaliados em R$ 146 milh\u00f5es de Daniel Vorcaro, dono do Banco Master, em troca de facilitar opera\u00e7\u00f5es envolvendo as duas institui\u00e7\u00f5es.<\/p>\n\n\n\n<p>Os relatos descrevem epis\u00f3dios recorrentes de gritos, cobran\u00e7as agressivas e pr\u00e1ticas de humilha\u00e7\u00e3o p\u00fablica. De acordo com os denunciantes, o comportamento era constante desde o in\u00edcio da gest\u00e3o. &#8220;Ele gritava em reuni\u00f5es, queria que as pessoas n\u00e3o entrassem com celular e criava um clima de medo&#8221;, afirmou um servidor sob anonimato.<\/p>\n\n\n\n<p>Segundo os funcion\u00e1rios, Costa exigia que os celulares fossem deixados fora da sala antes das reuni\u00f5es. A justificativa era poder agir &#8220;de forma mais tranquila&#8221;. Contudo, os servidores interpretaram a medida como uma forma de evitar registros do que acontecia nesses encontros.<\/p>\n\n\n\n<p>As den\u00fancias incluem pr\u00e1ticas que atingiam at\u00e9 altos gerentes. Equipes que n\u00e3o batiam as metas eram obrigadas a usar gravatas vermelhas em reuni\u00f5es com a dire\u00e7\u00e3o \u2014 uma exposi\u00e7\u00e3o p\u00fablica que os funcion\u00e1rios classificam como humilha\u00e7\u00e3o. Al\u00e9m disso, em um dos epis\u00f3dios narrados, Costa teria arremessado o pr\u00f3prio celular contra a parede durante uma crise de f\u00faria.<\/p>\n\n\n\n<blockquote class=\"wp-block-quote is-layout-flow wp-block-quote-is-layout-flow\">\n<p>&#8220;Ele era extremamente inconstante. Trocava pessoas de fun\u00e7\u00e3o e descomissionava quando era contrariado. Teve diretoria que trocou de diretor seis vezes&#8221;, relatou outro servidor.<\/p>\n<\/blockquote>\n\n\n\n<p>No caso espec\u00edfico das opera\u00e7\u00f5es com o Banco Master, funcion\u00e1rios afirmam que Costa ia pessoalmente aos setores respons\u00e1veis. Ele exigia que processos complexos fossem conclu\u00eddos em dias, quando normalmente levariam meses. Por essa raz\u00e3o, a press\u00e3o era constante sobre superintendentes e gerentes de \u00e1rea.<\/p>\n\n\n\n<p>O impacto na sa\u00fade mental dos servidores tamb\u00e9m \u00e9 citado nas den\u00fancias. Segundo os relatos, houve aumento significativo nos afastamentos por quest\u00f5es psicol\u00f3gicas ao longo da gest\u00e3o. &#8220;Chegou a um ter\u00e7o do quadro de funcion\u00e1rios afastado por quest\u00f5es psicol\u00f3gicas&#8221;, afirmou um dos denunciantes. Todavia, os servidores n\u00e3o recorreram a canais internos do banco. O motivo era medo de repres\u00e1lias e falta de confian\u00e7a na corregedoria.<\/p>\n\n\n\n<p>Os funcion\u00e1rios tamb\u00e9m apontam que Costa adotou a estrat\u00e9gia de nomear servidores novos e sem experi\u00eancia para fun\u00e7\u00f5es estrat\u00e9gicas. Dessa forma, aumentava a inseguran\u00e7a e reduzia a chance de ser contrariado. &#8220;As pessoas aceitavam os mandos e desmandos por medo de perder as fun\u00e7\u00f5es&#8221;, disse um servidor. <\/p>\n\n\n\n<p>Os relatos foram reunidos em den\u00fancias formais e est\u00e3o sendo analisados pelos \u00f3rg\u00e3os competentes. A defesa de Costa n\u00e3o se manifestou at\u00e9 a \u00faltima atualiza\u00e7\u00e3o da reportagem.<\/p>\n","protected":false},"excerpt":{"rendered":"<p>Servidores do Banco de Bras\u00edlia relatam um ambiente de medo e constrangimento durante a gest\u00e3o de Paulo Henrique Costa. O ex-presidente do BRB foi preso &#8230; <a title=\"Funcion\u00e1rios do BRB acusam ex-presidente Paulo Henrique Costa de ass\u00e9dio moral e humilha\u00e7\u00e3o em reuni\u00f5es\" class=\"read-more\" href=\"https:\/\/latamreports.com\/br\/funcionarios-do-brb-acusam-ex-presidente-paulo-henrique-costa-de-assedio-moral-e-humilhacao-em-reunioes\/\" aria-label=\"Read more about Funcion\u00e1rios do BRB acusam ex-presidente Paulo Henrique Costa de ass\u00e9dio moral e humilha\u00e7\u00e3o em reuni\u00f5es\">Read more<\/a><\/p>\n","protected":false},"author":7,"featured_media":15490,"comment_status":"closed","ping_status":"closed","sticky":false,"template":"","format":"standard","meta":{"footnotes":"","jetpack_publicize_message":"","jetpack_publicize_feature_enabled":true,"jetpack_social_post_already_shared":true,"jetpack_social_options":{"image_generator_settings":{"template":"highway","default_image_id":0,"font":"","enabled":false},"version":2}},"categories":[2],"tags":[31],"class_list":["post-15489","post","type-post","status-publish","format-standard","has-post-thumbnail","hentry","category-negocios","tag-brasil","resize-featured-image"],"yoast_head":"<!-- This site is optimized with the Yoast SEO plugin v27.5 - https:\/\/yoast.com\/product\/yoast-seo-wordpress\/ -->\n<title>Funcion\u00e1rios do BRB acusam ex-presidente de ass\u00e9dio moral<\/title>\n<meta name=\"description\" content=\"Servidores do Banco de Bras\u00edlia relatam um ambiente de medo e constrangimento durante a gest\u00e3o de Paulo Henrique Costa\" \/>\n<meta name=\"robots\" content=\"index, follow, max-snippet:-1, max-image-preview:large, max-video-preview:-1\" \/>\n<link rel=\"canonical\" href=\"https:\/\/latamreports.com\/br\/funcionarios-do-brb-acusam-ex-presidente-paulo-henrique-costa-de-assedio-moral-e-humilhacao-em-reunioes\/\" \/>\n<meta property=\"og:locale\" content=\"en_US\" \/>\n<meta property=\"og:type\" content=\"article\" \/>\n<meta property=\"og:title\" content=\"Funcion\u00e1rios do BRB acusam ex-presidente de ass\u00e9dio moral\" \/>\n<meta property=\"og:description\" content=\"Servidores do Banco de Bras\u00edlia relatam um ambiente de medo e constrangimento durante a gest\u00e3o de Paulo Henrique Costa\" \/>\n<meta property=\"og:url\" content=\"https:\/\/latamreports.com\/br\/funcionarios-do-brb-acusam-ex-presidente-paulo-henrique-costa-de-assedio-moral-e-humilhacao-em-reunioes\/\" \/>\n<meta property=\"og:site_name\" content=\"LatAm Reports\" \/>\n<meta property=\"article:publisher\" content=\"https:\/\/facebook.com\/latamreports\" \/>\n<meta property=\"article:published_time\" content=\"2026-04-30T15:30:29+00:00\" \/>\n<meta property=\"article:modified_time\" content=\"2026-04-30T15:30:30+00:00\" \/>\n<meta property=\"og:image\" content=\"https:\/\/latamreports.com\/br\/wp-content\/uploads\/brb-paulo-henrique-costa-assedio-moral.png\" \/>\n\t<meta property=\"og:image:width\" content=\"1200\" \/>\n\t<meta property=\"og:image:height\" content=\"630\" \/>\n\t<meta property=\"og:image:type\" content=\"image\/png\" \/>\n<meta name=\"author\" content=\"LatAm Reports Redatores da Equipe\" \/>\n<meta name=\"twitter:card\" content=\"summary_large_image\" \/>\n<meta name=\"twitter:creator\" content=\"@latamreports\" \/>\n<meta name=\"twitter:site\" content=\"@latamreports\" \/>\n<meta name=\"twitter:label1\" content=\"Written by\" \/>\n\t<meta name=\"twitter:data1\" content=\"LatAm Reports Redatores da Equipe\" \/>\n\t<meta name=\"twitter:label2\" content=\"Est. reading time\" \/>\n\t<meta name=\"twitter:data2\" content=\"2 minutes\" \/>\n<script type=\"application\/ld+json\" class=\"yoast-schema-graph\">{\"@context\":\"https:\\\/\\\/schema.org\",\"@graph\":[{\"@type\":\"Article\",\"@id\":\"https:\\\/\\\/latamreports.com\\\/br\\\/funcionarios-do-brb-acusam-ex-presidente-paulo-henrique-costa-de-assedio-moral-e-humilhacao-em-reunioes\\\/#article\",\"isPartOf\":{\"@id\":\"https:\\\/\\\/latamreports.com\\\/br\\\/funcionarios-do-brb-acusam-ex-presidente-paulo-henrique-costa-de-assedio-moral-e-humilhacao-em-reunioes\\\/\"},\"author\":{\"name\":\"LatAm Reports Redatores da Equipe\",\"@id\":\"https:\\\/\\\/latamreports.com\\\/br\\\/#\\\/schema\\\/person\\\/a561f2de7e5ccabfab38d239b39fdb70\"},\"headline\":\"Funcion\u00e1rios do BRB acusam ex-presidente Paulo Henrique Costa de ass\u00e9dio moral e humilha\u00e7\u00e3o em reuni\u00f5es\",\"datePublished\":\"2026-04-30T15:30:29+00:00\",\"dateModified\":\"2026-04-30T15:30:30+00:00\",\"mainEntityOfPage\":{\"@id\":\"https:\\\/\\\/latamreports.com\\\/br\\\/funcionarios-do-brb-acusam-ex-presidente-paulo-henrique-costa-de-assedio-moral-e-humilhacao-em-reunioes\\\/\"},\"wordCount\":502,\"publisher\":{\"@id\":\"https:\\\/\\\/latamreports.com\\\/br\\\/#organization\"},\"image\":{\"@id\":\"https:\\\/\\\/latamreports.com\\\/br\\\/funcionarios-do-brb-acusam-ex-presidente-paulo-henrique-costa-de-assedio-moral-e-humilhacao-em-reunioes\\\/#primaryimage\"},\"thumbnailUrl\":\"https:\\\/\\\/latamreports.com\\\/br\\\/wp-content\\\/uploads\\\/brb-paulo-henrique-costa-assedio-moral.png\",\"keywords\":[\"Brasil\"],\"articleSection\":[\"Neg\u00f3cios\"],\"inLanguage\":\"en-US\"},{\"@type\":\"WebPage\",\"@id\":\"https:\\\/\\\/latamreports.com\\\/br\\\/funcionarios-do-brb-acusam-ex-presidente-paulo-henrique-costa-de-assedio-moral-e-humilhacao-em-reunioes\\\/\",\"url\":\"https:\\\/\\\/latamreports.com\\\/br\\\/funcionarios-do-brb-acusam-ex-presidente-paulo-henrique-costa-de-assedio-moral-e-humilhacao-em-reunioes\\\/\",\"name\":\"Funcion\u00e1rios do BRB acusam ex-presidente de ass\u00e9dio moral\",\"isPartOf\":{\"@id\":\"https:\\\/\\\/latamreports.com\\\/br\\\/#website\"},\"primaryImageOfPage\":{\"@id\":\"https:\\\/\\\/latamreports.com\\\/br\\\/funcionarios-do-brb-acusam-ex-presidente-paulo-henrique-costa-de-assedio-moral-e-humilhacao-em-reunioes\\\/#primaryimage\"},\"image\":{\"@id\":\"https:\\\/\\\/latamreports.com\\\/br\\\/funcionarios-do-brb-acusam-ex-presidente-paulo-henrique-costa-de-assedio-moral-e-humilhacao-em-reunioes\\\/#primaryimage\"},\"thumbnailUrl\":\"https:\\\/\\\/latamreports.com\\\/br\\\/wp-content\\\/uploads\\\/brb-paulo-henrique-costa-assedio-moral.png\",\"datePublished\":\"2026-04-30T15:30:29+00:00\",\"dateModified\":\"2026-04-30T15:30:30+00:00\",\"description\":\"Servidores do Banco de Bras\u00edlia relatam um ambiente de medo e constrangimento durante a gest\u00e3o de Paulo Henrique Costa\",\"breadcrumb\":{\"@id\":\"https:\\\/\\\/latamreports.com\\\/br\\\/funcionarios-do-brb-acusam-ex-presidente-paulo-henrique-costa-de-assedio-moral-e-humilhacao-em-reunioes\\\/#breadcrumb\"},\"inLanguage\":\"en-US\",\"potentialAction\":[{\"@type\":\"ReadAction\",\"target\":[\"https:\\\/\\\/latamreports.com\\\/br\\\/funcionarios-do-brb-acusam-ex-presidente-paulo-henrique-costa-de-assedio-moral-e-humilhacao-em-reunioes\\\/\"]}]},{\"@type\":\"ImageObject\",\"inLanguage\":\"en-US\",\"@id\":\"https:\\\/\\\/latamreports.com\\\/br\\\/funcionarios-do-brb-acusam-ex-presidente-paulo-henrique-costa-de-assedio-moral-e-humilhacao-em-reunioes\\\/#primaryimage\",\"url\":\"https:\\\/\\\/latamreports.com\\\/br\\\/wp-content\\\/uploads\\\/brb-paulo-henrique-costa-assedio-moral.png\",\"contentUrl\":\"https:\\\/\\\/latamreports.com\\\/br\\\/wp-content\\\/uploads\\\/brb-paulo-henrique-costa-assedio-moral.png\",\"width\":1200,\"height\":630,\"caption\":\"Funcion\u00e1rios do BRB acusam ex-presidente Paulo Henrique Costa de ass\u00e9dio moral e humilha\u00e7\u00e3o em reuni\u00f5es\"},{\"@type\":\"BreadcrumbList\",\"@id\":\"https:\\\/\\\/latamreports.com\\\/br\\\/funcionarios-do-brb-acusam-ex-presidente-paulo-henrique-costa-de-assedio-moral-e-humilhacao-em-reunioes\\\/#breadcrumb\",\"itemListElement\":[{\"@type\":\"ListItem\",\"position\":1,\"name\":\"Home\",\"item\":\"https:\\\/\\\/latamreports.com\\\/br\\\/\"},{\"@type\":\"ListItem\",\"position\":2,\"name\":\"Funcion\u00e1rios do BRB acusam ex-presidente Paulo Henrique Costa de ass\u00e9dio moral e humilha\u00e7\u00e3o em reuni\u00f5es\"}]},{\"@type\":\"WebSite\",\"@id\":\"https:\\\/\\\/latamreports.com\\\/br\\\/#website\",\"url\":\"https:\\\/\\\/latamreports.com\\\/br\\\/\",\"name\":\"LatAm Reports\",\"description\":\"Not\u00edcias e opini\u00f5es de todas as Am\u00e9ricas\",\"publisher\":{\"@id\":\"https:\\\/\\\/latamreports.com\\\/br\\\/#organization\"},\"potentialAction\":[{\"@type\":\"SearchAction\",\"target\":{\"@type\":\"EntryPoint\",\"urlTemplate\":\"https:\\\/\\\/latamreports.com\\\/br\\\/?s={search_term_string}\"},\"query-input\":{\"@type\":\"PropertyValueSpecification\",\"valueRequired\":true,\"valueName\":\"search_term_string\"}}],\"inLanguage\":\"en-US\"},{\"@type\":\"Organization\",\"@id\":\"https:\\\/\\\/latamreports.com\\\/br\\\/#organization\",\"name\":\"LatAm Reports\",\"url\":\"https:\\\/\\\/latamreports.com\\\/br\\\/\",\"logo\":{\"@type\":\"ImageObject\",\"inLanguage\":\"en-US\",\"@id\":\"https:\\\/\\\/latamreports.com\\\/br\\\/#\\\/schema\\\/logo\\\/image\\\/\",\"url\":\"https:\\\/\\\/latamreports.com\\\/br\\\/wp-content\\\/uploads\\\/cropped-PNG2.png\",\"contentUrl\":\"https:\\\/\\\/latamreports.com\\\/br\\\/wp-content\\\/uploads\\\/cropped-PNG2.png\",\"width\":2522,\"height\":1014,\"caption\":\"LatAm Reports\"},\"image\":{\"@id\":\"https:\\\/\\\/latamreports.com\\\/br\\\/#\\\/schema\\\/logo\\\/image\\\/\"},\"sameAs\":[\"https:\\\/\\\/facebook.com\\\/latamreports\",\"https:\\\/\\\/x.com\\\/latamreports\"]},{\"@type\":\"Person\",\"@id\":\"https:\\\/\\\/latamreports.com\\\/br\\\/#\\\/schema\\\/person\\\/a561f2de7e5ccabfab38d239b39fdb70\",\"name\":\"LatAm Reports Redatores da Equipe\",\"image\":{\"@type\":\"ImageObject\",\"inLanguage\":\"en-US\",\"@id\":\"https:\\\/\\\/secure.gravatar.com\\\/avatar\\\/dcdcc93cc5edddd2f3ef77245866172c7d7241a11ad58e1959aa824f2fae81f6?s=96&d=mm&r=g\",\"url\":\"https:\\\/\\\/secure.gravatar.com\\\/avatar\\\/dcdcc93cc5edddd2f3ef77245866172c7d7241a11ad58e1959aa824f2fae81f6?s=96&d=mm&r=g\",\"contentUrl\":\"https:\\\/\\\/secure.gravatar.com\\\/avatar\\\/dcdcc93cc5edddd2f3ef77245866172c7d7241a11ad58e1959aa824f2fae81f6?s=96&d=mm&r=g\",\"caption\":\"LatAm Reports Redatores da Equipe\"}}]}<\/script>\n<!-- \/ Yoast SEO plugin. -->","yoast_head_json":{"title":"Funcion\u00e1rios do BRB acusam ex-presidente de ass\u00e9dio moral","description":"Servidores do Banco de Bras\u00edlia relatam um ambiente de medo e constrangimento durante a gest\u00e3o de Paulo Henrique Costa","robots":{"index":"index","follow":"follow","max-snippet":"max-snippet:-1","max-image-preview":"max-image-preview:large","max-video-preview":"max-video-preview:-1"},"canonical":"https:\/\/latamreports.com\/br\/funcionarios-do-brb-acusam-ex-presidente-paulo-henrique-costa-de-assedio-moral-e-humilhacao-em-reunioes\/","og_locale":"en_US","og_type":"article","og_title":"Funcion\u00e1rios do BRB acusam ex-presidente de ass\u00e9dio moral","og_description":"Servidores do Banco de Bras\u00edlia relatam um ambiente de medo e constrangimento durante a gest\u00e3o de Paulo Henrique Costa","og_url":"https:\/\/latamreports.com\/br\/funcionarios-do-brb-acusam-ex-presidente-paulo-henrique-costa-de-assedio-moral-e-humilhacao-em-reunioes\/","og_site_name":"LatAm Reports","article_publisher":"https:\/\/facebook.com\/latamreports","article_published_time":"2026-04-30T15:30:29+00:00","article_modified_time":"2026-04-30T15:30:30+00:00","og_image":[{"width":1200,"height":630,"url":"https:\/\/latamreports.com\/br\/wp-content\/uploads\/brb-paulo-henrique-costa-assedio-moral.png","type":"image\/png"}],"author":"LatAm Reports Redatores da Equipe","twitter_card":"summary_large_image","twitter_creator":"@latamreports","twitter_site":"@latamreports","twitter_misc":{"Written by":"LatAm Reports Redatores da Equipe","Est. reading time":"2 minutes"},"schema":{"@context":"https:\/\/schema.org","@graph":[{"@type":"Article","@id":"https:\/\/latamreports.com\/br\/funcionarios-do-brb-acusam-ex-presidente-paulo-henrique-costa-de-assedio-moral-e-humilhacao-em-reunioes\/#article","isPartOf":{"@id":"https:\/\/latamreports.com\/br\/funcionarios-do-brb-acusam-ex-presidente-paulo-henrique-costa-de-assedio-moral-e-humilhacao-em-reunioes\/"},"author":{"name":"LatAm Reports Redatores da Equipe","@id":"https:\/\/latamreports.com\/br\/#\/schema\/person\/a561f2de7e5ccabfab38d239b39fdb70"},"headline":"Funcion\u00e1rios do BRB acusam ex-presidente Paulo Henrique Costa de ass\u00e9dio moral e humilha\u00e7\u00e3o em reuni\u00f5es","datePublished":"2026-04-30T15:30:29+00:00","dateModified":"2026-04-30T15:30:30+00:00","mainEntityOfPage":{"@id":"https:\/\/latamreports.com\/br\/funcionarios-do-brb-acusam-ex-presidente-paulo-henrique-costa-de-assedio-moral-e-humilhacao-em-reunioes\/"},"wordCount":502,"publisher":{"@id":"https:\/\/latamreports.com\/br\/#organization"},"image":{"@id":"https:\/\/latamreports.com\/br\/funcionarios-do-brb-acusam-ex-presidente-paulo-henrique-costa-de-assedio-moral-e-humilhacao-em-reunioes\/#primaryimage"},"thumbnailUrl":"https:\/\/latamreports.com\/br\/wp-content\/uploads\/brb-paulo-henrique-costa-assedio-moral.png","keywords":["Brasil"],"articleSection":["Neg\u00f3cios"],"inLanguage":"en-US"},{"@type":"WebPage","@id":"https:\/\/latamreports.com\/br\/funcionarios-do-brb-acusam-ex-presidente-paulo-henrique-costa-de-assedio-moral-e-humilhacao-em-reunioes\/","url":"https:\/\/latamreports.com\/br\/funcionarios-do-brb-acusam-ex-presidente-paulo-henrique-costa-de-assedio-moral-e-humilhacao-em-reunioes\/","name":"Funcion\u00e1rios do BRB acusam ex-presidente de ass\u00e9dio moral","isPartOf":{"@id":"https:\/\/latamreports.com\/br\/#website"},"primaryImageOfPage":{"@id":"https:\/\/latamreports.com\/br\/funcionarios-do-brb-acusam-ex-presidente-paulo-henrique-costa-de-assedio-moral-e-humilhacao-em-reunioes\/#primaryimage"},"image":{"@id":"https:\/\/latamreports.com\/br\/funcionarios-do-brb-acusam-ex-presidente-paulo-henrique-costa-de-assedio-moral-e-humilhacao-em-reunioes\/#primaryimage"},"thumbnailUrl":"https:\/\/latamreports.com\/br\/wp-content\/uploads\/brb-paulo-henrique-costa-assedio-moral.png","datePublished":"2026-04-30T15:30:29+00:00","dateModified":"2026-04-30T15:30:30+00:00","description":"Servidores do Banco de Bras\u00edlia relatam um ambiente de medo e constrangimento durante a gest\u00e3o de Paulo Henrique Costa","breadcrumb":{"@id":"https:\/\/latamreports.com\/br\/funcionarios-do-brb-acusam-ex-presidente-paulo-henrique-costa-de-assedio-moral-e-humilhacao-em-reunioes\/#breadcrumb"},"inLanguage":"en-US","potentialAction":[{"@type":"ReadAction","target":["https:\/\/latamreports.com\/br\/funcionarios-do-brb-acusam-ex-presidente-paulo-henrique-costa-de-assedio-moral-e-humilhacao-em-reunioes\/"]}]},{"@type":"ImageObject","inLanguage":"en-US","@id":"https:\/\/latamreports.com\/br\/funcionarios-do-brb-acusam-ex-presidente-paulo-henrique-costa-de-assedio-moral-e-humilhacao-em-reunioes\/#primaryimage","url":"https:\/\/latamreports.com\/br\/wp-content\/uploads\/brb-paulo-henrique-costa-assedio-moral.png","contentUrl":"https:\/\/latamreports.com\/br\/wp-content\/uploads\/brb-paulo-henrique-costa-assedio-moral.png","width":1200,"height":630,"caption":"Funcion\u00e1rios do BRB acusam ex-presidente Paulo Henrique Costa de ass\u00e9dio moral e humilha\u00e7\u00e3o em reuni\u00f5es"},{"@type":"BreadcrumbList","@id":"https:\/\/latamreports.com\/br\/funcionarios-do-brb-acusam-ex-presidente-paulo-henrique-costa-de-assedio-moral-e-humilhacao-em-reunioes\/#breadcrumb","itemListElement":[{"@type":"ListItem","position":1,"name":"Home","item":"https:\/\/latamreports.com\/br\/"},{"@type":"ListItem","position":2,"name":"Funcion\u00e1rios do BRB acusam ex-presidente Paulo Henrique Costa de ass\u00e9dio moral e humilha\u00e7\u00e3o em reuni\u00f5es"}]},{"@type":"WebSite","@id":"https:\/\/latamreports.com\/br\/#website","url":"https:\/\/latamreports.com\/br\/","name":"LatAm Reports","description":"Not\u00edcias e opini\u00f5es de todas as Am\u00e9ricas","publisher":{"@id":"https:\/\/latamreports.com\/br\/#organization"},"potentialAction":[{"@type":"SearchAction","target":{"@type":"EntryPoint","urlTemplate":"https:\/\/latamreports.com\/br\/?s={search_term_string}"},"query-input":{"@type":"PropertyValueSpecification","valueRequired":true,"valueName":"search_term_string"}}],"inLanguage":"en-US"},{"@type":"Organization","@id":"https:\/\/latamreports.com\/br\/#organization","name":"LatAm Reports","url":"https:\/\/latamreports.com\/br\/","logo":{"@type":"ImageObject","inLanguage":"en-US","@id":"https:\/\/latamreports.com\/br\/#\/schema\/logo\/image\/","url":"https:\/\/latamreports.com\/br\/wp-content\/uploads\/cropped-PNG2.png","contentUrl":"https:\/\/latamreports.com\/br\/wp-content\/uploads\/cropped-PNG2.png","width":2522,"height":1014,"caption":"LatAm Reports"},"image":{"@id":"https:\/\/latamreports.com\/br\/#\/schema\/logo\/image\/"},"sameAs":["https:\/\/facebook.com\/latamreports","https:\/\/x.com\/latamreports"]},{"@type":"Person","@id":"https:\/\/latamreports.com\/br\/#\/schema\/person\/a561f2de7e5ccabfab38d239b39fdb70","name":"LatAm Reports Redatores da Equipe","image":{"@type":"ImageObject","inLanguage":"en-US","@id":"https:\/\/secure.gravatar.com\/avatar\/dcdcc93cc5edddd2f3ef77245866172c7d7241a11ad58e1959aa824f2fae81f6?s=96&d=mm&r=g","url":"https:\/\/secure.gravatar.com\/avatar\/dcdcc93cc5edddd2f3ef77245866172c7d7241a11ad58e1959aa824f2fae81f6?s=96&d=mm&r=g","contentUrl":"https:\/\/secure.gravatar.com\/avatar\/dcdcc93cc5edddd2f3ef77245866172c7d7241a11ad58e1959aa824f2fae81f6?s=96&d=mm&r=g","caption":"LatAm Reports Redatores da Equipe"}}]}},"jetpack_publicize_connections":[],"_links":{"self":[{"href":"https:\/\/latamreports.com\/br\/wp-json\/wp\/v2\/posts\/15489","targetHints":{"allow":["GET"]}}],"collection":[{"href":"https:\/\/latamreports.com\/br\/wp-json\/wp\/v2\/posts"}],"about":[{"href":"https:\/\/latamreports.com\/br\/wp-json\/wp\/v2\/types\/post"}],"author":[{"embeddable":true,"href":"https:\/\/latamreports.com\/br\/wp-json\/wp\/v2\/users\/7"}],"replies":[{"embeddable":true,"href":"https:\/\/latamreports.com\/br\/wp-json\/wp\/v2\/comments?post=15489"}],"version-history":[{"count":1,"href":"https:\/\/latamreports.com\/br\/wp-json\/wp\/v2\/posts\/15489\/revisions"}],"predecessor-version":[{"id":15491,"href":"https:\/\/latamreports.com\/br\/wp-json\/wp\/v2\/posts\/15489\/revisions\/15491"}],"wp:featuredmedia":[{"embeddable":true,"href":"https:\/\/latamreports.com\/br\/wp-json\/wp\/v2\/media\/15490"}],"wp:attachment":[{"href":"https:\/\/latamreports.com\/br\/wp-json\/wp\/v2\/media?parent=15489"}],"wp:term":[{"taxonomy":"category","embeddable":true,"href":"https:\/\/latamreports.com\/br\/wp-json\/wp\/v2\/categories?post=15489"},{"taxonomy":"post_tag","embeddable":true,"href":"https:\/\/latamreports.com\/br\/wp-json\/wp\/v2\/tags?post=15489"}],"curies":[{"name":"wp","href":"https:\/\/api.w.org\/{rel}","templated":true}]}}