{"id":15486,"date":"2026-04-30T15:24:26","date_gmt":"2026-04-30T15:24:26","guid":{"rendered":"https:\/\/latamreports.com\/br\/?p=15486"},"modified":"2026-04-30T15:24:28","modified_gmt":"2026-04-30T15:24:28","slug":"desemprego-sobe-para-61-no-primeiro-trimestre-mas-bate-recorde-positivo-para-o-periodo","status":"publish","type":"post","link":"https:\/\/latamreports.com\/br\/desemprego-sobe-para-61-no-primeiro-trimestre-mas-bate-recorde-positivo-para-o-periodo\/","title":{"rendered":"Desemprego sobe para 6,1% no primeiro trimestre, mas bate recorde positivo para o per\u00edodo"},"content":{"rendered":"\n<p>A taxa de desemprego no Brasil fechou o trimestre encerrado em mar\u00e7o em 6,1%. O dado foi divulgado nesta quinta-feira (30) pelo IBGE, por meio da PNAD Cont\u00ednua. Apesar da alta em rela\u00e7\u00e3o ao trimestre anterior, o resultado \u00e9 o menor j\u00e1 registrado para esse per\u00edodo do ano desde o in\u00edcio da s\u00e9rie hist\u00f3rica, em 2012.<\/p>\n\n\n\n<p>O n\u00famero de pessoas sem trabalho chegou a 6,6 milh\u00f5es. Em compara\u00e7\u00e3o com o trimestre anterior, houve aumento de 19,6% \u2014 o equivalente a 1,1 milh\u00e3o de pessoas a mais na fila do desemprego. Contudo, na compara\u00e7\u00e3o com o mesmo per\u00edodo de 2025, o cen\u00e1rio \u00e9 diferente. Houve queda de 13%, com 987 mil desocupados a menos.<\/p>\n\n\n\n<p>Segundo Adriana Beringuy, coordenadora de pesquisas domiciliares do IBGE, a varia\u00e7\u00e3o est\u00e1 ligada a fatores t\u00edpicos do in\u00edcio do ano. <\/p>\n\n\n\n<blockquote class=\"wp-block-quote is-layout-flow wp-block-quote-is-layout-flow\">\n<p>&#8220;No com\u00e9rcio, a perda de pessoal se concentrou em ocupa\u00e7\u00f5es como vendedores e balconistas. Houve tamb\u00e9m um movimento na educa\u00e7\u00e3o fundamental, ligado ao ciclo de contratos tempor\u00e1rios&#8221;, explicou.<\/p>\n<\/blockquote>\n\n\n\n<p>O total de ocupados somou 102 milh\u00f5es. Esse contingente recuou 1% no trimestre. Todavia, avan\u00e7ou 1,5% na compara\u00e7\u00e3o anual. O emprego com carteira assinada ficou est\u00e1vel em 39,2 milh\u00f5es e cresceu 1,3% em um ano. Por sua vez, a informalidade atingiu 38,1 milh\u00f5es de trabalhadores \u2014 o equivalente a 37,3% da popula\u00e7\u00e3o ocupada. O \u00edndice recuou tanto no trimestre quanto na compara\u00e7\u00e3o anual.<\/p>\n\n\n\n<p>A renda seguiu em alta e bateu recorde. O ganho m\u00e9dio habitual chegou a R$ 3.722, com avan\u00e7o de 5,5% em um ano. Al\u00e9m disso, a massa de renda somou R$ 374,8 bilh\u00f5es \u2014 maior valor j\u00e1 registrado. Os setores que mais puxaram o crescimento foram com\u00e9rcio, administra\u00e7\u00e3o p\u00fablica, constru\u00e7\u00e3o e servi\u00e7os dom\u00e9sticos.<\/p>\n\n\n\n<p>A popula\u00e7\u00e3o desalentada \u2014 pessoas que desistiram de procurar emprego \u2014 ficou em 2,7 milh\u00f5es. Esse grupo recuou 15,9% em um ano, com 509 mil pessoas a menos. Por essa raz\u00e3o, mesmo com a alta sazonal do desemprego, os indicadores de longo prazo seguem positivos.<\/p>\n\n\n\n<blockquote class=\"wp-block-quote is-layout-flow wp-block-quote-is-layout-flow\">\n<p>Economistas avaliam o cen\u00e1rio com cautela. Andr\u00e9 Val\u00e9rio, do Inter, identifica uma desacelera\u00e7\u00e3o gradual. &#8220;A taxa ajustada alcan\u00e7ou 5,7% em mar\u00e7o, o maior valor desde setembro de 2025&#8221;, afirmou. <\/p>\n<\/blockquote>\n\n\n\n<p>Mesmo assim, a renda segue em alta e sustenta o consumo. Para Maykon Douglas, a massa salarial voltou a se acelerar, com crescimento real pr\u00f3ximo de 6,4% em base anual. A expectativa para os pr\u00f3ximos meses \u00e9 de modera\u00e7\u00e3o \u2014 sem revers\u00e3o brusca, mas com ritmo menos intenso de crescimento.<\/p>\n","protected":false},"excerpt":{"rendered":"<p>A taxa de desemprego no Brasil fechou o trimestre encerrado em mar\u00e7o em 6,1%. O dado foi divulgado nesta quinta-feira (30) pelo IBGE, por meio &#8230; <a title=\"Desemprego sobe para 6,1% no primeiro trimestre, mas bate recorde positivo para o per\u00edodo\" class=\"read-more\" href=\"https:\/\/latamreports.com\/br\/desemprego-sobe-para-61-no-primeiro-trimestre-mas-bate-recorde-positivo-para-o-periodo\/\" aria-label=\"Read more about Desemprego sobe para 6,1% no primeiro trimestre, mas bate recorde positivo para o per\u00edodo\">Read more<\/a><\/p>\n","protected":false},"author":7,"featured_media":15487,"comment_status":"closed","ping_status":"closed","sticky":false,"template":"","format":"standard","meta":{"footnotes":"","jetpack_publicize_message":"","jetpack_publicize_feature_enabled":true,"jetpack_social_post_already_shared":true,"jetpack_social_options":{"image_generator_settings":{"template":"highway","default_image_id":0,"font":"","enabled":false},"version":2}},"categories":[2,13],"tags":[31],"class_list":["post-15486","post","type-post","status-publish","format-standard","has-post-thumbnail","hentry","category-negocios","category-politica","tag-brasil","resize-featured-image"],"yoast_head":"<!-- This site is optimized with the Yoast SEO plugin v27.5 - https:\/\/yoast.com\/product\/yoast-seo-wordpress\/ -->\n<title>Desemprego sobe para 6,1% no primeiro trimestre<\/title>\n<meta name=\"description\" content=\"A taxa de desocupa\u00e7\u00e3o no Brasil fechou o trimestre encerrado em mar\u00e7o em 6,1%. O dado foi divulgado nesta quinta-feira (30)\" \/>\n<meta name=\"robots\" content=\"index, follow, max-snippet:-1, max-image-preview:large, max-video-preview:-1\" \/>\n<link rel=\"canonical\" href=\"https:\/\/latamreports.com\/br\/desemprego-sobe-para-61-no-primeiro-trimestre-mas-bate-recorde-positivo-para-o-periodo\/\" \/>\n<meta property=\"og:locale\" content=\"en_US\" \/>\n<meta property=\"og:type\" content=\"article\" \/>\n<meta property=\"og:title\" content=\"Desemprego sobe para 6,1% no primeiro trimestre\" \/>\n<meta property=\"og:description\" content=\"A taxa de desocupa\u00e7\u00e3o no Brasil fechou o trimestre encerrado em mar\u00e7o em 6,1%. O dado foi divulgado nesta quinta-feira (30)\" \/>\n<meta property=\"og:url\" content=\"https:\/\/latamreports.com\/br\/desemprego-sobe-para-61-no-primeiro-trimestre-mas-bate-recorde-positivo-para-o-periodo\/\" \/>\n<meta property=\"og:site_name\" content=\"LatAm Reports\" \/>\n<meta property=\"article:publisher\" content=\"https:\/\/facebook.com\/latamreports\" \/>\n<meta property=\"article:published_time\" content=\"2026-04-30T15:24:26+00:00\" \/>\n<meta property=\"article:modified_time\" content=\"2026-04-30T15:24:28+00:00\" \/>\n<meta property=\"og:image\" content=\"https:\/\/latamreports.com\/br\/wp-content\/uploads\/desemprego-sobe-marco.png\" \/>\n\t<meta property=\"og:image:width\" content=\"1200\" \/>\n\t<meta property=\"og:image:height\" content=\"630\" \/>\n\t<meta property=\"og:image:type\" content=\"image\/png\" \/>\n<meta name=\"author\" content=\"LatAm Reports Redatores da Equipe\" \/>\n<meta name=\"twitter:card\" content=\"summary_large_image\" \/>\n<meta name=\"twitter:creator\" content=\"@latamreports\" \/>\n<meta name=\"twitter:site\" content=\"@latamreports\" \/>\n<meta name=\"twitter:label1\" content=\"Written by\" \/>\n\t<meta name=\"twitter:data1\" content=\"LatAm Reports Redatores da Equipe\" \/>\n\t<meta name=\"twitter:label2\" content=\"Est. reading time\" \/>\n\t<meta name=\"twitter:data2\" content=\"2 minutes\" \/>\n<script type=\"application\/ld+json\" class=\"yoast-schema-graph\">{\"@context\":\"https:\\\/\\\/schema.org\",\"@graph\":[{\"@type\":\"Article\",\"@id\":\"https:\\\/\\\/latamreports.com\\\/br\\\/desemprego-sobe-para-61-no-primeiro-trimestre-mas-bate-recorde-positivo-para-o-periodo\\\/#article\",\"isPartOf\":{\"@id\":\"https:\\\/\\\/latamreports.com\\\/br\\\/desemprego-sobe-para-61-no-primeiro-trimestre-mas-bate-recorde-positivo-para-o-periodo\\\/\"},\"author\":{\"name\":\"LatAm Reports Redatores da Equipe\",\"@id\":\"https:\\\/\\\/latamreports.com\\\/br\\\/#\\\/schema\\\/person\\\/a561f2de7e5ccabfab38d239b39fdb70\"},\"headline\":\"Desemprego sobe para 6,1% no primeiro trimestre, mas bate recorde positivo para o per\u00edodo\",\"datePublished\":\"2026-04-30T15:24:26+00:00\",\"dateModified\":\"2026-04-30T15:24:28+00:00\",\"mainEntityOfPage\":{\"@id\":\"https:\\\/\\\/latamreports.com\\\/br\\\/desemprego-sobe-para-61-no-primeiro-trimestre-mas-bate-recorde-positivo-para-o-periodo\\\/\"},\"wordCount\":433,\"publisher\":{\"@id\":\"https:\\\/\\\/latamreports.com\\\/br\\\/#organization\"},\"image\":{\"@id\":\"https:\\\/\\\/latamreports.com\\\/br\\\/desemprego-sobe-para-61-no-primeiro-trimestre-mas-bate-recorde-positivo-para-o-periodo\\\/#primaryimage\"},\"thumbnailUrl\":\"https:\\\/\\\/latamreports.com\\\/br\\\/wp-content\\\/uploads\\\/desemprego-sobe-marco.png\",\"keywords\":[\"Brasil\"],\"articleSection\":[\"Neg\u00f3cios\",\"Pol\u00edtica\"],\"inLanguage\":\"en-US\"},{\"@type\":\"WebPage\",\"@id\":\"https:\\\/\\\/latamreports.com\\\/br\\\/desemprego-sobe-para-61-no-primeiro-trimestre-mas-bate-recorde-positivo-para-o-periodo\\\/\",\"url\":\"https:\\\/\\\/latamreports.com\\\/br\\\/desemprego-sobe-para-61-no-primeiro-trimestre-mas-bate-recorde-positivo-para-o-periodo\\\/\",\"name\":\"Desemprego sobe para 6,1% no primeiro trimestre\",\"isPartOf\":{\"@id\":\"https:\\\/\\\/latamreports.com\\\/br\\\/#website\"},\"primaryImageOfPage\":{\"@id\":\"https:\\\/\\\/latamreports.com\\\/br\\\/desemprego-sobe-para-61-no-primeiro-trimestre-mas-bate-recorde-positivo-para-o-periodo\\\/#primaryimage\"},\"image\":{\"@id\":\"https:\\\/\\\/latamreports.com\\\/br\\\/desemprego-sobe-para-61-no-primeiro-trimestre-mas-bate-recorde-positivo-para-o-periodo\\\/#primaryimage\"},\"thumbnailUrl\":\"https:\\\/\\\/latamreports.com\\\/br\\\/wp-content\\\/uploads\\\/desemprego-sobe-marco.png\",\"datePublished\":\"2026-04-30T15:24:26+00:00\",\"dateModified\":\"2026-04-30T15:24:28+00:00\",\"description\":\"A taxa de desocupa\u00e7\u00e3o no Brasil fechou o trimestre encerrado em mar\u00e7o em 6,1%. O dado foi divulgado nesta quinta-feira (30)\",\"breadcrumb\":{\"@id\":\"https:\\\/\\\/latamreports.com\\\/br\\\/desemprego-sobe-para-61-no-primeiro-trimestre-mas-bate-recorde-positivo-para-o-periodo\\\/#breadcrumb\"},\"inLanguage\":\"en-US\",\"potentialAction\":[{\"@type\":\"ReadAction\",\"target\":[\"https:\\\/\\\/latamreports.com\\\/br\\\/desemprego-sobe-para-61-no-primeiro-trimestre-mas-bate-recorde-positivo-para-o-periodo\\\/\"]}]},{\"@type\":\"ImageObject\",\"inLanguage\":\"en-US\",\"@id\":\"https:\\\/\\\/latamreports.com\\\/br\\\/desemprego-sobe-para-61-no-primeiro-trimestre-mas-bate-recorde-positivo-para-o-periodo\\\/#primaryimage\",\"url\":\"https:\\\/\\\/latamreports.com\\\/br\\\/wp-content\\\/uploads\\\/desemprego-sobe-marco.png\",\"contentUrl\":\"https:\\\/\\\/latamreports.com\\\/br\\\/wp-content\\\/uploads\\\/desemprego-sobe-marco.png\",\"width\":1200,\"height\":630,\"caption\":\"Desemprego sobe para 6,1% no primeiro trimestre, mas bate recorde positivo para o per\u00edodo\"},{\"@type\":\"BreadcrumbList\",\"@id\":\"https:\\\/\\\/latamreports.com\\\/br\\\/desemprego-sobe-para-61-no-primeiro-trimestre-mas-bate-recorde-positivo-para-o-periodo\\\/#breadcrumb\",\"itemListElement\":[{\"@type\":\"ListItem\",\"position\":1,\"name\":\"Home\",\"item\":\"https:\\\/\\\/latamreports.com\\\/br\\\/\"},{\"@type\":\"ListItem\",\"position\":2,\"name\":\"Desemprego sobe para 6,1% no primeiro trimestre, mas bate recorde positivo para o per\u00edodo\"}]},{\"@type\":\"WebSite\",\"@id\":\"https:\\\/\\\/latamreports.com\\\/br\\\/#website\",\"url\":\"https:\\\/\\\/latamreports.com\\\/br\\\/\",\"name\":\"LatAm Reports\",\"description\":\"Not\u00edcias e opini\u00f5es de todas as Am\u00e9ricas\",\"publisher\":{\"@id\":\"https:\\\/\\\/latamreports.com\\\/br\\\/#organization\"},\"potentialAction\":[{\"@type\":\"SearchAction\",\"target\":{\"@type\":\"EntryPoint\",\"urlTemplate\":\"https:\\\/\\\/latamreports.com\\\/br\\\/?s={search_term_string}\"},\"query-input\":{\"@type\":\"PropertyValueSpecification\",\"valueRequired\":true,\"valueName\":\"search_term_string\"}}],\"inLanguage\":\"en-US\"},{\"@type\":\"Organization\",\"@id\":\"https:\\\/\\\/latamreports.com\\\/br\\\/#organization\",\"name\":\"LatAm Reports\",\"url\":\"https:\\\/\\\/latamreports.com\\\/br\\\/\",\"logo\":{\"@type\":\"ImageObject\",\"inLanguage\":\"en-US\",\"@id\":\"https:\\\/\\\/latamreports.com\\\/br\\\/#\\\/schema\\\/logo\\\/image\\\/\",\"url\":\"https:\\\/\\\/latamreports.com\\\/br\\\/wp-content\\\/uploads\\\/cropped-PNG2.png\",\"contentUrl\":\"https:\\\/\\\/latamreports.com\\\/br\\\/wp-content\\\/uploads\\\/cropped-PNG2.png\",\"width\":2522,\"height\":1014,\"caption\":\"LatAm Reports\"},\"image\":{\"@id\":\"https:\\\/\\\/latamreports.com\\\/br\\\/#\\\/schema\\\/logo\\\/image\\\/\"},\"sameAs\":[\"https:\\\/\\\/facebook.com\\\/latamreports\",\"https:\\\/\\\/x.com\\\/latamreports\"]},{\"@type\":\"Person\",\"@id\":\"https:\\\/\\\/latamreports.com\\\/br\\\/#\\\/schema\\\/person\\\/a561f2de7e5ccabfab38d239b39fdb70\",\"name\":\"LatAm Reports Redatores da Equipe\",\"image\":{\"@type\":\"ImageObject\",\"inLanguage\":\"en-US\",\"@id\":\"https:\\\/\\\/secure.gravatar.com\\\/avatar\\\/dcdcc93cc5edddd2f3ef77245866172c7d7241a11ad58e1959aa824f2fae81f6?s=96&d=mm&r=g\",\"url\":\"https:\\\/\\\/secure.gravatar.com\\\/avatar\\\/dcdcc93cc5edddd2f3ef77245866172c7d7241a11ad58e1959aa824f2fae81f6?s=96&d=mm&r=g\",\"contentUrl\":\"https:\\\/\\\/secure.gravatar.com\\\/avatar\\\/dcdcc93cc5edddd2f3ef77245866172c7d7241a11ad58e1959aa824f2fae81f6?s=96&d=mm&r=g\",\"caption\":\"LatAm Reports Redatores da Equipe\"}}]}<\/script>\n<!-- \/ Yoast SEO plugin. -->","yoast_head_json":{"title":"Desemprego sobe para 6,1% no primeiro trimestre","description":"A taxa de desocupa\u00e7\u00e3o no Brasil fechou o trimestre encerrado em mar\u00e7o em 6,1%. O dado foi divulgado nesta quinta-feira (30)","robots":{"index":"index","follow":"follow","max-snippet":"max-snippet:-1","max-image-preview":"max-image-preview:large","max-video-preview":"max-video-preview:-1"},"canonical":"https:\/\/latamreports.com\/br\/desemprego-sobe-para-61-no-primeiro-trimestre-mas-bate-recorde-positivo-para-o-periodo\/","og_locale":"en_US","og_type":"article","og_title":"Desemprego sobe para 6,1% no primeiro trimestre","og_description":"A taxa de desocupa\u00e7\u00e3o no Brasil fechou o trimestre encerrado em mar\u00e7o em 6,1%. O dado foi divulgado nesta quinta-feira (30)","og_url":"https:\/\/latamreports.com\/br\/desemprego-sobe-para-61-no-primeiro-trimestre-mas-bate-recorde-positivo-para-o-periodo\/","og_site_name":"LatAm Reports","article_publisher":"https:\/\/facebook.com\/latamreports","article_published_time":"2026-04-30T15:24:26+00:00","article_modified_time":"2026-04-30T15:24:28+00:00","og_image":[{"width":1200,"height":630,"url":"https:\/\/latamreports.com\/br\/wp-content\/uploads\/desemprego-sobe-marco.png","type":"image\/png"}],"author":"LatAm Reports Redatores da Equipe","twitter_card":"summary_large_image","twitter_creator":"@latamreports","twitter_site":"@latamreports","twitter_misc":{"Written by":"LatAm Reports Redatores da Equipe","Est. reading time":"2 minutes"},"schema":{"@context":"https:\/\/schema.org","@graph":[{"@type":"Article","@id":"https:\/\/latamreports.com\/br\/desemprego-sobe-para-61-no-primeiro-trimestre-mas-bate-recorde-positivo-para-o-periodo\/#article","isPartOf":{"@id":"https:\/\/latamreports.com\/br\/desemprego-sobe-para-61-no-primeiro-trimestre-mas-bate-recorde-positivo-para-o-periodo\/"},"author":{"name":"LatAm Reports Redatores da Equipe","@id":"https:\/\/latamreports.com\/br\/#\/schema\/person\/a561f2de7e5ccabfab38d239b39fdb70"},"headline":"Desemprego sobe para 6,1% no primeiro trimestre, mas bate recorde positivo para o per\u00edodo","datePublished":"2026-04-30T15:24:26+00:00","dateModified":"2026-04-30T15:24:28+00:00","mainEntityOfPage":{"@id":"https:\/\/latamreports.com\/br\/desemprego-sobe-para-61-no-primeiro-trimestre-mas-bate-recorde-positivo-para-o-periodo\/"},"wordCount":433,"publisher":{"@id":"https:\/\/latamreports.com\/br\/#organization"},"image":{"@id":"https:\/\/latamreports.com\/br\/desemprego-sobe-para-61-no-primeiro-trimestre-mas-bate-recorde-positivo-para-o-periodo\/#primaryimage"},"thumbnailUrl":"https:\/\/latamreports.com\/br\/wp-content\/uploads\/desemprego-sobe-marco.png","keywords":["Brasil"],"articleSection":["Neg\u00f3cios","Pol\u00edtica"],"inLanguage":"en-US"},{"@type":"WebPage","@id":"https:\/\/latamreports.com\/br\/desemprego-sobe-para-61-no-primeiro-trimestre-mas-bate-recorde-positivo-para-o-periodo\/","url":"https:\/\/latamreports.com\/br\/desemprego-sobe-para-61-no-primeiro-trimestre-mas-bate-recorde-positivo-para-o-periodo\/","name":"Desemprego sobe para 6,1% no primeiro trimestre","isPartOf":{"@id":"https:\/\/latamreports.com\/br\/#website"},"primaryImageOfPage":{"@id":"https:\/\/latamreports.com\/br\/desemprego-sobe-para-61-no-primeiro-trimestre-mas-bate-recorde-positivo-para-o-periodo\/#primaryimage"},"image":{"@id":"https:\/\/latamreports.com\/br\/desemprego-sobe-para-61-no-primeiro-trimestre-mas-bate-recorde-positivo-para-o-periodo\/#primaryimage"},"thumbnailUrl":"https:\/\/latamreports.com\/br\/wp-content\/uploads\/desemprego-sobe-marco.png","datePublished":"2026-04-30T15:24:26+00:00","dateModified":"2026-04-30T15:24:28+00:00","description":"A taxa de desocupa\u00e7\u00e3o no Brasil fechou o trimestre encerrado em mar\u00e7o em 6,1%. O dado foi divulgado nesta quinta-feira (30)","breadcrumb":{"@id":"https:\/\/latamreports.com\/br\/desemprego-sobe-para-61-no-primeiro-trimestre-mas-bate-recorde-positivo-para-o-periodo\/#breadcrumb"},"inLanguage":"en-US","potentialAction":[{"@type":"ReadAction","target":["https:\/\/latamreports.com\/br\/desemprego-sobe-para-61-no-primeiro-trimestre-mas-bate-recorde-positivo-para-o-periodo\/"]}]},{"@type":"ImageObject","inLanguage":"en-US","@id":"https:\/\/latamreports.com\/br\/desemprego-sobe-para-61-no-primeiro-trimestre-mas-bate-recorde-positivo-para-o-periodo\/#primaryimage","url":"https:\/\/latamreports.com\/br\/wp-content\/uploads\/desemprego-sobe-marco.png","contentUrl":"https:\/\/latamreports.com\/br\/wp-content\/uploads\/desemprego-sobe-marco.png","width":1200,"height":630,"caption":"Desemprego sobe para 6,1% no primeiro trimestre, mas bate recorde positivo para o per\u00edodo"},{"@type":"BreadcrumbList","@id":"https:\/\/latamreports.com\/br\/desemprego-sobe-para-61-no-primeiro-trimestre-mas-bate-recorde-positivo-para-o-periodo\/#breadcrumb","itemListElement":[{"@type":"ListItem","position":1,"name":"Home","item":"https:\/\/latamreports.com\/br\/"},{"@type":"ListItem","position":2,"name":"Desemprego sobe para 6,1% no primeiro trimestre, mas bate recorde positivo para o per\u00edodo"}]},{"@type":"WebSite","@id":"https:\/\/latamreports.com\/br\/#website","url":"https:\/\/latamreports.com\/br\/","name":"LatAm Reports","description":"Not\u00edcias e opini\u00f5es de todas as Am\u00e9ricas","publisher":{"@id":"https:\/\/latamreports.com\/br\/#organization"},"potentialAction":[{"@type":"SearchAction","target":{"@type":"EntryPoint","urlTemplate":"https:\/\/latamreports.com\/br\/?s={search_term_string}"},"query-input":{"@type":"PropertyValueSpecification","valueRequired":true,"valueName":"search_term_string"}}],"inLanguage":"en-US"},{"@type":"Organization","@id":"https:\/\/latamreports.com\/br\/#organization","name":"LatAm Reports","url":"https:\/\/latamreports.com\/br\/","logo":{"@type":"ImageObject","inLanguage":"en-US","@id":"https:\/\/latamreports.com\/br\/#\/schema\/logo\/image\/","url":"https:\/\/latamreports.com\/br\/wp-content\/uploads\/cropped-PNG2.png","contentUrl":"https:\/\/latamreports.com\/br\/wp-content\/uploads\/cropped-PNG2.png","width":2522,"height":1014,"caption":"LatAm Reports"},"image":{"@id":"https:\/\/latamreports.com\/br\/#\/schema\/logo\/image\/"},"sameAs":["https:\/\/facebook.com\/latamreports","https:\/\/x.com\/latamreports"]},{"@type":"Person","@id":"https:\/\/latamreports.com\/br\/#\/schema\/person\/a561f2de7e5ccabfab38d239b39fdb70","name":"LatAm Reports Redatores da Equipe","image":{"@type":"ImageObject","inLanguage":"en-US","@id":"https:\/\/secure.gravatar.com\/avatar\/dcdcc93cc5edddd2f3ef77245866172c7d7241a11ad58e1959aa824f2fae81f6?s=96&d=mm&r=g","url":"https:\/\/secure.gravatar.com\/avatar\/dcdcc93cc5edddd2f3ef77245866172c7d7241a11ad58e1959aa824f2fae81f6?s=96&d=mm&r=g","contentUrl":"https:\/\/secure.gravatar.com\/avatar\/dcdcc93cc5edddd2f3ef77245866172c7d7241a11ad58e1959aa824f2fae81f6?s=96&d=mm&r=g","caption":"LatAm Reports Redatores da Equipe"}}]}},"jetpack_publicize_connections":[],"_links":{"self":[{"href":"https:\/\/latamreports.com\/br\/wp-json\/wp\/v2\/posts\/15486","targetHints":{"allow":["GET"]}}],"collection":[{"href":"https:\/\/latamreports.com\/br\/wp-json\/wp\/v2\/posts"}],"about":[{"href":"https:\/\/latamreports.com\/br\/wp-json\/wp\/v2\/types\/post"}],"author":[{"embeddable":true,"href":"https:\/\/latamreports.com\/br\/wp-json\/wp\/v2\/users\/7"}],"replies":[{"embeddable":true,"href":"https:\/\/latamreports.com\/br\/wp-json\/wp\/v2\/comments?post=15486"}],"version-history":[{"count":1,"href":"https:\/\/latamreports.com\/br\/wp-json\/wp\/v2\/posts\/15486\/revisions"}],"predecessor-version":[{"id":15488,"href":"https:\/\/latamreports.com\/br\/wp-json\/wp\/v2\/posts\/15486\/revisions\/15488"}],"wp:featuredmedia":[{"embeddable":true,"href":"https:\/\/latamreports.com\/br\/wp-json\/wp\/v2\/media\/15487"}],"wp:attachment":[{"href":"https:\/\/latamreports.com\/br\/wp-json\/wp\/v2\/media?parent=15486"}],"wp:term":[{"taxonomy":"category","embeddable":true,"href":"https:\/\/latamreports.com\/br\/wp-json\/wp\/v2\/categories?post=15486"},{"taxonomy":"post_tag","embeddable":true,"href":"https:\/\/latamreports.com\/br\/wp-json\/wp\/v2\/tags?post=15486"}],"curies":[{"name":"wp","href":"https:\/\/api.w.org\/{rel}","templated":true}]}}