{"id":15483,"date":"2026-04-29T17:08:15","date_gmt":"2026-04-29T17:08:15","guid":{"rendered":"https:\/\/latamreports.com\/br\/?p=15483"},"modified":"2026-04-29T17:08:17","modified_gmt":"2026-04-29T17:08:17","slug":"pre-escola-obrigatoria-ha-mais-de-uma-decada-ainda-nao-chega-a-329-mil-criancas-no-brasil","status":"publish","type":"post","link":"https:\/\/latamreports.com\/br\/pre-escola-obrigatoria-ha-mais-de-uma-decada-ainda-nao-chega-a-329-mil-criancas-no-brasil\/","title":{"rendered":"Pr\u00e9-escola obrigat\u00f3ria h\u00e1 mais de uma d\u00e9cada ainda n\u00e3o chega a 329 mil crian\u00e7as no Brasil"},"content":{"rendered":"\n<p>A pr\u00e9-escola \u00e9 obrigat\u00f3ria por lei desde 2013. Mesmo assim, cerca de 329 mil crian\u00e7as de 4 e 5 anos seguem fora da sala de aula. Um novo indicador do Iede, divulgado pelo portal QEdu, mostra que 876 munic\u00edpios brasileiros t\u00eam menos de 90% de atendimento nessa etapa. O n\u00famero corresponde a 16% de todas as cidades do pa\u00eds.<\/p>\n\n\n\n<p>A an\u00e1lise foi elaborada em parceria com a Funda\u00e7\u00e3o Bracell, a Funda\u00e7\u00e3o Ita\u00fa, a Funda\u00e7\u00e3o Van Leer e o Banco Interamericano de Desenvolvimento (BID). O c\u00e1lculo cruza dados de matr\u00edculas do Censo Escolar com proje\u00e7\u00f5es populacionais do IBGE. Por essa raz\u00e3o, \u00e9 poss\u00edvel estimar a cobertura de atendimento em cada munic\u00edpio.<\/p>\n\n\n\n<p>As desigualdades regionais s\u00e3o evidentes. Na regi\u00e3o Norte, 29% dos munic\u00edpios n\u00e3o alcan\u00e7am 90% de cobertura. No Sul, esse \u00edndice cai para 11%. Contudo, em n\u00fameros absolutos, o Nordeste concentra mais cidades abaixo da faixa adequada \u2014 s\u00e3o 304 munic\u00edpios, o equivalente a 17% do total da regi\u00e3o.<\/p>\n\n\n\n<p>O problema tamb\u00e9m aparece entre as capitais. Enquanto S\u00e3o Paulo, Belo Horizonte, Curitiba e Vit\u00f3ria atingem 100% de matr\u00edcula, outras ficam bem abaixo. Macei\u00f3 atende apenas 64,8% das crian\u00e7as nessa faixa et\u00e1ria. Macap\u00e1 registra 71,4%, e Jo\u00e3o Pessoa, 73,4%. Ou seja, mesmo em grandes centros urbanos, a universaliza\u00e7\u00e3o est\u00e1 longe de ser alcan\u00e7ada.<\/p>\n\n\n\n<p>Crian\u00e7as que vivem em \u00e1reas rurais t\u00eam menos chance de frequentar a pr\u00e9-escola. Al\u00e9m disso, fam\u00edlias de baixa renda enfrentam mais obst\u00e1culos para garantir a matr\u00edcula \u2014 mesmo quando h\u00e1 previs\u00e3o legal de vaga.<\/p>\n\n\n\n<p>O cen\u00e1rio nas creches \u00e9 ainda mais cr\u00edtico. Segundo o levantamento, 81% dos munic\u00edpios brasileiros registram atendimento inferior a 60% para crian\u00e7as de 0 a 3 anos. Essa \u00e9 a meta estabelecida pelo novo Plano Nacional de Educa\u00e7\u00e3o para o per\u00edodo de 2026 a 2036. Na regi\u00e3o Norte, o \u00edndice chega a 94% dos munic\u00edpios abaixo dessa faixa. Diferentemente da pr\u00e9-escola, a creche n\u00e3o \u00e9 obrigat\u00f3ria. Todavia, o PNE prev\u00ea o compromisso de atender 100% da demanda manifesta \u2014 ou seja, todas as fam\u00edlias que desejam matricular seus filhos.<\/p>\n\n\n\n<p>A qualidade da oferta tamb\u00e9m preocupa. Apenas 17% das escolas p\u00fablicas de educa\u00e7\u00e3o infantil possuem toda a infraestrutura considerada adequada. Muitas unidades n\u00e3o t\u00eam rede de esgoto, coleta regular de lixo ou abastecimento de \u00e1gua. Da mesma forma, a infraestrutura pedag\u00f3gica \u00e9 limitada. Somente 45% das escolas contam com parque infantil, e apenas 36% t\u00eam \u00e1rea verde \u2014 espa\u00e7os considerados essenciais para o desenvolvimento das crian\u00e7as.<\/p>\n","protected":false},"excerpt":{"rendered":"<p>A pr\u00e9-escola \u00e9 obrigat\u00f3ria por lei desde 2013. Mesmo assim, cerca de 329 mil crian\u00e7as de 4 e 5 anos seguem fora da sala de &#8230; <a title=\"Pr\u00e9-escola obrigat\u00f3ria h\u00e1 mais de uma d\u00e9cada ainda n\u00e3o chega a 329 mil crian\u00e7as no Brasil\" class=\"read-more\" href=\"https:\/\/latamreports.com\/br\/pre-escola-obrigatoria-ha-mais-de-uma-decada-ainda-nao-chega-a-329-mil-criancas-no-brasil\/\" aria-label=\"Read more about Pr\u00e9-escola obrigat\u00f3ria h\u00e1 mais de uma d\u00e9cada ainda n\u00e3o chega a 329 mil crian\u00e7as no Brasil\">Read more<\/a><\/p>\n","protected":false},"author":7,"featured_media":15484,"comment_status":"closed","ping_status":"closed","sticky":false,"template":"","format":"standard","meta":{"footnotes":"","jetpack_publicize_message":"","jetpack_publicize_feature_enabled":true,"jetpack_social_post_already_shared":true,"jetpack_social_options":{"image_generator_settings":{"template":"highway","default_image_id":0,"font":"","enabled":false},"version":2}},"categories":[13],"tags":[31],"class_list":["post-15483","post","type-post","status-publish","format-standard","has-post-thumbnail","hentry","category-politica","tag-brasil","resize-featured-image"],"yoast_head":"<!-- This site is optimized with the Yoast SEO plugin v27.5 - https:\/\/yoast.com\/product\/yoast-seo-wordpress\/ -->\n<title>Pr\u00e9-escola obrigat\u00f3ria h\u00e1 mais de uma d\u00e9cada ainda n\u00e3o chega...<\/title>\n<meta name=\"description\" content=\"A pr\u00e9-escola \u00e9 obrigat\u00f3ria por lei desde 2013. Mesmo assim, cerca de 329 mil crian\u00e7as de 4 e 5 anos seguem fora da sala de aula.\" \/>\n<meta name=\"robots\" content=\"index, follow, max-snippet:-1, max-image-preview:large, max-video-preview:-1\" \/>\n<link rel=\"canonical\" href=\"https:\/\/latamreports.com\/br\/pre-escola-obrigatoria-ha-mais-de-uma-decada-ainda-nao-chega-a-329-mil-criancas-no-brasil\/\" \/>\n<meta property=\"og:locale\" content=\"en_US\" \/>\n<meta property=\"og:type\" content=\"article\" \/>\n<meta property=\"og:title\" content=\"Pr\u00e9-escola obrigat\u00f3ria h\u00e1 mais de uma d\u00e9cada ainda n\u00e3o chega...\" \/>\n<meta property=\"og:description\" content=\"A pr\u00e9-escola \u00e9 obrigat\u00f3ria por lei desde 2013. Mesmo assim, cerca de 329 mil crian\u00e7as de 4 e 5 anos seguem fora da sala de aula.\" \/>\n<meta property=\"og:url\" content=\"https:\/\/latamreports.com\/br\/pre-escola-obrigatoria-ha-mais-de-uma-decada-ainda-nao-chega-a-329-mil-criancas-no-brasil\/\" \/>\n<meta property=\"og:site_name\" content=\"LatAm Reports\" \/>\n<meta property=\"article:publisher\" content=\"https:\/\/facebook.com\/latamreports\" \/>\n<meta property=\"article:published_time\" content=\"2026-04-29T17:08:15+00:00\" \/>\n<meta property=\"article:modified_time\" content=\"2026-04-29T17:08:17+00:00\" \/>\n<meta property=\"og:image\" content=\"https:\/\/latamreports.com\/br\/wp-content\/uploads\/pre-escola-obrigatoria.png\" \/>\n\t<meta property=\"og:image:width\" content=\"1200\" \/>\n\t<meta property=\"og:image:height\" content=\"630\" \/>\n\t<meta property=\"og:image:type\" content=\"image\/png\" \/>\n<meta name=\"author\" content=\"LatAm Reports Redatores da Equipe\" \/>\n<meta name=\"twitter:card\" content=\"summary_large_image\" \/>\n<meta name=\"twitter:creator\" content=\"@latamreports\" \/>\n<meta name=\"twitter:site\" content=\"@latamreports\" \/>\n<meta name=\"twitter:label1\" content=\"Written by\" \/>\n\t<meta name=\"twitter:data1\" content=\"LatAm Reports Redatores da Equipe\" \/>\n\t<meta name=\"twitter:label2\" content=\"Est. reading time\" \/>\n\t<meta name=\"twitter:data2\" content=\"2 minutes\" \/>\n<script type=\"application\/ld+json\" class=\"yoast-schema-graph\">{\"@context\":\"https:\\\/\\\/schema.org\",\"@graph\":[{\"@type\":\"Article\",\"@id\":\"https:\\\/\\\/latamreports.com\\\/br\\\/pre-escola-obrigatoria-ha-mais-de-uma-decada-ainda-nao-chega-a-329-mil-criancas-no-brasil\\\/#article\",\"isPartOf\":{\"@id\":\"https:\\\/\\\/latamreports.com\\\/br\\\/pre-escola-obrigatoria-ha-mais-de-uma-decada-ainda-nao-chega-a-329-mil-criancas-no-brasil\\\/\"},\"author\":{\"name\":\"LatAm Reports Redatores da Equipe\",\"@id\":\"https:\\\/\\\/latamreports.com\\\/br\\\/#\\\/schema\\\/person\\\/a561f2de7e5ccabfab38d239b39fdb70\"},\"headline\":\"Pr\u00e9-escola obrigat\u00f3ria h\u00e1 mais de uma d\u00e9cada ainda n\u00e3o chega a 329 mil crian\u00e7as no Brasil\",\"datePublished\":\"2026-04-29T17:08:15+00:00\",\"dateModified\":\"2026-04-29T17:08:17+00:00\",\"mainEntityOfPage\":{\"@id\":\"https:\\\/\\\/latamreports.com\\\/br\\\/pre-escola-obrigatoria-ha-mais-de-uma-decada-ainda-nao-chega-a-329-mil-criancas-no-brasil\\\/\"},\"wordCount\":447,\"publisher\":{\"@id\":\"https:\\\/\\\/latamreports.com\\\/br\\\/#organization\"},\"image\":{\"@id\":\"https:\\\/\\\/latamreports.com\\\/br\\\/pre-escola-obrigatoria-ha-mais-de-uma-decada-ainda-nao-chega-a-329-mil-criancas-no-brasil\\\/#primaryimage\"},\"thumbnailUrl\":\"https:\\\/\\\/latamreports.com\\\/br\\\/wp-content\\\/uploads\\\/pre-escola-obrigatoria.png\",\"keywords\":[\"Brasil\"],\"articleSection\":[\"Pol\u00edtica\"],\"inLanguage\":\"en-US\"},{\"@type\":\"WebPage\",\"@id\":\"https:\\\/\\\/latamreports.com\\\/br\\\/pre-escola-obrigatoria-ha-mais-de-uma-decada-ainda-nao-chega-a-329-mil-criancas-no-brasil\\\/\",\"url\":\"https:\\\/\\\/latamreports.com\\\/br\\\/pre-escola-obrigatoria-ha-mais-de-uma-decada-ainda-nao-chega-a-329-mil-criancas-no-brasil\\\/\",\"name\":\"Pr\u00e9-escola obrigat\u00f3ria h\u00e1 mais de uma d\u00e9cada ainda n\u00e3o chega...\",\"isPartOf\":{\"@id\":\"https:\\\/\\\/latamreports.com\\\/br\\\/#website\"},\"primaryImageOfPage\":{\"@id\":\"https:\\\/\\\/latamreports.com\\\/br\\\/pre-escola-obrigatoria-ha-mais-de-uma-decada-ainda-nao-chega-a-329-mil-criancas-no-brasil\\\/#primaryimage\"},\"image\":{\"@id\":\"https:\\\/\\\/latamreports.com\\\/br\\\/pre-escola-obrigatoria-ha-mais-de-uma-decada-ainda-nao-chega-a-329-mil-criancas-no-brasil\\\/#primaryimage\"},\"thumbnailUrl\":\"https:\\\/\\\/latamreports.com\\\/br\\\/wp-content\\\/uploads\\\/pre-escola-obrigatoria.png\",\"datePublished\":\"2026-04-29T17:08:15+00:00\",\"dateModified\":\"2026-04-29T17:08:17+00:00\",\"description\":\"A pr\u00e9-escola \u00e9 obrigat\u00f3ria por lei desde 2013. Mesmo assim, cerca de 329 mil crian\u00e7as de 4 e 5 anos seguem fora da sala de aula.\",\"breadcrumb\":{\"@id\":\"https:\\\/\\\/latamreports.com\\\/br\\\/pre-escola-obrigatoria-ha-mais-de-uma-decada-ainda-nao-chega-a-329-mil-criancas-no-brasil\\\/#breadcrumb\"},\"inLanguage\":\"en-US\",\"potentialAction\":[{\"@type\":\"ReadAction\",\"target\":[\"https:\\\/\\\/latamreports.com\\\/br\\\/pre-escola-obrigatoria-ha-mais-de-uma-decada-ainda-nao-chega-a-329-mil-criancas-no-brasil\\\/\"]}]},{\"@type\":\"ImageObject\",\"inLanguage\":\"en-US\",\"@id\":\"https:\\\/\\\/latamreports.com\\\/br\\\/pre-escola-obrigatoria-ha-mais-de-uma-decada-ainda-nao-chega-a-329-mil-criancas-no-brasil\\\/#primaryimage\",\"url\":\"https:\\\/\\\/latamreports.com\\\/br\\\/wp-content\\\/uploads\\\/pre-escola-obrigatoria.png\",\"contentUrl\":\"https:\\\/\\\/latamreports.com\\\/br\\\/wp-content\\\/uploads\\\/pre-escola-obrigatoria.png\",\"width\":1200,\"height\":630,\"caption\":\"Pr\u00e9-escola obrigat\u00f3ria h\u00e1 mais de uma d\u00e9cada ainda n\u00e3o chega a 329 mil crian\u00e7as no Brasil\"},{\"@type\":\"BreadcrumbList\",\"@id\":\"https:\\\/\\\/latamreports.com\\\/br\\\/pre-escola-obrigatoria-ha-mais-de-uma-decada-ainda-nao-chega-a-329-mil-criancas-no-brasil\\\/#breadcrumb\",\"itemListElement\":[{\"@type\":\"ListItem\",\"position\":1,\"name\":\"Home\",\"item\":\"https:\\\/\\\/latamreports.com\\\/br\\\/\"},{\"@type\":\"ListItem\",\"position\":2,\"name\":\"Pr\u00e9-escola obrigat\u00f3ria h\u00e1 mais de uma d\u00e9cada ainda n\u00e3o chega a 329 mil crian\u00e7as no Brasil\"}]},{\"@type\":\"WebSite\",\"@id\":\"https:\\\/\\\/latamreports.com\\\/br\\\/#website\",\"url\":\"https:\\\/\\\/latamreports.com\\\/br\\\/\",\"name\":\"LatAm Reports\",\"description\":\"Not\u00edcias e opini\u00f5es de todas as Am\u00e9ricas\",\"publisher\":{\"@id\":\"https:\\\/\\\/latamreports.com\\\/br\\\/#organization\"},\"potentialAction\":[{\"@type\":\"SearchAction\",\"target\":{\"@type\":\"EntryPoint\",\"urlTemplate\":\"https:\\\/\\\/latamreports.com\\\/br\\\/?s={search_term_string}\"},\"query-input\":{\"@type\":\"PropertyValueSpecification\",\"valueRequired\":true,\"valueName\":\"search_term_string\"}}],\"inLanguage\":\"en-US\"},{\"@type\":\"Organization\",\"@id\":\"https:\\\/\\\/latamreports.com\\\/br\\\/#organization\",\"name\":\"LatAm Reports\",\"url\":\"https:\\\/\\\/latamreports.com\\\/br\\\/\",\"logo\":{\"@type\":\"ImageObject\",\"inLanguage\":\"en-US\",\"@id\":\"https:\\\/\\\/latamreports.com\\\/br\\\/#\\\/schema\\\/logo\\\/image\\\/\",\"url\":\"https:\\\/\\\/latamreports.com\\\/br\\\/wp-content\\\/uploads\\\/cropped-PNG2.png\",\"contentUrl\":\"https:\\\/\\\/latamreports.com\\\/br\\\/wp-content\\\/uploads\\\/cropped-PNG2.png\",\"width\":2522,\"height\":1014,\"caption\":\"LatAm Reports\"},\"image\":{\"@id\":\"https:\\\/\\\/latamreports.com\\\/br\\\/#\\\/schema\\\/logo\\\/image\\\/\"},\"sameAs\":[\"https:\\\/\\\/facebook.com\\\/latamreports\",\"https:\\\/\\\/x.com\\\/latamreports\"]},{\"@type\":\"Person\",\"@id\":\"https:\\\/\\\/latamreports.com\\\/br\\\/#\\\/schema\\\/person\\\/a561f2de7e5ccabfab38d239b39fdb70\",\"name\":\"LatAm Reports Redatores da Equipe\",\"image\":{\"@type\":\"ImageObject\",\"inLanguage\":\"en-US\",\"@id\":\"https:\\\/\\\/secure.gravatar.com\\\/avatar\\\/dcdcc93cc5edddd2f3ef77245866172c7d7241a11ad58e1959aa824f2fae81f6?s=96&d=mm&r=g\",\"url\":\"https:\\\/\\\/secure.gravatar.com\\\/avatar\\\/dcdcc93cc5edddd2f3ef77245866172c7d7241a11ad58e1959aa824f2fae81f6?s=96&d=mm&r=g\",\"contentUrl\":\"https:\\\/\\\/secure.gravatar.com\\\/avatar\\\/dcdcc93cc5edddd2f3ef77245866172c7d7241a11ad58e1959aa824f2fae81f6?s=96&d=mm&r=g\",\"caption\":\"LatAm Reports Redatores da Equipe\"}}]}<\/script>\n<!-- \/ Yoast SEO plugin. -->","yoast_head_json":{"title":"Pr\u00e9-escola obrigat\u00f3ria h\u00e1 mais de uma d\u00e9cada ainda n\u00e3o chega...","description":"A pr\u00e9-escola \u00e9 obrigat\u00f3ria por lei desde 2013. Mesmo assim, cerca de 329 mil crian\u00e7as de 4 e 5 anos seguem fora da sala de aula.","robots":{"index":"index","follow":"follow","max-snippet":"max-snippet:-1","max-image-preview":"max-image-preview:large","max-video-preview":"max-video-preview:-1"},"canonical":"https:\/\/latamreports.com\/br\/pre-escola-obrigatoria-ha-mais-de-uma-decada-ainda-nao-chega-a-329-mil-criancas-no-brasil\/","og_locale":"en_US","og_type":"article","og_title":"Pr\u00e9-escola obrigat\u00f3ria h\u00e1 mais de uma d\u00e9cada ainda n\u00e3o chega...","og_description":"A pr\u00e9-escola \u00e9 obrigat\u00f3ria por lei desde 2013. Mesmo assim, cerca de 329 mil crian\u00e7as de 4 e 5 anos seguem fora da sala de aula.","og_url":"https:\/\/latamreports.com\/br\/pre-escola-obrigatoria-ha-mais-de-uma-decada-ainda-nao-chega-a-329-mil-criancas-no-brasil\/","og_site_name":"LatAm Reports","article_publisher":"https:\/\/facebook.com\/latamreports","article_published_time":"2026-04-29T17:08:15+00:00","article_modified_time":"2026-04-29T17:08:17+00:00","og_image":[{"width":1200,"height":630,"url":"https:\/\/latamreports.com\/br\/wp-content\/uploads\/pre-escola-obrigatoria.png","type":"image\/png"}],"author":"LatAm Reports Redatores da Equipe","twitter_card":"summary_large_image","twitter_creator":"@latamreports","twitter_site":"@latamreports","twitter_misc":{"Written by":"LatAm Reports Redatores da Equipe","Est. reading time":"2 minutes"},"schema":{"@context":"https:\/\/schema.org","@graph":[{"@type":"Article","@id":"https:\/\/latamreports.com\/br\/pre-escola-obrigatoria-ha-mais-de-uma-decada-ainda-nao-chega-a-329-mil-criancas-no-brasil\/#article","isPartOf":{"@id":"https:\/\/latamreports.com\/br\/pre-escola-obrigatoria-ha-mais-de-uma-decada-ainda-nao-chega-a-329-mil-criancas-no-brasil\/"},"author":{"name":"LatAm Reports Redatores da Equipe","@id":"https:\/\/latamreports.com\/br\/#\/schema\/person\/a561f2de7e5ccabfab38d239b39fdb70"},"headline":"Pr\u00e9-escola obrigat\u00f3ria h\u00e1 mais de uma d\u00e9cada ainda n\u00e3o chega a 329 mil crian\u00e7as no Brasil","datePublished":"2026-04-29T17:08:15+00:00","dateModified":"2026-04-29T17:08:17+00:00","mainEntityOfPage":{"@id":"https:\/\/latamreports.com\/br\/pre-escola-obrigatoria-ha-mais-de-uma-decada-ainda-nao-chega-a-329-mil-criancas-no-brasil\/"},"wordCount":447,"publisher":{"@id":"https:\/\/latamreports.com\/br\/#organization"},"image":{"@id":"https:\/\/latamreports.com\/br\/pre-escola-obrigatoria-ha-mais-de-uma-decada-ainda-nao-chega-a-329-mil-criancas-no-brasil\/#primaryimage"},"thumbnailUrl":"https:\/\/latamreports.com\/br\/wp-content\/uploads\/pre-escola-obrigatoria.png","keywords":["Brasil"],"articleSection":["Pol\u00edtica"],"inLanguage":"en-US"},{"@type":"WebPage","@id":"https:\/\/latamreports.com\/br\/pre-escola-obrigatoria-ha-mais-de-uma-decada-ainda-nao-chega-a-329-mil-criancas-no-brasil\/","url":"https:\/\/latamreports.com\/br\/pre-escola-obrigatoria-ha-mais-de-uma-decada-ainda-nao-chega-a-329-mil-criancas-no-brasil\/","name":"Pr\u00e9-escola obrigat\u00f3ria h\u00e1 mais de uma d\u00e9cada ainda n\u00e3o chega...","isPartOf":{"@id":"https:\/\/latamreports.com\/br\/#website"},"primaryImageOfPage":{"@id":"https:\/\/latamreports.com\/br\/pre-escola-obrigatoria-ha-mais-de-uma-decada-ainda-nao-chega-a-329-mil-criancas-no-brasil\/#primaryimage"},"image":{"@id":"https:\/\/latamreports.com\/br\/pre-escola-obrigatoria-ha-mais-de-uma-decada-ainda-nao-chega-a-329-mil-criancas-no-brasil\/#primaryimage"},"thumbnailUrl":"https:\/\/latamreports.com\/br\/wp-content\/uploads\/pre-escola-obrigatoria.png","datePublished":"2026-04-29T17:08:15+00:00","dateModified":"2026-04-29T17:08:17+00:00","description":"A pr\u00e9-escola \u00e9 obrigat\u00f3ria por lei desde 2013. Mesmo assim, cerca de 329 mil crian\u00e7as de 4 e 5 anos seguem fora da sala de aula.","breadcrumb":{"@id":"https:\/\/latamreports.com\/br\/pre-escola-obrigatoria-ha-mais-de-uma-decada-ainda-nao-chega-a-329-mil-criancas-no-brasil\/#breadcrumb"},"inLanguage":"en-US","potentialAction":[{"@type":"ReadAction","target":["https:\/\/latamreports.com\/br\/pre-escola-obrigatoria-ha-mais-de-uma-decada-ainda-nao-chega-a-329-mil-criancas-no-brasil\/"]}]},{"@type":"ImageObject","inLanguage":"en-US","@id":"https:\/\/latamreports.com\/br\/pre-escola-obrigatoria-ha-mais-de-uma-decada-ainda-nao-chega-a-329-mil-criancas-no-brasil\/#primaryimage","url":"https:\/\/latamreports.com\/br\/wp-content\/uploads\/pre-escola-obrigatoria.png","contentUrl":"https:\/\/latamreports.com\/br\/wp-content\/uploads\/pre-escola-obrigatoria.png","width":1200,"height":630,"caption":"Pr\u00e9-escola obrigat\u00f3ria h\u00e1 mais de uma d\u00e9cada ainda n\u00e3o chega a 329 mil crian\u00e7as no Brasil"},{"@type":"BreadcrumbList","@id":"https:\/\/latamreports.com\/br\/pre-escola-obrigatoria-ha-mais-de-uma-decada-ainda-nao-chega-a-329-mil-criancas-no-brasil\/#breadcrumb","itemListElement":[{"@type":"ListItem","position":1,"name":"Home","item":"https:\/\/latamreports.com\/br\/"},{"@type":"ListItem","position":2,"name":"Pr\u00e9-escola obrigat\u00f3ria h\u00e1 mais de uma d\u00e9cada ainda n\u00e3o chega a 329 mil crian\u00e7as no Brasil"}]},{"@type":"WebSite","@id":"https:\/\/latamreports.com\/br\/#website","url":"https:\/\/latamreports.com\/br\/","name":"LatAm Reports","description":"Not\u00edcias e opini\u00f5es de todas as Am\u00e9ricas","publisher":{"@id":"https:\/\/latamreports.com\/br\/#organization"},"potentialAction":[{"@type":"SearchAction","target":{"@type":"EntryPoint","urlTemplate":"https:\/\/latamreports.com\/br\/?s={search_term_string}"},"query-input":{"@type":"PropertyValueSpecification","valueRequired":true,"valueName":"search_term_string"}}],"inLanguage":"en-US"},{"@type":"Organization","@id":"https:\/\/latamreports.com\/br\/#organization","name":"LatAm Reports","url":"https:\/\/latamreports.com\/br\/","logo":{"@type":"ImageObject","inLanguage":"en-US","@id":"https:\/\/latamreports.com\/br\/#\/schema\/logo\/image\/","url":"https:\/\/latamreports.com\/br\/wp-content\/uploads\/cropped-PNG2.png","contentUrl":"https:\/\/latamreports.com\/br\/wp-content\/uploads\/cropped-PNG2.png","width":2522,"height":1014,"caption":"LatAm Reports"},"image":{"@id":"https:\/\/latamreports.com\/br\/#\/schema\/logo\/image\/"},"sameAs":["https:\/\/facebook.com\/latamreports","https:\/\/x.com\/latamreports"]},{"@type":"Person","@id":"https:\/\/latamreports.com\/br\/#\/schema\/person\/a561f2de7e5ccabfab38d239b39fdb70","name":"LatAm Reports Redatores da Equipe","image":{"@type":"ImageObject","inLanguage":"en-US","@id":"https:\/\/secure.gravatar.com\/avatar\/dcdcc93cc5edddd2f3ef77245866172c7d7241a11ad58e1959aa824f2fae81f6?s=96&d=mm&r=g","url":"https:\/\/secure.gravatar.com\/avatar\/dcdcc93cc5edddd2f3ef77245866172c7d7241a11ad58e1959aa824f2fae81f6?s=96&d=mm&r=g","contentUrl":"https:\/\/secure.gravatar.com\/avatar\/dcdcc93cc5edddd2f3ef77245866172c7d7241a11ad58e1959aa824f2fae81f6?s=96&d=mm&r=g","caption":"LatAm Reports Redatores da Equipe"}}]}},"jetpack_publicize_connections":[],"_links":{"self":[{"href":"https:\/\/latamreports.com\/br\/wp-json\/wp\/v2\/posts\/15483","targetHints":{"allow":["GET"]}}],"collection":[{"href":"https:\/\/latamreports.com\/br\/wp-json\/wp\/v2\/posts"}],"about":[{"href":"https:\/\/latamreports.com\/br\/wp-json\/wp\/v2\/types\/post"}],"author":[{"embeddable":true,"href":"https:\/\/latamreports.com\/br\/wp-json\/wp\/v2\/users\/7"}],"replies":[{"embeddable":true,"href":"https:\/\/latamreports.com\/br\/wp-json\/wp\/v2\/comments?post=15483"}],"version-history":[{"count":1,"href":"https:\/\/latamreports.com\/br\/wp-json\/wp\/v2\/posts\/15483\/revisions"}],"predecessor-version":[{"id":15485,"href":"https:\/\/latamreports.com\/br\/wp-json\/wp\/v2\/posts\/15483\/revisions\/15485"}],"wp:featuredmedia":[{"embeddable":true,"href":"https:\/\/latamreports.com\/br\/wp-json\/wp\/v2\/media\/15484"}],"wp:attachment":[{"href":"https:\/\/latamreports.com\/br\/wp-json\/wp\/v2\/media?parent=15483"}],"wp:term":[{"taxonomy":"category","embeddable":true,"href":"https:\/\/latamreports.com\/br\/wp-json\/wp\/v2\/categories?post=15483"},{"taxonomy":"post_tag","embeddable":true,"href":"https:\/\/latamreports.com\/br\/wp-json\/wp\/v2\/tags?post=15483"}],"curies":[{"name":"wp","href":"https:\/\/api.w.org\/{rel}","templated":true}]}}