{"id":15480,"date":"2026-04-29T14:34:05","date_gmt":"2026-04-29T14:34:05","guid":{"rendered":"https:\/\/latamreports.com\/br\/?p=15480"},"modified":"2026-04-29T14:34:08","modified_gmt":"2026-04-29T14:34:08","slug":"quaest-tarcisio-lidera-com-38-e-abre-12-pontos-sobre-haddad-na-disputa-pelo-governo-de-sp","status":"publish","type":"post","link":"https:\/\/latamreports.com\/br\/quaest-tarcisio-lidera-com-38-e-abre-12-pontos-sobre-haddad-na-disputa-pelo-governo-de-sp\/","title":{"rendered":"Quaest: Tarc\u00edsio lidera com 38% e abre 12 pontos sobre Haddad na disputa pelo governo de SP"},"content":{"rendered":"\n<p>O governador Tarc\u00edsio de Freitas (Republicanos) lidera a corrida pelo Pal\u00e1cio dos Bandeirantes com 38% das inten\u00e7\u00f5es de voto. Fernando Haddad (PT), ex-ministro da Fazenda e ex-prefeito de S\u00e3o Paulo, aparece em segundo com 26%. Os dados s\u00e3o da pesquisa Quaest divulgada nesta quarta-feira (29) \u2014 a primeira do instituto em 2026 com pr\u00e9-candidatos ao governo paulista.<\/p>\n\n\n\n<p>O levantamento foi encomendado pelo Banco Genial e ouviu 1.650 eleitores entre os dias 23 e 27 de abril. A margem de erro \u00e9 de 2 pontos percentuais, e o n\u00edvel de confian\u00e7a \u00e9 de 95%. A pesquisa est\u00e1 registrada no TSE sob o n\u00famero SP-03583\/2026.<\/p>\n\n\n\n<p>No cen\u00e1rio com quatro pr\u00e9-candidatos, Kim Kataguiri (Miss\u00e3o) e Paulo Serra (PSDB) empatam com 5% cada. Os indecisos somam 13%. Outros 13% disseram que votariam em branco, nulo ou que n\u00e3o pretendem votar. J\u00e1 no cen\u00e1rio sem Paulo Serra, Tarc\u00edsio sobe para 40% e Haddad vai a 28%. Kataguiri se mant\u00e9m em 5%.<\/p>\n\n\n\n<p>A Quaest tamb\u00e9m simulou o segundo turno entre os dois mais bem colocados. Tarc\u00edsio aparece com 49%, contra 32% de Haddad. Os indecisos ficam em 8%, e 11% escolheriam branco ou nulo. Contudo, a disputa ainda est\u00e1 longe de consolidada. Segundo a pesquisa, 51% dos eleitores disseram que a escolha pode mudar caso algo aconte\u00e7a. Apenas 48% consideram o voto definitivo.<\/p>\n\n\n\n<p>O perfil do eleitorado revela diferen\u00e7as claras. Tarc\u00edsio tem mais for\u00e7a entre homens \u2014 44% no primeiro cen\u00e1rio. Al\u00e9m disso, lidera na faixa et\u00e1ria de 35 a 59 anos, com 43%. Haddad, por sua vez, tem desempenho melhor entre mulheres (30%) e entre eleitores com 60 anos ou mais (33%).<\/p>\n\n\n\n<p>Outro dado relevante \u00e9 a rejei\u00e7\u00e3o. Segundo pesquisa complementar da Quaest, Haddad tem 58% de rejei\u00e7\u00e3o no estado. Tarc\u00edsio registra 38%. Por essa raz\u00e3o, mesmo com vantagem menor no primeiro turno, o governador amplia a diferen\u00e7a de forma significativa na simula\u00e7\u00e3o de segundo turno.<\/p>\n","protected":false},"excerpt":{"rendered":"<p>O governador Tarc\u00edsio de Freitas (Republicanos) lidera a corrida pelo Pal\u00e1cio dos Bandeirantes com 38% das inten\u00e7\u00f5es de voto. Fernando Haddad (PT), ex-ministro da Fazenda &#8230; <a title=\"Quaest: Tarc\u00edsio lidera com 38% e abre 12 pontos sobre Haddad na disputa pelo governo de SP\" class=\"read-more\" href=\"https:\/\/latamreports.com\/br\/quaest-tarcisio-lidera-com-38-e-abre-12-pontos-sobre-haddad-na-disputa-pelo-governo-de-sp\/\" aria-label=\"Read more about Quaest: Tarc\u00edsio lidera com 38% e abre 12 pontos sobre Haddad na disputa pelo governo de SP\">Read more<\/a><\/p>\n","protected":false},"author":7,"featured_media":15481,"comment_status":"closed","ping_status":"closed","sticky":false,"template":"","format":"standard","meta":{"footnotes":"","jetpack_publicize_message":"","jetpack_publicize_feature_enabled":true,"jetpack_social_post_already_shared":true,"jetpack_social_options":{"image_generator_settings":{"template":"highway","default_image_id":0,"font":"","enabled":false},"version":2}},"categories":[13],"tags":[31],"class_list":["post-15480","post","type-post","status-publish","format-standard","has-post-thumbnail","hentry","category-politica","tag-brasil","resize-featured-image"],"yoast_head":"<!-- This site is optimized with the Yoast SEO plugin v27.5 - https:\/\/yoast.com\/product\/yoast-seo-wordpress\/ -->\n<title>Quaest: Tarc\u00edsio lidera com 38% e abre 12 pontos sobre Haddad<\/title>\n<meta name=\"description\" content=\"O governador Tarc\u00edsio de Freitas (Republicanos) lidera a corrida pelo Pal\u00e1cio dos Bandeirantes com 38% das inten\u00e7\u00f5es de voto\" \/>\n<meta name=\"robots\" content=\"index, follow, max-snippet:-1, max-image-preview:large, max-video-preview:-1\" \/>\n<link rel=\"canonical\" href=\"https:\/\/latamreports.com\/br\/quaest-tarcisio-lidera-com-38-e-abre-12-pontos-sobre-haddad-na-disputa-pelo-governo-de-sp\/\" \/>\n<meta property=\"og:locale\" content=\"en_US\" \/>\n<meta property=\"og:type\" content=\"article\" \/>\n<meta property=\"og:title\" content=\"Quaest: Tarc\u00edsio lidera com 38% e abre 12 pontos sobre Haddad\" \/>\n<meta property=\"og:description\" content=\"O governador Tarc\u00edsio de Freitas (Republicanos) lidera a corrida pelo Pal\u00e1cio dos Bandeirantes com 38% das inten\u00e7\u00f5es de voto\" \/>\n<meta property=\"og:url\" content=\"https:\/\/latamreports.com\/br\/quaest-tarcisio-lidera-com-38-e-abre-12-pontos-sobre-haddad-na-disputa-pelo-governo-de-sp\/\" \/>\n<meta property=\"og:site_name\" content=\"LatAm Reports\" \/>\n<meta property=\"article:publisher\" content=\"https:\/\/facebook.com\/latamreports\" \/>\n<meta property=\"article:published_time\" content=\"2026-04-29T14:34:05+00:00\" \/>\n<meta property=\"article:modified_time\" content=\"2026-04-29T14:34:08+00:00\" \/>\n<meta property=\"og:image\" content=\"https:\/\/latamreports.com\/br\/wp-content\/uploads\/quaest-tarcisio-haddad.png\" \/>\n\t<meta property=\"og:image:width\" content=\"1200\" \/>\n\t<meta property=\"og:image:height\" content=\"630\" \/>\n\t<meta property=\"og:image:type\" content=\"image\/png\" \/>\n<meta name=\"author\" content=\"LatAm Reports Redatores da Equipe\" \/>\n<meta name=\"twitter:card\" content=\"summary_large_image\" \/>\n<meta name=\"twitter:creator\" content=\"@latamreports\" \/>\n<meta name=\"twitter:site\" content=\"@latamreports\" \/>\n<meta name=\"twitter:label1\" content=\"Written by\" \/>\n\t<meta name=\"twitter:data1\" content=\"LatAm Reports Redatores da Equipe\" \/>\n\t<meta name=\"twitter:label2\" content=\"Est. reading time\" \/>\n\t<meta name=\"twitter:data2\" content=\"2 minutes\" \/>\n<script type=\"application\/ld+json\" class=\"yoast-schema-graph\">{\"@context\":\"https:\\\/\\\/schema.org\",\"@graph\":[{\"@type\":\"Article\",\"@id\":\"https:\\\/\\\/latamreports.com\\\/br\\\/quaest-tarcisio-lidera-com-38-e-abre-12-pontos-sobre-haddad-na-disputa-pelo-governo-de-sp\\\/#article\",\"isPartOf\":{\"@id\":\"https:\\\/\\\/latamreports.com\\\/br\\\/quaest-tarcisio-lidera-com-38-e-abre-12-pontos-sobre-haddad-na-disputa-pelo-governo-de-sp\\\/\"},\"author\":{\"name\":\"LatAm Reports Redatores da Equipe\",\"@id\":\"https:\\\/\\\/latamreports.com\\\/br\\\/#\\\/schema\\\/person\\\/a561f2de7e5ccabfab38d239b39fdb70\"},\"headline\":\"Quaest: Tarc\u00edsio lidera com 38% e abre 12 pontos sobre Haddad na disputa pelo governo de SP\",\"datePublished\":\"2026-04-29T14:34:05+00:00\",\"dateModified\":\"2026-04-29T14:34:08+00:00\",\"mainEntityOfPage\":{\"@id\":\"https:\\\/\\\/latamreports.com\\\/br\\\/quaest-tarcisio-lidera-com-38-e-abre-12-pontos-sobre-haddad-na-disputa-pelo-governo-de-sp\\\/\"},\"wordCount\":323,\"publisher\":{\"@id\":\"https:\\\/\\\/latamreports.com\\\/br\\\/#organization\"},\"image\":{\"@id\":\"https:\\\/\\\/latamreports.com\\\/br\\\/quaest-tarcisio-lidera-com-38-e-abre-12-pontos-sobre-haddad-na-disputa-pelo-governo-de-sp\\\/#primaryimage\"},\"thumbnailUrl\":\"https:\\\/\\\/latamreports.com\\\/br\\\/wp-content\\\/uploads\\\/quaest-tarcisio-haddad.png\",\"keywords\":[\"Brasil\"],\"articleSection\":[\"Pol\u00edtica\"],\"inLanguage\":\"en-US\"},{\"@type\":\"WebPage\",\"@id\":\"https:\\\/\\\/latamreports.com\\\/br\\\/quaest-tarcisio-lidera-com-38-e-abre-12-pontos-sobre-haddad-na-disputa-pelo-governo-de-sp\\\/\",\"url\":\"https:\\\/\\\/latamreports.com\\\/br\\\/quaest-tarcisio-lidera-com-38-e-abre-12-pontos-sobre-haddad-na-disputa-pelo-governo-de-sp\\\/\",\"name\":\"Quaest: Tarc\u00edsio lidera com 38% e abre 12 pontos sobre Haddad\",\"isPartOf\":{\"@id\":\"https:\\\/\\\/latamreports.com\\\/br\\\/#website\"},\"primaryImageOfPage\":{\"@id\":\"https:\\\/\\\/latamreports.com\\\/br\\\/quaest-tarcisio-lidera-com-38-e-abre-12-pontos-sobre-haddad-na-disputa-pelo-governo-de-sp\\\/#primaryimage\"},\"image\":{\"@id\":\"https:\\\/\\\/latamreports.com\\\/br\\\/quaest-tarcisio-lidera-com-38-e-abre-12-pontos-sobre-haddad-na-disputa-pelo-governo-de-sp\\\/#primaryimage\"},\"thumbnailUrl\":\"https:\\\/\\\/latamreports.com\\\/br\\\/wp-content\\\/uploads\\\/quaest-tarcisio-haddad.png\",\"datePublished\":\"2026-04-29T14:34:05+00:00\",\"dateModified\":\"2026-04-29T14:34:08+00:00\",\"description\":\"O governador Tarc\u00edsio de Freitas (Republicanos) lidera a corrida pelo Pal\u00e1cio dos Bandeirantes com 38% das inten\u00e7\u00f5es de voto\",\"breadcrumb\":{\"@id\":\"https:\\\/\\\/latamreports.com\\\/br\\\/quaest-tarcisio-lidera-com-38-e-abre-12-pontos-sobre-haddad-na-disputa-pelo-governo-de-sp\\\/#breadcrumb\"},\"inLanguage\":\"en-US\",\"potentialAction\":[{\"@type\":\"ReadAction\",\"target\":[\"https:\\\/\\\/latamreports.com\\\/br\\\/quaest-tarcisio-lidera-com-38-e-abre-12-pontos-sobre-haddad-na-disputa-pelo-governo-de-sp\\\/\"]}]},{\"@type\":\"ImageObject\",\"inLanguage\":\"en-US\",\"@id\":\"https:\\\/\\\/latamreports.com\\\/br\\\/quaest-tarcisio-lidera-com-38-e-abre-12-pontos-sobre-haddad-na-disputa-pelo-governo-de-sp\\\/#primaryimage\",\"url\":\"https:\\\/\\\/latamreports.com\\\/br\\\/wp-content\\\/uploads\\\/quaest-tarcisio-haddad.png\",\"contentUrl\":\"https:\\\/\\\/latamreports.com\\\/br\\\/wp-content\\\/uploads\\\/quaest-tarcisio-haddad.png\",\"width\":1200,\"height\":630,\"caption\":\"Quaest: Tarc\u00edsio lidera com 38% e abre 12 pontos sobre Haddad na disputa pelo governo de SP\"},{\"@type\":\"BreadcrumbList\",\"@id\":\"https:\\\/\\\/latamreports.com\\\/br\\\/quaest-tarcisio-lidera-com-38-e-abre-12-pontos-sobre-haddad-na-disputa-pelo-governo-de-sp\\\/#breadcrumb\",\"itemListElement\":[{\"@type\":\"ListItem\",\"position\":1,\"name\":\"Home\",\"item\":\"https:\\\/\\\/latamreports.com\\\/br\\\/\"},{\"@type\":\"ListItem\",\"position\":2,\"name\":\"Quaest: Tarc\u00edsio lidera com 38% e abre 12 pontos sobre Haddad na disputa pelo governo de SP\"}]},{\"@type\":\"WebSite\",\"@id\":\"https:\\\/\\\/latamreports.com\\\/br\\\/#website\",\"url\":\"https:\\\/\\\/latamreports.com\\\/br\\\/\",\"name\":\"LatAm Reports\",\"description\":\"Not\u00edcias e opini\u00f5es de todas as Am\u00e9ricas\",\"publisher\":{\"@id\":\"https:\\\/\\\/latamreports.com\\\/br\\\/#organization\"},\"potentialAction\":[{\"@type\":\"SearchAction\",\"target\":{\"@type\":\"EntryPoint\",\"urlTemplate\":\"https:\\\/\\\/latamreports.com\\\/br\\\/?s={search_term_string}\"},\"query-input\":{\"@type\":\"PropertyValueSpecification\",\"valueRequired\":true,\"valueName\":\"search_term_string\"}}],\"inLanguage\":\"en-US\"},{\"@type\":\"Organization\",\"@id\":\"https:\\\/\\\/latamreports.com\\\/br\\\/#organization\",\"name\":\"LatAm Reports\",\"url\":\"https:\\\/\\\/latamreports.com\\\/br\\\/\",\"logo\":{\"@type\":\"ImageObject\",\"inLanguage\":\"en-US\",\"@id\":\"https:\\\/\\\/latamreports.com\\\/br\\\/#\\\/schema\\\/logo\\\/image\\\/\",\"url\":\"https:\\\/\\\/latamreports.com\\\/br\\\/wp-content\\\/uploads\\\/cropped-PNG2.png\",\"contentUrl\":\"https:\\\/\\\/latamreports.com\\\/br\\\/wp-content\\\/uploads\\\/cropped-PNG2.png\",\"width\":2522,\"height\":1014,\"caption\":\"LatAm Reports\"},\"image\":{\"@id\":\"https:\\\/\\\/latamreports.com\\\/br\\\/#\\\/schema\\\/logo\\\/image\\\/\"},\"sameAs\":[\"https:\\\/\\\/facebook.com\\\/latamreports\",\"https:\\\/\\\/x.com\\\/latamreports\"]},{\"@type\":\"Person\",\"@id\":\"https:\\\/\\\/latamreports.com\\\/br\\\/#\\\/schema\\\/person\\\/a561f2de7e5ccabfab38d239b39fdb70\",\"name\":\"LatAm Reports Redatores da Equipe\",\"image\":{\"@type\":\"ImageObject\",\"inLanguage\":\"en-US\",\"@id\":\"https:\\\/\\\/secure.gravatar.com\\\/avatar\\\/dcdcc93cc5edddd2f3ef77245866172c7d7241a11ad58e1959aa824f2fae81f6?s=96&d=mm&r=g\",\"url\":\"https:\\\/\\\/secure.gravatar.com\\\/avatar\\\/dcdcc93cc5edddd2f3ef77245866172c7d7241a11ad58e1959aa824f2fae81f6?s=96&d=mm&r=g\",\"contentUrl\":\"https:\\\/\\\/secure.gravatar.com\\\/avatar\\\/dcdcc93cc5edddd2f3ef77245866172c7d7241a11ad58e1959aa824f2fae81f6?s=96&d=mm&r=g\",\"caption\":\"LatAm Reports Redatores da Equipe\"}}]}<\/script>\n<!-- \/ Yoast SEO plugin. -->","yoast_head_json":{"title":"Quaest: Tarc\u00edsio lidera com 38% e abre 12 pontos sobre Haddad","description":"O governador Tarc\u00edsio de Freitas (Republicanos) lidera a corrida pelo Pal\u00e1cio dos Bandeirantes com 38% das inten\u00e7\u00f5es de voto","robots":{"index":"index","follow":"follow","max-snippet":"max-snippet:-1","max-image-preview":"max-image-preview:large","max-video-preview":"max-video-preview:-1"},"canonical":"https:\/\/latamreports.com\/br\/quaest-tarcisio-lidera-com-38-e-abre-12-pontos-sobre-haddad-na-disputa-pelo-governo-de-sp\/","og_locale":"en_US","og_type":"article","og_title":"Quaest: Tarc\u00edsio lidera com 38% e abre 12 pontos sobre Haddad","og_description":"O governador Tarc\u00edsio de Freitas (Republicanos) lidera a corrida pelo Pal\u00e1cio dos Bandeirantes com 38% das inten\u00e7\u00f5es de voto","og_url":"https:\/\/latamreports.com\/br\/quaest-tarcisio-lidera-com-38-e-abre-12-pontos-sobre-haddad-na-disputa-pelo-governo-de-sp\/","og_site_name":"LatAm Reports","article_publisher":"https:\/\/facebook.com\/latamreports","article_published_time":"2026-04-29T14:34:05+00:00","article_modified_time":"2026-04-29T14:34:08+00:00","og_image":[{"width":1200,"height":630,"url":"https:\/\/latamreports.com\/br\/wp-content\/uploads\/quaest-tarcisio-haddad.png","type":"image\/png"}],"author":"LatAm Reports Redatores da Equipe","twitter_card":"summary_large_image","twitter_creator":"@latamreports","twitter_site":"@latamreports","twitter_misc":{"Written by":"LatAm Reports Redatores da Equipe","Est. reading time":"2 minutes"},"schema":{"@context":"https:\/\/schema.org","@graph":[{"@type":"Article","@id":"https:\/\/latamreports.com\/br\/quaest-tarcisio-lidera-com-38-e-abre-12-pontos-sobre-haddad-na-disputa-pelo-governo-de-sp\/#article","isPartOf":{"@id":"https:\/\/latamreports.com\/br\/quaest-tarcisio-lidera-com-38-e-abre-12-pontos-sobre-haddad-na-disputa-pelo-governo-de-sp\/"},"author":{"name":"LatAm Reports Redatores da Equipe","@id":"https:\/\/latamreports.com\/br\/#\/schema\/person\/a561f2de7e5ccabfab38d239b39fdb70"},"headline":"Quaest: Tarc\u00edsio lidera com 38% e abre 12 pontos sobre Haddad na disputa pelo governo de SP","datePublished":"2026-04-29T14:34:05+00:00","dateModified":"2026-04-29T14:34:08+00:00","mainEntityOfPage":{"@id":"https:\/\/latamreports.com\/br\/quaest-tarcisio-lidera-com-38-e-abre-12-pontos-sobre-haddad-na-disputa-pelo-governo-de-sp\/"},"wordCount":323,"publisher":{"@id":"https:\/\/latamreports.com\/br\/#organization"},"image":{"@id":"https:\/\/latamreports.com\/br\/quaest-tarcisio-lidera-com-38-e-abre-12-pontos-sobre-haddad-na-disputa-pelo-governo-de-sp\/#primaryimage"},"thumbnailUrl":"https:\/\/latamreports.com\/br\/wp-content\/uploads\/quaest-tarcisio-haddad.png","keywords":["Brasil"],"articleSection":["Pol\u00edtica"],"inLanguage":"en-US"},{"@type":"WebPage","@id":"https:\/\/latamreports.com\/br\/quaest-tarcisio-lidera-com-38-e-abre-12-pontos-sobre-haddad-na-disputa-pelo-governo-de-sp\/","url":"https:\/\/latamreports.com\/br\/quaest-tarcisio-lidera-com-38-e-abre-12-pontos-sobre-haddad-na-disputa-pelo-governo-de-sp\/","name":"Quaest: Tarc\u00edsio lidera com 38% e abre 12 pontos sobre Haddad","isPartOf":{"@id":"https:\/\/latamreports.com\/br\/#website"},"primaryImageOfPage":{"@id":"https:\/\/latamreports.com\/br\/quaest-tarcisio-lidera-com-38-e-abre-12-pontos-sobre-haddad-na-disputa-pelo-governo-de-sp\/#primaryimage"},"image":{"@id":"https:\/\/latamreports.com\/br\/quaest-tarcisio-lidera-com-38-e-abre-12-pontos-sobre-haddad-na-disputa-pelo-governo-de-sp\/#primaryimage"},"thumbnailUrl":"https:\/\/latamreports.com\/br\/wp-content\/uploads\/quaest-tarcisio-haddad.png","datePublished":"2026-04-29T14:34:05+00:00","dateModified":"2026-04-29T14:34:08+00:00","description":"O governador Tarc\u00edsio de Freitas (Republicanos) lidera a corrida pelo Pal\u00e1cio dos Bandeirantes com 38% das inten\u00e7\u00f5es de voto","breadcrumb":{"@id":"https:\/\/latamreports.com\/br\/quaest-tarcisio-lidera-com-38-e-abre-12-pontos-sobre-haddad-na-disputa-pelo-governo-de-sp\/#breadcrumb"},"inLanguage":"en-US","potentialAction":[{"@type":"ReadAction","target":["https:\/\/latamreports.com\/br\/quaest-tarcisio-lidera-com-38-e-abre-12-pontos-sobre-haddad-na-disputa-pelo-governo-de-sp\/"]}]},{"@type":"ImageObject","inLanguage":"en-US","@id":"https:\/\/latamreports.com\/br\/quaest-tarcisio-lidera-com-38-e-abre-12-pontos-sobre-haddad-na-disputa-pelo-governo-de-sp\/#primaryimage","url":"https:\/\/latamreports.com\/br\/wp-content\/uploads\/quaest-tarcisio-haddad.png","contentUrl":"https:\/\/latamreports.com\/br\/wp-content\/uploads\/quaest-tarcisio-haddad.png","width":1200,"height":630,"caption":"Quaest: Tarc\u00edsio lidera com 38% e abre 12 pontos sobre Haddad na disputa pelo governo de SP"},{"@type":"BreadcrumbList","@id":"https:\/\/latamreports.com\/br\/quaest-tarcisio-lidera-com-38-e-abre-12-pontos-sobre-haddad-na-disputa-pelo-governo-de-sp\/#breadcrumb","itemListElement":[{"@type":"ListItem","position":1,"name":"Home","item":"https:\/\/latamreports.com\/br\/"},{"@type":"ListItem","position":2,"name":"Quaest: Tarc\u00edsio lidera com 38% e abre 12 pontos sobre Haddad na disputa pelo governo de SP"}]},{"@type":"WebSite","@id":"https:\/\/latamreports.com\/br\/#website","url":"https:\/\/latamreports.com\/br\/","name":"LatAm Reports","description":"Not\u00edcias e opini\u00f5es de todas as Am\u00e9ricas","publisher":{"@id":"https:\/\/latamreports.com\/br\/#organization"},"potentialAction":[{"@type":"SearchAction","target":{"@type":"EntryPoint","urlTemplate":"https:\/\/latamreports.com\/br\/?s={search_term_string}"},"query-input":{"@type":"PropertyValueSpecification","valueRequired":true,"valueName":"search_term_string"}}],"inLanguage":"en-US"},{"@type":"Organization","@id":"https:\/\/latamreports.com\/br\/#organization","name":"LatAm Reports","url":"https:\/\/latamreports.com\/br\/","logo":{"@type":"ImageObject","inLanguage":"en-US","@id":"https:\/\/latamreports.com\/br\/#\/schema\/logo\/image\/","url":"https:\/\/latamreports.com\/br\/wp-content\/uploads\/cropped-PNG2.png","contentUrl":"https:\/\/latamreports.com\/br\/wp-content\/uploads\/cropped-PNG2.png","width":2522,"height":1014,"caption":"LatAm Reports"},"image":{"@id":"https:\/\/latamreports.com\/br\/#\/schema\/logo\/image\/"},"sameAs":["https:\/\/facebook.com\/latamreports","https:\/\/x.com\/latamreports"]},{"@type":"Person","@id":"https:\/\/latamreports.com\/br\/#\/schema\/person\/a561f2de7e5ccabfab38d239b39fdb70","name":"LatAm Reports Redatores da Equipe","image":{"@type":"ImageObject","inLanguage":"en-US","@id":"https:\/\/secure.gravatar.com\/avatar\/dcdcc93cc5edddd2f3ef77245866172c7d7241a11ad58e1959aa824f2fae81f6?s=96&d=mm&r=g","url":"https:\/\/secure.gravatar.com\/avatar\/dcdcc93cc5edddd2f3ef77245866172c7d7241a11ad58e1959aa824f2fae81f6?s=96&d=mm&r=g","contentUrl":"https:\/\/secure.gravatar.com\/avatar\/dcdcc93cc5edddd2f3ef77245866172c7d7241a11ad58e1959aa824f2fae81f6?s=96&d=mm&r=g","caption":"LatAm Reports Redatores da Equipe"}}]}},"jetpack_publicize_connections":[],"_links":{"self":[{"href":"https:\/\/latamreports.com\/br\/wp-json\/wp\/v2\/posts\/15480","targetHints":{"allow":["GET"]}}],"collection":[{"href":"https:\/\/latamreports.com\/br\/wp-json\/wp\/v2\/posts"}],"about":[{"href":"https:\/\/latamreports.com\/br\/wp-json\/wp\/v2\/types\/post"}],"author":[{"embeddable":true,"href":"https:\/\/latamreports.com\/br\/wp-json\/wp\/v2\/users\/7"}],"replies":[{"embeddable":true,"href":"https:\/\/latamreports.com\/br\/wp-json\/wp\/v2\/comments?post=15480"}],"version-history":[{"count":1,"href":"https:\/\/latamreports.com\/br\/wp-json\/wp\/v2\/posts\/15480\/revisions"}],"predecessor-version":[{"id":15482,"href":"https:\/\/latamreports.com\/br\/wp-json\/wp\/v2\/posts\/15480\/revisions\/15482"}],"wp:featuredmedia":[{"embeddable":true,"href":"https:\/\/latamreports.com\/br\/wp-json\/wp\/v2\/media\/15481"}],"wp:attachment":[{"href":"https:\/\/latamreports.com\/br\/wp-json\/wp\/v2\/media?parent=15480"}],"wp:term":[{"taxonomy":"category","embeddable":true,"href":"https:\/\/latamreports.com\/br\/wp-json\/wp\/v2\/categories?post=15480"},{"taxonomy":"post_tag","embeddable":true,"href":"https:\/\/latamreports.com\/br\/wp-json\/wp\/v2\/tags?post=15480"}],"curies":[{"name":"wp","href":"https:\/\/api.w.org\/{rel}","templated":true}]}}