{"id":15462,"date":"2026-04-27T21:02:53","date_gmt":"2026-04-27T21:02:53","guid":{"rendered":"https:\/\/latamreports.com\/br\/?p=15462"},"modified":"2026-04-27T21:02:55","modified_gmt":"2026-04-27T21:02:55","slug":"homem-e-detido-com-espada-dentro-do-aeroporto-de-viracopos-apos-ser-imobilizado-com-arma-de-choque","status":"publish","type":"post","link":"https:\/\/latamreports.com\/br\/homem-e-detido-com-espada-dentro-do-aeroporto-de-viracopos-apos-ser-imobilizado-com-arma-de-choque\/","title":{"rendered":"Homem \u00e9 detido com espada dentro do Aeroporto de Viracopos ap\u00f3s ser imobilizado com arma de choque"},"content":{"rendered":"\n<p>Um homem de 45 anos foi detido na noite deste domingo (26) ap\u00f3s entrar com uma espada no Aeroporto Internacional de Viracopos, em Campinas (SP). Ele circulava pelo terminal dizendo coisas desconexas e abordando passageiros. Segundo a EPTV, afiliada da TV Globo, o suspeito afirmava que uma fac\u00e7\u00e3o criminosa estava atr\u00e1s dele.<\/p>\n\n\n\n<p>A Pol\u00edcia Militar foi acionada e tentou conter o homem com um disparo de arma de choque. Contudo, o primeiro tiro n\u00e3o surtiu efeito. Por essa raz\u00e3o, foi necess\u00e1rio um segundo disparo para imobiliz\u00e1-lo. V\u00eddeos feitos por testemunhas registraram toda a a\u00e7\u00e3o.<\/p>\n\n\n\n<p>Apesar de portar a espada, o homem n\u00e3o amea\u00e7ou nem feriu ningu\u00e9m. Segundo a pol\u00edcia, ele tem passagens por crimes violentos. Posteriormente, foi identificado que ele estava em surto psic\u00f3tico. Ap\u00f3s a deten\u00e7\u00e3o, o suspeito foi levado \u00e0 UPA S\u00e3o Jos\u00e9, tamb\u00e9m em Campinas.<\/p>\n\n\n\n<p>A ocorr\u00eancia foi registrada na 4\u00aa Delegacia de Atendimento ao Turista (Deatur) de Viracopos. Al\u00e9m disso, a concession\u00e1ria Aeroportos Brasil Viracopos confirmou o caso e o acionamento das for\u00e7as de seguran\u00e7a.<\/p>\n","protected":false},"excerpt":{"rendered":"<p>Um homem de 45 anos foi detido na noite deste domingo (26) ap\u00f3s entrar com uma espada no Aeroporto Internacional de Viracopos, em Campinas (SP). &#8230; <a title=\"Homem \u00e9 detido com espada dentro do Aeroporto de Viracopos ap\u00f3s ser imobilizado com arma de choque\" class=\"read-more\" href=\"https:\/\/latamreports.com\/br\/homem-e-detido-com-espada-dentro-do-aeroporto-de-viracopos-apos-ser-imobilizado-com-arma-de-choque\/\" aria-label=\"Read more about Homem \u00e9 detido com espada dentro do Aeroporto de Viracopos ap\u00f3s ser imobilizado com arma de choque\">Read more<\/a><\/p>\n","protected":false},"author":7,"featured_media":15463,"comment_status":"closed","ping_status":"closed","sticky":false,"template":"","format":"standard","meta":{"footnotes":"","jetpack_publicize_message":"","jetpack_publicize_feature_enabled":true,"jetpack_social_post_already_shared":true,"jetpack_social_options":{"image_generator_settings":{"template":"highway","default_image_id":0,"font":"","enabled":false},"version":2}},"categories":[24],"tags":[31],"class_list":["post-15462","post","type-post","status-publish","format-standard","has-post-thumbnail","hentry","category-opiniao","tag-brasil","resize-featured-image"],"yoast_head":"<!-- This site is optimized with the Yoast SEO plugin v27.4 - https:\/\/yoast.com\/product\/yoast-seo-wordpress\/ -->\n<title>Homem \u00e9 detido com espada dentro do Aeroporto de Viracopos<\/title>\n<meta name=\"description\" content=\"Um homem de 45 anos foi detido na noite deste domingo (26) ap\u00f3s entrar com uma espada no Aeroporto Internacional de Viracopos\" \/>\n<meta name=\"robots\" content=\"index, follow, max-snippet:-1, max-image-preview:large, max-video-preview:-1\" \/>\n<link rel=\"canonical\" href=\"https:\/\/latamreports.com\/br\/homem-e-detido-com-espada-dentro-do-aeroporto-de-viracopos-apos-ser-imobilizado-com-arma-de-choque\/\" \/>\n<meta property=\"og:locale\" content=\"en_US\" \/>\n<meta property=\"og:type\" content=\"article\" \/>\n<meta property=\"og:title\" content=\"Homem \u00e9 detido com espada dentro do Aeroporto de Viracopos\" \/>\n<meta property=\"og:description\" content=\"Um homem de 45 anos foi detido na noite deste domingo (26) ap\u00f3s entrar com uma espada no Aeroporto Internacional de Viracopos\" \/>\n<meta property=\"og:url\" content=\"https:\/\/latamreports.com\/br\/homem-e-detido-com-espada-dentro-do-aeroporto-de-viracopos-apos-ser-imobilizado-com-arma-de-choque\/\" \/>\n<meta property=\"og:site_name\" content=\"LatAm Reports\" \/>\n<meta property=\"article:publisher\" content=\"https:\/\/facebook.com\/latamreports\" \/>\n<meta property=\"article:published_time\" content=\"2026-04-27T21:02:53+00:00\" \/>\n<meta property=\"article:modified_time\" content=\"2026-04-27T21:02:55+00:00\" \/>\n<meta property=\"og:image\" content=\"https:\/\/latamreports.com\/br\/wp-content\/uploads\/homem-detido-aeroporto-viracopos-espada.png\" \/>\n\t<meta property=\"og:image:width\" content=\"1200\" \/>\n\t<meta property=\"og:image:height\" content=\"630\" \/>\n\t<meta property=\"og:image:type\" content=\"image\/png\" \/>\n<meta name=\"author\" content=\"LatAm Reports Redatores da Equipe\" \/>\n<meta name=\"twitter:card\" content=\"summary_large_image\" \/>\n<meta name=\"twitter:creator\" content=\"@latamreports\" \/>\n<meta name=\"twitter:site\" content=\"@latamreports\" \/>\n<meta name=\"twitter:label1\" content=\"Written by\" \/>\n\t<meta name=\"twitter:data1\" content=\"LatAm Reports Redatores da Equipe\" \/>\n\t<meta name=\"twitter:label2\" content=\"Est. reading time\" \/>\n\t<meta name=\"twitter:data2\" content=\"1 minute\" \/>\n<script type=\"application\/ld+json\" class=\"yoast-schema-graph\">{\"@context\":\"https:\\\/\\\/schema.org\",\"@graph\":[{\"@type\":\"Article\",\"@id\":\"https:\\\/\\\/latamreports.com\\\/br\\\/homem-e-detido-com-espada-dentro-do-aeroporto-de-viracopos-apos-ser-imobilizado-com-arma-de-choque\\\/#article\",\"isPartOf\":{\"@id\":\"https:\\\/\\\/latamreports.com\\\/br\\\/homem-e-detido-com-espada-dentro-do-aeroporto-de-viracopos-apos-ser-imobilizado-com-arma-de-choque\\\/\"},\"author\":{\"name\":\"LatAm Reports Redatores da Equipe\",\"@id\":\"https:\\\/\\\/latamreports.com\\\/br\\\/#\\\/schema\\\/person\\\/a561f2de7e5ccabfab38d239b39fdb70\"},\"headline\":\"Homem \u00e9 detido com espada dentro do Aeroporto de Viracopos ap\u00f3s ser imobilizado com arma de choque\",\"datePublished\":\"2026-04-27T21:02:53+00:00\",\"dateModified\":\"2026-04-27T21:02:55+00:00\",\"mainEntityOfPage\":{\"@id\":\"https:\\\/\\\/latamreports.com\\\/br\\\/homem-e-detido-com-espada-dentro-do-aeroporto-de-viracopos-apos-ser-imobilizado-com-arma-de-choque\\\/\"},\"wordCount\":206,\"publisher\":{\"@id\":\"https:\\\/\\\/latamreports.com\\\/br\\\/#organization\"},\"image\":{\"@id\":\"https:\\\/\\\/latamreports.com\\\/br\\\/homem-e-detido-com-espada-dentro-do-aeroporto-de-viracopos-apos-ser-imobilizado-com-arma-de-choque\\\/#primaryimage\"},\"thumbnailUrl\":\"https:\\\/\\\/latamreports.com\\\/br\\\/wp-content\\\/uploads\\\/homem-detido-aeroporto-viracopos-espada.png\",\"keywords\":[\"Brasil\"],\"articleSection\":[\"Opini\u00e3o\"],\"inLanguage\":\"en-US\"},{\"@type\":\"WebPage\",\"@id\":\"https:\\\/\\\/latamreports.com\\\/br\\\/homem-e-detido-com-espada-dentro-do-aeroporto-de-viracopos-apos-ser-imobilizado-com-arma-de-choque\\\/\",\"url\":\"https:\\\/\\\/latamreports.com\\\/br\\\/homem-e-detido-com-espada-dentro-do-aeroporto-de-viracopos-apos-ser-imobilizado-com-arma-de-choque\\\/\",\"name\":\"Homem \u00e9 detido com espada dentro do Aeroporto de Viracopos\",\"isPartOf\":{\"@id\":\"https:\\\/\\\/latamreports.com\\\/br\\\/#website\"},\"primaryImageOfPage\":{\"@id\":\"https:\\\/\\\/latamreports.com\\\/br\\\/homem-e-detido-com-espada-dentro-do-aeroporto-de-viracopos-apos-ser-imobilizado-com-arma-de-choque\\\/#primaryimage\"},\"image\":{\"@id\":\"https:\\\/\\\/latamreports.com\\\/br\\\/homem-e-detido-com-espada-dentro-do-aeroporto-de-viracopos-apos-ser-imobilizado-com-arma-de-choque\\\/#primaryimage\"},\"thumbnailUrl\":\"https:\\\/\\\/latamreports.com\\\/br\\\/wp-content\\\/uploads\\\/homem-detido-aeroporto-viracopos-espada.png\",\"datePublished\":\"2026-04-27T21:02:53+00:00\",\"dateModified\":\"2026-04-27T21:02:55+00:00\",\"description\":\"Um homem de 45 anos foi detido na noite deste domingo (26) ap\u00f3s entrar com uma espada no Aeroporto Internacional de Viracopos\",\"breadcrumb\":{\"@id\":\"https:\\\/\\\/latamreports.com\\\/br\\\/homem-e-detido-com-espada-dentro-do-aeroporto-de-viracopos-apos-ser-imobilizado-com-arma-de-choque\\\/#breadcrumb\"},\"inLanguage\":\"en-US\",\"potentialAction\":[{\"@type\":\"ReadAction\",\"target\":[\"https:\\\/\\\/latamreports.com\\\/br\\\/homem-e-detido-com-espada-dentro-do-aeroporto-de-viracopos-apos-ser-imobilizado-com-arma-de-choque\\\/\"]}]},{\"@type\":\"ImageObject\",\"inLanguage\":\"en-US\",\"@id\":\"https:\\\/\\\/latamreports.com\\\/br\\\/homem-e-detido-com-espada-dentro-do-aeroporto-de-viracopos-apos-ser-imobilizado-com-arma-de-choque\\\/#primaryimage\",\"url\":\"https:\\\/\\\/latamreports.com\\\/br\\\/wp-content\\\/uploads\\\/homem-detido-aeroporto-viracopos-espada.png\",\"contentUrl\":\"https:\\\/\\\/latamreports.com\\\/br\\\/wp-content\\\/uploads\\\/homem-detido-aeroporto-viracopos-espada.png\",\"width\":1200,\"height\":630,\"caption\":\"Homem \u00e9 detido com espada dentro do Aeroporto de Viracopos ap\u00f3s ser imobilizado com arma de choque\"},{\"@type\":\"BreadcrumbList\",\"@id\":\"https:\\\/\\\/latamreports.com\\\/br\\\/homem-e-detido-com-espada-dentro-do-aeroporto-de-viracopos-apos-ser-imobilizado-com-arma-de-choque\\\/#breadcrumb\",\"itemListElement\":[{\"@type\":\"ListItem\",\"position\":1,\"name\":\"Home\",\"item\":\"https:\\\/\\\/latamreports.com\\\/br\\\/\"},{\"@type\":\"ListItem\",\"position\":2,\"name\":\"Homem \u00e9 detido com espada dentro do Aeroporto de Viracopos ap\u00f3s ser imobilizado com arma de choque\"}]},{\"@type\":\"WebSite\",\"@id\":\"https:\\\/\\\/latamreports.com\\\/br\\\/#website\",\"url\":\"https:\\\/\\\/latamreports.com\\\/br\\\/\",\"name\":\"LatAm Reports\",\"description\":\"Not\u00edcias e opini\u00f5es de todas as Am\u00e9ricas\",\"publisher\":{\"@id\":\"https:\\\/\\\/latamreports.com\\\/br\\\/#organization\"},\"potentialAction\":[{\"@type\":\"SearchAction\",\"target\":{\"@type\":\"EntryPoint\",\"urlTemplate\":\"https:\\\/\\\/latamreports.com\\\/br\\\/?s={search_term_string}\"},\"query-input\":{\"@type\":\"PropertyValueSpecification\",\"valueRequired\":true,\"valueName\":\"search_term_string\"}}],\"inLanguage\":\"en-US\"},{\"@type\":\"Organization\",\"@id\":\"https:\\\/\\\/latamreports.com\\\/br\\\/#organization\",\"name\":\"LatAm Reports\",\"url\":\"https:\\\/\\\/latamreports.com\\\/br\\\/\",\"logo\":{\"@type\":\"ImageObject\",\"inLanguage\":\"en-US\",\"@id\":\"https:\\\/\\\/latamreports.com\\\/br\\\/#\\\/schema\\\/logo\\\/image\\\/\",\"url\":\"https:\\\/\\\/latamreports.com\\\/br\\\/wp-content\\\/uploads\\\/cropped-PNG2.png\",\"contentUrl\":\"https:\\\/\\\/latamreports.com\\\/br\\\/wp-content\\\/uploads\\\/cropped-PNG2.png\",\"width\":2522,\"height\":1014,\"caption\":\"LatAm Reports\"},\"image\":{\"@id\":\"https:\\\/\\\/latamreports.com\\\/br\\\/#\\\/schema\\\/logo\\\/image\\\/\"},\"sameAs\":[\"https:\\\/\\\/facebook.com\\\/latamreports\",\"https:\\\/\\\/x.com\\\/latamreports\"]},{\"@type\":\"Person\",\"@id\":\"https:\\\/\\\/latamreports.com\\\/br\\\/#\\\/schema\\\/person\\\/a561f2de7e5ccabfab38d239b39fdb70\",\"name\":\"LatAm Reports Redatores da Equipe\",\"image\":{\"@type\":\"ImageObject\",\"inLanguage\":\"en-US\",\"@id\":\"https:\\\/\\\/secure.gravatar.com\\\/avatar\\\/dcdcc93cc5edddd2f3ef77245866172c7d7241a11ad58e1959aa824f2fae81f6?s=96&d=mm&r=g\",\"url\":\"https:\\\/\\\/secure.gravatar.com\\\/avatar\\\/dcdcc93cc5edddd2f3ef77245866172c7d7241a11ad58e1959aa824f2fae81f6?s=96&d=mm&r=g\",\"contentUrl\":\"https:\\\/\\\/secure.gravatar.com\\\/avatar\\\/dcdcc93cc5edddd2f3ef77245866172c7d7241a11ad58e1959aa824f2fae81f6?s=96&d=mm&r=g\",\"caption\":\"LatAm Reports Redatores da Equipe\"}}]}<\/script>\n<!-- \/ Yoast SEO plugin. -->","yoast_head_json":{"title":"Homem \u00e9 detido com espada dentro do Aeroporto de Viracopos","description":"Um homem de 45 anos foi detido na noite deste domingo (26) ap\u00f3s entrar com uma espada no Aeroporto Internacional de Viracopos","robots":{"index":"index","follow":"follow","max-snippet":"max-snippet:-1","max-image-preview":"max-image-preview:large","max-video-preview":"max-video-preview:-1"},"canonical":"https:\/\/latamreports.com\/br\/homem-e-detido-com-espada-dentro-do-aeroporto-de-viracopos-apos-ser-imobilizado-com-arma-de-choque\/","og_locale":"en_US","og_type":"article","og_title":"Homem \u00e9 detido com espada dentro do Aeroporto de Viracopos","og_description":"Um homem de 45 anos foi detido na noite deste domingo (26) ap\u00f3s entrar com uma espada no Aeroporto Internacional de Viracopos","og_url":"https:\/\/latamreports.com\/br\/homem-e-detido-com-espada-dentro-do-aeroporto-de-viracopos-apos-ser-imobilizado-com-arma-de-choque\/","og_site_name":"LatAm Reports","article_publisher":"https:\/\/facebook.com\/latamreports","article_published_time":"2026-04-27T21:02:53+00:00","article_modified_time":"2026-04-27T21:02:55+00:00","og_image":[{"width":1200,"height":630,"url":"https:\/\/latamreports.com\/br\/wp-content\/uploads\/homem-detido-aeroporto-viracopos-espada.png","type":"image\/png"}],"author":"LatAm Reports Redatores da Equipe","twitter_card":"summary_large_image","twitter_creator":"@latamreports","twitter_site":"@latamreports","twitter_misc":{"Written by":"LatAm Reports Redatores da Equipe","Est. reading time":"1 minute"},"schema":{"@context":"https:\/\/schema.org","@graph":[{"@type":"Article","@id":"https:\/\/latamreports.com\/br\/homem-e-detido-com-espada-dentro-do-aeroporto-de-viracopos-apos-ser-imobilizado-com-arma-de-choque\/#article","isPartOf":{"@id":"https:\/\/latamreports.com\/br\/homem-e-detido-com-espada-dentro-do-aeroporto-de-viracopos-apos-ser-imobilizado-com-arma-de-choque\/"},"author":{"name":"LatAm Reports Redatores da Equipe","@id":"https:\/\/latamreports.com\/br\/#\/schema\/person\/a561f2de7e5ccabfab38d239b39fdb70"},"headline":"Homem \u00e9 detido com espada dentro do Aeroporto de Viracopos ap\u00f3s ser imobilizado com arma de choque","datePublished":"2026-04-27T21:02:53+00:00","dateModified":"2026-04-27T21:02:55+00:00","mainEntityOfPage":{"@id":"https:\/\/latamreports.com\/br\/homem-e-detido-com-espada-dentro-do-aeroporto-de-viracopos-apos-ser-imobilizado-com-arma-de-choque\/"},"wordCount":206,"publisher":{"@id":"https:\/\/latamreports.com\/br\/#organization"},"image":{"@id":"https:\/\/latamreports.com\/br\/homem-e-detido-com-espada-dentro-do-aeroporto-de-viracopos-apos-ser-imobilizado-com-arma-de-choque\/#primaryimage"},"thumbnailUrl":"https:\/\/latamreports.com\/br\/wp-content\/uploads\/homem-detido-aeroporto-viracopos-espada.png","keywords":["Brasil"],"articleSection":["Opini\u00e3o"],"inLanguage":"en-US"},{"@type":"WebPage","@id":"https:\/\/latamreports.com\/br\/homem-e-detido-com-espada-dentro-do-aeroporto-de-viracopos-apos-ser-imobilizado-com-arma-de-choque\/","url":"https:\/\/latamreports.com\/br\/homem-e-detido-com-espada-dentro-do-aeroporto-de-viracopos-apos-ser-imobilizado-com-arma-de-choque\/","name":"Homem \u00e9 detido com espada dentro do Aeroporto de Viracopos","isPartOf":{"@id":"https:\/\/latamreports.com\/br\/#website"},"primaryImageOfPage":{"@id":"https:\/\/latamreports.com\/br\/homem-e-detido-com-espada-dentro-do-aeroporto-de-viracopos-apos-ser-imobilizado-com-arma-de-choque\/#primaryimage"},"image":{"@id":"https:\/\/latamreports.com\/br\/homem-e-detido-com-espada-dentro-do-aeroporto-de-viracopos-apos-ser-imobilizado-com-arma-de-choque\/#primaryimage"},"thumbnailUrl":"https:\/\/latamreports.com\/br\/wp-content\/uploads\/homem-detido-aeroporto-viracopos-espada.png","datePublished":"2026-04-27T21:02:53+00:00","dateModified":"2026-04-27T21:02:55+00:00","description":"Um homem de 45 anos foi detido na noite deste domingo (26) ap\u00f3s entrar com uma espada no Aeroporto Internacional de Viracopos","breadcrumb":{"@id":"https:\/\/latamreports.com\/br\/homem-e-detido-com-espada-dentro-do-aeroporto-de-viracopos-apos-ser-imobilizado-com-arma-de-choque\/#breadcrumb"},"inLanguage":"en-US","potentialAction":[{"@type":"ReadAction","target":["https:\/\/latamreports.com\/br\/homem-e-detido-com-espada-dentro-do-aeroporto-de-viracopos-apos-ser-imobilizado-com-arma-de-choque\/"]}]},{"@type":"ImageObject","inLanguage":"en-US","@id":"https:\/\/latamreports.com\/br\/homem-e-detido-com-espada-dentro-do-aeroporto-de-viracopos-apos-ser-imobilizado-com-arma-de-choque\/#primaryimage","url":"https:\/\/latamreports.com\/br\/wp-content\/uploads\/homem-detido-aeroporto-viracopos-espada.png","contentUrl":"https:\/\/latamreports.com\/br\/wp-content\/uploads\/homem-detido-aeroporto-viracopos-espada.png","width":1200,"height":630,"caption":"Homem \u00e9 detido com espada dentro do Aeroporto de Viracopos ap\u00f3s ser imobilizado com arma de choque"},{"@type":"BreadcrumbList","@id":"https:\/\/latamreports.com\/br\/homem-e-detido-com-espada-dentro-do-aeroporto-de-viracopos-apos-ser-imobilizado-com-arma-de-choque\/#breadcrumb","itemListElement":[{"@type":"ListItem","position":1,"name":"Home","item":"https:\/\/latamreports.com\/br\/"},{"@type":"ListItem","position":2,"name":"Homem \u00e9 detido com espada dentro do Aeroporto de Viracopos ap\u00f3s ser imobilizado com arma de choque"}]},{"@type":"WebSite","@id":"https:\/\/latamreports.com\/br\/#website","url":"https:\/\/latamreports.com\/br\/","name":"LatAm Reports","description":"Not\u00edcias e opini\u00f5es de todas as Am\u00e9ricas","publisher":{"@id":"https:\/\/latamreports.com\/br\/#organization"},"potentialAction":[{"@type":"SearchAction","target":{"@type":"EntryPoint","urlTemplate":"https:\/\/latamreports.com\/br\/?s={search_term_string}"},"query-input":{"@type":"PropertyValueSpecification","valueRequired":true,"valueName":"search_term_string"}}],"inLanguage":"en-US"},{"@type":"Organization","@id":"https:\/\/latamreports.com\/br\/#organization","name":"LatAm Reports","url":"https:\/\/latamreports.com\/br\/","logo":{"@type":"ImageObject","inLanguage":"en-US","@id":"https:\/\/latamreports.com\/br\/#\/schema\/logo\/image\/","url":"https:\/\/latamreports.com\/br\/wp-content\/uploads\/cropped-PNG2.png","contentUrl":"https:\/\/latamreports.com\/br\/wp-content\/uploads\/cropped-PNG2.png","width":2522,"height":1014,"caption":"LatAm Reports"},"image":{"@id":"https:\/\/latamreports.com\/br\/#\/schema\/logo\/image\/"},"sameAs":["https:\/\/facebook.com\/latamreports","https:\/\/x.com\/latamreports"]},{"@type":"Person","@id":"https:\/\/latamreports.com\/br\/#\/schema\/person\/a561f2de7e5ccabfab38d239b39fdb70","name":"LatAm Reports Redatores da Equipe","image":{"@type":"ImageObject","inLanguage":"en-US","@id":"https:\/\/secure.gravatar.com\/avatar\/dcdcc93cc5edddd2f3ef77245866172c7d7241a11ad58e1959aa824f2fae81f6?s=96&d=mm&r=g","url":"https:\/\/secure.gravatar.com\/avatar\/dcdcc93cc5edddd2f3ef77245866172c7d7241a11ad58e1959aa824f2fae81f6?s=96&d=mm&r=g","contentUrl":"https:\/\/secure.gravatar.com\/avatar\/dcdcc93cc5edddd2f3ef77245866172c7d7241a11ad58e1959aa824f2fae81f6?s=96&d=mm&r=g","caption":"LatAm Reports Redatores da Equipe"}}]}},"jetpack_publicize_connections":[],"_links":{"self":[{"href":"https:\/\/latamreports.com\/br\/wp-json\/wp\/v2\/posts\/15462","targetHints":{"allow":["GET"]}}],"collection":[{"href":"https:\/\/latamreports.com\/br\/wp-json\/wp\/v2\/posts"}],"about":[{"href":"https:\/\/latamreports.com\/br\/wp-json\/wp\/v2\/types\/post"}],"author":[{"embeddable":true,"href":"https:\/\/latamreports.com\/br\/wp-json\/wp\/v2\/users\/7"}],"replies":[{"embeddable":true,"href":"https:\/\/latamreports.com\/br\/wp-json\/wp\/v2\/comments?post=15462"}],"version-history":[{"count":1,"href":"https:\/\/latamreports.com\/br\/wp-json\/wp\/v2\/posts\/15462\/revisions"}],"predecessor-version":[{"id":15464,"href":"https:\/\/latamreports.com\/br\/wp-json\/wp\/v2\/posts\/15462\/revisions\/15464"}],"wp:featuredmedia":[{"embeddable":true,"href":"https:\/\/latamreports.com\/br\/wp-json\/wp\/v2\/media\/15463"}],"wp:attachment":[{"href":"https:\/\/latamreports.com\/br\/wp-json\/wp\/v2\/media?parent=15462"}],"wp:term":[{"taxonomy":"category","embeddable":true,"href":"https:\/\/latamreports.com\/br\/wp-json\/wp\/v2\/categories?post=15462"},{"taxonomy":"post_tag","embeddable":true,"href":"https:\/\/latamreports.com\/br\/wp-json\/wp\/v2\/tags?post=15462"}],"curies":[{"name":"wp","href":"https:\/\/api.w.org\/{rel}","templated":true}]}}