{"id":15459,"date":"2026-04-27T20:57:59","date_gmt":"2026-04-27T20:57:59","guid":{"rendered":"https:\/\/latamreports.com\/br\/?p=15459"},"modified":"2026-04-27T20:58:01","modified_gmt":"2026-04-27T20:58:01","slug":"imagens-exclusivas-mostram-esconderijo-de-luxo-de-traficante-foragido-no-vidigal","status":"publish","type":"post","link":"https:\/\/latamreports.com\/br\/imagens-exclusivas-mostram-esconderijo-de-luxo-de-traficante-foragido-no-vidigal\/","title":{"rendered":"Imagens exclusivas mostram esconderijo de luxo de traficante foragido no Vidigal"},"content":{"rendered":"\n<p>Um traficante condenado a 68 anos de pris\u00e3o transformou uma mans\u00e3o no alto do Vidigal, no Rio de Janeiro, em base para uma festa de anivers\u00e1rio. As imagens exclusivas obtidas pelo Fant\u00e1stico revelam detalhes da estadia de Ednaldo Pereira Souza, o Dada, no im\u00f3vel. A casa tinha piscina, churrasqueira, oito quartos e c\u00e2meras de seguran\u00e7a. Ele fugiu horas antes da chegada da pol\u00edcia.<\/p>\n\n\n\n<p>Dada escapou do pres\u00eddio de Eun\u00e1polis, na Bahia, no fim de 2024. Desde ent\u00e3o, segundo o Minist\u00e9rio P\u00fablico, se esconde no Complexo da Rocinha. Contudo, no \u00faltimo fim de semana, ele deixou a comunidade e seguiu para o Vidigal. O motivo era a festa de tr\u00eas anos da filha. A casa alugada serviu como ponto de encontro do grupo criminoso.<\/p>\n\n\n\n<p>A localiza\u00e7\u00e3o do im\u00f3vel era estrat\u00e9gica. Ele fica no alto da comunidade, pr\u00f3ximo \u00e0 mata e em \u00e1rea de dif\u00edcil acesso para a pol\u00edcia. Por essa raz\u00e3o, o local facilitava fugas e permitia vigil\u00e2ncia sobre a movimenta\u00e7\u00e3o no entorno. Dias antes da chegada de Dada, outros criminosos armados j\u00e1 estavam no im\u00f3vel. Mesmo evitando circular com fuzis aparentes, o grupo confiava na prote\u00e7\u00e3o do tr\u00e1fico local. As imagens, por\u00e9m, mostram armas sendo guardadas nos quartos.<\/p>\n\n\n\n<p>Nas grava\u00e7\u00f5es, comparsas apresentam a su\u00edte reservada ao l\u00edder \u2014 chamada por eles de &#8220;presidencial&#8221;. Al\u00e9m disso, \u00e9 poss\u00edvel ver a prepara\u00e7\u00e3o para o evento: limpeza da casa, tratamento da piscina e montagem de mesas para churrasco. Dada chegou escoltado por homens armados. Promotores afirmam que ao menos 20 fuzis aparecem nos registros feitos no local.<\/p>\n\n\n\n<p>A festa principal aconteceu no domingo, com brinquedos infantis, algod\u00e3o-doce e bebidas. Outros foragidos tamb\u00e9m estavam presentes. Entre eles, \u00c9dson Santos Cruz, conhecido como Gana ou Bomba, e Sirlon Ros\u00e1rio Dias Silva, que fugiu do pres\u00eddio junto com Dada. Para os investigadores, o encontro n\u00e3o foi apenas uma confraterniza\u00e7\u00e3o. Outrossim, serviu para tratar de neg\u00f3cios do tr\u00e1fico.<\/p>\n\n\n\n<p>Na madrugada de segunda-feira (20), o grupo deixou a mans\u00e3o de forma tranquila. Cerca de tr\u00eas horas depois, a pol\u00edcia chegou ao im\u00f3vel \u2014 que j\u00e1 estava vazio. A opera\u00e7\u00e3o provocou tiroteio na regi\u00e3o e deixou turistas ilhados no Morro Dois Irm\u00e3os. Todavia, Dada n\u00e3o foi encontrado.<\/p>\n\n\n\n<p>A sa\u00edda antecipada levantou suspeitas sobre poss\u00edvel vazamento de informa\u00e7\u00e3o. O Minist\u00e9rio P\u00fablico afirmou que apura o caso. J\u00e1 a Coordenadoria de Recursos Especiais (CORE) negou qualquer tipo de vazamento.<\/p>\n","protected":false},"excerpt":{"rendered":"<p>Um traficante condenado a 68 anos de pris\u00e3o transformou uma mans\u00e3o no alto do Vidigal, no Rio de Janeiro, em base para uma festa de &#8230; <a title=\"Imagens exclusivas mostram esconderijo de luxo de traficante foragido no Vidigal\" class=\"read-more\" href=\"https:\/\/latamreports.com\/br\/imagens-exclusivas-mostram-esconderijo-de-luxo-de-traficante-foragido-no-vidigal\/\" aria-label=\"Read more about Imagens exclusivas mostram esconderijo de luxo de traficante foragido no Vidigal\">Read more<\/a><\/p>\n","protected":false},"author":7,"featured_media":15460,"comment_status":"closed","ping_status":"closed","sticky":false,"template":"","format":"standard","meta":{"footnotes":"","jetpack_publicize_message":"","jetpack_publicize_feature_enabled":true,"jetpack_social_post_already_shared":true,"jetpack_social_options":{"image_generator_settings":{"template":"highway","default_image_id":0,"font":"","enabled":false},"version":2}},"categories":[2],"tags":[31],"class_list":["post-15459","post","type-post","status-publish","format-standard","has-post-thumbnail","hentry","category-negocios","tag-brasil","resize-featured-image"],"yoast_head":"<!-- This site is optimized with the Yoast SEO plugin v27.4 - https:\/\/yoast.com\/product\/yoast-seo-wordpress\/ -->\n<title>Imagens exclusivas mostram esconderijo de luxo de traficante<\/title>\n<meta name=\"description\" content=\"Um traficante condenado a 68 anos de pris\u00e3o transformou uma mans\u00e3o no alto do Vidigal, no Rio de Janeiro, em base para uma festa...\" \/>\n<meta name=\"robots\" content=\"index, follow, max-snippet:-1, max-image-preview:large, max-video-preview:-1\" \/>\n<link rel=\"canonical\" href=\"https:\/\/latamreports.com\/br\/imagens-exclusivas-mostram-esconderijo-de-luxo-de-traficante-foragido-no-vidigal\/\" \/>\n<meta property=\"og:locale\" content=\"en_US\" \/>\n<meta property=\"og:type\" content=\"article\" \/>\n<meta property=\"og:title\" content=\"Imagens exclusivas mostram esconderijo de luxo de traficante\" \/>\n<meta property=\"og:description\" content=\"Um traficante condenado a 68 anos de pris\u00e3o transformou uma mans\u00e3o no alto do Vidigal, no Rio de Janeiro, em base para uma festa...\" \/>\n<meta property=\"og:url\" content=\"https:\/\/latamreports.com\/br\/imagens-exclusivas-mostram-esconderijo-de-luxo-de-traficante-foragido-no-vidigal\/\" \/>\n<meta property=\"og:site_name\" content=\"LatAm Reports\" \/>\n<meta property=\"article:publisher\" content=\"https:\/\/facebook.com\/latamreports\" \/>\n<meta property=\"article:published_time\" content=\"2026-04-27T20:57:59+00:00\" \/>\n<meta property=\"article:modified_time\" content=\"2026-04-27T20:58:01+00:00\" \/>\n<meta property=\"og:image\" content=\"https:\/\/latamreports.com\/br\/wp-content\/uploads\/imagens-exclusivas-traficante-vidigal.png\" \/>\n\t<meta property=\"og:image:width\" content=\"1200\" \/>\n\t<meta property=\"og:image:height\" content=\"630\" \/>\n\t<meta property=\"og:image:type\" content=\"image\/png\" \/>\n<meta name=\"author\" content=\"LatAm Reports Redatores da Equipe\" \/>\n<meta name=\"twitter:card\" content=\"summary_large_image\" \/>\n<meta name=\"twitter:creator\" content=\"@latamreports\" \/>\n<meta name=\"twitter:site\" content=\"@latamreports\" \/>\n<meta name=\"twitter:label1\" content=\"Written by\" \/>\n\t<meta name=\"twitter:data1\" content=\"LatAm Reports Redatores da Equipe\" \/>\n\t<meta name=\"twitter:label2\" content=\"Est. reading time\" \/>\n\t<meta name=\"twitter:data2\" content=\"2 minutes\" \/>\n<script type=\"application\/ld+json\" class=\"yoast-schema-graph\">{\"@context\":\"https:\\\/\\\/schema.org\",\"@graph\":[{\"@type\":\"Article\",\"@id\":\"https:\\\/\\\/latamreports.com\\\/br\\\/imagens-exclusivas-mostram-esconderijo-de-luxo-de-traficante-foragido-no-vidigal\\\/#article\",\"isPartOf\":{\"@id\":\"https:\\\/\\\/latamreports.com\\\/br\\\/imagens-exclusivas-mostram-esconderijo-de-luxo-de-traficante-foragido-no-vidigal\\\/\"},\"author\":{\"name\":\"LatAm Reports Redatores da Equipe\",\"@id\":\"https:\\\/\\\/latamreports.com\\\/br\\\/#\\\/schema\\\/person\\\/a561f2de7e5ccabfab38d239b39fdb70\"},\"headline\":\"Imagens exclusivas mostram esconderijo de luxo de traficante foragido no Vidigal\",\"datePublished\":\"2026-04-27T20:57:59+00:00\",\"dateModified\":\"2026-04-27T20:58:01+00:00\",\"mainEntityOfPage\":{\"@id\":\"https:\\\/\\\/latamreports.com\\\/br\\\/imagens-exclusivas-mostram-esconderijo-de-luxo-de-traficante-foragido-no-vidigal\\\/\"},\"wordCount\":445,\"publisher\":{\"@id\":\"https:\\\/\\\/latamreports.com\\\/br\\\/#organization\"},\"image\":{\"@id\":\"https:\\\/\\\/latamreports.com\\\/br\\\/imagens-exclusivas-mostram-esconderijo-de-luxo-de-traficante-foragido-no-vidigal\\\/#primaryimage\"},\"thumbnailUrl\":\"https:\\\/\\\/latamreports.com\\\/br\\\/wp-content\\\/uploads\\\/imagens-exclusivas-traficante-vidigal.png\",\"keywords\":[\"Brasil\"],\"articleSection\":[\"Neg\u00f3cios\"],\"inLanguage\":\"en-US\"},{\"@type\":\"WebPage\",\"@id\":\"https:\\\/\\\/latamreports.com\\\/br\\\/imagens-exclusivas-mostram-esconderijo-de-luxo-de-traficante-foragido-no-vidigal\\\/\",\"url\":\"https:\\\/\\\/latamreports.com\\\/br\\\/imagens-exclusivas-mostram-esconderijo-de-luxo-de-traficante-foragido-no-vidigal\\\/\",\"name\":\"Imagens exclusivas mostram esconderijo de luxo de traficante\",\"isPartOf\":{\"@id\":\"https:\\\/\\\/latamreports.com\\\/br\\\/#website\"},\"primaryImageOfPage\":{\"@id\":\"https:\\\/\\\/latamreports.com\\\/br\\\/imagens-exclusivas-mostram-esconderijo-de-luxo-de-traficante-foragido-no-vidigal\\\/#primaryimage\"},\"image\":{\"@id\":\"https:\\\/\\\/latamreports.com\\\/br\\\/imagens-exclusivas-mostram-esconderijo-de-luxo-de-traficante-foragido-no-vidigal\\\/#primaryimage\"},\"thumbnailUrl\":\"https:\\\/\\\/latamreports.com\\\/br\\\/wp-content\\\/uploads\\\/imagens-exclusivas-traficante-vidigal.png\",\"datePublished\":\"2026-04-27T20:57:59+00:00\",\"dateModified\":\"2026-04-27T20:58:01+00:00\",\"description\":\"Um traficante condenado a 68 anos de pris\u00e3o transformou uma mans\u00e3o no alto do Vidigal, no Rio de Janeiro, em base para uma festa...\",\"breadcrumb\":{\"@id\":\"https:\\\/\\\/latamreports.com\\\/br\\\/imagens-exclusivas-mostram-esconderijo-de-luxo-de-traficante-foragido-no-vidigal\\\/#breadcrumb\"},\"inLanguage\":\"en-US\",\"potentialAction\":[{\"@type\":\"ReadAction\",\"target\":[\"https:\\\/\\\/latamreports.com\\\/br\\\/imagens-exclusivas-mostram-esconderijo-de-luxo-de-traficante-foragido-no-vidigal\\\/\"]}]},{\"@type\":\"ImageObject\",\"inLanguage\":\"en-US\",\"@id\":\"https:\\\/\\\/latamreports.com\\\/br\\\/imagens-exclusivas-mostram-esconderijo-de-luxo-de-traficante-foragido-no-vidigal\\\/#primaryimage\",\"url\":\"https:\\\/\\\/latamreports.com\\\/br\\\/wp-content\\\/uploads\\\/imagens-exclusivas-traficante-vidigal.png\",\"contentUrl\":\"https:\\\/\\\/latamreports.com\\\/br\\\/wp-content\\\/uploads\\\/imagens-exclusivas-traficante-vidigal.png\",\"width\":1200,\"height\":630,\"caption\":\"Imagens exclusivas mostram esconderijo de luxo de traficante foragido no Vidigal\"},{\"@type\":\"BreadcrumbList\",\"@id\":\"https:\\\/\\\/latamreports.com\\\/br\\\/imagens-exclusivas-mostram-esconderijo-de-luxo-de-traficante-foragido-no-vidigal\\\/#breadcrumb\",\"itemListElement\":[{\"@type\":\"ListItem\",\"position\":1,\"name\":\"Home\",\"item\":\"https:\\\/\\\/latamreports.com\\\/br\\\/\"},{\"@type\":\"ListItem\",\"position\":2,\"name\":\"Imagens exclusivas mostram esconderijo de luxo de traficante foragido no Vidigal\"}]},{\"@type\":\"WebSite\",\"@id\":\"https:\\\/\\\/latamreports.com\\\/br\\\/#website\",\"url\":\"https:\\\/\\\/latamreports.com\\\/br\\\/\",\"name\":\"LatAm Reports\",\"description\":\"Not\u00edcias e opini\u00f5es de todas as Am\u00e9ricas\",\"publisher\":{\"@id\":\"https:\\\/\\\/latamreports.com\\\/br\\\/#organization\"},\"potentialAction\":[{\"@type\":\"SearchAction\",\"target\":{\"@type\":\"EntryPoint\",\"urlTemplate\":\"https:\\\/\\\/latamreports.com\\\/br\\\/?s={search_term_string}\"},\"query-input\":{\"@type\":\"PropertyValueSpecification\",\"valueRequired\":true,\"valueName\":\"search_term_string\"}}],\"inLanguage\":\"en-US\"},{\"@type\":\"Organization\",\"@id\":\"https:\\\/\\\/latamreports.com\\\/br\\\/#organization\",\"name\":\"LatAm Reports\",\"url\":\"https:\\\/\\\/latamreports.com\\\/br\\\/\",\"logo\":{\"@type\":\"ImageObject\",\"inLanguage\":\"en-US\",\"@id\":\"https:\\\/\\\/latamreports.com\\\/br\\\/#\\\/schema\\\/logo\\\/image\\\/\",\"url\":\"https:\\\/\\\/latamreports.com\\\/br\\\/wp-content\\\/uploads\\\/cropped-PNG2.png\",\"contentUrl\":\"https:\\\/\\\/latamreports.com\\\/br\\\/wp-content\\\/uploads\\\/cropped-PNG2.png\",\"width\":2522,\"height\":1014,\"caption\":\"LatAm Reports\"},\"image\":{\"@id\":\"https:\\\/\\\/latamreports.com\\\/br\\\/#\\\/schema\\\/logo\\\/image\\\/\"},\"sameAs\":[\"https:\\\/\\\/facebook.com\\\/latamreports\",\"https:\\\/\\\/x.com\\\/latamreports\"]},{\"@type\":\"Person\",\"@id\":\"https:\\\/\\\/latamreports.com\\\/br\\\/#\\\/schema\\\/person\\\/a561f2de7e5ccabfab38d239b39fdb70\",\"name\":\"LatAm Reports Redatores da Equipe\",\"image\":{\"@type\":\"ImageObject\",\"inLanguage\":\"en-US\",\"@id\":\"https:\\\/\\\/secure.gravatar.com\\\/avatar\\\/dcdcc93cc5edddd2f3ef77245866172c7d7241a11ad58e1959aa824f2fae81f6?s=96&d=mm&r=g\",\"url\":\"https:\\\/\\\/secure.gravatar.com\\\/avatar\\\/dcdcc93cc5edddd2f3ef77245866172c7d7241a11ad58e1959aa824f2fae81f6?s=96&d=mm&r=g\",\"contentUrl\":\"https:\\\/\\\/secure.gravatar.com\\\/avatar\\\/dcdcc93cc5edddd2f3ef77245866172c7d7241a11ad58e1959aa824f2fae81f6?s=96&d=mm&r=g\",\"caption\":\"LatAm Reports Redatores da Equipe\"}}]}<\/script>\n<!-- \/ Yoast SEO plugin. -->","yoast_head_json":{"title":"Imagens exclusivas mostram esconderijo de luxo de traficante","description":"Um traficante condenado a 68 anos de pris\u00e3o transformou uma mans\u00e3o no alto do Vidigal, no Rio de Janeiro, em base para uma festa...","robots":{"index":"index","follow":"follow","max-snippet":"max-snippet:-1","max-image-preview":"max-image-preview:large","max-video-preview":"max-video-preview:-1"},"canonical":"https:\/\/latamreports.com\/br\/imagens-exclusivas-mostram-esconderijo-de-luxo-de-traficante-foragido-no-vidigal\/","og_locale":"en_US","og_type":"article","og_title":"Imagens exclusivas mostram esconderijo de luxo de traficante","og_description":"Um traficante condenado a 68 anos de pris\u00e3o transformou uma mans\u00e3o no alto do Vidigal, no Rio de Janeiro, em base para uma festa...","og_url":"https:\/\/latamreports.com\/br\/imagens-exclusivas-mostram-esconderijo-de-luxo-de-traficante-foragido-no-vidigal\/","og_site_name":"LatAm Reports","article_publisher":"https:\/\/facebook.com\/latamreports","article_published_time":"2026-04-27T20:57:59+00:00","article_modified_time":"2026-04-27T20:58:01+00:00","og_image":[{"width":1200,"height":630,"url":"https:\/\/latamreports.com\/br\/wp-content\/uploads\/imagens-exclusivas-traficante-vidigal.png","type":"image\/png"}],"author":"LatAm Reports Redatores da Equipe","twitter_card":"summary_large_image","twitter_creator":"@latamreports","twitter_site":"@latamreports","twitter_misc":{"Written by":"LatAm Reports Redatores da Equipe","Est. reading time":"2 minutes"},"schema":{"@context":"https:\/\/schema.org","@graph":[{"@type":"Article","@id":"https:\/\/latamreports.com\/br\/imagens-exclusivas-mostram-esconderijo-de-luxo-de-traficante-foragido-no-vidigal\/#article","isPartOf":{"@id":"https:\/\/latamreports.com\/br\/imagens-exclusivas-mostram-esconderijo-de-luxo-de-traficante-foragido-no-vidigal\/"},"author":{"name":"LatAm Reports Redatores da Equipe","@id":"https:\/\/latamreports.com\/br\/#\/schema\/person\/a561f2de7e5ccabfab38d239b39fdb70"},"headline":"Imagens exclusivas mostram esconderijo de luxo de traficante foragido no Vidigal","datePublished":"2026-04-27T20:57:59+00:00","dateModified":"2026-04-27T20:58:01+00:00","mainEntityOfPage":{"@id":"https:\/\/latamreports.com\/br\/imagens-exclusivas-mostram-esconderijo-de-luxo-de-traficante-foragido-no-vidigal\/"},"wordCount":445,"publisher":{"@id":"https:\/\/latamreports.com\/br\/#organization"},"image":{"@id":"https:\/\/latamreports.com\/br\/imagens-exclusivas-mostram-esconderijo-de-luxo-de-traficante-foragido-no-vidigal\/#primaryimage"},"thumbnailUrl":"https:\/\/latamreports.com\/br\/wp-content\/uploads\/imagens-exclusivas-traficante-vidigal.png","keywords":["Brasil"],"articleSection":["Neg\u00f3cios"],"inLanguage":"en-US"},{"@type":"WebPage","@id":"https:\/\/latamreports.com\/br\/imagens-exclusivas-mostram-esconderijo-de-luxo-de-traficante-foragido-no-vidigal\/","url":"https:\/\/latamreports.com\/br\/imagens-exclusivas-mostram-esconderijo-de-luxo-de-traficante-foragido-no-vidigal\/","name":"Imagens exclusivas mostram esconderijo de luxo de traficante","isPartOf":{"@id":"https:\/\/latamreports.com\/br\/#website"},"primaryImageOfPage":{"@id":"https:\/\/latamreports.com\/br\/imagens-exclusivas-mostram-esconderijo-de-luxo-de-traficante-foragido-no-vidigal\/#primaryimage"},"image":{"@id":"https:\/\/latamreports.com\/br\/imagens-exclusivas-mostram-esconderijo-de-luxo-de-traficante-foragido-no-vidigal\/#primaryimage"},"thumbnailUrl":"https:\/\/latamreports.com\/br\/wp-content\/uploads\/imagens-exclusivas-traficante-vidigal.png","datePublished":"2026-04-27T20:57:59+00:00","dateModified":"2026-04-27T20:58:01+00:00","description":"Um traficante condenado a 68 anos de pris\u00e3o transformou uma mans\u00e3o no alto do Vidigal, no Rio de Janeiro, em base para uma festa...","breadcrumb":{"@id":"https:\/\/latamreports.com\/br\/imagens-exclusivas-mostram-esconderijo-de-luxo-de-traficante-foragido-no-vidigal\/#breadcrumb"},"inLanguage":"en-US","potentialAction":[{"@type":"ReadAction","target":["https:\/\/latamreports.com\/br\/imagens-exclusivas-mostram-esconderijo-de-luxo-de-traficante-foragido-no-vidigal\/"]}]},{"@type":"ImageObject","inLanguage":"en-US","@id":"https:\/\/latamreports.com\/br\/imagens-exclusivas-mostram-esconderijo-de-luxo-de-traficante-foragido-no-vidigal\/#primaryimage","url":"https:\/\/latamreports.com\/br\/wp-content\/uploads\/imagens-exclusivas-traficante-vidigal.png","contentUrl":"https:\/\/latamreports.com\/br\/wp-content\/uploads\/imagens-exclusivas-traficante-vidigal.png","width":1200,"height":630,"caption":"Imagens exclusivas mostram esconderijo de luxo de traficante foragido no Vidigal"},{"@type":"BreadcrumbList","@id":"https:\/\/latamreports.com\/br\/imagens-exclusivas-mostram-esconderijo-de-luxo-de-traficante-foragido-no-vidigal\/#breadcrumb","itemListElement":[{"@type":"ListItem","position":1,"name":"Home","item":"https:\/\/latamreports.com\/br\/"},{"@type":"ListItem","position":2,"name":"Imagens exclusivas mostram esconderijo de luxo de traficante foragido no Vidigal"}]},{"@type":"WebSite","@id":"https:\/\/latamreports.com\/br\/#website","url":"https:\/\/latamreports.com\/br\/","name":"LatAm Reports","description":"Not\u00edcias e opini\u00f5es de todas as Am\u00e9ricas","publisher":{"@id":"https:\/\/latamreports.com\/br\/#organization"},"potentialAction":[{"@type":"SearchAction","target":{"@type":"EntryPoint","urlTemplate":"https:\/\/latamreports.com\/br\/?s={search_term_string}"},"query-input":{"@type":"PropertyValueSpecification","valueRequired":true,"valueName":"search_term_string"}}],"inLanguage":"en-US"},{"@type":"Organization","@id":"https:\/\/latamreports.com\/br\/#organization","name":"LatAm Reports","url":"https:\/\/latamreports.com\/br\/","logo":{"@type":"ImageObject","inLanguage":"en-US","@id":"https:\/\/latamreports.com\/br\/#\/schema\/logo\/image\/","url":"https:\/\/latamreports.com\/br\/wp-content\/uploads\/cropped-PNG2.png","contentUrl":"https:\/\/latamreports.com\/br\/wp-content\/uploads\/cropped-PNG2.png","width":2522,"height":1014,"caption":"LatAm Reports"},"image":{"@id":"https:\/\/latamreports.com\/br\/#\/schema\/logo\/image\/"},"sameAs":["https:\/\/facebook.com\/latamreports","https:\/\/x.com\/latamreports"]},{"@type":"Person","@id":"https:\/\/latamreports.com\/br\/#\/schema\/person\/a561f2de7e5ccabfab38d239b39fdb70","name":"LatAm Reports Redatores da Equipe","image":{"@type":"ImageObject","inLanguage":"en-US","@id":"https:\/\/secure.gravatar.com\/avatar\/dcdcc93cc5edddd2f3ef77245866172c7d7241a11ad58e1959aa824f2fae81f6?s=96&d=mm&r=g","url":"https:\/\/secure.gravatar.com\/avatar\/dcdcc93cc5edddd2f3ef77245866172c7d7241a11ad58e1959aa824f2fae81f6?s=96&d=mm&r=g","contentUrl":"https:\/\/secure.gravatar.com\/avatar\/dcdcc93cc5edddd2f3ef77245866172c7d7241a11ad58e1959aa824f2fae81f6?s=96&d=mm&r=g","caption":"LatAm Reports Redatores da Equipe"}}]}},"jetpack_publicize_connections":[],"_links":{"self":[{"href":"https:\/\/latamreports.com\/br\/wp-json\/wp\/v2\/posts\/15459","targetHints":{"allow":["GET"]}}],"collection":[{"href":"https:\/\/latamreports.com\/br\/wp-json\/wp\/v2\/posts"}],"about":[{"href":"https:\/\/latamreports.com\/br\/wp-json\/wp\/v2\/types\/post"}],"author":[{"embeddable":true,"href":"https:\/\/latamreports.com\/br\/wp-json\/wp\/v2\/users\/7"}],"replies":[{"embeddable":true,"href":"https:\/\/latamreports.com\/br\/wp-json\/wp\/v2\/comments?post=15459"}],"version-history":[{"count":1,"href":"https:\/\/latamreports.com\/br\/wp-json\/wp\/v2\/posts\/15459\/revisions"}],"predecessor-version":[{"id":15461,"href":"https:\/\/latamreports.com\/br\/wp-json\/wp\/v2\/posts\/15459\/revisions\/15461"}],"wp:featuredmedia":[{"embeddable":true,"href":"https:\/\/latamreports.com\/br\/wp-json\/wp\/v2\/media\/15460"}],"wp:attachment":[{"href":"https:\/\/latamreports.com\/br\/wp-json\/wp\/v2\/media?parent=15459"}],"wp:term":[{"taxonomy":"category","embeddable":true,"href":"https:\/\/latamreports.com\/br\/wp-json\/wp\/v2\/categories?post=15459"},{"taxonomy":"post_tag","embeddable":true,"href":"https:\/\/latamreports.com\/br\/wp-json\/wp\/v2\/tags?post=15459"}],"curies":[{"name":"wp","href":"https:\/\/api.w.org\/{rel}","templated":true}]}}