{"id":15453,"date":"2026-04-27T20:24:43","date_gmt":"2026-04-27T20:24:43","guid":{"rendered":"https:\/\/latamreports.com\/br\/?p=15453"},"modified":"2026-04-27T20:47:33","modified_gmt":"2026-04-27T20:47:33","slug":"paes-lidera-com-folga-todos-os-cenarios-para-o-governo-do-rio-aponta-quaest","status":"publish","type":"post","link":"https:\/\/latamreports.com\/br\/paes-lidera-com-folga-todos-os-cenarios-para-o-governo-do-rio-aponta-quaest\/","title":{"rendered":"Paes lidera com folga todos os cen\u00e1rios para o governo do Rio, aponta Quaest"},"content":{"rendered":"\n<p>Eduardo Paes (PSD) aparece com at\u00e9 40% das inten\u00e7\u00f5es de voto para o governo do Rio de Janeiro. O dado \u00e9 da primeira pesquisa Quaest com pr\u00e9-candidatos ao Pal\u00e1cio Guanabara, divulgada nesta segunda-feira (27). O deputado Douglas Ruas (PL) aparece em segundo lugar, com no m\u00e1ximo 11%. A diferen\u00e7a entre os dois chega a 33 pontos em um dos cen\u00e1rios testados.<\/p>\n\n\n\n<p>O levantamento foi encomendado pela Genial Investimentos. Ao todo, 1.200 eleitores fluminenses foram ouvidos entre os dias 21 e 25 de abril. A margem de erro \u00e9 de 3 pontos percentuais, e o n\u00edvel de confian\u00e7a \u00e9 de 95%. A pesquisa est\u00e1 registrada no TSE sob o n\u00famero RJ-00613\/2026.<\/p>\n\n\n\n<p>No cen\u00e1rio mais amplo, com dez pr\u00e9-candidatos, Paes marca 34%. Ruas aparece com 9%, seguido por Anthony Garotinho (Republicanos), com 8%. Wilson Witzel (DC) registra 3%, e William Siri (PSOL), 2%. Os demais nomes somam 1% ou n\u00e3o pontuaram. Al\u00e9m disso, 20% dos entrevistados se declararam indecisos. Outros 20% disseram que votariam em branco, nulo ou n\u00e3o iriam votar.<\/p>\n\n\n\n<p>No segundo cen\u00e1rio, sem Garotinho, a vantagem de Paes cresce. Ele chega a 40%, enquanto Ruas fica com 10%. Por sua vez, no terceiro cen\u00e1rio, que tamb\u00e9m exclui Witzel, Paes registra 39% e Ruas sobe para 11%.<\/p>\n\n\n\n<p>O instituto tamb\u00e9m simulou o segundo turno entre os dois mais bem colocados. Paes aparece com 49%, contra 16% de Ruas. Os indecisos somam 16%, e outros 19% escolheriam branco, nulo ou n\u00e3o votariam.<\/p>\n\n\n\n<p>Segundo Felipe Nunes, diretor da Quaest, a vantagem de Paes no Rio segue muito expressiva. &#8220;Ele tem entre 34% e 40% das inten\u00e7\u00f5es de voto, a depender do cen\u00e1rio testado&#8221;, afirmou. Contudo, o alto percentual de indecisos e de eleitores que rejeitam todos os nomes mostra que a disputa ainda pode mudar de configura\u00e7\u00e3o at\u00e9 o dia da vota\u00e7\u00e3o.<\/p>\n","protected":false},"excerpt":{"rendered":"<p>Eduardo Paes (PSD) aparece com at\u00e9 40% das inten\u00e7\u00f5es de voto para o governo do Rio de Janeiro. O dado \u00e9 da primeira pesquisa Quaest &#8230; <a title=\"Paes lidera com folga todos os cen\u00e1rios para o governo do Rio, aponta Quaest\" class=\"read-more\" href=\"https:\/\/latamreports.com\/br\/paes-lidera-com-folga-todos-os-cenarios-para-o-governo-do-rio-aponta-quaest\/\" aria-label=\"Read more about Paes lidera com folga todos os cen\u00e1rios para o governo do Rio, aponta Quaest\">Read more<\/a><\/p>\n","protected":false},"author":7,"featured_media":15454,"comment_status":"closed","ping_status":"closed","sticky":false,"template":"","format":"standard","meta":{"footnotes":"","jetpack_publicize_message":"","jetpack_publicize_feature_enabled":true,"jetpack_social_post_already_shared":true,"jetpack_social_options":{"image_generator_settings":{"template":"highway","default_image_id":0,"font":"","enabled":false},"version":2}},"categories":[13],"tags":[31],"class_list":["post-15453","post","type-post","status-publish","format-standard","has-post-thumbnail","hentry","category-politica","tag-brasil","resize-featured-image"],"yoast_head":"<!-- This site is optimized with the Yoast SEO plugin v27.4 - https:\/\/yoast.com\/product\/yoast-seo-wordpress\/ -->\n<title>Paes lidera com folga todos os cen\u00e1rios para o governo do Rio<\/title>\n<meta name=\"description\" content=\"Eduardo Paes (PSD) aparece com at\u00e9 40% das inten\u00e7\u00f5es de voto para o governo do Rio de Janeiro. O dado \u00e9 da primeira\" \/>\n<meta name=\"robots\" content=\"index, follow, max-snippet:-1, max-image-preview:large, max-video-preview:-1\" \/>\n<link rel=\"canonical\" href=\"https:\/\/latamreports.com\/br\/paes-lidera-com-folga-todos-os-cenarios-para-o-governo-do-rio-aponta-quaest\/\" \/>\n<meta property=\"og:locale\" content=\"en_US\" \/>\n<meta property=\"og:type\" content=\"article\" \/>\n<meta property=\"og:title\" content=\"Paes lidera com folga todos os cen\u00e1rios para o governo do Rio\" \/>\n<meta property=\"og:description\" content=\"Eduardo Paes (PSD) aparece com at\u00e9 40% das inten\u00e7\u00f5es de voto para o governo do Rio de Janeiro. O dado \u00e9 da primeira\" \/>\n<meta property=\"og:url\" content=\"https:\/\/latamreports.com\/br\/paes-lidera-com-folga-todos-os-cenarios-para-o-governo-do-rio-aponta-quaest\/\" \/>\n<meta property=\"og:site_name\" content=\"LatAm Reports\" \/>\n<meta property=\"article:publisher\" content=\"https:\/\/facebook.com\/latamreports\" \/>\n<meta property=\"article:published_time\" content=\"2026-04-27T20:24:43+00:00\" \/>\n<meta property=\"article:modified_time\" content=\"2026-04-27T20:47:33+00:00\" \/>\n<meta property=\"og:image\" content=\"https:\/\/latamreports.com\/br\/wp-content\/uploads\/paes-segundo-turno.png\" \/>\n\t<meta property=\"og:image:width\" content=\"1200\" \/>\n\t<meta property=\"og:image:height\" content=\"630\" \/>\n\t<meta property=\"og:image:type\" content=\"image\/png\" \/>\n<meta name=\"author\" content=\"LatAm Reports Redatores da Equipe\" \/>\n<meta name=\"twitter:card\" content=\"summary_large_image\" \/>\n<meta name=\"twitter:creator\" content=\"@latamreports\" \/>\n<meta name=\"twitter:site\" content=\"@latamreports\" \/>\n<meta name=\"twitter:label1\" content=\"Written by\" \/>\n\t<meta name=\"twitter:data1\" content=\"LatAm Reports Redatores da Equipe\" \/>\n\t<meta name=\"twitter:label2\" content=\"Est. reading time\" \/>\n\t<meta name=\"twitter:data2\" content=\"2 minutes\" \/>\n<script type=\"application\/ld+json\" class=\"yoast-schema-graph\">{\"@context\":\"https:\\\/\\\/schema.org\",\"@graph\":[{\"@type\":\"Article\",\"@id\":\"https:\\\/\\\/latamreports.com\\\/br\\\/paes-lidera-com-folga-todos-os-cenarios-para-o-governo-do-rio-aponta-quaest\\\/#article\",\"isPartOf\":{\"@id\":\"https:\\\/\\\/latamreports.com\\\/br\\\/paes-lidera-com-folga-todos-os-cenarios-para-o-governo-do-rio-aponta-quaest\\\/\"},\"author\":{\"name\":\"LatAm Reports Redatores da Equipe\",\"@id\":\"https:\\\/\\\/latamreports.com\\\/br\\\/#\\\/schema\\\/person\\\/a561f2de7e5ccabfab38d239b39fdb70\"},\"headline\":\"Paes lidera com folga todos os cen\u00e1rios para o governo do Rio, aponta Quaest\",\"datePublished\":\"2026-04-27T20:24:43+00:00\",\"dateModified\":\"2026-04-27T20:47:33+00:00\",\"mainEntityOfPage\":{\"@id\":\"https:\\\/\\\/latamreports.com\\\/br\\\/paes-lidera-com-folga-todos-os-cenarios-para-o-governo-do-rio-aponta-quaest\\\/\"},\"wordCount\":307,\"publisher\":{\"@id\":\"https:\\\/\\\/latamreports.com\\\/br\\\/#organization\"},\"image\":{\"@id\":\"https:\\\/\\\/latamreports.com\\\/br\\\/paes-lidera-com-folga-todos-os-cenarios-para-o-governo-do-rio-aponta-quaest\\\/#primaryimage\"},\"thumbnailUrl\":\"https:\\\/\\\/latamreports.com\\\/br\\\/wp-content\\\/uploads\\\/paes-segundo-turno.png\",\"keywords\":[\"Brasil\"],\"articleSection\":[\"Pol\u00edtica\"],\"inLanguage\":\"en-US\"},{\"@type\":\"WebPage\",\"@id\":\"https:\\\/\\\/latamreports.com\\\/br\\\/paes-lidera-com-folga-todos-os-cenarios-para-o-governo-do-rio-aponta-quaest\\\/\",\"url\":\"https:\\\/\\\/latamreports.com\\\/br\\\/paes-lidera-com-folga-todos-os-cenarios-para-o-governo-do-rio-aponta-quaest\\\/\",\"name\":\"Paes lidera com folga todos os cen\u00e1rios para o governo do Rio\",\"isPartOf\":{\"@id\":\"https:\\\/\\\/latamreports.com\\\/br\\\/#website\"},\"primaryImageOfPage\":{\"@id\":\"https:\\\/\\\/latamreports.com\\\/br\\\/paes-lidera-com-folga-todos-os-cenarios-para-o-governo-do-rio-aponta-quaest\\\/#primaryimage\"},\"image\":{\"@id\":\"https:\\\/\\\/latamreports.com\\\/br\\\/paes-lidera-com-folga-todos-os-cenarios-para-o-governo-do-rio-aponta-quaest\\\/#primaryimage\"},\"thumbnailUrl\":\"https:\\\/\\\/latamreports.com\\\/br\\\/wp-content\\\/uploads\\\/paes-segundo-turno.png\",\"datePublished\":\"2026-04-27T20:24:43+00:00\",\"dateModified\":\"2026-04-27T20:47:33+00:00\",\"description\":\"Eduardo Paes (PSD) aparece com at\u00e9 40% das inten\u00e7\u00f5es de voto para o governo do Rio de Janeiro. O dado \u00e9 da primeira\",\"breadcrumb\":{\"@id\":\"https:\\\/\\\/latamreports.com\\\/br\\\/paes-lidera-com-folga-todos-os-cenarios-para-o-governo-do-rio-aponta-quaest\\\/#breadcrumb\"},\"inLanguage\":\"en-US\",\"potentialAction\":[{\"@type\":\"ReadAction\",\"target\":[\"https:\\\/\\\/latamreports.com\\\/br\\\/paes-lidera-com-folga-todos-os-cenarios-para-o-governo-do-rio-aponta-quaest\\\/\"]}]},{\"@type\":\"ImageObject\",\"inLanguage\":\"en-US\",\"@id\":\"https:\\\/\\\/latamreports.com\\\/br\\\/paes-lidera-com-folga-todos-os-cenarios-para-o-governo-do-rio-aponta-quaest\\\/#primaryimage\",\"url\":\"https:\\\/\\\/latamreports.com\\\/br\\\/wp-content\\\/uploads\\\/paes-segundo-turno.png\",\"contentUrl\":\"https:\\\/\\\/latamreports.com\\\/br\\\/wp-content\\\/uploads\\\/paes-segundo-turno.png\",\"width\":1200,\"height\":630,\"caption\":\"Paes lidera com folga todos os cen\u00e1rios para o governo do Rio, aponta Quaest\"},{\"@type\":\"BreadcrumbList\",\"@id\":\"https:\\\/\\\/latamreports.com\\\/br\\\/paes-lidera-com-folga-todos-os-cenarios-para-o-governo-do-rio-aponta-quaest\\\/#breadcrumb\",\"itemListElement\":[{\"@type\":\"ListItem\",\"position\":1,\"name\":\"Home\",\"item\":\"https:\\\/\\\/latamreports.com\\\/br\\\/\"},{\"@type\":\"ListItem\",\"position\":2,\"name\":\"Paes lidera com folga todos os cen\u00e1rios para o governo do Rio, aponta Quaest\"}]},{\"@type\":\"WebSite\",\"@id\":\"https:\\\/\\\/latamreports.com\\\/br\\\/#website\",\"url\":\"https:\\\/\\\/latamreports.com\\\/br\\\/\",\"name\":\"LatAm Reports\",\"description\":\"Not\u00edcias e opini\u00f5es de todas as Am\u00e9ricas\",\"publisher\":{\"@id\":\"https:\\\/\\\/latamreports.com\\\/br\\\/#organization\"},\"potentialAction\":[{\"@type\":\"SearchAction\",\"target\":{\"@type\":\"EntryPoint\",\"urlTemplate\":\"https:\\\/\\\/latamreports.com\\\/br\\\/?s={search_term_string}\"},\"query-input\":{\"@type\":\"PropertyValueSpecification\",\"valueRequired\":true,\"valueName\":\"search_term_string\"}}],\"inLanguage\":\"en-US\"},{\"@type\":\"Organization\",\"@id\":\"https:\\\/\\\/latamreports.com\\\/br\\\/#organization\",\"name\":\"LatAm Reports\",\"url\":\"https:\\\/\\\/latamreports.com\\\/br\\\/\",\"logo\":{\"@type\":\"ImageObject\",\"inLanguage\":\"en-US\",\"@id\":\"https:\\\/\\\/latamreports.com\\\/br\\\/#\\\/schema\\\/logo\\\/image\\\/\",\"url\":\"https:\\\/\\\/latamreports.com\\\/br\\\/wp-content\\\/uploads\\\/cropped-PNG2.png\",\"contentUrl\":\"https:\\\/\\\/latamreports.com\\\/br\\\/wp-content\\\/uploads\\\/cropped-PNG2.png\",\"width\":2522,\"height\":1014,\"caption\":\"LatAm Reports\"},\"image\":{\"@id\":\"https:\\\/\\\/latamreports.com\\\/br\\\/#\\\/schema\\\/logo\\\/image\\\/\"},\"sameAs\":[\"https:\\\/\\\/facebook.com\\\/latamreports\",\"https:\\\/\\\/x.com\\\/latamreports\"]},{\"@type\":\"Person\",\"@id\":\"https:\\\/\\\/latamreports.com\\\/br\\\/#\\\/schema\\\/person\\\/a561f2de7e5ccabfab38d239b39fdb70\",\"name\":\"LatAm Reports Redatores da Equipe\",\"image\":{\"@type\":\"ImageObject\",\"inLanguage\":\"en-US\",\"@id\":\"https:\\\/\\\/secure.gravatar.com\\\/avatar\\\/dcdcc93cc5edddd2f3ef77245866172c7d7241a11ad58e1959aa824f2fae81f6?s=96&d=mm&r=g\",\"url\":\"https:\\\/\\\/secure.gravatar.com\\\/avatar\\\/dcdcc93cc5edddd2f3ef77245866172c7d7241a11ad58e1959aa824f2fae81f6?s=96&d=mm&r=g\",\"contentUrl\":\"https:\\\/\\\/secure.gravatar.com\\\/avatar\\\/dcdcc93cc5edddd2f3ef77245866172c7d7241a11ad58e1959aa824f2fae81f6?s=96&d=mm&r=g\",\"caption\":\"LatAm Reports Redatores da Equipe\"}}]}<\/script>\n<!-- \/ Yoast SEO plugin. -->","yoast_head_json":{"title":"Paes lidera com folga todos os cen\u00e1rios para o governo do Rio","description":"Eduardo Paes (PSD) aparece com at\u00e9 40% das inten\u00e7\u00f5es de voto para o governo do Rio de Janeiro. O dado \u00e9 da primeira","robots":{"index":"index","follow":"follow","max-snippet":"max-snippet:-1","max-image-preview":"max-image-preview:large","max-video-preview":"max-video-preview:-1"},"canonical":"https:\/\/latamreports.com\/br\/paes-lidera-com-folga-todos-os-cenarios-para-o-governo-do-rio-aponta-quaest\/","og_locale":"en_US","og_type":"article","og_title":"Paes lidera com folga todos os cen\u00e1rios para o governo do Rio","og_description":"Eduardo Paes (PSD) aparece com at\u00e9 40% das inten\u00e7\u00f5es de voto para o governo do Rio de Janeiro. O dado \u00e9 da primeira","og_url":"https:\/\/latamreports.com\/br\/paes-lidera-com-folga-todos-os-cenarios-para-o-governo-do-rio-aponta-quaest\/","og_site_name":"LatAm Reports","article_publisher":"https:\/\/facebook.com\/latamreports","article_published_time":"2026-04-27T20:24:43+00:00","article_modified_time":"2026-04-27T20:47:33+00:00","og_image":[{"width":1200,"height":630,"url":"https:\/\/latamreports.com\/br\/wp-content\/uploads\/paes-segundo-turno.png","type":"image\/png"}],"author":"LatAm Reports Redatores da Equipe","twitter_card":"summary_large_image","twitter_creator":"@latamreports","twitter_site":"@latamreports","twitter_misc":{"Written by":"LatAm Reports Redatores da Equipe","Est. reading time":"2 minutes"},"schema":{"@context":"https:\/\/schema.org","@graph":[{"@type":"Article","@id":"https:\/\/latamreports.com\/br\/paes-lidera-com-folga-todos-os-cenarios-para-o-governo-do-rio-aponta-quaest\/#article","isPartOf":{"@id":"https:\/\/latamreports.com\/br\/paes-lidera-com-folga-todos-os-cenarios-para-o-governo-do-rio-aponta-quaest\/"},"author":{"name":"LatAm Reports Redatores da Equipe","@id":"https:\/\/latamreports.com\/br\/#\/schema\/person\/a561f2de7e5ccabfab38d239b39fdb70"},"headline":"Paes lidera com folga todos os cen\u00e1rios para o governo do Rio, aponta Quaest","datePublished":"2026-04-27T20:24:43+00:00","dateModified":"2026-04-27T20:47:33+00:00","mainEntityOfPage":{"@id":"https:\/\/latamreports.com\/br\/paes-lidera-com-folga-todos-os-cenarios-para-o-governo-do-rio-aponta-quaest\/"},"wordCount":307,"publisher":{"@id":"https:\/\/latamreports.com\/br\/#organization"},"image":{"@id":"https:\/\/latamreports.com\/br\/paes-lidera-com-folga-todos-os-cenarios-para-o-governo-do-rio-aponta-quaest\/#primaryimage"},"thumbnailUrl":"https:\/\/latamreports.com\/br\/wp-content\/uploads\/paes-segundo-turno.png","keywords":["Brasil"],"articleSection":["Pol\u00edtica"],"inLanguage":"en-US"},{"@type":"WebPage","@id":"https:\/\/latamreports.com\/br\/paes-lidera-com-folga-todos-os-cenarios-para-o-governo-do-rio-aponta-quaest\/","url":"https:\/\/latamreports.com\/br\/paes-lidera-com-folga-todos-os-cenarios-para-o-governo-do-rio-aponta-quaest\/","name":"Paes lidera com folga todos os cen\u00e1rios para o governo do Rio","isPartOf":{"@id":"https:\/\/latamreports.com\/br\/#website"},"primaryImageOfPage":{"@id":"https:\/\/latamreports.com\/br\/paes-lidera-com-folga-todos-os-cenarios-para-o-governo-do-rio-aponta-quaest\/#primaryimage"},"image":{"@id":"https:\/\/latamreports.com\/br\/paes-lidera-com-folga-todos-os-cenarios-para-o-governo-do-rio-aponta-quaest\/#primaryimage"},"thumbnailUrl":"https:\/\/latamreports.com\/br\/wp-content\/uploads\/paes-segundo-turno.png","datePublished":"2026-04-27T20:24:43+00:00","dateModified":"2026-04-27T20:47:33+00:00","description":"Eduardo Paes (PSD) aparece com at\u00e9 40% das inten\u00e7\u00f5es de voto para o governo do Rio de Janeiro. O dado \u00e9 da primeira","breadcrumb":{"@id":"https:\/\/latamreports.com\/br\/paes-lidera-com-folga-todos-os-cenarios-para-o-governo-do-rio-aponta-quaest\/#breadcrumb"},"inLanguage":"en-US","potentialAction":[{"@type":"ReadAction","target":["https:\/\/latamreports.com\/br\/paes-lidera-com-folga-todos-os-cenarios-para-o-governo-do-rio-aponta-quaest\/"]}]},{"@type":"ImageObject","inLanguage":"en-US","@id":"https:\/\/latamreports.com\/br\/paes-lidera-com-folga-todos-os-cenarios-para-o-governo-do-rio-aponta-quaest\/#primaryimage","url":"https:\/\/latamreports.com\/br\/wp-content\/uploads\/paes-segundo-turno.png","contentUrl":"https:\/\/latamreports.com\/br\/wp-content\/uploads\/paes-segundo-turno.png","width":1200,"height":630,"caption":"Paes lidera com folga todos os cen\u00e1rios para o governo do Rio, aponta Quaest"},{"@type":"BreadcrumbList","@id":"https:\/\/latamreports.com\/br\/paes-lidera-com-folga-todos-os-cenarios-para-o-governo-do-rio-aponta-quaest\/#breadcrumb","itemListElement":[{"@type":"ListItem","position":1,"name":"Home","item":"https:\/\/latamreports.com\/br\/"},{"@type":"ListItem","position":2,"name":"Paes lidera com folga todos os cen\u00e1rios para o governo do Rio, aponta Quaest"}]},{"@type":"WebSite","@id":"https:\/\/latamreports.com\/br\/#website","url":"https:\/\/latamreports.com\/br\/","name":"LatAm Reports","description":"Not\u00edcias e opini\u00f5es de todas as Am\u00e9ricas","publisher":{"@id":"https:\/\/latamreports.com\/br\/#organization"},"potentialAction":[{"@type":"SearchAction","target":{"@type":"EntryPoint","urlTemplate":"https:\/\/latamreports.com\/br\/?s={search_term_string}"},"query-input":{"@type":"PropertyValueSpecification","valueRequired":true,"valueName":"search_term_string"}}],"inLanguage":"en-US"},{"@type":"Organization","@id":"https:\/\/latamreports.com\/br\/#organization","name":"LatAm Reports","url":"https:\/\/latamreports.com\/br\/","logo":{"@type":"ImageObject","inLanguage":"en-US","@id":"https:\/\/latamreports.com\/br\/#\/schema\/logo\/image\/","url":"https:\/\/latamreports.com\/br\/wp-content\/uploads\/cropped-PNG2.png","contentUrl":"https:\/\/latamreports.com\/br\/wp-content\/uploads\/cropped-PNG2.png","width":2522,"height":1014,"caption":"LatAm Reports"},"image":{"@id":"https:\/\/latamreports.com\/br\/#\/schema\/logo\/image\/"},"sameAs":["https:\/\/facebook.com\/latamreports","https:\/\/x.com\/latamreports"]},{"@type":"Person","@id":"https:\/\/latamreports.com\/br\/#\/schema\/person\/a561f2de7e5ccabfab38d239b39fdb70","name":"LatAm Reports Redatores da Equipe","image":{"@type":"ImageObject","inLanguage":"en-US","@id":"https:\/\/secure.gravatar.com\/avatar\/dcdcc93cc5edddd2f3ef77245866172c7d7241a11ad58e1959aa824f2fae81f6?s=96&d=mm&r=g","url":"https:\/\/secure.gravatar.com\/avatar\/dcdcc93cc5edddd2f3ef77245866172c7d7241a11ad58e1959aa824f2fae81f6?s=96&d=mm&r=g","contentUrl":"https:\/\/secure.gravatar.com\/avatar\/dcdcc93cc5edddd2f3ef77245866172c7d7241a11ad58e1959aa824f2fae81f6?s=96&d=mm&r=g","caption":"LatAm Reports Redatores da Equipe"}}]}},"jetpack_publicize_connections":[],"_links":{"self":[{"href":"https:\/\/latamreports.com\/br\/wp-json\/wp\/v2\/posts\/15453","targetHints":{"allow":["GET"]}}],"collection":[{"href":"https:\/\/latamreports.com\/br\/wp-json\/wp\/v2\/posts"}],"about":[{"href":"https:\/\/latamreports.com\/br\/wp-json\/wp\/v2\/types\/post"}],"author":[{"embeddable":true,"href":"https:\/\/latamreports.com\/br\/wp-json\/wp\/v2\/users\/7"}],"replies":[{"embeddable":true,"href":"https:\/\/latamreports.com\/br\/wp-json\/wp\/v2\/comments?post=15453"}],"version-history":[{"count":1,"href":"https:\/\/latamreports.com\/br\/wp-json\/wp\/v2\/posts\/15453\/revisions"}],"predecessor-version":[{"id":15455,"href":"https:\/\/latamreports.com\/br\/wp-json\/wp\/v2\/posts\/15453\/revisions\/15455"}],"wp:featuredmedia":[{"embeddable":true,"href":"https:\/\/latamreports.com\/br\/wp-json\/wp\/v2\/media\/15454"}],"wp:attachment":[{"href":"https:\/\/latamreports.com\/br\/wp-json\/wp\/v2\/media?parent=15453"}],"wp:term":[{"taxonomy":"category","embeddable":true,"href":"https:\/\/latamreports.com\/br\/wp-json\/wp\/v2\/categories?post=15453"},{"taxonomy":"post_tag","embeddable":true,"href":"https:\/\/latamreports.com\/br\/wp-json\/wp\/v2\/tags?post=15453"}],"curies":[{"name":"wp","href":"https:\/\/api.w.org\/{rel}","templated":true}]}}