{"id":14674,"date":"2026-01-28T17:09:00","date_gmt":"2026-01-28T17:09:00","guid":{"rendered":"https:\/\/latamreports.com\/br\/?p=14674"},"modified":"2026-01-28T17:09:02","modified_gmt":"2026-01-28T17:09:02","slug":"influencer-com-lesao-na-coluna-apos-mergulho-em-maresias-volta-a-mexer-braco-direito-apos-uso-experimental-de-polilaminina","status":"publish","type":"post","link":"https:\/\/latamreports.com\/br\/influencer-com-lesao-na-coluna-apos-mergulho-em-maresias-volta-a-mexer-braco-direito-apos-uso-experimental-de-polilaminina\/","title":{"rendered":"Influencer com les\u00e3o na coluna ap\u00f3s mergulho em Maresias volta a mexer bra\u00e7o direito ap\u00f3s uso experimental de polilaminina"},"content":{"rendered":"\n<p>A nutricionista e influenciadora Fl\u00e1via Bueno, de 35 anos, apresentou evolu\u00e7\u00e3o neurol\u00f3gica ap\u00f3s receber aplica\u00e7\u00e3o experimental de polilaminina, prote\u00edna ainda em fase de testes no Brasil. Segundo a fam\u00edlia, ela conseguiu voltar a mexer o bra\u00e7o direito ap\u00f3s o procedimento, realizado no Hospital Albert Einstein, em S\u00e3o Paulo, onde permanece internada desde o in\u00edcio de janeiro.<\/p>\n\n\n\n<p>Fl\u00e1via sofreu uma grave les\u00e3o medular durante um mergulho na praia de Maresias, no litoral norte paulista, na virada do ano. O acidente aconteceu no dia 3 de janeiro, quando ela bateu a cabe\u00e7a em um banco de areia, perdeu a consci\u00eancia e precisou ser socorrida \u00e0s pressas. Desde o dia seguinte, est\u00e1 internada na UTI, com comprometimento da medula espinhal nas v\u00e9rtebras C3, C4 e C5.<\/p>\n\n\n\n<h2 class=\"wp-block-heading\">Uso compassivo de droga experimental foi autorizado pela Justi\u00e7a<\/h2>\n\n\n\n<p>A aplica\u00e7\u00e3o da polilaminina ocorreu na \u00faltima sexta-feira (23), ap\u00f3s a fam\u00edlia obter uma liminar judicial que autorizou o uso experimental da subst\u00e2ncia. O medicamento ainda n\u00e3o possui libera\u00e7\u00e3o da Ag\u00eancia Nacional de Vigil\u00e2ncia Sanit\u00e1ria para uso comercial ou cl\u00ednico em humanos, o que exigiu autoriza\u00e7\u00e3o excepcional por meio do programa de uso compassivo previsto em norma da Anvisa.<\/p>\n\n\n\n<p>Desenvolvida a partir de pesquisas conduzidas h\u00e1 mais de 20 anos na Universidade Federal do Rio de Janeiro, a polilaminina \u00e9 uma vers\u00e3o produzida em laborat\u00f3rio da laminina, prote\u00edna presente no desenvolvimento embrion\u00e1rio e associada \u00e0 conex\u00e3o entre neur\u00f4nios. A pesquisa \u00e9 liderada pela cientista Tatiana Sampaio, do Instituto de Ci\u00eancias Biom\u00e9dicas da UFRJ, e conta com desenvolvimento industrial do laborat\u00f3rio brasileiro Crist\u00e1lia.<\/p>\n\n\n\n<p>De acordo com familiares, a expectativa \u00e9 que a aplica\u00e7\u00e3o direta no local da les\u00e3o ajude a estimular a forma\u00e7\u00e3o de novas conex\u00f5es nervosas, permitindo a recupera\u00e7\u00e3o parcial de movimentos. O irm\u00e3o da nutricionista, Felipe Checchin, afirmou que antes da aplica\u00e7\u00e3o Fl\u00e1via n\u00e3o apresentava qualquer movimenta\u00e7\u00e3o no bra\u00e7o direito.<\/p>\n\n\n\n<p>O laborat\u00f3rio Crist\u00e1lia informou, em nota, que a paciente n\u00e3o faz parte de estudos cl\u00ednicos formais e que o acesso \u00e0 subst\u00e2ncia ocorreu exclusivamente por meio de judicializa\u00e7\u00e3o, conforme prev\u00ea a resolu\u00e7\u00e3o que regula o uso compassivo de medicamentos experimentais. Os testes cl\u00ednicos de fase inicial ainda est\u00e3o em fase de organiza\u00e7\u00e3o e acompanhamento.<\/p>\n\n\n\n<h2 class=\"wp-block-heading\">Tratamento j\u00e1 ultrapassa R$ 1 milh\u00e3o e fam\u00edlia pede ajuda<\/h2>\n\n\n\n<p>Sem plano de sa\u00fade, Fl\u00e1via foi levada ao Hospital Albert Einstein ap\u00f3s avalia\u00e7\u00e3o m\u00e9dica indicar a necessidade urgente de cirurgia de descompress\u00e3o da coluna em at\u00e9 48 horas, procedimento considerado decisivo para preservar a respira\u00e7\u00e3o e a oxigena\u00e7\u00e3o cerebral. Desde ent\u00e3o, ela passou por duas cirurgias e segue fora de risco imediato, segundo a fam\u00edlia.<\/p>\n\n\n\n<p>O custo da interna\u00e7\u00e3o e dos procedimentos j\u00e1 ultrapassou R$ 1 milh\u00e3o. Familiares e amigos organizaram uma vaquinha virtual e eventos beneficentes para arrecadar recursos e manter o tratamento. A previs\u00e3o \u00e9 que Fl\u00e1via permane\u00e7a no hospital por mais 30 a 40 dias antes de eventual transfer\u00eancia para uma unidade p\u00fablica, dependendo da evolu\u00e7\u00e3o cl\u00ednica.<\/p>\n\n\n\n<p>A fam\u00edlia afirma que a resposta inicial \u00e0 polilaminina renovou as esperan\u00e7as de recupera\u00e7\u00e3o gradual. Segundo o irm\u00e3o, a melhora no movimento do bra\u00e7o representa uma vit\u00f3ria importante em um quadro ainda considerado delicado.<\/p>\n","protected":false},"excerpt":{"rendered":"<p>A nutricionista e influenciadora Fl\u00e1via Bueno, de 35 anos, apresentou evolu\u00e7\u00e3o neurol\u00f3gica ap\u00f3s receber aplica\u00e7\u00e3o experimental de polilaminina, prote\u00edna ainda em fase de testes no &#8230; <a title=\"Influencer com les\u00e3o na coluna ap\u00f3s mergulho em Maresias volta a mexer bra\u00e7o direito ap\u00f3s uso experimental de polilaminina\" class=\"read-more\" href=\"https:\/\/latamreports.com\/br\/influencer-com-lesao-na-coluna-apos-mergulho-em-maresias-volta-a-mexer-braco-direito-apos-uso-experimental-de-polilaminina\/\" aria-label=\"Read more about Influencer com les\u00e3o na coluna ap\u00f3s mergulho em Maresias volta a mexer bra\u00e7o direito ap\u00f3s uso experimental de polilaminina\">Read more<\/a><\/p>\n","protected":false},"author":7,"featured_media":14675,"comment_status":"closed","ping_status":"closed","sticky":false,"template":"","format":"standard","meta":{"footnotes":"","jetpack_publicize_message":"","jetpack_publicize_feature_enabled":true,"jetpack_social_post_already_shared":true,"jetpack_social_options":{"image_generator_settings":{"template":"highway","default_image_id":0,"font":"","enabled":false},"version":2}},"categories":[2,24],"tags":[31],"class_list":["post-14674","post","type-post","status-publish","format-standard","has-post-thumbnail","hentry","category-negocios","category-opiniao","tag-brasil","resize-featured-image"],"yoast_head":"<!-- This site is optimized with the Yoast SEO plugin v27.5 - https:\/\/yoast.com\/product\/yoast-seo-wordpress\/ -->\n<title>Influencer com les\u00e3o na coluna ap\u00f3s mergulho em Maresias<\/title>\n<meta name=\"description\" content=\"A nutricionista e influenciadora Fl\u00e1via Bueno, de 35 anos, apresentou evolu\u00e7\u00e3o neurol\u00f3gica ap\u00f3s receber aplica\u00e7\u00e3o experimental de\" \/>\n<meta name=\"robots\" content=\"index, follow, max-snippet:-1, max-image-preview:large, max-video-preview:-1\" \/>\n<link rel=\"canonical\" href=\"https:\/\/latamreports.com\/br\/influencer-com-lesao-na-coluna-apos-mergulho-em-maresias-volta-a-mexer-braco-direito-apos-uso-experimental-de-polilaminina\/\" \/>\n<meta property=\"og:locale\" content=\"en_US\" \/>\n<meta property=\"og:type\" content=\"article\" \/>\n<meta property=\"og:title\" content=\"Influencer com les\u00e3o na coluna ap\u00f3s mergulho em Maresias\" \/>\n<meta property=\"og:description\" content=\"A nutricionista e influenciadora Fl\u00e1via Bueno, de 35 anos, apresentou evolu\u00e7\u00e3o neurol\u00f3gica ap\u00f3s receber aplica\u00e7\u00e3o experimental de\" \/>\n<meta property=\"og:url\" content=\"https:\/\/latamreports.com\/br\/influencer-com-lesao-na-coluna-apos-mergulho-em-maresias-volta-a-mexer-braco-direito-apos-uso-experimental-de-polilaminina\/\" \/>\n<meta property=\"og:site_name\" content=\"LatAm Reports\" \/>\n<meta property=\"article:publisher\" content=\"https:\/\/facebook.com\/latamreports\" \/>\n<meta property=\"article:published_time\" content=\"2026-01-28T17:09:00+00:00\" \/>\n<meta property=\"article:modified_time\" content=\"2026-01-28T17:09:02+00:00\" \/>\n<meta property=\"og:image\" content=\"https:\/\/latamreports.com\/br\/wp-content\/uploads\/influencer-com-lesao.png\" \/>\n\t<meta property=\"og:image:width\" content=\"1200\" \/>\n\t<meta property=\"og:image:height\" content=\"630\" \/>\n\t<meta property=\"og:image:type\" content=\"image\/png\" \/>\n<meta name=\"author\" content=\"LatAm Reports Redatores da Equipe\" \/>\n<meta name=\"twitter:card\" content=\"summary_large_image\" \/>\n<meta name=\"twitter:creator\" content=\"@latamreports\" \/>\n<meta name=\"twitter:site\" content=\"@latamreports\" \/>\n<meta name=\"twitter:label1\" content=\"Written by\" \/>\n\t<meta name=\"twitter:data1\" content=\"LatAm Reports Redatores da Equipe\" \/>\n\t<meta name=\"twitter:label2\" content=\"Est. reading time\" \/>\n\t<meta name=\"twitter:data2\" content=\"3 minutes\" \/>\n<script type=\"application\/ld+json\" class=\"yoast-schema-graph\">{\"@context\":\"https:\\\/\\\/schema.org\",\"@graph\":[{\"@type\":\"Article\",\"@id\":\"https:\\\/\\\/latamreports.com\\\/br\\\/influencer-com-lesao-na-coluna-apos-mergulho-em-maresias-volta-a-mexer-braco-direito-apos-uso-experimental-de-polilaminina\\\/#article\",\"isPartOf\":{\"@id\":\"https:\\\/\\\/latamreports.com\\\/br\\\/influencer-com-lesao-na-coluna-apos-mergulho-em-maresias-volta-a-mexer-braco-direito-apos-uso-experimental-de-polilaminina\\\/\"},\"author\":{\"name\":\"LatAm Reports Redatores da Equipe\",\"@id\":\"https:\\\/\\\/latamreports.com\\\/br\\\/#\\\/schema\\\/person\\\/a561f2de7e5ccabfab38d239b39fdb70\"},\"headline\":\"Influencer com les\u00e3o na coluna ap\u00f3s mergulho em Maresias volta a mexer bra\u00e7o direito ap\u00f3s uso experimental de polilaminina\",\"datePublished\":\"2026-01-28T17:09:00+00:00\",\"dateModified\":\"2026-01-28T17:09:02+00:00\",\"mainEntityOfPage\":{\"@id\":\"https:\\\/\\\/latamreports.com\\\/br\\\/influencer-com-lesao-na-coluna-apos-mergulho-em-maresias-volta-a-mexer-braco-direito-apos-uso-experimental-de-polilaminina\\\/\"},\"wordCount\":604,\"publisher\":{\"@id\":\"https:\\\/\\\/latamreports.com\\\/br\\\/#organization\"},\"image\":{\"@id\":\"https:\\\/\\\/latamreports.com\\\/br\\\/influencer-com-lesao-na-coluna-apos-mergulho-em-maresias-volta-a-mexer-braco-direito-apos-uso-experimental-de-polilaminina\\\/#primaryimage\"},\"thumbnailUrl\":\"https:\\\/\\\/latamreports.com\\\/br\\\/wp-content\\\/uploads\\\/influencer-com-lesao.png\",\"keywords\":[\"Brasil\"],\"articleSection\":[\"Neg\u00f3cios\",\"Opini\u00e3o\"],\"inLanguage\":\"en-US\"},{\"@type\":\"WebPage\",\"@id\":\"https:\\\/\\\/latamreports.com\\\/br\\\/influencer-com-lesao-na-coluna-apos-mergulho-em-maresias-volta-a-mexer-braco-direito-apos-uso-experimental-de-polilaminina\\\/\",\"url\":\"https:\\\/\\\/latamreports.com\\\/br\\\/influencer-com-lesao-na-coluna-apos-mergulho-em-maresias-volta-a-mexer-braco-direito-apos-uso-experimental-de-polilaminina\\\/\",\"name\":\"Influencer com les\u00e3o na coluna ap\u00f3s mergulho em Maresias\",\"isPartOf\":{\"@id\":\"https:\\\/\\\/latamreports.com\\\/br\\\/#website\"},\"primaryImageOfPage\":{\"@id\":\"https:\\\/\\\/latamreports.com\\\/br\\\/influencer-com-lesao-na-coluna-apos-mergulho-em-maresias-volta-a-mexer-braco-direito-apos-uso-experimental-de-polilaminina\\\/#primaryimage\"},\"image\":{\"@id\":\"https:\\\/\\\/latamreports.com\\\/br\\\/influencer-com-lesao-na-coluna-apos-mergulho-em-maresias-volta-a-mexer-braco-direito-apos-uso-experimental-de-polilaminina\\\/#primaryimage\"},\"thumbnailUrl\":\"https:\\\/\\\/latamreports.com\\\/br\\\/wp-content\\\/uploads\\\/influencer-com-lesao.png\",\"datePublished\":\"2026-01-28T17:09:00+00:00\",\"dateModified\":\"2026-01-28T17:09:02+00:00\",\"description\":\"A nutricionista e influenciadora Fl\u00e1via Bueno, de 35 anos, apresentou evolu\u00e7\u00e3o neurol\u00f3gica ap\u00f3s receber aplica\u00e7\u00e3o experimental de\",\"breadcrumb\":{\"@id\":\"https:\\\/\\\/latamreports.com\\\/br\\\/influencer-com-lesao-na-coluna-apos-mergulho-em-maresias-volta-a-mexer-braco-direito-apos-uso-experimental-de-polilaminina\\\/#breadcrumb\"},\"inLanguage\":\"en-US\",\"potentialAction\":[{\"@type\":\"ReadAction\",\"target\":[\"https:\\\/\\\/latamreports.com\\\/br\\\/influencer-com-lesao-na-coluna-apos-mergulho-em-maresias-volta-a-mexer-braco-direito-apos-uso-experimental-de-polilaminina\\\/\"]}]},{\"@type\":\"ImageObject\",\"inLanguage\":\"en-US\",\"@id\":\"https:\\\/\\\/latamreports.com\\\/br\\\/influencer-com-lesao-na-coluna-apos-mergulho-em-maresias-volta-a-mexer-braco-direito-apos-uso-experimental-de-polilaminina\\\/#primaryimage\",\"url\":\"https:\\\/\\\/latamreports.com\\\/br\\\/wp-content\\\/uploads\\\/influencer-com-lesao.png\",\"contentUrl\":\"https:\\\/\\\/latamreports.com\\\/br\\\/wp-content\\\/uploads\\\/influencer-com-lesao.png\",\"width\":1200,\"height\":630,\"caption\":\"Influencer com les\u00e3o na coluna ap\u00f3s mergulho em Maresias volta a mexer bra\u00e7o direito ap\u00f3s uso experimental de polilaminina\"},{\"@type\":\"BreadcrumbList\",\"@id\":\"https:\\\/\\\/latamreports.com\\\/br\\\/influencer-com-lesao-na-coluna-apos-mergulho-em-maresias-volta-a-mexer-braco-direito-apos-uso-experimental-de-polilaminina\\\/#breadcrumb\",\"itemListElement\":[{\"@type\":\"ListItem\",\"position\":1,\"name\":\"Home\",\"item\":\"https:\\\/\\\/latamreports.com\\\/br\\\/\"},{\"@type\":\"ListItem\",\"position\":2,\"name\":\"Influencer com les\u00e3o na coluna ap\u00f3s mergulho em Maresias volta a mexer bra\u00e7o direito ap\u00f3s uso experimental de polilaminina\"}]},{\"@type\":\"WebSite\",\"@id\":\"https:\\\/\\\/latamreports.com\\\/br\\\/#website\",\"url\":\"https:\\\/\\\/latamreports.com\\\/br\\\/\",\"name\":\"LatAm Reports\",\"description\":\"Not\u00edcias e opini\u00f5es de todas as Am\u00e9ricas\",\"publisher\":{\"@id\":\"https:\\\/\\\/latamreports.com\\\/br\\\/#organization\"},\"potentialAction\":[{\"@type\":\"SearchAction\",\"target\":{\"@type\":\"EntryPoint\",\"urlTemplate\":\"https:\\\/\\\/latamreports.com\\\/br\\\/?s={search_term_string}\"},\"query-input\":{\"@type\":\"PropertyValueSpecification\",\"valueRequired\":true,\"valueName\":\"search_term_string\"}}],\"inLanguage\":\"en-US\"},{\"@type\":\"Organization\",\"@id\":\"https:\\\/\\\/latamreports.com\\\/br\\\/#organization\",\"name\":\"LatAm Reports\",\"url\":\"https:\\\/\\\/latamreports.com\\\/br\\\/\",\"logo\":{\"@type\":\"ImageObject\",\"inLanguage\":\"en-US\",\"@id\":\"https:\\\/\\\/latamreports.com\\\/br\\\/#\\\/schema\\\/logo\\\/image\\\/\",\"url\":\"https:\\\/\\\/latamreports.com\\\/br\\\/wp-content\\\/uploads\\\/cropped-PNG2.png\",\"contentUrl\":\"https:\\\/\\\/latamreports.com\\\/br\\\/wp-content\\\/uploads\\\/cropped-PNG2.png\",\"width\":2522,\"height\":1014,\"caption\":\"LatAm Reports\"},\"image\":{\"@id\":\"https:\\\/\\\/latamreports.com\\\/br\\\/#\\\/schema\\\/logo\\\/image\\\/\"},\"sameAs\":[\"https:\\\/\\\/facebook.com\\\/latamreports\",\"https:\\\/\\\/x.com\\\/latamreports\"]},{\"@type\":\"Person\",\"@id\":\"https:\\\/\\\/latamreports.com\\\/br\\\/#\\\/schema\\\/person\\\/a561f2de7e5ccabfab38d239b39fdb70\",\"name\":\"LatAm Reports Redatores da Equipe\",\"image\":{\"@type\":\"ImageObject\",\"inLanguage\":\"en-US\",\"@id\":\"https:\\\/\\\/secure.gravatar.com\\\/avatar\\\/dcdcc93cc5edddd2f3ef77245866172c7d7241a11ad58e1959aa824f2fae81f6?s=96&d=mm&r=g\",\"url\":\"https:\\\/\\\/secure.gravatar.com\\\/avatar\\\/dcdcc93cc5edddd2f3ef77245866172c7d7241a11ad58e1959aa824f2fae81f6?s=96&d=mm&r=g\",\"contentUrl\":\"https:\\\/\\\/secure.gravatar.com\\\/avatar\\\/dcdcc93cc5edddd2f3ef77245866172c7d7241a11ad58e1959aa824f2fae81f6?s=96&d=mm&r=g\",\"caption\":\"LatAm Reports Redatores da Equipe\"}}]}<\/script>\n<!-- \/ Yoast SEO plugin. -->","yoast_head_json":{"title":"Influencer com les\u00e3o na coluna ap\u00f3s mergulho em Maresias","description":"A nutricionista e influenciadora Fl\u00e1via Bueno, de 35 anos, apresentou evolu\u00e7\u00e3o neurol\u00f3gica ap\u00f3s receber aplica\u00e7\u00e3o experimental de","robots":{"index":"index","follow":"follow","max-snippet":"max-snippet:-1","max-image-preview":"max-image-preview:large","max-video-preview":"max-video-preview:-1"},"canonical":"https:\/\/latamreports.com\/br\/influencer-com-lesao-na-coluna-apos-mergulho-em-maresias-volta-a-mexer-braco-direito-apos-uso-experimental-de-polilaminina\/","og_locale":"en_US","og_type":"article","og_title":"Influencer com les\u00e3o na coluna ap\u00f3s mergulho em Maresias","og_description":"A nutricionista e influenciadora Fl\u00e1via Bueno, de 35 anos, apresentou evolu\u00e7\u00e3o neurol\u00f3gica ap\u00f3s receber aplica\u00e7\u00e3o experimental de","og_url":"https:\/\/latamreports.com\/br\/influencer-com-lesao-na-coluna-apos-mergulho-em-maresias-volta-a-mexer-braco-direito-apos-uso-experimental-de-polilaminina\/","og_site_name":"LatAm Reports","article_publisher":"https:\/\/facebook.com\/latamreports","article_published_time":"2026-01-28T17:09:00+00:00","article_modified_time":"2026-01-28T17:09:02+00:00","og_image":[{"width":1200,"height":630,"url":"https:\/\/latamreports.com\/br\/wp-content\/uploads\/influencer-com-lesao.png","type":"image\/png"}],"author":"LatAm Reports Redatores da Equipe","twitter_card":"summary_large_image","twitter_creator":"@latamreports","twitter_site":"@latamreports","twitter_misc":{"Written by":"LatAm Reports Redatores da Equipe","Est. reading time":"3 minutes"},"schema":{"@context":"https:\/\/schema.org","@graph":[{"@type":"Article","@id":"https:\/\/latamreports.com\/br\/influencer-com-lesao-na-coluna-apos-mergulho-em-maresias-volta-a-mexer-braco-direito-apos-uso-experimental-de-polilaminina\/#article","isPartOf":{"@id":"https:\/\/latamreports.com\/br\/influencer-com-lesao-na-coluna-apos-mergulho-em-maresias-volta-a-mexer-braco-direito-apos-uso-experimental-de-polilaminina\/"},"author":{"name":"LatAm Reports Redatores da Equipe","@id":"https:\/\/latamreports.com\/br\/#\/schema\/person\/a561f2de7e5ccabfab38d239b39fdb70"},"headline":"Influencer com les\u00e3o na coluna ap\u00f3s mergulho em Maresias volta a mexer bra\u00e7o direito ap\u00f3s uso experimental de polilaminina","datePublished":"2026-01-28T17:09:00+00:00","dateModified":"2026-01-28T17:09:02+00:00","mainEntityOfPage":{"@id":"https:\/\/latamreports.com\/br\/influencer-com-lesao-na-coluna-apos-mergulho-em-maresias-volta-a-mexer-braco-direito-apos-uso-experimental-de-polilaminina\/"},"wordCount":604,"publisher":{"@id":"https:\/\/latamreports.com\/br\/#organization"},"image":{"@id":"https:\/\/latamreports.com\/br\/influencer-com-lesao-na-coluna-apos-mergulho-em-maresias-volta-a-mexer-braco-direito-apos-uso-experimental-de-polilaminina\/#primaryimage"},"thumbnailUrl":"https:\/\/latamreports.com\/br\/wp-content\/uploads\/influencer-com-lesao.png","keywords":["Brasil"],"articleSection":["Neg\u00f3cios","Opini\u00e3o"],"inLanguage":"en-US"},{"@type":"WebPage","@id":"https:\/\/latamreports.com\/br\/influencer-com-lesao-na-coluna-apos-mergulho-em-maresias-volta-a-mexer-braco-direito-apos-uso-experimental-de-polilaminina\/","url":"https:\/\/latamreports.com\/br\/influencer-com-lesao-na-coluna-apos-mergulho-em-maresias-volta-a-mexer-braco-direito-apos-uso-experimental-de-polilaminina\/","name":"Influencer com les\u00e3o na coluna ap\u00f3s mergulho em Maresias","isPartOf":{"@id":"https:\/\/latamreports.com\/br\/#website"},"primaryImageOfPage":{"@id":"https:\/\/latamreports.com\/br\/influencer-com-lesao-na-coluna-apos-mergulho-em-maresias-volta-a-mexer-braco-direito-apos-uso-experimental-de-polilaminina\/#primaryimage"},"image":{"@id":"https:\/\/latamreports.com\/br\/influencer-com-lesao-na-coluna-apos-mergulho-em-maresias-volta-a-mexer-braco-direito-apos-uso-experimental-de-polilaminina\/#primaryimage"},"thumbnailUrl":"https:\/\/latamreports.com\/br\/wp-content\/uploads\/influencer-com-lesao.png","datePublished":"2026-01-28T17:09:00+00:00","dateModified":"2026-01-28T17:09:02+00:00","description":"A nutricionista e influenciadora Fl\u00e1via Bueno, de 35 anos, apresentou evolu\u00e7\u00e3o neurol\u00f3gica ap\u00f3s receber aplica\u00e7\u00e3o experimental de","breadcrumb":{"@id":"https:\/\/latamreports.com\/br\/influencer-com-lesao-na-coluna-apos-mergulho-em-maresias-volta-a-mexer-braco-direito-apos-uso-experimental-de-polilaminina\/#breadcrumb"},"inLanguage":"en-US","potentialAction":[{"@type":"ReadAction","target":["https:\/\/latamreports.com\/br\/influencer-com-lesao-na-coluna-apos-mergulho-em-maresias-volta-a-mexer-braco-direito-apos-uso-experimental-de-polilaminina\/"]}]},{"@type":"ImageObject","inLanguage":"en-US","@id":"https:\/\/latamreports.com\/br\/influencer-com-lesao-na-coluna-apos-mergulho-em-maresias-volta-a-mexer-braco-direito-apos-uso-experimental-de-polilaminina\/#primaryimage","url":"https:\/\/latamreports.com\/br\/wp-content\/uploads\/influencer-com-lesao.png","contentUrl":"https:\/\/latamreports.com\/br\/wp-content\/uploads\/influencer-com-lesao.png","width":1200,"height":630,"caption":"Influencer com les\u00e3o na coluna ap\u00f3s mergulho em Maresias volta a mexer bra\u00e7o direito ap\u00f3s uso experimental de polilaminina"},{"@type":"BreadcrumbList","@id":"https:\/\/latamreports.com\/br\/influencer-com-lesao-na-coluna-apos-mergulho-em-maresias-volta-a-mexer-braco-direito-apos-uso-experimental-de-polilaminina\/#breadcrumb","itemListElement":[{"@type":"ListItem","position":1,"name":"Home","item":"https:\/\/latamreports.com\/br\/"},{"@type":"ListItem","position":2,"name":"Influencer com les\u00e3o na coluna ap\u00f3s mergulho em Maresias volta a mexer bra\u00e7o direito ap\u00f3s uso experimental de polilaminina"}]},{"@type":"WebSite","@id":"https:\/\/latamreports.com\/br\/#website","url":"https:\/\/latamreports.com\/br\/","name":"LatAm Reports","description":"Not\u00edcias e opini\u00f5es de todas as Am\u00e9ricas","publisher":{"@id":"https:\/\/latamreports.com\/br\/#organization"},"potentialAction":[{"@type":"SearchAction","target":{"@type":"EntryPoint","urlTemplate":"https:\/\/latamreports.com\/br\/?s={search_term_string}"},"query-input":{"@type":"PropertyValueSpecification","valueRequired":true,"valueName":"search_term_string"}}],"inLanguage":"en-US"},{"@type":"Organization","@id":"https:\/\/latamreports.com\/br\/#organization","name":"LatAm Reports","url":"https:\/\/latamreports.com\/br\/","logo":{"@type":"ImageObject","inLanguage":"en-US","@id":"https:\/\/latamreports.com\/br\/#\/schema\/logo\/image\/","url":"https:\/\/latamreports.com\/br\/wp-content\/uploads\/cropped-PNG2.png","contentUrl":"https:\/\/latamreports.com\/br\/wp-content\/uploads\/cropped-PNG2.png","width":2522,"height":1014,"caption":"LatAm Reports"},"image":{"@id":"https:\/\/latamreports.com\/br\/#\/schema\/logo\/image\/"},"sameAs":["https:\/\/facebook.com\/latamreports","https:\/\/x.com\/latamreports"]},{"@type":"Person","@id":"https:\/\/latamreports.com\/br\/#\/schema\/person\/a561f2de7e5ccabfab38d239b39fdb70","name":"LatAm Reports Redatores da Equipe","image":{"@type":"ImageObject","inLanguage":"en-US","@id":"https:\/\/secure.gravatar.com\/avatar\/dcdcc93cc5edddd2f3ef77245866172c7d7241a11ad58e1959aa824f2fae81f6?s=96&d=mm&r=g","url":"https:\/\/secure.gravatar.com\/avatar\/dcdcc93cc5edddd2f3ef77245866172c7d7241a11ad58e1959aa824f2fae81f6?s=96&d=mm&r=g","contentUrl":"https:\/\/secure.gravatar.com\/avatar\/dcdcc93cc5edddd2f3ef77245866172c7d7241a11ad58e1959aa824f2fae81f6?s=96&d=mm&r=g","caption":"LatAm Reports Redatores da Equipe"}}]}},"jetpack_publicize_connections":[],"_links":{"self":[{"href":"https:\/\/latamreports.com\/br\/wp-json\/wp\/v2\/posts\/14674","targetHints":{"allow":["GET"]}}],"collection":[{"href":"https:\/\/latamreports.com\/br\/wp-json\/wp\/v2\/posts"}],"about":[{"href":"https:\/\/latamreports.com\/br\/wp-json\/wp\/v2\/types\/post"}],"author":[{"embeddable":true,"href":"https:\/\/latamreports.com\/br\/wp-json\/wp\/v2\/users\/7"}],"replies":[{"embeddable":true,"href":"https:\/\/latamreports.com\/br\/wp-json\/wp\/v2\/comments?post=14674"}],"version-history":[{"count":1,"href":"https:\/\/latamreports.com\/br\/wp-json\/wp\/v2\/posts\/14674\/revisions"}],"predecessor-version":[{"id":14676,"href":"https:\/\/latamreports.com\/br\/wp-json\/wp\/v2\/posts\/14674\/revisions\/14676"}],"wp:featuredmedia":[{"embeddable":true,"href":"https:\/\/latamreports.com\/br\/wp-json\/wp\/v2\/media\/14675"}],"wp:attachment":[{"href":"https:\/\/latamreports.com\/br\/wp-json\/wp\/v2\/media?parent=14674"}],"wp:term":[{"taxonomy":"category","embeddable":true,"href":"https:\/\/latamreports.com\/br\/wp-json\/wp\/v2\/categories?post=14674"},{"taxonomy":"post_tag","embeddable":true,"href":"https:\/\/latamreports.com\/br\/wp-json\/wp\/v2\/tags?post=14674"}],"curies":[{"name":"wp","href":"https:\/\/api.w.org\/{rel}","templated":true}]}}