{"id":14668,"date":"2026-01-28T16:56:01","date_gmt":"2026-01-28T16:56:01","guid":{"rendered":"https:\/\/latamreports.com\/br\/?p=14668"},"modified":"2026-01-28T16:56:03","modified_gmt":"2026-01-28T16:56:03","slug":"corpo-de-corretora-desaparecida-e-encontrado-em-mata-em-caldas-novas-sindico-confessa-crime","status":"publish","type":"post","link":"https:\/\/latamreports.com\/br\/corpo-de-corretora-desaparecida-e-encontrado-em-mata-em-caldas-novas-sindico-confessa-crime\/","title":{"rendered":"Corpo de corretora desaparecida \u00e9 encontrado em mata em Caldas Novas; s\u00edndico confessa crime"},"content":{"rendered":"\n<p>O corpo da corretora Daiane Alves de Souza, de 43 anos, que estava desaparecida desde dezembro, foi encontrado em uma \u00e1rea de mata em Caldas Novas, no sul de Goi\u00e1s. A informa\u00e7\u00e3o foi confirmada pelo delegado Pedromar Augusto de Souza, respons\u00e1vel pela investiga\u00e7\u00e3o. Segundo a Pol\u00edcia Civil, o s\u00edndico do pr\u00e9dio onde a v\u00edtima possu\u00eda apartamentos confessou o crime e indicou o local onde o corpo foi abandonado.<\/p>\n\n\n\n<p>Na madrugada desta quarta-feira (28), Cl\u00e9ber Rosa de Oliveira, s\u00edndico do condom\u00ednio, e o filho dele, Maykon Douglas de Oliveira, foram presos suspeitos de envolvimento no assassinato. Um porteiro do pr\u00e9dio tamb\u00e9m foi levado \u00e0 delegacia para prestar esclarecimentos. At\u00e9 a \u00faltima atualiza\u00e7\u00e3o, a defesa de Cl\u00e9ber n\u00e3o havia se manifestado.<\/p>\n\n\n\n<p>Daiane desapareceu no dia 17 de dezembro de 2025, ap\u00f3s ser vista pelas c\u00e2meras de seguran\u00e7a entrando no elevador do condom\u00ednio, passando pela portaria e, em seguida, retornando ao elevador para descer ao subsolo. Desde ent\u00e3o, n\u00e3o houve mais registros da corretora.<\/p>\n\n\n\n<h2 class=\"wp-block-heading\">Discuss\u00e3o no subsolo antecedeu o crime, segundo investiga\u00e7\u00e3o<\/h2>\n\n\n\n<p>De acordo com apura\u00e7\u00e3o da TV Anhanguera, o corpo foi localizado a cerca de 15 quil\u00f4metros de Caldas Novas, em avan\u00e7ado estado de decomposi\u00e7\u00e3o. A pol\u00edcia informou que Cl\u00e9ber afirmou ter agido sozinho. Em depoimento, ele relatou que discutiu com Daiane no subsolo do pr\u00e9dio, no momento em que ela teria descido para religar o padr\u00e3o de energia. A discuss\u00e3o, segundo o investigado, teria se intensificado, culminando no assassinato.<\/p>\n\n\n\n<p>A Pol\u00edcia Civil ainda n\u00e3o detalhou se as pris\u00f5es s\u00e3o tempor\u00e1rias ou preventivas, nem divulgou oficialmente os depoimentos completos dos suspeitos. As investiga\u00e7\u00f5es seguem para esclarecer a participa\u00e7\u00e3o de outras pessoas e a din\u00e2mica completa do crime.<\/p>\n\n\n\n<p>Antes do desaparecimento, Cl\u00e9ber j\u00e1 havia sido denunciado pelo Minist\u00e9rio P\u00fablico de Goi\u00e1s pelo crime de persegui\u00e7\u00e3o reiterada, conhecido como stalking, contra Daiane. A den\u00fancia foi apresentada no dia 19 de janeiro e aponta que, entre fevereiro e novembro de 2025, o s\u00edndico teria praticado agress\u00f5es f\u00edsicas e verbais, al\u00e9m de amea\u00e7as e monitoramento constante da v\u00edtima, afetando sua liberdade e integridade psicol\u00f3gica.<\/p>\n\n\n\n<p>No mesmo processo, Daiane tamb\u00e9m chegou a ser denunciada por invas\u00e3o de domic\u00edlio, ap\u00f3s ter entrado sem autoriza\u00e7\u00e3o na sala administrativa do s\u00edndico. A defesa da corretora sempre negou a acusa\u00e7\u00e3o, afirmando que os fatos foram distorcidos e que a den\u00fancia omitia o hist\u00f3rico de conflitos e persegui\u00e7\u00f5es sofridas por ela.<\/p>\n","protected":false},"excerpt":{"rendered":"<p>O corpo da corretora Daiane Alves de Souza, de 43 anos, que estava desaparecida desde dezembro, foi encontrado em uma \u00e1rea de mata em Caldas &#8230; <a title=\"Corpo de corretora desaparecida \u00e9 encontrado em mata em Caldas Novas; s\u00edndico confessa crime\" class=\"read-more\" href=\"https:\/\/latamreports.com\/br\/corpo-de-corretora-desaparecida-e-encontrado-em-mata-em-caldas-novas-sindico-confessa-crime\/\" aria-label=\"Read more about Corpo de corretora desaparecida \u00e9 encontrado em mata em Caldas Novas; s\u00edndico confessa crime\">Read more<\/a><\/p>\n","protected":false},"author":7,"featured_media":14669,"comment_status":"closed","ping_status":"closed","sticky":false,"template":"","format":"standard","meta":{"footnotes":"","jetpack_publicize_message":"","jetpack_publicize_feature_enabled":true,"jetpack_social_post_already_shared":true,"jetpack_social_options":{"image_generator_settings":{"template":"highway","default_image_id":0,"font":"","enabled":false},"version":2}},"categories":[24],"tags":[31],"class_list":["post-14668","post","type-post","status-publish","format-standard","has-post-thumbnail","hentry","category-opiniao","tag-brasil","resize-featured-image"],"yoast_head":"<!-- This site is optimized with the Yoast SEO plugin v27.5 - https:\/\/yoast.com\/product\/yoast-seo-wordpress\/ -->\n<title>Corpo de corretora desaparecida \u00e9 encontrado em mata<\/title>\n<meta name=\"description\" content=\"O corpo da corretora Daiane Alves de Souza, de 43 anos, que estava desaparecida desde dezembro, foi encontrado em uma \u00e1rea de mata\" \/>\n<meta name=\"robots\" content=\"index, follow, max-snippet:-1, max-image-preview:large, max-video-preview:-1\" \/>\n<link rel=\"canonical\" href=\"https:\/\/latamreports.com\/br\/corpo-de-corretora-desaparecida-e-encontrado-em-mata-em-caldas-novas-sindico-confessa-crime\/\" \/>\n<meta property=\"og:locale\" content=\"en_US\" \/>\n<meta property=\"og:type\" content=\"article\" \/>\n<meta property=\"og:title\" content=\"Corpo de corretora desaparecida \u00e9 encontrado em mata\" \/>\n<meta property=\"og:description\" content=\"O corpo da corretora Daiane Alves de Souza, de 43 anos, que estava desaparecida desde dezembro, foi encontrado em uma \u00e1rea de mata\" \/>\n<meta property=\"og:url\" content=\"https:\/\/latamreports.com\/br\/corpo-de-corretora-desaparecida-e-encontrado-em-mata-em-caldas-novas-sindico-confessa-crime\/\" \/>\n<meta property=\"og:site_name\" content=\"LatAm Reports\" \/>\n<meta property=\"article:publisher\" content=\"https:\/\/facebook.com\/latamreports\" \/>\n<meta property=\"article:published_time\" content=\"2026-01-28T16:56:01+00:00\" \/>\n<meta property=\"article:modified_time\" content=\"2026-01-28T16:56:03+00:00\" \/>\n<meta property=\"og:image\" content=\"https:\/\/latamreports.com\/br\/wp-content\/uploads\/corpo-de-corretora-sindica.png\" \/>\n\t<meta property=\"og:image:width\" content=\"1200\" \/>\n\t<meta property=\"og:image:height\" content=\"630\" \/>\n\t<meta property=\"og:image:type\" content=\"image\/png\" \/>\n<meta name=\"author\" content=\"LatAm Reports Redatores da Equipe\" \/>\n<meta name=\"twitter:card\" content=\"summary_large_image\" \/>\n<meta name=\"twitter:creator\" content=\"@latamreports\" \/>\n<meta name=\"twitter:site\" content=\"@latamreports\" \/>\n<meta name=\"twitter:label1\" content=\"Written by\" \/>\n\t<meta name=\"twitter:data1\" content=\"LatAm Reports Redatores da Equipe\" \/>\n\t<meta name=\"twitter:label2\" content=\"Est. reading time\" \/>\n\t<meta name=\"twitter:data2\" content=\"2 minutes\" \/>\n<script type=\"application\/ld+json\" class=\"yoast-schema-graph\">{\"@context\":\"https:\\\/\\\/schema.org\",\"@graph\":[{\"@type\":\"Article\",\"@id\":\"https:\\\/\\\/latamreports.com\\\/br\\\/corpo-de-corretora-desaparecida-e-encontrado-em-mata-em-caldas-novas-sindico-confessa-crime\\\/#article\",\"isPartOf\":{\"@id\":\"https:\\\/\\\/latamreports.com\\\/br\\\/corpo-de-corretora-desaparecida-e-encontrado-em-mata-em-caldas-novas-sindico-confessa-crime\\\/\"},\"author\":{\"name\":\"LatAm Reports Redatores da Equipe\",\"@id\":\"https:\\\/\\\/latamreports.com\\\/br\\\/#\\\/schema\\\/person\\\/a561f2de7e5ccabfab38d239b39fdb70\"},\"headline\":\"Corpo de corretora desaparecida \u00e9 encontrado em mata em Caldas Novas; s\u00edndico confessa crime\",\"datePublished\":\"2026-01-28T16:56:01+00:00\",\"dateModified\":\"2026-01-28T16:56:03+00:00\",\"mainEntityOfPage\":{\"@id\":\"https:\\\/\\\/latamreports.com\\\/br\\\/corpo-de-corretora-desaparecida-e-encontrado-em-mata-em-caldas-novas-sindico-confessa-crime\\\/\"},\"wordCount\":460,\"publisher\":{\"@id\":\"https:\\\/\\\/latamreports.com\\\/br\\\/#organization\"},\"image\":{\"@id\":\"https:\\\/\\\/latamreports.com\\\/br\\\/corpo-de-corretora-desaparecida-e-encontrado-em-mata-em-caldas-novas-sindico-confessa-crime\\\/#primaryimage\"},\"thumbnailUrl\":\"https:\\\/\\\/latamreports.com\\\/br\\\/wp-content\\\/uploads\\\/corpo-de-corretora-sindica.png\",\"keywords\":[\"Brasil\"],\"articleSection\":[\"Opini\u00e3o\"],\"inLanguage\":\"en-US\"},{\"@type\":\"WebPage\",\"@id\":\"https:\\\/\\\/latamreports.com\\\/br\\\/corpo-de-corretora-desaparecida-e-encontrado-em-mata-em-caldas-novas-sindico-confessa-crime\\\/\",\"url\":\"https:\\\/\\\/latamreports.com\\\/br\\\/corpo-de-corretora-desaparecida-e-encontrado-em-mata-em-caldas-novas-sindico-confessa-crime\\\/\",\"name\":\"Corpo de corretora desaparecida \u00e9 encontrado em mata\",\"isPartOf\":{\"@id\":\"https:\\\/\\\/latamreports.com\\\/br\\\/#website\"},\"primaryImageOfPage\":{\"@id\":\"https:\\\/\\\/latamreports.com\\\/br\\\/corpo-de-corretora-desaparecida-e-encontrado-em-mata-em-caldas-novas-sindico-confessa-crime\\\/#primaryimage\"},\"image\":{\"@id\":\"https:\\\/\\\/latamreports.com\\\/br\\\/corpo-de-corretora-desaparecida-e-encontrado-em-mata-em-caldas-novas-sindico-confessa-crime\\\/#primaryimage\"},\"thumbnailUrl\":\"https:\\\/\\\/latamreports.com\\\/br\\\/wp-content\\\/uploads\\\/corpo-de-corretora-sindica.png\",\"datePublished\":\"2026-01-28T16:56:01+00:00\",\"dateModified\":\"2026-01-28T16:56:03+00:00\",\"description\":\"O corpo da corretora Daiane Alves de Souza, de 43 anos, que estava desaparecida desde dezembro, foi encontrado em uma \u00e1rea de mata\",\"breadcrumb\":{\"@id\":\"https:\\\/\\\/latamreports.com\\\/br\\\/corpo-de-corretora-desaparecida-e-encontrado-em-mata-em-caldas-novas-sindico-confessa-crime\\\/#breadcrumb\"},\"inLanguage\":\"en-US\",\"potentialAction\":[{\"@type\":\"ReadAction\",\"target\":[\"https:\\\/\\\/latamreports.com\\\/br\\\/corpo-de-corretora-desaparecida-e-encontrado-em-mata-em-caldas-novas-sindico-confessa-crime\\\/\"]}]},{\"@type\":\"ImageObject\",\"inLanguage\":\"en-US\",\"@id\":\"https:\\\/\\\/latamreports.com\\\/br\\\/corpo-de-corretora-desaparecida-e-encontrado-em-mata-em-caldas-novas-sindico-confessa-crime\\\/#primaryimage\",\"url\":\"https:\\\/\\\/latamreports.com\\\/br\\\/wp-content\\\/uploads\\\/corpo-de-corretora-sindica.png\",\"contentUrl\":\"https:\\\/\\\/latamreports.com\\\/br\\\/wp-content\\\/uploads\\\/corpo-de-corretora-sindica.png\",\"width\":1200,\"height\":630,\"caption\":\"Corpo de corretora desaparecida \u00e9 encontrado em mata em Caldas Novas; s\u00edndico confessa crime\"},{\"@type\":\"BreadcrumbList\",\"@id\":\"https:\\\/\\\/latamreports.com\\\/br\\\/corpo-de-corretora-desaparecida-e-encontrado-em-mata-em-caldas-novas-sindico-confessa-crime\\\/#breadcrumb\",\"itemListElement\":[{\"@type\":\"ListItem\",\"position\":1,\"name\":\"Home\",\"item\":\"https:\\\/\\\/latamreports.com\\\/br\\\/\"},{\"@type\":\"ListItem\",\"position\":2,\"name\":\"Corpo de corretora desaparecida \u00e9 encontrado em mata em Caldas Novas; s\u00edndico confessa crime\"}]},{\"@type\":\"WebSite\",\"@id\":\"https:\\\/\\\/latamreports.com\\\/br\\\/#website\",\"url\":\"https:\\\/\\\/latamreports.com\\\/br\\\/\",\"name\":\"LatAm Reports\",\"description\":\"Not\u00edcias e opini\u00f5es de todas as Am\u00e9ricas\",\"publisher\":{\"@id\":\"https:\\\/\\\/latamreports.com\\\/br\\\/#organization\"},\"potentialAction\":[{\"@type\":\"SearchAction\",\"target\":{\"@type\":\"EntryPoint\",\"urlTemplate\":\"https:\\\/\\\/latamreports.com\\\/br\\\/?s={search_term_string}\"},\"query-input\":{\"@type\":\"PropertyValueSpecification\",\"valueRequired\":true,\"valueName\":\"search_term_string\"}}],\"inLanguage\":\"en-US\"},{\"@type\":\"Organization\",\"@id\":\"https:\\\/\\\/latamreports.com\\\/br\\\/#organization\",\"name\":\"LatAm Reports\",\"url\":\"https:\\\/\\\/latamreports.com\\\/br\\\/\",\"logo\":{\"@type\":\"ImageObject\",\"inLanguage\":\"en-US\",\"@id\":\"https:\\\/\\\/latamreports.com\\\/br\\\/#\\\/schema\\\/logo\\\/image\\\/\",\"url\":\"https:\\\/\\\/latamreports.com\\\/br\\\/wp-content\\\/uploads\\\/cropped-PNG2.png\",\"contentUrl\":\"https:\\\/\\\/latamreports.com\\\/br\\\/wp-content\\\/uploads\\\/cropped-PNG2.png\",\"width\":2522,\"height\":1014,\"caption\":\"LatAm Reports\"},\"image\":{\"@id\":\"https:\\\/\\\/latamreports.com\\\/br\\\/#\\\/schema\\\/logo\\\/image\\\/\"},\"sameAs\":[\"https:\\\/\\\/facebook.com\\\/latamreports\",\"https:\\\/\\\/x.com\\\/latamreports\"]},{\"@type\":\"Person\",\"@id\":\"https:\\\/\\\/latamreports.com\\\/br\\\/#\\\/schema\\\/person\\\/a561f2de7e5ccabfab38d239b39fdb70\",\"name\":\"LatAm Reports Redatores da Equipe\",\"image\":{\"@type\":\"ImageObject\",\"inLanguage\":\"en-US\",\"@id\":\"https:\\\/\\\/secure.gravatar.com\\\/avatar\\\/dcdcc93cc5edddd2f3ef77245866172c7d7241a11ad58e1959aa824f2fae81f6?s=96&d=mm&r=g\",\"url\":\"https:\\\/\\\/secure.gravatar.com\\\/avatar\\\/dcdcc93cc5edddd2f3ef77245866172c7d7241a11ad58e1959aa824f2fae81f6?s=96&d=mm&r=g\",\"contentUrl\":\"https:\\\/\\\/secure.gravatar.com\\\/avatar\\\/dcdcc93cc5edddd2f3ef77245866172c7d7241a11ad58e1959aa824f2fae81f6?s=96&d=mm&r=g\",\"caption\":\"LatAm Reports Redatores da Equipe\"}}]}<\/script>\n<!-- \/ Yoast SEO plugin. -->","yoast_head_json":{"title":"Corpo de corretora desaparecida \u00e9 encontrado em mata","description":"O corpo da corretora Daiane Alves de Souza, de 43 anos, que estava desaparecida desde dezembro, foi encontrado em uma \u00e1rea de mata","robots":{"index":"index","follow":"follow","max-snippet":"max-snippet:-1","max-image-preview":"max-image-preview:large","max-video-preview":"max-video-preview:-1"},"canonical":"https:\/\/latamreports.com\/br\/corpo-de-corretora-desaparecida-e-encontrado-em-mata-em-caldas-novas-sindico-confessa-crime\/","og_locale":"en_US","og_type":"article","og_title":"Corpo de corretora desaparecida \u00e9 encontrado em mata","og_description":"O corpo da corretora Daiane Alves de Souza, de 43 anos, que estava desaparecida desde dezembro, foi encontrado em uma \u00e1rea de mata","og_url":"https:\/\/latamreports.com\/br\/corpo-de-corretora-desaparecida-e-encontrado-em-mata-em-caldas-novas-sindico-confessa-crime\/","og_site_name":"LatAm Reports","article_publisher":"https:\/\/facebook.com\/latamreports","article_published_time":"2026-01-28T16:56:01+00:00","article_modified_time":"2026-01-28T16:56:03+00:00","og_image":[{"width":1200,"height":630,"url":"https:\/\/latamreports.com\/br\/wp-content\/uploads\/corpo-de-corretora-sindica.png","type":"image\/png"}],"author":"LatAm Reports Redatores da Equipe","twitter_card":"summary_large_image","twitter_creator":"@latamreports","twitter_site":"@latamreports","twitter_misc":{"Written by":"LatAm Reports Redatores da Equipe","Est. reading time":"2 minutes"},"schema":{"@context":"https:\/\/schema.org","@graph":[{"@type":"Article","@id":"https:\/\/latamreports.com\/br\/corpo-de-corretora-desaparecida-e-encontrado-em-mata-em-caldas-novas-sindico-confessa-crime\/#article","isPartOf":{"@id":"https:\/\/latamreports.com\/br\/corpo-de-corretora-desaparecida-e-encontrado-em-mata-em-caldas-novas-sindico-confessa-crime\/"},"author":{"name":"LatAm Reports Redatores da Equipe","@id":"https:\/\/latamreports.com\/br\/#\/schema\/person\/a561f2de7e5ccabfab38d239b39fdb70"},"headline":"Corpo de corretora desaparecida \u00e9 encontrado em mata em Caldas Novas; s\u00edndico confessa crime","datePublished":"2026-01-28T16:56:01+00:00","dateModified":"2026-01-28T16:56:03+00:00","mainEntityOfPage":{"@id":"https:\/\/latamreports.com\/br\/corpo-de-corretora-desaparecida-e-encontrado-em-mata-em-caldas-novas-sindico-confessa-crime\/"},"wordCount":460,"publisher":{"@id":"https:\/\/latamreports.com\/br\/#organization"},"image":{"@id":"https:\/\/latamreports.com\/br\/corpo-de-corretora-desaparecida-e-encontrado-em-mata-em-caldas-novas-sindico-confessa-crime\/#primaryimage"},"thumbnailUrl":"https:\/\/latamreports.com\/br\/wp-content\/uploads\/corpo-de-corretora-sindica.png","keywords":["Brasil"],"articleSection":["Opini\u00e3o"],"inLanguage":"en-US"},{"@type":"WebPage","@id":"https:\/\/latamreports.com\/br\/corpo-de-corretora-desaparecida-e-encontrado-em-mata-em-caldas-novas-sindico-confessa-crime\/","url":"https:\/\/latamreports.com\/br\/corpo-de-corretora-desaparecida-e-encontrado-em-mata-em-caldas-novas-sindico-confessa-crime\/","name":"Corpo de corretora desaparecida \u00e9 encontrado em mata","isPartOf":{"@id":"https:\/\/latamreports.com\/br\/#website"},"primaryImageOfPage":{"@id":"https:\/\/latamreports.com\/br\/corpo-de-corretora-desaparecida-e-encontrado-em-mata-em-caldas-novas-sindico-confessa-crime\/#primaryimage"},"image":{"@id":"https:\/\/latamreports.com\/br\/corpo-de-corretora-desaparecida-e-encontrado-em-mata-em-caldas-novas-sindico-confessa-crime\/#primaryimage"},"thumbnailUrl":"https:\/\/latamreports.com\/br\/wp-content\/uploads\/corpo-de-corretora-sindica.png","datePublished":"2026-01-28T16:56:01+00:00","dateModified":"2026-01-28T16:56:03+00:00","description":"O corpo da corretora Daiane Alves de Souza, de 43 anos, que estava desaparecida desde dezembro, foi encontrado em uma \u00e1rea de mata","breadcrumb":{"@id":"https:\/\/latamreports.com\/br\/corpo-de-corretora-desaparecida-e-encontrado-em-mata-em-caldas-novas-sindico-confessa-crime\/#breadcrumb"},"inLanguage":"en-US","potentialAction":[{"@type":"ReadAction","target":["https:\/\/latamreports.com\/br\/corpo-de-corretora-desaparecida-e-encontrado-em-mata-em-caldas-novas-sindico-confessa-crime\/"]}]},{"@type":"ImageObject","inLanguage":"en-US","@id":"https:\/\/latamreports.com\/br\/corpo-de-corretora-desaparecida-e-encontrado-em-mata-em-caldas-novas-sindico-confessa-crime\/#primaryimage","url":"https:\/\/latamreports.com\/br\/wp-content\/uploads\/corpo-de-corretora-sindica.png","contentUrl":"https:\/\/latamreports.com\/br\/wp-content\/uploads\/corpo-de-corretora-sindica.png","width":1200,"height":630,"caption":"Corpo de corretora desaparecida \u00e9 encontrado em mata em Caldas Novas; s\u00edndico confessa crime"},{"@type":"BreadcrumbList","@id":"https:\/\/latamreports.com\/br\/corpo-de-corretora-desaparecida-e-encontrado-em-mata-em-caldas-novas-sindico-confessa-crime\/#breadcrumb","itemListElement":[{"@type":"ListItem","position":1,"name":"Home","item":"https:\/\/latamreports.com\/br\/"},{"@type":"ListItem","position":2,"name":"Corpo de corretora desaparecida \u00e9 encontrado em mata em Caldas Novas; s\u00edndico confessa crime"}]},{"@type":"WebSite","@id":"https:\/\/latamreports.com\/br\/#website","url":"https:\/\/latamreports.com\/br\/","name":"LatAm Reports","description":"Not\u00edcias e opini\u00f5es de todas as Am\u00e9ricas","publisher":{"@id":"https:\/\/latamreports.com\/br\/#organization"},"potentialAction":[{"@type":"SearchAction","target":{"@type":"EntryPoint","urlTemplate":"https:\/\/latamreports.com\/br\/?s={search_term_string}"},"query-input":{"@type":"PropertyValueSpecification","valueRequired":true,"valueName":"search_term_string"}}],"inLanguage":"en-US"},{"@type":"Organization","@id":"https:\/\/latamreports.com\/br\/#organization","name":"LatAm Reports","url":"https:\/\/latamreports.com\/br\/","logo":{"@type":"ImageObject","inLanguage":"en-US","@id":"https:\/\/latamreports.com\/br\/#\/schema\/logo\/image\/","url":"https:\/\/latamreports.com\/br\/wp-content\/uploads\/cropped-PNG2.png","contentUrl":"https:\/\/latamreports.com\/br\/wp-content\/uploads\/cropped-PNG2.png","width":2522,"height":1014,"caption":"LatAm Reports"},"image":{"@id":"https:\/\/latamreports.com\/br\/#\/schema\/logo\/image\/"},"sameAs":["https:\/\/facebook.com\/latamreports","https:\/\/x.com\/latamreports"]},{"@type":"Person","@id":"https:\/\/latamreports.com\/br\/#\/schema\/person\/a561f2de7e5ccabfab38d239b39fdb70","name":"LatAm Reports Redatores da Equipe","image":{"@type":"ImageObject","inLanguage":"en-US","@id":"https:\/\/secure.gravatar.com\/avatar\/dcdcc93cc5edddd2f3ef77245866172c7d7241a11ad58e1959aa824f2fae81f6?s=96&d=mm&r=g","url":"https:\/\/secure.gravatar.com\/avatar\/dcdcc93cc5edddd2f3ef77245866172c7d7241a11ad58e1959aa824f2fae81f6?s=96&d=mm&r=g","contentUrl":"https:\/\/secure.gravatar.com\/avatar\/dcdcc93cc5edddd2f3ef77245866172c7d7241a11ad58e1959aa824f2fae81f6?s=96&d=mm&r=g","caption":"LatAm Reports Redatores da Equipe"}}]}},"jetpack_publicize_connections":[],"_links":{"self":[{"href":"https:\/\/latamreports.com\/br\/wp-json\/wp\/v2\/posts\/14668","targetHints":{"allow":["GET"]}}],"collection":[{"href":"https:\/\/latamreports.com\/br\/wp-json\/wp\/v2\/posts"}],"about":[{"href":"https:\/\/latamreports.com\/br\/wp-json\/wp\/v2\/types\/post"}],"author":[{"embeddable":true,"href":"https:\/\/latamreports.com\/br\/wp-json\/wp\/v2\/users\/7"}],"replies":[{"embeddable":true,"href":"https:\/\/latamreports.com\/br\/wp-json\/wp\/v2\/comments?post=14668"}],"version-history":[{"count":1,"href":"https:\/\/latamreports.com\/br\/wp-json\/wp\/v2\/posts\/14668\/revisions"}],"predecessor-version":[{"id":14670,"href":"https:\/\/latamreports.com\/br\/wp-json\/wp\/v2\/posts\/14668\/revisions\/14670"}],"wp:featuredmedia":[{"embeddable":true,"href":"https:\/\/latamreports.com\/br\/wp-json\/wp\/v2\/media\/14669"}],"wp:attachment":[{"href":"https:\/\/latamreports.com\/br\/wp-json\/wp\/v2\/media?parent=14668"}],"wp:term":[{"taxonomy":"category","embeddable":true,"href":"https:\/\/latamreports.com\/br\/wp-json\/wp\/v2\/categories?post=14668"},{"taxonomy":"post_tag","embeddable":true,"href":"https:\/\/latamreports.com\/br\/wp-json\/wp\/v2\/tags?post=14668"}],"curies":[{"name":"wp","href":"https:\/\/api.w.org\/{rel}","templated":true}]}}