{"id":14665,"date":"2026-01-28T00:20:56","date_gmt":"2026-01-28T00:20:56","guid":{"rendered":"https:\/\/latamreports.com\/br\/?p=14665"},"modified":"2026-01-28T00:20:58","modified_gmt":"2026-01-28T00:20:58","slug":"seis-prefeituras-do-rn-entram-na-mira-da-pf-por-suspeita-de-desvios-na-saude","status":"publish","type":"post","link":"https:\/\/latamreports.com\/br\/seis-prefeituras-do-rn-entram-na-mira-da-pf-por-suspeita-de-desvios-na-saude\/","title":{"rendered":"Seis prefeituras do RN entram na mira da PF por suspeita de desvios na sa\u00fade"},"content":{"rendered":"\n<p>Pelo menos seis prefeituras do Rio Grande do Norte passaram a ser investigadas pela Pol\u00edcia Federal por suspeita de envolvimento em um esquema de desvio de recursos p\u00fablicos e fraudes em contratos da \u00e1rea da sa\u00fade. A apura\u00e7\u00e3o aponta irregularidades em processos de licita\u00e7\u00e3o para fornecimento de insumos \u00e0 rede p\u00fablica, com ind\u00edcios de sobrepre\u00e7o, falhas na execu\u00e7\u00e3o contratual e compra de materiais que n\u00e3o teriam sido entregues.<\/p>\n\n\n\n<p>A opera\u00e7\u00e3o foi deflagrada nesta ter\u00e7a-feira (27) e cumpriu 35 mandados de busca e apreens\u00e3o em diferentes munic\u00edpios do estado. Segundo a investiga\u00e7\u00e3o, as cidades sob apura\u00e7\u00e3o s\u00e3o Mossor\u00f3, Serra do Mel, Tibau, Para\u00fa, S\u00e3o Miguel e Jos\u00e9 da Penha, todas localizadas na regi\u00e3o Oeste potiguar. Tamb\u00e9m houve dilig\u00eancias em Natal, Upanema e Pau dos Ferros.<\/p>\n\n\n\n<p>Entre os alvos est\u00e1 o prefeito de Mossor\u00f3, Allyson Bezerra, que teve equipamentos eletr\u00f4nicos apreendidos e afirmou, em nota, que nega qualquer irregularidade e que colaborou integralmente com a investiga\u00e7\u00e3o. Al\u00e9m dele, foram cumpridos mandados contra o vice-prefeito de Mossor\u00f3, Marcos Medeiros, o prefeito de S\u00e3o Miguel, Leandro do R\u00eago Lima, o prefeito de Para\u00fa, J\u00fanior Evaristo, al\u00e9m de secret\u00e1rios municipais de Jos\u00e9 da Penha. A resid\u00eancia do irm\u00e3o do prefeito de S\u00e3o Miguel tamb\u00e9m foi alvo de buscas.<\/p>\n\n\n\n<p>Investiga\u00e7\u00e3o aponta falhas em contratos e poss\u00edvel sobrepre\u00e7o<\/p>\n\n\n\n<p>De acordo com a Pol\u00edcia Federal, a investiga\u00e7\u00e3o tem como base auditorias da Controladoria-Geral da Uni\u00e3o, que identificaram problemas na execu\u00e7\u00e3o de contratos firmados com empresas fornecedoras de insumos m\u00e9dicos. Os documentos apontam ind\u00edcios de fornecimento inadequado de materiais, compras sem entrega efetiva e valores acima dos praticados no mercado.<\/p>\n\n\n\n<p>As empresas investigadas t\u00eam sede no Rio Grande do Norte e mantinham contratos com administra\u00e7\u00f5es municipais de diferentes estados. Durante a opera\u00e7\u00e3o, a PF apreendeu dinheiro na casa de um dos s\u00f3cios de uma distribuidora de medicamentos, embora o valor n\u00e3o tenha sido divulgado. Um empres\u00e1rio de Serra do Mel tamb\u00e9m foi conduzido em flagrante \u00e0 Pol\u00edcia Civil por posse ilegal de arma de fogo.<\/p>\n\n\n\n<p>A Justi\u00e7a determinou a aplica\u00e7\u00e3o de medidas cautelares contra empres\u00e1rios ligados \u00e0s empresas investigadas, incluindo pagamento de fian\u00e7a e uso de tornozeleira eletr\u00f4nica. Os investigados poder\u00e3o responder por crimes como desvio de recursos p\u00fablicos e fraudes em contrata\u00e7\u00f5es administrativas.<\/p>\n\n\n\n<p>As prefeituras citadas divulgaram notas afirmando que os contratos foram firmados dentro da legalidade e que est\u00e3o \u00e0 disposi\u00e7\u00e3o para colaborar com as autoridades. Em alguns casos, gestores alegam que os contratos investigados foram assinados em administra\u00e7\u00f5es anteriores. As investiga\u00e7\u00f5es seguem em andamento, e a Pol\u00edcia Federal ainda n\u00e3o informou quando deve concluir o inqu\u00e9rito.<\/p>\n","protected":false},"excerpt":{"rendered":"<p>Pelo menos seis prefeituras do Rio Grande do Norte passaram a ser investigadas pela Pol\u00edcia Federal por suspeita de envolvimento em um esquema de desvio &#8230; <a title=\"Seis prefeituras do RN entram na mira da PF por suspeita de desvios na sa\u00fade\" class=\"read-more\" href=\"https:\/\/latamreports.com\/br\/seis-prefeituras-do-rn-entram-na-mira-da-pf-por-suspeita-de-desvios-na-saude\/\" aria-label=\"Read more about Seis prefeituras do RN entram na mira da PF por suspeita de desvios na sa\u00fade\">Read more<\/a><\/p>\n","protected":false},"author":7,"featured_media":14666,"comment_status":"closed","ping_status":"closed","sticky":false,"template":"","format":"standard","meta":{"footnotes":"","jetpack_publicize_message":"","jetpack_publicize_feature_enabled":true,"jetpack_social_post_already_shared":true,"jetpack_social_options":{"image_generator_settings":{"template":"highway","default_image_id":0,"font":"","enabled":false},"version":2}},"categories":[2],"tags":[],"class_list":["post-14665","post","type-post","status-publish","format-standard","has-post-thumbnail","hentry","category-negocios","resize-featured-image"],"yoast_head":"<!-- This site is optimized with the Yoast SEO plugin v27.5 - https:\/\/yoast.com\/product\/yoast-seo-wordpress\/ -->\n<title>Seis prefeituras do RN entram na mira da PF por suspeita<\/title>\n<meta name=\"description\" content=\"Pelo menos seis prefeituras do Rio Grande do Norte passaram a ser investigadas pela Pol\u00edcia Federal por suspeita de envolvimento\" \/>\n<meta name=\"robots\" content=\"index, follow, max-snippet:-1, max-image-preview:large, max-video-preview:-1\" \/>\n<link rel=\"canonical\" href=\"https:\/\/latamreports.com\/br\/seis-prefeituras-do-rn-entram-na-mira-da-pf-por-suspeita-de-desvios-na-saude\/\" \/>\n<meta property=\"og:locale\" content=\"en_US\" \/>\n<meta property=\"og:type\" content=\"article\" \/>\n<meta property=\"og:title\" content=\"Seis prefeituras do RN entram na mira da PF por suspeita\" \/>\n<meta property=\"og:description\" content=\"Pelo menos seis prefeituras do Rio Grande do Norte passaram a ser investigadas pela Pol\u00edcia Federal por suspeita de envolvimento\" \/>\n<meta property=\"og:url\" content=\"https:\/\/latamreports.com\/br\/seis-prefeituras-do-rn-entram-na-mira-da-pf-por-suspeita-de-desvios-na-saude\/\" \/>\n<meta property=\"og:site_name\" content=\"LatAm Reports\" \/>\n<meta property=\"article:publisher\" content=\"https:\/\/facebook.com\/latamreports\" \/>\n<meta property=\"article:published_time\" content=\"2026-01-28T00:20:56+00:00\" \/>\n<meta property=\"article:modified_time\" content=\"2026-01-28T00:20:58+00:00\" \/>\n<meta property=\"og:image\" content=\"https:\/\/latamreports.com\/br\/wp-content\/uploads\/seis-prefeituras-rn.png\" \/>\n\t<meta property=\"og:image:width\" content=\"1200\" \/>\n\t<meta property=\"og:image:height\" content=\"630\" \/>\n\t<meta property=\"og:image:type\" content=\"image\/png\" \/>\n<meta name=\"author\" content=\"LatAm Reports Redatores da Equipe\" \/>\n<meta name=\"twitter:card\" content=\"summary_large_image\" \/>\n<meta name=\"twitter:creator\" content=\"@latamreports\" \/>\n<meta name=\"twitter:site\" content=\"@latamreports\" \/>\n<meta name=\"twitter:label1\" content=\"Written by\" \/>\n\t<meta name=\"twitter:data1\" content=\"LatAm Reports Redatores da Equipe\" \/>\n\t<meta name=\"twitter:label2\" content=\"Est. reading time\" \/>\n\t<meta name=\"twitter:data2\" content=\"3 minutes\" \/>\n<script type=\"application\/ld+json\" class=\"yoast-schema-graph\">{\"@context\":\"https:\\\/\\\/schema.org\",\"@graph\":[{\"@type\":\"Article\",\"@id\":\"https:\\\/\\\/latamreports.com\\\/br\\\/seis-prefeituras-do-rn-entram-na-mira-da-pf-por-suspeita-de-desvios-na-saude\\\/#article\",\"isPartOf\":{\"@id\":\"https:\\\/\\\/latamreports.com\\\/br\\\/seis-prefeituras-do-rn-entram-na-mira-da-pf-por-suspeita-de-desvios-na-saude\\\/\"},\"author\":{\"name\":\"LatAm Reports Redatores da Equipe\",\"@id\":\"https:\\\/\\\/latamreports.com\\\/br\\\/#\\\/schema\\\/person\\\/a561f2de7e5ccabfab38d239b39fdb70\"},\"headline\":\"Seis prefeituras do RN entram na mira da PF por suspeita de desvios na sa\u00fade\",\"datePublished\":\"2026-01-28T00:20:56+00:00\",\"dateModified\":\"2026-01-28T00:20:58+00:00\",\"mainEntityOfPage\":{\"@id\":\"https:\\\/\\\/latamreports.com\\\/br\\\/seis-prefeituras-do-rn-entram-na-mira-da-pf-por-suspeita-de-desvios-na-saude\\\/\"},\"wordCount\":496,\"publisher\":{\"@id\":\"https:\\\/\\\/latamreports.com\\\/br\\\/#organization\"},\"image\":{\"@id\":\"https:\\\/\\\/latamreports.com\\\/br\\\/seis-prefeituras-do-rn-entram-na-mira-da-pf-por-suspeita-de-desvios-na-saude\\\/#primaryimage\"},\"thumbnailUrl\":\"https:\\\/\\\/latamreports.com\\\/br\\\/wp-content\\\/uploads\\\/seis-prefeituras-rn.png\",\"articleSection\":[\"Neg\u00f3cios\"],\"inLanguage\":\"en-US\"},{\"@type\":\"WebPage\",\"@id\":\"https:\\\/\\\/latamreports.com\\\/br\\\/seis-prefeituras-do-rn-entram-na-mira-da-pf-por-suspeita-de-desvios-na-saude\\\/\",\"url\":\"https:\\\/\\\/latamreports.com\\\/br\\\/seis-prefeituras-do-rn-entram-na-mira-da-pf-por-suspeita-de-desvios-na-saude\\\/\",\"name\":\"Seis prefeituras do RN entram na mira da PF por suspeita\",\"isPartOf\":{\"@id\":\"https:\\\/\\\/latamreports.com\\\/br\\\/#website\"},\"primaryImageOfPage\":{\"@id\":\"https:\\\/\\\/latamreports.com\\\/br\\\/seis-prefeituras-do-rn-entram-na-mira-da-pf-por-suspeita-de-desvios-na-saude\\\/#primaryimage\"},\"image\":{\"@id\":\"https:\\\/\\\/latamreports.com\\\/br\\\/seis-prefeituras-do-rn-entram-na-mira-da-pf-por-suspeita-de-desvios-na-saude\\\/#primaryimage\"},\"thumbnailUrl\":\"https:\\\/\\\/latamreports.com\\\/br\\\/wp-content\\\/uploads\\\/seis-prefeituras-rn.png\",\"datePublished\":\"2026-01-28T00:20:56+00:00\",\"dateModified\":\"2026-01-28T00:20:58+00:00\",\"description\":\"Pelo menos seis prefeituras do Rio Grande do Norte passaram a ser investigadas pela Pol\u00edcia Federal por suspeita de envolvimento\",\"breadcrumb\":{\"@id\":\"https:\\\/\\\/latamreports.com\\\/br\\\/seis-prefeituras-do-rn-entram-na-mira-da-pf-por-suspeita-de-desvios-na-saude\\\/#breadcrumb\"},\"inLanguage\":\"en-US\",\"potentialAction\":[{\"@type\":\"ReadAction\",\"target\":[\"https:\\\/\\\/latamreports.com\\\/br\\\/seis-prefeituras-do-rn-entram-na-mira-da-pf-por-suspeita-de-desvios-na-saude\\\/\"]}]},{\"@type\":\"ImageObject\",\"inLanguage\":\"en-US\",\"@id\":\"https:\\\/\\\/latamreports.com\\\/br\\\/seis-prefeituras-do-rn-entram-na-mira-da-pf-por-suspeita-de-desvios-na-saude\\\/#primaryimage\",\"url\":\"https:\\\/\\\/latamreports.com\\\/br\\\/wp-content\\\/uploads\\\/seis-prefeituras-rn.png\",\"contentUrl\":\"https:\\\/\\\/latamreports.com\\\/br\\\/wp-content\\\/uploads\\\/seis-prefeituras-rn.png\",\"width\":1200,\"height\":630,\"caption\":\"Seis prefeituras do RN entram na mira da PF por suspeita de desvios na sa\u00fade\"},{\"@type\":\"BreadcrumbList\",\"@id\":\"https:\\\/\\\/latamreports.com\\\/br\\\/seis-prefeituras-do-rn-entram-na-mira-da-pf-por-suspeita-de-desvios-na-saude\\\/#breadcrumb\",\"itemListElement\":[{\"@type\":\"ListItem\",\"position\":1,\"name\":\"Home\",\"item\":\"https:\\\/\\\/latamreports.com\\\/br\\\/\"},{\"@type\":\"ListItem\",\"position\":2,\"name\":\"Seis prefeituras do RN entram na mira da PF por suspeita de desvios na sa\u00fade\"}]},{\"@type\":\"WebSite\",\"@id\":\"https:\\\/\\\/latamreports.com\\\/br\\\/#website\",\"url\":\"https:\\\/\\\/latamreports.com\\\/br\\\/\",\"name\":\"LatAm Reports\",\"description\":\"Not\u00edcias e opini\u00f5es de todas as Am\u00e9ricas\",\"publisher\":{\"@id\":\"https:\\\/\\\/latamreports.com\\\/br\\\/#organization\"},\"potentialAction\":[{\"@type\":\"SearchAction\",\"target\":{\"@type\":\"EntryPoint\",\"urlTemplate\":\"https:\\\/\\\/latamreports.com\\\/br\\\/?s={search_term_string}\"},\"query-input\":{\"@type\":\"PropertyValueSpecification\",\"valueRequired\":true,\"valueName\":\"search_term_string\"}}],\"inLanguage\":\"en-US\"},{\"@type\":\"Organization\",\"@id\":\"https:\\\/\\\/latamreports.com\\\/br\\\/#organization\",\"name\":\"LatAm Reports\",\"url\":\"https:\\\/\\\/latamreports.com\\\/br\\\/\",\"logo\":{\"@type\":\"ImageObject\",\"inLanguage\":\"en-US\",\"@id\":\"https:\\\/\\\/latamreports.com\\\/br\\\/#\\\/schema\\\/logo\\\/image\\\/\",\"url\":\"https:\\\/\\\/latamreports.com\\\/br\\\/wp-content\\\/uploads\\\/cropped-PNG2.png\",\"contentUrl\":\"https:\\\/\\\/latamreports.com\\\/br\\\/wp-content\\\/uploads\\\/cropped-PNG2.png\",\"width\":2522,\"height\":1014,\"caption\":\"LatAm Reports\"},\"image\":{\"@id\":\"https:\\\/\\\/latamreports.com\\\/br\\\/#\\\/schema\\\/logo\\\/image\\\/\"},\"sameAs\":[\"https:\\\/\\\/facebook.com\\\/latamreports\",\"https:\\\/\\\/x.com\\\/latamreports\"]},{\"@type\":\"Person\",\"@id\":\"https:\\\/\\\/latamreports.com\\\/br\\\/#\\\/schema\\\/person\\\/a561f2de7e5ccabfab38d239b39fdb70\",\"name\":\"LatAm Reports Redatores da Equipe\",\"image\":{\"@type\":\"ImageObject\",\"inLanguage\":\"en-US\",\"@id\":\"https:\\\/\\\/secure.gravatar.com\\\/avatar\\\/dcdcc93cc5edddd2f3ef77245866172c7d7241a11ad58e1959aa824f2fae81f6?s=96&d=mm&r=g\",\"url\":\"https:\\\/\\\/secure.gravatar.com\\\/avatar\\\/dcdcc93cc5edddd2f3ef77245866172c7d7241a11ad58e1959aa824f2fae81f6?s=96&d=mm&r=g\",\"contentUrl\":\"https:\\\/\\\/secure.gravatar.com\\\/avatar\\\/dcdcc93cc5edddd2f3ef77245866172c7d7241a11ad58e1959aa824f2fae81f6?s=96&d=mm&r=g\",\"caption\":\"LatAm Reports Redatores da Equipe\"}}]}<\/script>\n<!-- \/ Yoast SEO plugin. -->","yoast_head_json":{"title":"Seis prefeituras do RN entram na mira da PF por suspeita","description":"Pelo menos seis prefeituras do Rio Grande do Norte passaram a ser investigadas pela Pol\u00edcia Federal por suspeita de envolvimento","robots":{"index":"index","follow":"follow","max-snippet":"max-snippet:-1","max-image-preview":"max-image-preview:large","max-video-preview":"max-video-preview:-1"},"canonical":"https:\/\/latamreports.com\/br\/seis-prefeituras-do-rn-entram-na-mira-da-pf-por-suspeita-de-desvios-na-saude\/","og_locale":"en_US","og_type":"article","og_title":"Seis prefeituras do RN entram na mira da PF por suspeita","og_description":"Pelo menos seis prefeituras do Rio Grande do Norte passaram a ser investigadas pela Pol\u00edcia Federal por suspeita de envolvimento","og_url":"https:\/\/latamreports.com\/br\/seis-prefeituras-do-rn-entram-na-mira-da-pf-por-suspeita-de-desvios-na-saude\/","og_site_name":"LatAm Reports","article_publisher":"https:\/\/facebook.com\/latamreports","article_published_time":"2026-01-28T00:20:56+00:00","article_modified_time":"2026-01-28T00:20:58+00:00","og_image":[{"width":1200,"height":630,"url":"https:\/\/latamreports.com\/br\/wp-content\/uploads\/seis-prefeituras-rn.png","type":"image\/png"}],"author":"LatAm Reports Redatores da Equipe","twitter_card":"summary_large_image","twitter_creator":"@latamreports","twitter_site":"@latamreports","twitter_misc":{"Written by":"LatAm Reports Redatores da Equipe","Est. reading time":"3 minutes"},"schema":{"@context":"https:\/\/schema.org","@graph":[{"@type":"Article","@id":"https:\/\/latamreports.com\/br\/seis-prefeituras-do-rn-entram-na-mira-da-pf-por-suspeita-de-desvios-na-saude\/#article","isPartOf":{"@id":"https:\/\/latamreports.com\/br\/seis-prefeituras-do-rn-entram-na-mira-da-pf-por-suspeita-de-desvios-na-saude\/"},"author":{"name":"LatAm Reports Redatores da Equipe","@id":"https:\/\/latamreports.com\/br\/#\/schema\/person\/a561f2de7e5ccabfab38d239b39fdb70"},"headline":"Seis prefeituras do RN entram na mira da PF por suspeita de desvios na sa\u00fade","datePublished":"2026-01-28T00:20:56+00:00","dateModified":"2026-01-28T00:20:58+00:00","mainEntityOfPage":{"@id":"https:\/\/latamreports.com\/br\/seis-prefeituras-do-rn-entram-na-mira-da-pf-por-suspeita-de-desvios-na-saude\/"},"wordCount":496,"publisher":{"@id":"https:\/\/latamreports.com\/br\/#organization"},"image":{"@id":"https:\/\/latamreports.com\/br\/seis-prefeituras-do-rn-entram-na-mira-da-pf-por-suspeita-de-desvios-na-saude\/#primaryimage"},"thumbnailUrl":"https:\/\/latamreports.com\/br\/wp-content\/uploads\/seis-prefeituras-rn.png","articleSection":["Neg\u00f3cios"],"inLanguage":"en-US"},{"@type":"WebPage","@id":"https:\/\/latamreports.com\/br\/seis-prefeituras-do-rn-entram-na-mira-da-pf-por-suspeita-de-desvios-na-saude\/","url":"https:\/\/latamreports.com\/br\/seis-prefeituras-do-rn-entram-na-mira-da-pf-por-suspeita-de-desvios-na-saude\/","name":"Seis prefeituras do RN entram na mira da PF por suspeita","isPartOf":{"@id":"https:\/\/latamreports.com\/br\/#website"},"primaryImageOfPage":{"@id":"https:\/\/latamreports.com\/br\/seis-prefeituras-do-rn-entram-na-mira-da-pf-por-suspeita-de-desvios-na-saude\/#primaryimage"},"image":{"@id":"https:\/\/latamreports.com\/br\/seis-prefeituras-do-rn-entram-na-mira-da-pf-por-suspeita-de-desvios-na-saude\/#primaryimage"},"thumbnailUrl":"https:\/\/latamreports.com\/br\/wp-content\/uploads\/seis-prefeituras-rn.png","datePublished":"2026-01-28T00:20:56+00:00","dateModified":"2026-01-28T00:20:58+00:00","description":"Pelo menos seis prefeituras do Rio Grande do Norte passaram a ser investigadas pela Pol\u00edcia Federal por suspeita de envolvimento","breadcrumb":{"@id":"https:\/\/latamreports.com\/br\/seis-prefeituras-do-rn-entram-na-mira-da-pf-por-suspeita-de-desvios-na-saude\/#breadcrumb"},"inLanguage":"en-US","potentialAction":[{"@type":"ReadAction","target":["https:\/\/latamreports.com\/br\/seis-prefeituras-do-rn-entram-na-mira-da-pf-por-suspeita-de-desvios-na-saude\/"]}]},{"@type":"ImageObject","inLanguage":"en-US","@id":"https:\/\/latamreports.com\/br\/seis-prefeituras-do-rn-entram-na-mira-da-pf-por-suspeita-de-desvios-na-saude\/#primaryimage","url":"https:\/\/latamreports.com\/br\/wp-content\/uploads\/seis-prefeituras-rn.png","contentUrl":"https:\/\/latamreports.com\/br\/wp-content\/uploads\/seis-prefeituras-rn.png","width":1200,"height":630,"caption":"Seis prefeituras do RN entram na mira da PF por suspeita de desvios na sa\u00fade"},{"@type":"BreadcrumbList","@id":"https:\/\/latamreports.com\/br\/seis-prefeituras-do-rn-entram-na-mira-da-pf-por-suspeita-de-desvios-na-saude\/#breadcrumb","itemListElement":[{"@type":"ListItem","position":1,"name":"Home","item":"https:\/\/latamreports.com\/br\/"},{"@type":"ListItem","position":2,"name":"Seis prefeituras do RN entram na mira da PF por suspeita de desvios na sa\u00fade"}]},{"@type":"WebSite","@id":"https:\/\/latamreports.com\/br\/#website","url":"https:\/\/latamreports.com\/br\/","name":"LatAm Reports","description":"Not\u00edcias e opini\u00f5es de todas as Am\u00e9ricas","publisher":{"@id":"https:\/\/latamreports.com\/br\/#organization"},"potentialAction":[{"@type":"SearchAction","target":{"@type":"EntryPoint","urlTemplate":"https:\/\/latamreports.com\/br\/?s={search_term_string}"},"query-input":{"@type":"PropertyValueSpecification","valueRequired":true,"valueName":"search_term_string"}}],"inLanguage":"en-US"},{"@type":"Organization","@id":"https:\/\/latamreports.com\/br\/#organization","name":"LatAm Reports","url":"https:\/\/latamreports.com\/br\/","logo":{"@type":"ImageObject","inLanguage":"en-US","@id":"https:\/\/latamreports.com\/br\/#\/schema\/logo\/image\/","url":"https:\/\/latamreports.com\/br\/wp-content\/uploads\/cropped-PNG2.png","contentUrl":"https:\/\/latamreports.com\/br\/wp-content\/uploads\/cropped-PNG2.png","width":2522,"height":1014,"caption":"LatAm Reports"},"image":{"@id":"https:\/\/latamreports.com\/br\/#\/schema\/logo\/image\/"},"sameAs":["https:\/\/facebook.com\/latamreports","https:\/\/x.com\/latamreports"]},{"@type":"Person","@id":"https:\/\/latamreports.com\/br\/#\/schema\/person\/a561f2de7e5ccabfab38d239b39fdb70","name":"LatAm Reports Redatores da Equipe","image":{"@type":"ImageObject","inLanguage":"en-US","@id":"https:\/\/secure.gravatar.com\/avatar\/dcdcc93cc5edddd2f3ef77245866172c7d7241a11ad58e1959aa824f2fae81f6?s=96&d=mm&r=g","url":"https:\/\/secure.gravatar.com\/avatar\/dcdcc93cc5edddd2f3ef77245866172c7d7241a11ad58e1959aa824f2fae81f6?s=96&d=mm&r=g","contentUrl":"https:\/\/secure.gravatar.com\/avatar\/dcdcc93cc5edddd2f3ef77245866172c7d7241a11ad58e1959aa824f2fae81f6?s=96&d=mm&r=g","caption":"LatAm Reports Redatores da Equipe"}}]}},"jetpack_publicize_connections":[],"_links":{"self":[{"href":"https:\/\/latamreports.com\/br\/wp-json\/wp\/v2\/posts\/14665","targetHints":{"allow":["GET"]}}],"collection":[{"href":"https:\/\/latamreports.com\/br\/wp-json\/wp\/v2\/posts"}],"about":[{"href":"https:\/\/latamreports.com\/br\/wp-json\/wp\/v2\/types\/post"}],"author":[{"embeddable":true,"href":"https:\/\/latamreports.com\/br\/wp-json\/wp\/v2\/users\/7"}],"replies":[{"embeddable":true,"href":"https:\/\/latamreports.com\/br\/wp-json\/wp\/v2\/comments?post=14665"}],"version-history":[{"count":1,"href":"https:\/\/latamreports.com\/br\/wp-json\/wp\/v2\/posts\/14665\/revisions"}],"predecessor-version":[{"id":14667,"href":"https:\/\/latamreports.com\/br\/wp-json\/wp\/v2\/posts\/14665\/revisions\/14667"}],"wp:featuredmedia":[{"embeddable":true,"href":"https:\/\/latamreports.com\/br\/wp-json\/wp\/v2\/media\/14666"}],"wp:attachment":[{"href":"https:\/\/latamreports.com\/br\/wp-json\/wp\/v2\/media?parent=14665"}],"wp:term":[{"taxonomy":"category","embeddable":true,"href":"https:\/\/latamreports.com\/br\/wp-json\/wp\/v2\/categories?post=14665"},{"taxonomy":"post_tag","embeddable":true,"href":"https:\/\/latamreports.com\/br\/wp-json\/wp\/v2\/tags?post=14665"}],"curies":[{"name":"wp","href":"https:\/\/api.w.org\/{rel}","templated":true}]}}