{"id":14661,"date":"2026-01-28T00:12:34","date_gmt":"2026-01-28T00:12:34","guid":{"rendered":"https:\/\/latamreports.com\/br\/?p=14661"},"modified":"2026-01-28T00:12:36","modified_gmt":"2026-01-28T00:12:36","slug":"lula-e-macron-discutem-conselho-da-paz-e-defendem-fortalecimento-da-onu","status":"publish","type":"post","link":"https:\/\/latamreports.com\/br\/lula-e-macron-discutem-conselho-da-paz-e-defendem-fortalecimento-da-onu\/","title":{"rendered":"Lula e Macron discutem Conselho da Paz e defendem fortalecimento da ONU"},"content":{"rendered":"\n<p>O presidente Luiz In\u00e1cio Lula da Silva conversou por telefone, na manh\u00e3 desta ter\u00e7a-feira (27), com o presidente da Fran\u00e7a, Emmanuel Macron, para tratar de temas sens\u00edveis da agenda internacional. A liga\u00e7\u00e3o, que partiu do l\u00edder franc\u00eas e durou cerca de uma hora, teve como foco principal o debate em torno do Conselho da Paz proposto pelos Estados Unidos e o papel das Na\u00e7\u00f5es Unidas na media\u00e7\u00e3o de conflitos globais.<\/p>\n\n\n\n<p>Segundo o Pal\u00e1cio do Planalto, Lula e Macron convergiram na avalia\u00e7\u00e3o de que iniciativas voltadas \u00e0 paz e \u00e0 seguran\u00e7a internacional devem estar alinhadas aos mandatos do Conselho de Seguran\u00e7a da Organiza\u00e7\u00e3o das Na\u00e7\u00f5es Unidas e aos princ\u00edpios estabelecidos pela Carta da ONU. Para os dois presidentes, o fortalecimento do sistema multilateral \u00e9 essencial diante do atual cen\u00e1rio de instabilidade geopol\u00edtica.<\/p>\n\n\n\n<p>A conversa ocorre em meio \u00e0s discuss\u00f5es sobre o Conselho da Paz criado pelo presidente norte-americano Donald Trump. A Fran\u00e7a j\u00e1 recuou oficialmente da participa\u00e7\u00e3o na iniciativa, enquanto o Brasil ainda n\u00e3o deu uma resposta definitiva ao convite feito por Washington. Em di\u00e1logo recente com Trump, Lula sugeriu que o \u00f3rg\u00e3o tenha atua\u00e7\u00e3o restrita a quest\u00f5es humanit\u00e1rias e \u00e0 reconstru\u00e7\u00e3o da Faixa de Gaza, al\u00e9m de defender a presen\u00e7a da Palestina nos debates.<\/p>\n\n\n\n<h2 class=\"wp-block-heading\">Venezuela e acordo Mercosul\u2013Uni\u00e3o Europeia entram na conversa<\/h2>\n\n\n\n<p>Outro tema abordado na liga\u00e7\u00e3o entre Lula e Macron foi a situa\u00e7\u00e3o da Venezuela. De acordo com a nota oficial do governo brasileiro, os dois l\u00edderes condenaram o uso da for\u00e7a em desacordo com o direito internacional e defenderam solu\u00e7\u00f5es diplom\u00e1ticas para preservar a estabilidade regional. A posi\u00e7\u00e3o refor\u00e7a cr\u00edticas j\u00e1 feitas por Lula \u00e0 a\u00e7\u00e3o militar norte-americana no pa\u00eds vizinho.<\/p>\n\n\n\n<p>Al\u00e9m disso, os presidentes discutiram o acordo comercial entre o Mercosul e a <strong>Uni\u00e3o Europeia<\/strong>. Lula reiterou que considera o tratado positivo para ambos os blocos e relevante para a defesa do multilateralismo e do com\u00e9rcio baseado em regras. Segundo o Planalto, Brasil e Fran\u00e7a se comprometeram a orientar suas equipes t\u00e9cnicas a avan\u00e7ar nas negocia\u00e7\u00f5es em andamento, com o objetivo de concluir os entendimentos ainda no primeiro semestre de 2026.<\/p>\n\n\n\n<p>Apesar disso, o acordo segue enfrentando forte resist\u00eancia interna na Fran\u00e7a, especialmente por parte de produtores agr\u00edcolas, que pressionam o governo de Macron alegando riscos ao setor. O tratado permanece paralisado ap\u00f3s decis\u00e3o do Parlamento Europeu de submeter o texto \u00e0 an\u00e1lise judicial, embora a Comiss\u00e3o Europeia ainda possa aplicar o acordo de forma provis\u00f3ria.<\/p>\n\n\n\n<p>Para o governo brasileiro, o di\u00e1logo com a Fran\u00e7a \u00e9 estrat\u00e9gico tanto para destravar o acordo quanto para refor\u00e7ar a defesa de uma reforma mais ampla da ONU, pauta hist\u00f3rica de Lula, que inclui a amplia\u00e7\u00e3o dos membros permanentes do Conselho de Seguran\u00e7a.<\/p>\n","protected":false},"excerpt":{"rendered":"<p>O presidente Luiz In\u00e1cio Lula da Silva conversou por telefone, na manh\u00e3 desta ter\u00e7a-feira (27), com o presidente da Fran\u00e7a, Emmanuel Macron, para tratar de &#8230; <a title=\"Lula e Macron discutem Conselho da Paz e defendem fortalecimento da ONU\" class=\"read-more\" href=\"https:\/\/latamreports.com\/br\/lula-e-macron-discutem-conselho-da-paz-e-defendem-fortalecimento-da-onu\/\" aria-label=\"Read more about Lula e Macron discutem Conselho da Paz e defendem fortalecimento da ONU\">Read more<\/a><\/p>\n","protected":false},"author":7,"featured_media":14662,"comment_status":"closed","ping_status":"closed","sticky":false,"template":"","format":"standard","meta":{"footnotes":"","jetpack_publicize_message":"","jetpack_publicize_feature_enabled":true,"jetpack_social_post_already_shared":true,"jetpack_social_options":{"image_generator_settings":{"template":"highway","default_image_id":0,"font":"","enabled":false},"version":2}},"categories":[13],"tags":[],"class_list":["post-14661","post","type-post","status-publish","format-standard","has-post-thumbnail","hentry","category-politica","resize-featured-image"],"yoast_head":"<!-- This site is optimized with the Yoast SEO plugin v27.5 - https:\/\/yoast.com\/product\/yoast-seo-wordpress\/ -->\n<title>Lula e Macron discutem Conselho da Paz e defendem<\/title>\n<meta name=\"description\" content=\"O presidente Luiz In\u00e1cio Lula da Silva conversou por telefone, na manh\u00e3 desta ter\u00e7a-feira (27), com o presidente da Fran\u00e7a\" \/>\n<meta name=\"robots\" content=\"index, follow, max-snippet:-1, max-image-preview:large, max-video-preview:-1\" \/>\n<link rel=\"canonical\" href=\"https:\/\/latamreports.com\/br\/lula-e-macron-discutem-conselho-da-paz-e-defendem-fortalecimento-da-onu\/\" \/>\n<meta property=\"og:locale\" content=\"en_US\" \/>\n<meta property=\"og:type\" content=\"article\" \/>\n<meta property=\"og:title\" content=\"Lula e Macron discutem Conselho da Paz e defendem\" \/>\n<meta property=\"og:description\" content=\"O presidente Luiz In\u00e1cio Lula da Silva conversou por telefone, na manh\u00e3 desta ter\u00e7a-feira (27), com o presidente da Fran\u00e7a\" \/>\n<meta property=\"og:url\" content=\"https:\/\/latamreports.com\/br\/lula-e-macron-discutem-conselho-da-paz-e-defendem-fortalecimento-da-onu\/\" \/>\n<meta property=\"og:site_name\" content=\"LatAm Reports\" \/>\n<meta property=\"article:publisher\" content=\"https:\/\/facebook.com\/latamreports\" \/>\n<meta property=\"article:published_time\" content=\"2026-01-28T00:12:34+00:00\" \/>\n<meta property=\"article:modified_time\" content=\"2026-01-28T00:12:36+00:00\" \/>\n<meta property=\"og:image\" content=\"https:\/\/latamreports.com\/br\/wp-content\/uploads\/lula-e-macron.png\" \/>\n\t<meta property=\"og:image:width\" content=\"1200\" \/>\n\t<meta property=\"og:image:height\" content=\"630\" \/>\n\t<meta property=\"og:image:type\" content=\"image\/png\" \/>\n<meta name=\"author\" content=\"LatAm Reports Redatores da Equipe\" \/>\n<meta name=\"twitter:card\" content=\"summary_large_image\" \/>\n<meta name=\"twitter:creator\" content=\"@latamreports\" \/>\n<meta name=\"twitter:site\" content=\"@latamreports\" \/>\n<meta name=\"twitter:label1\" content=\"Written by\" \/>\n\t<meta name=\"twitter:data1\" content=\"LatAm Reports Redatores da Equipe\" \/>\n\t<meta name=\"twitter:label2\" content=\"Est. reading time\" \/>\n\t<meta name=\"twitter:data2\" content=\"3 minutes\" \/>\n<script type=\"application\/ld+json\" class=\"yoast-schema-graph\">{\"@context\":\"https:\\\/\\\/schema.org\",\"@graph\":[{\"@type\":\"Article\",\"@id\":\"https:\\\/\\\/latamreports.com\\\/br\\\/lula-e-macron-discutem-conselho-da-paz-e-defendem-fortalecimento-da-onu\\\/#article\",\"isPartOf\":{\"@id\":\"https:\\\/\\\/latamreports.com\\\/br\\\/lula-e-macron-discutem-conselho-da-paz-e-defendem-fortalecimento-da-onu\\\/\"},\"author\":{\"name\":\"LatAm Reports Redatores da Equipe\",\"@id\":\"https:\\\/\\\/latamreports.com\\\/br\\\/#\\\/schema\\\/person\\\/a561f2de7e5ccabfab38d239b39fdb70\"},\"headline\":\"Lula e Macron discutem Conselho da Paz e defendem fortalecimento da ONU\",\"datePublished\":\"2026-01-28T00:12:34+00:00\",\"dateModified\":\"2026-01-28T00:12:36+00:00\",\"mainEntityOfPage\":{\"@id\":\"https:\\\/\\\/latamreports.com\\\/br\\\/lula-e-macron-discutem-conselho-da-paz-e-defendem-fortalecimento-da-onu\\\/\"},\"wordCount\":510,\"publisher\":{\"@id\":\"https:\\\/\\\/latamreports.com\\\/br\\\/#organization\"},\"image\":{\"@id\":\"https:\\\/\\\/latamreports.com\\\/br\\\/lula-e-macron-discutem-conselho-da-paz-e-defendem-fortalecimento-da-onu\\\/#primaryimage\"},\"thumbnailUrl\":\"https:\\\/\\\/latamreports.com\\\/br\\\/wp-content\\\/uploads\\\/lula-e-macron.png\",\"articleSection\":[\"Pol\u00edtica\"],\"inLanguage\":\"en-US\"},{\"@type\":\"WebPage\",\"@id\":\"https:\\\/\\\/latamreports.com\\\/br\\\/lula-e-macron-discutem-conselho-da-paz-e-defendem-fortalecimento-da-onu\\\/\",\"url\":\"https:\\\/\\\/latamreports.com\\\/br\\\/lula-e-macron-discutem-conselho-da-paz-e-defendem-fortalecimento-da-onu\\\/\",\"name\":\"Lula e Macron discutem Conselho da Paz e defendem\",\"isPartOf\":{\"@id\":\"https:\\\/\\\/latamreports.com\\\/br\\\/#website\"},\"primaryImageOfPage\":{\"@id\":\"https:\\\/\\\/latamreports.com\\\/br\\\/lula-e-macron-discutem-conselho-da-paz-e-defendem-fortalecimento-da-onu\\\/#primaryimage\"},\"image\":{\"@id\":\"https:\\\/\\\/latamreports.com\\\/br\\\/lula-e-macron-discutem-conselho-da-paz-e-defendem-fortalecimento-da-onu\\\/#primaryimage\"},\"thumbnailUrl\":\"https:\\\/\\\/latamreports.com\\\/br\\\/wp-content\\\/uploads\\\/lula-e-macron.png\",\"datePublished\":\"2026-01-28T00:12:34+00:00\",\"dateModified\":\"2026-01-28T00:12:36+00:00\",\"description\":\"O presidente Luiz In\u00e1cio Lula da Silva conversou por telefone, na manh\u00e3 desta ter\u00e7a-feira (27), com o presidente da Fran\u00e7a\",\"breadcrumb\":{\"@id\":\"https:\\\/\\\/latamreports.com\\\/br\\\/lula-e-macron-discutem-conselho-da-paz-e-defendem-fortalecimento-da-onu\\\/#breadcrumb\"},\"inLanguage\":\"en-US\",\"potentialAction\":[{\"@type\":\"ReadAction\",\"target\":[\"https:\\\/\\\/latamreports.com\\\/br\\\/lula-e-macron-discutem-conselho-da-paz-e-defendem-fortalecimento-da-onu\\\/\"]}]},{\"@type\":\"ImageObject\",\"inLanguage\":\"en-US\",\"@id\":\"https:\\\/\\\/latamreports.com\\\/br\\\/lula-e-macron-discutem-conselho-da-paz-e-defendem-fortalecimento-da-onu\\\/#primaryimage\",\"url\":\"https:\\\/\\\/latamreports.com\\\/br\\\/wp-content\\\/uploads\\\/lula-e-macron.png\",\"contentUrl\":\"https:\\\/\\\/latamreports.com\\\/br\\\/wp-content\\\/uploads\\\/lula-e-macron.png\",\"width\":1200,\"height\":630,\"caption\":\"Lula e Macron discutem Conselho da Paz e defendem fortalecimento da ONU\"},{\"@type\":\"BreadcrumbList\",\"@id\":\"https:\\\/\\\/latamreports.com\\\/br\\\/lula-e-macron-discutem-conselho-da-paz-e-defendem-fortalecimento-da-onu\\\/#breadcrumb\",\"itemListElement\":[{\"@type\":\"ListItem\",\"position\":1,\"name\":\"Home\",\"item\":\"https:\\\/\\\/latamreports.com\\\/br\\\/\"},{\"@type\":\"ListItem\",\"position\":2,\"name\":\"Lula e Macron discutem Conselho da Paz e defendem fortalecimento da ONU\"}]},{\"@type\":\"WebSite\",\"@id\":\"https:\\\/\\\/latamreports.com\\\/br\\\/#website\",\"url\":\"https:\\\/\\\/latamreports.com\\\/br\\\/\",\"name\":\"LatAm Reports\",\"description\":\"Not\u00edcias e opini\u00f5es de todas as Am\u00e9ricas\",\"publisher\":{\"@id\":\"https:\\\/\\\/latamreports.com\\\/br\\\/#organization\"},\"potentialAction\":[{\"@type\":\"SearchAction\",\"target\":{\"@type\":\"EntryPoint\",\"urlTemplate\":\"https:\\\/\\\/latamreports.com\\\/br\\\/?s={search_term_string}\"},\"query-input\":{\"@type\":\"PropertyValueSpecification\",\"valueRequired\":true,\"valueName\":\"search_term_string\"}}],\"inLanguage\":\"en-US\"},{\"@type\":\"Organization\",\"@id\":\"https:\\\/\\\/latamreports.com\\\/br\\\/#organization\",\"name\":\"LatAm Reports\",\"url\":\"https:\\\/\\\/latamreports.com\\\/br\\\/\",\"logo\":{\"@type\":\"ImageObject\",\"inLanguage\":\"en-US\",\"@id\":\"https:\\\/\\\/latamreports.com\\\/br\\\/#\\\/schema\\\/logo\\\/image\\\/\",\"url\":\"https:\\\/\\\/latamreports.com\\\/br\\\/wp-content\\\/uploads\\\/cropped-PNG2.png\",\"contentUrl\":\"https:\\\/\\\/latamreports.com\\\/br\\\/wp-content\\\/uploads\\\/cropped-PNG2.png\",\"width\":2522,\"height\":1014,\"caption\":\"LatAm Reports\"},\"image\":{\"@id\":\"https:\\\/\\\/latamreports.com\\\/br\\\/#\\\/schema\\\/logo\\\/image\\\/\"},\"sameAs\":[\"https:\\\/\\\/facebook.com\\\/latamreports\",\"https:\\\/\\\/x.com\\\/latamreports\"]},{\"@type\":\"Person\",\"@id\":\"https:\\\/\\\/latamreports.com\\\/br\\\/#\\\/schema\\\/person\\\/a561f2de7e5ccabfab38d239b39fdb70\",\"name\":\"LatAm Reports Redatores da Equipe\",\"image\":{\"@type\":\"ImageObject\",\"inLanguage\":\"en-US\",\"@id\":\"https:\\\/\\\/secure.gravatar.com\\\/avatar\\\/dcdcc93cc5edddd2f3ef77245866172c7d7241a11ad58e1959aa824f2fae81f6?s=96&d=mm&r=g\",\"url\":\"https:\\\/\\\/secure.gravatar.com\\\/avatar\\\/dcdcc93cc5edddd2f3ef77245866172c7d7241a11ad58e1959aa824f2fae81f6?s=96&d=mm&r=g\",\"contentUrl\":\"https:\\\/\\\/secure.gravatar.com\\\/avatar\\\/dcdcc93cc5edddd2f3ef77245866172c7d7241a11ad58e1959aa824f2fae81f6?s=96&d=mm&r=g\",\"caption\":\"LatAm Reports Redatores da Equipe\"}}]}<\/script>\n<!-- \/ Yoast SEO plugin. -->","yoast_head_json":{"title":"Lula e Macron discutem Conselho da Paz e defendem","description":"O presidente Luiz In\u00e1cio Lula da Silva conversou por telefone, na manh\u00e3 desta ter\u00e7a-feira (27), com o presidente da Fran\u00e7a","robots":{"index":"index","follow":"follow","max-snippet":"max-snippet:-1","max-image-preview":"max-image-preview:large","max-video-preview":"max-video-preview:-1"},"canonical":"https:\/\/latamreports.com\/br\/lula-e-macron-discutem-conselho-da-paz-e-defendem-fortalecimento-da-onu\/","og_locale":"en_US","og_type":"article","og_title":"Lula e Macron discutem Conselho da Paz e defendem","og_description":"O presidente Luiz In\u00e1cio Lula da Silva conversou por telefone, na manh\u00e3 desta ter\u00e7a-feira (27), com o presidente da Fran\u00e7a","og_url":"https:\/\/latamreports.com\/br\/lula-e-macron-discutem-conselho-da-paz-e-defendem-fortalecimento-da-onu\/","og_site_name":"LatAm Reports","article_publisher":"https:\/\/facebook.com\/latamreports","article_published_time":"2026-01-28T00:12:34+00:00","article_modified_time":"2026-01-28T00:12:36+00:00","og_image":[{"width":1200,"height":630,"url":"https:\/\/latamreports.com\/br\/wp-content\/uploads\/lula-e-macron.png","type":"image\/png"}],"author":"LatAm Reports Redatores da Equipe","twitter_card":"summary_large_image","twitter_creator":"@latamreports","twitter_site":"@latamreports","twitter_misc":{"Written by":"LatAm Reports Redatores da Equipe","Est. reading time":"3 minutes"},"schema":{"@context":"https:\/\/schema.org","@graph":[{"@type":"Article","@id":"https:\/\/latamreports.com\/br\/lula-e-macron-discutem-conselho-da-paz-e-defendem-fortalecimento-da-onu\/#article","isPartOf":{"@id":"https:\/\/latamreports.com\/br\/lula-e-macron-discutem-conselho-da-paz-e-defendem-fortalecimento-da-onu\/"},"author":{"name":"LatAm Reports Redatores da Equipe","@id":"https:\/\/latamreports.com\/br\/#\/schema\/person\/a561f2de7e5ccabfab38d239b39fdb70"},"headline":"Lula e Macron discutem Conselho da Paz e defendem fortalecimento da ONU","datePublished":"2026-01-28T00:12:34+00:00","dateModified":"2026-01-28T00:12:36+00:00","mainEntityOfPage":{"@id":"https:\/\/latamreports.com\/br\/lula-e-macron-discutem-conselho-da-paz-e-defendem-fortalecimento-da-onu\/"},"wordCount":510,"publisher":{"@id":"https:\/\/latamreports.com\/br\/#organization"},"image":{"@id":"https:\/\/latamreports.com\/br\/lula-e-macron-discutem-conselho-da-paz-e-defendem-fortalecimento-da-onu\/#primaryimage"},"thumbnailUrl":"https:\/\/latamreports.com\/br\/wp-content\/uploads\/lula-e-macron.png","articleSection":["Pol\u00edtica"],"inLanguage":"en-US"},{"@type":"WebPage","@id":"https:\/\/latamreports.com\/br\/lula-e-macron-discutem-conselho-da-paz-e-defendem-fortalecimento-da-onu\/","url":"https:\/\/latamreports.com\/br\/lula-e-macron-discutem-conselho-da-paz-e-defendem-fortalecimento-da-onu\/","name":"Lula e Macron discutem Conselho da Paz e defendem","isPartOf":{"@id":"https:\/\/latamreports.com\/br\/#website"},"primaryImageOfPage":{"@id":"https:\/\/latamreports.com\/br\/lula-e-macron-discutem-conselho-da-paz-e-defendem-fortalecimento-da-onu\/#primaryimage"},"image":{"@id":"https:\/\/latamreports.com\/br\/lula-e-macron-discutem-conselho-da-paz-e-defendem-fortalecimento-da-onu\/#primaryimage"},"thumbnailUrl":"https:\/\/latamreports.com\/br\/wp-content\/uploads\/lula-e-macron.png","datePublished":"2026-01-28T00:12:34+00:00","dateModified":"2026-01-28T00:12:36+00:00","description":"O presidente Luiz In\u00e1cio Lula da Silva conversou por telefone, na manh\u00e3 desta ter\u00e7a-feira (27), com o presidente da Fran\u00e7a","breadcrumb":{"@id":"https:\/\/latamreports.com\/br\/lula-e-macron-discutem-conselho-da-paz-e-defendem-fortalecimento-da-onu\/#breadcrumb"},"inLanguage":"en-US","potentialAction":[{"@type":"ReadAction","target":["https:\/\/latamreports.com\/br\/lula-e-macron-discutem-conselho-da-paz-e-defendem-fortalecimento-da-onu\/"]}]},{"@type":"ImageObject","inLanguage":"en-US","@id":"https:\/\/latamreports.com\/br\/lula-e-macron-discutem-conselho-da-paz-e-defendem-fortalecimento-da-onu\/#primaryimage","url":"https:\/\/latamreports.com\/br\/wp-content\/uploads\/lula-e-macron.png","contentUrl":"https:\/\/latamreports.com\/br\/wp-content\/uploads\/lula-e-macron.png","width":1200,"height":630,"caption":"Lula e Macron discutem Conselho da Paz e defendem fortalecimento da ONU"},{"@type":"BreadcrumbList","@id":"https:\/\/latamreports.com\/br\/lula-e-macron-discutem-conselho-da-paz-e-defendem-fortalecimento-da-onu\/#breadcrumb","itemListElement":[{"@type":"ListItem","position":1,"name":"Home","item":"https:\/\/latamreports.com\/br\/"},{"@type":"ListItem","position":2,"name":"Lula e Macron discutem Conselho da Paz e defendem fortalecimento da ONU"}]},{"@type":"WebSite","@id":"https:\/\/latamreports.com\/br\/#website","url":"https:\/\/latamreports.com\/br\/","name":"LatAm Reports","description":"Not\u00edcias e opini\u00f5es de todas as Am\u00e9ricas","publisher":{"@id":"https:\/\/latamreports.com\/br\/#organization"},"potentialAction":[{"@type":"SearchAction","target":{"@type":"EntryPoint","urlTemplate":"https:\/\/latamreports.com\/br\/?s={search_term_string}"},"query-input":{"@type":"PropertyValueSpecification","valueRequired":true,"valueName":"search_term_string"}}],"inLanguage":"en-US"},{"@type":"Organization","@id":"https:\/\/latamreports.com\/br\/#organization","name":"LatAm Reports","url":"https:\/\/latamreports.com\/br\/","logo":{"@type":"ImageObject","inLanguage":"en-US","@id":"https:\/\/latamreports.com\/br\/#\/schema\/logo\/image\/","url":"https:\/\/latamreports.com\/br\/wp-content\/uploads\/cropped-PNG2.png","contentUrl":"https:\/\/latamreports.com\/br\/wp-content\/uploads\/cropped-PNG2.png","width":2522,"height":1014,"caption":"LatAm Reports"},"image":{"@id":"https:\/\/latamreports.com\/br\/#\/schema\/logo\/image\/"},"sameAs":["https:\/\/facebook.com\/latamreports","https:\/\/x.com\/latamreports"]},{"@type":"Person","@id":"https:\/\/latamreports.com\/br\/#\/schema\/person\/a561f2de7e5ccabfab38d239b39fdb70","name":"LatAm Reports Redatores da Equipe","image":{"@type":"ImageObject","inLanguage":"en-US","@id":"https:\/\/secure.gravatar.com\/avatar\/dcdcc93cc5edddd2f3ef77245866172c7d7241a11ad58e1959aa824f2fae81f6?s=96&d=mm&r=g","url":"https:\/\/secure.gravatar.com\/avatar\/dcdcc93cc5edddd2f3ef77245866172c7d7241a11ad58e1959aa824f2fae81f6?s=96&d=mm&r=g","contentUrl":"https:\/\/secure.gravatar.com\/avatar\/dcdcc93cc5edddd2f3ef77245866172c7d7241a11ad58e1959aa824f2fae81f6?s=96&d=mm&r=g","caption":"LatAm Reports Redatores da Equipe"}}]}},"jetpack_publicize_connections":[],"_links":{"self":[{"href":"https:\/\/latamreports.com\/br\/wp-json\/wp\/v2\/posts\/14661","targetHints":{"allow":["GET"]}}],"collection":[{"href":"https:\/\/latamreports.com\/br\/wp-json\/wp\/v2\/posts"}],"about":[{"href":"https:\/\/latamreports.com\/br\/wp-json\/wp\/v2\/types\/post"}],"author":[{"embeddable":true,"href":"https:\/\/latamreports.com\/br\/wp-json\/wp\/v2\/users\/7"}],"replies":[{"embeddable":true,"href":"https:\/\/latamreports.com\/br\/wp-json\/wp\/v2\/comments?post=14661"}],"version-history":[{"count":1,"href":"https:\/\/latamreports.com\/br\/wp-json\/wp\/v2\/posts\/14661\/revisions"}],"predecessor-version":[{"id":14663,"href":"https:\/\/latamreports.com\/br\/wp-json\/wp\/v2\/posts\/14661\/revisions\/14663"}],"wp:featuredmedia":[{"embeddable":true,"href":"https:\/\/latamreports.com\/br\/wp-json\/wp\/v2\/media\/14662"}],"wp:attachment":[{"href":"https:\/\/latamreports.com\/br\/wp-json\/wp\/v2\/media?parent=14661"}],"wp:term":[{"taxonomy":"category","embeddable":true,"href":"https:\/\/latamreports.com\/br\/wp-json\/wp\/v2\/categories?post=14661"},{"taxonomy":"post_tag","embeddable":true,"href":"https:\/\/latamreports.com\/br\/wp-json\/wp\/v2\/tags?post=14661"}],"curies":[{"name":"wp","href":"https:\/\/api.w.org\/{rel}","templated":true}]}}