{"id":14654,"date":"2026-01-27T23:49:56","date_gmt":"2026-01-27T23:49:56","guid":{"rendered":"https:\/\/latamreports.com\/br\/?p=14654"},"modified":"2026-01-27T23:49:58","modified_gmt":"2026-01-27T23:49:58","slug":"dario-durigan-deve-assumir-ministerio-da-fazenda-haddad-prepara-sucessao-com-foco-em-continuidade-fiscal","status":"publish","type":"post","link":"https:\/\/latamreports.com\/br\/dario-durigan-deve-assumir-ministerio-da-fazenda-haddad-prepara-sucessao-com-foco-em-continuidade-fiscal\/","title":{"rendered":"Dario Durigan deve assumir Minist\u00e9rio da Fazenda; Haddad prepara sucess\u00e3o com foco em continuidade fiscal"},"content":{"rendered":"\n<p>O Minist\u00e9rio da Fazenda j\u00e1 tem uma sucess\u00e3o desenhada para o momento em que Fernando Haddad deixar o cargo. A aposta \u00e9 na continuidade. Segundo apura\u00e7\u00e3o do blog, o atual secret\u00e1rio-executivo da pasta, Dario Durigan, \u00e9 o nome escolhido para assumir o comando do minist\u00e9rio. Para ocupar a fun\u00e7\u00e3o de n\u00famero dois, o indicado \u00e9 Rog\u00e9rio Ceron, atual secret\u00e1rio do Tesouro Nacional e um dos principais formuladores do arcabou\u00e7o fiscal.<\/p>\n\n\n\n<p>A decis\u00e3o indica que Haddad pretende manter sua equipe \u00e0 frente da pol\u00edtica econ\u00f4mica mesmo ap\u00f3s sua sa\u00edda, refor\u00e7ando o compromisso com a agenda de consolida\u00e7\u00e3o fiscal. O movimento tamb\u00e9m funciona como um recado direto ao mercado financeiro de que n\u00e3o haver\u00e1 ruptura na condu\u00e7\u00e3o econ\u00f4mica, mesmo em um cen\u00e1rio eleitoral.<\/p>\n\n\n\n<p>Fernando Haddad tem manifestado o desejo de colaborar com a campanha do presidente Luiz In\u00e1cio Lula da Silva (PT) e, at\u00e9 o momento, n\u00e3o demonstra inten\u00e7\u00e3o de disputar elei\u00e7\u00f5es. Ainda assim, o presidente j\u00e1 conversou com o ministro em ao menos duas ocasi\u00f5es e deve insistir para que ele concorra ao governo de S\u00e3o Paulo. Independentemente dessa defini\u00e7\u00e3o, a transi\u00e7\u00e3o na Fazenda est\u00e1 sendo preparada com anteced\u00eancia.<\/p>\n\n\n\n<p>Al\u00e9m da mudan\u00e7a no comando, o desenho prev\u00ea que R\u00e9gis Dudena assuma a Secretaria de Reformas Econ\u00f4micas. O nome que ocupar\u00e1 a vaga deixada por Rog\u00e9rio Ceron no Tesouro Nacional tamb\u00e9m dever\u00e1 vir de dentro da pr\u00f3pria equipe, refor\u00e7ando a estrat\u00e9gia de uma transi\u00e7\u00e3o interna e t\u00e9cnica.<\/p>\n\n\n\n<h3 class=\"wp-block-heading\">Perfil t\u00e9cnico e sinaliza\u00e7\u00e3o ao mercado<\/h3>\n\n\n\n<p>Dario Durigan ocupa o cargo de secret\u00e1rio-executivo desde junho de 2023 e se consolidou como o principal gestor da pasta, sendo frequentemente descrito como o \u201cCEO\u201d do Minist\u00e9rio da Fazenda. Advogado, com forma\u00e7\u00e3o pela Universidade de S\u00e3o Paulo (USP) e mestrado pela Universidade de Bras\u00edlia (UnB), ele construiu uma carreira de mais de uma d\u00e9cada no setor p\u00fablico antes de assumir, entre 2020 e 2023, a diretoria de Pol\u00edticas P\u00fablicas do WhatsApp no Brasil, fun\u00e7\u00e3o criada com foco no combate \u00e0 desinforma\u00e7\u00e3o, especialmente durante o per\u00edodo eleitoral.<\/p>\n\n\n\n<p>Durigan tamb\u00e9m trabalhou com Haddad na Prefeitura de S\u00e3o Paulo, quando o atual ministro era prefeito da capital paulista. Hoje, \u00e9 conselheiro fiscal da Vale e preside o conselho de administra\u00e7\u00e3o do Banco do Brasil, o que amplia seu tr\u00e2nsito tanto no setor p\u00fablico quanto no mercado financeiro.<\/p>\n\n\n\n<p>A escolha de Durigan \u00e9 vista como uma tentativa de blindar a Fazenda de press\u00f5es pol\u00edticas em um ano sens\u00edvel, garantindo previsibilidade e estabilidade na condu\u00e7\u00e3o econ\u00f4mica. J\u00e1 a promo\u00e7\u00e3o de Rog\u00e9rio Ceron \u00e0 Secretaria-Executiva refor\u00e7a essa l\u00f3gica. Ceron \u00e9 reconhecido internamente como profundo conhecedor da m\u00e1quina p\u00fablica e das contas do governo, al\u00e9m de figura central na formula\u00e7\u00e3o do novo regime fiscal.<\/p>\n\n\n\n<p>Nos bastidores, a avalia\u00e7\u00e3o \u00e9 de que a chamada chapa \u201cpuro sangue\u201d da equipe econ\u00f4mica representa uma sinaliza\u00e7\u00e3o clara de Lula e Haddad ao mercado: a pol\u00edtica fiscal seguir\u00e1 o mesmo rumo, com compromisso com equil\u00edbrio das contas, previsibilidade institucional e di\u00e1logo com investidores, mesmo em meio ao calend\u00e1rio eleitoral.<\/p>\n","protected":false},"excerpt":{"rendered":"<p>O Minist\u00e9rio da Fazenda j\u00e1 tem uma sucess\u00e3o desenhada para o momento em que Fernando Haddad deixar o cargo. A aposta \u00e9 na continuidade. Segundo &#8230; <a title=\"Dario Durigan deve assumir Minist\u00e9rio da Fazenda; Haddad prepara sucess\u00e3o com foco em continuidade fiscal\" class=\"read-more\" href=\"https:\/\/latamreports.com\/br\/dario-durigan-deve-assumir-ministerio-da-fazenda-haddad-prepara-sucessao-com-foco-em-continuidade-fiscal\/\" aria-label=\"Read more about Dario Durigan deve assumir Minist\u00e9rio da Fazenda; Haddad prepara sucess\u00e3o com foco em continuidade fiscal\">Read more<\/a><\/p>\n","protected":false},"author":7,"featured_media":14656,"comment_status":"closed","ping_status":"closed","sticky":false,"template":"","format":"standard","meta":{"footnotes":"","jetpack_publicize_message":"","jetpack_publicize_feature_enabled":true,"jetpack_social_post_already_shared":true,"jetpack_social_options":{"image_generator_settings":{"template":"highway","default_image_id":0,"font":"","enabled":false},"version":2}},"categories":[13],"tags":[31],"class_list":["post-14654","post","type-post","status-publish","format-standard","has-post-thumbnail","hentry","category-politica","tag-brasil","resize-featured-image"],"yoast_head":"<!-- This site is optimized with the Yoast SEO plugin v27.5 - https:\/\/yoast.com\/product\/yoast-seo-wordpress\/ -->\n<title>Dario Durigan deve assumir Minist\u00e9rio da Fazenda; Haddad...<\/title>\n<meta name=\"description\" content=\"O Minist\u00e9rio da Fazenda j\u00e1 tem uma sucess\u00e3o desenhada para o momento em que Fernando Haddad deixar o cargo. A aposta \u00e9 na continuidade.\" \/>\n<meta name=\"robots\" content=\"index, follow, max-snippet:-1, max-image-preview:large, max-video-preview:-1\" \/>\n<link rel=\"canonical\" href=\"https:\/\/latamreports.com\/br\/dario-durigan-deve-assumir-ministerio-da-fazenda-haddad-prepara-sucessao-com-foco-em-continuidade-fiscal\/\" \/>\n<meta property=\"og:locale\" content=\"en_US\" \/>\n<meta property=\"og:type\" content=\"article\" \/>\n<meta property=\"og:title\" content=\"Dario Durigan deve assumir Minist\u00e9rio da Fazenda; Haddad...\" \/>\n<meta property=\"og:description\" content=\"O Minist\u00e9rio da Fazenda j\u00e1 tem uma sucess\u00e3o desenhada para o momento em que Fernando Haddad deixar o cargo. A aposta \u00e9 na continuidade.\" \/>\n<meta property=\"og:url\" content=\"https:\/\/latamreports.com\/br\/dario-durigan-deve-assumir-ministerio-da-fazenda-haddad-prepara-sucessao-com-foco-em-continuidade-fiscal\/\" \/>\n<meta property=\"og:site_name\" content=\"LatAm Reports\" \/>\n<meta property=\"article:publisher\" content=\"https:\/\/facebook.com\/latamreports\" \/>\n<meta property=\"article:published_time\" content=\"2026-01-27T23:49:56+00:00\" \/>\n<meta property=\"article:modified_time\" content=\"2026-01-27T23:49:58+00:00\" \/>\n<meta property=\"og:image\" content=\"https:\/\/latamreports.com\/br\/wp-content\/uploads\/haddad-2.png\" \/>\n\t<meta property=\"og:image:width\" content=\"1200\" \/>\n\t<meta property=\"og:image:height\" content=\"630\" \/>\n\t<meta property=\"og:image:type\" content=\"image\/png\" \/>\n<meta name=\"author\" content=\"LatAm Reports Redatores da Equipe\" \/>\n<meta name=\"twitter:card\" content=\"summary_large_image\" \/>\n<meta name=\"twitter:creator\" content=\"@latamreports\" \/>\n<meta name=\"twitter:site\" content=\"@latamreports\" \/>\n<meta name=\"twitter:label1\" content=\"Written by\" \/>\n\t<meta name=\"twitter:data1\" content=\"LatAm Reports Redatores da Equipe\" \/>\n\t<meta name=\"twitter:label2\" content=\"Est. reading time\" \/>\n\t<meta name=\"twitter:data2\" content=\"3 minutes\" \/>\n<script type=\"application\/ld+json\" class=\"yoast-schema-graph\">{\"@context\":\"https:\\\/\\\/schema.org\",\"@graph\":[{\"@type\":\"Article\",\"@id\":\"https:\\\/\\\/latamreports.com\\\/br\\\/dario-durigan-deve-assumir-ministerio-da-fazenda-haddad-prepara-sucessao-com-foco-em-continuidade-fiscal\\\/#article\",\"isPartOf\":{\"@id\":\"https:\\\/\\\/latamreports.com\\\/br\\\/dario-durigan-deve-assumir-ministerio-da-fazenda-haddad-prepara-sucessao-com-foco-em-continuidade-fiscal\\\/\"},\"author\":{\"name\":\"LatAm Reports Redatores da Equipe\",\"@id\":\"https:\\\/\\\/latamreports.com\\\/br\\\/#\\\/schema\\\/person\\\/a561f2de7e5ccabfab38d239b39fdb70\"},\"headline\":\"Dario Durigan deve assumir Minist\u00e9rio da Fazenda; Haddad prepara sucess\u00e3o com foco em continuidade fiscal\",\"datePublished\":\"2026-01-27T23:49:56+00:00\",\"dateModified\":\"2026-01-27T23:49:58+00:00\",\"mainEntityOfPage\":{\"@id\":\"https:\\\/\\\/latamreports.com\\\/br\\\/dario-durigan-deve-assumir-ministerio-da-fazenda-haddad-prepara-sucessao-com-foco-em-continuidade-fiscal\\\/\"},\"wordCount\":574,\"publisher\":{\"@id\":\"https:\\\/\\\/latamreports.com\\\/br\\\/#organization\"},\"image\":{\"@id\":\"https:\\\/\\\/latamreports.com\\\/br\\\/dario-durigan-deve-assumir-ministerio-da-fazenda-haddad-prepara-sucessao-com-foco-em-continuidade-fiscal\\\/#primaryimage\"},\"thumbnailUrl\":\"https:\\\/\\\/latamreports.com\\\/br\\\/wp-content\\\/uploads\\\/haddad-2.png\",\"keywords\":[\"Brasil\"],\"articleSection\":[\"Pol\u00edtica\"],\"inLanguage\":\"en-US\"},{\"@type\":\"WebPage\",\"@id\":\"https:\\\/\\\/latamreports.com\\\/br\\\/dario-durigan-deve-assumir-ministerio-da-fazenda-haddad-prepara-sucessao-com-foco-em-continuidade-fiscal\\\/\",\"url\":\"https:\\\/\\\/latamreports.com\\\/br\\\/dario-durigan-deve-assumir-ministerio-da-fazenda-haddad-prepara-sucessao-com-foco-em-continuidade-fiscal\\\/\",\"name\":\"Dario Durigan deve assumir Minist\u00e9rio da Fazenda; Haddad...\",\"isPartOf\":{\"@id\":\"https:\\\/\\\/latamreports.com\\\/br\\\/#website\"},\"primaryImageOfPage\":{\"@id\":\"https:\\\/\\\/latamreports.com\\\/br\\\/dario-durigan-deve-assumir-ministerio-da-fazenda-haddad-prepara-sucessao-com-foco-em-continuidade-fiscal\\\/#primaryimage\"},\"image\":{\"@id\":\"https:\\\/\\\/latamreports.com\\\/br\\\/dario-durigan-deve-assumir-ministerio-da-fazenda-haddad-prepara-sucessao-com-foco-em-continuidade-fiscal\\\/#primaryimage\"},\"thumbnailUrl\":\"https:\\\/\\\/latamreports.com\\\/br\\\/wp-content\\\/uploads\\\/haddad-2.png\",\"datePublished\":\"2026-01-27T23:49:56+00:00\",\"dateModified\":\"2026-01-27T23:49:58+00:00\",\"description\":\"O Minist\u00e9rio da Fazenda j\u00e1 tem uma sucess\u00e3o desenhada para o momento em que Fernando Haddad deixar o cargo. A aposta \u00e9 na continuidade.\",\"breadcrumb\":{\"@id\":\"https:\\\/\\\/latamreports.com\\\/br\\\/dario-durigan-deve-assumir-ministerio-da-fazenda-haddad-prepara-sucessao-com-foco-em-continuidade-fiscal\\\/#breadcrumb\"},\"inLanguage\":\"en-US\",\"potentialAction\":[{\"@type\":\"ReadAction\",\"target\":[\"https:\\\/\\\/latamreports.com\\\/br\\\/dario-durigan-deve-assumir-ministerio-da-fazenda-haddad-prepara-sucessao-com-foco-em-continuidade-fiscal\\\/\"]}]},{\"@type\":\"ImageObject\",\"inLanguage\":\"en-US\",\"@id\":\"https:\\\/\\\/latamreports.com\\\/br\\\/dario-durigan-deve-assumir-ministerio-da-fazenda-haddad-prepara-sucessao-com-foco-em-continuidade-fiscal\\\/#primaryimage\",\"url\":\"https:\\\/\\\/latamreports.com\\\/br\\\/wp-content\\\/uploads\\\/haddad-2.png\",\"contentUrl\":\"https:\\\/\\\/latamreports.com\\\/br\\\/wp-content\\\/uploads\\\/haddad-2.png\",\"width\":1200,\"height\":630,\"caption\":\"Dario Durigan deve assumir Minist\u00e9rio da Fazenda; Haddad prepara sucess\u00e3o com foco em continuidade fiscal\"},{\"@type\":\"BreadcrumbList\",\"@id\":\"https:\\\/\\\/latamreports.com\\\/br\\\/dario-durigan-deve-assumir-ministerio-da-fazenda-haddad-prepara-sucessao-com-foco-em-continuidade-fiscal\\\/#breadcrumb\",\"itemListElement\":[{\"@type\":\"ListItem\",\"position\":1,\"name\":\"Home\",\"item\":\"https:\\\/\\\/latamreports.com\\\/br\\\/\"},{\"@type\":\"ListItem\",\"position\":2,\"name\":\"Dario Durigan deve assumir Minist\u00e9rio da Fazenda; Haddad prepara sucess\u00e3o com foco em continuidade fiscal\"}]},{\"@type\":\"WebSite\",\"@id\":\"https:\\\/\\\/latamreports.com\\\/br\\\/#website\",\"url\":\"https:\\\/\\\/latamreports.com\\\/br\\\/\",\"name\":\"LatAm Reports\",\"description\":\"Not\u00edcias e opini\u00f5es de todas as Am\u00e9ricas\",\"publisher\":{\"@id\":\"https:\\\/\\\/latamreports.com\\\/br\\\/#organization\"},\"potentialAction\":[{\"@type\":\"SearchAction\",\"target\":{\"@type\":\"EntryPoint\",\"urlTemplate\":\"https:\\\/\\\/latamreports.com\\\/br\\\/?s={search_term_string}\"},\"query-input\":{\"@type\":\"PropertyValueSpecification\",\"valueRequired\":true,\"valueName\":\"search_term_string\"}}],\"inLanguage\":\"en-US\"},{\"@type\":\"Organization\",\"@id\":\"https:\\\/\\\/latamreports.com\\\/br\\\/#organization\",\"name\":\"LatAm Reports\",\"url\":\"https:\\\/\\\/latamreports.com\\\/br\\\/\",\"logo\":{\"@type\":\"ImageObject\",\"inLanguage\":\"en-US\",\"@id\":\"https:\\\/\\\/latamreports.com\\\/br\\\/#\\\/schema\\\/logo\\\/image\\\/\",\"url\":\"https:\\\/\\\/latamreports.com\\\/br\\\/wp-content\\\/uploads\\\/cropped-PNG2.png\",\"contentUrl\":\"https:\\\/\\\/latamreports.com\\\/br\\\/wp-content\\\/uploads\\\/cropped-PNG2.png\",\"width\":2522,\"height\":1014,\"caption\":\"LatAm Reports\"},\"image\":{\"@id\":\"https:\\\/\\\/latamreports.com\\\/br\\\/#\\\/schema\\\/logo\\\/image\\\/\"},\"sameAs\":[\"https:\\\/\\\/facebook.com\\\/latamreports\",\"https:\\\/\\\/x.com\\\/latamreports\"]},{\"@type\":\"Person\",\"@id\":\"https:\\\/\\\/latamreports.com\\\/br\\\/#\\\/schema\\\/person\\\/a561f2de7e5ccabfab38d239b39fdb70\",\"name\":\"LatAm Reports Redatores da Equipe\",\"image\":{\"@type\":\"ImageObject\",\"inLanguage\":\"en-US\",\"@id\":\"https:\\\/\\\/secure.gravatar.com\\\/avatar\\\/dcdcc93cc5edddd2f3ef77245866172c7d7241a11ad58e1959aa824f2fae81f6?s=96&d=mm&r=g\",\"url\":\"https:\\\/\\\/secure.gravatar.com\\\/avatar\\\/dcdcc93cc5edddd2f3ef77245866172c7d7241a11ad58e1959aa824f2fae81f6?s=96&d=mm&r=g\",\"contentUrl\":\"https:\\\/\\\/secure.gravatar.com\\\/avatar\\\/dcdcc93cc5edddd2f3ef77245866172c7d7241a11ad58e1959aa824f2fae81f6?s=96&d=mm&r=g\",\"caption\":\"LatAm Reports Redatores da Equipe\"}}]}<\/script>\n<!-- \/ Yoast SEO plugin. -->","yoast_head_json":{"title":"Dario Durigan deve assumir Minist\u00e9rio da Fazenda; Haddad...","description":"O Minist\u00e9rio da Fazenda j\u00e1 tem uma sucess\u00e3o desenhada para o momento em que Fernando Haddad deixar o cargo. A aposta \u00e9 na continuidade.","robots":{"index":"index","follow":"follow","max-snippet":"max-snippet:-1","max-image-preview":"max-image-preview:large","max-video-preview":"max-video-preview:-1"},"canonical":"https:\/\/latamreports.com\/br\/dario-durigan-deve-assumir-ministerio-da-fazenda-haddad-prepara-sucessao-com-foco-em-continuidade-fiscal\/","og_locale":"en_US","og_type":"article","og_title":"Dario Durigan deve assumir Minist\u00e9rio da Fazenda; Haddad...","og_description":"O Minist\u00e9rio da Fazenda j\u00e1 tem uma sucess\u00e3o desenhada para o momento em que Fernando Haddad deixar o cargo. A aposta \u00e9 na continuidade.","og_url":"https:\/\/latamreports.com\/br\/dario-durigan-deve-assumir-ministerio-da-fazenda-haddad-prepara-sucessao-com-foco-em-continuidade-fiscal\/","og_site_name":"LatAm Reports","article_publisher":"https:\/\/facebook.com\/latamreports","article_published_time":"2026-01-27T23:49:56+00:00","article_modified_time":"2026-01-27T23:49:58+00:00","og_image":[{"width":1200,"height":630,"url":"https:\/\/latamreports.com\/br\/wp-content\/uploads\/haddad-2.png","type":"image\/png"}],"author":"LatAm Reports Redatores da Equipe","twitter_card":"summary_large_image","twitter_creator":"@latamreports","twitter_site":"@latamreports","twitter_misc":{"Written by":"LatAm Reports Redatores da Equipe","Est. reading time":"3 minutes"},"schema":{"@context":"https:\/\/schema.org","@graph":[{"@type":"Article","@id":"https:\/\/latamreports.com\/br\/dario-durigan-deve-assumir-ministerio-da-fazenda-haddad-prepara-sucessao-com-foco-em-continuidade-fiscal\/#article","isPartOf":{"@id":"https:\/\/latamreports.com\/br\/dario-durigan-deve-assumir-ministerio-da-fazenda-haddad-prepara-sucessao-com-foco-em-continuidade-fiscal\/"},"author":{"name":"LatAm Reports Redatores da Equipe","@id":"https:\/\/latamreports.com\/br\/#\/schema\/person\/a561f2de7e5ccabfab38d239b39fdb70"},"headline":"Dario Durigan deve assumir Minist\u00e9rio da Fazenda; Haddad prepara sucess\u00e3o com foco em continuidade fiscal","datePublished":"2026-01-27T23:49:56+00:00","dateModified":"2026-01-27T23:49:58+00:00","mainEntityOfPage":{"@id":"https:\/\/latamreports.com\/br\/dario-durigan-deve-assumir-ministerio-da-fazenda-haddad-prepara-sucessao-com-foco-em-continuidade-fiscal\/"},"wordCount":574,"publisher":{"@id":"https:\/\/latamreports.com\/br\/#organization"},"image":{"@id":"https:\/\/latamreports.com\/br\/dario-durigan-deve-assumir-ministerio-da-fazenda-haddad-prepara-sucessao-com-foco-em-continuidade-fiscal\/#primaryimage"},"thumbnailUrl":"https:\/\/latamreports.com\/br\/wp-content\/uploads\/haddad-2.png","keywords":["Brasil"],"articleSection":["Pol\u00edtica"],"inLanguage":"en-US"},{"@type":"WebPage","@id":"https:\/\/latamreports.com\/br\/dario-durigan-deve-assumir-ministerio-da-fazenda-haddad-prepara-sucessao-com-foco-em-continuidade-fiscal\/","url":"https:\/\/latamreports.com\/br\/dario-durigan-deve-assumir-ministerio-da-fazenda-haddad-prepara-sucessao-com-foco-em-continuidade-fiscal\/","name":"Dario Durigan deve assumir Minist\u00e9rio da Fazenda; Haddad...","isPartOf":{"@id":"https:\/\/latamreports.com\/br\/#website"},"primaryImageOfPage":{"@id":"https:\/\/latamreports.com\/br\/dario-durigan-deve-assumir-ministerio-da-fazenda-haddad-prepara-sucessao-com-foco-em-continuidade-fiscal\/#primaryimage"},"image":{"@id":"https:\/\/latamreports.com\/br\/dario-durigan-deve-assumir-ministerio-da-fazenda-haddad-prepara-sucessao-com-foco-em-continuidade-fiscal\/#primaryimage"},"thumbnailUrl":"https:\/\/latamreports.com\/br\/wp-content\/uploads\/haddad-2.png","datePublished":"2026-01-27T23:49:56+00:00","dateModified":"2026-01-27T23:49:58+00:00","description":"O Minist\u00e9rio da Fazenda j\u00e1 tem uma sucess\u00e3o desenhada para o momento em que Fernando Haddad deixar o cargo. A aposta \u00e9 na continuidade.","breadcrumb":{"@id":"https:\/\/latamreports.com\/br\/dario-durigan-deve-assumir-ministerio-da-fazenda-haddad-prepara-sucessao-com-foco-em-continuidade-fiscal\/#breadcrumb"},"inLanguage":"en-US","potentialAction":[{"@type":"ReadAction","target":["https:\/\/latamreports.com\/br\/dario-durigan-deve-assumir-ministerio-da-fazenda-haddad-prepara-sucessao-com-foco-em-continuidade-fiscal\/"]}]},{"@type":"ImageObject","inLanguage":"en-US","@id":"https:\/\/latamreports.com\/br\/dario-durigan-deve-assumir-ministerio-da-fazenda-haddad-prepara-sucessao-com-foco-em-continuidade-fiscal\/#primaryimage","url":"https:\/\/latamreports.com\/br\/wp-content\/uploads\/haddad-2.png","contentUrl":"https:\/\/latamreports.com\/br\/wp-content\/uploads\/haddad-2.png","width":1200,"height":630,"caption":"Dario Durigan deve assumir Minist\u00e9rio da Fazenda; Haddad prepara sucess\u00e3o com foco em continuidade fiscal"},{"@type":"BreadcrumbList","@id":"https:\/\/latamreports.com\/br\/dario-durigan-deve-assumir-ministerio-da-fazenda-haddad-prepara-sucessao-com-foco-em-continuidade-fiscal\/#breadcrumb","itemListElement":[{"@type":"ListItem","position":1,"name":"Home","item":"https:\/\/latamreports.com\/br\/"},{"@type":"ListItem","position":2,"name":"Dario Durigan deve assumir Minist\u00e9rio da Fazenda; Haddad prepara sucess\u00e3o com foco em continuidade fiscal"}]},{"@type":"WebSite","@id":"https:\/\/latamreports.com\/br\/#website","url":"https:\/\/latamreports.com\/br\/","name":"LatAm Reports","description":"Not\u00edcias e opini\u00f5es de todas as Am\u00e9ricas","publisher":{"@id":"https:\/\/latamreports.com\/br\/#organization"},"potentialAction":[{"@type":"SearchAction","target":{"@type":"EntryPoint","urlTemplate":"https:\/\/latamreports.com\/br\/?s={search_term_string}"},"query-input":{"@type":"PropertyValueSpecification","valueRequired":true,"valueName":"search_term_string"}}],"inLanguage":"en-US"},{"@type":"Organization","@id":"https:\/\/latamreports.com\/br\/#organization","name":"LatAm Reports","url":"https:\/\/latamreports.com\/br\/","logo":{"@type":"ImageObject","inLanguage":"en-US","@id":"https:\/\/latamreports.com\/br\/#\/schema\/logo\/image\/","url":"https:\/\/latamreports.com\/br\/wp-content\/uploads\/cropped-PNG2.png","contentUrl":"https:\/\/latamreports.com\/br\/wp-content\/uploads\/cropped-PNG2.png","width":2522,"height":1014,"caption":"LatAm Reports"},"image":{"@id":"https:\/\/latamreports.com\/br\/#\/schema\/logo\/image\/"},"sameAs":["https:\/\/facebook.com\/latamreports","https:\/\/x.com\/latamreports"]},{"@type":"Person","@id":"https:\/\/latamreports.com\/br\/#\/schema\/person\/a561f2de7e5ccabfab38d239b39fdb70","name":"LatAm Reports Redatores da Equipe","image":{"@type":"ImageObject","inLanguage":"en-US","@id":"https:\/\/secure.gravatar.com\/avatar\/dcdcc93cc5edddd2f3ef77245866172c7d7241a11ad58e1959aa824f2fae81f6?s=96&d=mm&r=g","url":"https:\/\/secure.gravatar.com\/avatar\/dcdcc93cc5edddd2f3ef77245866172c7d7241a11ad58e1959aa824f2fae81f6?s=96&d=mm&r=g","contentUrl":"https:\/\/secure.gravatar.com\/avatar\/dcdcc93cc5edddd2f3ef77245866172c7d7241a11ad58e1959aa824f2fae81f6?s=96&d=mm&r=g","caption":"LatAm Reports Redatores da Equipe"}}]}},"jetpack_publicize_connections":[],"_links":{"self":[{"href":"https:\/\/latamreports.com\/br\/wp-json\/wp\/v2\/posts\/14654","targetHints":{"allow":["GET"]}}],"collection":[{"href":"https:\/\/latamreports.com\/br\/wp-json\/wp\/v2\/posts"}],"about":[{"href":"https:\/\/latamreports.com\/br\/wp-json\/wp\/v2\/types\/post"}],"author":[{"embeddable":true,"href":"https:\/\/latamreports.com\/br\/wp-json\/wp\/v2\/users\/7"}],"replies":[{"embeddable":true,"href":"https:\/\/latamreports.com\/br\/wp-json\/wp\/v2\/comments?post=14654"}],"version-history":[{"count":2,"href":"https:\/\/latamreports.com\/br\/wp-json\/wp\/v2\/posts\/14654\/revisions"}],"predecessor-version":[{"id":14657,"href":"https:\/\/latamreports.com\/br\/wp-json\/wp\/v2\/posts\/14654\/revisions\/14657"}],"wp:featuredmedia":[{"embeddable":true,"href":"https:\/\/latamreports.com\/br\/wp-json\/wp\/v2\/media\/14656"}],"wp:attachment":[{"href":"https:\/\/latamreports.com\/br\/wp-json\/wp\/v2\/media?parent=14654"}],"wp:term":[{"taxonomy":"category","embeddable":true,"href":"https:\/\/latamreports.com\/br\/wp-json\/wp\/v2\/categories?post=14654"},{"taxonomy":"post_tag","embeddable":true,"href":"https:\/\/latamreports.com\/br\/wp-json\/wp\/v2\/tags?post=14654"}],"curies":[{"name":"wp","href":"https:\/\/api.w.org\/{rel}","templated":true}]}}