{"id":14635,"date":"2026-01-24T00:06:02","date_gmt":"2026-01-24T00:06:02","guid":{"rendered":"https:\/\/latamreports.com\/br\/?p=14635"},"modified":"2026-01-24T00:06:04","modified_gmt":"2026-01-24T00:06:04","slug":"da-bronca-da-cebola-a-geladeira-irritada-videos-de-alimentos-falantes-feitos-por-ia-dominam-as-redes-sociais","status":"publish","type":"post","link":"https:\/\/latamreports.com\/br\/da-bronca-da-cebola-a-geladeira-irritada-videos-de-alimentos-falantes-feitos-por-ia-dominam-as-redes-sociais\/","title":{"rendered":"Da \u201cbronca\u201d da cebola \u00e0 geladeira irritada: v\u00eddeos de alimentos falantes feitos por IA dominam as redes sociais"},"content":{"rendered":"\n<p>Bananas reclamando de ir para o<a href=\"https:\/\/latamreports.com\/br\/pf-mira-diretores-do-rioprevidencia-em-nova-operacao-que-investiga-aplicacoes-no-banco-master\/\"> lixo<\/a>, p\u00e3es revoltados com a geladeira e cebolas dando bronca em quem as corta errado. V\u00eddeos em que alimentos e objetos \u201cganham voz\u201d por meio de intelig\u00eancia artificial est\u00e3o se espalhando rapidamente pelas redes sociais, especialmente no TikTok e no Instagram, misturando humor, dicas dom\u00e9sticas e personagens falantes que chamam a aten\u00e7\u00e3o do p\u00fablico.<\/p>\n\n\n\n<p>Em algumas grava\u00e7\u00f5es que viralizaram nas \u00faltimas semanas, uma casca de banana pede para ser reaproveitada como adubo, enquanto um p\u00e3o de forma afirma que a geladeira o deixa \u201cduro e sem gra\u00e7a\u201d. Em outros casos, geladeiras, esponjas de lou\u00e7a e at\u00e9 pastas de dente surgem com express\u00f5es irritadas, dando conselhos sobre uso e conserva\u00e7\u00e3o.<\/p>\n\n\n\n<p>Criados com ferramentas de IA generativa, esses v\u00eddeos costumam apresentar anima\u00e7\u00f5es realistas e falas sincronizadas, muitas vezes sem qualquer indica\u00e7\u00e3o da origem das informa\u00e7\u00f5es compartilhadas. Ainda assim, o formato tem conquistado milh\u00f5es de visualiza\u00e7\u00f5es e impulsionado perfis dedicados exclusivamente a esse tipo de conte\u00fado.<\/p>\n\n\n\n<p>O g1 identificou que parte dessas produ\u00e7\u00f5es utiliza o Veo 3, ferramenta de intelig\u00eancia artificial do Google capaz de gerar v\u00eddeos ultrarrealistas. A tecnologia j\u00e1 havia sido usada em outras trends ao longo de 2025, incluindo personagens fict\u00edcios que confundiram parte do p\u00fablico pela apar\u00eancia pr\u00f3xima \u00e0 de pessoas reais.<\/p>\n\n\n\n<h3 class=\"wp-block-heading\">Humor, engajamento e risco de desinforma\u00e7\u00e3o<\/h3>\n\n\n\n<p>Apesar do tom leve, especialistas alertam que nem todas as dicas apresentadas nesses v\u00eddeos s\u00e3o confi\u00e1veis. Para analisar o fen\u00f4meno, o g1 ouviu Angelica Mari, especialista em cyberpsicologia, \u00e1rea que estuda os impactos da tecnologia no comportamento humano.<\/p>\n\n\n\n<p>Segundo ela, ao humanizar objetos como geladeiras ou alimentos, o conte\u00fado cria uma falsa autoridade. A ideia impl\u00edcita \u00e9 que, por \u201cfalar\u201d, o objeto teria conhecimento t\u00e9cnico sobre conserva\u00e7\u00e3o ou uso adequado, o que nem sempre \u00e9 verdade.<\/p>\n\n\n\n<p>Mari destaca que algumas orienta\u00e7\u00f5es vistas nesses v\u00eddeos s\u00e3o discut\u00edveis, especialmente quando tratam de armazenamento e higiene de alimentos. Por isso, ela recomenda que o p\u00fablico encare o conte\u00fado como entretenimento e busque confirmar informa\u00e7\u00f5es em fontes confi\u00e1veis.<\/p>\n\n\n\n<p>Ao mesmo tempo, a especialista reconhece o poder de engajamento do formato. A linguagem simples, muitas vezes infantilizada ou narrativizada, facilita a assimila\u00e7\u00e3o da mensagem e cria proximidade emocional com quem assiste. Em compara\u00e7\u00e3o com campanhas institucionais tradicionais, esse tipo de comunica\u00e7\u00e3o tende a gerar mais aten\u00e7\u00e3o e compartilhamentos.<\/p>\n\n\n\n<p>O sucesso dos v\u00eddeos tamb\u00e9m deu origem a uma nova tend\u00eancia: usu\u00e1rios passaram a seguir, de forma bem-humorada, os \u201cconselhos\u201d dos alimentos falantes, reproduzindo situa\u00e7\u00f5es do cotidiano inspiradas nas falas criadas pela IA.<\/p>\n\n\n\n<p>Entre divers\u00e3o e informa\u00e7\u00e3o, a trend escancara um desafio cada vez mais presente nas redes: diferenciar conte\u00fado criativo de orienta\u00e7\u00f5es confi\u00e1veis, em um ambiente onde personagens artificiais falam com naturalidade e viralizam em poucos minutos.<\/p>\n","protected":false},"excerpt":{"rendered":"<p>Bananas reclamando de ir para o lixo, p\u00e3es revoltados com a geladeira e cebolas dando bronca em quem as corta errado. V\u00eddeos em que alimentos &#8230; <a title=\"Da \u201cbronca\u201d da cebola \u00e0 geladeira irritada: v\u00eddeos de alimentos falantes feitos por IA dominam as redes sociais\" class=\"read-more\" href=\"https:\/\/latamreports.com\/br\/da-bronca-da-cebola-a-geladeira-irritada-videos-de-alimentos-falantes-feitos-por-ia-dominam-as-redes-sociais\/\" aria-label=\"Read more about Da \u201cbronca\u201d da cebola \u00e0 geladeira irritada: v\u00eddeos de alimentos falantes feitos por IA dominam as redes sociais\">Read more<\/a><\/p>\n","protected":false},"author":7,"featured_media":14636,"comment_status":"closed","ping_status":"closed","sticky":false,"template":"","format":"standard","meta":{"footnotes":"","jetpack_publicize_message":"","jetpack_publicize_feature_enabled":true,"jetpack_social_post_already_shared":true,"jetpack_social_options":{"image_generator_settings":{"template":"highway","default_image_id":0,"font":"","enabled":false},"version":2}},"categories":[2,24],"tags":[31],"class_list":["post-14635","post","type-post","status-publish","format-standard","has-post-thumbnail","hentry","category-negocios","category-opiniao","tag-brasil","resize-featured-image"],"yoast_head":"<!-- This site is optimized with the Yoast SEO plugin v27.5 - https:\/\/yoast.com\/product\/yoast-seo-wordpress\/ -->\n<title>Da \u201cbronca\u201d da cebola \u00e0 geladeira irritada: v\u00eddeos de alimentos<\/title>\n<meta name=\"description\" content=\"Bananas reclamando de ir para o lixo, p\u00e3es revoltados com a geladeira e cebolas dando bronca em quem as corta errado\" \/>\n<meta name=\"robots\" content=\"index, follow, max-snippet:-1, max-image-preview:large, max-video-preview:-1\" \/>\n<link rel=\"canonical\" href=\"https:\/\/latamreports.com\/br\/da-bronca-da-cebola-a-geladeira-irritada-videos-de-alimentos-falantes-feitos-por-ia-dominam-as-redes-sociais\/\" \/>\n<meta property=\"og:locale\" content=\"en_US\" \/>\n<meta property=\"og:type\" content=\"article\" \/>\n<meta property=\"og:title\" content=\"Da \u201cbronca\u201d da cebola \u00e0 geladeira irritada: v\u00eddeos de alimentos\" \/>\n<meta property=\"og:description\" content=\"Bananas reclamando de ir para o lixo, p\u00e3es revoltados com a geladeira e cebolas dando bronca em quem as corta errado\" \/>\n<meta property=\"og:url\" content=\"https:\/\/latamreports.com\/br\/da-bronca-da-cebola-a-geladeira-irritada-videos-de-alimentos-falantes-feitos-por-ia-dominam-as-redes-sociais\/\" \/>\n<meta property=\"og:site_name\" content=\"LatAm Reports\" \/>\n<meta property=\"article:publisher\" content=\"https:\/\/facebook.com\/latamreports\" \/>\n<meta property=\"article:published_time\" content=\"2026-01-24T00:06:02+00:00\" \/>\n<meta property=\"article:modified_time\" content=\"2026-01-24T00:06:04+00:00\" \/>\n<meta property=\"og:image\" content=\"https:\/\/latamreports.com\/br\/wp-content\/uploads\/geladeira-cebola.png\" \/>\n\t<meta property=\"og:image:width\" content=\"1200\" \/>\n\t<meta property=\"og:image:height\" content=\"630\" \/>\n\t<meta property=\"og:image:type\" content=\"image\/png\" \/>\n<meta name=\"author\" content=\"LatAm Reports Redatores da Equipe\" \/>\n<meta name=\"twitter:card\" content=\"summary_large_image\" \/>\n<meta name=\"twitter:creator\" content=\"@latamreports\" \/>\n<meta name=\"twitter:site\" content=\"@latamreports\" \/>\n<meta name=\"twitter:label1\" content=\"Written by\" \/>\n\t<meta name=\"twitter:data1\" content=\"LatAm Reports Redatores da Equipe\" \/>\n\t<meta name=\"twitter:label2\" content=\"Est. reading time\" \/>\n\t<meta name=\"twitter:data2\" content=\"3 minutes\" \/>\n<script type=\"application\/ld+json\" class=\"yoast-schema-graph\">{\"@context\":\"https:\\\/\\\/schema.org\",\"@graph\":[{\"@type\":\"Article\",\"@id\":\"https:\\\/\\\/latamreports.com\\\/br\\\/da-bronca-da-cebola-a-geladeira-irritada-videos-de-alimentos-falantes-feitos-por-ia-dominam-as-redes-sociais\\\/#article\",\"isPartOf\":{\"@id\":\"https:\\\/\\\/latamreports.com\\\/br\\\/da-bronca-da-cebola-a-geladeira-irritada-videos-de-alimentos-falantes-feitos-por-ia-dominam-as-redes-sociais\\\/\"},\"author\":{\"name\":\"LatAm Reports Redatores da Equipe\",\"@id\":\"https:\\\/\\\/latamreports.com\\\/br\\\/#\\\/schema\\\/person\\\/a561f2de7e5ccabfab38d239b39fdb70\"},\"headline\":\"Da \u201cbronca\u201d da cebola \u00e0 geladeira irritada: v\u00eddeos de alimentos falantes feitos por IA dominam as redes sociais\",\"datePublished\":\"2026-01-24T00:06:02+00:00\",\"dateModified\":\"2026-01-24T00:06:04+00:00\",\"mainEntityOfPage\":{\"@id\":\"https:\\\/\\\/latamreports.com\\\/br\\\/da-bronca-da-cebola-a-geladeira-irritada-videos-de-alimentos-falantes-feitos-por-ia-dominam-as-redes-sociais\\\/\"},\"wordCount\":517,\"publisher\":{\"@id\":\"https:\\\/\\\/latamreports.com\\\/br\\\/#organization\"},\"image\":{\"@id\":\"https:\\\/\\\/latamreports.com\\\/br\\\/da-bronca-da-cebola-a-geladeira-irritada-videos-de-alimentos-falantes-feitos-por-ia-dominam-as-redes-sociais\\\/#primaryimage\"},\"thumbnailUrl\":\"https:\\\/\\\/latamreports.com\\\/br\\\/wp-content\\\/uploads\\\/geladeira-cebola.png\",\"keywords\":[\"Brasil\"],\"articleSection\":[\"Neg\u00f3cios\",\"Opini\u00e3o\"],\"inLanguage\":\"en-US\"},{\"@type\":\"WebPage\",\"@id\":\"https:\\\/\\\/latamreports.com\\\/br\\\/da-bronca-da-cebola-a-geladeira-irritada-videos-de-alimentos-falantes-feitos-por-ia-dominam-as-redes-sociais\\\/\",\"url\":\"https:\\\/\\\/latamreports.com\\\/br\\\/da-bronca-da-cebola-a-geladeira-irritada-videos-de-alimentos-falantes-feitos-por-ia-dominam-as-redes-sociais\\\/\",\"name\":\"Da \u201cbronca\u201d da cebola \u00e0 geladeira irritada: v\u00eddeos de alimentos\",\"isPartOf\":{\"@id\":\"https:\\\/\\\/latamreports.com\\\/br\\\/#website\"},\"primaryImageOfPage\":{\"@id\":\"https:\\\/\\\/latamreports.com\\\/br\\\/da-bronca-da-cebola-a-geladeira-irritada-videos-de-alimentos-falantes-feitos-por-ia-dominam-as-redes-sociais\\\/#primaryimage\"},\"image\":{\"@id\":\"https:\\\/\\\/latamreports.com\\\/br\\\/da-bronca-da-cebola-a-geladeira-irritada-videos-de-alimentos-falantes-feitos-por-ia-dominam-as-redes-sociais\\\/#primaryimage\"},\"thumbnailUrl\":\"https:\\\/\\\/latamreports.com\\\/br\\\/wp-content\\\/uploads\\\/geladeira-cebola.png\",\"datePublished\":\"2026-01-24T00:06:02+00:00\",\"dateModified\":\"2026-01-24T00:06:04+00:00\",\"description\":\"Bananas reclamando de ir para o lixo, p\u00e3es revoltados com a geladeira e cebolas dando bronca em quem as corta errado\",\"breadcrumb\":{\"@id\":\"https:\\\/\\\/latamreports.com\\\/br\\\/da-bronca-da-cebola-a-geladeira-irritada-videos-de-alimentos-falantes-feitos-por-ia-dominam-as-redes-sociais\\\/#breadcrumb\"},\"inLanguage\":\"en-US\",\"potentialAction\":[{\"@type\":\"ReadAction\",\"target\":[\"https:\\\/\\\/latamreports.com\\\/br\\\/da-bronca-da-cebola-a-geladeira-irritada-videos-de-alimentos-falantes-feitos-por-ia-dominam-as-redes-sociais\\\/\"]}]},{\"@type\":\"ImageObject\",\"inLanguage\":\"en-US\",\"@id\":\"https:\\\/\\\/latamreports.com\\\/br\\\/da-bronca-da-cebola-a-geladeira-irritada-videos-de-alimentos-falantes-feitos-por-ia-dominam-as-redes-sociais\\\/#primaryimage\",\"url\":\"https:\\\/\\\/latamreports.com\\\/br\\\/wp-content\\\/uploads\\\/geladeira-cebola.png\",\"contentUrl\":\"https:\\\/\\\/latamreports.com\\\/br\\\/wp-content\\\/uploads\\\/geladeira-cebola.png\",\"width\":1200,\"height\":630,\"caption\":\"Da \u201cbronca\u201d da cebola \u00e0 geladeira irritada: v\u00eddeos de alimentos falantes feitos por IA dominam as redes sociais\"},{\"@type\":\"BreadcrumbList\",\"@id\":\"https:\\\/\\\/latamreports.com\\\/br\\\/da-bronca-da-cebola-a-geladeira-irritada-videos-de-alimentos-falantes-feitos-por-ia-dominam-as-redes-sociais\\\/#breadcrumb\",\"itemListElement\":[{\"@type\":\"ListItem\",\"position\":1,\"name\":\"Home\",\"item\":\"https:\\\/\\\/latamreports.com\\\/br\\\/\"},{\"@type\":\"ListItem\",\"position\":2,\"name\":\"Da \u201cbronca\u201d da cebola \u00e0 geladeira irritada: v\u00eddeos de alimentos falantes feitos por IA dominam as redes sociais\"}]},{\"@type\":\"WebSite\",\"@id\":\"https:\\\/\\\/latamreports.com\\\/br\\\/#website\",\"url\":\"https:\\\/\\\/latamreports.com\\\/br\\\/\",\"name\":\"LatAm Reports\",\"description\":\"Not\u00edcias e opini\u00f5es de todas as Am\u00e9ricas\",\"publisher\":{\"@id\":\"https:\\\/\\\/latamreports.com\\\/br\\\/#organization\"},\"potentialAction\":[{\"@type\":\"SearchAction\",\"target\":{\"@type\":\"EntryPoint\",\"urlTemplate\":\"https:\\\/\\\/latamreports.com\\\/br\\\/?s={search_term_string}\"},\"query-input\":{\"@type\":\"PropertyValueSpecification\",\"valueRequired\":true,\"valueName\":\"search_term_string\"}}],\"inLanguage\":\"en-US\"},{\"@type\":\"Organization\",\"@id\":\"https:\\\/\\\/latamreports.com\\\/br\\\/#organization\",\"name\":\"LatAm Reports\",\"url\":\"https:\\\/\\\/latamreports.com\\\/br\\\/\",\"logo\":{\"@type\":\"ImageObject\",\"inLanguage\":\"en-US\",\"@id\":\"https:\\\/\\\/latamreports.com\\\/br\\\/#\\\/schema\\\/logo\\\/image\\\/\",\"url\":\"https:\\\/\\\/latamreports.com\\\/br\\\/wp-content\\\/uploads\\\/cropped-PNG2.png\",\"contentUrl\":\"https:\\\/\\\/latamreports.com\\\/br\\\/wp-content\\\/uploads\\\/cropped-PNG2.png\",\"width\":2522,\"height\":1014,\"caption\":\"LatAm Reports\"},\"image\":{\"@id\":\"https:\\\/\\\/latamreports.com\\\/br\\\/#\\\/schema\\\/logo\\\/image\\\/\"},\"sameAs\":[\"https:\\\/\\\/facebook.com\\\/latamreports\",\"https:\\\/\\\/x.com\\\/latamreports\"]},{\"@type\":\"Person\",\"@id\":\"https:\\\/\\\/latamreports.com\\\/br\\\/#\\\/schema\\\/person\\\/a561f2de7e5ccabfab38d239b39fdb70\",\"name\":\"LatAm Reports Redatores da Equipe\",\"image\":{\"@type\":\"ImageObject\",\"inLanguage\":\"en-US\",\"@id\":\"https:\\\/\\\/secure.gravatar.com\\\/avatar\\\/dcdcc93cc5edddd2f3ef77245866172c7d7241a11ad58e1959aa824f2fae81f6?s=96&d=mm&r=g\",\"url\":\"https:\\\/\\\/secure.gravatar.com\\\/avatar\\\/dcdcc93cc5edddd2f3ef77245866172c7d7241a11ad58e1959aa824f2fae81f6?s=96&d=mm&r=g\",\"contentUrl\":\"https:\\\/\\\/secure.gravatar.com\\\/avatar\\\/dcdcc93cc5edddd2f3ef77245866172c7d7241a11ad58e1959aa824f2fae81f6?s=96&d=mm&r=g\",\"caption\":\"LatAm Reports Redatores da Equipe\"}}]}<\/script>\n<!-- \/ Yoast SEO plugin. -->","yoast_head_json":{"title":"Da \u201cbronca\u201d da cebola \u00e0 geladeira irritada: v\u00eddeos de alimentos","description":"Bananas reclamando de ir para o lixo, p\u00e3es revoltados com a geladeira e cebolas dando bronca em quem as corta errado","robots":{"index":"index","follow":"follow","max-snippet":"max-snippet:-1","max-image-preview":"max-image-preview:large","max-video-preview":"max-video-preview:-1"},"canonical":"https:\/\/latamreports.com\/br\/da-bronca-da-cebola-a-geladeira-irritada-videos-de-alimentos-falantes-feitos-por-ia-dominam-as-redes-sociais\/","og_locale":"en_US","og_type":"article","og_title":"Da \u201cbronca\u201d da cebola \u00e0 geladeira irritada: v\u00eddeos de alimentos","og_description":"Bananas reclamando de ir para o lixo, p\u00e3es revoltados com a geladeira e cebolas dando bronca em quem as corta errado","og_url":"https:\/\/latamreports.com\/br\/da-bronca-da-cebola-a-geladeira-irritada-videos-de-alimentos-falantes-feitos-por-ia-dominam-as-redes-sociais\/","og_site_name":"LatAm Reports","article_publisher":"https:\/\/facebook.com\/latamreports","article_published_time":"2026-01-24T00:06:02+00:00","article_modified_time":"2026-01-24T00:06:04+00:00","og_image":[{"width":1200,"height":630,"url":"https:\/\/latamreports.com\/br\/wp-content\/uploads\/geladeira-cebola.png","type":"image\/png"}],"author":"LatAm Reports Redatores da Equipe","twitter_card":"summary_large_image","twitter_creator":"@latamreports","twitter_site":"@latamreports","twitter_misc":{"Written by":"LatAm Reports Redatores da Equipe","Est. reading time":"3 minutes"},"schema":{"@context":"https:\/\/schema.org","@graph":[{"@type":"Article","@id":"https:\/\/latamreports.com\/br\/da-bronca-da-cebola-a-geladeira-irritada-videos-de-alimentos-falantes-feitos-por-ia-dominam-as-redes-sociais\/#article","isPartOf":{"@id":"https:\/\/latamreports.com\/br\/da-bronca-da-cebola-a-geladeira-irritada-videos-de-alimentos-falantes-feitos-por-ia-dominam-as-redes-sociais\/"},"author":{"name":"LatAm Reports Redatores da Equipe","@id":"https:\/\/latamreports.com\/br\/#\/schema\/person\/a561f2de7e5ccabfab38d239b39fdb70"},"headline":"Da \u201cbronca\u201d da cebola \u00e0 geladeira irritada: v\u00eddeos de alimentos falantes feitos por IA dominam as redes sociais","datePublished":"2026-01-24T00:06:02+00:00","dateModified":"2026-01-24T00:06:04+00:00","mainEntityOfPage":{"@id":"https:\/\/latamreports.com\/br\/da-bronca-da-cebola-a-geladeira-irritada-videos-de-alimentos-falantes-feitos-por-ia-dominam-as-redes-sociais\/"},"wordCount":517,"publisher":{"@id":"https:\/\/latamreports.com\/br\/#organization"},"image":{"@id":"https:\/\/latamreports.com\/br\/da-bronca-da-cebola-a-geladeira-irritada-videos-de-alimentos-falantes-feitos-por-ia-dominam-as-redes-sociais\/#primaryimage"},"thumbnailUrl":"https:\/\/latamreports.com\/br\/wp-content\/uploads\/geladeira-cebola.png","keywords":["Brasil"],"articleSection":["Neg\u00f3cios","Opini\u00e3o"],"inLanguage":"en-US"},{"@type":"WebPage","@id":"https:\/\/latamreports.com\/br\/da-bronca-da-cebola-a-geladeira-irritada-videos-de-alimentos-falantes-feitos-por-ia-dominam-as-redes-sociais\/","url":"https:\/\/latamreports.com\/br\/da-bronca-da-cebola-a-geladeira-irritada-videos-de-alimentos-falantes-feitos-por-ia-dominam-as-redes-sociais\/","name":"Da \u201cbronca\u201d da cebola \u00e0 geladeira irritada: v\u00eddeos de alimentos","isPartOf":{"@id":"https:\/\/latamreports.com\/br\/#website"},"primaryImageOfPage":{"@id":"https:\/\/latamreports.com\/br\/da-bronca-da-cebola-a-geladeira-irritada-videos-de-alimentos-falantes-feitos-por-ia-dominam-as-redes-sociais\/#primaryimage"},"image":{"@id":"https:\/\/latamreports.com\/br\/da-bronca-da-cebola-a-geladeira-irritada-videos-de-alimentos-falantes-feitos-por-ia-dominam-as-redes-sociais\/#primaryimage"},"thumbnailUrl":"https:\/\/latamreports.com\/br\/wp-content\/uploads\/geladeira-cebola.png","datePublished":"2026-01-24T00:06:02+00:00","dateModified":"2026-01-24T00:06:04+00:00","description":"Bananas reclamando de ir para o lixo, p\u00e3es revoltados com a geladeira e cebolas dando bronca em quem as corta errado","breadcrumb":{"@id":"https:\/\/latamreports.com\/br\/da-bronca-da-cebola-a-geladeira-irritada-videos-de-alimentos-falantes-feitos-por-ia-dominam-as-redes-sociais\/#breadcrumb"},"inLanguage":"en-US","potentialAction":[{"@type":"ReadAction","target":["https:\/\/latamreports.com\/br\/da-bronca-da-cebola-a-geladeira-irritada-videos-de-alimentos-falantes-feitos-por-ia-dominam-as-redes-sociais\/"]}]},{"@type":"ImageObject","inLanguage":"en-US","@id":"https:\/\/latamreports.com\/br\/da-bronca-da-cebola-a-geladeira-irritada-videos-de-alimentos-falantes-feitos-por-ia-dominam-as-redes-sociais\/#primaryimage","url":"https:\/\/latamreports.com\/br\/wp-content\/uploads\/geladeira-cebola.png","contentUrl":"https:\/\/latamreports.com\/br\/wp-content\/uploads\/geladeira-cebola.png","width":1200,"height":630,"caption":"Da \u201cbronca\u201d da cebola \u00e0 geladeira irritada: v\u00eddeos de alimentos falantes feitos por IA dominam as redes sociais"},{"@type":"BreadcrumbList","@id":"https:\/\/latamreports.com\/br\/da-bronca-da-cebola-a-geladeira-irritada-videos-de-alimentos-falantes-feitos-por-ia-dominam-as-redes-sociais\/#breadcrumb","itemListElement":[{"@type":"ListItem","position":1,"name":"Home","item":"https:\/\/latamreports.com\/br\/"},{"@type":"ListItem","position":2,"name":"Da \u201cbronca\u201d da cebola \u00e0 geladeira irritada: v\u00eddeos de alimentos falantes feitos por IA dominam as redes sociais"}]},{"@type":"WebSite","@id":"https:\/\/latamreports.com\/br\/#website","url":"https:\/\/latamreports.com\/br\/","name":"LatAm Reports","description":"Not\u00edcias e opini\u00f5es de todas as Am\u00e9ricas","publisher":{"@id":"https:\/\/latamreports.com\/br\/#organization"},"potentialAction":[{"@type":"SearchAction","target":{"@type":"EntryPoint","urlTemplate":"https:\/\/latamreports.com\/br\/?s={search_term_string}"},"query-input":{"@type":"PropertyValueSpecification","valueRequired":true,"valueName":"search_term_string"}}],"inLanguage":"en-US"},{"@type":"Organization","@id":"https:\/\/latamreports.com\/br\/#organization","name":"LatAm Reports","url":"https:\/\/latamreports.com\/br\/","logo":{"@type":"ImageObject","inLanguage":"en-US","@id":"https:\/\/latamreports.com\/br\/#\/schema\/logo\/image\/","url":"https:\/\/latamreports.com\/br\/wp-content\/uploads\/cropped-PNG2.png","contentUrl":"https:\/\/latamreports.com\/br\/wp-content\/uploads\/cropped-PNG2.png","width":2522,"height":1014,"caption":"LatAm Reports"},"image":{"@id":"https:\/\/latamreports.com\/br\/#\/schema\/logo\/image\/"},"sameAs":["https:\/\/facebook.com\/latamreports","https:\/\/x.com\/latamreports"]},{"@type":"Person","@id":"https:\/\/latamreports.com\/br\/#\/schema\/person\/a561f2de7e5ccabfab38d239b39fdb70","name":"LatAm Reports Redatores da Equipe","image":{"@type":"ImageObject","inLanguage":"en-US","@id":"https:\/\/secure.gravatar.com\/avatar\/dcdcc93cc5edddd2f3ef77245866172c7d7241a11ad58e1959aa824f2fae81f6?s=96&d=mm&r=g","url":"https:\/\/secure.gravatar.com\/avatar\/dcdcc93cc5edddd2f3ef77245866172c7d7241a11ad58e1959aa824f2fae81f6?s=96&d=mm&r=g","contentUrl":"https:\/\/secure.gravatar.com\/avatar\/dcdcc93cc5edddd2f3ef77245866172c7d7241a11ad58e1959aa824f2fae81f6?s=96&d=mm&r=g","caption":"LatAm Reports Redatores da Equipe"}}]}},"jetpack_publicize_connections":[],"_links":{"self":[{"href":"https:\/\/latamreports.com\/br\/wp-json\/wp\/v2\/posts\/14635","targetHints":{"allow":["GET"]}}],"collection":[{"href":"https:\/\/latamreports.com\/br\/wp-json\/wp\/v2\/posts"}],"about":[{"href":"https:\/\/latamreports.com\/br\/wp-json\/wp\/v2\/types\/post"}],"author":[{"embeddable":true,"href":"https:\/\/latamreports.com\/br\/wp-json\/wp\/v2\/users\/7"}],"replies":[{"embeddable":true,"href":"https:\/\/latamreports.com\/br\/wp-json\/wp\/v2\/comments?post=14635"}],"version-history":[{"count":1,"href":"https:\/\/latamreports.com\/br\/wp-json\/wp\/v2\/posts\/14635\/revisions"}],"predecessor-version":[{"id":14637,"href":"https:\/\/latamreports.com\/br\/wp-json\/wp\/v2\/posts\/14635\/revisions\/14637"}],"wp:featuredmedia":[{"embeddable":true,"href":"https:\/\/latamreports.com\/br\/wp-json\/wp\/v2\/media\/14636"}],"wp:attachment":[{"href":"https:\/\/latamreports.com\/br\/wp-json\/wp\/v2\/media?parent=14635"}],"wp:term":[{"taxonomy":"category","embeddable":true,"href":"https:\/\/latamreports.com\/br\/wp-json\/wp\/v2\/categories?post=14635"},{"taxonomy":"post_tag","embeddable":true,"href":"https:\/\/latamreports.com\/br\/wp-json\/wp\/v2\/tags?post=14635"}],"curies":[{"name":"wp","href":"https:\/\/api.w.org\/{rel}","templated":true}]}}