{"id":14625,"date":"2026-01-21T20:23:58","date_gmt":"2026-01-21T20:23:58","guid":{"rendered":"https:\/\/latamreports.com\/br\/?p=14625"},"modified":"2026-01-21T20:24:01","modified_gmt":"2026-01-21T20:24:01","slug":"banco-central-decreta-liquidacao-extrajudicial-do-will-bank-ligado-ao-conglomerado-do-banco-master","status":"publish","type":"post","link":"https:\/\/latamreports.com\/br\/banco-central-decreta-liquidacao-extrajudicial-do-will-bank-ligado-ao-conglomerado-do-banco-master\/","title":{"rendered":"Banco Central decreta liquida\u00e7\u00e3o extrajudicial do Will Bank, ligado ao conglomerado do Banco Master"},"content":{"rendered":"\n<p>O<a href=\"https:\/\/latamreports.com\/br\/bc-autorizou-banco-para-ex-socio-do-master-mesmo-sob-suspeitas-de-fraudes-com-carteiras-de-credito\/\"> Banco Central<\/a> decretou nesta quarta-feira (21) a liquida\u00e7\u00e3o extrajudicial da Will Financeira S.A. Cr\u00e9dito, Financiamento e Investimento, conhecida no mercado como Will Bank. A institui\u00e7\u00e3o integrava o conglomerado do Banco Master e j\u00e1 operava sob interven\u00e7\u00e3o desde a liquida\u00e7\u00e3o da controladora, no fim de 2025.<\/p>\n\n\n\n<p>Segundo o BC, a medida foi tomada ap\u00f3s a constata\u00e7\u00e3o do comprometimento da situa\u00e7\u00e3o econ\u00f4mico-financeira do banco digital e da incapacidade de honrar suas pr\u00f3prias obriga\u00e7\u00f5es. Com a decis\u00e3o, as atividades da institui\u00e7\u00e3o s\u00e3o interrompidas de forma definitiva.<\/p>\n\n\n\n<p>Criado com foco em inclus\u00e3o financeira, o Will Bank atuava principalmente junto a clientes de renda m\u00e9dia e baixa. A base de usu\u00e1rios estava concentrada no Nordeste, regi\u00e3o que reunia cerca de 60% dos clientes. Em materiais institucionais, a empresa afirmava ter alcan\u00e7ado aproximadamente 12 milh\u00f5es de usu\u00e1rios em todo o pa\u00eds.<\/p>\n\n\n\n<p>Desde a liquida\u00e7\u00e3o do Banco Master, em novembro, o Will Bank estava sob Regime Especial de Administra\u00e7\u00e3o Tempor\u00e1ria (Raet). Nesse modelo, o Banco Central assume temporariamente o controle da institui\u00e7\u00e3o para tentar evitar o agravamento da crise e reduzir riscos ao sistema financeiro.<\/p>\n\n\n\n<h3 class=\"wp-block-heading\">Por que o BC decidiu liquidar o Will Bank agora<\/h3>\n\n\n\n<p>De acordo com o Banco Central, a insolv\u00eancia do Will Bank est\u00e1 diretamente ligada ao v\u00ednculo de controle exercido pelo Banco Master, j\u00e1 liquidado. A expectativa inicial da autoridade monet\u00e1ria era encontrar uma solu\u00e7\u00e3o que preservasse a opera\u00e7\u00e3o da financeira, inclusive por meio da venda a um novo investidor.<\/p>\n\n\n\n<p>Segundo apura\u00e7\u00e3o do g1, houve negocia\u00e7\u00f5es avan\u00e7adas com um investidor estrangeiro, de origem \u00e1rabe, interessado na aquisi\u00e7\u00e3o do banco digital. No entanto, o neg\u00f3cio n\u00e3o foi conclu\u00eddo. Com isso, a situa\u00e7\u00e3o financeira da institui\u00e7\u00e3o continuou a se deteriorar.<\/p>\n\n\n\n<p>Na segunda-feira (19), a Mastercard informou que a Will Financeira deixou de cumprir a grade de pagamentos devida ao arranjo. No dia seguinte, a bandeira anunciou a suspens\u00e3o da aceita\u00e7\u00e3o dos cart\u00f5es emitidos pelo banco, em raz\u00e3o do inadimplemento. Esse epis\u00f3dio foi considerado determinante para a decis\u00e3o do Banco Central.<\/p>\n\n\n\n<p>Diante da impossibilidade de reestrutura\u00e7\u00e3o e do ac\u00famulo de d\u00edvidas, o BC avaliou que n\u00e3o havia mais alternativas vi\u00e1veis, tornando inevit\u00e1vel a liquida\u00e7\u00e3o extrajudicial.<\/p>\n\n\n\n<p>Com o encerramento das atividades, caber\u00e1 ao Fundo Garantidor de Cr\u00e9dito (FGC) ressarcir os credores eleg\u00edveis. A estimativa inicial \u00e9 de que a opera\u00e7\u00e3o gere um custo pr\u00f3ximo de R$ 5 bilh\u00f5es ao fundo. O FGC cobre valores de at\u00e9 R$ 250 mil por CPF ou CNPJ, somando principal e rendimentos at\u00e9 a data da liquida\u00e7\u00e3o.<\/p>\n\n\n\n<p>O caso do Will Bank se insere no contexto mais amplo do colapso do conglomerado Master. O Banco Master foi liquidado pelo Banco Central em dezembro de 2025, ap\u00f3s enfrentar dificuldades severas de liquidez, alto custo de capta\u00e7\u00e3o e exposi\u00e7\u00e3o a opera\u00e7\u00f5es consideradas de risco elevado. Tentativas de venda da institui\u00e7\u00e3o n\u00e3o avan\u00e7aram, em meio a questionamentos de \u00f3rg\u00e3os de controle e investiga\u00e7\u00f5es em curso.<\/p>\n\n\n\n<p>Em nota oficial, o Banco Central afirmou que seguir\u00e1 apurando responsabilidades administrativas e que os bens dos controladores e ex-administradores da institui\u00e7\u00e3o permanecem indispon\u00edveis, conforme prev\u00ea a legisla\u00e7\u00e3o.<\/p>\n","protected":false},"excerpt":{"rendered":"<p>O Banco Central decretou nesta quarta-feira (21) a liquida\u00e7\u00e3o extrajudicial da Will Financeira S.A. Cr\u00e9dito, Financiamento e Investimento, conhecida no mercado como Will Bank. A &#8230; <a title=\"Banco Central decreta liquida\u00e7\u00e3o extrajudicial do Will Bank, ligado ao conglomerado do Banco Master\" class=\"read-more\" href=\"https:\/\/latamreports.com\/br\/banco-central-decreta-liquidacao-extrajudicial-do-will-bank-ligado-ao-conglomerado-do-banco-master\/\" aria-label=\"Read more about Banco Central decreta liquida\u00e7\u00e3o extrajudicial do Will Bank, ligado ao conglomerado do Banco Master\">Read more<\/a><\/p>\n","protected":false},"author":7,"featured_media":14626,"comment_status":"closed","ping_status":"closed","sticky":false,"template":"","format":"standard","meta":{"footnotes":"","jetpack_publicize_message":"","jetpack_publicize_feature_enabled":true,"jetpack_social_post_already_shared":true,"jetpack_social_options":{"image_generator_settings":{"template":"highway","default_image_id":0,"font":"","enabled":false},"version":2}},"categories":[2],"tags":[31],"class_list":["post-14625","post","type-post","status-publish","format-standard","has-post-thumbnail","hentry","category-negocios","tag-brasil","resize-featured-image"],"yoast_head":"<!-- This site is optimized with the Yoast SEO plugin v27.5 - https:\/\/yoast.com\/product\/yoast-seo-wordpress\/ -->\n<title>Banco Central decreta liquida\u00e7\u00e3o extrajudicial do Will Bank<\/title>\n<meta name=\"description\" content=\"O Banco Central decretou nesta quarta-feira (21) a liquida\u00e7\u00e3o extrajudicial da Will Financeira S.A. Cr\u00e9dito, Financiamento\" \/>\n<meta name=\"robots\" content=\"index, follow, max-snippet:-1, max-image-preview:large, max-video-preview:-1\" \/>\n<link rel=\"canonical\" href=\"https:\/\/latamreports.com\/br\/banco-central-decreta-liquidacao-extrajudicial-do-will-bank-ligado-ao-conglomerado-do-banco-master\/\" \/>\n<meta property=\"og:locale\" content=\"en_US\" \/>\n<meta property=\"og:type\" content=\"article\" \/>\n<meta property=\"og:title\" content=\"Banco Central decreta liquida\u00e7\u00e3o extrajudicial do Will Bank\" \/>\n<meta property=\"og:description\" content=\"O Banco Central decretou nesta quarta-feira (21) a liquida\u00e7\u00e3o extrajudicial da Will Financeira S.A. Cr\u00e9dito, Financiamento\" \/>\n<meta property=\"og:url\" content=\"https:\/\/latamreports.com\/br\/banco-central-decreta-liquidacao-extrajudicial-do-will-bank-ligado-ao-conglomerado-do-banco-master\/\" \/>\n<meta property=\"og:site_name\" content=\"LatAm Reports\" \/>\n<meta property=\"article:publisher\" content=\"https:\/\/facebook.com\/latamreports\" \/>\n<meta property=\"article:published_time\" content=\"2026-01-21T20:23:58+00:00\" \/>\n<meta property=\"article:modified_time\" content=\"2026-01-21T20:24:01+00:00\" \/>\n<meta property=\"og:image\" content=\"https:\/\/latamreports.com\/br\/wp-content\/uploads\/BC-BANCO-CENTRAL-WILL-BANK-MASTER.png\" \/>\n\t<meta property=\"og:image:width\" content=\"1200\" \/>\n\t<meta property=\"og:image:height\" content=\"630\" \/>\n\t<meta property=\"og:image:type\" content=\"image\/png\" \/>\n<meta name=\"author\" content=\"LatAm Reports Redatores da Equipe\" \/>\n<meta name=\"twitter:card\" content=\"summary_large_image\" \/>\n<meta name=\"twitter:creator\" content=\"@latamreports\" \/>\n<meta name=\"twitter:site\" content=\"@latamreports\" \/>\n<meta name=\"twitter:label1\" content=\"Written by\" \/>\n\t<meta name=\"twitter:data1\" content=\"LatAm Reports Redatores da Equipe\" \/>\n\t<meta name=\"twitter:label2\" content=\"Est. reading time\" \/>\n\t<meta name=\"twitter:data2\" content=\"3 minutes\" \/>\n<script type=\"application\/ld+json\" class=\"yoast-schema-graph\">{\"@context\":\"https:\\\/\\\/schema.org\",\"@graph\":[{\"@type\":\"Article\",\"@id\":\"https:\\\/\\\/latamreports.com\\\/br\\\/banco-central-decreta-liquidacao-extrajudicial-do-will-bank-ligado-ao-conglomerado-do-banco-master\\\/#article\",\"isPartOf\":{\"@id\":\"https:\\\/\\\/latamreports.com\\\/br\\\/banco-central-decreta-liquidacao-extrajudicial-do-will-bank-ligado-ao-conglomerado-do-banco-master\\\/\"},\"author\":{\"name\":\"LatAm Reports Redatores da Equipe\",\"@id\":\"https:\\\/\\\/latamreports.com\\\/br\\\/#\\\/schema\\\/person\\\/a561f2de7e5ccabfab38d239b39fdb70\"},\"headline\":\"Banco Central decreta liquida\u00e7\u00e3o extrajudicial do Will Bank, ligado ao conglomerado do Banco Master\",\"datePublished\":\"2026-01-21T20:23:58+00:00\",\"dateModified\":\"2026-01-21T20:24:01+00:00\",\"mainEntityOfPage\":{\"@id\":\"https:\\\/\\\/latamreports.com\\\/br\\\/banco-central-decreta-liquidacao-extrajudicial-do-will-bank-ligado-ao-conglomerado-do-banco-master\\\/\"},\"wordCount\":577,\"publisher\":{\"@id\":\"https:\\\/\\\/latamreports.com\\\/br\\\/#organization\"},\"image\":{\"@id\":\"https:\\\/\\\/latamreports.com\\\/br\\\/banco-central-decreta-liquidacao-extrajudicial-do-will-bank-ligado-ao-conglomerado-do-banco-master\\\/#primaryimage\"},\"thumbnailUrl\":\"https:\\\/\\\/latamreports.com\\\/br\\\/wp-content\\\/uploads\\\/BC-BANCO-CENTRAL-WILL-BANK-MASTER.png\",\"keywords\":[\"Brasil\"],\"articleSection\":[\"Neg\u00f3cios\"],\"inLanguage\":\"en-US\"},{\"@type\":\"WebPage\",\"@id\":\"https:\\\/\\\/latamreports.com\\\/br\\\/banco-central-decreta-liquidacao-extrajudicial-do-will-bank-ligado-ao-conglomerado-do-banco-master\\\/\",\"url\":\"https:\\\/\\\/latamreports.com\\\/br\\\/banco-central-decreta-liquidacao-extrajudicial-do-will-bank-ligado-ao-conglomerado-do-banco-master\\\/\",\"name\":\"Banco Central decreta liquida\u00e7\u00e3o extrajudicial do Will Bank\",\"isPartOf\":{\"@id\":\"https:\\\/\\\/latamreports.com\\\/br\\\/#website\"},\"primaryImageOfPage\":{\"@id\":\"https:\\\/\\\/latamreports.com\\\/br\\\/banco-central-decreta-liquidacao-extrajudicial-do-will-bank-ligado-ao-conglomerado-do-banco-master\\\/#primaryimage\"},\"image\":{\"@id\":\"https:\\\/\\\/latamreports.com\\\/br\\\/banco-central-decreta-liquidacao-extrajudicial-do-will-bank-ligado-ao-conglomerado-do-banco-master\\\/#primaryimage\"},\"thumbnailUrl\":\"https:\\\/\\\/latamreports.com\\\/br\\\/wp-content\\\/uploads\\\/BC-BANCO-CENTRAL-WILL-BANK-MASTER.png\",\"datePublished\":\"2026-01-21T20:23:58+00:00\",\"dateModified\":\"2026-01-21T20:24:01+00:00\",\"description\":\"O Banco Central decretou nesta quarta-feira (21) a liquida\u00e7\u00e3o extrajudicial da Will Financeira S.A. Cr\u00e9dito, Financiamento\",\"breadcrumb\":{\"@id\":\"https:\\\/\\\/latamreports.com\\\/br\\\/banco-central-decreta-liquidacao-extrajudicial-do-will-bank-ligado-ao-conglomerado-do-banco-master\\\/#breadcrumb\"},\"inLanguage\":\"en-US\",\"potentialAction\":[{\"@type\":\"ReadAction\",\"target\":[\"https:\\\/\\\/latamreports.com\\\/br\\\/banco-central-decreta-liquidacao-extrajudicial-do-will-bank-ligado-ao-conglomerado-do-banco-master\\\/\"]}]},{\"@type\":\"ImageObject\",\"inLanguage\":\"en-US\",\"@id\":\"https:\\\/\\\/latamreports.com\\\/br\\\/banco-central-decreta-liquidacao-extrajudicial-do-will-bank-ligado-ao-conglomerado-do-banco-master\\\/#primaryimage\",\"url\":\"https:\\\/\\\/latamreports.com\\\/br\\\/wp-content\\\/uploads\\\/BC-BANCO-CENTRAL-WILL-BANK-MASTER.png\",\"contentUrl\":\"https:\\\/\\\/latamreports.com\\\/br\\\/wp-content\\\/uploads\\\/BC-BANCO-CENTRAL-WILL-BANK-MASTER.png\",\"width\":1200,\"height\":630,\"caption\":\"Banco Central decreta liquida\u00e7\u00e3o extrajudicial do Will Bank, ligado ao conglomerado do Banco Master\"},{\"@type\":\"BreadcrumbList\",\"@id\":\"https:\\\/\\\/latamreports.com\\\/br\\\/banco-central-decreta-liquidacao-extrajudicial-do-will-bank-ligado-ao-conglomerado-do-banco-master\\\/#breadcrumb\",\"itemListElement\":[{\"@type\":\"ListItem\",\"position\":1,\"name\":\"Home\",\"item\":\"https:\\\/\\\/latamreports.com\\\/br\\\/\"},{\"@type\":\"ListItem\",\"position\":2,\"name\":\"Banco Central decreta liquida\u00e7\u00e3o extrajudicial do Will Bank, ligado ao conglomerado do Banco Master\"}]},{\"@type\":\"WebSite\",\"@id\":\"https:\\\/\\\/latamreports.com\\\/br\\\/#website\",\"url\":\"https:\\\/\\\/latamreports.com\\\/br\\\/\",\"name\":\"LatAm Reports\",\"description\":\"Not\u00edcias e opini\u00f5es de todas as Am\u00e9ricas\",\"publisher\":{\"@id\":\"https:\\\/\\\/latamreports.com\\\/br\\\/#organization\"},\"potentialAction\":[{\"@type\":\"SearchAction\",\"target\":{\"@type\":\"EntryPoint\",\"urlTemplate\":\"https:\\\/\\\/latamreports.com\\\/br\\\/?s={search_term_string}\"},\"query-input\":{\"@type\":\"PropertyValueSpecification\",\"valueRequired\":true,\"valueName\":\"search_term_string\"}}],\"inLanguage\":\"en-US\"},{\"@type\":\"Organization\",\"@id\":\"https:\\\/\\\/latamreports.com\\\/br\\\/#organization\",\"name\":\"LatAm Reports\",\"url\":\"https:\\\/\\\/latamreports.com\\\/br\\\/\",\"logo\":{\"@type\":\"ImageObject\",\"inLanguage\":\"en-US\",\"@id\":\"https:\\\/\\\/latamreports.com\\\/br\\\/#\\\/schema\\\/logo\\\/image\\\/\",\"url\":\"https:\\\/\\\/latamreports.com\\\/br\\\/wp-content\\\/uploads\\\/cropped-PNG2.png\",\"contentUrl\":\"https:\\\/\\\/latamreports.com\\\/br\\\/wp-content\\\/uploads\\\/cropped-PNG2.png\",\"width\":2522,\"height\":1014,\"caption\":\"LatAm Reports\"},\"image\":{\"@id\":\"https:\\\/\\\/latamreports.com\\\/br\\\/#\\\/schema\\\/logo\\\/image\\\/\"},\"sameAs\":[\"https:\\\/\\\/facebook.com\\\/latamreports\",\"https:\\\/\\\/x.com\\\/latamreports\"]},{\"@type\":\"Person\",\"@id\":\"https:\\\/\\\/latamreports.com\\\/br\\\/#\\\/schema\\\/person\\\/a561f2de7e5ccabfab38d239b39fdb70\",\"name\":\"LatAm Reports Redatores da Equipe\",\"image\":{\"@type\":\"ImageObject\",\"inLanguage\":\"en-US\",\"@id\":\"https:\\\/\\\/secure.gravatar.com\\\/avatar\\\/dcdcc93cc5edddd2f3ef77245866172c7d7241a11ad58e1959aa824f2fae81f6?s=96&d=mm&r=g\",\"url\":\"https:\\\/\\\/secure.gravatar.com\\\/avatar\\\/dcdcc93cc5edddd2f3ef77245866172c7d7241a11ad58e1959aa824f2fae81f6?s=96&d=mm&r=g\",\"contentUrl\":\"https:\\\/\\\/secure.gravatar.com\\\/avatar\\\/dcdcc93cc5edddd2f3ef77245866172c7d7241a11ad58e1959aa824f2fae81f6?s=96&d=mm&r=g\",\"caption\":\"LatAm Reports Redatores da Equipe\"}}]}<\/script>\n<!-- \/ Yoast SEO plugin. -->","yoast_head_json":{"title":"Banco Central decreta liquida\u00e7\u00e3o extrajudicial do Will Bank","description":"O Banco Central decretou nesta quarta-feira (21) a liquida\u00e7\u00e3o extrajudicial da Will Financeira S.A. Cr\u00e9dito, Financiamento","robots":{"index":"index","follow":"follow","max-snippet":"max-snippet:-1","max-image-preview":"max-image-preview:large","max-video-preview":"max-video-preview:-1"},"canonical":"https:\/\/latamreports.com\/br\/banco-central-decreta-liquidacao-extrajudicial-do-will-bank-ligado-ao-conglomerado-do-banco-master\/","og_locale":"en_US","og_type":"article","og_title":"Banco Central decreta liquida\u00e7\u00e3o extrajudicial do Will Bank","og_description":"O Banco Central decretou nesta quarta-feira (21) a liquida\u00e7\u00e3o extrajudicial da Will Financeira S.A. Cr\u00e9dito, Financiamento","og_url":"https:\/\/latamreports.com\/br\/banco-central-decreta-liquidacao-extrajudicial-do-will-bank-ligado-ao-conglomerado-do-banco-master\/","og_site_name":"LatAm Reports","article_publisher":"https:\/\/facebook.com\/latamreports","article_published_time":"2026-01-21T20:23:58+00:00","article_modified_time":"2026-01-21T20:24:01+00:00","og_image":[{"width":1200,"height":630,"url":"https:\/\/latamreports.com\/br\/wp-content\/uploads\/BC-BANCO-CENTRAL-WILL-BANK-MASTER.png","type":"image\/png"}],"author":"LatAm Reports Redatores da Equipe","twitter_card":"summary_large_image","twitter_creator":"@latamreports","twitter_site":"@latamreports","twitter_misc":{"Written by":"LatAm Reports Redatores da Equipe","Est. reading time":"3 minutes"},"schema":{"@context":"https:\/\/schema.org","@graph":[{"@type":"Article","@id":"https:\/\/latamreports.com\/br\/banco-central-decreta-liquidacao-extrajudicial-do-will-bank-ligado-ao-conglomerado-do-banco-master\/#article","isPartOf":{"@id":"https:\/\/latamreports.com\/br\/banco-central-decreta-liquidacao-extrajudicial-do-will-bank-ligado-ao-conglomerado-do-banco-master\/"},"author":{"name":"LatAm Reports Redatores da Equipe","@id":"https:\/\/latamreports.com\/br\/#\/schema\/person\/a561f2de7e5ccabfab38d239b39fdb70"},"headline":"Banco Central decreta liquida\u00e7\u00e3o extrajudicial do Will Bank, ligado ao conglomerado do Banco Master","datePublished":"2026-01-21T20:23:58+00:00","dateModified":"2026-01-21T20:24:01+00:00","mainEntityOfPage":{"@id":"https:\/\/latamreports.com\/br\/banco-central-decreta-liquidacao-extrajudicial-do-will-bank-ligado-ao-conglomerado-do-banco-master\/"},"wordCount":577,"publisher":{"@id":"https:\/\/latamreports.com\/br\/#organization"},"image":{"@id":"https:\/\/latamreports.com\/br\/banco-central-decreta-liquidacao-extrajudicial-do-will-bank-ligado-ao-conglomerado-do-banco-master\/#primaryimage"},"thumbnailUrl":"https:\/\/latamreports.com\/br\/wp-content\/uploads\/BC-BANCO-CENTRAL-WILL-BANK-MASTER.png","keywords":["Brasil"],"articleSection":["Neg\u00f3cios"],"inLanguage":"en-US"},{"@type":"WebPage","@id":"https:\/\/latamreports.com\/br\/banco-central-decreta-liquidacao-extrajudicial-do-will-bank-ligado-ao-conglomerado-do-banco-master\/","url":"https:\/\/latamreports.com\/br\/banco-central-decreta-liquidacao-extrajudicial-do-will-bank-ligado-ao-conglomerado-do-banco-master\/","name":"Banco Central decreta liquida\u00e7\u00e3o extrajudicial do Will Bank","isPartOf":{"@id":"https:\/\/latamreports.com\/br\/#website"},"primaryImageOfPage":{"@id":"https:\/\/latamreports.com\/br\/banco-central-decreta-liquidacao-extrajudicial-do-will-bank-ligado-ao-conglomerado-do-banco-master\/#primaryimage"},"image":{"@id":"https:\/\/latamreports.com\/br\/banco-central-decreta-liquidacao-extrajudicial-do-will-bank-ligado-ao-conglomerado-do-banco-master\/#primaryimage"},"thumbnailUrl":"https:\/\/latamreports.com\/br\/wp-content\/uploads\/BC-BANCO-CENTRAL-WILL-BANK-MASTER.png","datePublished":"2026-01-21T20:23:58+00:00","dateModified":"2026-01-21T20:24:01+00:00","description":"O Banco Central decretou nesta quarta-feira (21) a liquida\u00e7\u00e3o extrajudicial da Will Financeira S.A. Cr\u00e9dito, Financiamento","breadcrumb":{"@id":"https:\/\/latamreports.com\/br\/banco-central-decreta-liquidacao-extrajudicial-do-will-bank-ligado-ao-conglomerado-do-banco-master\/#breadcrumb"},"inLanguage":"en-US","potentialAction":[{"@type":"ReadAction","target":["https:\/\/latamreports.com\/br\/banco-central-decreta-liquidacao-extrajudicial-do-will-bank-ligado-ao-conglomerado-do-banco-master\/"]}]},{"@type":"ImageObject","inLanguage":"en-US","@id":"https:\/\/latamreports.com\/br\/banco-central-decreta-liquidacao-extrajudicial-do-will-bank-ligado-ao-conglomerado-do-banco-master\/#primaryimage","url":"https:\/\/latamreports.com\/br\/wp-content\/uploads\/BC-BANCO-CENTRAL-WILL-BANK-MASTER.png","contentUrl":"https:\/\/latamreports.com\/br\/wp-content\/uploads\/BC-BANCO-CENTRAL-WILL-BANK-MASTER.png","width":1200,"height":630,"caption":"Banco Central decreta liquida\u00e7\u00e3o extrajudicial do Will Bank, ligado ao conglomerado do Banco Master"},{"@type":"BreadcrumbList","@id":"https:\/\/latamreports.com\/br\/banco-central-decreta-liquidacao-extrajudicial-do-will-bank-ligado-ao-conglomerado-do-banco-master\/#breadcrumb","itemListElement":[{"@type":"ListItem","position":1,"name":"Home","item":"https:\/\/latamreports.com\/br\/"},{"@type":"ListItem","position":2,"name":"Banco Central decreta liquida\u00e7\u00e3o extrajudicial do Will Bank, ligado ao conglomerado do Banco Master"}]},{"@type":"WebSite","@id":"https:\/\/latamreports.com\/br\/#website","url":"https:\/\/latamreports.com\/br\/","name":"LatAm Reports","description":"Not\u00edcias e opini\u00f5es de todas as Am\u00e9ricas","publisher":{"@id":"https:\/\/latamreports.com\/br\/#organization"},"potentialAction":[{"@type":"SearchAction","target":{"@type":"EntryPoint","urlTemplate":"https:\/\/latamreports.com\/br\/?s={search_term_string}"},"query-input":{"@type":"PropertyValueSpecification","valueRequired":true,"valueName":"search_term_string"}}],"inLanguage":"en-US"},{"@type":"Organization","@id":"https:\/\/latamreports.com\/br\/#organization","name":"LatAm Reports","url":"https:\/\/latamreports.com\/br\/","logo":{"@type":"ImageObject","inLanguage":"en-US","@id":"https:\/\/latamreports.com\/br\/#\/schema\/logo\/image\/","url":"https:\/\/latamreports.com\/br\/wp-content\/uploads\/cropped-PNG2.png","contentUrl":"https:\/\/latamreports.com\/br\/wp-content\/uploads\/cropped-PNG2.png","width":2522,"height":1014,"caption":"LatAm Reports"},"image":{"@id":"https:\/\/latamreports.com\/br\/#\/schema\/logo\/image\/"},"sameAs":["https:\/\/facebook.com\/latamreports","https:\/\/x.com\/latamreports"]},{"@type":"Person","@id":"https:\/\/latamreports.com\/br\/#\/schema\/person\/a561f2de7e5ccabfab38d239b39fdb70","name":"LatAm Reports Redatores da Equipe","image":{"@type":"ImageObject","inLanguage":"en-US","@id":"https:\/\/secure.gravatar.com\/avatar\/dcdcc93cc5edddd2f3ef77245866172c7d7241a11ad58e1959aa824f2fae81f6?s=96&d=mm&r=g","url":"https:\/\/secure.gravatar.com\/avatar\/dcdcc93cc5edddd2f3ef77245866172c7d7241a11ad58e1959aa824f2fae81f6?s=96&d=mm&r=g","contentUrl":"https:\/\/secure.gravatar.com\/avatar\/dcdcc93cc5edddd2f3ef77245866172c7d7241a11ad58e1959aa824f2fae81f6?s=96&d=mm&r=g","caption":"LatAm Reports Redatores da Equipe"}}]}},"jetpack_publicize_connections":[],"_links":{"self":[{"href":"https:\/\/latamreports.com\/br\/wp-json\/wp\/v2\/posts\/14625","targetHints":{"allow":["GET"]}}],"collection":[{"href":"https:\/\/latamreports.com\/br\/wp-json\/wp\/v2\/posts"}],"about":[{"href":"https:\/\/latamreports.com\/br\/wp-json\/wp\/v2\/types\/post"}],"author":[{"embeddable":true,"href":"https:\/\/latamreports.com\/br\/wp-json\/wp\/v2\/users\/7"}],"replies":[{"embeddable":true,"href":"https:\/\/latamreports.com\/br\/wp-json\/wp\/v2\/comments?post=14625"}],"version-history":[{"count":1,"href":"https:\/\/latamreports.com\/br\/wp-json\/wp\/v2\/posts\/14625\/revisions"}],"predecessor-version":[{"id":14627,"href":"https:\/\/latamreports.com\/br\/wp-json\/wp\/v2\/posts\/14625\/revisions\/14627"}],"wp:featuredmedia":[{"embeddable":true,"href":"https:\/\/latamreports.com\/br\/wp-json\/wp\/v2\/media\/14626"}],"wp:attachment":[{"href":"https:\/\/latamreports.com\/br\/wp-json\/wp\/v2\/media?parent=14625"}],"wp:term":[{"taxonomy":"category","embeddable":true,"href":"https:\/\/latamreports.com\/br\/wp-json\/wp\/v2\/categories?post=14625"},{"taxonomy":"post_tag","embeddable":true,"href":"https:\/\/latamreports.com\/br\/wp-json\/wp\/v2\/tags?post=14625"}],"curies":[{"name":"wp","href":"https:\/\/api.w.org\/{rel}","templated":true}]}}