{"id":13107,"date":"2025-08-25T21:23:47","date_gmt":"2025-08-25T21:23:47","guid":{"rendered":"https:\/\/latamreports.com\/br\/?p=13107"},"modified":"2025-08-25T21:23:49","modified_gmt":"2025-08-25T21:23:49","slug":"vitima-de-porsche-de-gato-preto-diz-ter-sido-ameacada-apos-acidente-em-sp","status":"publish","type":"post","link":"https:\/\/latamreports.com\/br\/vitima-de-porsche-de-gato-preto-diz-ter-sido-ameacada-apos-acidente-em-sp\/","title":{"rendered":"V\u00edtima de Porsche de Gato Preto diz ter sido amea\u00e7ada ap\u00f3s acidente em SP"},"content":{"rendered":"\n<p>O Fant\u00e1stico exibiu neste domingo, 24, novas imagens do acidente envolvendo o influenciador <a href=\"https:\/\/latamreports.com\/br\/investigada-por-esquema-de-r-4-bi-bia-miranda-diz-que-gato-preto-quitou-porsche-um-dia-antes-de-acidente\/\">Samuel Sant\u2019Anna,<\/a> conhecido como Gato Preto, em S\u00e3o Paulo. O Porsche 911 Carrera Cabriolet, avaliado em quase R$ 1 milh\u00e3o, furou o sinal vermelho e atingiu o carro do representante comercial Edilson Maiorano, que estava acompanhado do filho.<\/p>\n\n\n\n<p>Edilson contou que, al\u00e9m da colis\u00e3o, sofreu uma amea\u00e7a de Gato Preto. \u201cPerguntei do que ele estava rindo porque n\u00e3o era uma situa\u00e7\u00e3o para rir. Ele ficou nervoso, disse que ia me bater, levantou do carro e s\u00f3 n\u00e3o avan\u00e7ou porque foi contido pelos seguran\u00e7as\u201d, afirmou.<\/p>\n\n\n\n<p>O <a href=\"https:\/\/latamreports.com\/br\/gato-preto-bate-porsche-em-sp-e-e-investigado-por-embriaguez-ao-volante\/\">acidente<\/a> ocorreu na \u00faltima quarta-feira, 21. O carro de Edilson ficou totalmente destru\u00eddo. Al\u00e9m de ser usado no trabalho, o ve\u00edculo tinha valor sentimental. \u201cEra uma heran\u00e7a do nosso av\u00f4, que faleceu recentemente. T\u00e1 doendo ver meu pai sem conseguir trabalhar\u201d, relatou o filho, que tamb\u00e9m estava no ve\u00edculo.<\/p>\n\n\n\n<p>O jovem sofreu uma fratura no maxilar, est\u00e1 em dieta l\u00edquida e enfrenta crises de ansiedade ap\u00f3s o acidente. O pai afirmou que o casal de influenciadores n\u00e3o prestou qualquer aux\u00edlio \u00e0s v\u00edtimas. \u201cEm nenhum momento perguntaram se eu estava bem ou se tinha acontecido alguma coisa\u201d, disse.<\/p>\n\n\n\n<p>Segundo a defesa, Gato Preto estaria prestando apoio \u00e0s v\u00edtimas. Os advogados tamb\u00e9m negam as acusa\u00e7\u00f5es em outros processos que envolvem o influenciador e afirmam que trabalham para provar sua inoc\u00eancia.<\/p>\n\n\n\n<p>Bia Miranda, que estava no carro, n\u00e3o quis conceder entrevista. Em nota, sua defesa alegou que ela colabora com as investiga\u00e7\u00f5es e nega qualquer pr\u00e1tica ilegal. Os advogados afirmam ainda que cabe \u00e0s autoridades apurar os fatos e que ela estaria dando apoio necess\u00e1rio \u00e0s v\u00edtimas.<\/p>\n","protected":false},"excerpt":{"rendered":"<p>O Fant\u00e1stico exibiu neste domingo, 24, novas imagens do acidente envolvendo o influenciador Samuel Sant\u2019Anna, conhecido como Gato Preto, em S\u00e3o Paulo. O Porsche 911 &#8230; <a title=\"V\u00edtima de Porsche de Gato Preto diz ter sido amea\u00e7ada ap\u00f3s acidente em SP\" class=\"read-more\" href=\"https:\/\/latamreports.com\/br\/vitima-de-porsche-de-gato-preto-diz-ter-sido-ameacada-apos-acidente-em-sp\/\" aria-label=\"Read more about V\u00edtima de Porsche de Gato Preto diz ter sido amea\u00e7ada ap\u00f3s acidente em SP\">Read more<\/a><\/p>\n","protected":false},"author":7,"featured_media":13108,"comment_status":"closed","ping_status":"closed","sticky":false,"template":"","format":"standard","meta":{"footnotes":"","jetpack_publicize_message":"","jetpack_publicize_feature_enabled":true,"jetpack_social_post_already_shared":true,"jetpack_social_options":{"image_generator_settings":{"template":"highway","default_image_id":0,"font":"","enabled":false},"version":2}},"categories":[5],"tags":[31],"class_list":["post-13107","post","type-post","status-publish","format-standard","has-post-thumbnail","hentry","category-entretenimento","tag-brasil","resize-featured-image"],"yoast_head":"<!-- This site is optimized with the Yoast SEO plugin v27.4 - https:\/\/yoast.com\/product\/yoast-seo-wordpress\/ -->\n<title>V\u00edtima de Porsche de Gato Preto diz ter sido amea\u00e7ada<\/title>\n<meta name=\"description\" content=\"O Fant\u00e1stico exibiu neste domingo, 24, novas imagens do acidente envolvendo o influenciador Samuel Sant\u2019Anna, conhecido como Gato Preto...\" \/>\n<meta name=\"robots\" content=\"index, follow, max-snippet:-1, max-image-preview:large, max-video-preview:-1\" \/>\n<link rel=\"canonical\" href=\"https:\/\/latamreports.com\/br\/vitima-de-porsche-de-gato-preto-diz-ter-sido-ameacada-apos-acidente-em-sp\/\" \/>\n<meta property=\"og:locale\" content=\"en_US\" \/>\n<meta property=\"og:type\" content=\"article\" \/>\n<meta property=\"og:title\" content=\"V\u00edtima de Porsche de Gato Preto diz ter sido amea\u00e7ada\" \/>\n<meta property=\"og:description\" content=\"O Fant\u00e1stico exibiu neste domingo, 24, novas imagens do acidente envolvendo o influenciador Samuel Sant\u2019Anna, conhecido como Gato Preto...\" \/>\n<meta property=\"og:url\" content=\"https:\/\/latamreports.com\/br\/vitima-de-porsche-de-gato-preto-diz-ter-sido-ameacada-apos-acidente-em-sp\/\" \/>\n<meta property=\"og:site_name\" content=\"LatAm Reports\" \/>\n<meta property=\"article:publisher\" content=\"https:\/\/facebook.com\/latamreports\" \/>\n<meta property=\"article:published_time\" content=\"2025-08-25T21:23:47+00:00\" \/>\n<meta property=\"article:modified_time\" content=\"2025-08-25T21:23:49+00:00\" \/>\n<meta property=\"og:image\" content=\"https:\/\/latamreports.com\/br\/wp-content\/uploads\/vitima-porsche-gato-preto.png\" \/>\n\t<meta property=\"og:image:width\" content=\"1200\" \/>\n\t<meta property=\"og:image:height\" content=\"630\" \/>\n\t<meta property=\"og:image:type\" content=\"image\/png\" \/>\n<meta name=\"author\" content=\"LatAm Reports Redatores da Equipe\" \/>\n<meta name=\"twitter:card\" content=\"summary_large_image\" \/>\n<meta name=\"twitter:creator\" content=\"@latamreports\" \/>\n<meta name=\"twitter:site\" content=\"@latamreports\" \/>\n<meta name=\"twitter:label1\" content=\"Written by\" \/>\n\t<meta name=\"twitter:data1\" content=\"LatAm Reports Redatores da Equipe\" \/>\n\t<meta name=\"twitter:label2\" content=\"Est. reading time\" \/>\n\t<meta name=\"twitter:data2\" content=\"2 minutes\" \/>\n<script type=\"application\/ld+json\" class=\"yoast-schema-graph\">{\"@context\":\"https:\\\/\\\/schema.org\",\"@graph\":[{\"@type\":\"Article\",\"@id\":\"https:\\\/\\\/latamreports.com\\\/br\\\/vitima-de-porsche-de-gato-preto-diz-ter-sido-ameacada-apos-acidente-em-sp\\\/#article\",\"isPartOf\":{\"@id\":\"https:\\\/\\\/latamreports.com\\\/br\\\/vitima-de-porsche-de-gato-preto-diz-ter-sido-ameacada-apos-acidente-em-sp\\\/\"},\"author\":{\"name\":\"LatAm Reports Redatores da Equipe\",\"@id\":\"https:\\\/\\\/latamreports.com\\\/br\\\/#\\\/schema\\\/person\\\/a561f2de7e5ccabfab38d239b39fdb70\"},\"headline\":\"V\u00edtima de Porsche de Gato Preto diz ter sido amea\u00e7ada ap\u00f3s acidente em SP\",\"datePublished\":\"2025-08-25T21:23:47+00:00\",\"dateModified\":\"2025-08-25T21:23:49+00:00\",\"mainEntityOfPage\":{\"@id\":\"https:\\\/\\\/latamreports.com\\\/br\\\/vitima-de-porsche-de-gato-preto-diz-ter-sido-ameacada-apos-acidente-em-sp\\\/\"},\"wordCount\":317,\"publisher\":{\"@id\":\"https:\\\/\\\/latamreports.com\\\/br\\\/#organization\"},\"image\":{\"@id\":\"https:\\\/\\\/latamreports.com\\\/br\\\/vitima-de-porsche-de-gato-preto-diz-ter-sido-ameacada-apos-acidente-em-sp\\\/#primaryimage\"},\"thumbnailUrl\":\"https:\\\/\\\/latamreports.com\\\/br\\\/wp-content\\\/uploads\\\/vitima-porsche-gato-preto.png\",\"keywords\":[\"Brasil\"],\"articleSection\":[\"Entretenimento\"],\"inLanguage\":\"en-US\"},{\"@type\":\"WebPage\",\"@id\":\"https:\\\/\\\/latamreports.com\\\/br\\\/vitima-de-porsche-de-gato-preto-diz-ter-sido-ameacada-apos-acidente-em-sp\\\/\",\"url\":\"https:\\\/\\\/latamreports.com\\\/br\\\/vitima-de-porsche-de-gato-preto-diz-ter-sido-ameacada-apos-acidente-em-sp\\\/\",\"name\":\"V\u00edtima de Porsche de Gato Preto diz ter sido amea\u00e7ada\",\"isPartOf\":{\"@id\":\"https:\\\/\\\/latamreports.com\\\/br\\\/#website\"},\"primaryImageOfPage\":{\"@id\":\"https:\\\/\\\/latamreports.com\\\/br\\\/vitima-de-porsche-de-gato-preto-diz-ter-sido-ameacada-apos-acidente-em-sp\\\/#primaryimage\"},\"image\":{\"@id\":\"https:\\\/\\\/latamreports.com\\\/br\\\/vitima-de-porsche-de-gato-preto-diz-ter-sido-ameacada-apos-acidente-em-sp\\\/#primaryimage\"},\"thumbnailUrl\":\"https:\\\/\\\/latamreports.com\\\/br\\\/wp-content\\\/uploads\\\/vitima-porsche-gato-preto.png\",\"datePublished\":\"2025-08-25T21:23:47+00:00\",\"dateModified\":\"2025-08-25T21:23:49+00:00\",\"description\":\"O Fant\u00e1stico exibiu neste domingo, 24, novas imagens do acidente envolvendo o influenciador Samuel Sant\u2019Anna, conhecido como Gato Preto...\",\"breadcrumb\":{\"@id\":\"https:\\\/\\\/latamreports.com\\\/br\\\/vitima-de-porsche-de-gato-preto-diz-ter-sido-ameacada-apos-acidente-em-sp\\\/#breadcrumb\"},\"inLanguage\":\"en-US\",\"potentialAction\":[{\"@type\":\"ReadAction\",\"target\":[\"https:\\\/\\\/latamreports.com\\\/br\\\/vitima-de-porsche-de-gato-preto-diz-ter-sido-ameacada-apos-acidente-em-sp\\\/\"]}]},{\"@type\":\"ImageObject\",\"inLanguage\":\"en-US\",\"@id\":\"https:\\\/\\\/latamreports.com\\\/br\\\/vitima-de-porsche-de-gato-preto-diz-ter-sido-ameacada-apos-acidente-em-sp\\\/#primaryimage\",\"url\":\"https:\\\/\\\/latamreports.com\\\/br\\\/wp-content\\\/uploads\\\/vitima-porsche-gato-preto.png\",\"contentUrl\":\"https:\\\/\\\/latamreports.com\\\/br\\\/wp-content\\\/uploads\\\/vitima-porsche-gato-preto.png\",\"width\":1200,\"height\":630,\"caption\":\"V\u00edtima de Porsche de Gato Preto diz ter sido amea\u00e7ada ap\u00f3s acidente em SP\"},{\"@type\":\"BreadcrumbList\",\"@id\":\"https:\\\/\\\/latamreports.com\\\/br\\\/vitima-de-porsche-de-gato-preto-diz-ter-sido-ameacada-apos-acidente-em-sp\\\/#breadcrumb\",\"itemListElement\":[{\"@type\":\"ListItem\",\"position\":1,\"name\":\"Home\",\"item\":\"https:\\\/\\\/latamreports.com\\\/br\\\/\"},{\"@type\":\"ListItem\",\"position\":2,\"name\":\"V\u00edtima de Porsche de Gato Preto diz ter sido amea\u00e7ada ap\u00f3s acidente em SP\"}]},{\"@type\":\"WebSite\",\"@id\":\"https:\\\/\\\/latamreports.com\\\/br\\\/#website\",\"url\":\"https:\\\/\\\/latamreports.com\\\/br\\\/\",\"name\":\"LatAm Reports\",\"description\":\"Not\u00edcias e opini\u00f5es de todas as Am\u00e9ricas\",\"publisher\":{\"@id\":\"https:\\\/\\\/latamreports.com\\\/br\\\/#organization\"},\"potentialAction\":[{\"@type\":\"SearchAction\",\"target\":{\"@type\":\"EntryPoint\",\"urlTemplate\":\"https:\\\/\\\/latamreports.com\\\/br\\\/?s={search_term_string}\"},\"query-input\":{\"@type\":\"PropertyValueSpecification\",\"valueRequired\":true,\"valueName\":\"search_term_string\"}}],\"inLanguage\":\"en-US\"},{\"@type\":\"Organization\",\"@id\":\"https:\\\/\\\/latamreports.com\\\/br\\\/#organization\",\"name\":\"LatAm Reports\",\"url\":\"https:\\\/\\\/latamreports.com\\\/br\\\/\",\"logo\":{\"@type\":\"ImageObject\",\"inLanguage\":\"en-US\",\"@id\":\"https:\\\/\\\/latamreports.com\\\/br\\\/#\\\/schema\\\/logo\\\/image\\\/\",\"url\":\"https:\\\/\\\/latamreports.com\\\/br\\\/wp-content\\\/uploads\\\/cropped-PNG2.png\",\"contentUrl\":\"https:\\\/\\\/latamreports.com\\\/br\\\/wp-content\\\/uploads\\\/cropped-PNG2.png\",\"width\":2522,\"height\":1014,\"caption\":\"LatAm Reports\"},\"image\":{\"@id\":\"https:\\\/\\\/latamreports.com\\\/br\\\/#\\\/schema\\\/logo\\\/image\\\/\"},\"sameAs\":[\"https:\\\/\\\/facebook.com\\\/latamreports\",\"https:\\\/\\\/x.com\\\/latamreports\"]},{\"@type\":\"Person\",\"@id\":\"https:\\\/\\\/latamreports.com\\\/br\\\/#\\\/schema\\\/person\\\/a561f2de7e5ccabfab38d239b39fdb70\",\"name\":\"LatAm Reports Redatores da Equipe\",\"image\":{\"@type\":\"ImageObject\",\"inLanguage\":\"en-US\",\"@id\":\"https:\\\/\\\/secure.gravatar.com\\\/avatar\\\/dcdcc93cc5edddd2f3ef77245866172c7d7241a11ad58e1959aa824f2fae81f6?s=96&d=mm&r=g\",\"url\":\"https:\\\/\\\/secure.gravatar.com\\\/avatar\\\/dcdcc93cc5edddd2f3ef77245866172c7d7241a11ad58e1959aa824f2fae81f6?s=96&d=mm&r=g\",\"contentUrl\":\"https:\\\/\\\/secure.gravatar.com\\\/avatar\\\/dcdcc93cc5edddd2f3ef77245866172c7d7241a11ad58e1959aa824f2fae81f6?s=96&d=mm&r=g\",\"caption\":\"LatAm Reports Redatores da Equipe\"}}]}<\/script>\n<!-- \/ Yoast SEO plugin. -->","yoast_head_json":{"title":"V\u00edtima de Porsche de Gato Preto diz ter sido amea\u00e7ada","description":"O Fant\u00e1stico exibiu neste domingo, 24, novas imagens do acidente envolvendo o influenciador Samuel Sant\u2019Anna, conhecido como Gato Preto...","robots":{"index":"index","follow":"follow","max-snippet":"max-snippet:-1","max-image-preview":"max-image-preview:large","max-video-preview":"max-video-preview:-1"},"canonical":"https:\/\/latamreports.com\/br\/vitima-de-porsche-de-gato-preto-diz-ter-sido-ameacada-apos-acidente-em-sp\/","og_locale":"en_US","og_type":"article","og_title":"V\u00edtima de Porsche de Gato Preto diz ter sido amea\u00e7ada","og_description":"O Fant\u00e1stico exibiu neste domingo, 24, novas imagens do acidente envolvendo o influenciador Samuel Sant\u2019Anna, conhecido como Gato Preto...","og_url":"https:\/\/latamreports.com\/br\/vitima-de-porsche-de-gato-preto-diz-ter-sido-ameacada-apos-acidente-em-sp\/","og_site_name":"LatAm Reports","article_publisher":"https:\/\/facebook.com\/latamreports","article_published_time":"2025-08-25T21:23:47+00:00","article_modified_time":"2025-08-25T21:23:49+00:00","og_image":[{"width":1200,"height":630,"url":"https:\/\/latamreports.com\/br\/wp-content\/uploads\/vitima-porsche-gato-preto.png","type":"image\/png"}],"author":"LatAm Reports Redatores da Equipe","twitter_card":"summary_large_image","twitter_creator":"@latamreports","twitter_site":"@latamreports","twitter_misc":{"Written by":"LatAm Reports Redatores da Equipe","Est. reading time":"2 minutes"},"schema":{"@context":"https:\/\/schema.org","@graph":[{"@type":"Article","@id":"https:\/\/latamreports.com\/br\/vitima-de-porsche-de-gato-preto-diz-ter-sido-ameacada-apos-acidente-em-sp\/#article","isPartOf":{"@id":"https:\/\/latamreports.com\/br\/vitima-de-porsche-de-gato-preto-diz-ter-sido-ameacada-apos-acidente-em-sp\/"},"author":{"name":"LatAm Reports Redatores da Equipe","@id":"https:\/\/latamreports.com\/br\/#\/schema\/person\/a561f2de7e5ccabfab38d239b39fdb70"},"headline":"V\u00edtima de Porsche de Gato Preto diz ter sido amea\u00e7ada ap\u00f3s acidente em SP","datePublished":"2025-08-25T21:23:47+00:00","dateModified":"2025-08-25T21:23:49+00:00","mainEntityOfPage":{"@id":"https:\/\/latamreports.com\/br\/vitima-de-porsche-de-gato-preto-diz-ter-sido-ameacada-apos-acidente-em-sp\/"},"wordCount":317,"publisher":{"@id":"https:\/\/latamreports.com\/br\/#organization"},"image":{"@id":"https:\/\/latamreports.com\/br\/vitima-de-porsche-de-gato-preto-diz-ter-sido-ameacada-apos-acidente-em-sp\/#primaryimage"},"thumbnailUrl":"https:\/\/latamreports.com\/br\/wp-content\/uploads\/vitima-porsche-gato-preto.png","keywords":["Brasil"],"articleSection":["Entretenimento"],"inLanguage":"en-US"},{"@type":"WebPage","@id":"https:\/\/latamreports.com\/br\/vitima-de-porsche-de-gato-preto-diz-ter-sido-ameacada-apos-acidente-em-sp\/","url":"https:\/\/latamreports.com\/br\/vitima-de-porsche-de-gato-preto-diz-ter-sido-ameacada-apos-acidente-em-sp\/","name":"V\u00edtima de Porsche de Gato Preto diz ter sido amea\u00e7ada","isPartOf":{"@id":"https:\/\/latamreports.com\/br\/#website"},"primaryImageOfPage":{"@id":"https:\/\/latamreports.com\/br\/vitima-de-porsche-de-gato-preto-diz-ter-sido-ameacada-apos-acidente-em-sp\/#primaryimage"},"image":{"@id":"https:\/\/latamreports.com\/br\/vitima-de-porsche-de-gato-preto-diz-ter-sido-ameacada-apos-acidente-em-sp\/#primaryimage"},"thumbnailUrl":"https:\/\/latamreports.com\/br\/wp-content\/uploads\/vitima-porsche-gato-preto.png","datePublished":"2025-08-25T21:23:47+00:00","dateModified":"2025-08-25T21:23:49+00:00","description":"O Fant\u00e1stico exibiu neste domingo, 24, novas imagens do acidente envolvendo o influenciador Samuel Sant\u2019Anna, conhecido como Gato Preto...","breadcrumb":{"@id":"https:\/\/latamreports.com\/br\/vitima-de-porsche-de-gato-preto-diz-ter-sido-ameacada-apos-acidente-em-sp\/#breadcrumb"},"inLanguage":"en-US","potentialAction":[{"@type":"ReadAction","target":["https:\/\/latamreports.com\/br\/vitima-de-porsche-de-gato-preto-diz-ter-sido-ameacada-apos-acidente-em-sp\/"]}]},{"@type":"ImageObject","inLanguage":"en-US","@id":"https:\/\/latamreports.com\/br\/vitima-de-porsche-de-gato-preto-diz-ter-sido-ameacada-apos-acidente-em-sp\/#primaryimage","url":"https:\/\/latamreports.com\/br\/wp-content\/uploads\/vitima-porsche-gato-preto.png","contentUrl":"https:\/\/latamreports.com\/br\/wp-content\/uploads\/vitima-porsche-gato-preto.png","width":1200,"height":630,"caption":"V\u00edtima de Porsche de Gato Preto diz ter sido amea\u00e7ada ap\u00f3s acidente em SP"},{"@type":"BreadcrumbList","@id":"https:\/\/latamreports.com\/br\/vitima-de-porsche-de-gato-preto-diz-ter-sido-ameacada-apos-acidente-em-sp\/#breadcrumb","itemListElement":[{"@type":"ListItem","position":1,"name":"Home","item":"https:\/\/latamreports.com\/br\/"},{"@type":"ListItem","position":2,"name":"V\u00edtima de Porsche de Gato Preto diz ter sido amea\u00e7ada ap\u00f3s acidente em SP"}]},{"@type":"WebSite","@id":"https:\/\/latamreports.com\/br\/#website","url":"https:\/\/latamreports.com\/br\/","name":"LatAm Reports","description":"Not\u00edcias e opini\u00f5es de todas as Am\u00e9ricas","publisher":{"@id":"https:\/\/latamreports.com\/br\/#organization"},"potentialAction":[{"@type":"SearchAction","target":{"@type":"EntryPoint","urlTemplate":"https:\/\/latamreports.com\/br\/?s={search_term_string}"},"query-input":{"@type":"PropertyValueSpecification","valueRequired":true,"valueName":"search_term_string"}}],"inLanguage":"en-US"},{"@type":"Organization","@id":"https:\/\/latamreports.com\/br\/#organization","name":"LatAm Reports","url":"https:\/\/latamreports.com\/br\/","logo":{"@type":"ImageObject","inLanguage":"en-US","@id":"https:\/\/latamreports.com\/br\/#\/schema\/logo\/image\/","url":"https:\/\/latamreports.com\/br\/wp-content\/uploads\/cropped-PNG2.png","contentUrl":"https:\/\/latamreports.com\/br\/wp-content\/uploads\/cropped-PNG2.png","width":2522,"height":1014,"caption":"LatAm Reports"},"image":{"@id":"https:\/\/latamreports.com\/br\/#\/schema\/logo\/image\/"},"sameAs":["https:\/\/facebook.com\/latamreports","https:\/\/x.com\/latamreports"]},{"@type":"Person","@id":"https:\/\/latamreports.com\/br\/#\/schema\/person\/a561f2de7e5ccabfab38d239b39fdb70","name":"LatAm Reports Redatores da Equipe","image":{"@type":"ImageObject","inLanguage":"en-US","@id":"https:\/\/secure.gravatar.com\/avatar\/dcdcc93cc5edddd2f3ef77245866172c7d7241a11ad58e1959aa824f2fae81f6?s=96&d=mm&r=g","url":"https:\/\/secure.gravatar.com\/avatar\/dcdcc93cc5edddd2f3ef77245866172c7d7241a11ad58e1959aa824f2fae81f6?s=96&d=mm&r=g","contentUrl":"https:\/\/secure.gravatar.com\/avatar\/dcdcc93cc5edddd2f3ef77245866172c7d7241a11ad58e1959aa824f2fae81f6?s=96&d=mm&r=g","caption":"LatAm Reports Redatores da Equipe"}}]}},"jetpack_publicize_connections":[],"_links":{"self":[{"href":"https:\/\/latamreports.com\/br\/wp-json\/wp\/v2\/posts\/13107","targetHints":{"allow":["GET"]}}],"collection":[{"href":"https:\/\/latamreports.com\/br\/wp-json\/wp\/v2\/posts"}],"about":[{"href":"https:\/\/latamreports.com\/br\/wp-json\/wp\/v2\/types\/post"}],"author":[{"embeddable":true,"href":"https:\/\/latamreports.com\/br\/wp-json\/wp\/v2\/users\/7"}],"replies":[{"embeddable":true,"href":"https:\/\/latamreports.com\/br\/wp-json\/wp\/v2\/comments?post=13107"}],"version-history":[{"count":1,"href":"https:\/\/latamreports.com\/br\/wp-json\/wp\/v2\/posts\/13107\/revisions"}],"predecessor-version":[{"id":13109,"href":"https:\/\/latamreports.com\/br\/wp-json\/wp\/v2\/posts\/13107\/revisions\/13109"}],"wp:featuredmedia":[{"embeddable":true,"href":"https:\/\/latamreports.com\/br\/wp-json\/wp\/v2\/media\/13108"}],"wp:attachment":[{"href":"https:\/\/latamreports.com\/br\/wp-json\/wp\/v2\/media?parent=13107"}],"wp:term":[{"taxonomy":"category","embeddable":true,"href":"https:\/\/latamreports.com\/br\/wp-json\/wp\/v2\/categories?post=13107"},{"taxonomy":"post_tag","embeddable":true,"href":"https:\/\/latamreports.com\/br\/wp-json\/wp\/v2\/tags?post=13107"}],"curies":[{"name":"wp","href":"https:\/\/api.w.org\/{rel}","templated":true}]}}