{"id":12179,"date":"2025-06-04T16:25:01","date_gmt":"2025-06-04T16:25:01","guid":{"rendered":"https:\/\/latamreports.com\/br\/?p=12179"},"modified":"2025-06-04T16:25:03","modified_gmt":"2025-06-04T16:25:03","slug":"governo-lula-enfrenta-maior-rejeicao-desde-o-inicio-do-mandato-aponta-pesquisa-quaest","status":"publish","type":"post","link":"https:\/\/latamreports.com\/br\/governo-lula-enfrenta-maior-rejeicao-desde-o-inicio-do-mandato-aponta-pesquisa-quaest\/","title":{"rendered":"Governo Lula enfrenta maior rejei\u00e7\u00e3o desde o in\u00edcio do mandato, aponta pesquisa Quaest"},"content":{"rendered":"\n<p>A nova pesquisa Quaest divulgada nesta quarta-feira (4) mostra um cen\u00e1rio delicado para o presidente Luiz In\u00e1cio <a href=\"https:\/\/latamreports.com\/br\/haddad-apresenta-a-lula-plano-para-substituir-aumento-do-iof-e-evitar-derrota-no-congresso\/\">Lula <\/a>da Silva (PT). Pela primeira vez desde o in\u00edcio do terceiro mandato, 57% dos brasileiros declaram desaprovar sua gest\u00e3o \u2014 o pior \u00edndice at\u00e9 agora. J\u00e1 a aprova\u00e7\u00e3o caiu para 40%, dentro da margem de erro, marcando o n\u00edvel mais baixo do atual governo.<\/p>\n\n\n\n<p>O levantamento, feito entre os dias 29 de maio e 1\u00ba de junho, ouviu 2.004 pessoas em todas as regi\u00f5es do pa\u00eds. A margem de erro \u00e9 de dois pontos percentuais para mais ou para menos, com n\u00edvel de confian\u00e7a de 95%.<\/p>\n\n\n\n<h3 class=\"wp-block-heading\">Mudan\u00e7as nos principais segmentos da sociedade<\/h3>\n\n\n\n<p>O dado mais simb\u00f3lico da pesquisa est\u00e1 entre os cat\u00f3licos: agora, a maioria desaprova o governo federal. Trata-se de uma invers\u00e3o in\u00e9dita. Entre os evang\u00e9licos, a reprova\u00e7\u00e3o continua alta \u2014 66%. J\u00e1 entre os benefici\u00e1rios do Bolsa Fam\u00edlia, <a href=\"https:\/\/latamreports.com\/br\/presidente-da-camara-diz-que-congresso-quer-derrubar-decreto-de-lula-sobre-iof-gambiarras-para-arrecadar\/\">Lula <\/a>mant\u00e9m maioria de aprova\u00e7\u00e3o (51%).<\/p>\n\n\n\n<p>A divis\u00e3o por escolaridade tamb\u00e9m mostra desgaste. Entre os que t\u00eam at\u00e9 o ensino fundamental, h\u00e1 um empate t\u00e9cnico. E entre os que t\u00eam ensino superior completo, 64% rejeitam o governo, enquanto apenas 33% aprovam.<\/p>\n\n\n\n<p>Outro ponto que chama aten\u00e7\u00e3o \u00e9 a queda na aprova\u00e7\u00e3o entre os mais pobres. At\u00e9 mar\u00e7o, quem ganhava at\u00e9 dois sal\u00e1rios m\u00ednimos era a principal base de apoio do presidente. Agora, h\u00e1 empate t\u00e9cnico: 50% aprovam, 49% desaprovam.<\/p>\n\n\n\n<p>No recorte por regi\u00e3o, o Nordeste voltou a ser o \u00fanico com saldo positivo: 54% aprovam contra 44% que desaprovam. J\u00e1 no Sudeste, a desaprova\u00e7\u00e3o bateu 64%. No Sul, 62%. E no Centro-Oeste e Norte, a rejei\u00e7\u00e3o alcan\u00e7a 55%.<\/p>\n\n\n\n<h3 class=\"wp-block-heading\">Percep\u00e7\u00e3o da economia e esc\u00e2ndalos enfraquecem governo<\/h3>\n\n\n\n<p>Apesar de sinais de leve melhora na avalia\u00e7\u00e3o da economia \u2014 caiu de 56% para 48% a fatia dos que dizem que o pa\u00eds piorou \u2014, o esc\u00e2ndalo envolvendo o INSS teve forte impacto. Segundo a Quaest, 82% dos entrevistados afirmam ter conhecimento do caso, que teve mais repercuss\u00e3o do que programas como o novo vale g\u00e1s ou a isen\u00e7\u00e3o do IR para quem ganha at\u00e9 R$ 5 mil.<\/p>\n\n\n\n<p>Questionados sobre o desvio no INSS, 31% apontam diretamente o governo Lula como respons\u00e1vel. J\u00e1 sobre o aumento do IOF na compra de d\u00f3lares, metade dos brasileiros considerou a decis\u00e3o um erro.<\/p>\n\n\n\n<h3 class=\"wp-block-heading\">Compara\u00e7\u00f5es desfavor\u00e1veis com gest\u00f5es anteriores de Lula<\/h3>\n\n\n\n<p>Na compara\u00e7\u00e3o com os dois primeiros mandatos de Lula, 56% dos entrevistados afirmam que o governo atual \u00e9 pior. Contra a gest\u00e3o Bolsonaro, 44% consideram o atual governo inferior. A percep\u00e7\u00e3o de que o Brasil est\u00e1 no rumo errado tamb\u00e9m cresceu: agora, 61% dos brasileiros acreditam que o pa\u00eds est\u00e1 na dire\u00e7\u00e3o equivocada.<\/p>\n\n\n\n<p>Para o diretor da Quaest, Felipe Nunes, o cen\u00e1rio \u00e9 de estabilidade negativa. Embora algumas medidas do governo tenham boa aceita\u00e7\u00e3o, os esc\u00e2ndalos t\u00eam neutralizado seus efeitos. \u201cO caso do INSS teve mais impacto p\u00fablico do que todas as a\u00e7\u00f5es positivas anunciadas recentemente\u201d, concluiu.<\/p>\n","protected":false},"excerpt":{"rendered":"<p>A nova pesquisa Quaest divulgada nesta quarta-feira (4) mostra um cen\u00e1rio delicado para o presidente Luiz In\u00e1cio Lula da Silva (PT). Pela primeira vez desde &#8230; <a title=\"Governo Lula enfrenta maior rejei\u00e7\u00e3o desde o in\u00edcio do mandato, aponta pesquisa Quaest\" class=\"read-more\" href=\"https:\/\/latamreports.com\/br\/governo-lula-enfrenta-maior-rejeicao-desde-o-inicio-do-mandato-aponta-pesquisa-quaest\/\" aria-label=\"Read more about Governo Lula enfrenta maior rejei\u00e7\u00e3o desde o in\u00edcio do mandato, aponta pesquisa Quaest\">Read more<\/a><\/p>\n","protected":false},"author":7,"featured_media":12180,"comment_status":"closed","ping_status":"closed","sticky":false,"template":"","format":"standard","meta":{"footnotes":"","jetpack_publicize_message":"","jetpack_publicize_feature_enabled":true,"jetpack_social_post_already_shared":true,"jetpack_social_options":{"image_generator_settings":{"template":"highway","default_image_id":0,"font":"","enabled":false},"version":2}},"categories":[2,13],"tags":[31],"class_list":["post-12179","post","type-post","status-publish","format-standard","has-post-thumbnail","hentry","category-negocios","category-politica","tag-brasil","resize-featured-image"],"yoast_head":"<!-- This site is optimized with the Yoast SEO plugin v27.4 - https:\/\/yoast.com\/product\/yoast-seo-wordpress\/ -->\n<title>Governo Lula enfrenta maior rejei\u00e7\u00e3o desde o in\u00edcio do mandato<\/title>\n<meta name=\"description\" content=\"A nova pesquisa Quaest divulgada nesta quarta-feira (4) mostra um cen\u00e1rio delicado para o presidente Luiz In\u00e1cio Lula da Silva (PT).\" \/>\n<meta name=\"robots\" content=\"index, follow, max-snippet:-1, max-image-preview:large, max-video-preview:-1\" \/>\n<link rel=\"canonical\" href=\"https:\/\/latamreports.com\/br\/governo-lula-enfrenta-maior-rejeicao-desde-o-inicio-do-mandato-aponta-pesquisa-quaest\/\" \/>\n<meta property=\"og:locale\" content=\"en_US\" \/>\n<meta property=\"og:type\" content=\"article\" \/>\n<meta property=\"og:title\" content=\"Governo Lula enfrenta maior rejei\u00e7\u00e3o desde o in\u00edcio do mandato\" \/>\n<meta property=\"og:description\" content=\"A nova pesquisa Quaest divulgada nesta quarta-feira (4) mostra um cen\u00e1rio delicado para o presidente Luiz In\u00e1cio Lula da Silva (PT).\" \/>\n<meta property=\"og:url\" content=\"https:\/\/latamreports.com\/br\/governo-lula-enfrenta-maior-rejeicao-desde-o-inicio-do-mandato-aponta-pesquisa-quaest\/\" \/>\n<meta property=\"og:site_name\" content=\"LatAm Reports\" \/>\n<meta property=\"article:publisher\" content=\"https:\/\/facebook.com\/latamreports\" \/>\n<meta property=\"article:published_time\" content=\"2025-06-04T16:25:01+00:00\" \/>\n<meta property=\"article:modified_time\" content=\"2025-06-04T16:25:03+00:00\" \/>\n<meta property=\"og:image\" content=\"https:\/\/latamreports.com\/br\/wp-content\/uploads\/design-2025-06-04T122103.582.png\" \/>\n\t<meta property=\"og:image:width\" content=\"1200\" \/>\n\t<meta property=\"og:image:height\" content=\"630\" \/>\n\t<meta property=\"og:image:type\" content=\"image\/png\" \/>\n<meta name=\"author\" content=\"LatAm Reports Redatores da Equipe\" \/>\n<meta name=\"twitter:card\" content=\"summary_large_image\" \/>\n<meta name=\"twitter:creator\" content=\"@latamreports\" \/>\n<meta name=\"twitter:site\" content=\"@latamreports\" \/>\n<meta name=\"twitter:label1\" content=\"Written by\" \/>\n\t<meta name=\"twitter:data1\" content=\"LatAm Reports Redatores da Equipe\" \/>\n\t<meta name=\"twitter:label2\" content=\"Est. reading time\" \/>\n\t<meta name=\"twitter:data2\" content=\"3 minutes\" \/>\n<script type=\"application\/ld+json\" class=\"yoast-schema-graph\">{\"@context\":\"https:\\\/\\\/schema.org\",\"@graph\":[{\"@type\":\"Article\",\"@id\":\"https:\\\/\\\/latamreports.com\\\/br\\\/governo-lula-enfrenta-maior-rejeicao-desde-o-inicio-do-mandato-aponta-pesquisa-quaest\\\/#article\",\"isPartOf\":{\"@id\":\"https:\\\/\\\/latamreports.com\\\/br\\\/governo-lula-enfrenta-maior-rejeicao-desde-o-inicio-do-mandato-aponta-pesquisa-quaest\\\/\"},\"author\":{\"name\":\"LatAm Reports Redatores da Equipe\",\"@id\":\"https:\\\/\\\/latamreports.com\\\/br\\\/#\\\/schema\\\/person\\\/a561f2de7e5ccabfab38d239b39fdb70\"},\"headline\":\"Governo Lula enfrenta maior rejei\u00e7\u00e3o desde o in\u00edcio do mandato, aponta pesquisa Quaest\",\"datePublished\":\"2025-06-04T16:25:01+00:00\",\"dateModified\":\"2025-06-04T16:25:03+00:00\",\"mainEntityOfPage\":{\"@id\":\"https:\\\/\\\/latamreports.com\\\/br\\\/governo-lula-enfrenta-maior-rejeicao-desde-o-inicio-do-mandato-aponta-pesquisa-quaest\\\/\"},\"wordCount\":521,\"publisher\":{\"@id\":\"https:\\\/\\\/latamreports.com\\\/br\\\/#organization\"},\"image\":{\"@id\":\"https:\\\/\\\/latamreports.com\\\/br\\\/governo-lula-enfrenta-maior-rejeicao-desde-o-inicio-do-mandato-aponta-pesquisa-quaest\\\/#primaryimage\"},\"thumbnailUrl\":\"https:\\\/\\\/latamreports.com\\\/br\\\/wp-content\\\/uploads\\\/design-2025-06-04T122103.582.png\",\"keywords\":[\"Brasil\"],\"articleSection\":[\"Neg\u00f3cios\",\"Pol\u00edtica\"],\"inLanguage\":\"en-US\"},{\"@type\":\"WebPage\",\"@id\":\"https:\\\/\\\/latamreports.com\\\/br\\\/governo-lula-enfrenta-maior-rejeicao-desde-o-inicio-do-mandato-aponta-pesquisa-quaest\\\/\",\"url\":\"https:\\\/\\\/latamreports.com\\\/br\\\/governo-lula-enfrenta-maior-rejeicao-desde-o-inicio-do-mandato-aponta-pesquisa-quaest\\\/\",\"name\":\"Governo Lula enfrenta maior rejei\u00e7\u00e3o desde o in\u00edcio do mandato\",\"isPartOf\":{\"@id\":\"https:\\\/\\\/latamreports.com\\\/br\\\/#website\"},\"primaryImageOfPage\":{\"@id\":\"https:\\\/\\\/latamreports.com\\\/br\\\/governo-lula-enfrenta-maior-rejeicao-desde-o-inicio-do-mandato-aponta-pesquisa-quaest\\\/#primaryimage\"},\"image\":{\"@id\":\"https:\\\/\\\/latamreports.com\\\/br\\\/governo-lula-enfrenta-maior-rejeicao-desde-o-inicio-do-mandato-aponta-pesquisa-quaest\\\/#primaryimage\"},\"thumbnailUrl\":\"https:\\\/\\\/latamreports.com\\\/br\\\/wp-content\\\/uploads\\\/design-2025-06-04T122103.582.png\",\"datePublished\":\"2025-06-04T16:25:01+00:00\",\"dateModified\":\"2025-06-04T16:25:03+00:00\",\"description\":\"A nova pesquisa Quaest divulgada nesta quarta-feira (4) mostra um cen\u00e1rio delicado para o presidente Luiz In\u00e1cio Lula da Silva (PT).\",\"breadcrumb\":{\"@id\":\"https:\\\/\\\/latamreports.com\\\/br\\\/governo-lula-enfrenta-maior-rejeicao-desde-o-inicio-do-mandato-aponta-pesquisa-quaest\\\/#breadcrumb\"},\"inLanguage\":\"en-US\",\"potentialAction\":[{\"@type\":\"ReadAction\",\"target\":[\"https:\\\/\\\/latamreports.com\\\/br\\\/governo-lula-enfrenta-maior-rejeicao-desde-o-inicio-do-mandato-aponta-pesquisa-quaest\\\/\"]}]},{\"@type\":\"ImageObject\",\"inLanguage\":\"en-US\",\"@id\":\"https:\\\/\\\/latamreports.com\\\/br\\\/governo-lula-enfrenta-maior-rejeicao-desde-o-inicio-do-mandato-aponta-pesquisa-quaest\\\/#primaryimage\",\"url\":\"https:\\\/\\\/latamreports.com\\\/br\\\/wp-content\\\/uploads\\\/design-2025-06-04T122103.582.png\",\"contentUrl\":\"https:\\\/\\\/latamreports.com\\\/br\\\/wp-content\\\/uploads\\\/design-2025-06-04T122103.582.png\",\"width\":1200,\"height\":630,\"caption\":\"Governo Lula enfrenta maior rejei\u00e7\u00e3o desde o in\u00edcio do mandato, aponta pesquisa Quaest\"},{\"@type\":\"BreadcrumbList\",\"@id\":\"https:\\\/\\\/latamreports.com\\\/br\\\/governo-lula-enfrenta-maior-rejeicao-desde-o-inicio-do-mandato-aponta-pesquisa-quaest\\\/#breadcrumb\",\"itemListElement\":[{\"@type\":\"ListItem\",\"position\":1,\"name\":\"Home\",\"item\":\"https:\\\/\\\/latamreports.com\\\/br\\\/\"},{\"@type\":\"ListItem\",\"position\":2,\"name\":\"Governo Lula enfrenta maior rejei\u00e7\u00e3o desde o in\u00edcio do mandato, aponta pesquisa Quaest\"}]},{\"@type\":\"WebSite\",\"@id\":\"https:\\\/\\\/latamreports.com\\\/br\\\/#website\",\"url\":\"https:\\\/\\\/latamreports.com\\\/br\\\/\",\"name\":\"LatAm Reports\",\"description\":\"Not\u00edcias e opini\u00f5es de todas as Am\u00e9ricas\",\"publisher\":{\"@id\":\"https:\\\/\\\/latamreports.com\\\/br\\\/#organization\"},\"potentialAction\":[{\"@type\":\"SearchAction\",\"target\":{\"@type\":\"EntryPoint\",\"urlTemplate\":\"https:\\\/\\\/latamreports.com\\\/br\\\/?s={search_term_string}\"},\"query-input\":{\"@type\":\"PropertyValueSpecification\",\"valueRequired\":true,\"valueName\":\"search_term_string\"}}],\"inLanguage\":\"en-US\"},{\"@type\":\"Organization\",\"@id\":\"https:\\\/\\\/latamreports.com\\\/br\\\/#organization\",\"name\":\"LatAm Reports\",\"url\":\"https:\\\/\\\/latamreports.com\\\/br\\\/\",\"logo\":{\"@type\":\"ImageObject\",\"inLanguage\":\"en-US\",\"@id\":\"https:\\\/\\\/latamreports.com\\\/br\\\/#\\\/schema\\\/logo\\\/image\\\/\",\"url\":\"https:\\\/\\\/latamreports.com\\\/br\\\/wp-content\\\/uploads\\\/cropped-PNG2.png\",\"contentUrl\":\"https:\\\/\\\/latamreports.com\\\/br\\\/wp-content\\\/uploads\\\/cropped-PNG2.png\",\"width\":2522,\"height\":1014,\"caption\":\"LatAm Reports\"},\"image\":{\"@id\":\"https:\\\/\\\/latamreports.com\\\/br\\\/#\\\/schema\\\/logo\\\/image\\\/\"},\"sameAs\":[\"https:\\\/\\\/facebook.com\\\/latamreports\",\"https:\\\/\\\/x.com\\\/latamreports\"]},{\"@type\":\"Person\",\"@id\":\"https:\\\/\\\/latamreports.com\\\/br\\\/#\\\/schema\\\/person\\\/a561f2de7e5ccabfab38d239b39fdb70\",\"name\":\"LatAm Reports Redatores da Equipe\",\"image\":{\"@type\":\"ImageObject\",\"inLanguage\":\"en-US\",\"@id\":\"https:\\\/\\\/secure.gravatar.com\\\/avatar\\\/dcdcc93cc5edddd2f3ef77245866172c7d7241a11ad58e1959aa824f2fae81f6?s=96&d=mm&r=g\",\"url\":\"https:\\\/\\\/secure.gravatar.com\\\/avatar\\\/dcdcc93cc5edddd2f3ef77245866172c7d7241a11ad58e1959aa824f2fae81f6?s=96&d=mm&r=g\",\"contentUrl\":\"https:\\\/\\\/secure.gravatar.com\\\/avatar\\\/dcdcc93cc5edddd2f3ef77245866172c7d7241a11ad58e1959aa824f2fae81f6?s=96&d=mm&r=g\",\"caption\":\"LatAm Reports Redatores da Equipe\"}}]}<\/script>\n<!-- \/ Yoast SEO plugin. -->","yoast_head_json":{"title":"Governo Lula enfrenta maior rejei\u00e7\u00e3o desde o in\u00edcio do mandato","description":"A nova pesquisa Quaest divulgada nesta quarta-feira (4) mostra um cen\u00e1rio delicado para o presidente Luiz In\u00e1cio Lula da Silva (PT).","robots":{"index":"index","follow":"follow","max-snippet":"max-snippet:-1","max-image-preview":"max-image-preview:large","max-video-preview":"max-video-preview:-1"},"canonical":"https:\/\/latamreports.com\/br\/governo-lula-enfrenta-maior-rejeicao-desde-o-inicio-do-mandato-aponta-pesquisa-quaest\/","og_locale":"en_US","og_type":"article","og_title":"Governo Lula enfrenta maior rejei\u00e7\u00e3o desde o in\u00edcio do mandato","og_description":"A nova pesquisa Quaest divulgada nesta quarta-feira (4) mostra um cen\u00e1rio delicado para o presidente Luiz In\u00e1cio Lula da Silva (PT).","og_url":"https:\/\/latamreports.com\/br\/governo-lula-enfrenta-maior-rejeicao-desde-o-inicio-do-mandato-aponta-pesquisa-quaest\/","og_site_name":"LatAm Reports","article_publisher":"https:\/\/facebook.com\/latamreports","article_published_time":"2025-06-04T16:25:01+00:00","article_modified_time":"2025-06-04T16:25:03+00:00","og_image":[{"width":1200,"height":630,"url":"https:\/\/latamreports.com\/br\/wp-content\/uploads\/design-2025-06-04T122103.582.png","type":"image\/png"}],"author":"LatAm Reports Redatores da Equipe","twitter_card":"summary_large_image","twitter_creator":"@latamreports","twitter_site":"@latamreports","twitter_misc":{"Written by":"LatAm Reports Redatores da Equipe","Est. reading time":"3 minutes"},"schema":{"@context":"https:\/\/schema.org","@graph":[{"@type":"Article","@id":"https:\/\/latamreports.com\/br\/governo-lula-enfrenta-maior-rejeicao-desde-o-inicio-do-mandato-aponta-pesquisa-quaest\/#article","isPartOf":{"@id":"https:\/\/latamreports.com\/br\/governo-lula-enfrenta-maior-rejeicao-desde-o-inicio-do-mandato-aponta-pesquisa-quaest\/"},"author":{"name":"LatAm Reports Redatores da Equipe","@id":"https:\/\/latamreports.com\/br\/#\/schema\/person\/a561f2de7e5ccabfab38d239b39fdb70"},"headline":"Governo Lula enfrenta maior rejei\u00e7\u00e3o desde o in\u00edcio do mandato, aponta pesquisa Quaest","datePublished":"2025-06-04T16:25:01+00:00","dateModified":"2025-06-04T16:25:03+00:00","mainEntityOfPage":{"@id":"https:\/\/latamreports.com\/br\/governo-lula-enfrenta-maior-rejeicao-desde-o-inicio-do-mandato-aponta-pesquisa-quaest\/"},"wordCount":521,"publisher":{"@id":"https:\/\/latamreports.com\/br\/#organization"},"image":{"@id":"https:\/\/latamreports.com\/br\/governo-lula-enfrenta-maior-rejeicao-desde-o-inicio-do-mandato-aponta-pesquisa-quaest\/#primaryimage"},"thumbnailUrl":"https:\/\/latamreports.com\/br\/wp-content\/uploads\/design-2025-06-04T122103.582.png","keywords":["Brasil"],"articleSection":["Neg\u00f3cios","Pol\u00edtica"],"inLanguage":"en-US"},{"@type":"WebPage","@id":"https:\/\/latamreports.com\/br\/governo-lula-enfrenta-maior-rejeicao-desde-o-inicio-do-mandato-aponta-pesquisa-quaest\/","url":"https:\/\/latamreports.com\/br\/governo-lula-enfrenta-maior-rejeicao-desde-o-inicio-do-mandato-aponta-pesquisa-quaest\/","name":"Governo Lula enfrenta maior rejei\u00e7\u00e3o desde o in\u00edcio do mandato","isPartOf":{"@id":"https:\/\/latamreports.com\/br\/#website"},"primaryImageOfPage":{"@id":"https:\/\/latamreports.com\/br\/governo-lula-enfrenta-maior-rejeicao-desde-o-inicio-do-mandato-aponta-pesquisa-quaest\/#primaryimage"},"image":{"@id":"https:\/\/latamreports.com\/br\/governo-lula-enfrenta-maior-rejeicao-desde-o-inicio-do-mandato-aponta-pesquisa-quaest\/#primaryimage"},"thumbnailUrl":"https:\/\/latamreports.com\/br\/wp-content\/uploads\/design-2025-06-04T122103.582.png","datePublished":"2025-06-04T16:25:01+00:00","dateModified":"2025-06-04T16:25:03+00:00","description":"A nova pesquisa Quaest divulgada nesta quarta-feira (4) mostra um cen\u00e1rio delicado para o presidente Luiz In\u00e1cio Lula da Silva (PT).","breadcrumb":{"@id":"https:\/\/latamreports.com\/br\/governo-lula-enfrenta-maior-rejeicao-desde-o-inicio-do-mandato-aponta-pesquisa-quaest\/#breadcrumb"},"inLanguage":"en-US","potentialAction":[{"@type":"ReadAction","target":["https:\/\/latamreports.com\/br\/governo-lula-enfrenta-maior-rejeicao-desde-o-inicio-do-mandato-aponta-pesquisa-quaest\/"]}]},{"@type":"ImageObject","inLanguage":"en-US","@id":"https:\/\/latamreports.com\/br\/governo-lula-enfrenta-maior-rejeicao-desde-o-inicio-do-mandato-aponta-pesquisa-quaest\/#primaryimage","url":"https:\/\/latamreports.com\/br\/wp-content\/uploads\/design-2025-06-04T122103.582.png","contentUrl":"https:\/\/latamreports.com\/br\/wp-content\/uploads\/design-2025-06-04T122103.582.png","width":1200,"height":630,"caption":"Governo Lula enfrenta maior rejei\u00e7\u00e3o desde o in\u00edcio do mandato, aponta pesquisa Quaest"},{"@type":"BreadcrumbList","@id":"https:\/\/latamreports.com\/br\/governo-lula-enfrenta-maior-rejeicao-desde-o-inicio-do-mandato-aponta-pesquisa-quaest\/#breadcrumb","itemListElement":[{"@type":"ListItem","position":1,"name":"Home","item":"https:\/\/latamreports.com\/br\/"},{"@type":"ListItem","position":2,"name":"Governo Lula enfrenta maior rejei\u00e7\u00e3o desde o in\u00edcio do mandato, aponta pesquisa Quaest"}]},{"@type":"WebSite","@id":"https:\/\/latamreports.com\/br\/#website","url":"https:\/\/latamreports.com\/br\/","name":"LatAm Reports","description":"Not\u00edcias e opini\u00f5es de todas as Am\u00e9ricas","publisher":{"@id":"https:\/\/latamreports.com\/br\/#organization"},"potentialAction":[{"@type":"SearchAction","target":{"@type":"EntryPoint","urlTemplate":"https:\/\/latamreports.com\/br\/?s={search_term_string}"},"query-input":{"@type":"PropertyValueSpecification","valueRequired":true,"valueName":"search_term_string"}}],"inLanguage":"en-US"},{"@type":"Organization","@id":"https:\/\/latamreports.com\/br\/#organization","name":"LatAm Reports","url":"https:\/\/latamreports.com\/br\/","logo":{"@type":"ImageObject","inLanguage":"en-US","@id":"https:\/\/latamreports.com\/br\/#\/schema\/logo\/image\/","url":"https:\/\/latamreports.com\/br\/wp-content\/uploads\/cropped-PNG2.png","contentUrl":"https:\/\/latamreports.com\/br\/wp-content\/uploads\/cropped-PNG2.png","width":2522,"height":1014,"caption":"LatAm Reports"},"image":{"@id":"https:\/\/latamreports.com\/br\/#\/schema\/logo\/image\/"},"sameAs":["https:\/\/facebook.com\/latamreports","https:\/\/x.com\/latamreports"]},{"@type":"Person","@id":"https:\/\/latamreports.com\/br\/#\/schema\/person\/a561f2de7e5ccabfab38d239b39fdb70","name":"LatAm Reports Redatores da Equipe","image":{"@type":"ImageObject","inLanguage":"en-US","@id":"https:\/\/secure.gravatar.com\/avatar\/dcdcc93cc5edddd2f3ef77245866172c7d7241a11ad58e1959aa824f2fae81f6?s=96&d=mm&r=g","url":"https:\/\/secure.gravatar.com\/avatar\/dcdcc93cc5edddd2f3ef77245866172c7d7241a11ad58e1959aa824f2fae81f6?s=96&d=mm&r=g","contentUrl":"https:\/\/secure.gravatar.com\/avatar\/dcdcc93cc5edddd2f3ef77245866172c7d7241a11ad58e1959aa824f2fae81f6?s=96&d=mm&r=g","caption":"LatAm Reports Redatores da Equipe"}}]}},"jetpack_publicize_connections":[],"_links":{"self":[{"href":"https:\/\/latamreports.com\/br\/wp-json\/wp\/v2\/posts\/12179","targetHints":{"allow":["GET"]}}],"collection":[{"href":"https:\/\/latamreports.com\/br\/wp-json\/wp\/v2\/posts"}],"about":[{"href":"https:\/\/latamreports.com\/br\/wp-json\/wp\/v2\/types\/post"}],"author":[{"embeddable":true,"href":"https:\/\/latamreports.com\/br\/wp-json\/wp\/v2\/users\/7"}],"replies":[{"embeddable":true,"href":"https:\/\/latamreports.com\/br\/wp-json\/wp\/v2\/comments?post=12179"}],"version-history":[{"count":1,"href":"https:\/\/latamreports.com\/br\/wp-json\/wp\/v2\/posts\/12179\/revisions"}],"predecessor-version":[{"id":12181,"href":"https:\/\/latamreports.com\/br\/wp-json\/wp\/v2\/posts\/12179\/revisions\/12181"}],"wp:featuredmedia":[{"embeddable":true,"href":"https:\/\/latamreports.com\/br\/wp-json\/wp\/v2\/media\/12180"}],"wp:attachment":[{"href":"https:\/\/latamreports.com\/br\/wp-json\/wp\/v2\/media?parent=12179"}],"wp:term":[{"taxonomy":"category","embeddable":true,"href":"https:\/\/latamreports.com\/br\/wp-json\/wp\/v2\/categories?post=12179"},{"taxonomy":"post_tag","embeddable":true,"href":"https:\/\/latamreports.com\/br\/wp-json\/wp\/v2\/tags?post=12179"}],"curies":[{"name":"wp","href":"https:\/\/api.w.org\/{rel}","templated":true}]}}