{"id":11958,"date":"2025-05-12T17:14:11","date_gmt":"2025-05-12T17:14:11","guid":{"rendered":"https:\/\/latamreports.com\/br\/?p=11958"},"modified":"2025-05-12T17:14:12","modified_gmt":"2025-05-12T17:14:12","slug":"com-salario-recorde-carlo-ancelotti-assume-a-selecao-brasileira","status":"publish","type":"post","link":"https:\/\/latamreports.com\/br\/com-salario-recorde-carlo-ancelotti-assume-a-selecao-brasileira\/","title":{"rendered":"Com sal\u00e1rio recorde, Carlo Ancelotti assume a Sele\u00e7\u00e3o Brasileira"},"content":{"rendered":"\n<p>O italiano<a href=\"https:\/\/latamreports.com\/br\/dorival-junior-anuncia-convocacao-da-selecao-brasileira-para-eliminatorias-da-copa\/\"> Carlo Ancelotti <\/a>foi oficialmente anunciado como o novo t\u00e9cnico da Sele\u00e7\u00e3o Brasileira. Sua estreia \u00e0 frente do time est\u00e1 marcada para 6 de junho, contra o Equador, pelas Eliminat\u00f3rias da Copa do Mundo. A escolha da CBF por um dos nomes mais consagrados do futebol mundial representa uma aposta clara na retomada do prest\u00edgio e da competitividade da equipe nacional ap\u00f3s anos de resultados abaixo das expectativas.<\/p>\n\n\n\n<p>A Confedera\u00e7\u00e3o Brasileira de Futebol (CBF) confirmou nesta segunda-feira que Carlo Ancelotti ser\u00e1 o novo treinador da Sele\u00e7\u00e3o Brasileira. A estreia oficial do italiano j\u00e1 tem data marcada: ser\u00e1 no dia 6 de junho, contra o Equador, pelas Eliminat\u00f3rias Sul-Americanas da Copa do Mundo.<\/p>\n\n\n\n<p>Ancelotti assume o cargo ap\u00f3s a sa\u00edda de Dorival J\u00fanior, que comandou a equipe por pouco mais de um ano. Em declara\u00e7\u00e3o \u00e0 imprensa, o presidente da <a href=\"https:\/\/latamreports.com\/br\/galvao-bueno-faz-criticas-severas-a-selecao-brasileira-apos-vitoria-sobre-o-chile\/\">CBF<\/a>, Ednaldo Rodrigues, celebrou a chegada do novo t\u00e9cnico. <\/p>\n\n\n\n<blockquote class=\"wp-block-quote is-layout-flow wp-block-quote-is-layout-flow\">\n<p>\u201cTrazer Carlo Ancelotti para comandar o Brasil \u00e9 mais do que um movimento estrat\u00e9gico. \u00c9 uma declara\u00e7\u00e3o ao mundo de que estamos determinados a recuperar o lugar mais alto do p\u00f3dio. Ele \u00e9 o maior t\u00e9cnico da hist\u00f3ria\u201d, afirmou.<\/p>\n<\/blockquote>\n\n\n\n<h6 class=\"wp-block-heading\">A contrata\u00e7\u00e3o do italiano n\u00e3o veio sem cifras impressionantes. <\/h6>\n\n\n\n<p>Com um sal\u00e1rio mensal de R$ 5 milh\u00f5es, Ancelotti se torna o t\u00e9cnico de sele\u00e7\u00e3o mais bem remunerado do planeta, ultrapassando nomes como Thomas Tuchel, da Inglaterra, e Mauricio Pochettino, dos Estados Unidos.<\/p>\n\n\n\n<p>A escolha do comandante italiano reflete o peso de um curr\u00edculo singular. Ancelotti \u00e9 o \u00fanico treinador da hist\u00f3ria a vencer a Liga dos Campe\u00f5es da UEFA quatro vezes \u2014 duas com o Milan (2003 e 2007) e duas com o Real Madrid (2014 e 2022). Al\u00e9m disso, ele acumula t\u00edtulos nacionais nas cinco principais ligas da Europa: It\u00e1lia, Inglaterra, Fran\u00e7a, Alemanha e Espanha, um feito que nenhum outro treinador alcan\u00e7ou at\u00e9 hoje.<\/p>\n\n\n\n<p>Ao longo de sua trajet\u00f3ria, Ancelotti passou por gigantes como Juventus, Napoli, Bayern de Munique, Chelsea e Paris Saint-Germain. Sua reputa\u00e7\u00e3o \u00e9 de um t\u00e9cnico estrat\u00e9gico, respeitado e com forte perfil de lideran\u00e7a, qualidades que a CBF espera ver refletidas no desempenho da Sele\u00e7\u00e3o nos pr\u00f3ximos anos.<\/p>\n\n\n\n<p>A miss\u00e3o, no entanto, n\u00e3o ser\u00e1 simples. Com uma torcida exigente e uma hist\u00f3ria marcada por cinco t\u00edtulos mundiais, o Brasil busca reencontrar seu caminho de gl\u00f3rias, desta vez sob o comando de um europeu \u2014 algo in\u00e9dito para a equipe canarinho. A expectativa \u00e9 de que a experi\u00eancia e a mentalidade vencedora de Ancelotti ajudem a recolocar o pa\u00eds entre os favoritos em grandes competi\u00e7\u00f5es internacionais.<\/p>\n","protected":false},"excerpt":{"rendered":"<p>O italiano Carlo Ancelotti foi oficialmente anunciado como o novo t\u00e9cnico da Sele\u00e7\u00e3o Brasileira. Sua estreia \u00e0 frente do time est\u00e1 marcada para 6 de &#8230; <a title=\"Com sal\u00e1rio recorde, Carlo Ancelotti assume a Sele\u00e7\u00e3o Brasileira\" class=\"read-more\" href=\"https:\/\/latamreports.com\/br\/com-salario-recorde-carlo-ancelotti-assume-a-selecao-brasileira\/\" aria-label=\"Read more about Com sal\u00e1rio recorde, Carlo Ancelotti assume a Sele\u00e7\u00e3o Brasileira\">Read more<\/a><\/p>\n","protected":false},"author":7,"featured_media":11959,"comment_status":"closed","ping_status":"closed","sticky":false,"template":"","format":"standard","meta":{"footnotes":"","jetpack_publicize_message":"","jetpack_publicize_feature_enabled":true,"jetpack_social_post_already_shared":true,"jetpack_social_options":{"image_generator_settings":{"template":"highway","default_image_id":0,"font":"","enabled":false},"version":2}},"categories":[14],"tags":[31],"class_list":["post-11958","post","type-post","status-publish","format-standard","has-post-thumbnail","hentry","category-esportes","tag-brasil","resize-featured-image"],"yoast_head":"<!-- This site is optimized with the Yoast SEO plugin v27.4 - https:\/\/yoast.com\/product\/yoast-seo-wordpress\/ -->\n<title>Com sal\u00e1rio recorde, Carlo Ancelotti assume a Sele\u00e7\u00e3o Brasileira<\/title>\n<meta name=\"description\" content=\"O italiano Carlo Ancelotti foi oficialmente anunciado como o novo t\u00e9cnico da Sele\u00e7\u00e3o Brasileira. Sua estreia \u00e0 frente do time est\u00e1 marcada\" \/>\n<meta name=\"robots\" content=\"index, follow, max-snippet:-1, max-image-preview:large, max-video-preview:-1\" \/>\n<link rel=\"canonical\" href=\"https:\/\/latamreports.com\/br\/com-salario-recorde-carlo-ancelotti-assume-a-selecao-brasileira\/\" \/>\n<meta property=\"og:locale\" content=\"en_US\" \/>\n<meta property=\"og:type\" content=\"article\" \/>\n<meta property=\"og:title\" content=\"Com sal\u00e1rio recorde, Carlo Ancelotti assume a Sele\u00e7\u00e3o Brasileira\" \/>\n<meta property=\"og:description\" content=\"O italiano Carlo Ancelotti foi oficialmente anunciado como o novo t\u00e9cnico da Sele\u00e7\u00e3o Brasileira. Sua estreia \u00e0 frente do time est\u00e1 marcada\" \/>\n<meta property=\"og:url\" content=\"https:\/\/latamreports.com\/br\/com-salario-recorde-carlo-ancelotti-assume-a-selecao-brasileira\/\" \/>\n<meta property=\"og:site_name\" content=\"LatAm Reports\" \/>\n<meta property=\"article:publisher\" content=\"https:\/\/facebook.com\/latamreports\" \/>\n<meta property=\"article:published_time\" content=\"2025-05-12T17:14:11+00:00\" \/>\n<meta property=\"article:modified_time\" content=\"2025-05-12T17:14:12+00:00\" \/>\n<meta property=\"og:image\" content=\"https:\/\/latamreports.com\/br\/wp-content\/uploads\/design-2025-05-12T125139.115.png\" \/>\n\t<meta property=\"og:image:width\" content=\"1200\" \/>\n\t<meta property=\"og:image:height\" content=\"630\" \/>\n\t<meta property=\"og:image:type\" content=\"image\/png\" \/>\n<meta name=\"author\" content=\"LatAm Reports Redatores da Equipe\" \/>\n<meta name=\"twitter:card\" content=\"summary_large_image\" \/>\n<meta name=\"twitter:creator\" content=\"@latamreports\" \/>\n<meta name=\"twitter:site\" content=\"@latamreports\" \/>\n<meta name=\"twitter:label1\" content=\"Written by\" \/>\n\t<meta name=\"twitter:data1\" content=\"LatAm Reports Redatores da Equipe\" \/>\n\t<meta name=\"twitter:label2\" content=\"Est. reading time\" \/>\n\t<meta name=\"twitter:data2\" content=\"2 minutes\" \/>\n<script type=\"application\/ld+json\" class=\"yoast-schema-graph\">{\"@context\":\"https:\\\/\\\/schema.org\",\"@graph\":[{\"@type\":\"Article\",\"@id\":\"https:\\\/\\\/latamreports.com\\\/br\\\/com-salario-recorde-carlo-ancelotti-assume-a-selecao-brasileira\\\/#article\",\"isPartOf\":{\"@id\":\"https:\\\/\\\/latamreports.com\\\/br\\\/com-salario-recorde-carlo-ancelotti-assume-a-selecao-brasileira\\\/\"},\"author\":{\"name\":\"LatAm Reports Redatores da Equipe\",\"@id\":\"https:\\\/\\\/latamreports.com\\\/br\\\/#\\\/schema\\\/person\\\/a561f2de7e5ccabfab38d239b39fdb70\"},\"headline\":\"Com sal\u00e1rio recorde, Carlo Ancelotti assume a Sele\u00e7\u00e3o Brasileira\",\"datePublished\":\"2025-05-12T17:14:11+00:00\",\"dateModified\":\"2025-05-12T17:14:12+00:00\",\"mainEntityOfPage\":{\"@id\":\"https:\\\/\\\/latamreports.com\\\/br\\\/com-salario-recorde-carlo-ancelotti-assume-a-selecao-brasileira\\\/\"},\"wordCount\":459,\"publisher\":{\"@id\":\"https:\\\/\\\/latamreports.com\\\/br\\\/#organization\"},\"image\":{\"@id\":\"https:\\\/\\\/latamreports.com\\\/br\\\/com-salario-recorde-carlo-ancelotti-assume-a-selecao-brasileira\\\/#primaryimage\"},\"thumbnailUrl\":\"https:\\\/\\\/latamreports.com\\\/br\\\/wp-content\\\/uploads\\\/design-2025-05-12T125139.115.png\",\"keywords\":[\"Brasil\"],\"articleSection\":[\"Esportes\"],\"inLanguage\":\"en-US\"},{\"@type\":\"WebPage\",\"@id\":\"https:\\\/\\\/latamreports.com\\\/br\\\/com-salario-recorde-carlo-ancelotti-assume-a-selecao-brasileira\\\/\",\"url\":\"https:\\\/\\\/latamreports.com\\\/br\\\/com-salario-recorde-carlo-ancelotti-assume-a-selecao-brasileira\\\/\",\"name\":\"Com sal\u00e1rio recorde, Carlo Ancelotti assume a Sele\u00e7\u00e3o Brasileira\",\"isPartOf\":{\"@id\":\"https:\\\/\\\/latamreports.com\\\/br\\\/#website\"},\"primaryImageOfPage\":{\"@id\":\"https:\\\/\\\/latamreports.com\\\/br\\\/com-salario-recorde-carlo-ancelotti-assume-a-selecao-brasileira\\\/#primaryimage\"},\"image\":{\"@id\":\"https:\\\/\\\/latamreports.com\\\/br\\\/com-salario-recorde-carlo-ancelotti-assume-a-selecao-brasileira\\\/#primaryimage\"},\"thumbnailUrl\":\"https:\\\/\\\/latamreports.com\\\/br\\\/wp-content\\\/uploads\\\/design-2025-05-12T125139.115.png\",\"datePublished\":\"2025-05-12T17:14:11+00:00\",\"dateModified\":\"2025-05-12T17:14:12+00:00\",\"description\":\"O italiano Carlo Ancelotti foi oficialmente anunciado como o novo t\u00e9cnico da Sele\u00e7\u00e3o Brasileira. Sua estreia \u00e0 frente do time est\u00e1 marcada\",\"breadcrumb\":{\"@id\":\"https:\\\/\\\/latamreports.com\\\/br\\\/com-salario-recorde-carlo-ancelotti-assume-a-selecao-brasileira\\\/#breadcrumb\"},\"inLanguage\":\"en-US\",\"potentialAction\":[{\"@type\":\"ReadAction\",\"target\":[\"https:\\\/\\\/latamreports.com\\\/br\\\/com-salario-recorde-carlo-ancelotti-assume-a-selecao-brasileira\\\/\"]}]},{\"@type\":\"ImageObject\",\"inLanguage\":\"en-US\",\"@id\":\"https:\\\/\\\/latamreports.com\\\/br\\\/com-salario-recorde-carlo-ancelotti-assume-a-selecao-brasileira\\\/#primaryimage\",\"url\":\"https:\\\/\\\/latamreports.com\\\/br\\\/wp-content\\\/uploads\\\/design-2025-05-12T125139.115.png\",\"contentUrl\":\"https:\\\/\\\/latamreports.com\\\/br\\\/wp-content\\\/uploads\\\/design-2025-05-12T125139.115.png\",\"width\":1200,\"height\":630,\"caption\":\"Carlo Ancelotti \u00e9 apresentado como novo t\u00e9cnico da Sele\u00e7\u00e3o Brasileira\"},{\"@type\":\"BreadcrumbList\",\"@id\":\"https:\\\/\\\/latamreports.com\\\/br\\\/com-salario-recorde-carlo-ancelotti-assume-a-selecao-brasileira\\\/#breadcrumb\",\"itemListElement\":[{\"@type\":\"ListItem\",\"position\":1,\"name\":\"Home\",\"item\":\"https:\\\/\\\/latamreports.com\\\/br\\\/\"},{\"@type\":\"ListItem\",\"position\":2,\"name\":\"Com sal\u00e1rio recorde, Carlo Ancelotti assume a Sele\u00e7\u00e3o Brasileira\"}]},{\"@type\":\"WebSite\",\"@id\":\"https:\\\/\\\/latamreports.com\\\/br\\\/#website\",\"url\":\"https:\\\/\\\/latamreports.com\\\/br\\\/\",\"name\":\"LatAm Reports\",\"description\":\"Not\u00edcias e opini\u00f5es de todas as Am\u00e9ricas\",\"publisher\":{\"@id\":\"https:\\\/\\\/latamreports.com\\\/br\\\/#organization\"},\"potentialAction\":[{\"@type\":\"SearchAction\",\"target\":{\"@type\":\"EntryPoint\",\"urlTemplate\":\"https:\\\/\\\/latamreports.com\\\/br\\\/?s={search_term_string}\"},\"query-input\":{\"@type\":\"PropertyValueSpecification\",\"valueRequired\":true,\"valueName\":\"search_term_string\"}}],\"inLanguage\":\"en-US\"},{\"@type\":\"Organization\",\"@id\":\"https:\\\/\\\/latamreports.com\\\/br\\\/#organization\",\"name\":\"LatAm Reports\",\"url\":\"https:\\\/\\\/latamreports.com\\\/br\\\/\",\"logo\":{\"@type\":\"ImageObject\",\"inLanguage\":\"en-US\",\"@id\":\"https:\\\/\\\/latamreports.com\\\/br\\\/#\\\/schema\\\/logo\\\/image\\\/\",\"url\":\"https:\\\/\\\/latamreports.com\\\/br\\\/wp-content\\\/uploads\\\/cropped-PNG2.png\",\"contentUrl\":\"https:\\\/\\\/latamreports.com\\\/br\\\/wp-content\\\/uploads\\\/cropped-PNG2.png\",\"width\":2522,\"height\":1014,\"caption\":\"LatAm Reports\"},\"image\":{\"@id\":\"https:\\\/\\\/latamreports.com\\\/br\\\/#\\\/schema\\\/logo\\\/image\\\/\"},\"sameAs\":[\"https:\\\/\\\/facebook.com\\\/latamreports\",\"https:\\\/\\\/x.com\\\/latamreports\"]},{\"@type\":\"Person\",\"@id\":\"https:\\\/\\\/latamreports.com\\\/br\\\/#\\\/schema\\\/person\\\/a561f2de7e5ccabfab38d239b39fdb70\",\"name\":\"LatAm Reports Redatores da Equipe\",\"image\":{\"@type\":\"ImageObject\",\"inLanguage\":\"en-US\",\"@id\":\"https:\\\/\\\/secure.gravatar.com\\\/avatar\\\/dcdcc93cc5edddd2f3ef77245866172c7d7241a11ad58e1959aa824f2fae81f6?s=96&d=mm&r=g\",\"url\":\"https:\\\/\\\/secure.gravatar.com\\\/avatar\\\/dcdcc93cc5edddd2f3ef77245866172c7d7241a11ad58e1959aa824f2fae81f6?s=96&d=mm&r=g\",\"contentUrl\":\"https:\\\/\\\/secure.gravatar.com\\\/avatar\\\/dcdcc93cc5edddd2f3ef77245866172c7d7241a11ad58e1959aa824f2fae81f6?s=96&d=mm&r=g\",\"caption\":\"LatAm Reports Redatores da Equipe\"}}]}<\/script>\n<!-- \/ Yoast SEO plugin. -->","yoast_head_json":{"title":"Com sal\u00e1rio recorde, Carlo Ancelotti assume a Sele\u00e7\u00e3o Brasileira","description":"O italiano Carlo Ancelotti foi oficialmente anunciado como o novo t\u00e9cnico da Sele\u00e7\u00e3o Brasileira. Sua estreia \u00e0 frente do time est\u00e1 marcada","robots":{"index":"index","follow":"follow","max-snippet":"max-snippet:-1","max-image-preview":"max-image-preview:large","max-video-preview":"max-video-preview:-1"},"canonical":"https:\/\/latamreports.com\/br\/com-salario-recorde-carlo-ancelotti-assume-a-selecao-brasileira\/","og_locale":"en_US","og_type":"article","og_title":"Com sal\u00e1rio recorde, Carlo Ancelotti assume a Sele\u00e7\u00e3o Brasileira","og_description":"O italiano Carlo Ancelotti foi oficialmente anunciado como o novo t\u00e9cnico da Sele\u00e7\u00e3o Brasileira. Sua estreia \u00e0 frente do time est\u00e1 marcada","og_url":"https:\/\/latamreports.com\/br\/com-salario-recorde-carlo-ancelotti-assume-a-selecao-brasileira\/","og_site_name":"LatAm Reports","article_publisher":"https:\/\/facebook.com\/latamreports","article_published_time":"2025-05-12T17:14:11+00:00","article_modified_time":"2025-05-12T17:14:12+00:00","og_image":[{"width":1200,"height":630,"url":"https:\/\/latamreports.com\/br\/wp-content\/uploads\/design-2025-05-12T125139.115.png","type":"image\/png"}],"author":"LatAm Reports Redatores da Equipe","twitter_card":"summary_large_image","twitter_creator":"@latamreports","twitter_site":"@latamreports","twitter_misc":{"Written by":"LatAm Reports Redatores da Equipe","Est. reading time":"2 minutes"},"schema":{"@context":"https:\/\/schema.org","@graph":[{"@type":"Article","@id":"https:\/\/latamreports.com\/br\/com-salario-recorde-carlo-ancelotti-assume-a-selecao-brasileira\/#article","isPartOf":{"@id":"https:\/\/latamreports.com\/br\/com-salario-recorde-carlo-ancelotti-assume-a-selecao-brasileira\/"},"author":{"name":"LatAm Reports Redatores da Equipe","@id":"https:\/\/latamreports.com\/br\/#\/schema\/person\/a561f2de7e5ccabfab38d239b39fdb70"},"headline":"Com sal\u00e1rio recorde, Carlo Ancelotti assume a Sele\u00e7\u00e3o Brasileira","datePublished":"2025-05-12T17:14:11+00:00","dateModified":"2025-05-12T17:14:12+00:00","mainEntityOfPage":{"@id":"https:\/\/latamreports.com\/br\/com-salario-recorde-carlo-ancelotti-assume-a-selecao-brasileira\/"},"wordCount":459,"publisher":{"@id":"https:\/\/latamreports.com\/br\/#organization"},"image":{"@id":"https:\/\/latamreports.com\/br\/com-salario-recorde-carlo-ancelotti-assume-a-selecao-brasileira\/#primaryimage"},"thumbnailUrl":"https:\/\/latamreports.com\/br\/wp-content\/uploads\/design-2025-05-12T125139.115.png","keywords":["Brasil"],"articleSection":["Esportes"],"inLanguage":"en-US"},{"@type":"WebPage","@id":"https:\/\/latamreports.com\/br\/com-salario-recorde-carlo-ancelotti-assume-a-selecao-brasileira\/","url":"https:\/\/latamreports.com\/br\/com-salario-recorde-carlo-ancelotti-assume-a-selecao-brasileira\/","name":"Com sal\u00e1rio recorde, Carlo Ancelotti assume a Sele\u00e7\u00e3o Brasileira","isPartOf":{"@id":"https:\/\/latamreports.com\/br\/#website"},"primaryImageOfPage":{"@id":"https:\/\/latamreports.com\/br\/com-salario-recorde-carlo-ancelotti-assume-a-selecao-brasileira\/#primaryimage"},"image":{"@id":"https:\/\/latamreports.com\/br\/com-salario-recorde-carlo-ancelotti-assume-a-selecao-brasileira\/#primaryimage"},"thumbnailUrl":"https:\/\/latamreports.com\/br\/wp-content\/uploads\/design-2025-05-12T125139.115.png","datePublished":"2025-05-12T17:14:11+00:00","dateModified":"2025-05-12T17:14:12+00:00","description":"O italiano Carlo Ancelotti foi oficialmente anunciado como o novo t\u00e9cnico da Sele\u00e7\u00e3o Brasileira. Sua estreia \u00e0 frente do time est\u00e1 marcada","breadcrumb":{"@id":"https:\/\/latamreports.com\/br\/com-salario-recorde-carlo-ancelotti-assume-a-selecao-brasileira\/#breadcrumb"},"inLanguage":"en-US","potentialAction":[{"@type":"ReadAction","target":["https:\/\/latamreports.com\/br\/com-salario-recorde-carlo-ancelotti-assume-a-selecao-brasileira\/"]}]},{"@type":"ImageObject","inLanguage":"en-US","@id":"https:\/\/latamreports.com\/br\/com-salario-recorde-carlo-ancelotti-assume-a-selecao-brasileira\/#primaryimage","url":"https:\/\/latamreports.com\/br\/wp-content\/uploads\/design-2025-05-12T125139.115.png","contentUrl":"https:\/\/latamreports.com\/br\/wp-content\/uploads\/design-2025-05-12T125139.115.png","width":1200,"height":630,"caption":"Carlo Ancelotti \u00e9 apresentado como novo t\u00e9cnico da Sele\u00e7\u00e3o Brasileira"},{"@type":"BreadcrumbList","@id":"https:\/\/latamreports.com\/br\/com-salario-recorde-carlo-ancelotti-assume-a-selecao-brasileira\/#breadcrumb","itemListElement":[{"@type":"ListItem","position":1,"name":"Home","item":"https:\/\/latamreports.com\/br\/"},{"@type":"ListItem","position":2,"name":"Com sal\u00e1rio recorde, Carlo Ancelotti assume a Sele\u00e7\u00e3o Brasileira"}]},{"@type":"WebSite","@id":"https:\/\/latamreports.com\/br\/#website","url":"https:\/\/latamreports.com\/br\/","name":"LatAm Reports","description":"Not\u00edcias e opini\u00f5es de todas as Am\u00e9ricas","publisher":{"@id":"https:\/\/latamreports.com\/br\/#organization"},"potentialAction":[{"@type":"SearchAction","target":{"@type":"EntryPoint","urlTemplate":"https:\/\/latamreports.com\/br\/?s={search_term_string}"},"query-input":{"@type":"PropertyValueSpecification","valueRequired":true,"valueName":"search_term_string"}}],"inLanguage":"en-US"},{"@type":"Organization","@id":"https:\/\/latamreports.com\/br\/#organization","name":"LatAm Reports","url":"https:\/\/latamreports.com\/br\/","logo":{"@type":"ImageObject","inLanguage":"en-US","@id":"https:\/\/latamreports.com\/br\/#\/schema\/logo\/image\/","url":"https:\/\/latamreports.com\/br\/wp-content\/uploads\/cropped-PNG2.png","contentUrl":"https:\/\/latamreports.com\/br\/wp-content\/uploads\/cropped-PNG2.png","width":2522,"height":1014,"caption":"LatAm Reports"},"image":{"@id":"https:\/\/latamreports.com\/br\/#\/schema\/logo\/image\/"},"sameAs":["https:\/\/facebook.com\/latamreports","https:\/\/x.com\/latamreports"]},{"@type":"Person","@id":"https:\/\/latamreports.com\/br\/#\/schema\/person\/a561f2de7e5ccabfab38d239b39fdb70","name":"LatAm Reports Redatores da Equipe","image":{"@type":"ImageObject","inLanguage":"en-US","@id":"https:\/\/secure.gravatar.com\/avatar\/dcdcc93cc5edddd2f3ef77245866172c7d7241a11ad58e1959aa824f2fae81f6?s=96&d=mm&r=g","url":"https:\/\/secure.gravatar.com\/avatar\/dcdcc93cc5edddd2f3ef77245866172c7d7241a11ad58e1959aa824f2fae81f6?s=96&d=mm&r=g","contentUrl":"https:\/\/secure.gravatar.com\/avatar\/dcdcc93cc5edddd2f3ef77245866172c7d7241a11ad58e1959aa824f2fae81f6?s=96&d=mm&r=g","caption":"LatAm Reports Redatores da Equipe"}}]}},"jetpack_publicize_connections":[],"_links":{"self":[{"href":"https:\/\/latamreports.com\/br\/wp-json\/wp\/v2\/posts\/11958","targetHints":{"allow":["GET"]}}],"collection":[{"href":"https:\/\/latamreports.com\/br\/wp-json\/wp\/v2\/posts"}],"about":[{"href":"https:\/\/latamreports.com\/br\/wp-json\/wp\/v2\/types\/post"}],"author":[{"embeddable":true,"href":"https:\/\/latamreports.com\/br\/wp-json\/wp\/v2\/users\/7"}],"replies":[{"embeddable":true,"href":"https:\/\/latamreports.com\/br\/wp-json\/wp\/v2\/comments?post=11958"}],"version-history":[{"count":2,"href":"https:\/\/latamreports.com\/br\/wp-json\/wp\/v2\/posts\/11958\/revisions"}],"predecessor-version":[{"id":11961,"href":"https:\/\/latamreports.com\/br\/wp-json\/wp\/v2\/posts\/11958\/revisions\/11961"}],"wp:featuredmedia":[{"embeddable":true,"href":"https:\/\/latamreports.com\/br\/wp-json\/wp\/v2\/media\/11959"}],"wp:attachment":[{"href":"https:\/\/latamreports.com\/br\/wp-json\/wp\/v2\/media?parent=11958"}],"wp:term":[{"taxonomy":"category","embeddable":true,"href":"https:\/\/latamreports.com\/br\/wp-json\/wp\/v2\/categories?post=11958"},{"taxonomy":"post_tag","embeddable":true,"href":"https:\/\/latamreports.com\/br\/wp-json\/wp\/v2\/tags?post=11958"}],"curies":[{"name":"wp","href":"https:\/\/api.w.org\/{rel}","templated":true}]}}