{"id":11928,"date":"2025-05-07T14:42:28","date_gmt":"2025-05-07T14:42:28","guid":{"rendered":"https:\/\/latamreports.com\/br\/?p=11928"},"modified":"2025-05-07T14:42:31","modified_gmt":"2025-05-07T14:42:31","slug":"daniel-alves-voltara-a-ser-julgado-apos-recurso-da-promotoria-de-barcelona-ser-aceito","status":"publish","type":"post","link":"https:\/\/latamreports.com\/br\/daniel-alves-voltara-a-ser-julgado-apos-recurso-da-promotoria-de-barcelona-ser-aceito\/","title":{"rendered":"Daniel Alves voltar\u00e1 a ser julgado ap\u00f3s recurso da Promotoria de Barcelona ser aceito"},"content":{"rendered":"\n<p>A Justi\u00e7a da Espanha voltar\u00e1 a julgar o ex-jogador <a href=\"https:\/\/latamreports.com\/br\/justica-da-espanha-absolve-daniel-alves-mas-ministerio-publico-anuncia-recurso\/\">Daniel Alves, <\/a>ap\u00f3s o Minist\u00e9rio P\u00fablico de Barcelona recorrer da decis\u00e3o que havia anulado sua condena\u00e7\u00e3o por estupro. O caso ser\u00e1 agora analisado pelo Tribunal Supremo, inst\u00e2ncia mais alta da Justi\u00e7a espanhola, o que reabre completamente o processo e reacende a controv\u00e9rsia em torno do epis\u00f3dio ocorrido em dezembro de 2022, numa boate de Barcelona.<\/p>\n\n\n\n<p>O recurso apresentado nesta quarta-feira, 7, contesta a anula\u00e7\u00e3o da condena\u00e7\u00e3o de Alves, determinada em mar\u00e7o pelo Tribunal Superior da Catalunha. A justificativa da corte regional foi a exist\u00eancia de inconsist\u00eancias no depoimento da v\u00edtima, o que, segundo os magistrados, inviabilizaria a condena\u00e7\u00e3o do brasileiro. A Promotoria, no entanto, argumenta que a decis\u00e3o \u201ccondenou moralmente\u201d a jovem espanhola, que manteve o mesmo relato desde o in\u00edcio do processo.<\/p>\n\n\n\n<p>A nova fase do julgamento ocorrer\u00e1 no Tribunal Supremo da <a href=\"https:\/\/latamreports.com\/br\/joana-sanz-anuncia-gravidez-apos-absolvicao-de-daniel-alves-mas-justica-da-espanha-ainda-pode-reabrir-o-caso\/\">Espanha<\/a>, que tem autoridade para revisar decis\u00f5es de todas as inst\u00e2ncias inferiores, exceto em temas constitucionais. Isso significa que o ex-jogador poder\u00e1 ser novamente condenado, caso os magistrados entendam que houve erro na anula\u00e7\u00e3o.<\/p>\n\n\n\n<h6 class=\"wp-block-heading\">Daniel Alves havia sido condenado em fevereiro de 2024 a quatro anos e meio de pris\u00e3o por estuprar uma mulher dentro do banheiro VIP de uma discoteca. <\/h6>\n\n\n\n<p>Exames periciais comprovaram a presen\u00e7a de s\u00eamen na v\u00edtima, e testemunhas relataram que ela saiu do local em estado de choque. Mesmo assim, os ju\u00edzes da segunda inst\u00e2ncia apontaram falhas na verifica\u00e7\u00e3o de provas e afirmaram que n\u00e3o havia elementos suficientes para sustentar a condena\u00e7\u00e3o.<\/p>\n\n\n\n<p>O caso gerou protestos tanto na Espanha quanto no Brasil, onde grupos de mulheres denunciaram o que consideram uma revitimiza\u00e7\u00e3o da denunciante. A defesa de Alves, por sua vez, sustentou que houve rela\u00e7\u00e3o consentida e apontou trechos do depoimento da jovem que poderiam ter sido checados com grava\u00e7\u00f5es de c\u00e2meras de seguran\u00e7a, mas que n\u00e3o foram consideradas pela corte anterior.<\/p>\n\n\n\n<p>O Tribunal Supremo n\u00e3o tem prazo definido para julgar o recurso, mas o processo pode abrir um novo cap\u00edtulo na trajet\u00f3ria judicial do ex-jogador, que ficou preso por mais de um ano, pagou fian\u00e7a de 1 milh\u00e3o de euros e responde em liberdade desde mar\u00e7o de 2024.<\/p>\n","protected":false},"excerpt":{"rendered":"<p>A Justi\u00e7a da Espanha voltar\u00e1 a julgar o ex-jogador Daniel Alves, ap\u00f3s o Minist\u00e9rio P\u00fablico de Barcelona recorrer da decis\u00e3o que havia anulado sua condena\u00e7\u00e3o &#8230; <a title=\"Daniel Alves voltar\u00e1 a ser julgado ap\u00f3s recurso da Promotoria de Barcelona ser aceito\" class=\"read-more\" href=\"https:\/\/latamreports.com\/br\/daniel-alves-voltara-a-ser-julgado-apos-recurso-da-promotoria-de-barcelona-ser-aceito\/\" aria-label=\"Read more about Daniel Alves voltar\u00e1 a ser julgado ap\u00f3s recurso da Promotoria de Barcelona ser aceito\">Read more<\/a><\/p>\n","protected":false},"author":7,"featured_media":11929,"comment_status":"closed","ping_status":"closed","sticky":false,"template":"","format":"standard","meta":{"footnotes":"","jetpack_publicize_message":"","jetpack_publicize_feature_enabled":true,"jetpack_social_post_already_shared":true,"jetpack_social_options":{"image_generator_settings":{"template":"highway","default_image_id":0,"font":"","enabled":false},"version":2}},"categories":[14],"tags":[31],"class_list":["post-11928","post","type-post","status-publish","format-standard","has-post-thumbnail","hentry","category-esportes","tag-brasil","resize-featured-image"],"yoast_head":"<!-- This site is optimized with the Yoast SEO plugin v27.4 - https:\/\/yoast.com\/product\/yoast-seo-wordpress\/ -->\n<title>Daniel Alves voltar\u00e1 a ser julgado ap\u00f3s recurso da Promotoria<\/title>\n<meta name=\"description\" content=\"A Justi\u00e7a da Espanha voltar\u00e1 a julgar o ex-jogador Daniel Alves, ap\u00f3s o Minist\u00e9rio P\u00fablico de Barcelona recorrer...\" \/>\n<meta name=\"robots\" content=\"index, follow, max-snippet:-1, max-image-preview:large, max-video-preview:-1\" \/>\n<link rel=\"canonical\" href=\"https:\/\/latamreports.com\/br\/daniel-alves-voltara-a-ser-julgado-apos-recurso-da-promotoria-de-barcelona-ser-aceito\/\" \/>\n<meta property=\"og:locale\" content=\"en_US\" \/>\n<meta property=\"og:type\" content=\"article\" \/>\n<meta property=\"og:title\" content=\"Daniel Alves voltar\u00e1 a ser julgado ap\u00f3s recurso da Promotoria\" \/>\n<meta property=\"og:description\" content=\"A Justi\u00e7a da Espanha voltar\u00e1 a julgar o ex-jogador Daniel Alves, ap\u00f3s o Minist\u00e9rio P\u00fablico de Barcelona recorrer...\" \/>\n<meta property=\"og:url\" content=\"https:\/\/latamreports.com\/br\/daniel-alves-voltara-a-ser-julgado-apos-recurso-da-promotoria-de-barcelona-ser-aceito\/\" \/>\n<meta property=\"og:site_name\" content=\"LatAm Reports\" \/>\n<meta property=\"article:publisher\" content=\"https:\/\/facebook.com\/latamreports\" \/>\n<meta property=\"article:published_time\" content=\"2025-05-07T14:42:28+00:00\" \/>\n<meta property=\"article:modified_time\" content=\"2025-05-07T14:42:31+00:00\" \/>\n<meta property=\"og:image\" content=\"https:\/\/latamreports.com\/br\/wp-content\/uploads\/design-2025-05-07T103918.466.png\" \/>\n\t<meta property=\"og:image:width\" content=\"1200\" \/>\n\t<meta property=\"og:image:height\" content=\"630\" \/>\n\t<meta property=\"og:image:type\" content=\"image\/png\" \/>\n<meta name=\"author\" content=\"LatAm Reports Redatores da Equipe\" \/>\n<meta name=\"twitter:card\" content=\"summary_large_image\" \/>\n<meta name=\"twitter:creator\" content=\"@latamreports\" \/>\n<meta name=\"twitter:site\" content=\"@latamreports\" \/>\n<meta name=\"twitter:label1\" content=\"Written by\" \/>\n\t<meta name=\"twitter:data1\" content=\"LatAm Reports Redatores da Equipe\" \/>\n\t<meta name=\"twitter:label2\" content=\"Est. reading time\" \/>\n\t<meta name=\"twitter:data2\" content=\"2 minutes\" \/>\n<script type=\"application\/ld+json\" class=\"yoast-schema-graph\">{\"@context\":\"https:\\\/\\\/schema.org\",\"@graph\":[{\"@type\":\"Article\",\"@id\":\"https:\\\/\\\/latamreports.com\\\/br\\\/daniel-alves-voltara-a-ser-julgado-apos-recurso-da-promotoria-de-barcelona-ser-aceito\\\/#article\",\"isPartOf\":{\"@id\":\"https:\\\/\\\/latamreports.com\\\/br\\\/daniel-alves-voltara-a-ser-julgado-apos-recurso-da-promotoria-de-barcelona-ser-aceito\\\/\"},\"author\":{\"name\":\"LatAm Reports Redatores da Equipe\",\"@id\":\"https:\\\/\\\/latamreports.com\\\/br\\\/#\\\/schema\\\/person\\\/a561f2de7e5ccabfab38d239b39fdb70\"},\"headline\":\"Daniel Alves voltar\u00e1 a ser julgado ap\u00f3s recurso da Promotoria de Barcelona ser aceito\",\"datePublished\":\"2025-05-07T14:42:28+00:00\",\"dateModified\":\"2025-05-07T14:42:31+00:00\",\"mainEntityOfPage\":{\"@id\":\"https:\\\/\\\/latamreports.com\\\/br\\\/daniel-alves-voltara-a-ser-julgado-apos-recurso-da-promotoria-de-barcelona-ser-aceito\\\/\"},\"wordCount\":408,\"publisher\":{\"@id\":\"https:\\\/\\\/latamreports.com\\\/br\\\/#organization\"},\"image\":{\"@id\":\"https:\\\/\\\/latamreports.com\\\/br\\\/daniel-alves-voltara-a-ser-julgado-apos-recurso-da-promotoria-de-barcelona-ser-aceito\\\/#primaryimage\"},\"thumbnailUrl\":\"https:\\\/\\\/latamreports.com\\\/br\\\/wp-content\\\/uploads\\\/design-2025-05-07T103918.466.png\",\"keywords\":[\"Brasil\"],\"articleSection\":[\"Esportes\"],\"inLanguage\":\"en-US\"},{\"@type\":\"WebPage\",\"@id\":\"https:\\\/\\\/latamreports.com\\\/br\\\/daniel-alves-voltara-a-ser-julgado-apos-recurso-da-promotoria-de-barcelona-ser-aceito\\\/\",\"url\":\"https:\\\/\\\/latamreports.com\\\/br\\\/daniel-alves-voltara-a-ser-julgado-apos-recurso-da-promotoria-de-barcelona-ser-aceito\\\/\",\"name\":\"Daniel Alves voltar\u00e1 a ser julgado ap\u00f3s recurso da Promotoria\",\"isPartOf\":{\"@id\":\"https:\\\/\\\/latamreports.com\\\/br\\\/#website\"},\"primaryImageOfPage\":{\"@id\":\"https:\\\/\\\/latamreports.com\\\/br\\\/daniel-alves-voltara-a-ser-julgado-apos-recurso-da-promotoria-de-barcelona-ser-aceito\\\/#primaryimage\"},\"image\":{\"@id\":\"https:\\\/\\\/latamreports.com\\\/br\\\/daniel-alves-voltara-a-ser-julgado-apos-recurso-da-promotoria-de-barcelona-ser-aceito\\\/#primaryimage\"},\"thumbnailUrl\":\"https:\\\/\\\/latamreports.com\\\/br\\\/wp-content\\\/uploads\\\/design-2025-05-07T103918.466.png\",\"datePublished\":\"2025-05-07T14:42:28+00:00\",\"dateModified\":\"2025-05-07T14:42:31+00:00\",\"description\":\"A Justi\u00e7a da Espanha voltar\u00e1 a julgar o ex-jogador Daniel Alves, ap\u00f3s o Minist\u00e9rio P\u00fablico de Barcelona recorrer...\",\"breadcrumb\":{\"@id\":\"https:\\\/\\\/latamreports.com\\\/br\\\/daniel-alves-voltara-a-ser-julgado-apos-recurso-da-promotoria-de-barcelona-ser-aceito\\\/#breadcrumb\"},\"inLanguage\":\"en-US\",\"potentialAction\":[{\"@type\":\"ReadAction\",\"target\":[\"https:\\\/\\\/latamreports.com\\\/br\\\/daniel-alves-voltara-a-ser-julgado-apos-recurso-da-promotoria-de-barcelona-ser-aceito\\\/\"]}]},{\"@type\":\"ImageObject\",\"inLanguage\":\"en-US\",\"@id\":\"https:\\\/\\\/latamreports.com\\\/br\\\/daniel-alves-voltara-a-ser-julgado-apos-recurso-da-promotoria-de-barcelona-ser-aceito\\\/#primaryimage\",\"url\":\"https:\\\/\\\/latamreports.com\\\/br\\\/wp-content\\\/uploads\\\/design-2025-05-07T103918.466.png\",\"contentUrl\":\"https:\\\/\\\/latamreports.com\\\/br\\\/wp-content\\\/uploads\\\/design-2025-05-07T103918.466.png\",\"width\":1200,\"height\":630,\"caption\":\"Daniel Alves voltar\u00e1 a ser julgado ap\u00f3s recurso da Promotoria de Barcelona ser aceito\"},{\"@type\":\"BreadcrumbList\",\"@id\":\"https:\\\/\\\/latamreports.com\\\/br\\\/daniel-alves-voltara-a-ser-julgado-apos-recurso-da-promotoria-de-barcelona-ser-aceito\\\/#breadcrumb\",\"itemListElement\":[{\"@type\":\"ListItem\",\"position\":1,\"name\":\"Home\",\"item\":\"https:\\\/\\\/latamreports.com\\\/br\\\/\"},{\"@type\":\"ListItem\",\"position\":2,\"name\":\"Daniel Alves voltar\u00e1 a ser julgado ap\u00f3s recurso da Promotoria de Barcelona ser aceito\"}]},{\"@type\":\"WebSite\",\"@id\":\"https:\\\/\\\/latamreports.com\\\/br\\\/#website\",\"url\":\"https:\\\/\\\/latamreports.com\\\/br\\\/\",\"name\":\"LatAm Reports\",\"description\":\"Not\u00edcias e opini\u00f5es de todas as Am\u00e9ricas\",\"publisher\":{\"@id\":\"https:\\\/\\\/latamreports.com\\\/br\\\/#organization\"},\"potentialAction\":[{\"@type\":\"SearchAction\",\"target\":{\"@type\":\"EntryPoint\",\"urlTemplate\":\"https:\\\/\\\/latamreports.com\\\/br\\\/?s={search_term_string}\"},\"query-input\":{\"@type\":\"PropertyValueSpecification\",\"valueRequired\":true,\"valueName\":\"search_term_string\"}}],\"inLanguage\":\"en-US\"},{\"@type\":\"Organization\",\"@id\":\"https:\\\/\\\/latamreports.com\\\/br\\\/#organization\",\"name\":\"LatAm Reports\",\"url\":\"https:\\\/\\\/latamreports.com\\\/br\\\/\",\"logo\":{\"@type\":\"ImageObject\",\"inLanguage\":\"en-US\",\"@id\":\"https:\\\/\\\/latamreports.com\\\/br\\\/#\\\/schema\\\/logo\\\/image\\\/\",\"url\":\"https:\\\/\\\/latamreports.com\\\/br\\\/wp-content\\\/uploads\\\/cropped-PNG2.png\",\"contentUrl\":\"https:\\\/\\\/latamreports.com\\\/br\\\/wp-content\\\/uploads\\\/cropped-PNG2.png\",\"width\":2522,\"height\":1014,\"caption\":\"LatAm Reports\"},\"image\":{\"@id\":\"https:\\\/\\\/latamreports.com\\\/br\\\/#\\\/schema\\\/logo\\\/image\\\/\"},\"sameAs\":[\"https:\\\/\\\/facebook.com\\\/latamreports\",\"https:\\\/\\\/x.com\\\/latamreports\"]},{\"@type\":\"Person\",\"@id\":\"https:\\\/\\\/latamreports.com\\\/br\\\/#\\\/schema\\\/person\\\/a561f2de7e5ccabfab38d239b39fdb70\",\"name\":\"LatAm Reports Redatores da Equipe\",\"image\":{\"@type\":\"ImageObject\",\"inLanguage\":\"en-US\",\"@id\":\"https:\\\/\\\/secure.gravatar.com\\\/avatar\\\/dcdcc93cc5edddd2f3ef77245866172c7d7241a11ad58e1959aa824f2fae81f6?s=96&d=mm&r=g\",\"url\":\"https:\\\/\\\/secure.gravatar.com\\\/avatar\\\/dcdcc93cc5edddd2f3ef77245866172c7d7241a11ad58e1959aa824f2fae81f6?s=96&d=mm&r=g\",\"contentUrl\":\"https:\\\/\\\/secure.gravatar.com\\\/avatar\\\/dcdcc93cc5edddd2f3ef77245866172c7d7241a11ad58e1959aa824f2fae81f6?s=96&d=mm&r=g\",\"caption\":\"LatAm Reports Redatores da Equipe\"}}]}<\/script>\n<!-- \/ Yoast SEO plugin. -->","yoast_head_json":{"title":"Daniel Alves voltar\u00e1 a ser julgado ap\u00f3s recurso da Promotoria","description":"A Justi\u00e7a da Espanha voltar\u00e1 a julgar o ex-jogador Daniel Alves, ap\u00f3s o Minist\u00e9rio P\u00fablico de Barcelona recorrer...","robots":{"index":"index","follow":"follow","max-snippet":"max-snippet:-1","max-image-preview":"max-image-preview:large","max-video-preview":"max-video-preview:-1"},"canonical":"https:\/\/latamreports.com\/br\/daniel-alves-voltara-a-ser-julgado-apos-recurso-da-promotoria-de-barcelona-ser-aceito\/","og_locale":"en_US","og_type":"article","og_title":"Daniel Alves voltar\u00e1 a ser julgado ap\u00f3s recurso da Promotoria","og_description":"A Justi\u00e7a da Espanha voltar\u00e1 a julgar o ex-jogador Daniel Alves, ap\u00f3s o Minist\u00e9rio P\u00fablico de Barcelona recorrer...","og_url":"https:\/\/latamreports.com\/br\/daniel-alves-voltara-a-ser-julgado-apos-recurso-da-promotoria-de-barcelona-ser-aceito\/","og_site_name":"LatAm Reports","article_publisher":"https:\/\/facebook.com\/latamreports","article_published_time":"2025-05-07T14:42:28+00:00","article_modified_time":"2025-05-07T14:42:31+00:00","og_image":[{"width":1200,"height":630,"url":"https:\/\/latamreports.com\/br\/wp-content\/uploads\/design-2025-05-07T103918.466.png","type":"image\/png"}],"author":"LatAm Reports Redatores da Equipe","twitter_card":"summary_large_image","twitter_creator":"@latamreports","twitter_site":"@latamreports","twitter_misc":{"Written by":"LatAm Reports Redatores da Equipe","Est. reading time":"2 minutes"},"schema":{"@context":"https:\/\/schema.org","@graph":[{"@type":"Article","@id":"https:\/\/latamreports.com\/br\/daniel-alves-voltara-a-ser-julgado-apos-recurso-da-promotoria-de-barcelona-ser-aceito\/#article","isPartOf":{"@id":"https:\/\/latamreports.com\/br\/daniel-alves-voltara-a-ser-julgado-apos-recurso-da-promotoria-de-barcelona-ser-aceito\/"},"author":{"name":"LatAm Reports Redatores da Equipe","@id":"https:\/\/latamreports.com\/br\/#\/schema\/person\/a561f2de7e5ccabfab38d239b39fdb70"},"headline":"Daniel Alves voltar\u00e1 a ser julgado ap\u00f3s recurso da Promotoria de Barcelona ser aceito","datePublished":"2025-05-07T14:42:28+00:00","dateModified":"2025-05-07T14:42:31+00:00","mainEntityOfPage":{"@id":"https:\/\/latamreports.com\/br\/daniel-alves-voltara-a-ser-julgado-apos-recurso-da-promotoria-de-barcelona-ser-aceito\/"},"wordCount":408,"publisher":{"@id":"https:\/\/latamreports.com\/br\/#organization"},"image":{"@id":"https:\/\/latamreports.com\/br\/daniel-alves-voltara-a-ser-julgado-apos-recurso-da-promotoria-de-barcelona-ser-aceito\/#primaryimage"},"thumbnailUrl":"https:\/\/latamreports.com\/br\/wp-content\/uploads\/design-2025-05-07T103918.466.png","keywords":["Brasil"],"articleSection":["Esportes"],"inLanguage":"en-US"},{"@type":"WebPage","@id":"https:\/\/latamreports.com\/br\/daniel-alves-voltara-a-ser-julgado-apos-recurso-da-promotoria-de-barcelona-ser-aceito\/","url":"https:\/\/latamreports.com\/br\/daniel-alves-voltara-a-ser-julgado-apos-recurso-da-promotoria-de-barcelona-ser-aceito\/","name":"Daniel Alves voltar\u00e1 a ser julgado ap\u00f3s recurso da Promotoria","isPartOf":{"@id":"https:\/\/latamreports.com\/br\/#website"},"primaryImageOfPage":{"@id":"https:\/\/latamreports.com\/br\/daniel-alves-voltara-a-ser-julgado-apos-recurso-da-promotoria-de-barcelona-ser-aceito\/#primaryimage"},"image":{"@id":"https:\/\/latamreports.com\/br\/daniel-alves-voltara-a-ser-julgado-apos-recurso-da-promotoria-de-barcelona-ser-aceito\/#primaryimage"},"thumbnailUrl":"https:\/\/latamreports.com\/br\/wp-content\/uploads\/design-2025-05-07T103918.466.png","datePublished":"2025-05-07T14:42:28+00:00","dateModified":"2025-05-07T14:42:31+00:00","description":"A Justi\u00e7a da Espanha voltar\u00e1 a julgar o ex-jogador Daniel Alves, ap\u00f3s o Minist\u00e9rio P\u00fablico de Barcelona recorrer...","breadcrumb":{"@id":"https:\/\/latamreports.com\/br\/daniel-alves-voltara-a-ser-julgado-apos-recurso-da-promotoria-de-barcelona-ser-aceito\/#breadcrumb"},"inLanguage":"en-US","potentialAction":[{"@type":"ReadAction","target":["https:\/\/latamreports.com\/br\/daniel-alves-voltara-a-ser-julgado-apos-recurso-da-promotoria-de-barcelona-ser-aceito\/"]}]},{"@type":"ImageObject","inLanguage":"en-US","@id":"https:\/\/latamreports.com\/br\/daniel-alves-voltara-a-ser-julgado-apos-recurso-da-promotoria-de-barcelona-ser-aceito\/#primaryimage","url":"https:\/\/latamreports.com\/br\/wp-content\/uploads\/design-2025-05-07T103918.466.png","contentUrl":"https:\/\/latamreports.com\/br\/wp-content\/uploads\/design-2025-05-07T103918.466.png","width":1200,"height":630,"caption":"Daniel Alves voltar\u00e1 a ser julgado ap\u00f3s recurso da Promotoria de Barcelona ser aceito"},{"@type":"BreadcrumbList","@id":"https:\/\/latamreports.com\/br\/daniel-alves-voltara-a-ser-julgado-apos-recurso-da-promotoria-de-barcelona-ser-aceito\/#breadcrumb","itemListElement":[{"@type":"ListItem","position":1,"name":"Home","item":"https:\/\/latamreports.com\/br\/"},{"@type":"ListItem","position":2,"name":"Daniel Alves voltar\u00e1 a ser julgado ap\u00f3s recurso da Promotoria de Barcelona ser aceito"}]},{"@type":"WebSite","@id":"https:\/\/latamreports.com\/br\/#website","url":"https:\/\/latamreports.com\/br\/","name":"LatAm Reports","description":"Not\u00edcias e opini\u00f5es de todas as Am\u00e9ricas","publisher":{"@id":"https:\/\/latamreports.com\/br\/#organization"},"potentialAction":[{"@type":"SearchAction","target":{"@type":"EntryPoint","urlTemplate":"https:\/\/latamreports.com\/br\/?s={search_term_string}"},"query-input":{"@type":"PropertyValueSpecification","valueRequired":true,"valueName":"search_term_string"}}],"inLanguage":"en-US"},{"@type":"Organization","@id":"https:\/\/latamreports.com\/br\/#organization","name":"LatAm Reports","url":"https:\/\/latamreports.com\/br\/","logo":{"@type":"ImageObject","inLanguage":"en-US","@id":"https:\/\/latamreports.com\/br\/#\/schema\/logo\/image\/","url":"https:\/\/latamreports.com\/br\/wp-content\/uploads\/cropped-PNG2.png","contentUrl":"https:\/\/latamreports.com\/br\/wp-content\/uploads\/cropped-PNG2.png","width":2522,"height":1014,"caption":"LatAm Reports"},"image":{"@id":"https:\/\/latamreports.com\/br\/#\/schema\/logo\/image\/"},"sameAs":["https:\/\/facebook.com\/latamreports","https:\/\/x.com\/latamreports"]},{"@type":"Person","@id":"https:\/\/latamreports.com\/br\/#\/schema\/person\/a561f2de7e5ccabfab38d239b39fdb70","name":"LatAm Reports Redatores da Equipe","image":{"@type":"ImageObject","inLanguage":"en-US","@id":"https:\/\/secure.gravatar.com\/avatar\/dcdcc93cc5edddd2f3ef77245866172c7d7241a11ad58e1959aa824f2fae81f6?s=96&d=mm&r=g","url":"https:\/\/secure.gravatar.com\/avatar\/dcdcc93cc5edddd2f3ef77245866172c7d7241a11ad58e1959aa824f2fae81f6?s=96&d=mm&r=g","contentUrl":"https:\/\/secure.gravatar.com\/avatar\/dcdcc93cc5edddd2f3ef77245866172c7d7241a11ad58e1959aa824f2fae81f6?s=96&d=mm&r=g","caption":"LatAm Reports Redatores da Equipe"}}]}},"jetpack_publicize_connections":[],"_links":{"self":[{"href":"https:\/\/latamreports.com\/br\/wp-json\/wp\/v2\/posts\/11928","targetHints":{"allow":["GET"]}}],"collection":[{"href":"https:\/\/latamreports.com\/br\/wp-json\/wp\/v2\/posts"}],"about":[{"href":"https:\/\/latamreports.com\/br\/wp-json\/wp\/v2\/types\/post"}],"author":[{"embeddable":true,"href":"https:\/\/latamreports.com\/br\/wp-json\/wp\/v2\/users\/7"}],"replies":[{"embeddable":true,"href":"https:\/\/latamreports.com\/br\/wp-json\/wp\/v2\/comments?post=11928"}],"version-history":[{"count":1,"href":"https:\/\/latamreports.com\/br\/wp-json\/wp\/v2\/posts\/11928\/revisions"}],"predecessor-version":[{"id":11930,"href":"https:\/\/latamreports.com\/br\/wp-json\/wp\/v2\/posts\/11928\/revisions\/11930"}],"wp:featuredmedia":[{"embeddable":true,"href":"https:\/\/latamreports.com\/br\/wp-json\/wp\/v2\/media\/11929"}],"wp:attachment":[{"href":"https:\/\/latamreports.com\/br\/wp-json\/wp\/v2\/media?parent=11928"}],"wp:term":[{"taxonomy":"category","embeddable":true,"href":"https:\/\/latamreports.com\/br\/wp-json\/wp\/v2\/categories?post=11928"},{"taxonomy":"post_tag","embeddable":true,"href":"https:\/\/latamreports.com\/br\/wp-json\/wp\/v2\/tags?post=11928"}],"curies":[{"name":"wp","href":"https:\/\/api.w.org\/{rel}","templated":true}]}}