{"id":11895,"date":"2025-05-05T18:17:55","date_gmt":"2025-05-05T18:17:55","guid":{"rendered":"https:\/\/latamreports.com\/br\/?p=11895"},"modified":"2025-05-05T18:17:57","modified_gmt":"2025-05-05T18:17:57","slug":"feriados-de-2025-apenas-seis-ainda-restam-no-ano-veja-quais-podem-render-folga-prolongada","status":"publish","type":"post","link":"https:\/\/latamreports.com\/br\/feriados-de-2025-apenas-seis-ainda-restam-no-ano-veja-quais-podem-render-folga-prolongada\/","title":{"rendered":"Feriados de 2025: apenas seis ainda restam no ano; veja quais podem render folga prolongada"},"content":{"rendered":"\n<p>Ap\u00f3s o feriado do Dia do Trabalho, em 1\u00ba de maio, que rendeu uma <a href=\"https:\/\/latamreports.com\/br\/feriados-e-pontos-facultativos-em-2025-confira-o-calendario-completo\/\">folga <\/a>prolongada para muitos brasileiros com a tradicional \u201cemenda\u201d na sexta-feira, restam agora apenas seis feriados nacionais at\u00e9 o fim de 2025. A boa not\u00edcia \u00e9 que dois deles caem em quintas-feiras, o que abre a possibilidade de um novo descanso estendido \u2014 caso as empresas liberem a sexta.<\/p>\n\n\n\n<p>Entre os feriados que ainda est\u00e3o por vir, o Dia da Consci\u00eancia Negra, em 20 de novembro, e o Natal, em 25 de dezembro, s\u00e3o os \u00fanicos que podem ser prolongados com uma emenda na sexta-feira. Embora a decis\u00e3o final dependa das pol\u00edticas de cada empresa ou reparti\u00e7\u00e3o, muita gente j\u00e1 come\u00e7a a planejar o calend\u00e1rio com base nessas datas.<\/p>\n\n\n\n<h6 class=\"wp-block-heading\">Os outros quatro <a href=\"https:\/\/latamreports.com\/br\/abril-tem-feriados-nacionais-e-datas-comemorativas-importantes-veja-o-que-esperar-do-mes\/\">feriados <\/a>restantes caem em finais de semana, o que naturalmente limita o descanso extra para os trabalhadores. S\u00e3o eles:<\/h6>\n\n\n\n<ul class=\"wp-block-list\">\n<li>7 de setembro (Independ\u00eancia do Brasil \u2013 domingo)<\/li>\n\n\n\n<li>12 de outubro (Nossa Senhora Aparecida \u2013 domingo)<\/li>\n\n\n\n<li>2 de novembro (Finados \u2013 domingo)<\/li>\n\n\n\n<li>15 de novembro (Proclama\u00e7\u00e3o da Rep\u00fablica \u2013 s\u00e1bado)<\/li>\n<\/ul>\n\n\n\n<p>Vale lembrar que ainda h\u00e1 feriados municipais e estaduais que podem influenciar a rotina em diferentes regi\u00f5es do pa\u00eds. Um exemplo \u00e9 o Corpus Christi, celebrado em 19 de junho, que, embora n\u00e3o seja feriado nacional, \u00e9 ponto facultativo e tradicionalmente emendado em v\u00e1rias cidades.<\/p>\n\n\n\n<p>Com a agenda mais enxuta nos pr\u00f3ximos meses, os brasileiros ter\u00e3o menos oportunidades de descanso prolongado, especialmente em compara\u00e7\u00e3o com anos anteriores. Ainda assim, saber com anteced\u00eancia as datas restantes s\u00e3o uma boa maneira de organizar compromissos nesses feriados, viagens ou at\u00e9 mesmo dias de descanso.<\/p>\n","protected":false},"excerpt":{"rendered":"<p>Ap\u00f3s o feriado do Dia do Trabalho, em 1\u00ba de maio, que rendeu uma folga prolongada para muitos brasileiros com a tradicional \u201cemenda\u201d na sexta-feira, &#8230; <a title=\"Feriados de 2025: apenas seis ainda restam no ano; veja quais podem render folga prolongada\" class=\"read-more\" href=\"https:\/\/latamreports.com\/br\/feriados-de-2025-apenas-seis-ainda-restam-no-ano-veja-quais-podem-render-folga-prolongada\/\" aria-label=\"Read more about Feriados de 2025: apenas seis ainda restam no ano; veja quais podem render folga prolongada\">Read more<\/a><\/p>\n","protected":false},"author":7,"featured_media":11896,"comment_status":"closed","ping_status":"closed","sticky":false,"template":"","format":"standard","meta":{"footnotes":"","jetpack_publicize_message":"","jetpack_publicize_feature_enabled":true,"jetpack_social_post_already_shared":true,"jetpack_social_options":{"image_generator_settings":{"template":"highway","default_image_id":0,"font":"","enabled":false},"version":2}},"categories":[2,13],"tags":[31],"class_list":["post-11895","post","type-post","status-publish","format-standard","has-post-thumbnail","hentry","category-negocios","category-politica","tag-brasil","resize-featured-image"],"yoast_head":"<!-- This site is optimized with the Yoast SEO plugin v27.4 - https:\/\/yoast.com\/product\/yoast-seo-wordpress\/ -->\n<title>Feriados de 2025: apenas seis ainda restam no ano<\/title>\n<meta name=\"description\" content=\"Ap\u00f3s o feriado do Dia do Trabalho, em 1\u00ba de maio, que rendeu uma folga prolongada para muitos brasileiros com a tradicional \u201cemenda\u201d\" \/>\n<meta name=\"robots\" content=\"index, follow, max-snippet:-1, max-image-preview:large, max-video-preview:-1\" \/>\n<link rel=\"canonical\" href=\"https:\/\/latamreports.com\/br\/feriados-de-2025-apenas-seis-ainda-restam-no-ano-veja-quais-podem-render-folga-prolongada\/\" \/>\n<meta property=\"og:locale\" content=\"en_US\" \/>\n<meta property=\"og:type\" content=\"article\" \/>\n<meta property=\"og:title\" content=\"Feriados de 2025: apenas seis ainda restam no ano\" \/>\n<meta property=\"og:description\" content=\"Ap\u00f3s o feriado do Dia do Trabalho, em 1\u00ba de maio, que rendeu uma folga prolongada para muitos brasileiros com a tradicional \u201cemenda\u201d\" \/>\n<meta property=\"og:url\" content=\"https:\/\/latamreports.com\/br\/feriados-de-2025-apenas-seis-ainda-restam-no-ano-veja-quais-podem-render-folga-prolongada\/\" \/>\n<meta property=\"og:site_name\" content=\"LatAm Reports\" \/>\n<meta property=\"article:publisher\" content=\"https:\/\/facebook.com\/latamreports\" \/>\n<meta property=\"article:published_time\" content=\"2025-05-05T18:17:55+00:00\" \/>\n<meta property=\"article:modified_time\" content=\"2025-05-05T18:17:57+00:00\" \/>\n<meta property=\"og:image\" content=\"https:\/\/latamreports.com\/br\/wp-content\/uploads\/design-2025-05-05T141532.076.png\" \/>\n\t<meta property=\"og:image:width\" content=\"1200\" \/>\n\t<meta property=\"og:image:height\" content=\"630\" \/>\n\t<meta property=\"og:image:type\" content=\"image\/png\" \/>\n<meta name=\"author\" content=\"LatAm Reports Redatores da Equipe\" \/>\n<meta name=\"twitter:card\" content=\"summary_large_image\" \/>\n<meta name=\"twitter:creator\" content=\"@latamreports\" \/>\n<meta name=\"twitter:site\" content=\"@latamreports\" \/>\n<meta name=\"twitter:label1\" content=\"Written by\" \/>\n\t<meta name=\"twitter:data1\" content=\"LatAm Reports Redatores da Equipe\" \/>\n\t<meta name=\"twitter:label2\" content=\"Est. reading time\" \/>\n\t<meta name=\"twitter:data2\" content=\"2 minutes\" \/>\n<script type=\"application\/ld+json\" class=\"yoast-schema-graph\">{\"@context\":\"https:\\\/\\\/schema.org\",\"@graph\":[{\"@type\":\"Article\",\"@id\":\"https:\\\/\\\/latamreports.com\\\/br\\\/feriados-de-2025-apenas-seis-ainda-restam-no-ano-veja-quais-podem-render-folga-prolongada\\\/#article\",\"isPartOf\":{\"@id\":\"https:\\\/\\\/latamreports.com\\\/br\\\/feriados-de-2025-apenas-seis-ainda-restam-no-ano-veja-quais-podem-render-folga-prolongada\\\/\"},\"author\":{\"name\":\"LatAm Reports Redatores da Equipe\",\"@id\":\"https:\\\/\\\/latamreports.com\\\/br\\\/#\\\/schema\\\/person\\\/a561f2de7e5ccabfab38d239b39fdb70\"},\"headline\":\"Feriados de 2025: apenas seis ainda restam no ano; veja quais podem render folga prolongada\",\"datePublished\":\"2025-05-05T18:17:55+00:00\",\"dateModified\":\"2025-05-05T18:17:57+00:00\",\"mainEntityOfPage\":{\"@id\":\"https:\\\/\\\/latamreports.com\\\/br\\\/feriados-de-2025-apenas-seis-ainda-restam-no-ano-veja-quais-podem-render-folga-prolongada\\\/\"},\"wordCount\":287,\"publisher\":{\"@id\":\"https:\\\/\\\/latamreports.com\\\/br\\\/#organization\"},\"image\":{\"@id\":\"https:\\\/\\\/latamreports.com\\\/br\\\/feriados-de-2025-apenas-seis-ainda-restam-no-ano-veja-quais-podem-render-folga-prolongada\\\/#primaryimage\"},\"thumbnailUrl\":\"https:\\\/\\\/latamreports.com\\\/br\\\/wp-content\\\/uploads\\\/design-2025-05-05T141532.076.png\",\"keywords\":[\"Brasil\"],\"articleSection\":[\"Neg\u00f3cios\",\"Pol\u00edtica\"],\"inLanguage\":\"en-US\"},{\"@type\":\"WebPage\",\"@id\":\"https:\\\/\\\/latamreports.com\\\/br\\\/feriados-de-2025-apenas-seis-ainda-restam-no-ano-veja-quais-podem-render-folga-prolongada\\\/\",\"url\":\"https:\\\/\\\/latamreports.com\\\/br\\\/feriados-de-2025-apenas-seis-ainda-restam-no-ano-veja-quais-podem-render-folga-prolongada\\\/\",\"name\":\"Feriados de 2025: apenas seis ainda restam no ano\",\"isPartOf\":{\"@id\":\"https:\\\/\\\/latamreports.com\\\/br\\\/#website\"},\"primaryImageOfPage\":{\"@id\":\"https:\\\/\\\/latamreports.com\\\/br\\\/feriados-de-2025-apenas-seis-ainda-restam-no-ano-veja-quais-podem-render-folga-prolongada\\\/#primaryimage\"},\"image\":{\"@id\":\"https:\\\/\\\/latamreports.com\\\/br\\\/feriados-de-2025-apenas-seis-ainda-restam-no-ano-veja-quais-podem-render-folga-prolongada\\\/#primaryimage\"},\"thumbnailUrl\":\"https:\\\/\\\/latamreports.com\\\/br\\\/wp-content\\\/uploads\\\/design-2025-05-05T141532.076.png\",\"datePublished\":\"2025-05-05T18:17:55+00:00\",\"dateModified\":\"2025-05-05T18:17:57+00:00\",\"description\":\"Ap\u00f3s o feriado do Dia do Trabalho, em 1\u00ba de maio, que rendeu uma folga prolongada para muitos brasileiros com a tradicional \u201cemenda\u201d\",\"breadcrumb\":{\"@id\":\"https:\\\/\\\/latamreports.com\\\/br\\\/feriados-de-2025-apenas-seis-ainda-restam-no-ano-veja-quais-podem-render-folga-prolongada\\\/#breadcrumb\"},\"inLanguage\":\"en-US\",\"potentialAction\":[{\"@type\":\"ReadAction\",\"target\":[\"https:\\\/\\\/latamreports.com\\\/br\\\/feriados-de-2025-apenas-seis-ainda-restam-no-ano-veja-quais-podem-render-folga-prolongada\\\/\"]}]},{\"@type\":\"ImageObject\",\"inLanguage\":\"en-US\",\"@id\":\"https:\\\/\\\/latamreports.com\\\/br\\\/feriados-de-2025-apenas-seis-ainda-restam-no-ano-veja-quais-podem-render-folga-prolongada\\\/#primaryimage\",\"url\":\"https:\\\/\\\/latamreports.com\\\/br\\\/wp-content\\\/uploads\\\/design-2025-05-05T141532.076.png\",\"contentUrl\":\"https:\\\/\\\/latamreports.com\\\/br\\\/wp-content\\\/uploads\\\/design-2025-05-05T141532.076.png\",\"width\":1200,\"height\":630,\"caption\":\"Feriados de 2025: apenas seis ainda restam no ano \u2014 veja quais podem render folga prolongada\"},{\"@type\":\"BreadcrumbList\",\"@id\":\"https:\\\/\\\/latamreports.com\\\/br\\\/feriados-de-2025-apenas-seis-ainda-restam-no-ano-veja-quais-podem-render-folga-prolongada\\\/#breadcrumb\",\"itemListElement\":[{\"@type\":\"ListItem\",\"position\":1,\"name\":\"Home\",\"item\":\"https:\\\/\\\/latamreports.com\\\/br\\\/\"},{\"@type\":\"ListItem\",\"position\":2,\"name\":\"Feriados de 2025: apenas seis ainda restam no ano; veja quais podem render folga prolongada\"}]},{\"@type\":\"WebSite\",\"@id\":\"https:\\\/\\\/latamreports.com\\\/br\\\/#website\",\"url\":\"https:\\\/\\\/latamreports.com\\\/br\\\/\",\"name\":\"LatAm Reports\",\"description\":\"Not\u00edcias e opini\u00f5es de todas as Am\u00e9ricas\",\"publisher\":{\"@id\":\"https:\\\/\\\/latamreports.com\\\/br\\\/#organization\"},\"potentialAction\":[{\"@type\":\"SearchAction\",\"target\":{\"@type\":\"EntryPoint\",\"urlTemplate\":\"https:\\\/\\\/latamreports.com\\\/br\\\/?s={search_term_string}\"},\"query-input\":{\"@type\":\"PropertyValueSpecification\",\"valueRequired\":true,\"valueName\":\"search_term_string\"}}],\"inLanguage\":\"en-US\"},{\"@type\":\"Organization\",\"@id\":\"https:\\\/\\\/latamreports.com\\\/br\\\/#organization\",\"name\":\"LatAm Reports\",\"url\":\"https:\\\/\\\/latamreports.com\\\/br\\\/\",\"logo\":{\"@type\":\"ImageObject\",\"inLanguage\":\"en-US\",\"@id\":\"https:\\\/\\\/latamreports.com\\\/br\\\/#\\\/schema\\\/logo\\\/image\\\/\",\"url\":\"https:\\\/\\\/latamreports.com\\\/br\\\/wp-content\\\/uploads\\\/cropped-PNG2.png\",\"contentUrl\":\"https:\\\/\\\/latamreports.com\\\/br\\\/wp-content\\\/uploads\\\/cropped-PNG2.png\",\"width\":2522,\"height\":1014,\"caption\":\"LatAm Reports\"},\"image\":{\"@id\":\"https:\\\/\\\/latamreports.com\\\/br\\\/#\\\/schema\\\/logo\\\/image\\\/\"},\"sameAs\":[\"https:\\\/\\\/facebook.com\\\/latamreports\",\"https:\\\/\\\/x.com\\\/latamreports\"]},{\"@type\":\"Person\",\"@id\":\"https:\\\/\\\/latamreports.com\\\/br\\\/#\\\/schema\\\/person\\\/a561f2de7e5ccabfab38d239b39fdb70\",\"name\":\"LatAm Reports Redatores da Equipe\",\"image\":{\"@type\":\"ImageObject\",\"inLanguage\":\"en-US\",\"@id\":\"https:\\\/\\\/secure.gravatar.com\\\/avatar\\\/dcdcc93cc5edddd2f3ef77245866172c7d7241a11ad58e1959aa824f2fae81f6?s=96&d=mm&r=g\",\"url\":\"https:\\\/\\\/secure.gravatar.com\\\/avatar\\\/dcdcc93cc5edddd2f3ef77245866172c7d7241a11ad58e1959aa824f2fae81f6?s=96&d=mm&r=g\",\"contentUrl\":\"https:\\\/\\\/secure.gravatar.com\\\/avatar\\\/dcdcc93cc5edddd2f3ef77245866172c7d7241a11ad58e1959aa824f2fae81f6?s=96&d=mm&r=g\",\"caption\":\"LatAm Reports Redatores da Equipe\"}}]}<\/script>\n<!-- \/ Yoast SEO plugin. -->","yoast_head_json":{"title":"Feriados de 2025: apenas seis ainda restam no ano","description":"Ap\u00f3s o feriado do Dia do Trabalho, em 1\u00ba de maio, que rendeu uma folga prolongada para muitos brasileiros com a tradicional \u201cemenda\u201d","robots":{"index":"index","follow":"follow","max-snippet":"max-snippet:-1","max-image-preview":"max-image-preview:large","max-video-preview":"max-video-preview:-1"},"canonical":"https:\/\/latamreports.com\/br\/feriados-de-2025-apenas-seis-ainda-restam-no-ano-veja-quais-podem-render-folga-prolongada\/","og_locale":"en_US","og_type":"article","og_title":"Feriados de 2025: apenas seis ainda restam no ano","og_description":"Ap\u00f3s o feriado do Dia do Trabalho, em 1\u00ba de maio, que rendeu uma folga prolongada para muitos brasileiros com a tradicional \u201cemenda\u201d","og_url":"https:\/\/latamreports.com\/br\/feriados-de-2025-apenas-seis-ainda-restam-no-ano-veja-quais-podem-render-folga-prolongada\/","og_site_name":"LatAm Reports","article_publisher":"https:\/\/facebook.com\/latamreports","article_published_time":"2025-05-05T18:17:55+00:00","article_modified_time":"2025-05-05T18:17:57+00:00","og_image":[{"width":1200,"height":630,"url":"https:\/\/latamreports.com\/br\/wp-content\/uploads\/design-2025-05-05T141532.076.png","type":"image\/png"}],"author":"LatAm Reports Redatores da Equipe","twitter_card":"summary_large_image","twitter_creator":"@latamreports","twitter_site":"@latamreports","twitter_misc":{"Written by":"LatAm Reports Redatores da Equipe","Est. reading time":"2 minutes"},"schema":{"@context":"https:\/\/schema.org","@graph":[{"@type":"Article","@id":"https:\/\/latamreports.com\/br\/feriados-de-2025-apenas-seis-ainda-restam-no-ano-veja-quais-podem-render-folga-prolongada\/#article","isPartOf":{"@id":"https:\/\/latamreports.com\/br\/feriados-de-2025-apenas-seis-ainda-restam-no-ano-veja-quais-podem-render-folga-prolongada\/"},"author":{"name":"LatAm Reports Redatores da Equipe","@id":"https:\/\/latamreports.com\/br\/#\/schema\/person\/a561f2de7e5ccabfab38d239b39fdb70"},"headline":"Feriados de 2025: apenas seis ainda restam no ano; veja quais podem render folga prolongada","datePublished":"2025-05-05T18:17:55+00:00","dateModified":"2025-05-05T18:17:57+00:00","mainEntityOfPage":{"@id":"https:\/\/latamreports.com\/br\/feriados-de-2025-apenas-seis-ainda-restam-no-ano-veja-quais-podem-render-folga-prolongada\/"},"wordCount":287,"publisher":{"@id":"https:\/\/latamreports.com\/br\/#organization"},"image":{"@id":"https:\/\/latamreports.com\/br\/feriados-de-2025-apenas-seis-ainda-restam-no-ano-veja-quais-podem-render-folga-prolongada\/#primaryimage"},"thumbnailUrl":"https:\/\/latamreports.com\/br\/wp-content\/uploads\/design-2025-05-05T141532.076.png","keywords":["Brasil"],"articleSection":["Neg\u00f3cios","Pol\u00edtica"],"inLanguage":"en-US"},{"@type":"WebPage","@id":"https:\/\/latamreports.com\/br\/feriados-de-2025-apenas-seis-ainda-restam-no-ano-veja-quais-podem-render-folga-prolongada\/","url":"https:\/\/latamreports.com\/br\/feriados-de-2025-apenas-seis-ainda-restam-no-ano-veja-quais-podem-render-folga-prolongada\/","name":"Feriados de 2025: apenas seis ainda restam no ano","isPartOf":{"@id":"https:\/\/latamreports.com\/br\/#website"},"primaryImageOfPage":{"@id":"https:\/\/latamreports.com\/br\/feriados-de-2025-apenas-seis-ainda-restam-no-ano-veja-quais-podem-render-folga-prolongada\/#primaryimage"},"image":{"@id":"https:\/\/latamreports.com\/br\/feriados-de-2025-apenas-seis-ainda-restam-no-ano-veja-quais-podem-render-folga-prolongada\/#primaryimage"},"thumbnailUrl":"https:\/\/latamreports.com\/br\/wp-content\/uploads\/design-2025-05-05T141532.076.png","datePublished":"2025-05-05T18:17:55+00:00","dateModified":"2025-05-05T18:17:57+00:00","description":"Ap\u00f3s o feriado do Dia do Trabalho, em 1\u00ba de maio, que rendeu uma folga prolongada para muitos brasileiros com a tradicional \u201cemenda\u201d","breadcrumb":{"@id":"https:\/\/latamreports.com\/br\/feriados-de-2025-apenas-seis-ainda-restam-no-ano-veja-quais-podem-render-folga-prolongada\/#breadcrumb"},"inLanguage":"en-US","potentialAction":[{"@type":"ReadAction","target":["https:\/\/latamreports.com\/br\/feriados-de-2025-apenas-seis-ainda-restam-no-ano-veja-quais-podem-render-folga-prolongada\/"]}]},{"@type":"ImageObject","inLanguage":"en-US","@id":"https:\/\/latamreports.com\/br\/feriados-de-2025-apenas-seis-ainda-restam-no-ano-veja-quais-podem-render-folga-prolongada\/#primaryimage","url":"https:\/\/latamreports.com\/br\/wp-content\/uploads\/design-2025-05-05T141532.076.png","contentUrl":"https:\/\/latamreports.com\/br\/wp-content\/uploads\/design-2025-05-05T141532.076.png","width":1200,"height":630,"caption":"Feriados de 2025: apenas seis ainda restam no ano \u2014 veja quais podem render folga prolongada"},{"@type":"BreadcrumbList","@id":"https:\/\/latamreports.com\/br\/feriados-de-2025-apenas-seis-ainda-restam-no-ano-veja-quais-podem-render-folga-prolongada\/#breadcrumb","itemListElement":[{"@type":"ListItem","position":1,"name":"Home","item":"https:\/\/latamreports.com\/br\/"},{"@type":"ListItem","position":2,"name":"Feriados de 2025: apenas seis ainda restam no ano; veja quais podem render folga prolongada"}]},{"@type":"WebSite","@id":"https:\/\/latamreports.com\/br\/#website","url":"https:\/\/latamreports.com\/br\/","name":"LatAm Reports","description":"Not\u00edcias e opini\u00f5es de todas as Am\u00e9ricas","publisher":{"@id":"https:\/\/latamreports.com\/br\/#organization"},"potentialAction":[{"@type":"SearchAction","target":{"@type":"EntryPoint","urlTemplate":"https:\/\/latamreports.com\/br\/?s={search_term_string}"},"query-input":{"@type":"PropertyValueSpecification","valueRequired":true,"valueName":"search_term_string"}}],"inLanguage":"en-US"},{"@type":"Organization","@id":"https:\/\/latamreports.com\/br\/#organization","name":"LatAm Reports","url":"https:\/\/latamreports.com\/br\/","logo":{"@type":"ImageObject","inLanguage":"en-US","@id":"https:\/\/latamreports.com\/br\/#\/schema\/logo\/image\/","url":"https:\/\/latamreports.com\/br\/wp-content\/uploads\/cropped-PNG2.png","contentUrl":"https:\/\/latamreports.com\/br\/wp-content\/uploads\/cropped-PNG2.png","width":2522,"height":1014,"caption":"LatAm Reports"},"image":{"@id":"https:\/\/latamreports.com\/br\/#\/schema\/logo\/image\/"},"sameAs":["https:\/\/facebook.com\/latamreports","https:\/\/x.com\/latamreports"]},{"@type":"Person","@id":"https:\/\/latamreports.com\/br\/#\/schema\/person\/a561f2de7e5ccabfab38d239b39fdb70","name":"LatAm Reports Redatores da Equipe","image":{"@type":"ImageObject","inLanguage":"en-US","@id":"https:\/\/secure.gravatar.com\/avatar\/dcdcc93cc5edddd2f3ef77245866172c7d7241a11ad58e1959aa824f2fae81f6?s=96&d=mm&r=g","url":"https:\/\/secure.gravatar.com\/avatar\/dcdcc93cc5edddd2f3ef77245866172c7d7241a11ad58e1959aa824f2fae81f6?s=96&d=mm&r=g","contentUrl":"https:\/\/secure.gravatar.com\/avatar\/dcdcc93cc5edddd2f3ef77245866172c7d7241a11ad58e1959aa824f2fae81f6?s=96&d=mm&r=g","caption":"LatAm Reports Redatores da Equipe"}}]}},"jetpack_publicize_connections":[],"_links":{"self":[{"href":"https:\/\/latamreports.com\/br\/wp-json\/wp\/v2\/posts\/11895","targetHints":{"allow":["GET"]}}],"collection":[{"href":"https:\/\/latamreports.com\/br\/wp-json\/wp\/v2\/posts"}],"about":[{"href":"https:\/\/latamreports.com\/br\/wp-json\/wp\/v2\/types\/post"}],"author":[{"embeddable":true,"href":"https:\/\/latamreports.com\/br\/wp-json\/wp\/v2\/users\/7"}],"replies":[{"embeddable":true,"href":"https:\/\/latamreports.com\/br\/wp-json\/wp\/v2\/comments?post=11895"}],"version-history":[{"count":1,"href":"https:\/\/latamreports.com\/br\/wp-json\/wp\/v2\/posts\/11895\/revisions"}],"predecessor-version":[{"id":11897,"href":"https:\/\/latamreports.com\/br\/wp-json\/wp\/v2\/posts\/11895\/revisions\/11897"}],"wp:featuredmedia":[{"embeddable":true,"href":"https:\/\/latamreports.com\/br\/wp-json\/wp\/v2\/media\/11896"}],"wp:attachment":[{"href":"https:\/\/latamreports.com\/br\/wp-json\/wp\/v2\/media?parent=11895"}],"wp:term":[{"taxonomy":"category","embeddable":true,"href":"https:\/\/latamreports.com\/br\/wp-json\/wp\/v2\/categories?post=11895"},{"taxonomy":"post_tag","embeddable":true,"href":"https:\/\/latamreports.com\/br\/wp-json\/wp\/v2\/tags?post=11895"}],"curies":[{"name":"wp","href":"https:\/\/api.w.org\/{rel}","templated":true}]}}