{"id":11719,"date":"2025-04-16T17:00:14","date_gmt":"2025-04-16T17:00:14","guid":{"rendered":"https:\/\/latamreports.com\/br\/?p=11719"},"modified":"2025-04-16T17:00:16","modified_gmt":"2025-04-16T17:00:16","slug":"queimadas-recuam-70-no-brasil-no-1o-trimestre-de-2025-mas-amazonia-e-roraima-seguem-como-epicentros","status":"publish","type":"post","link":"https:\/\/latamreports.com\/br\/queimadas-recuam-70-no-brasil-no-1o-trimestre-de-2025-mas-amazonia-e-roraima-seguem-como-epicentros\/","title":{"rendered":"Queimadas recuam 70% no Brasil no 1\u00ba trimestre de 2025, mas Amaz\u00f4nia e Roraima seguem como epicentros"},"content":{"rendered":"\n<p>O Brasil registrou uma queda expressiva nas<a href=\"https:\/\/latamreports.com\/br\/brasil-registra-numero-recorde-de-queimadas-em-agosto\/\"> \u00e1reas atingidas por queimadas<\/a> no primeiro trimestre de 2025. De acordo com o mais recente relat\u00f3rio do MapBiomas, divulgado nesta quarta-feira (16), a devasta\u00e7\u00e3o provocada pelo fogo entre janeiro e mar\u00e7o alcan\u00e7ou 912,9 mil hectares \u2014 uma redu\u00e7\u00e3o de 70% em compara\u00e7\u00e3o com o mesmo per\u00edodo de 2024, quando o pa\u00eds somava 4,48 milh\u00f5es de hectares queimados.<\/p>\n\n\n\n<p>Apesar da melhora no cen\u00e1rio geral, a Amaz\u00f4nia segue liderando o ranking dos biomas mais impactados. S\u00f3 ela responde por 84% da \u00e1rea total devastada neste in\u00edcio de ano, mesmo com uma redu\u00e7\u00e3o de 72% em rela\u00e7\u00e3o ao ano anterior. Segundo o estudo, 78% da \u00e1rea consumida pelo fogo corresponde a vegeta\u00e7\u00e3o nativa.<\/p>\n\n\n\n<p>A queda est\u00e1 diretamente relacionada ao regime de chuvas, como explica Vera Arruda, pesquisadora do Instituto de Pesquisa Ambiental da <a href=\"https:\/\/latamreports.com\/br\/amazonia-enfrenta-pior-temporada-de-queimadas-em-17-anos-e-corredor-de-fumaca-atinge-10-estados\/\">Amaz\u00f4nia <\/a>(IPAM): <\/p>\n\n\n\n<blockquote class=\"wp-block-quote is-layout-flow wp-block-quote-is-layout-flow\">\n<p>\u201cOs dados refletem a sazonalidade clim\u00e1tica nos biomas. O per\u00edodo chuvoso na maior parte do pa\u00eds colaborou para uma redu\u00e7\u00e3o geral das queimadas\u201d.<\/p>\n<\/blockquote>\n\n\n\n<p>Entre os biomas analisados, a Amaz\u00f4nia registrou 774 mil hectares queimados, mantendo-se como a regi\u00e3o mais afetada. O Cerrado, por outro lado, foi um dos poucos biomas a apresentar crescimento: 91,7 mil hectares incendiados, um aumento de 12% em rela\u00e7\u00e3o a 2024 \u2014 e de 106% acima da m\u00e9dia hist\u00f3rica desde 2019.<\/p>\n\n\n\n<p>No Pantanal, o volume de \u00e1rea queimada caiu drasticamente, com 10,9 mil hectares devastados \u2014 uma redu\u00e7\u00e3o de 86%. A Mata Atl\u00e2ntica teve 18,8 mil hectares queimados, em sua maioria (82,5%) em \u00e1reas com uso agropecu\u00e1rio. J\u00e1 o Pampa teve aumento expressivo: 6,6 mil hectares, crescimento de 1.487% no comparativo com o mesmo per\u00edodo do ano passado.<\/p>\n\n\n\n<h3 class=\"wp-block-heading\"><strong>Roraima lidera entre os estados<\/strong><\/h3>\n\n\n\n<p>Entre as unidades da federa\u00e7\u00e3o, Roraima foi o estado mais atingido, com 415,7 mil hectares queimados, seguido por Par\u00e1 (208,6 mil hectares) e Maranh\u00e3o (123,8 mil hectares). Juntos, esses tr\u00eas estados concentraram 81% de toda a \u00e1rea devastada por queimadas no pa\u00eds no primeiro trimestre.<\/p>\n\n\n\n<blockquote class=\"wp-block-quote is-layout-flow wp-block-quote-is-layout-flow\">\n<p>Felipe Martenexen, tamb\u00e9m pesquisador do IPAM, atribui a lideran\u00e7a de Roraima ao seu clima distinto. \u201cEnquanto a maior parte do Brasil atravessa o per\u00edodo chuvoso nos primeiros meses do ano, Roraima enfrenta sua esta\u00e7\u00e3o seca, o que aumenta o risco e a incid\u00eancia de queimadas\u201d, destaca.<\/p>\n<\/blockquote>\n\n\n\n<p>Apesar dos dados positivos, o cen\u00e1rio ainda exige aten\u00e7\u00e3o e estrat\u00e9gias eficazes de preven\u00e7\u00e3o. Com a chegada da esta\u00e7\u00e3o seca em outras regi\u00f5es, os pr\u00f3ximos meses devem ser cruciais para o controle do fogo no territ\u00f3rio nacional.<\/p>\n","protected":false},"excerpt":{"rendered":"<p>O Brasil registrou uma queda expressiva nas \u00e1reas atingidas por queimadas no primeiro trimestre de 2025. De acordo com o mais recente relat\u00f3rio do MapBiomas, &#8230; <a title=\"Queimadas recuam 70% no Brasil no 1\u00ba trimestre de 2025, mas Amaz\u00f4nia e Roraima seguem como epicentros\" class=\"read-more\" href=\"https:\/\/latamreports.com\/br\/queimadas-recuam-70-no-brasil-no-1o-trimestre-de-2025-mas-amazonia-e-roraima-seguem-como-epicentros\/\" aria-label=\"Read more about Queimadas recuam 70% no Brasil no 1\u00ba trimestre de 2025, mas Amaz\u00f4nia e Roraima seguem como epicentros\">Read more<\/a><\/p>\n","protected":false},"author":7,"featured_media":11720,"comment_status":"closed","ping_status":"closed","sticky":false,"template":"","format":"standard","meta":{"footnotes":"","jetpack_publicize_message":"","jetpack_publicize_feature_enabled":true,"jetpack_social_post_already_shared":true,"jetpack_social_options":{"image_generator_settings":{"template":"highway","default_image_id":0,"font":"","enabled":false},"version":2}},"categories":[2,13],"tags":[31],"class_list":["post-11719","post","type-post","status-publish","format-standard","has-post-thumbnail","hentry","category-negocios","category-politica","tag-brasil","resize-featured-image"],"yoast_head":"<!-- This site is optimized with the Yoast SEO plugin v27.5 - https:\/\/yoast.com\/product\/yoast-seo-wordpress\/ -->\n<title>Queimadas recuam 70% no Brasil no 1\u00ba trimestre de 2025<\/title>\n<meta name=\"description\" content=\"O Brasil registrou uma queda expressiva nas \u00e1reas atingidas por queimadas no primeiro trimestre de 2025. De acordo com...\" \/>\n<meta name=\"robots\" content=\"index, follow, max-snippet:-1, max-image-preview:large, max-video-preview:-1\" \/>\n<link rel=\"canonical\" href=\"https:\/\/latamreports.com\/br\/queimadas-recuam-70-no-brasil-no-1o-trimestre-de-2025-mas-amazonia-e-roraima-seguem-como-epicentros\/\" \/>\n<meta property=\"og:locale\" content=\"en_US\" \/>\n<meta property=\"og:type\" content=\"article\" \/>\n<meta property=\"og:title\" content=\"Queimadas recuam 70% no Brasil no 1\u00ba trimestre de 2025\" \/>\n<meta property=\"og:description\" content=\"O Brasil registrou uma queda expressiva nas \u00e1reas atingidas por queimadas no primeiro trimestre de 2025. De acordo com...\" \/>\n<meta property=\"og:url\" content=\"https:\/\/latamreports.com\/br\/queimadas-recuam-70-no-brasil-no-1o-trimestre-de-2025-mas-amazonia-e-roraima-seguem-como-epicentros\/\" \/>\n<meta property=\"og:site_name\" content=\"LatAm Reports\" \/>\n<meta property=\"article:publisher\" content=\"https:\/\/facebook.com\/latamreports\" \/>\n<meta property=\"article:published_time\" content=\"2025-04-16T17:00:14+00:00\" \/>\n<meta property=\"article:modified_time\" content=\"2025-04-16T17:00:16+00:00\" \/>\n<meta property=\"og:image\" content=\"https:\/\/latamreports.com\/br\/wp-content\/uploads\/design-2025-04-16T125647.765.png\" \/>\n\t<meta property=\"og:image:width\" content=\"1200\" \/>\n\t<meta property=\"og:image:height\" content=\"630\" \/>\n\t<meta property=\"og:image:type\" content=\"image\/png\" \/>\n<meta name=\"author\" content=\"LatAm Reports Redatores da Equipe\" \/>\n<meta name=\"twitter:card\" content=\"summary_large_image\" \/>\n<meta name=\"twitter:creator\" content=\"@latamreports\" \/>\n<meta name=\"twitter:site\" content=\"@latamreports\" \/>\n<meta name=\"twitter:label1\" content=\"Written by\" \/>\n\t<meta name=\"twitter:data1\" content=\"LatAm Reports Redatores da Equipe\" \/>\n\t<meta name=\"twitter:label2\" content=\"Est. reading time\" \/>\n\t<meta name=\"twitter:data2\" content=\"2 minutes\" \/>\n<script type=\"application\/ld+json\" class=\"yoast-schema-graph\">{\"@context\":\"https:\\\/\\\/schema.org\",\"@graph\":[{\"@type\":\"Article\",\"@id\":\"https:\\\/\\\/latamreports.com\\\/br\\\/queimadas-recuam-70-no-brasil-no-1o-trimestre-de-2025-mas-amazonia-e-roraima-seguem-como-epicentros\\\/#article\",\"isPartOf\":{\"@id\":\"https:\\\/\\\/latamreports.com\\\/br\\\/queimadas-recuam-70-no-brasil-no-1o-trimestre-de-2025-mas-amazonia-e-roraima-seguem-como-epicentros\\\/\"},\"author\":{\"name\":\"LatAm Reports Redatores da Equipe\",\"@id\":\"https:\\\/\\\/latamreports.com\\\/br\\\/#\\\/schema\\\/person\\\/a561f2de7e5ccabfab38d239b39fdb70\"},\"headline\":\"Queimadas recuam 70% no Brasil no 1\u00ba trimestre de 2025, mas Amaz\u00f4nia e Roraima seguem como epicentros\",\"datePublished\":\"2025-04-16T17:00:14+00:00\",\"dateModified\":\"2025-04-16T17:00:16+00:00\",\"mainEntityOfPage\":{\"@id\":\"https:\\\/\\\/latamreports.com\\\/br\\\/queimadas-recuam-70-no-brasil-no-1o-trimestre-de-2025-mas-amazonia-e-roraima-seguem-como-epicentros\\\/\"},\"wordCount\":437,\"publisher\":{\"@id\":\"https:\\\/\\\/latamreports.com\\\/br\\\/#organization\"},\"image\":{\"@id\":\"https:\\\/\\\/latamreports.com\\\/br\\\/queimadas-recuam-70-no-brasil-no-1o-trimestre-de-2025-mas-amazonia-e-roraima-seguem-como-epicentros\\\/#primaryimage\"},\"thumbnailUrl\":\"https:\\\/\\\/latamreports.com\\\/br\\\/wp-content\\\/uploads\\\/design-2025-04-16T125647.765.png\",\"keywords\":[\"Brasil\"],\"articleSection\":[\"Neg\u00f3cios\",\"Pol\u00edtica\"],\"inLanguage\":\"en-US\"},{\"@type\":\"WebPage\",\"@id\":\"https:\\\/\\\/latamreports.com\\\/br\\\/queimadas-recuam-70-no-brasil-no-1o-trimestre-de-2025-mas-amazonia-e-roraima-seguem-como-epicentros\\\/\",\"url\":\"https:\\\/\\\/latamreports.com\\\/br\\\/queimadas-recuam-70-no-brasil-no-1o-trimestre-de-2025-mas-amazonia-e-roraima-seguem-como-epicentros\\\/\",\"name\":\"Queimadas recuam 70% no Brasil no 1\u00ba trimestre de 2025\",\"isPartOf\":{\"@id\":\"https:\\\/\\\/latamreports.com\\\/br\\\/#website\"},\"primaryImageOfPage\":{\"@id\":\"https:\\\/\\\/latamreports.com\\\/br\\\/queimadas-recuam-70-no-brasil-no-1o-trimestre-de-2025-mas-amazonia-e-roraima-seguem-como-epicentros\\\/#primaryimage\"},\"image\":{\"@id\":\"https:\\\/\\\/latamreports.com\\\/br\\\/queimadas-recuam-70-no-brasil-no-1o-trimestre-de-2025-mas-amazonia-e-roraima-seguem-como-epicentros\\\/#primaryimage\"},\"thumbnailUrl\":\"https:\\\/\\\/latamreports.com\\\/br\\\/wp-content\\\/uploads\\\/design-2025-04-16T125647.765.png\",\"datePublished\":\"2025-04-16T17:00:14+00:00\",\"dateModified\":\"2025-04-16T17:00:16+00:00\",\"description\":\"O Brasil registrou uma queda expressiva nas \u00e1reas atingidas por queimadas no primeiro trimestre de 2025. De acordo com...\",\"breadcrumb\":{\"@id\":\"https:\\\/\\\/latamreports.com\\\/br\\\/queimadas-recuam-70-no-brasil-no-1o-trimestre-de-2025-mas-amazonia-e-roraima-seguem-como-epicentros\\\/#breadcrumb\"},\"inLanguage\":\"en-US\",\"potentialAction\":[{\"@type\":\"ReadAction\",\"target\":[\"https:\\\/\\\/latamreports.com\\\/br\\\/queimadas-recuam-70-no-brasil-no-1o-trimestre-de-2025-mas-amazonia-e-roraima-seguem-como-epicentros\\\/\"]}]},{\"@type\":\"ImageObject\",\"inLanguage\":\"en-US\",\"@id\":\"https:\\\/\\\/latamreports.com\\\/br\\\/queimadas-recuam-70-no-brasil-no-1o-trimestre-de-2025-mas-amazonia-e-roraima-seguem-como-epicentros\\\/#primaryimage\",\"url\":\"https:\\\/\\\/latamreports.com\\\/br\\\/wp-content\\\/uploads\\\/design-2025-04-16T125647.765.png\",\"contentUrl\":\"https:\\\/\\\/latamreports.com\\\/br\\\/wp-content\\\/uploads\\\/design-2025-04-16T125647.765.png\",\"width\":1200,\"height\":630,\"caption\":\"Queimadas recuam 70% no Brasil no 1\u00ba trimestre de 2025, mas Amaz\u00f4nia e Roraima seguem como epicentros\"},{\"@type\":\"BreadcrumbList\",\"@id\":\"https:\\\/\\\/latamreports.com\\\/br\\\/queimadas-recuam-70-no-brasil-no-1o-trimestre-de-2025-mas-amazonia-e-roraima-seguem-como-epicentros\\\/#breadcrumb\",\"itemListElement\":[{\"@type\":\"ListItem\",\"position\":1,\"name\":\"Home\",\"item\":\"https:\\\/\\\/latamreports.com\\\/br\\\/\"},{\"@type\":\"ListItem\",\"position\":2,\"name\":\"Queimadas recuam 70% no Brasil no 1\u00ba trimestre de 2025, mas Amaz\u00f4nia e Roraima seguem como epicentros\"}]},{\"@type\":\"WebSite\",\"@id\":\"https:\\\/\\\/latamreports.com\\\/br\\\/#website\",\"url\":\"https:\\\/\\\/latamreports.com\\\/br\\\/\",\"name\":\"LatAm Reports\",\"description\":\"Not\u00edcias e opini\u00f5es de todas as Am\u00e9ricas\",\"publisher\":{\"@id\":\"https:\\\/\\\/latamreports.com\\\/br\\\/#organization\"},\"potentialAction\":[{\"@type\":\"SearchAction\",\"target\":{\"@type\":\"EntryPoint\",\"urlTemplate\":\"https:\\\/\\\/latamreports.com\\\/br\\\/?s={search_term_string}\"},\"query-input\":{\"@type\":\"PropertyValueSpecification\",\"valueRequired\":true,\"valueName\":\"search_term_string\"}}],\"inLanguage\":\"en-US\"},{\"@type\":\"Organization\",\"@id\":\"https:\\\/\\\/latamreports.com\\\/br\\\/#organization\",\"name\":\"LatAm Reports\",\"url\":\"https:\\\/\\\/latamreports.com\\\/br\\\/\",\"logo\":{\"@type\":\"ImageObject\",\"inLanguage\":\"en-US\",\"@id\":\"https:\\\/\\\/latamreports.com\\\/br\\\/#\\\/schema\\\/logo\\\/image\\\/\",\"url\":\"https:\\\/\\\/latamreports.com\\\/br\\\/wp-content\\\/uploads\\\/cropped-PNG2.png\",\"contentUrl\":\"https:\\\/\\\/latamreports.com\\\/br\\\/wp-content\\\/uploads\\\/cropped-PNG2.png\",\"width\":2522,\"height\":1014,\"caption\":\"LatAm Reports\"},\"image\":{\"@id\":\"https:\\\/\\\/latamreports.com\\\/br\\\/#\\\/schema\\\/logo\\\/image\\\/\"},\"sameAs\":[\"https:\\\/\\\/facebook.com\\\/latamreports\",\"https:\\\/\\\/x.com\\\/latamreports\"]},{\"@type\":\"Person\",\"@id\":\"https:\\\/\\\/latamreports.com\\\/br\\\/#\\\/schema\\\/person\\\/a561f2de7e5ccabfab38d239b39fdb70\",\"name\":\"LatAm Reports Redatores da Equipe\",\"image\":{\"@type\":\"ImageObject\",\"inLanguage\":\"en-US\",\"@id\":\"https:\\\/\\\/secure.gravatar.com\\\/avatar\\\/dcdcc93cc5edddd2f3ef77245866172c7d7241a11ad58e1959aa824f2fae81f6?s=96&d=mm&r=g\",\"url\":\"https:\\\/\\\/secure.gravatar.com\\\/avatar\\\/dcdcc93cc5edddd2f3ef77245866172c7d7241a11ad58e1959aa824f2fae81f6?s=96&d=mm&r=g\",\"contentUrl\":\"https:\\\/\\\/secure.gravatar.com\\\/avatar\\\/dcdcc93cc5edddd2f3ef77245866172c7d7241a11ad58e1959aa824f2fae81f6?s=96&d=mm&r=g\",\"caption\":\"LatAm Reports Redatores da Equipe\"}}]}<\/script>\n<!-- \/ Yoast SEO plugin. -->","yoast_head_json":{"title":"Queimadas recuam 70% no Brasil no 1\u00ba trimestre de 2025","description":"O Brasil registrou uma queda expressiva nas \u00e1reas atingidas por queimadas no primeiro trimestre de 2025. De acordo com...","robots":{"index":"index","follow":"follow","max-snippet":"max-snippet:-1","max-image-preview":"max-image-preview:large","max-video-preview":"max-video-preview:-1"},"canonical":"https:\/\/latamreports.com\/br\/queimadas-recuam-70-no-brasil-no-1o-trimestre-de-2025-mas-amazonia-e-roraima-seguem-como-epicentros\/","og_locale":"en_US","og_type":"article","og_title":"Queimadas recuam 70% no Brasil no 1\u00ba trimestre de 2025","og_description":"O Brasil registrou uma queda expressiva nas \u00e1reas atingidas por queimadas no primeiro trimestre de 2025. De acordo com...","og_url":"https:\/\/latamreports.com\/br\/queimadas-recuam-70-no-brasil-no-1o-trimestre-de-2025-mas-amazonia-e-roraima-seguem-como-epicentros\/","og_site_name":"LatAm Reports","article_publisher":"https:\/\/facebook.com\/latamreports","article_published_time":"2025-04-16T17:00:14+00:00","article_modified_time":"2025-04-16T17:00:16+00:00","og_image":[{"width":1200,"height":630,"url":"https:\/\/latamreports.com\/br\/wp-content\/uploads\/design-2025-04-16T125647.765.png","type":"image\/png"}],"author":"LatAm Reports Redatores da Equipe","twitter_card":"summary_large_image","twitter_creator":"@latamreports","twitter_site":"@latamreports","twitter_misc":{"Written by":"LatAm Reports Redatores da Equipe","Est. reading time":"2 minutes"},"schema":{"@context":"https:\/\/schema.org","@graph":[{"@type":"Article","@id":"https:\/\/latamreports.com\/br\/queimadas-recuam-70-no-brasil-no-1o-trimestre-de-2025-mas-amazonia-e-roraima-seguem-como-epicentros\/#article","isPartOf":{"@id":"https:\/\/latamreports.com\/br\/queimadas-recuam-70-no-brasil-no-1o-trimestre-de-2025-mas-amazonia-e-roraima-seguem-como-epicentros\/"},"author":{"name":"LatAm Reports Redatores da Equipe","@id":"https:\/\/latamreports.com\/br\/#\/schema\/person\/a561f2de7e5ccabfab38d239b39fdb70"},"headline":"Queimadas recuam 70% no Brasil no 1\u00ba trimestre de 2025, mas Amaz\u00f4nia e Roraima seguem como epicentros","datePublished":"2025-04-16T17:00:14+00:00","dateModified":"2025-04-16T17:00:16+00:00","mainEntityOfPage":{"@id":"https:\/\/latamreports.com\/br\/queimadas-recuam-70-no-brasil-no-1o-trimestre-de-2025-mas-amazonia-e-roraima-seguem-como-epicentros\/"},"wordCount":437,"publisher":{"@id":"https:\/\/latamreports.com\/br\/#organization"},"image":{"@id":"https:\/\/latamreports.com\/br\/queimadas-recuam-70-no-brasil-no-1o-trimestre-de-2025-mas-amazonia-e-roraima-seguem-como-epicentros\/#primaryimage"},"thumbnailUrl":"https:\/\/latamreports.com\/br\/wp-content\/uploads\/design-2025-04-16T125647.765.png","keywords":["Brasil"],"articleSection":["Neg\u00f3cios","Pol\u00edtica"],"inLanguage":"en-US"},{"@type":"WebPage","@id":"https:\/\/latamreports.com\/br\/queimadas-recuam-70-no-brasil-no-1o-trimestre-de-2025-mas-amazonia-e-roraima-seguem-como-epicentros\/","url":"https:\/\/latamreports.com\/br\/queimadas-recuam-70-no-brasil-no-1o-trimestre-de-2025-mas-amazonia-e-roraima-seguem-como-epicentros\/","name":"Queimadas recuam 70% no Brasil no 1\u00ba trimestre de 2025","isPartOf":{"@id":"https:\/\/latamreports.com\/br\/#website"},"primaryImageOfPage":{"@id":"https:\/\/latamreports.com\/br\/queimadas-recuam-70-no-brasil-no-1o-trimestre-de-2025-mas-amazonia-e-roraima-seguem-como-epicentros\/#primaryimage"},"image":{"@id":"https:\/\/latamreports.com\/br\/queimadas-recuam-70-no-brasil-no-1o-trimestre-de-2025-mas-amazonia-e-roraima-seguem-como-epicentros\/#primaryimage"},"thumbnailUrl":"https:\/\/latamreports.com\/br\/wp-content\/uploads\/design-2025-04-16T125647.765.png","datePublished":"2025-04-16T17:00:14+00:00","dateModified":"2025-04-16T17:00:16+00:00","description":"O Brasil registrou uma queda expressiva nas \u00e1reas atingidas por queimadas no primeiro trimestre de 2025. De acordo com...","breadcrumb":{"@id":"https:\/\/latamreports.com\/br\/queimadas-recuam-70-no-brasil-no-1o-trimestre-de-2025-mas-amazonia-e-roraima-seguem-como-epicentros\/#breadcrumb"},"inLanguage":"en-US","potentialAction":[{"@type":"ReadAction","target":["https:\/\/latamreports.com\/br\/queimadas-recuam-70-no-brasil-no-1o-trimestre-de-2025-mas-amazonia-e-roraima-seguem-como-epicentros\/"]}]},{"@type":"ImageObject","inLanguage":"en-US","@id":"https:\/\/latamreports.com\/br\/queimadas-recuam-70-no-brasil-no-1o-trimestre-de-2025-mas-amazonia-e-roraima-seguem-como-epicentros\/#primaryimage","url":"https:\/\/latamreports.com\/br\/wp-content\/uploads\/design-2025-04-16T125647.765.png","contentUrl":"https:\/\/latamreports.com\/br\/wp-content\/uploads\/design-2025-04-16T125647.765.png","width":1200,"height":630,"caption":"Queimadas recuam 70% no Brasil no 1\u00ba trimestre de 2025, mas Amaz\u00f4nia e Roraima seguem como epicentros"},{"@type":"BreadcrumbList","@id":"https:\/\/latamreports.com\/br\/queimadas-recuam-70-no-brasil-no-1o-trimestre-de-2025-mas-amazonia-e-roraima-seguem-como-epicentros\/#breadcrumb","itemListElement":[{"@type":"ListItem","position":1,"name":"Home","item":"https:\/\/latamreports.com\/br\/"},{"@type":"ListItem","position":2,"name":"Queimadas recuam 70% no Brasil no 1\u00ba trimestre de 2025, mas Amaz\u00f4nia e Roraima seguem como epicentros"}]},{"@type":"WebSite","@id":"https:\/\/latamreports.com\/br\/#website","url":"https:\/\/latamreports.com\/br\/","name":"LatAm Reports","description":"Not\u00edcias e opini\u00f5es de todas as Am\u00e9ricas","publisher":{"@id":"https:\/\/latamreports.com\/br\/#organization"},"potentialAction":[{"@type":"SearchAction","target":{"@type":"EntryPoint","urlTemplate":"https:\/\/latamreports.com\/br\/?s={search_term_string}"},"query-input":{"@type":"PropertyValueSpecification","valueRequired":true,"valueName":"search_term_string"}}],"inLanguage":"en-US"},{"@type":"Organization","@id":"https:\/\/latamreports.com\/br\/#organization","name":"LatAm Reports","url":"https:\/\/latamreports.com\/br\/","logo":{"@type":"ImageObject","inLanguage":"en-US","@id":"https:\/\/latamreports.com\/br\/#\/schema\/logo\/image\/","url":"https:\/\/latamreports.com\/br\/wp-content\/uploads\/cropped-PNG2.png","contentUrl":"https:\/\/latamreports.com\/br\/wp-content\/uploads\/cropped-PNG2.png","width":2522,"height":1014,"caption":"LatAm Reports"},"image":{"@id":"https:\/\/latamreports.com\/br\/#\/schema\/logo\/image\/"},"sameAs":["https:\/\/facebook.com\/latamreports","https:\/\/x.com\/latamreports"]},{"@type":"Person","@id":"https:\/\/latamreports.com\/br\/#\/schema\/person\/a561f2de7e5ccabfab38d239b39fdb70","name":"LatAm Reports Redatores da Equipe","image":{"@type":"ImageObject","inLanguage":"en-US","@id":"https:\/\/secure.gravatar.com\/avatar\/dcdcc93cc5edddd2f3ef77245866172c7d7241a11ad58e1959aa824f2fae81f6?s=96&d=mm&r=g","url":"https:\/\/secure.gravatar.com\/avatar\/dcdcc93cc5edddd2f3ef77245866172c7d7241a11ad58e1959aa824f2fae81f6?s=96&d=mm&r=g","contentUrl":"https:\/\/secure.gravatar.com\/avatar\/dcdcc93cc5edddd2f3ef77245866172c7d7241a11ad58e1959aa824f2fae81f6?s=96&d=mm&r=g","caption":"LatAm Reports Redatores da Equipe"}}]}},"jetpack_publicize_connections":[],"_links":{"self":[{"href":"https:\/\/latamreports.com\/br\/wp-json\/wp\/v2\/posts\/11719","targetHints":{"allow":["GET"]}}],"collection":[{"href":"https:\/\/latamreports.com\/br\/wp-json\/wp\/v2\/posts"}],"about":[{"href":"https:\/\/latamreports.com\/br\/wp-json\/wp\/v2\/types\/post"}],"author":[{"embeddable":true,"href":"https:\/\/latamreports.com\/br\/wp-json\/wp\/v2\/users\/7"}],"replies":[{"embeddable":true,"href":"https:\/\/latamreports.com\/br\/wp-json\/wp\/v2\/comments?post=11719"}],"version-history":[{"count":2,"href":"https:\/\/latamreports.com\/br\/wp-json\/wp\/v2\/posts\/11719\/revisions"}],"predecessor-version":[{"id":11722,"href":"https:\/\/latamreports.com\/br\/wp-json\/wp\/v2\/posts\/11719\/revisions\/11722"}],"wp:featuredmedia":[{"embeddable":true,"href":"https:\/\/latamreports.com\/br\/wp-json\/wp\/v2\/media\/11720"}],"wp:attachment":[{"href":"https:\/\/latamreports.com\/br\/wp-json\/wp\/v2\/media?parent=11719"}],"wp:term":[{"taxonomy":"category","embeddable":true,"href":"https:\/\/latamreports.com\/br\/wp-json\/wp\/v2\/categories?post=11719"},{"taxonomy":"post_tag","embeddable":true,"href":"https:\/\/latamreports.com\/br\/wp-json\/wp\/v2\/tags?post=11719"}],"curies":[{"name":"wp","href":"https:\/\/api.w.org\/{rel}","templated":true}]}}