{"id":11651,"date":"2025-04-10T21:10:40","date_gmt":"2025-04-10T21:10:40","guid":{"rendered":"https:\/\/latamreports.com\/br\/?p=11651"},"modified":"2025-04-10T21:10:42","modified_gmt":"2025-04-10T21:10:42","slug":"brasil-volta-a-exigir-visto-de-turistas-dos-eua-canada-e-australia-a-partir-desta-quinta-feira","status":"publish","type":"post","link":"https:\/\/latamreports.com\/br\/brasil-volta-a-exigir-visto-de-turistas-dos-eua-canada-e-australia-a-partir-desta-quinta-feira\/","title":{"rendered":"Brasil volta a exigir visto de turistas dos EUA, Canad\u00e1 e Austr\u00e1lia a partir desta quinta-feira"},"content":{"rendered":"\n<p>A partir desta quinta-feira, 10, turistas dos Estados Unidos, Canad\u00e1 e Austr\u00e1lia que desejam visitar o Brasil precisar\u00e3o, novamente, de <a href=\"https:\/\/latamreports.com\/br\/cristo-redentor-reabre-apos-vistoria-de-seguranca\/\">visto <\/a>para entrar no pa\u00eds. A medida, anunciada pelo governo federal, marca o fim da isen\u00e7\u00e3o implantada em 2019 e refor\u00e7a o princ\u00edpio da reciprocidade diplom\u00e1tica, j\u00e1 que cidad\u00e3os brasileiros continuam precisando de visto para ingressar nesses mesmos pa\u00edses.<\/p>\n\n\n\n<p>O processo para obten\u00e7\u00e3o do documento, no entanto, ser\u00e1 feito totalmente de forma digital. O solicitante poder\u00e1 preencher o pedido online e, caso aprovado, receber\u00e1 o visto eletr\u00f4nico por e-mail. A taxa para emiss\u00e3o \u00e9 de US$ 80,90, o equivalente a cerca de R$ 488.<\/p>\n\n\n\n<p>A retomada da <a href=\"https:\/\/latamreports.com\/br\/problemas-estruturais-pedido-de-vistoria-e-vitimas-o-que-se-sabe-sobre-o-desabamento-do-teto-da-igreja-de-ouro-em-salvador\/\">exig\u00eancia <\/a>de visto foi oficializada por decreto do presidente Luiz In\u00e1cio Lula da Silva ainda em 2023, no in\u00edcio do seu terceiro mandato. A medida revogou uma decis\u00e3o do governo Jair Bolsonaro que, em busca de est\u00edmulo ao turismo, havia dispensado o visto para visitantes desses tr\u00eas pa\u00edses. Apesar de prevista inicialmente para outubro de 2023, a nova exig\u00eancia foi adiada tr\u00eas vezes at\u00e9 entrar em vigor nesta semana.<\/p>\n\n\n\n<p>Segundo o Itamaraty, o sistema eletr\u00f4nico facilita o processo e dispensa etapas tradicionais, como entrevistas ou comprova\u00e7\u00e3o de renda. Basta preencher um formul\u00e1rio no site da VFS Global, anexar documentos como passaporte e foto, e aguardar a an\u00e1lise. <\/p>\n\n\n\n<h6 class=\"wp-block-heading\">Ap\u00f3s a aprova\u00e7\u00e3o, o eVisa chega por e-mail em formato PDF, devendo ser apresentado no embarque e desembarque no territ\u00f3rio brasileiro.<\/h6>\n\n\n\n<p>A medida se aplica a cidad\u00e3os dos Estados Unidos, Canad\u00e1 e Austr\u00e1lia que entrem no pa\u00eds por via a\u00e9rea, terrestre ou mar\u00edtima, com estadias de at\u00e9 90 dias. Turistas de outros pa\u00edses com exig\u00eancia de visto devem seguir os procedimentos habituais nos consulados brasileiros.<\/p>\n\n\n\n<p>Dados do governo apontam que, mesmo com a isen\u00e7\u00e3o implantada em 2019, o volume de turistas vindos desses pa\u00edses n\u00e3o registrou aumento significativo. Em 2024, por exemplo, os norte-americanos representaram 8,4% do total de turistas no Brasil, abaixo dos 8,8% registrados em 2019.<\/p>\n\n\n\n<p>Em mar\u00e7o deste ano, o Senado tentou derrubar a medida, aprovando um projeto para suspender o decreto presidencial. No entanto, a proposta segue parada na C\u00e2mara dos Deputados e sem previs\u00e3o de vota\u00e7\u00e3o.<\/p>\n\n\n\n<p>O Minist\u00e9rio das Rela\u00e7\u00f5es Exteriores refor\u00e7a que a exig\u00eancia de vistos segue crit\u00e9rios diplom\u00e1ticos e se baseia, na maioria dos casos, no princ\u00edpio da reciprocidade. Na pr\u00e1tica, se um pa\u00eds exige visto dos brasileiros, o Brasil tamb\u00e9m exige o mesmo tratamento.<\/p>\n","protected":false},"excerpt":{"rendered":"<p>A partir desta quinta-feira, 10, turistas dos Estados Unidos, Canad\u00e1 e Austr\u00e1lia que desejam visitar o Brasil precisar\u00e3o, novamente, de visto para entrar no pa\u00eds. &#8230; <a title=\"Brasil volta a exigir visto de turistas dos EUA, Canad\u00e1 e Austr\u00e1lia a partir desta quinta-feira\" class=\"read-more\" href=\"https:\/\/latamreports.com\/br\/brasil-volta-a-exigir-visto-de-turistas-dos-eua-canada-e-australia-a-partir-desta-quinta-feira\/\" aria-label=\"Read more about Brasil volta a exigir visto de turistas dos EUA, Canad\u00e1 e Austr\u00e1lia a partir desta quinta-feira\">Read more<\/a><\/p>\n","protected":false},"author":7,"featured_media":11652,"comment_status":"closed","ping_status":"closed","sticky":false,"template":"","format":"standard","meta":{"footnotes":"","jetpack_publicize_message":"","jetpack_publicize_feature_enabled":true,"jetpack_social_post_already_shared":true,"jetpack_social_options":{"image_generator_settings":{"template":"highway","default_image_id":0,"font":"","enabled":false},"version":2}},"categories":[13],"tags":[31],"class_list":["post-11651","post","type-post","status-publish","format-standard","has-post-thumbnail","hentry","category-politica","tag-brasil","resize-featured-image"],"yoast_head":"<!-- This site is optimized with the Yoast SEO plugin v27.4 - https:\/\/yoast.com\/product\/yoast-seo-wordpress\/ -->\n<title>Brasil volta a exigir visto de turistas dos EUA, Canad\u00e1 e Austr\u00e1lia<\/title>\n<meta name=\"description\" content=\"A partir desta quinta-feira, 10, turistas dos Estados Unidos, Canad\u00e1 e Austr\u00e1lia que desejam visitar o Brasil precisar\u00e3o, novamente\" \/>\n<meta name=\"robots\" content=\"index, follow, max-snippet:-1, max-image-preview:large, max-video-preview:-1\" \/>\n<link rel=\"canonical\" href=\"https:\/\/latamreports.com\/br\/brasil-volta-a-exigir-visto-de-turistas-dos-eua-canada-e-australia-a-partir-desta-quinta-feira\/\" \/>\n<meta property=\"og:locale\" content=\"en_US\" \/>\n<meta property=\"og:type\" content=\"article\" \/>\n<meta property=\"og:title\" content=\"Brasil volta a exigir visto de turistas dos EUA, Canad\u00e1 e Austr\u00e1lia\" \/>\n<meta property=\"og:description\" content=\"A partir desta quinta-feira, 10, turistas dos Estados Unidos, Canad\u00e1 e Austr\u00e1lia que desejam visitar o Brasil precisar\u00e3o, novamente\" \/>\n<meta property=\"og:url\" content=\"https:\/\/latamreports.com\/br\/brasil-volta-a-exigir-visto-de-turistas-dos-eua-canada-e-australia-a-partir-desta-quinta-feira\/\" \/>\n<meta property=\"og:site_name\" content=\"LatAm Reports\" \/>\n<meta property=\"article:publisher\" content=\"https:\/\/facebook.com\/latamreports\" \/>\n<meta property=\"article:published_time\" content=\"2025-04-10T21:10:40+00:00\" \/>\n<meta property=\"article:modified_time\" content=\"2025-04-10T21:10:42+00:00\" \/>\n<meta property=\"og:image\" content=\"https:\/\/latamreports.com\/br\/wp-content\/uploads\/design-2025-04-10T125736.223.png\" \/>\n\t<meta property=\"og:image:width\" content=\"1200\" \/>\n\t<meta property=\"og:image:height\" content=\"630\" \/>\n\t<meta property=\"og:image:type\" content=\"image\/png\" \/>\n<meta name=\"author\" content=\"LatAm Reports Redatores da Equipe\" \/>\n<meta name=\"twitter:card\" content=\"summary_large_image\" \/>\n<meta name=\"twitter:creator\" content=\"@latamreports\" \/>\n<meta name=\"twitter:site\" content=\"@latamreports\" \/>\n<meta name=\"twitter:label1\" content=\"Written by\" \/>\n\t<meta name=\"twitter:data1\" content=\"LatAm Reports Redatores da Equipe\" \/>\n\t<meta name=\"twitter:label2\" content=\"Est. reading time\" \/>\n\t<meta name=\"twitter:data2\" content=\"2 minutes\" \/>\n<script type=\"application\/ld+json\" class=\"yoast-schema-graph\">{\"@context\":\"https:\\\/\\\/schema.org\",\"@graph\":[{\"@type\":\"Article\",\"@id\":\"https:\\\/\\\/latamreports.com\\\/br\\\/brasil-volta-a-exigir-visto-de-turistas-dos-eua-canada-e-australia-a-partir-desta-quinta-feira\\\/#article\",\"isPartOf\":{\"@id\":\"https:\\\/\\\/latamreports.com\\\/br\\\/brasil-volta-a-exigir-visto-de-turistas-dos-eua-canada-e-australia-a-partir-desta-quinta-feira\\\/\"},\"author\":{\"name\":\"LatAm Reports Redatores da Equipe\",\"@id\":\"https:\\\/\\\/latamreports.com\\\/br\\\/#\\\/schema\\\/person\\\/a561f2de7e5ccabfab38d239b39fdb70\"},\"headline\":\"Brasil volta a exigir visto de turistas dos EUA, Canad\u00e1 e Austr\u00e1lia a partir desta quinta-feira\",\"datePublished\":\"2025-04-10T21:10:40+00:00\",\"dateModified\":\"2025-04-10T21:10:42+00:00\",\"mainEntityOfPage\":{\"@id\":\"https:\\\/\\\/latamreports.com\\\/br\\\/brasil-volta-a-exigir-visto-de-turistas-dos-eua-canada-e-australia-a-partir-desta-quinta-feira\\\/\"},\"wordCount\":452,\"publisher\":{\"@id\":\"https:\\\/\\\/latamreports.com\\\/br\\\/#organization\"},\"image\":{\"@id\":\"https:\\\/\\\/latamreports.com\\\/br\\\/brasil-volta-a-exigir-visto-de-turistas-dos-eua-canada-e-australia-a-partir-desta-quinta-feira\\\/#primaryimage\"},\"thumbnailUrl\":\"https:\\\/\\\/latamreports.com\\\/br\\\/wp-content\\\/uploads\\\/design-2025-04-10T125736.223.png\",\"keywords\":[\"Brasil\"],\"articleSection\":[\"Pol\u00edtica\"],\"inLanguage\":\"en-US\"},{\"@type\":\"WebPage\",\"@id\":\"https:\\\/\\\/latamreports.com\\\/br\\\/brasil-volta-a-exigir-visto-de-turistas-dos-eua-canada-e-australia-a-partir-desta-quinta-feira\\\/\",\"url\":\"https:\\\/\\\/latamreports.com\\\/br\\\/brasil-volta-a-exigir-visto-de-turistas-dos-eua-canada-e-australia-a-partir-desta-quinta-feira\\\/\",\"name\":\"Brasil volta a exigir visto de turistas dos EUA, Canad\u00e1 e Austr\u00e1lia\",\"isPartOf\":{\"@id\":\"https:\\\/\\\/latamreports.com\\\/br\\\/#website\"},\"primaryImageOfPage\":{\"@id\":\"https:\\\/\\\/latamreports.com\\\/br\\\/brasil-volta-a-exigir-visto-de-turistas-dos-eua-canada-e-australia-a-partir-desta-quinta-feira\\\/#primaryimage\"},\"image\":{\"@id\":\"https:\\\/\\\/latamreports.com\\\/br\\\/brasil-volta-a-exigir-visto-de-turistas-dos-eua-canada-e-australia-a-partir-desta-quinta-feira\\\/#primaryimage\"},\"thumbnailUrl\":\"https:\\\/\\\/latamreports.com\\\/br\\\/wp-content\\\/uploads\\\/design-2025-04-10T125736.223.png\",\"datePublished\":\"2025-04-10T21:10:40+00:00\",\"dateModified\":\"2025-04-10T21:10:42+00:00\",\"description\":\"A partir desta quinta-feira, 10, turistas dos Estados Unidos, Canad\u00e1 e Austr\u00e1lia que desejam visitar o Brasil precisar\u00e3o, novamente\",\"breadcrumb\":{\"@id\":\"https:\\\/\\\/latamreports.com\\\/br\\\/brasil-volta-a-exigir-visto-de-turistas-dos-eua-canada-e-australia-a-partir-desta-quinta-feira\\\/#breadcrumb\"},\"inLanguage\":\"en-US\",\"potentialAction\":[{\"@type\":\"ReadAction\",\"target\":[\"https:\\\/\\\/latamreports.com\\\/br\\\/brasil-volta-a-exigir-visto-de-turistas-dos-eua-canada-e-australia-a-partir-desta-quinta-feira\\\/\"]}]},{\"@type\":\"ImageObject\",\"inLanguage\":\"en-US\",\"@id\":\"https:\\\/\\\/latamreports.com\\\/br\\\/brasil-volta-a-exigir-visto-de-turistas-dos-eua-canada-e-australia-a-partir-desta-quinta-feira\\\/#primaryimage\",\"url\":\"https:\\\/\\\/latamreports.com\\\/br\\\/wp-content\\\/uploads\\\/design-2025-04-10T125736.223.png\",\"contentUrl\":\"https:\\\/\\\/latamreports.com\\\/br\\\/wp-content\\\/uploads\\\/design-2025-04-10T125736.223.png\",\"width\":1200,\"height\":630,\"caption\":\"Brasil volta a exigir visto de turistas dos EUA, Canad\u00e1 e Austr\u00e1lia a partir desta quinta-feira\"},{\"@type\":\"BreadcrumbList\",\"@id\":\"https:\\\/\\\/latamreports.com\\\/br\\\/brasil-volta-a-exigir-visto-de-turistas-dos-eua-canada-e-australia-a-partir-desta-quinta-feira\\\/#breadcrumb\",\"itemListElement\":[{\"@type\":\"ListItem\",\"position\":1,\"name\":\"Home\",\"item\":\"https:\\\/\\\/latamreports.com\\\/br\\\/\"},{\"@type\":\"ListItem\",\"position\":2,\"name\":\"Brasil volta a exigir visto de turistas dos EUA, Canad\u00e1 e Austr\u00e1lia a partir desta quinta-feira\"}]},{\"@type\":\"WebSite\",\"@id\":\"https:\\\/\\\/latamreports.com\\\/br\\\/#website\",\"url\":\"https:\\\/\\\/latamreports.com\\\/br\\\/\",\"name\":\"LatAm Reports\",\"description\":\"Not\u00edcias e opini\u00f5es de todas as Am\u00e9ricas\",\"publisher\":{\"@id\":\"https:\\\/\\\/latamreports.com\\\/br\\\/#organization\"},\"potentialAction\":[{\"@type\":\"SearchAction\",\"target\":{\"@type\":\"EntryPoint\",\"urlTemplate\":\"https:\\\/\\\/latamreports.com\\\/br\\\/?s={search_term_string}\"},\"query-input\":{\"@type\":\"PropertyValueSpecification\",\"valueRequired\":true,\"valueName\":\"search_term_string\"}}],\"inLanguage\":\"en-US\"},{\"@type\":\"Organization\",\"@id\":\"https:\\\/\\\/latamreports.com\\\/br\\\/#organization\",\"name\":\"LatAm Reports\",\"url\":\"https:\\\/\\\/latamreports.com\\\/br\\\/\",\"logo\":{\"@type\":\"ImageObject\",\"inLanguage\":\"en-US\",\"@id\":\"https:\\\/\\\/latamreports.com\\\/br\\\/#\\\/schema\\\/logo\\\/image\\\/\",\"url\":\"https:\\\/\\\/latamreports.com\\\/br\\\/wp-content\\\/uploads\\\/cropped-PNG2.png\",\"contentUrl\":\"https:\\\/\\\/latamreports.com\\\/br\\\/wp-content\\\/uploads\\\/cropped-PNG2.png\",\"width\":2522,\"height\":1014,\"caption\":\"LatAm Reports\"},\"image\":{\"@id\":\"https:\\\/\\\/latamreports.com\\\/br\\\/#\\\/schema\\\/logo\\\/image\\\/\"},\"sameAs\":[\"https:\\\/\\\/facebook.com\\\/latamreports\",\"https:\\\/\\\/x.com\\\/latamreports\"]},{\"@type\":\"Person\",\"@id\":\"https:\\\/\\\/latamreports.com\\\/br\\\/#\\\/schema\\\/person\\\/a561f2de7e5ccabfab38d239b39fdb70\",\"name\":\"LatAm Reports Redatores da Equipe\",\"image\":{\"@type\":\"ImageObject\",\"inLanguage\":\"en-US\",\"@id\":\"https:\\\/\\\/secure.gravatar.com\\\/avatar\\\/dcdcc93cc5edddd2f3ef77245866172c7d7241a11ad58e1959aa824f2fae81f6?s=96&d=mm&r=g\",\"url\":\"https:\\\/\\\/secure.gravatar.com\\\/avatar\\\/dcdcc93cc5edddd2f3ef77245866172c7d7241a11ad58e1959aa824f2fae81f6?s=96&d=mm&r=g\",\"contentUrl\":\"https:\\\/\\\/secure.gravatar.com\\\/avatar\\\/dcdcc93cc5edddd2f3ef77245866172c7d7241a11ad58e1959aa824f2fae81f6?s=96&d=mm&r=g\",\"caption\":\"LatAm Reports Redatores da Equipe\"}}]}<\/script>\n<!-- \/ Yoast SEO plugin. -->","yoast_head_json":{"title":"Brasil volta a exigir visto de turistas dos EUA, Canad\u00e1 e Austr\u00e1lia","description":"A partir desta quinta-feira, 10, turistas dos Estados Unidos, Canad\u00e1 e Austr\u00e1lia que desejam visitar o Brasil precisar\u00e3o, novamente","robots":{"index":"index","follow":"follow","max-snippet":"max-snippet:-1","max-image-preview":"max-image-preview:large","max-video-preview":"max-video-preview:-1"},"canonical":"https:\/\/latamreports.com\/br\/brasil-volta-a-exigir-visto-de-turistas-dos-eua-canada-e-australia-a-partir-desta-quinta-feira\/","og_locale":"en_US","og_type":"article","og_title":"Brasil volta a exigir visto de turistas dos EUA, Canad\u00e1 e Austr\u00e1lia","og_description":"A partir desta quinta-feira, 10, turistas dos Estados Unidos, Canad\u00e1 e Austr\u00e1lia que desejam visitar o Brasil precisar\u00e3o, novamente","og_url":"https:\/\/latamreports.com\/br\/brasil-volta-a-exigir-visto-de-turistas-dos-eua-canada-e-australia-a-partir-desta-quinta-feira\/","og_site_name":"LatAm Reports","article_publisher":"https:\/\/facebook.com\/latamreports","article_published_time":"2025-04-10T21:10:40+00:00","article_modified_time":"2025-04-10T21:10:42+00:00","og_image":[{"width":1200,"height":630,"url":"https:\/\/latamreports.com\/br\/wp-content\/uploads\/design-2025-04-10T125736.223.png","type":"image\/png"}],"author":"LatAm Reports Redatores da Equipe","twitter_card":"summary_large_image","twitter_creator":"@latamreports","twitter_site":"@latamreports","twitter_misc":{"Written by":"LatAm Reports Redatores da Equipe","Est. reading time":"2 minutes"},"schema":{"@context":"https:\/\/schema.org","@graph":[{"@type":"Article","@id":"https:\/\/latamreports.com\/br\/brasil-volta-a-exigir-visto-de-turistas-dos-eua-canada-e-australia-a-partir-desta-quinta-feira\/#article","isPartOf":{"@id":"https:\/\/latamreports.com\/br\/brasil-volta-a-exigir-visto-de-turistas-dos-eua-canada-e-australia-a-partir-desta-quinta-feira\/"},"author":{"name":"LatAm Reports Redatores da Equipe","@id":"https:\/\/latamreports.com\/br\/#\/schema\/person\/a561f2de7e5ccabfab38d239b39fdb70"},"headline":"Brasil volta a exigir visto de turistas dos EUA, Canad\u00e1 e Austr\u00e1lia a partir desta quinta-feira","datePublished":"2025-04-10T21:10:40+00:00","dateModified":"2025-04-10T21:10:42+00:00","mainEntityOfPage":{"@id":"https:\/\/latamreports.com\/br\/brasil-volta-a-exigir-visto-de-turistas-dos-eua-canada-e-australia-a-partir-desta-quinta-feira\/"},"wordCount":452,"publisher":{"@id":"https:\/\/latamreports.com\/br\/#organization"},"image":{"@id":"https:\/\/latamreports.com\/br\/brasil-volta-a-exigir-visto-de-turistas-dos-eua-canada-e-australia-a-partir-desta-quinta-feira\/#primaryimage"},"thumbnailUrl":"https:\/\/latamreports.com\/br\/wp-content\/uploads\/design-2025-04-10T125736.223.png","keywords":["Brasil"],"articleSection":["Pol\u00edtica"],"inLanguage":"en-US"},{"@type":"WebPage","@id":"https:\/\/latamreports.com\/br\/brasil-volta-a-exigir-visto-de-turistas-dos-eua-canada-e-australia-a-partir-desta-quinta-feira\/","url":"https:\/\/latamreports.com\/br\/brasil-volta-a-exigir-visto-de-turistas-dos-eua-canada-e-australia-a-partir-desta-quinta-feira\/","name":"Brasil volta a exigir visto de turistas dos EUA, Canad\u00e1 e Austr\u00e1lia","isPartOf":{"@id":"https:\/\/latamreports.com\/br\/#website"},"primaryImageOfPage":{"@id":"https:\/\/latamreports.com\/br\/brasil-volta-a-exigir-visto-de-turistas-dos-eua-canada-e-australia-a-partir-desta-quinta-feira\/#primaryimage"},"image":{"@id":"https:\/\/latamreports.com\/br\/brasil-volta-a-exigir-visto-de-turistas-dos-eua-canada-e-australia-a-partir-desta-quinta-feira\/#primaryimage"},"thumbnailUrl":"https:\/\/latamreports.com\/br\/wp-content\/uploads\/design-2025-04-10T125736.223.png","datePublished":"2025-04-10T21:10:40+00:00","dateModified":"2025-04-10T21:10:42+00:00","description":"A partir desta quinta-feira, 10, turistas dos Estados Unidos, Canad\u00e1 e Austr\u00e1lia que desejam visitar o Brasil precisar\u00e3o, novamente","breadcrumb":{"@id":"https:\/\/latamreports.com\/br\/brasil-volta-a-exigir-visto-de-turistas-dos-eua-canada-e-australia-a-partir-desta-quinta-feira\/#breadcrumb"},"inLanguage":"en-US","potentialAction":[{"@type":"ReadAction","target":["https:\/\/latamreports.com\/br\/brasil-volta-a-exigir-visto-de-turistas-dos-eua-canada-e-australia-a-partir-desta-quinta-feira\/"]}]},{"@type":"ImageObject","inLanguage":"en-US","@id":"https:\/\/latamreports.com\/br\/brasil-volta-a-exigir-visto-de-turistas-dos-eua-canada-e-australia-a-partir-desta-quinta-feira\/#primaryimage","url":"https:\/\/latamreports.com\/br\/wp-content\/uploads\/design-2025-04-10T125736.223.png","contentUrl":"https:\/\/latamreports.com\/br\/wp-content\/uploads\/design-2025-04-10T125736.223.png","width":1200,"height":630,"caption":"Brasil volta a exigir visto de turistas dos EUA, Canad\u00e1 e Austr\u00e1lia a partir desta quinta-feira"},{"@type":"BreadcrumbList","@id":"https:\/\/latamreports.com\/br\/brasil-volta-a-exigir-visto-de-turistas-dos-eua-canada-e-australia-a-partir-desta-quinta-feira\/#breadcrumb","itemListElement":[{"@type":"ListItem","position":1,"name":"Home","item":"https:\/\/latamreports.com\/br\/"},{"@type":"ListItem","position":2,"name":"Brasil volta a exigir visto de turistas dos EUA, Canad\u00e1 e Austr\u00e1lia a partir desta quinta-feira"}]},{"@type":"WebSite","@id":"https:\/\/latamreports.com\/br\/#website","url":"https:\/\/latamreports.com\/br\/","name":"LatAm Reports","description":"Not\u00edcias e opini\u00f5es de todas as Am\u00e9ricas","publisher":{"@id":"https:\/\/latamreports.com\/br\/#organization"},"potentialAction":[{"@type":"SearchAction","target":{"@type":"EntryPoint","urlTemplate":"https:\/\/latamreports.com\/br\/?s={search_term_string}"},"query-input":{"@type":"PropertyValueSpecification","valueRequired":true,"valueName":"search_term_string"}}],"inLanguage":"en-US"},{"@type":"Organization","@id":"https:\/\/latamreports.com\/br\/#organization","name":"LatAm Reports","url":"https:\/\/latamreports.com\/br\/","logo":{"@type":"ImageObject","inLanguage":"en-US","@id":"https:\/\/latamreports.com\/br\/#\/schema\/logo\/image\/","url":"https:\/\/latamreports.com\/br\/wp-content\/uploads\/cropped-PNG2.png","contentUrl":"https:\/\/latamreports.com\/br\/wp-content\/uploads\/cropped-PNG2.png","width":2522,"height":1014,"caption":"LatAm Reports"},"image":{"@id":"https:\/\/latamreports.com\/br\/#\/schema\/logo\/image\/"},"sameAs":["https:\/\/facebook.com\/latamreports","https:\/\/x.com\/latamreports"]},{"@type":"Person","@id":"https:\/\/latamreports.com\/br\/#\/schema\/person\/a561f2de7e5ccabfab38d239b39fdb70","name":"LatAm Reports Redatores da Equipe","image":{"@type":"ImageObject","inLanguage":"en-US","@id":"https:\/\/secure.gravatar.com\/avatar\/dcdcc93cc5edddd2f3ef77245866172c7d7241a11ad58e1959aa824f2fae81f6?s=96&d=mm&r=g","url":"https:\/\/secure.gravatar.com\/avatar\/dcdcc93cc5edddd2f3ef77245866172c7d7241a11ad58e1959aa824f2fae81f6?s=96&d=mm&r=g","contentUrl":"https:\/\/secure.gravatar.com\/avatar\/dcdcc93cc5edddd2f3ef77245866172c7d7241a11ad58e1959aa824f2fae81f6?s=96&d=mm&r=g","caption":"LatAm Reports Redatores da Equipe"}}]}},"jetpack_publicize_connections":[],"_links":{"self":[{"href":"https:\/\/latamreports.com\/br\/wp-json\/wp\/v2\/posts\/11651","targetHints":{"allow":["GET"]}}],"collection":[{"href":"https:\/\/latamreports.com\/br\/wp-json\/wp\/v2\/posts"}],"about":[{"href":"https:\/\/latamreports.com\/br\/wp-json\/wp\/v2\/types\/post"}],"author":[{"embeddable":true,"href":"https:\/\/latamreports.com\/br\/wp-json\/wp\/v2\/users\/7"}],"replies":[{"embeddable":true,"href":"https:\/\/latamreports.com\/br\/wp-json\/wp\/v2\/comments?post=11651"}],"version-history":[{"count":2,"href":"https:\/\/latamreports.com\/br\/wp-json\/wp\/v2\/posts\/11651\/revisions"}],"predecessor-version":[{"id":11654,"href":"https:\/\/latamreports.com\/br\/wp-json\/wp\/v2\/posts\/11651\/revisions\/11654"}],"wp:featuredmedia":[{"embeddable":true,"href":"https:\/\/latamreports.com\/br\/wp-json\/wp\/v2\/media\/11652"}],"wp:attachment":[{"href":"https:\/\/latamreports.com\/br\/wp-json\/wp\/v2\/media?parent=11651"}],"wp:term":[{"taxonomy":"category","embeddable":true,"href":"https:\/\/latamreports.com\/br\/wp-json\/wp\/v2\/categories?post=11651"},{"taxonomy":"post_tag","embeddable":true,"href":"https:\/\/latamreports.com\/br\/wp-json\/wp\/v2\/tags?post=11651"}],"curies":[{"name":"wp","href":"https:\/\/api.w.org\/{rel}","templated":true}]}}