{"id":11605,"date":"2025-04-08T20:29:07","date_gmt":"2025-04-08T20:29:07","guid":{"rendered":"https:\/\/latamreports.com\/br\/?p=11605"},"modified":"2025-04-08T20:29:09","modified_gmt":"2025-04-08T20:29:09","slug":"enxame-de-abelhas-cobre-rosto-de-imagem-de-santa-rita-de-cassia","status":"publish","type":"post","link":"https:\/\/latamreports.com\/br\/enxame-de-abelhas-cobre-rosto-de-imagem-de-santa-rita-de-cassia\/","title":{"rendered":"Enxame de abelhas cobre rosto de imagem de Santa Rita de C\u00e1ssia"},"content":{"rendered":"\n<p>Um fen\u00f4meno curioso e comovente chamou a aten\u00e7\u00e3o dos fi\u00e9is em Leme, no interior de<a href=\"https:\/\/latamreports.com\/br\/dolar-dispara-a-r-593-com-nova-escalada-tarifaria-de-trump-e-medo-de-recessao-global\/\"> S\u00e3o Paulo<\/a>: um enxame de abelhas se acomodou no rosto da imagem de Santa Rita de C\u00e1ssia, posicionada a quatro metros de altura na entrada de uma par\u00f3quia da cidade. O caso, que viralizou nas redes sociais, despertou interpreta\u00e7\u00f5es religiosas e cient\u00edficas \u2014 enquanto o padre v\u00ea um sinal divino, um especialista aponta para um comportamento natural das abelhas.<\/p>\n\n\n\n<p>O v\u00eddeo, registrado por frequentadores da Par\u00f3quia Santa Rita de C\u00e1ssia, mostra dezenas de abelhas cobrindo o rosto da santa, cena que muitos relacionaram com um antigo milagre atribu\u00eddo \u00e0 padroeira, ocorrido em 1381, na It\u00e1lia. De acordo com o entomologista Osmar Malaspina, professor da Unesp em Rio Claro, o fen\u00f4meno tem uma explica\u00e7\u00e3o cient\u00edfica: trata-se de um enxame migrat\u00f3rio em descanso.<\/p>\n\n\n\n<p>Segundo o <a href=\"https:\/\/latamreports.com\/br\/cafe-brasileiro-pode-ganhar-espaco-nos-eua-com-tarifaco-de-trump-mas-setor-teme-queda-no-consumo\/\">especialista<\/a>, \u00e9 comum que abelhas deixem uma colmeia em busca de um novo local para habita\u00e7\u00e3o. Nessa fase, o grupo costuma fazer pausas para descanso. No entanto, a perman\u00eancia prolongada \u2014 mais de 48 horas no caso de Leme \u2014 pode indicar que elas se perderam da abelha rainha, tornando-se desorientadas.<\/p>\n\n\n\n<blockquote class=\"wp-block-quote is-layout-flow wp-block-quote-is-layout-flow\">\n<p>\u201cElas est\u00e3o apenas de passagem. \u00c9 um comportamento natural. Como est\u00e3o em local aberto e expostas, provavelmente n\u00e3o permanecer\u00e3o ali por muito tempo\u201d, afirmou Malaspina. <\/p>\n<\/blockquote>\n\n\n\n<h6 class=\"wp-block-heading\">Ele ainda explicou que, sem a rainha, a col\u00f4nia tende a se dispersar ou desaparecer com o tempo.<\/h6>\n\n\n\n<p>Al\u00e9m disso, as abelhas se mant\u00eam unidas gra\u00e7as a uma subst\u00e2ncia qu\u00edmica chamada ferom\u00f4nio de agrega\u00e7\u00e3o, que atua como um elo de comunica\u00e7\u00e3o entre os insetos. \u00c9 por isso que se re\u00fanem em massa em um mesmo ponto.<\/p>\n\n\n\n<p>Questionado sobre a possibilidade de algu\u00e9m ter colocado algo para atrair as abelhas, o entomologista considerou improv\u00e1vel. <\/p>\n\n\n\n<blockquote class=\"wp-block-quote is-layout-flow wp-block-quote-is-layout-flow\">\n<p>&#8220;Mesmo que houvesse alguma subst\u00e2ncia, elas n\u00e3o permaneceriam tanto tempo se n\u00e3o houvesse uma motiva\u00e7\u00e3o qu\u00edmica natural&#8221;, disse.<\/p>\n<\/blockquote>\n\n\n\n<p>Enquanto a ci\u00eancia aponta para um comportamento instintivo, o padre Eduardo Milar\u00e9 v\u00ea mais do que isso. Para ele, a escolha do local \u2014 o rosto da santa \u2014 \u00e9 simb\u00f3lica. <\/p>\n\n\n\n<blockquote class=\"wp-block-quote is-layout-flow wp-block-quote-is-layout-flow\">\n<p>&#8220;N\u00e3o posso afirmar que seja milagre, mas tamb\u00e9m n\u00e3o posso ignorar um sinal de Deus&#8221;, comentou.<\/p>\n<\/blockquote>\n\n\n\n<p>O caso remete \u00e0 hist\u00f3ria de Santa Rita ainda beb\u00ea, quando abelhas teriam depositado mel em seus l\u00e1bios sem machuc\u00e1-la. Segundo a tradi\u00e7\u00e3o cat\u00f3lica, esse epis\u00f3dio foi o primeiro sinal de que ela teria uma vida marcada por fen\u00f4menos extraordin\u00e1rios.<\/p>\n\n\n\n<p>Diante da como\u00e7\u00e3o dos fi\u00e9is, o Corpo de Bombeiros foi acionado, mas decidiu n\u00e3o interferir por enquanto, j\u00e1 que o enxame pode deixar o local naturalmente nos pr\u00f3ximos dias. <\/p>\n\n\n\n<blockquote class=\"wp-block-quote is-layout-flow wp-block-quote-is-layout-flow\">\n<p>\u201cSe forem retiradas \u00e0 for\u00e7a, as abelhas podem ser mortas. Estamos aguardando com cautela, buscando a melhor solu\u00e7\u00e3o poss\u00edvel\u201d, concluiu o padre.<\/p>\n<\/blockquote>\n","protected":false},"excerpt":{"rendered":"<p>Um fen\u00f4meno curioso e comovente chamou a aten\u00e7\u00e3o dos fi\u00e9is em Leme, no interior de S\u00e3o Paulo: um enxame de abelhas se acomodou no rosto &#8230; <a title=\"Enxame de abelhas cobre rosto de imagem de Santa Rita de C\u00e1ssia\" class=\"read-more\" href=\"https:\/\/latamreports.com\/br\/enxame-de-abelhas-cobre-rosto-de-imagem-de-santa-rita-de-cassia\/\" aria-label=\"Read more about Enxame de abelhas cobre rosto de imagem de Santa Rita de C\u00e1ssia\">Read more<\/a><\/p>\n","protected":false},"author":7,"featured_media":11606,"comment_status":"closed","ping_status":"closed","sticky":false,"template":"","format":"standard","meta":{"footnotes":"","jetpack_publicize_message":"","jetpack_publicize_feature_enabled":true,"jetpack_social_post_already_shared":true,"jetpack_social_options":{"image_generator_settings":{"template":"highway","default_image_id":0,"font":"","enabled":false},"version":2}},"categories":[5],"tags":[],"class_list":["post-11605","post","type-post","status-publish","format-standard","has-post-thumbnail","hentry","category-entretenimento","resize-featured-image"],"yoast_head":"<!-- This site is optimized with the Yoast SEO plugin v27.4 - https:\/\/yoast.com\/product\/yoast-seo-wordpress\/ -->\n<title>Enxame de abelhas cobre rosto de Santa Rita de C\u00e1ssia<\/title>\n<meta name=\"description\" content=\"(...) no interior de S\u00e3o Paulo: um enxame de abelhas se acomodou no rosto da imagem de Santa Rita de C\u00e1ssia...\" \/>\n<meta name=\"robots\" content=\"index, follow, max-snippet:-1, max-image-preview:large, max-video-preview:-1\" \/>\n<link rel=\"canonical\" href=\"https:\/\/latamreports.com\/br\/enxame-de-abelhas-cobre-rosto-de-imagem-de-santa-rita-de-cassia\/\" \/>\n<meta property=\"og:locale\" content=\"en_US\" \/>\n<meta property=\"og:type\" content=\"article\" \/>\n<meta property=\"og:title\" content=\"Enxame de abelhas cobre rosto de Santa Rita de C\u00e1ssia\" \/>\n<meta property=\"og:description\" content=\"(...) no interior de S\u00e3o Paulo: um enxame de abelhas se acomodou no rosto da imagem de Santa Rita de C\u00e1ssia...\" \/>\n<meta property=\"og:url\" content=\"https:\/\/latamreports.com\/br\/enxame-de-abelhas-cobre-rosto-de-imagem-de-santa-rita-de-cassia\/\" \/>\n<meta property=\"og:site_name\" content=\"LatAm Reports\" \/>\n<meta property=\"article:publisher\" content=\"https:\/\/facebook.com\/latamreports\" \/>\n<meta property=\"article:published_time\" content=\"2025-04-08T20:29:07+00:00\" \/>\n<meta property=\"article:modified_time\" content=\"2025-04-08T20:29:09+00:00\" \/>\n<meta property=\"og:image\" content=\"https:\/\/latamreports.com\/br\/wp-content\/uploads\/design-2025-04-08T105421.934.png\" \/>\n\t<meta property=\"og:image:width\" content=\"1200\" \/>\n\t<meta property=\"og:image:height\" content=\"630\" \/>\n\t<meta property=\"og:image:type\" content=\"image\/png\" \/>\n<meta name=\"author\" content=\"LatAm Reports Redatores da Equipe\" \/>\n<meta name=\"twitter:card\" content=\"summary_large_image\" \/>\n<meta name=\"twitter:creator\" content=\"@latamreports\" \/>\n<meta name=\"twitter:site\" content=\"@latamreports\" \/>\n<meta name=\"twitter:label1\" content=\"Written by\" \/>\n\t<meta name=\"twitter:data1\" content=\"LatAm Reports Redatores da Equipe\" \/>\n\t<meta name=\"twitter:label2\" content=\"Est. reading time\" \/>\n\t<meta name=\"twitter:data2\" content=\"2 minutes\" \/>\n<script type=\"application\/ld+json\" class=\"yoast-schema-graph\">{\"@context\":\"https:\\\/\\\/schema.org\",\"@graph\":[{\"@type\":\"Article\",\"@id\":\"https:\\\/\\\/latamreports.com\\\/br\\\/enxame-de-abelhas-cobre-rosto-de-imagem-de-santa-rita-de-cassia\\\/#article\",\"isPartOf\":{\"@id\":\"https:\\\/\\\/latamreports.com\\\/br\\\/enxame-de-abelhas-cobre-rosto-de-imagem-de-santa-rita-de-cassia\\\/\"},\"author\":{\"name\":\"LatAm Reports Redatores da Equipe\",\"@id\":\"https:\\\/\\\/latamreports.com\\\/br\\\/#\\\/schema\\\/person\\\/a561f2de7e5ccabfab38d239b39fdb70\"},\"headline\":\"Enxame de abelhas cobre rosto de imagem de Santa Rita de C\u00e1ssia\",\"datePublished\":\"2025-04-08T20:29:07+00:00\",\"dateModified\":\"2025-04-08T20:29:09+00:00\",\"mainEntityOfPage\":{\"@id\":\"https:\\\/\\\/latamreports.com\\\/br\\\/enxame-de-abelhas-cobre-rosto-de-imagem-de-santa-rita-de-cassia\\\/\"},\"wordCount\":502,\"publisher\":{\"@id\":\"https:\\\/\\\/latamreports.com\\\/br\\\/#organization\"},\"image\":{\"@id\":\"https:\\\/\\\/latamreports.com\\\/br\\\/enxame-de-abelhas-cobre-rosto-de-imagem-de-santa-rita-de-cassia\\\/#primaryimage\"},\"thumbnailUrl\":\"https:\\\/\\\/latamreports.com\\\/br\\\/wp-content\\\/uploads\\\/design-2025-04-08T105421.934.png\",\"articleSection\":[\"Entretenimento\"],\"inLanguage\":\"en-US\"},{\"@type\":\"WebPage\",\"@id\":\"https:\\\/\\\/latamreports.com\\\/br\\\/enxame-de-abelhas-cobre-rosto-de-imagem-de-santa-rita-de-cassia\\\/\",\"url\":\"https:\\\/\\\/latamreports.com\\\/br\\\/enxame-de-abelhas-cobre-rosto-de-imagem-de-santa-rita-de-cassia\\\/\",\"name\":\"Enxame de abelhas cobre rosto de Santa Rita de C\u00e1ssia\",\"isPartOf\":{\"@id\":\"https:\\\/\\\/latamreports.com\\\/br\\\/#website\"},\"primaryImageOfPage\":{\"@id\":\"https:\\\/\\\/latamreports.com\\\/br\\\/enxame-de-abelhas-cobre-rosto-de-imagem-de-santa-rita-de-cassia\\\/#primaryimage\"},\"image\":{\"@id\":\"https:\\\/\\\/latamreports.com\\\/br\\\/enxame-de-abelhas-cobre-rosto-de-imagem-de-santa-rita-de-cassia\\\/#primaryimage\"},\"thumbnailUrl\":\"https:\\\/\\\/latamreports.com\\\/br\\\/wp-content\\\/uploads\\\/design-2025-04-08T105421.934.png\",\"datePublished\":\"2025-04-08T20:29:07+00:00\",\"dateModified\":\"2025-04-08T20:29:09+00:00\",\"description\":\"(...) no interior de S\u00e3o Paulo: um enxame de abelhas se acomodou no rosto da imagem de Santa Rita de C\u00e1ssia...\",\"breadcrumb\":{\"@id\":\"https:\\\/\\\/latamreports.com\\\/br\\\/enxame-de-abelhas-cobre-rosto-de-imagem-de-santa-rita-de-cassia\\\/#breadcrumb\"},\"inLanguage\":\"en-US\",\"potentialAction\":[{\"@type\":\"ReadAction\",\"target\":[\"https:\\\/\\\/latamreports.com\\\/br\\\/enxame-de-abelhas-cobre-rosto-de-imagem-de-santa-rita-de-cassia\\\/\"]}]},{\"@type\":\"ImageObject\",\"inLanguage\":\"en-US\",\"@id\":\"https:\\\/\\\/latamreports.com\\\/br\\\/enxame-de-abelhas-cobre-rosto-de-imagem-de-santa-rita-de-cassia\\\/#primaryimage\",\"url\":\"https:\\\/\\\/latamreports.com\\\/br\\\/wp-content\\\/uploads\\\/design-2025-04-08T105421.934.png\",\"contentUrl\":\"https:\\\/\\\/latamreports.com\\\/br\\\/wp-content\\\/uploads\\\/design-2025-04-08T105421.934.png\",\"width\":1200,\"height\":630,\"caption\":\"Mist\u00e9rio comovente: enxame de abelhas cobre rosto de imagem de Santa Rita de C\u00e1ssia\"},{\"@type\":\"BreadcrumbList\",\"@id\":\"https:\\\/\\\/latamreports.com\\\/br\\\/enxame-de-abelhas-cobre-rosto-de-imagem-de-santa-rita-de-cassia\\\/#breadcrumb\",\"itemListElement\":[{\"@type\":\"ListItem\",\"position\":1,\"name\":\"Home\",\"item\":\"https:\\\/\\\/latamreports.com\\\/br\\\/\"},{\"@type\":\"ListItem\",\"position\":2,\"name\":\"Enxame de abelhas cobre rosto de imagem de Santa Rita de C\u00e1ssia\"}]},{\"@type\":\"WebSite\",\"@id\":\"https:\\\/\\\/latamreports.com\\\/br\\\/#website\",\"url\":\"https:\\\/\\\/latamreports.com\\\/br\\\/\",\"name\":\"LatAm Reports\",\"description\":\"Not\u00edcias e opini\u00f5es de todas as Am\u00e9ricas\",\"publisher\":{\"@id\":\"https:\\\/\\\/latamreports.com\\\/br\\\/#organization\"},\"potentialAction\":[{\"@type\":\"SearchAction\",\"target\":{\"@type\":\"EntryPoint\",\"urlTemplate\":\"https:\\\/\\\/latamreports.com\\\/br\\\/?s={search_term_string}\"},\"query-input\":{\"@type\":\"PropertyValueSpecification\",\"valueRequired\":true,\"valueName\":\"search_term_string\"}}],\"inLanguage\":\"en-US\"},{\"@type\":\"Organization\",\"@id\":\"https:\\\/\\\/latamreports.com\\\/br\\\/#organization\",\"name\":\"LatAm Reports\",\"url\":\"https:\\\/\\\/latamreports.com\\\/br\\\/\",\"logo\":{\"@type\":\"ImageObject\",\"inLanguage\":\"en-US\",\"@id\":\"https:\\\/\\\/latamreports.com\\\/br\\\/#\\\/schema\\\/logo\\\/image\\\/\",\"url\":\"https:\\\/\\\/latamreports.com\\\/br\\\/wp-content\\\/uploads\\\/cropped-PNG2.png\",\"contentUrl\":\"https:\\\/\\\/latamreports.com\\\/br\\\/wp-content\\\/uploads\\\/cropped-PNG2.png\",\"width\":2522,\"height\":1014,\"caption\":\"LatAm Reports\"},\"image\":{\"@id\":\"https:\\\/\\\/latamreports.com\\\/br\\\/#\\\/schema\\\/logo\\\/image\\\/\"},\"sameAs\":[\"https:\\\/\\\/facebook.com\\\/latamreports\",\"https:\\\/\\\/x.com\\\/latamreports\"]},{\"@type\":\"Person\",\"@id\":\"https:\\\/\\\/latamreports.com\\\/br\\\/#\\\/schema\\\/person\\\/a561f2de7e5ccabfab38d239b39fdb70\",\"name\":\"LatAm Reports Redatores da Equipe\",\"image\":{\"@type\":\"ImageObject\",\"inLanguage\":\"en-US\",\"@id\":\"https:\\\/\\\/secure.gravatar.com\\\/avatar\\\/dcdcc93cc5edddd2f3ef77245866172c7d7241a11ad58e1959aa824f2fae81f6?s=96&d=mm&r=g\",\"url\":\"https:\\\/\\\/secure.gravatar.com\\\/avatar\\\/dcdcc93cc5edddd2f3ef77245866172c7d7241a11ad58e1959aa824f2fae81f6?s=96&d=mm&r=g\",\"contentUrl\":\"https:\\\/\\\/secure.gravatar.com\\\/avatar\\\/dcdcc93cc5edddd2f3ef77245866172c7d7241a11ad58e1959aa824f2fae81f6?s=96&d=mm&r=g\",\"caption\":\"LatAm Reports Redatores da Equipe\"}}]}<\/script>\n<!-- \/ Yoast SEO plugin. -->","yoast_head_json":{"title":"Enxame de abelhas cobre rosto de Santa Rita de C\u00e1ssia","description":"(...) no interior de S\u00e3o Paulo: um enxame de abelhas se acomodou no rosto da imagem de Santa Rita de C\u00e1ssia...","robots":{"index":"index","follow":"follow","max-snippet":"max-snippet:-1","max-image-preview":"max-image-preview:large","max-video-preview":"max-video-preview:-1"},"canonical":"https:\/\/latamreports.com\/br\/enxame-de-abelhas-cobre-rosto-de-imagem-de-santa-rita-de-cassia\/","og_locale":"en_US","og_type":"article","og_title":"Enxame de abelhas cobre rosto de Santa Rita de C\u00e1ssia","og_description":"(...) no interior de S\u00e3o Paulo: um enxame de abelhas se acomodou no rosto da imagem de Santa Rita de C\u00e1ssia...","og_url":"https:\/\/latamreports.com\/br\/enxame-de-abelhas-cobre-rosto-de-imagem-de-santa-rita-de-cassia\/","og_site_name":"LatAm Reports","article_publisher":"https:\/\/facebook.com\/latamreports","article_published_time":"2025-04-08T20:29:07+00:00","article_modified_time":"2025-04-08T20:29:09+00:00","og_image":[{"width":1200,"height":630,"url":"https:\/\/latamreports.com\/br\/wp-content\/uploads\/design-2025-04-08T105421.934.png","type":"image\/png"}],"author":"LatAm Reports Redatores da Equipe","twitter_card":"summary_large_image","twitter_creator":"@latamreports","twitter_site":"@latamreports","twitter_misc":{"Written by":"LatAm Reports Redatores da Equipe","Est. reading time":"2 minutes"},"schema":{"@context":"https:\/\/schema.org","@graph":[{"@type":"Article","@id":"https:\/\/latamreports.com\/br\/enxame-de-abelhas-cobre-rosto-de-imagem-de-santa-rita-de-cassia\/#article","isPartOf":{"@id":"https:\/\/latamreports.com\/br\/enxame-de-abelhas-cobre-rosto-de-imagem-de-santa-rita-de-cassia\/"},"author":{"name":"LatAm Reports Redatores da Equipe","@id":"https:\/\/latamreports.com\/br\/#\/schema\/person\/a561f2de7e5ccabfab38d239b39fdb70"},"headline":"Enxame de abelhas cobre rosto de imagem de Santa Rita de C\u00e1ssia","datePublished":"2025-04-08T20:29:07+00:00","dateModified":"2025-04-08T20:29:09+00:00","mainEntityOfPage":{"@id":"https:\/\/latamreports.com\/br\/enxame-de-abelhas-cobre-rosto-de-imagem-de-santa-rita-de-cassia\/"},"wordCount":502,"publisher":{"@id":"https:\/\/latamreports.com\/br\/#organization"},"image":{"@id":"https:\/\/latamreports.com\/br\/enxame-de-abelhas-cobre-rosto-de-imagem-de-santa-rita-de-cassia\/#primaryimage"},"thumbnailUrl":"https:\/\/latamreports.com\/br\/wp-content\/uploads\/design-2025-04-08T105421.934.png","articleSection":["Entretenimento"],"inLanguage":"en-US"},{"@type":"WebPage","@id":"https:\/\/latamreports.com\/br\/enxame-de-abelhas-cobre-rosto-de-imagem-de-santa-rita-de-cassia\/","url":"https:\/\/latamreports.com\/br\/enxame-de-abelhas-cobre-rosto-de-imagem-de-santa-rita-de-cassia\/","name":"Enxame de abelhas cobre rosto de Santa Rita de C\u00e1ssia","isPartOf":{"@id":"https:\/\/latamreports.com\/br\/#website"},"primaryImageOfPage":{"@id":"https:\/\/latamreports.com\/br\/enxame-de-abelhas-cobre-rosto-de-imagem-de-santa-rita-de-cassia\/#primaryimage"},"image":{"@id":"https:\/\/latamreports.com\/br\/enxame-de-abelhas-cobre-rosto-de-imagem-de-santa-rita-de-cassia\/#primaryimage"},"thumbnailUrl":"https:\/\/latamreports.com\/br\/wp-content\/uploads\/design-2025-04-08T105421.934.png","datePublished":"2025-04-08T20:29:07+00:00","dateModified":"2025-04-08T20:29:09+00:00","description":"(...) no interior de S\u00e3o Paulo: um enxame de abelhas se acomodou no rosto da imagem de Santa Rita de C\u00e1ssia...","breadcrumb":{"@id":"https:\/\/latamreports.com\/br\/enxame-de-abelhas-cobre-rosto-de-imagem-de-santa-rita-de-cassia\/#breadcrumb"},"inLanguage":"en-US","potentialAction":[{"@type":"ReadAction","target":["https:\/\/latamreports.com\/br\/enxame-de-abelhas-cobre-rosto-de-imagem-de-santa-rita-de-cassia\/"]}]},{"@type":"ImageObject","inLanguage":"en-US","@id":"https:\/\/latamreports.com\/br\/enxame-de-abelhas-cobre-rosto-de-imagem-de-santa-rita-de-cassia\/#primaryimage","url":"https:\/\/latamreports.com\/br\/wp-content\/uploads\/design-2025-04-08T105421.934.png","contentUrl":"https:\/\/latamreports.com\/br\/wp-content\/uploads\/design-2025-04-08T105421.934.png","width":1200,"height":630,"caption":"Mist\u00e9rio comovente: enxame de abelhas cobre rosto de imagem de Santa Rita de C\u00e1ssia"},{"@type":"BreadcrumbList","@id":"https:\/\/latamreports.com\/br\/enxame-de-abelhas-cobre-rosto-de-imagem-de-santa-rita-de-cassia\/#breadcrumb","itemListElement":[{"@type":"ListItem","position":1,"name":"Home","item":"https:\/\/latamreports.com\/br\/"},{"@type":"ListItem","position":2,"name":"Enxame de abelhas cobre rosto de imagem de Santa Rita de C\u00e1ssia"}]},{"@type":"WebSite","@id":"https:\/\/latamreports.com\/br\/#website","url":"https:\/\/latamreports.com\/br\/","name":"LatAm Reports","description":"Not\u00edcias e opini\u00f5es de todas as Am\u00e9ricas","publisher":{"@id":"https:\/\/latamreports.com\/br\/#organization"},"potentialAction":[{"@type":"SearchAction","target":{"@type":"EntryPoint","urlTemplate":"https:\/\/latamreports.com\/br\/?s={search_term_string}"},"query-input":{"@type":"PropertyValueSpecification","valueRequired":true,"valueName":"search_term_string"}}],"inLanguage":"en-US"},{"@type":"Organization","@id":"https:\/\/latamreports.com\/br\/#organization","name":"LatAm Reports","url":"https:\/\/latamreports.com\/br\/","logo":{"@type":"ImageObject","inLanguage":"en-US","@id":"https:\/\/latamreports.com\/br\/#\/schema\/logo\/image\/","url":"https:\/\/latamreports.com\/br\/wp-content\/uploads\/cropped-PNG2.png","contentUrl":"https:\/\/latamreports.com\/br\/wp-content\/uploads\/cropped-PNG2.png","width":2522,"height":1014,"caption":"LatAm Reports"},"image":{"@id":"https:\/\/latamreports.com\/br\/#\/schema\/logo\/image\/"},"sameAs":["https:\/\/facebook.com\/latamreports","https:\/\/x.com\/latamreports"]},{"@type":"Person","@id":"https:\/\/latamreports.com\/br\/#\/schema\/person\/a561f2de7e5ccabfab38d239b39fdb70","name":"LatAm Reports Redatores da Equipe","image":{"@type":"ImageObject","inLanguage":"en-US","@id":"https:\/\/secure.gravatar.com\/avatar\/dcdcc93cc5edddd2f3ef77245866172c7d7241a11ad58e1959aa824f2fae81f6?s=96&d=mm&r=g","url":"https:\/\/secure.gravatar.com\/avatar\/dcdcc93cc5edddd2f3ef77245866172c7d7241a11ad58e1959aa824f2fae81f6?s=96&d=mm&r=g","contentUrl":"https:\/\/secure.gravatar.com\/avatar\/dcdcc93cc5edddd2f3ef77245866172c7d7241a11ad58e1959aa824f2fae81f6?s=96&d=mm&r=g","caption":"LatAm Reports Redatores da Equipe"}}]}},"jetpack_publicize_connections":[],"_links":{"self":[{"href":"https:\/\/latamreports.com\/br\/wp-json\/wp\/v2\/posts\/11605","targetHints":{"allow":["GET"]}}],"collection":[{"href":"https:\/\/latamreports.com\/br\/wp-json\/wp\/v2\/posts"}],"about":[{"href":"https:\/\/latamreports.com\/br\/wp-json\/wp\/v2\/types\/post"}],"author":[{"embeddable":true,"href":"https:\/\/latamreports.com\/br\/wp-json\/wp\/v2\/users\/7"}],"replies":[{"embeddable":true,"href":"https:\/\/latamreports.com\/br\/wp-json\/wp\/v2\/comments?post=11605"}],"version-history":[{"count":3,"href":"https:\/\/latamreports.com\/br\/wp-json\/wp\/v2\/posts\/11605\/revisions"}],"predecessor-version":[{"id":11609,"href":"https:\/\/latamreports.com\/br\/wp-json\/wp\/v2\/posts\/11605\/revisions\/11609"}],"wp:featuredmedia":[{"embeddable":true,"href":"https:\/\/latamreports.com\/br\/wp-json\/wp\/v2\/media\/11606"}],"wp:attachment":[{"href":"https:\/\/latamreports.com\/br\/wp-json\/wp\/v2\/media?parent=11605"}],"wp:term":[{"taxonomy":"category","embeddable":true,"href":"https:\/\/latamreports.com\/br\/wp-json\/wp\/v2\/categories?post=11605"},{"taxonomy":"post_tag","embeddable":true,"href":"https:\/\/latamreports.com\/br\/wp-json\/wp\/v2\/tags?post=11605"}],"curies":[{"name":"wp","href":"https:\/\/api.w.org\/{rel}","templated":true}]}}