{"id":11569,"date":"2025-04-04T19:47:15","date_gmt":"2025-04-04T19:47:15","guid":{"rendered":"https:\/\/latamreports.com\/br\/?p=11569"},"modified":"2025-04-04T19:47:17","modified_gmt":"2025-04-04T19:47:17","slug":"abel-desconversa-sobre-selecao-e-reforca-permanencia-no-palmeiras-leila-ja-foi-clara","status":"publish","type":"post","link":"https:\/\/latamreports.com\/br\/abel-desconversa-sobre-selecao-e-reforca-permanencia-no-palmeiras-leila-ja-foi-clara\/","title":{"rendered":"Abel desconversa sobre Sele\u00e7\u00e3o e refor\u00e7a perman\u00eancia no Palmeiras: \u201cLeila j\u00e1 foi clara\u201d"},"content":{"rendered":"\n<p>Abel Ferreira voltou a ser questionado sobre a sele\u00e7\u00e3o <a href=\"https:\/\/latamreports.com\/br\/justica-da-espanha-absolve-daniel-alves-mas-ministerio-publico-anuncia-recurso\/\">brasileira <\/a>ap\u00f3s a vit\u00f3ria do Palmeiras contra o Sporting Cristal, na estreia da Libertadores. Como de costume, o t\u00e9cnico portugu\u00eas evitou pol\u00eamicas. \u201cN\u00e3o falo em &#8216;ses&#8217;, e a Leila j\u00e1 foi clara neste tema\u201d, respondeu de forma objetiva.<\/p>\n\n\n\n<p>A declara\u00e7\u00e3o faz refer\u00eancia \u00e0 presidente do clube, Leila Pereira. Recentemente, ela negou qualquer contato da CBF sobre o treinador. Segundo Leila, o presidente da entidade, Ednaldo Rodrigues, nunca a procurou para tratar desse assunto. \u201cO Abel continua conosco, ele tem contrato at\u00e9 o final do ano e vamos em frente\u201d, afirmou, encerrando os rumores.<\/p>\n\n\n\n<p>Apesar disso, o nome de Abel voltou a circular como poss\u00edvel candidato \u00e0 Sele\u00e7\u00e3o. O jornalista Andr\u00e9 Rizek afirmou que ele est\u00e1 entre os nomes analisados pela CBF. No entanto, at\u00e9 agora, n\u00e3o h\u00e1 qualquer movimenta\u00e7\u00e3o oficial nesse sentido.<\/p>\n\n\n\n<p>Nos bastidores, o Palmeiras j\u00e1 manifestou interesse em renovar com Abel. O contrato atual vai at\u00e9 o fim de 2025. Embora ainda n\u00e3o existam conversas formais, a diretoria considera a perman\u00eancia do t\u00e9cnico essencial para os planos futuros do clube.<\/p>\n\n\n\n<p>Desde sua chegada em 2020, Abel Ferreira conquistou t\u00edtulos importantes, ganhou o respeito da <a href=\"https:\/\/latamreports.com\/br\/atacante-do-cruzeiro-gabigol-inicia-julgamento-de-recurso-por-doping-nesta-quinta\/\">torcida <\/a>e virou uma refer\u00eancia no futebol brasileiro. Al\u00e9m disso, \u00e9 conhecido por sua postura firme, foco no trabalho e por evitar interfer\u00eancias externas.<\/p>\n\n\n\n<p>Mesmo com o interesse da Sele\u00e7\u00e3o rondando os notici\u00e1rios, Abel mant\u00e9m seu discurso de compromisso com o Palmeiras. Ele refor\u00e7a, sempre que pode, que est\u00e1 focado nas competi\u00e7\u00f5es atuais e que especula\u00e7\u00f5es n\u00e3o o tiram do caminho.<\/p>\n","protected":false},"excerpt":{"rendered":"<p>Abel Ferreira voltou a ser questionado sobre a sele\u00e7\u00e3o brasileira ap\u00f3s a vit\u00f3ria do Palmeiras contra o Sporting Cristal, na estreia da Libertadores. Como de &#8230; <a title=\"Abel desconversa sobre Sele\u00e7\u00e3o e refor\u00e7a perman\u00eancia no Palmeiras: \u201cLeila j\u00e1 foi clara\u201d\" class=\"read-more\" href=\"https:\/\/latamreports.com\/br\/abel-desconversa-sobre-selecao-e-reforca-permanencia-no-palmeiras-leila-ja-foi-clara\/\" aria-label=\"Read more about Abel desconversa sobre Sele\u00e7\u00e3o e refor\u00e7a perman\u00eancia no Palmeiras: \u201cLeila j\u00e1 foi clara\u201d\">Read more<\/a><\/p>\n","protected":false},"author":7,"featured_media":11570,"comment_status":"closed","ping_status":"closed","sticky":false,"template":"","format":"standard","meta":{"footnotes":"","jetpack_publicize_message":"","jetpack_publicize_feature_enabled":true,"jetpack_social_post_already_shared":true,"jetpack_social_options":{"image_generator_settings":{"template":"highway","default_image_id":0,"font":"","enabled":false},"version":2}},"categories":[14],"tags":[31],"class_list":["post-11569","post","type-post","status-publish","format-standard","has-post-thumbnail","hentry","category-esportes","tag-brasil","resize-featured-image"],"yoast_head":"<!-- This site is optimized with the Yoast SEO plugin v27.5 - https:\/\/yoast.com\/product\/yoast-seo-wordpress\/ -->\n<title>Abel desconversa sobre Sele\u00e7\u00e3o<\/title>\n<meta name=\"description\" content=\"Abel Ferreira voltou a ser questionado sobre a sele\u00e7\u00e3o brasileira ap\u00f3s a vit\u00f3ria do Palmeiras contra o Sporting Cristal, na estreia da...\" \/>\n<meta name=\"robots\" content=\"index, follow, max-snippet:-1, max-image-preview:large, max-video-preview:-1\" \/>\n<link rel=\"canonical\" href=\"https:\/\/latamreports.com\/br\/abel-desconversa-sobre-selecao-e-reforca-permanencia-no-palmeiras-leila-ja-foi-clara\/\" \/>\n<meta property=\"og:locale\" content=\"en_US\" \/>\n<meta property=\"og:type\" content=\"article\" \/>\n<meta property=\"og:title\" content=\"Abel desconversa sobre Sele\u00e7\u00e3o\" \/>\n<meta property=\"og:description\" content=\"Abel Ferreira voltou a ser questionado sobre a sele\u00e7\u00e3o brasileira ap\u00f3s a vit\u00f3ria do Palmeiras contra o Sporting Cristal, na estreia da...\" \/>\n<meta property=\"og:url\" content=\"https:\/\/latamreports.com\/br\/abel-desconversa-sobre-selecao-e-reforca-permanencia-no-palmeiras-leila-ja-foi-clara\/\" \/>\n<meta property=\"og:site_name\" content=\"LatAm Reports\" \/>\n<meta property=\"article:publisher\" content=\"https:\/\/facebook.com\/latamreports\" \/>\n<meta property=\"article:published_time\" content=\"2025-04-04T19:47:15+00:00\" \/>\n<meta property=\"article:modified_time\" content=\"2025-04-04T19:47:17+00:00\" \/>\n<meta property=\"og:image\" content=\"https:\/\/latamreports.com\/br\/wp-content\/uploads\/design-2025-04-04T132841.587.png\" \/>\n\t<meta property=\"og:image:width\" content=\"1200\" \/>\n\t<meta property=\"og:image:height\" content=\"630\" \/>\n\t<meta property=\"og:image:type\" content=\"image\/png\" \/>\n<meta name=\"author\" content=\"LatAm Reports Redatores da Equipe\" \/>\n<meta name=\"twitter:card\" content=\"summary_large_image\" \/>\n<meta name=\"twitter:creator\" content=\"@latamreports\" \/>\n<meta name=\"twitter:site\" content=\"@latamreports\" \/>\n<meta name=\"twitter:label1\" content=\"Written by\" \/>\n\t<meta name=\"twitter:data1\" content=\"LatAm Reports Redatores da Equipe\" \/>\n\t<meta name=\"twitter:label2\" content=\"Est. reading time\" \/>\n\t<meta name=\"twitter:data2\" content=\"2 minutes\" \/>\n<script type=\"application\/ld+json\" class=\"yoast-schema-graph\">{\"@context\":\"https:\\\/\\\/schema.org\",\"@graph\":[{\"@type\":\"Article\",\"@id\":\"https:\\\/\\\/latamreports.com\\\/br\\\/abel-desconversa-sobre-selecao-e-reforca-permanencia-no-palmeiras-leila-ja-foi-clara\\\/#article\",\"isPartOf\":{\"@id\":\"https:\\\/\\\/latamreports.com\\\/br\\\/abel-desconversa-sobre-selecao-e-reforca-permanencia-no-palmeiras-leila-ja-foi-clara\\\/\"},\"author\":{\"name\":\"LatAm Reports Redatores da Equipe\",\"@id\":\"https:\\\/\\\/latamreports.com\\\/br\\\/#\\\/schema\\\/person\\\/a561f2de7e5ccabfab38d239b39fdb70\"},\"headline\":\"Abel desconversa sobre Sele\u00e7\u00e3o e refor\u00e7a perman\u00eancia no Palmeiras: \u201cLeila j\u00e1 foi clara\u201d\",\"datePublished\":\"2025-04-04T19:47:15+00:00\",\"dateModified\":\"2025-04-04T19:47:17+00:00\",\"mainEntityOfPage\":{\"@id\":\"https:\\\/\\\/latamreports.com\\\/br\\\/abel-desconversa-sobre-selecao-e-reforca-permanencia-no-palmeiras-leila-ja-foi-clara\\\/\"},\"wordCount\":294,\"publisher\":{\"@id\":\"https:\\\/\\\/latamreports.com\\\/br\\\/#organization\"},\"image\":{\"@id\":\"https:\\\/\\\/latamreports.com\\\/br\\\/abel-desconversa-sobre-selecao-e-reforca-permanencia-no-palmeiras-leila-ja-foi-clara\\\/#primaryimage\"},\"thumbnailUrl\":\"https:\\\/\\\/latamreports.com\\\/br\\\/wp-content\\\/uploads\\\/design-2025-04-04T132841.587.png\",\"keywords\":[\"Brasil\"],\"articleSection\":[\"Esportes\"],\"inLanguage\":\"en-US\"},{\"@type\":\"WebPage\",\"@id\":\"https:\\\/\\\/latamreports.com\\\/br\\\/abel-desconversa-sobre-selecao-e-reforca-permanencia-no-palmeiras-leila-ja-foi-clara\\\/\",\"url\":\"https:\\\/\\\/latamreports.com\\\/br\\\/abel-desconversa-sobre-selecao-e-reforca-permanencia-no-palmeiras-leila-ja-foi-clara\\\/\",\"name\":\"Abel desconversa sobre Sele\u00e7\u00e3o\",\"isPartOf\":{\"@id\":\"https:\\\/\\\/latamreports.com\\\/br\\\/#website\"},\"primaryImageOfPage\":{\"@id\":\"https:\\\/\\\/latamreports.com\\\/br\\\/abel-desconversa-sobre-selecao-e-reforca-permanencia-no-palmeiras-leila-ja-foi-clara\\\/#primaryimage\"},\"image\":{\"@id\":\"https:\\\/\\\/latamreports.com\\\/br\\\/abel-desconversa-sobre-selecao-e-reforca-permanencia-no-palmeiras-leila-ja-foi-clara\\\/#primaryimage\"},\"thumbnailUrl\":\"https:\\\/\\\/latamreports.com\\\/br\\\/wp-content\\\/uploads\\\/design-2025-04-04T132841.587.png\",\"datePublished\":\"2025-04-04T19:47:15+00:00\",\"dateModified\":\"2025-04-04T19:47:17+00:00\",\"description\":\"Abel Ferreira voltou a ser questionado sobre a sele\u00e7\u00e3o brasileira ap\u00f3s a vit\u00f3ria do Palmeiras contra o Sporting Cristal, na estreia da...\",\"breadcrumb\":{\"@id\":\"https:\\\/\\\/latamreports.com\\\/br\\\/abel-desconversa-sobre-selecao-e-reforca-permanencia-no-palmeiras-leila-ja-foi-clara\\\/#breadcrumb\"},\"inLanguage\":\"en-US\",\"potentialAction\":[{\"@type\":\"ReadAction\",\"target\":[\"https:\\\/\\\/latamreports.com\\\/br\\\/abel-desconversa-sobre-selecao-e-reforca-permanencia-no-palmeiras-leila-ja-foi-clara\\\/\"]}]},{\"@type\":\"ImageObject\",\"inLanguage\":\"en-US\",\"@id\":\"https:\\\/\\\/latamreports.com\\\/br\\\/abel-desconversa-sobre-selecao-e-reforca-permanencia-no-palmeiras-leila-ja-foi-clara\\\/#primaryimage\",\"url\":\"https:\\\/\\\/latamreports.com\\\/br\\\/wp-content\\\/uploads\\\/design-2025-04-04T132841.587.png\",\"contentUrl\":\"https:\\\/\\\/latamreports.com\\\/br\\\/wp-content\\\/uploads\\\/design-2025-04-04T132841.587.png\",\"width\":1200,\"height\":630,\"caption\":\"Abel desconversa sobre Sele\u00e7\u00e3o e refor\u00e7a perman\u00eancia no Palmeiras: \u201cLeila j\u00e1 foi clara\u201d\"},{\"@type\":\"BreadcrumbList\",\"@id\":\"https:\\\/\\\/latamreports.com\\\/br\\\/abel-desconversa-sobre-selecao-e-reforca-permanencia-no-palmeiras-leila-ja-foi-clara\\\/#breadcrumb\",\"itemListElement\":[{\"@type\":\"ListItem\",\"position\":1,\"name\":\"Home\",\"item\":\"https:\\\/\\\/latamreports.com\\\/br\\\/\"},{\"@type\":\"ListItem\",\"position\":2,\"name\":\"Abel desconversa sobre Sele\u00e7\u00e3o e refor\u00e7a perman\u00eancia no Palmeiras: \u201cLeila j\u00e1 foi clara\u201d\"}]},{\"@type\":\"WebSite\",\"@id\":\"https:\\\/\\\/latamreports.com\\\/br\\\/#website\",\"url\":\"https:\\\/\\\/latamreports.com\\\/br\\\/\",\"name\":\"LatAm Reports\",\"description\":\"Not\u00edcias e opini\u00f5es de todas as Am\u00e9ricas\",\"publisher\":{\"@id\":\"https:\\\/\\\/latamreports.com\\\/br\\\/#organization\"},\"potentialAction\":[{\"@type\":\"SearchAction\",\"target\":{\"@type\":\"EntryPoint\",\"urlTemplate\":\"https:\\\/\\\/latamreports.com\\\/br\\\/?s={search_term_string}\"},\"query-input\":{\"@type\":\"PropertyValueSpecification\",\"valueRequired\":true,\"valueName\":\"search_term_string\"}}],\"inLanguage\":\"en-US\"},{\"@type\":\"Organization\",\"@id\":\"https:\\\/\\\/latamreports.com\\\/br\\\/#organization\",\"name\":\"LatAm Reports\",\"url\":\"https:\\\/\\\/latamreports.com\\\/br\\\/\",\"logo\":{\"@type\":\"ImageObject\",\"inLanguage\":\"en-US\",\"@id\":\"https:\\\/\\\/latamreports.com\\\/br\\\/#\\\/schema\\\/logo\\\/image\\\/\",\"url\":\"https:\\\/\\\/latamreports.com\\\/br\\\/wp-content\\\/uploads\\\/cropped-PNG2.png\",\"contentUrl\":\"https:\\\/\\\/latamreports.com\\\/br\\\/wp-content\\\/uploads\\\/cropped-PNG2.png\",\"width\":2522,\"height\":1014,\"caption\":\"LatAm Reports\"},\"image\":{\"@id\":\"https:\\\/\\\/latamreports.com\\\/br\\\/#\\\/schema\\\/logo\\\/image\\\/\"},\"sameAs\":[\"https:\\\/\\\/facebook.com\\\/latamreports\",\"https:\\\/\\\/x.com\\\/latamreports\"]},{\"@type\":\"Person\",\"@id\":\"https:\\\/\\\/latamreports.com\\\/br\\\/#\\\/schema\\\/person\\\/a561f2de7e5ccabfab38d239b39fdb70\",\"name\":\"LatAm Reports Redatores da Equipe\",\"image\":{\"@type\":\"ImageObject\",\"inLanguage\":\"en-US\",\"@id\":\"https:\\\/\\\/secure.gravatar.com\\\/avatar\\\/dcdcc93cc5edddd2f3ef77245866172c7d7241a11ad58e1959aa824f2fae81f6?s=96&d=mm&r=g\",\"url\":\"https:\\\/\\\/secure.gravatar.com\\\/avatar\\\/dcdcc93cc5edddd2f3ef77245866172c7d7241a11ad58e1959aa824f2fae81f6?s=96&d=mm&r=g\",\"contentUrl\":\"https:\\\/\\\/secure.gravatar.com\\\/avatar\\\/dcdcc93cc5edddd2f3ef77245866172c7d7241a11ad58e1959aa824f2fae81f6?s=96&d=mm&r=g\",\"caption\":\"LatAm Reports Redatores da Equipe\"}}]}<\/script>\n<!-- \/ Yoast SEO plugin. -->","yoast_head_json":{"title":"Abel desconversa sobre Sele\u00e7\u00e3o","description":"Abel Ferreira voltou a ser questionado sobre a sele\u00e7\u00e3o brasileira ap\u00f3s a vit\u00f3ria do Palmeiras contra o Sporting Cristal, na estreia da...","robots":{"index":"index","follow":"follow","max-snippet":"max-snippet:-1","max-image-preview":"max-image-preview:large","max-video-preview":"max-video-preview:-1"},"canonical":"https:\/\/latamreports.com\/br\/abel-desconversa-sobre-selecao-e-reforca-permanencia-no-palmeiras-leila-ja-foi-clara\/","og_locale":"en_US","og_type":"article","og_title":"Abel desconversa sobre Sele\u00e7\u00e3o","og_description":"Abel Ferreira voltou a ser questionado sobre a sele\u00e7\u00e3o brasileira ap\u00f3s a vit\u00f3ria do Palmeiras contra o Sporting Cristal, na estreia da...","og_url":"https:\/\/latamreports.com\/br\/abel-desconversa-sobre-selecao-e-reforca-permanencia-no-palmeiras-leila-ja-foi-clara\/","og_site_name":"LatAm Reports","article_publisher":"https:\/\/facebook.com\/latamreports","article_published_time":"2025-04-04T19:47:15+00:00","article_modified_time":"2025-04-04T19:47:17+00:00","og_image":[{"width":1200,"height":630,"url":"https:\/\/latamreports.com\/br\/wp-content\/uploads\/design-2025-04-04T132841.587.png","type":"image\/png"}],"author":"LatAm Reports Redatores da Equipe","twitter_card":"summary_large_image","twitter_creator":"@latamreports","twitter_site":"@latamreports","twitter_misc":{"Written by":"LatAm Reports Redatores da Equipe","Est. reading time":"2 minutes"},"schema":{"@context":"https:\/\/schema.org","@graph":[{"@type":"Article","@id":"https:\/\/latamreports.com\/br\/abel-desconversa-sobre-selecao-e-reforca-permanencia-no-palmeiras-leila-ja-foi-clara\/#article","isPartOf":{"@id":"https:\/\/latamreports.com\/br\/abel-desconversa-sobre-selecao-e-reforca-permanencia-no-palmeiras-leila-ja-foi-clara\/"},"author":{"name":"LatAm Reports Redatores da Equipe","@id":"https:\/\/latamreports.com\/br\/#\/schema\/person\/a561f2de7e5ccabfab38d239b39fdb70"},"headline":"Abel desconversa sobre Sele\u00e7\u00e3o e refor\u00e7a perman\u00eancia no Palmeiras: \u201cLeila j\u00e1 foi clara\u201d","datePublished":"2025-04-04T19:47:15+00:00","dateModified":"2025-04-04T19:47:17+00:00","mainEntityOfPage":{"@id":"https:\/\/latamreports.com\/br\/abel-desconversa-sobre-selecao-e-reforca-permanencia-no-palmeiras-leila-ja-foi-clara\/"},"wordCount":294,"publisher":{"@id":"https:\/\/latamreports.com\/br\/#organization"},"image":{"@id":"https:\/\/latamreports.com\/br\/abel-desconversa-sobre-selecao-e-reforca-permanencia-no-palmeiras-leila-ja-foi-clara\/#primaryimage"},"thumbnailUrl":"https:\/\/latamreports.com\/br\/wp-content\/uploads\/design-2025-04-04T132841.587.png","keywords":["Brasil"],"articleSection":["Esportes"],"inLanguage":"en-US"},{"@type":"WebPage","@id":"https:\/\/latamreports.com\/br\/abel-desconversa-sobre-selecao-e-reforca-permanencia-no-palmeiras-leila-ja-foi-clara\/","url":"https:\/\/latamreports.com\/br\/abel-desconversa-sobre-selecao-e-reforca-permanencia-no-palmeiras-leila-ja-foi-clara\/","name":"Abel desconversa sobre Sele\u00e7\u00e3o","isPartOf":{"@id":"https:\/\/latamreports.com\/br\/#website"},"primaryImageOfPage":{"@id":"https:\/\/latamreports.com\/br\/abel-desconversa-sobre-selecao-e-reforca-permanencia-no-palmeiras-leila-ja-foi-clara\/#primaryimage"},"image":{"@id":"https:\/\/latamreports.com\/br\/abel-desconversa-sobre-selecao-e-reforca-permanencia-no-palmeiras-leila-ja-foi-clara\/#primaryimage"},"thumbnailUrl":"https:\/\/latamreports.com\/br\/wp-content\/uploads\/design-2025-04-04T132841.587.png","datePublished":"2025-04-04T19:47:15+00:00","dateModified":"2025-04-04T19:47:17+00:00","description":"Abel Ferreira voltou a ser questionado sobre a sele\u00e7\u00e3o brasileira ap\u00f3s a vit\u00f3ria do Palmeiras contra o Sporting Cristal, na estreia da...","breadcrumb":{"@id":"https:\/\/latamreports.com\/br\/abel-desconversa-sobre-selecao-e-reforca-permanencia-no-palmeiras-leila-ja-foi-clara\/#breadcrumb"},"inLanguage":"en-US","potentialAction":[{"@type":"ReadAction","target":["https:\/\/latamreports.com\/br\/abel-desconversa-sobre-selecao-e-reforca-permanencia-no-palmeiras-leila-ja-foi-clara\/"]}]},{"@type":"ImageObject","inLanguage":"en-US","@id":"https:\/\/latamreports.com\/br\/abel-desconversa-sobre-selecao-e-reforca-permanencia-no-palmeiras-leila-ja-foi-clara\/#primaryimage","url":"https:\/\/latamreports.com\/br\/wp-content\/uploads\/design-2025-04-04T132841.587.png","contentUrl":"https:\/\/latamreports.com\/br\/wp-content\/uploads\/design-2025-04-04T132841.587.png","width":1200,"height":630,"caption":"Abel desconversa sobre Sele\u00e7\u00e3o e refor\u00e7a perman\u00eancia no Palmeiras: \u201cLeila j\u00e1 foi clara\u201d"},{"@type":"BreadcrumbList","@id":"https:\/\/latamreports.com\/br\/abel-desconversa-sobre-selecao-e-reforca-permanencia-no-palmeiras-leila-ja-foi-clara\/#breadcrumb","itemListElement":[{"@type":"ListItem","position":1,"name":"Home","item":"https:\/\/latamreports.com\/br\/"},{"@type":"ListItem","position":2,"name":"Abel desconversa sobre Sele\u00e7\u00e3o e refor\u00e7a perman\u00eancia no Palmeiras: \u201cLeila j\u00e1 foi clara\u201d"}]},{"@type":"WebSite","@id":"https:\/\/latamreports.com\/br\/#website","url":"https:\/\/latamreports.com\/br\/","name":"LatAm Reports","description":"Not\u00edcias e opini\u00f5es de todas as Am\u00e9ricas","publisher":{"@id":"https:\/\/latamreports.com\/br\/#organization"},"potentialAction":[{"@type":"SearchAction","target":{"@type":"EntryPoint","urlTemplate":"https:\/\/latamreports.com\/br\/?s={search_term_string}"},"query-input":{"@type":"PropertyValueSpecification","valueRequired":true,"valueName":"search_term_string"}}],"inLanguage":"en-US"},{"@type":"Organization","@id":"https:\/\/latamreports.com\/br\/#organization","name":"LatAm Reports","url":"https:\/\/latamreports.com\/br\/","logo":{"@type":"ImageObject","inLanguage":"en-US","@id":"https:\/\/latamreports.com\/br\/#\/schema\/logo\/image\/","url":"https:\/\/latamreports.com\/br\/wp-content\/uploads\/cropped-PNG2.png","contentUrl":"https:\/\/latamreports.com\/br\/wp-content\/uploads\/cropped-PNG2.png","width":2522,"height":1014,"caption":"LatAm Reports"},"image":{"@id":"https:\/\/latamreports.com\/br\/#\/schema\/logo\/image\/"},"sameAs":["https:\/\/facebook.com\/latamreports","https:\/\/x.com\/latamreports"]},{"@type":"Person","@id":"https:\/\/latamreports.com\/br\/#\/schema\/person\/a561f2de7e5ccabfab38d239b39fdb70","name":"LatAm Reports Redatores da Equipe","image":{"@type":"ImageObject","inLanguage":"en-US","@id":"https:\/\/secure.gravatar.com\/avatar\/dcdcc93cc5edddd2f3ef77245866172c7d7241a11ad58e1959aa824f2fae81f6?s=96&d=mm&r=g","url":"https:\/\/secure.gravatar.com\/avatar\/dcdcc93cc5edddd2f3ef77245866172c7d7241a11ad58e1959aa824f2fae81f6?s=96&d=mm&r=g","contentUrl":"https:\/\/secure.gravatar.com\/avatar\/dcdcc93cc5edddd2f3ef77245866172c7d7241a11ad58e1959aa824f2fae81f6?s=96&d=mm&r=g","caption":"LatAm Reports Redatores da Equipe"}}]}},"jetpack_publicize_connections":[],"_links":{"self":[{"href":"https:\/\/latamreports.com\/br\/wp-json\/wp\/v2\/posts\/11569","targetHints":{"allow":["GET"]}}],"collection":[{"href":"https:\/\/latamreports.com\/br\/wp-json\/wp\/v2\/posts"}],"about":[{"href":"https:\/\/latamreports.com\/br\/wp-json\/wp\/v2\/types\/post"}],"author":[{"embeddable":true,"href":"https:\/\/latamreports.com\/br\/wp-json\/wp\/v2\/users\/7"}],"replies":[{"embeddable":true,"href":"https:\/\/latamreports.com\/br\/wp-json\/wp\/v2\/comments?post=11569"}],"version-history":[{"count":2,"href":"https:\/\/latamreports.com\/br\/wp-json\/wp\/v2\/posts\/11569\/revisions"}],"predecessor-version":[{"id":11581,"href":"https:\/\/latamreports.com\/br\/wp-json\/wp\/v2\/posts\/11569\/revisions\/11581"}],"wp:featuredmedia":[{"embeddable":true,"href":"https:\/\/latamreports.com\/br\/wp-json\/wp\/v2\/media\/11570"}],"wp:attachment":[{"href":"https:\/\/latamreports.com\/br\/wp-json\/wp\/v2\/media?parent=11569"}],"wp:term":[{"taxonomy":"category","embeddable":true,"href":"https:\/\/latamreports.com\/br\/wp-json\/wp\/v2\/categories?post=11569"},{"taxonomy":"post_tag","embeddable":true,"href":"https:\/\/latamreports.com\/br\/wp-json\/wp\/v2\/tags?post=11569"}],"curies":[{"name":"wp","href":"https:\/\/api.w.org\/{rel}","templated":true}]}}