{"id":11545,"date":"2025-04-03T21:28:56","date_gmt":"2025-04-03T21:28:56","guid":{"rendered":"https:\/\/latamreports.com\/br\/?p=11545"},"modified":"2025-04-03T21:28:58","modified_gmt":"2025-04-03T21:28:58","slug":"mortes-de-jovens-pela-pm-disparam-120-no-governo-tarcisio-revela-relatorio","status":"publish","type":"post","link":"https:\/\/latamreports.com\/br\/mortes-de-jovens-pela-pm-disparam-120-no-governo-tarcisio-revela-relatorio\/","title":{"rendered":"Mortes de jovens pela PM disparam 120% no governo Tarc\u00edsio, revela relat\u00f3rio"},"content":{"rendered":"\n<p>O n\u00famero de crian\u00e7as e adolescentes mortos por policiais militares em S\u00e3o Paulo mais que dobrou desde o in\u00edcio do governo Tarc\u00edsio de Freitas (Republicanos). De 2022 a 2024, houve um salto de 120% nas mortes por interven\u00e7\u00e3o policial entre jovens de 10 a 19 anos. Em muitos desses casos, os agentes n\u00e3o utilizavam c\u00e2meras corporais.<\/p>\n\n\n\n<p>Em 2024, 77 jovens dessa faixa et\u00e1ria morreram em a\u00e7\u00f5es da <a href=\"https:\/\/latamreports.com\/br\/pichadora-da-estatua-da-justica-no-8-de-janeiro-pede-perdao-e-diz-que-nao-sabia-do-valor-simbolico\/\">PM<\/a>. Dois casos chamaram aten\u00e7\u00e3o no mesmo dia, na comunidade Morro do S\u00e3o Bento, em Santos. Gregory Ribeiro, de 17 anos, levou sete tiros, quatro pelas costas. J\u00e1 Ryan da Silva, de apenas 4 anos, foi baleado no abd\u00f4men enquanto brincava. Ambos os policiais envolvidos n\u00e3o estavam com c\u00e2meras.<\/p>\n\n\n\n<p>O levantamento \u00e9 da segunda edi\u00e7\u00e3o do relat\u00f3rio do Unicef com o F\u00f3rum Brasileiro de Seguran\u00e7a P\u00fablica. O estudo aponta que a alta coincidiu com a queda na ado\u00e7\u00e3o de mecanismos de controle da for\u00e7a e com o enfraquecimento da pol\u00edtica de c\u00e2meras.<\/p>\n\n\n\n<p>Entre jovens, essas mortes j\u00e1 representam 34% de todos os \u00f3bitos violentos registrados. A maioria das v\u00edtimas \u00e9 negra (67%). Nos adultos, o aumento das mortes causadas por policiais foi ainda maior: 157% no mesmo per\u00edodo. Entre os pr\u00f3prios PMs, a alta de mortes em servi\u00e7o foi de 133%.<\/p>\n\n\n\n<h6 class=\"wp-block-heading\">O cen\u00e1rio destoa do que se viu entre 2019 e 2022. Naquele per\u00edodo, com a implanta\u00e7\u00e3o gradual das c\u00e2meras corporais, as mortes de adolescentes em a\u00e7\u00f5es policiais ca\u00edram 66%. Tamb\u00e9m houve queda de 57% nas mortes de agentes em servi\u00e7o. A introdu\u00e7\u00e3o das c\u00e2meras era vista como fator decisivo para reduzir a letalidade e proteger os pr\u00f3prios policiais.<\/h6>\n\n\n\n<p>Durante sua campanha, Tarc\u00edsio criticou o uso dos equipamentos. Em 2023, ap\u00f3s casos de abuso gravados por c\u00e2meras, ele reconheceu ter se equivocado. Apesar disso, mudan\u00e7as na corregedoria da PM e nos crit\u00e9rios para afastamento de policiais foram implementadas em 2024. Agora, casos de desrespeito aos direitos humanos precisam passar pelo subcomandante-geral da corpora\u00e7\u00e3o. Isso reduziu a autonomia da Corregedoria.<\/p>\n\n\n\n<p>Al\u00e9m disso, houve queda expressiva nas puni\u00e7\u00f5es internas. Entre 2022 e 2024, os autos de pris\u00e3o em flagrante ca\u00edram 48%. Os conselhos de disciplina, respons\u00e1veis por apurar condutas graves, ca\u00edram 46%.<\/p>\n\n\n\n<p>A Secretaria da Seguran\u00e7a P\u00fablica, por sua vez, afirma que n\u00e3o compactua com desvios de conduta. Segundo nota oficial, 550 policiais foram presos e outros 364 demitidos ou expulsos desde 2023. A pasta tamb\u00e9m afirma ter ampliado o n\u00famero de c\u00e2meras em 18,5%.<\/p>\n\n\n\n<p>No entanto, h\u00e1 uma mudan\u00e7a <a href=\"https:\/\/latamreports.com\/br\/projeto-de-anistia-defendido-por-bolsonaro-enfrenta-resistencia-no-congresso-e-segue-travado\/\">pol\u00eamica <\/a>em curso. O governo deve trocar os modelos atuais, que gravam ininterruptamente, por c\u00e2meras acionadas manualmente pelos agentes ou por operadores remotos. Especialistas alertam que isso pode enfraquecer a principal ferramenta de controle externo.<\/p>\n\n\n\n<p>Segundo Samira Bueno, do F\u00f3rum Brasileiro de Seguran\u00e7a P\u00fablica, mesmo com o sistema atual, muitos agentes n\u00e3o ativaram as c\u00e2meras em opera\u00e7\u00f5es cr\u00edticas. Para ela, retirar a grava\u00e7\u00e3o cont\u00ednua tende a agravar ainda mais esse problema.<\/p>\n\n\n\n<p>Acompanhe o LatAm Reports para mais an\u00e1lises exclusivas sobre seguran\u00e7a p\u00fablica, direitos e pol\u00edticas no Brasil.<\/p>\n","protected":false},"excerpt":{"rendered":"<p>O n\u00famero de crian\u00e7as e adolescentes mortos por policiais militares em S\u00e3o Paulo mais que dobrou desde o in\u00edcio do governo Tarc\u00edsio de Freitas (Republicanos). &#8230; <a title=\"Mortes de jovens pela PM disparam 120% no governo Tarc\u00edsio, revela relat\u00f3rio\" class=\"read-more\" href=\"https:\/\/latamreports.com\/br\/mortes-de-jovens-pela-pm-disparam-120-no-governo-tarcisio-revela-relatorio\/\" aria-label=\"Read more about Mortes de jovens pela PM disparam 120% no governo Tarc\u00edsio, revela relat\u00f3rio\">Read more<\/a><\/p>\n","protected":false},"author":7,"featured_media":11546,"comment_status":"closed","ping_status":"closed","sticky":false,"template":"","format":"standard","meta":{"footnotes":"","jetpack_publicize_message":"","jetpack_publicize_feature_enabled":true,"jetpack_social_post_already_shared":true,"jetpack_social_options":{"image_generator_settings":{"template":"highway","default_image_id":0,"font":"","enabled":false},"version":2}},"categories":[13],"tags":[31],"class_list":["post-11545","post","type-post","status-publish","format-standard","has-post-thumbnail","hentry","category-politica","tag-brasil","resize-featured-image"],"yoast_head":"<!-- This site is optimized with the Yoast SEO plugin v27.4 - https:\/\/yoast.com\/product\/yoast-seo-wordpress\/ -->\n<title>Mortes de jovens pela PM disparam 120% no governo Tarc\u00edsio<\/title>\n<meta name=\"description\" content=\"O n\u00famero de crian\u00e7as e adolescentes mortos por policiais militares em S\u00e3o Paulo mais que dobrou desde o in\u00edcio do governo Tarc\u00edsio...\" \/>\n<meta name=\"robots\" content=\"index, follow, max-snippet:-1, max-image-preview:large, max-video-preview:-1\" \/>\n<link rel=\"canonical\" href=\"https:\/\/latamreports.com\/br\/mortes-de-jovens-pela-pm-disparam-120-no-governo-tarcisio-revela-relatorio\/\" \/>\n<meta property=\"og:locale\" content=\"en_US\" \/>\n<meta property=\"og:type\" content=\"article\" \/>\n<meta property=\"og:title\" content=\"Mortes de jovens pela PM disparam 120% no governo Tarc\u00edsio\" \/>\n<meta property=\"og:description\" content=\"O n\u00famero de crian\u00e7as e adolescentes mortos por policiais militares em S\u00e3o Paulo mais que dobrou desde o in\u00edcio do governo Tarc\u00edsio...\" \/>\n<meta property=\"og:url\" content=\"https:\/\/latamreports.com\/br\/mortes-de-jovens-pela-pm-disparam-120-no-governo-tarcisio-revela-relatorio\/\" \/>\n<meta property=\"og:site_name\" content=\"LatAm Reports\" \/>\n<meta property=\"article:publisher\" content=\"https:\/\/facebook.com\/latamreports\" \/>\n<meta property=\"article:published_time\" content=\"2025-04-03T21:28:56+00:00\" \/>\n<meta property=\"article:modified_time\" content=\"2025-04-03T21:28:58+00:00\" \/>\n<meta property=\"og:image\" content=\"https:\/\/latamreports.com\/br\/wp-content\/uploads\/design-2025-04-03T161954.448.png\" \/>\n\t<meta property=\"og:image:width\" content=\"1200\" \/>\n\t<meta property=\"og:image:height\" content=\"630\" \/>\n\t<meta property=\"og:image:type\" content=\"image\/png\" \/>\n<meta name=\"author\" content=\"LatAm Reports Redatores da Equipe\" \/>\n<meta name=\"twitter:card\" content=\"summary_large_image\" \/>\n<meta name=\"twitter:creator\" content=\"@latamreports\" \/>\n<meta name=\"twitter:site\" content=\"@latamreports\" \/>\n<meta name=\"twitter:label1\" content=\"Written by\" \/>\n\t<meta name=\"twitter:data1\" content=\"LatAm Reports Redatores da Equipe\" \/>\n\t<meta name=\"twitter:label2\" content=\"Est. reading time\" \/>\n\t<meta name=\"twitter:data2\" content=\"3 minutes\" \/>\n<script type=\"application\/ld+json\" class=\"yoast-schema-graph\">{\"@context\":\"https:\\\/\\\/schema.org\",\"@graph\":[{\"@type\":\"Article\",\"@id\":\"https:\\\/\\\/latamreports.com\\\/br\\\/mortes-de-jovens-pela-pm-disparam-120-no-governo-tarcisio-revela-relatorio\\\/#article\",\"isPartOf\":{\"@id\":\"https:\\\/\\\/latamreports.com\\\/br\\\/mortes-de-jovens-pela-pm-disparam-120-no-governo-tarcisio-revela-relatorio\\\/\"},\"author\":{\"name\":\"LatAm Reports Redatores da Equipe\",\"@id\":\"https:\\\/\\\/latamreports.com\\\/br\\\/#\\\/schema\\\/person\\\/a561f2de7e5ccabfab38d239b39fdb70\"},\"headline\":\"Mortes de jovens pela PM disparam 120% no governo Tarc\u00edsio, revela relat\u00f3rio\",\"datePublished\":\"2025-04-03T21:28:56+00:00\",\"dateModified\":\"2025-04-03T21:28:58+00:00\",\"mainEntityOfPage\":{\"@id\":\"https:\\\/\\\/latamreports.com\\\/br\\\/mortes-de-jovens-pela-pm-disparam-120-no-governo-tarcisio-revela-relatorio\\\/\"},\"wordCount\":549,\"publisher\":{\"@id\":\"https:\\\/\\\/latamreports.com\\\/br\\\/#organization\"},\"image\":{\"@id\":\"https:\\\/\\\/latamreports.com\\\/br\\\/mortes-de-jovens-pela-pm-disparam-120-no-governo-tarcisio-revela-relatorio\\\/#primaryimage\"},\"thumbnailUrl\":\"https:\\\/\\\/latamreports.com\\\/br\\\/wp-content\\\/uploads\\\/design-2025-04-03T161954.448.png\",\"keywords\":[\"Brasil\"],\"articleSection\":[\"Pol\u00edtica\"],\"inLanguage\":\"en-US\"},{\"@type\":\"WebPage\",\"@id\":\"https:\\\/\\\/latamreports.com\\\/br\\\/mortes-de-jovens-pela-pm-disparam-120-no-governo-tarcisio-revela-relatorio\\\/\",\"url\":\"https:\\\/\\\/latamreports.com\\\/br\\\/mortes-de-jovens-pela-pm-disparam-120-no-governo-tarcisio-revela-relatorio\\\/\",\"name\":\"Mortes de jovens pela PM disparam 120% no governo Tarc\u00edsio\",\"isPartOf\":{\"@id\":\"https:\\\/\\\/latamreports.com\\\/br\\\/#website\"},\"primaryImageOfPage\":{\"@id\":\"https:\\\/\\\/latamreports.com\\\/br\\\/mortes-de-jovens-pela-pm-disparam-120-no-governo-tarcisio-revela-relatorio\\\/#primaryimage\"},\"image\":{\"@id\":\"https:\\\/\\\/latamreports.com\\\/br\\\/mortes-de-jovens-pela-pm-disparam-120-no-governo-tarcisio-revela-relatorio\\\/#primaryimage\"},\"thumbnailUrl\":\"https:\\\/\\\/latamreports.com\\\/br\\\/wp-content\\\/uploads\\\/design-2025-04-03T161954.448.png\",\"datePublished\":\"2025-04-03T21:28:56+00:00\",\"dateModified\":\"2025-04-03T21:28:58+00:00\",\"description\":\"O n\u00famero de crian\u00e7as e adolescentes mortos por policiais militares em S\u00e3o Paulo mais que dobrou desde o in\u00edcio do governo Tarc\u00edsio...\",\"breadcrumb\":{\"@id\":\"https:\\\/\\\/latamreports.com\\\/br\\\/mortes-de-jovens-pela-pm-disparam-120-no-governo-tarcisio-revela-relatorio\\\/#breadcrumb\"},\"inLanguage\":\"en-US\",\"potentialAction\":[{\"@type\":\"ReadAction\",\"target\":[\"https:\\\/\\\/latamreports.com\\\/br\\\/mortes-de-jovens-pela-pm-disparam-120-no-governo-tarcisio-revela-relatorio\\\/\"]}]},{\"@type\":\"ImageObject\",\"inLanguage\":\"en-US\",\"@id\":\"https:\\\/\\\/latamreports.com\\\/br\\\/mortes-de-jovens-pela-pm-disparam-120-no-governo-tarcisio-revela-relatorio\\\/#primaryimage\",\"url\":\"https:\\\/\\\/latamreports.com\\\/br\\\/wp-content\\\/uploads\\\/design-2025-04-03T161954.448.png\",\"contentUrl\":\"https:\\\/\\\/latamreports.com\\\/br\\\/wp-content\\\/uploads\\\/design-2025-04-03T161954.448.png\",\"width\":1200,\"height\":630,\"caption\":\"Mortes de jovens pela PM disparam 120% no governo Tarc\u00edsio, revela relat\u00f3rio\"},{\"@type\":\"BreadcrumbList\",\"@id\":\"https:\\\/\\\/latamreports.com\\\/br\\\/mortes-de-jovens-pela-pm-disparam-120-no-governo-tarcisio-revela-relatorio\\\/#breadcrumb\",\"itemListElement\":[{\"@type\":\"ListItem\",\"position\":1,\"name\":\"Home\",\"item\":\"https:\\\/\\\/latamreports.com\\\/br\\\/\"},{\"@type\":\"ListItem\",\"position\":2,\"name\":\"Mortes de jovens pela PM disparam 120% no governo Tarc\u00edsio, revela relat\u00f3rio\"}]},{\"@type\":\"WebSite\",\"@id\":\"https:\\\/\\\/latamreports.com\\\/br\\\/#website\",\"url\":\"https:\\\/\\\/latamreports.com\\\/br\\\/\",\"name\":\"LatAm Reports\",\"description\":\"Not\u00edcias e opini\u00f5es de todas as Am\u00e9ricas\",\"publisher\":{\"@id\":\"https:\\\/\\\/latamreports.com\\\/br\\\/#organization\"},\"potentialAction\":[{\"@type\":\"SearchAction\",\"target\":{\"@type\":\"EntryPoint\",\"urlTemplate\":\"https:\\\/\\\/latamreports.com\\\/br\\\/?s={search_term_string}\"},\"query-input\":{\"@type\":\"PropertyValueSpecification\",\"valueRequired\":true,\"valueName\":\"search_term_string\"}}],\"inLanguage\":\"en-US\"},{\"@type\":\"Organization\",\"@id\":\"https:\\\/\\\/latamreports.com\\\/br\\\/#organization\",\"name\":\"LatAm Reports\",\"url\":\"https:\\\/\\\/latamreports.com\\\/br\\\/\",\"logo\":{\"@type\":\"ImageObject\",\"inLanguage\":\"en-US\",\"@id\":\"https:\\\/\\\/latamreports.com\\\/br\\\/#\\\/schema\\\/logo\\\/image\\\/\",\"url\":\"https:\\\/\\\/latamreports.com\\\/br\\\/wp-content\\\/uploads\\\/cropped-PNG2.png\",\"contentUrl\":\"https:\\\/\\\/latamreports.com\\\/br\\\/wp-content\\\/uploads\\\/cropped-PNG2.png\",\"width\":2522,\"height\":1014,\"caption\":\"LatAm Reports\"},\"image\":{\"@id\":\"https:\\\/\\\/latamreports.com\\\/br\\\/#\\\/schema\\\/logo\\\/image\\\/\"},\"sameAs\":[\"https:\\\/\\\/facebook.com\\\/latamreports\",\"https:\\\/\\\/x.com\\\/latamreports\"]},{\"@type\":\"Person\",\"@id\":\"https:\\\/\\\/latamreports.com\\\/br\\\/#\\\/schema\\\/person\\\/a561f2de7e5ccabfab38d239b39fdb70\",\"name\":\"LatAm Reports Redatores da Equipe\",\"image\":{\"@type\":\"ImageObject\",\"inLanguage\":\"en-US\",\"@id\":\"https:\\\/\\\/secure.gravatar.com\\\/avatar\\\/dcdcc93cc5edddd2f3ef77245866172c7d7241a11ad58e1959aa824f2fae81f6?s=96&d=mm&r=g\",\"url\":\"https:\\\/\\\/secure.gravatar.com\\\/avatar\\\/dcdcc93cc5edddd2f3ef77245866172c7d7241a11ad58e1959aa824f2fae81f6?s=96&d=mm&r=g\",\"contentUrl\":\"https:\\\/\\\/secure.gravatar.com\\\/avatar\\\/dcdcc93cc5edddd2f3ef77245866172c7d7241a11ad58e1959aa824f2fae81f6?s=96&d=mm&r=g\",\"caption\":\"LatAm Reports Redatores da Equipe\"}}]}<\/script>\n<!-- \/ Yoast SEO plugin. -->","yoast_head_json":{"title":"Mortes de jovens pela PM disparam 120% no governo Tarc\u00edsio","description":"O n\u00famero de crian\u00e7as e adolescentes mortos por policiais militares em S\u00e3o Paulo mais que dobrou desde o in\u00edcio do governo Tarc\u00edsio...","robots":{"index":"index","follow":"follow","max-snippet":"max-snippet:-1","max-image-preview":"max-image-preview:large","max-video-preview":"max-video-preview:-1"},"canonical":"https:\/\/latamreports.com\/br\/mortes-de-jovens-pela-pm-disparam-120-no-governo-tarcisio-revela-relatorio\/","og_locale":"en_US","og_type":"article","og_title":"Mortes de jovens pela PM disparam 120% no governo Tarc\u00edsio","og_description":"O n\u00famero de crian\u00e7as e adolescentes mortos por policiais militares em S\u00e3o Paulo mais que dobrou desde o in\u00edcio do governo Tarc\u00edsio...","og_url":"https:\/\/latamreports.com\/br\/mortes-de-jovens-pela-pm-disparam-120-no-governo-tarcisio-revela-relatorio\/","og_site_name":"LatAm Reports","article_publisher":"https:\/\/facebook.com\/latamreports","article_published_time":"2025-04-03T21:28:56+00:00","article_modified_time":"2025-04-03T21:28:58+00:00","og_image":[{"width":1200,"height":630,"url":"https:\/\/latamreports.com\/br\/wp-content\/uploads\/design-2025-04-03T161954.448.png","type":"image\/png"}],"author":"LatAm Reports Redatores da Equipe","twitter_card":"summary_large_image","twitter_creator":"@latamreports","twitter_site":"@latamreports","twitter_misc":{"Written by":"LatAm Reports Redatores da Equipe","Est. reading time":"3 minutes"},"schema":{"@context":"https:\/\/schema.org","@graph":[{"@type":"Article","@id":"https:\/\/latamreports.com\/br\/mortes-de-jovens-pela-pm-disparam-120-no-governo-tarcisio-revela-relatorio\/#article","isPartOf":{"@id":"https:\/\/latamreports.com\/br\/mortes-de-jovens-pela-pm-disparam-120-no-governo-tarcisio-revela-relatorio\/"},"author":{"name":"LatAm Reports Redatores da Equipe","@id":"https:\/\/latamreports.com\/br\/#\/schema\/person\/a561f2de7e5ccabfab38d239b39fdb70"},"headline":"Mortes de jovens pela PM disparam 120% no governo Tarc\u00edsio, revela relat\u00f3rio","datePublished":"2025-04-03T21:28:56+00:00","dateModified":"2025-04-03T21:28:58+00:00","mainEntityOfPage":{"@id":"https:\/\/latamreports.com\/br\/mortes-de-jovens-pela-pm-disparam-120-no-governo-tarcisio-revela-relatorio\/"},"wordCount":549,"publisher":{"@id":"https:\/\/latamreports.com\/br\/#organization"},"image":{"@id":"https:\/\/latamreports.com\/br\/mortes-de-jovens-pela-pm-disparam-120-no-governo-tarcisio-revela-relatorio\/#primaryimage"},"thumbnailUrl":"https:\/\/latamreports.com\/br\/wp-content\/uploads\/design-2025-04-03T161954.448.png","keywords":["Brasil"],"articleSection":["Pol\u00edtica"],"inLanguage":"en-US"},{"@type":"WebPage","@id":"https:\/\/latamreports.com\/br\/mortes-de-jovens-pela-pm-disparam-120-no-governo-tarcisio-revela-relatorio\/","url":"https:\/\/latamreports.com\/br\/mortes-de-jovens-pela-pm-disparam-120-no-governo-tarcisio-revela-relatorio\/","name":"Mortes de jovens pela PM disparam 120% no governo Tarc\u00edsio","isPartOf":{"@id":"https:\/\/latamreports.com\/br\/#website"},"primaryImageOfPage":{"@id":"https:\/\/latamreports.com\/br\/mortes-de-jovens-pela-pm-disparam-120-no-governo-tarcisio-revela-relatorio\/#primaryimage"},"image":{"@id":"https:\/\/latamreports.com\/br\/mortes-de-jovens-pela-pm-disparam-120-no-governo-tarcisio-revela-relatorio\/#primaryimage"},"thumbnailUrl":"https:\/\/latamreports.com\/br\/wp-content\/uploads\/design-2025-04-03T161954.448.png","datePublished":"2025-04-03T21:28:56+00:00","dateModified":"2025-04-03T21:28:58+00:00","description":"O n\u00famero de crian\u00e7as e adolescentes mortos por policiais militares em S\u00e3o Paulo mais que dobrou desde o in\u00edcio do governo Tarc\u00edsio...","breadcrumb":{"@id":"https:\/\/latamreports.com\/br\/mortes-de-jovens-pela-pm-disparam-120-no-governo-tarcisio-revela-relatorio\/#breadcrumb"},"inLanguage":"en-US","potentialAction":[{"@type":"ReadAction","target":["https:\/\/latamreports.com\/br\/mortes-de-jovens-pela-pm-disparam-120-no-governo-tarcisio-revela-relatorio\/"]}]},{"@type":"ImageObject","inLanguage":"en-US","@id":"https:\/\/latamreports.com\/br\/mortes-de-jovens-pela-pm-disparam-120-no-governo-tarcisio-revela-relatorio\/#primaryimage","url":"https:\/\/latamreports.com\/br\/wp-content\/uploads\/design-2025-04-03T161954.448.png","contentUrl":"https:\/\/latamreports.com\/br\/wp-content\/uploads\/design-2025-04-03T161954.448.png","width":1200,"height":630,"caption":"Mortes de jovens pela PM disparam 120% no governo Tarc\u00edsio, revela relat\u00f3rio"},{"@type":"BreadcrumbList","@id":"https:\/\/latamreports.com\/br\/mortes-de-jovens-pela-pm-disparam-120-no-governo-tarcisio-revela-relatorio\/#breadcrumb","itemListElement":[{"@type":"ListItem","position":1,"name":"Home","item":"https:\/\/latamreports.com\/br\/"},{"@type":"ListItem","position":2,"name":"Mortes de jovens pela PM disparam 120% no governo Tarc\u00edsio, revela relat\u00f3rio"}]},{"@type":"WebSite","@id":"https:\/\/latamreports.com\/br\/#website","url":"https:\/\/latamreports.com\/br\/","name":"LatAm Reports","description":"Not\u00edcias e opini\u00f5es de todas as Am\u00e9ricas","publisher":{"@id":"https:\/\/latamreports.com\/br\/#organization"},"potentialAction":[{"@type":"SearchAction","target":{"@type":"EntryPoint","urlTemplate":"https:\/\/latamreports.com\/br\/?s={search_term_string}"},"query-input":{"@type":"PropertyValueSpecification","valueRequired":true,"valueName":"search_term_string"}}],"inLanguage":"en-US"},{"@type":"Organization","@id":"https:\/\/latamreports.com\/br\/#organization","name":"LatAm Reports","url":"https:\/\/latamreports.com\/br\/","logo":{"@type":"ImageObject","inLanguage":"en-US","@id":"https:\/\/latamreports.com\/br\/#\/schema\/logo\/image\/","url":"https:\/\/latamreports.com\/br\/wp-content\/uploads\/cropped-PNG2.png","contentUrl":"https:\/\/latamreports.com\/br\/wp-content\/uploads\/cropped-PNG2.png","width":2522,"height":1014,"caption":"LatAm Reports"},"image":{"@id":"https:\/\/latamreports.com\/br\/#\/schema\/logo\/image\/"},"sameAs":["https:\/\/facebook.com\/latamreports","https:\/\/x.com\/latamreports"]},{"@type":"Person","@id":"https:\/\/latamreports.com\/br\/#\/schema\/person\/a561f2de7e5ccabfab38d239b39fdb70","name":"LatAm Reports Redatores da Equipe","image":{"@type":"ImageObject","inLanguage":"en-US","@id":"https:\/\/secure.gravatar.com\/avatar\/dcdcc93cc5edddd2f3ef77245866172c7d7241a11ad58e1959aa824f2fae81f6?s=96&d=mm&r=g","url":"https:\/\/secure.gravatar.com\/avatar\/dcdcc93cc5edddd2f3ef77245866172c7d7241a11ad58e1959aa824f2fae81f6?s=96&d=mm&r=g","contentUrl":"https:\/\/secure.gravatar.com\/avatar\/dcdcc93cc5edddd2f3ef77245866172c7d7241a11ad58e1959aa824f2fae81f6?s=96&d=mm&r=g","caption":"LatAm Reports Redatores da Equipe"}}]}},"jetpack_publicize_connections":[],"_links":{"self":[{"href":"https:\/\/latamreports.com\/br\/wp-json\/wp\/v2\/posts\/11545","targetHints":{"allow":["GET"]}}],"collection":[{"href":"https:\/\/latamreports.com\/br\/wp-json\/wp\/v2\/posts"}],"about":[{"href":"https:\/\/latamreports.com\/br\/wp-json\/wp\/v2\/types\/post"}],"author":[{"embeddable":true,"href":"https:\/\/latamreports.com\/br\/wp-json\/wp\/v2\/users\/7"}],"replies":[{"embeddable":true,"href":"https:\/\/latamreports.com\/br\/wp-json\/wp\/v2\/comments?post=11545"}],"version-history":[{"count":1,"href":"https:\/\/latamreports.com\/br\/wp-json\/wp\/v2\/posts\/11545\/revisions"}],"predecessor-version":[{"id":11547,"href":"https:\/\/latamreports.com\/br\/wp-json\/wp\/v2\/posts\/11545\/revisions\/11547"}],"wp:featuredmedia":[{"embeddable":true,"href":"https:\/\/latamreports.com\/br\/wp-json\/wp\/v2\/media\/11546"}],"wp:attachment":[{"href":"https:\/\/latamreports.com\/br\/wp-json\/wp\/v2\/media?parent=11545"}],"wp:term":[{"taxonomy":"category","embeddable":true,"href":"https:\/\/latamreports.com\/br\/wp-json\/wp\/v2\/categories?post=11545"},{"taxonomy":"post_tag","embeddable":true,"href":"https:\/\/latamreports.com\/br\/wp-json\/wp\/v2\/tags?post=11545"}],"curies":[{"name":"wp","href":"https:\/\/api.w.org\/{rel}","templated":true}]}}