{"id":11472,"date":"2025-03-31T19:28:55","date_gmt":"2025-03-31T19:28:55","guid":{"rendered":"https:\/\/latamreports.com\/br\/?p=11472"},"modified":"2025-03-31T19:28:57","modified_gmt":"2025-03-31T19:28:57","slug":"abril-tem-feriados-nacionais-e-datas-comemorativas-importantes-veja-o-que-esperar-do-mes","status":"publish","type":"post","link":"https:\/\/latamreports.com\/br\/abril-tem-feriados-nacionais-e-datas-comemorativas-importantes-veja-o-que-esperar-do-mes\/","title":{"rendered":"Abril tem feriados nacionais e datas comemorativas importantes; veja o que esperar do m\u00eas"},"content":{"rendered":"\n<p>Abril chega com uma combina\u00e7\u00e3o de feriados nacionais e datas <a href=\"https:\/\/latamreports.com\/br\/chimpanze-yoko-deixa-a-solidao-na-colombia-e-recomeca-a-vida-no-brasil\/\">comemorativas <\/a>que movimentam o calend\u00e1rio brasileiro. O m\u00eas reserva o primeiro \u201cferiad\u00e3o\u201d prolongado de 2025, com a possibilidade de descanso entre a Sexta-feira Santa e o Dia de Tiradentes. Al\u00e9m disso, diversas datas simb\u00f3licas marcam o per\u00edodo, incluindo o Dia do Amigo, da Conscientiza\u00e7\u00e3o do Autismo, e o anivers\u00e1rio de Bras\u00edlia.<\/p>\n\n\n\n<p>O feriado da Paix\u00e3o de Cristo ser\u00e1 no dia 18 de abril, uma sexta-feira. Na sequ\u00eancia, o domingo (20) marca a celebra\u00e7\u00e3o da P\u00e1scoa, encerrando a Semana Santa. J\u00e1 o dia 21, segunda-feira, ser\u00e1 feriado nacional em homenagem a Tiradentes, figura hist\u00f3rica da Inconfid\u00eancia Mineira.<\/p>\n\n\n\n<p>Com isso, muitos brasileiros poder\u00e3o emendar quatro dias de folga: de sexta a segunda. Em cidades como o Rio de Janeiro, o calend\u00e1rio se estende ainda mais. No dia 23, quarta-feira, celebra-se o Dia de S\u00e3o Jorge, feriado local.<\/p>\n\n\n\n<h4 class=\"wp-block-heading\">Al\u00e9m dos feriados, abril \u00e9 repleto de datas simb\u00f3licas. Entre elas est\u00e3o:<\/h4>\n\n\n\n<p>\u2013 2 de abril: Dia Mundial da Conscientiza\u00e7\u00e3o do Autismo<br>\u2013 7 de abril: Dia do Jornalista e Dia Mundial da Sa\u00fade<br>\u2013 14 a 20 de abril: Semana Santa<br>\u2013 21 de abril: Anivers\u00e1rio de Bras\u00edlia<br>\u2013 22 de abril: Descobrimento do Brasil<br>\u2013 28 de abril: Dia Mundial da Educa\u00e7\u00e3o<\/p>\n\n\n\n<p>Essas datas s\u00e3o celebradas em diferentes esferas \u2014 algumas no <a href=\"https:\/\/latamreports.com\/br\/spinning-sobre-os-ceus-aulas-em-helipontos-ganham-popularidade-em-sao-paulo\/\">ambiente <\/a>escolar, outras no campo religioso, c\u00edvico ou ambiental. Muitas delas ganham destaque nas redes sociais, campanhas de conscientiza\u00e7\u00e3o e eventos p\u00fablicos.<\/p>\n\n\n\n<p>Vale lembrar que, al\u00e9m dos feriados nacionais, estados e munic\u00edpios podem decretar datas pr\u00f3prias. Tamb\u00e9m existem os pontos facultativos, como o Corpus Christi, marcado para 19 de junho. Nesses casos, a folga depende da decis\u00e3o de empresas e \u00f3rg\u00e3os p\u00fablicos.<\/p>\n\n\n\n<p>Confira os pr\u00f3ximos feriados de 2025:<\/p>\n\n\n\n<p> \u2013 1\u00ba de maio (quinta): Dia do Trabalhador<br>\u2013 20 de novembro (quinta): Consci\u00eancia Negra<br>\u2013 25 de dezembro (quinta): Natal<\/p>\n\n\n\n<p>Planejar com anteced\u00eancia \u00e9 a melhor forma de aproveitar os feriados, organizar viagens ou descansar em fam\u00edlia. E, claro, estar atento \u00e0s datas comemorativas pode trazer boas oportunidades para reflex\u00f5es, celebra\u00e7\u00f5es e at\u00e9 a\u00e7\u00f5es sociais.<\/p>\n\n\n\n<p>Acompanhe o LatAm Reports para mais atualiza\u00e7\u00f5es sobre feriados, cultura e calend\u00e1rio oficial no Brasil.<\/p>\n","protected":false},"excerpt":{"rendered":"<p>Abril chega com uma combina\u00e7\u00e3o de feriados nacionais e datas comemorativas que movimentam o calend\u00e1rio brasileiro. O m\u00eas reserva o primeiro \u201cferiad\u00e3o\u201d prolongado de 2025, &#8230; <a title=\"Abril tem feriados nacionais e datas comemorativas importantes; veja o que esperar do m\u00eas\" class=\"read-more\" href=\"https:\/\/latamreports.com\/br\/abril-tem-feriados-nacionais-e-datas-comemorativas-importantes-veja-o-que-esperar-do-mes\/\" aria-label=\"Read more about Abril tem feriados nacionais e datas comemorativas importantes; veja o que esperar do m\u00eas\">Read more<\/a><\/p>\n","protected":false},"author":7,"featured_media":11473,"comment_status":"closed","ping_status":"closed","sticky":false,"template":"","format":"standard","meta":{"footnotes":"","jetpack_publicize_message":"","jetpack_publicize_feature_enabled":true,"jetpack_social_post_already_shared":true,"jetpack_social_options":{"image_generator_settings":{"template":"highway","default_image_id":0,"font":"","enabled":false},"version":2}},"categories":[5],"tags":[31],"class_list":["post-11472","post","type-post","status-publish","format-standard","has-post-thumbnail","hentry","category-entretenimento","tag-brasil","resize-featured-image"],"yoast_head":"<!-- This site is optimized with the Yoast SEO plugin v27.4 - https:\/\/yoast.com\/product\/yoast-seo-wordpress\/ -->\n<title>Abril tem feriados nacionais e datas comemorativas importantes<\/title>\n<meta name=\"description\" content=\"Abril chega com uma combina\u00e7\u00e3o de feriados nacionais e datas comemorativas que movimentam o calend\u00e1rio brasileiro. O m\u00eas reserva o primeiro..\" \/>\n<meta name=\"robots\" content=\"index, follow, max-snippet:-1, max-image-preview:large, max-video-preview:-1\" \/>\n<link rel=\"canonical\" href=\"https:\/\/latamreports.com\/br\/abril-tem-feriados-nacionais-e-datas-comemorativas-importantes-veja-o-que-esperar-do-mes\/\" \/>\n<meta property=\"og:locale\" content=\"en_US\" \/>\n<meta property=\"og:type\" content=\"article\" \/>\n<meta property=\"og:title\" content=\"Abril tem feriados nacionais e datas comemorativas importantes\" \/>\n<meta property=\"og:description\" content=\"Abril chega com uma combina\u00e7\u00e3o de feriados nacionais e datas comemorativas que movimentam o calend\u00e1rio brasileiro. O m\u00eas reserva o primeiro..\" \/>\n<meta property=\"og:url\" content=\"https:\/\/latamreports.com\/br\/abril-tem-feriados-nacionais-e-datas-comemorativas-importantes-veja-o-que-esperar-do-mes\/\" \/>\n<meta property=\"og:site_name\" content=\"LatAm Reports\" \/>\n<meta property=\"article:publisher\" content=\"https:\/\/facebook.com\/latamreports\" \/>\n<meta property=\"article:published_time\" content=\"2025-03-31T19:28:55+00:00\" \/>\n<meta property=\"article:modified_time\" content=\"2025-03-31T19:28:57+00:00\" \/>\n<meta property=\"og:image\" content=\"https:\/\/latamreports.com\/br\/wp-content\/uploads\/design-2025-03-31T151438.880.png\" \/>\n\t<meta property=\"og:image:width\" content=\"1200\" \/>\n\t<meta property=\"og:image:height\" content=\"630\" \/>\n\t<meta property=\"og:image:type\" content=\"image\/png\" \/>\n<meta name=\"author\" content=\"LatAm Reports Redatores da Equipe\" \/>\n<meta name=\"twitter:card\" content=\"summary_large_image\" \/>\n<meta name=\"twitter:creator\" content=\"@latamreports\" \/>\n<meta name=\"twitter:site\" content=\"@latamreports\" \/>\n<meta name=\"twitter:label1\" content=\"Written by\" \/>\n\t<meta name=\"twitter:data1\" content=\"LatAm Reports Redatores da Equipe\" \/>\n\t<meta name=\"twitter:label2\" content=\"Est. reading time\" \/>\n\t<meta name=\"twitter:data2\" content=\"2 minutes\" \/>\n<script type=\"application\/ld+json\" class=\"yoast-schema-graph\">{\"@context\":\"https:\\\/\\\/schema.org\",\"@graph\":[{\"@type\":\"Article\",\"@id\":\"https:\\\/\\\/latamreports.com\\\/br\\\/abril-tem-feriados-nacionais-e-datas-comemorativas-importantes-veja-o-que-esperar-do-mes\\\/#article\",\"isPartOf\":{\"@id\":\"https:\\\/\\\/latamreports.com\\\/br\\\/abril-tem-feriados-nacionais-e-datas-comemorativas-importantes-veja-o-que-esperar-do-mes\\\/\"},\"author\":{\"name\":\"LatAm Reports Redatores da Equipe\",\"@id\":\"https:\\\/\\\/latamreports.com\\\/br\\\/#\\\/schema\\\/person\\\/a561f2de7e5ccabfab38d239b39fdb70\"},\"headline\":\"Abril tem feriados nacionais e datas comemorativas importantes; veja o que esperar do m\u00eas\",\"datePublished\":\"2025-03-31T19:28:55+00:00\",\"dateModified\":\"2025-03-31T19:28:57+00:00\",\"mainEntityOfPage\":{\"@id\":\"https:\\\/\\\/latamreports.com\\\/br\\\/abril-tem-feriados-nacionais-e-datas-comemorativas-importantes-veja-o-que-esperar-do-mes\\\/\"},\"wordCount\":391,\"publisher\":{\"@id\":\"https:\\\/\\\/latamreports.com\\\/br\\\/#organization\"},\"image\":{\"@id\":\"https:\\\/\\\/latamreports.com\\\/br\\\/abril-tem-feriados-nacionais-e-datas-comemorativas-importantes-veja-o-que-esperar-do-mes\\\/#primaryimage\"},\"thumbnailUrl\":\"https:\\\/\\\/latamreports.com\\\/br\\\/wp-content\\\/uploads\\\/design-2025-03-31T151438.880.png\",\"keywords\":[\"Brasil\"],\"articleSection\":[\"Entretenimento\"],\"inLanguage\":\"en-US\"},{\"@type\":\"WebPage\",\"@id\":\"https:\\\/\\\/latamreports.com\\\/br\\\/abril-tem-feriados-nacionais-e-datas-comemorativas-importantes-veja-o-que-esperar-do-mes\\\/\",\"url\":\"https:\\\/\\\/latamreports.com\\\/br\\\/abril-tem-feriados-nacionais-e-datas-comemorativas-importantes-veja-o-que-esperar-do-mes\\\/\",\"name\":\"Abril tem feriados nacionais e datas comemorativas importantes\",\"isPartOf\":{\"@id\":\"https:\\\/\\\/latamreports.com\\\/br\\\/#website\"},\"primaryImageOfPage\":{\"@id\":\"https:\\\/\\\/latamreports.com\\\/br\\\/abril-tem-feriados-nacionais-e-datas-comemorativas-importantes-veja-o-que-esperar-do-mes\\\/#primaryimage\"},\"image\":{\"@id\":\"https:\\\/\\\/latamreports.com\\\/br\\\/abril-tem-feriados-nacionais-e-datas-comemorativas-importantes-veja-o-que-esperar-do-mes\\\/#primaryimage\"},\"thumbnailUrl\":\"https:\\\/\\\/latamreports.com\\\/br\\\/wp-content\\\/uploads\\\/design-2025-03-31T151438.880.png\",\"datePublished\":\"2025-03-31T19:28:55+00:00\",\"dateModified\":\"2025-03-31T19:28:57+00:00\",\"description\":\"Abril chega com uma combina\u00e7\u00e3o de feriados nacionais e datas comemorativas que movimentam o calend\u00e1rio brasileiro. O m\u00eas reserva o primeiro..\",\"breadcrumb\":{\"@id\":\"https:\\\/\\\/latamreports.com\\\/br\\\/abril-tem-feriados-nacionais-e-datas-comemorativas-importantes-veja-o-que-esperar-do-mes\\\/#breadcrumb\"},\"inLanguage\":\"en-US\",\"potentialAction\":[{\"@type\":\"ReadAction\",\"target\":[\"https:\\\/\\\/latamreports.com\\\/br\\\/abril-tem-feriados-nacionais-e-datas-comemorativas-importantes-veja-o-que-esperar-do-mes\\\/\"]}]},{\"@type\":\"ImageObject\",\"inLanguage\":\"en-US\",\"@id\":\"https:\\\/\\\/latamreports.com\\\/br\\\/abril-tem-feriados-nacionais-e-datas-comemorativas-importantes-veja-o-que-esperar-do-mes\\\/#primaryimage\",\"url\":\"https:\\\/\\\/latamreports.com\\\/br\\\/wp-content\\\/uploads\\\/design-2025-03-31T151438.880.png\",\"contentUrl\":\"https:\\\/\\\/latamreports.com\\\/br\\\/wp-content\\\/uploads\\\/design-2025-03-31T151438.880.png\",\"width\":1200,\"height\":630,\"caption\":\"Abril tem feriados nacionais e datas comemorativas importantes; veja o que esperar do m\u00eas\"},{\"@type\":\"BreadcrumbList\",\"@id\":\"https:\\\/\\\/latamreports.com\\\/br\\\/abril-tem-feriados-nacionais-e-datas-comemorativas-importantes-veja-o-que-esperar-do-mes\\\/#breadcrumb\",\"itemListElement\":[{\"@type\":\"ListItem\",\"position\":1,\"name\":\"Home\",\"item\":\"https:\\\/\\\/latamreports.com\\\/br\\\/\"},{\"@type\":\"ListItem\",\"position\":2,\"name\":\"Abril tem feriados nacionais e datas comemorativas importantes; veja o que esperar do m\u00eas\"}]},{\"@type\":\"WebSite\",\"@id\":\"https:\\\/\\\/latamreports.com\\\/br\\\/#website\",\"url\":\"https:\\\/\\\/latamreports.com\\\/br\\\/\",\"name\":\"LatAm Reports\",\"description\":\"Not\u00edcias e opini\u00f5es de todas as Am\u00e9ricas\",\"publisher\":{\"@id\":\"https:\\\/\\\/latamreports.com\\\/br\\\/#organization\"},\"potentialAction\":[{\"@type\":\"SearchAction\",\"target\":{\"@type\":\"EntryPoint\",\"urlTemplate\":\"https:\\\/\\\/latamreports.com\\\/br\\\/?s={search_term_string}\"},\"query-input\":{\"@type\":\"PropertyValueSpecification\",\"valueRequired\":true,\"valueName\":\"search_term_string\"}}],\"inLanguage\":\"en-US\"},{\"@type\":\"Organization\",\"@id\":\"https:\\\/\\\/latamreports.com\\\/br\\\/#organization\",\"name\":\"LatAm Reports\",\"url\":\"https:\\\/\\\/latamreports.com\\\/br\\\/\",\"logo\":{\"@type\":\"ImageObject\",\"inLanguage\":\"en-US\",\"@id\":\"https:\\\/\\\/latamreports.com\\\/br\\\/#\\\/schema\\\/logo\\\/image\\\/\",\"url\":\"https:\\\/\\\/latamreports.com\\\/br\\\/wp-content\\\/uploads\\\/cropped-PNG2.png\",\"contentUrl\":\"https:\\\/\\\/latamreports.com\\\/br\\\/wp-content\\\/uploads\\\/cropped-PNG2.png\",\"width\":2522,\"height\":1014,\"caption\":\"LatAm Reports\"},\"image\":{\"@id\":\"https:\\\/\\\/latamreports.com\\\/br\\\/#\\\/schema\\\/logo\\\/image\\\/\"},\"sameAs\":[\"https:\\\/\\\/facebook.com\\\/latamreports\",\"https:\\\/\\\/x.com\\\/latamreports\"]},{\"@type\":\"Person\",\"@id\":\"https:\\\/\\\/latamreports.com\\\/br\\\/#\\\/schema\\\/person\\\/a561f2de7e5ccabfab38d239b39fdb70\",\"name\":\"LatAm Reports Redatores da Equipe\",\"image\":{\"@type\":\"ImageObject\",\"inLanguage\":\"en-US\",\"@id\":\"https:\\\/\\\/secure.gravatar.com\\\/avatar\\\/dcdcc93cc5edddd2f3ef77245866172c7d7241a11ad58e1959aa824f2fae81f6?s=96&d=mm&r=g\",\"url\":\"https:\\\/\\\/secure.gravatar.com\\\/avatar\\\/dcdcc93cc5edddd2f3ef77245866172c7d7241a11ad58e1959aa824f2fae81f6?s=96&d=mm&r=g\",\"contentUrl\":\"https:\\\/\\\/secure.gravatar.com\\\/avatar\\\/dcdcc93cc5edddd2f3ef77245866172c7d7241a11ad58e1959aa824f2fae81f6?s=96&d=mm&r=g\",\"caption\":\"LatAm Reports Redatores da Equipe\"}}]}<\/script>\n<!-- \/ Yoast SEO plugin. -->","yoast_head_json":{"title":"Abril tem feriados nacionais e datas comemorativas importantes","description":"Abril chega com uma combina\u00e7\u00e3o de feriados nacionais e datas comemorativas que movimentam o calend\u00e1rio brasileiro. O m\u00eas reserva o primeiro..","robots":{"index":"index","follow":"follow","max-snippet":"max-snippet:-1","max-image-preview":"max-image-preview:large","max-video-preview":"max-video-preview:-1"},"canonical":"https:\/\/latamreports.com\/br\/abril-tem-feriados-nacionais-e-datas-comemorativas-importantes-veja-o-que-esperar-do-mes\/","og_locale":"en_US","og_type":"article","og_title":"Abril tem feriados nacionais e datas comemorativas importantes","og_description":"Abril chega com uma combina\u00e7\u00e3o de feriados nacionais e datas comemorativas que movimentam o calend\u00e1rio brasileiro. O m\u00eas reserva o primeiro..","og_url":"https:\/\/latamreports.com\/br\/abril-tem-feriados-nacionais-e-datas-comemorativas-importantes-veja-o-que-esperar-do-mes\/","og_site_name":"LatAm Reports","article_publisher":"https:\/\/facebook.com\/latamreports","article_published_time":"2025-03-31T19:28:55+00:00","article_modified_time":"2025-03-31T19:28:57+00:00","og_image":[{"width":1200,"height":630,"url":"https:\/\/latamreports.com\/br\/wp-content\/uploads\/design-2025-03-31T151438.880.png","type":"image\/png"}],"author":"LatAm Reports Redatores da Equipe","twitter_card":"summary_large_image","twitter_creator":"@latamreports","twitter_site":"@latamreports","twitter_misc":{"Written by":"LatAm Reports Redatores da Equipe","Est. reading time":"2 minutes"},"schema":{"@context":"https:\/\/schema.org","@graph":[{"@type":"Article","@id":"https:\/\/latamreports.com\/br\/abril-tem-feriados-nacionais-e-datas-comemorativas-importantes-veja-o-que-esperar-do-mes\/#article","isPartOf":{"@id":"https:\/\/latamreports.com\/br\/abril-tem-feriados-nacionais-e-datas-comemorativas-importantes-veja-o-que-esperar-do-mes\/"},"author":{"name":"LatAm Reports Redatores da Equipe","@id":"https:\/\/latamreports.com\/br\/#\/schema\/person\/a561f2de7e5ccabfab38d239b39fdb70"},"headline":"Abril tem feriados nacionais e datas comemorativas importantes; veja o que esperar do m\u00eas","datePublished":"2025-03-31T19:28:55+00:00","dateModified":"2025-03-31T19:28:57+00:00","mainEntityOfPage":{"@id":"https:\/\/latamreports.com\/br\/abril-tem-feriados-nacionais-e-datas-comemorativas-importantes-veja-o-que-esperar-do-mes\/"},"wordCount":391,"publisher":{"@id":"https:\/\/latamreports.com\/br\/#organization"},"image":{"@id":"https:\/\/latamreports.com\/br\/abril-tem-feriados-nacionais-e-datas-comemorativas-importantes-veja-o-que-esperar-do-mes\/#primaryimage"},"thumbnailUrl":"https:\/\/latamreports.com\/br\/wp-content\/uploads\/design-2025-03-31T151438.880.png","keywords":["Brasil"],"articleSection":["Entretenimento"],"inLanguage":"en-US"},{"@type":"WebPage","@id":"https:\/\/latamreports.com\/br\/abril-tem-feriados-nacionais-e-datas-comemorativas-importantes-veja-o-que-esperar-do-mes\/","url":"https:\/\/latamreports.com\/br\/abril-tem-feriados-nacionais-e-datas-comemorativas-importantes-veja-o-que-esperar-do-mes\/","name":"Abril tem feriados nacionais e datas comemorativas importantes","isPartOf":{"@id":"https:\/\/latamreports.com\/br\/#website"},"primaryImageOfPage":{"@id":"https:\/\/latamreports.com\/br\/abril-tem-feriados-nacionais-e-datas-comemorativas-importantes-veja-o-que-esperar-do-mes\/#primaryimage"},"image":{"@id":"https:\/\/latamreports.com\/br\/abril-tem-feriados-nacionais-e-datas-comemorativas-importantes-veja-o-que-esperar-do-mes\/#primaryimage"},"thumbnailUrl":"https:\/\/latamreports.com\/br\/wp-content\/uploads\/design-2025-03-31T151438.880.png","datePublished":"2025-03-31T19:28:55+00:00","dateModified":"2025-03-31T19:28:57+00:00","description":"Abril chega com uma combina\u00e7\u00e3o de feriados nacionais e datas comemorativas que movimentam o calend\u00e1rio brasileiro. O m\u00eas reserva o primeiro..","breadcrumb":{"@id":"https:\/\/latamreports.com\/br\/abril-tem-feriados-nacionais-e-datas-comemorativas-importantes-veja-o-que-esperar-do-mes\/#breadcrumb"},"inLanguage":"en-US","potentialAction":[{"@type":"ReadAction","target":["https:\/\/latamreports.com\/br\/abril-tem-feriados-nacionais-e-datas-comemorativas-importantes-veja-o-que-esperar-do-mes\/"]}]},{"@type":"ImageObject","inLanguage":"en-US","@id":"https:\/\/latamreports.com\/br\/abril-tem-feriados-nacionais-e-datas-comemorativas-importantes-veja-o-que-esperar-do-mes\/#primaryimage","url":"https:\/\/latamreports.com\/br\/wp-content\/uploads\/design-2025-03-31T151438.880.png","contentUrl":"https:\/\/latamreports.com\/br\/wp-content\/uploads\/design-2025-03-31T151438.880.png","width":1200,"height":630,"caption":"Abril tem feriados nacionais e datas comemorativas importantes; veja o que esperar do m\u00eas"},{"@type":"BreadcrumbList","@id":"https:\/\/latamreports.com\/br\/abril-tem-feriados-nacionais-e-datas-comemorativas-importantes-veja-o-que-esperar-do-mes\/#breadcrumb","itemListElement":[{"@type":"ListItem","position":1,"name":"Home","item":"https:\/\/latamreports.com\/br\/"},{"@type":"ListItem","position":2,"name":"Abril tem feriados nacionais e datas comemorativas importantes; veja o que esperar do m\u00eas"}]},{"@type":"WebSite","@id":"https:\/\/latamreports.com\/br\/#website","url":"https:\/\/latamreports.com\/br\/","name":"LatAm Reports","description":"Not\u00edcias e opini\u00f5es de todas as Am\u00e9ricas","publisher":{"@id":"https:\/\/latamreports.com\/br\/#organization"},"potentialAction":[{"@type":"SearchAction","target":{"@type":"EntryPoint","urlTemplate":"https:\/\/latamreports.com\/br\/?s={search_term_string}"},"query-input":{"@type":"PropertyValueSpecification","valueRequired":true,"valueName":"search_term_string"}}],"inLanguage":"en-US"},{"@type":"Organization","@id":"https:\/\/latamreports.com\/br\/#organization","name":"LatAm Reports","url":"https:\/\/latamreports.com\/br\/","logo":{"@type":"ImageObject","inLanguage":"en-US","@id":"https:\/\/latamreports.com\/br\/#\/schema\/logo\/image\/","url":"https:\/\/latamreports.com\/br\/wp-content\/uploads\/cropped-PNG2.png","contentUrl":"https:\/\/latamreports.com\/br\/wp-content\/uploads\/cropped-PNG2.png","width":2522,"height":1014,"caption":"LatAm Reports"},"image":{"@id":"https:\/\/latamreports.com\/br\/#\/schema\/logo\/image\/"},"sameAs":["https:\/\/facebook.com\/latamreports","https:\/\/x.com\/latamreports"]},{"@type":"Person","@id":"https:\/\/latamreports.com\/br\/#\/schema\/person\/a561f2de7e5ccabfab38d239b39fdb70","name":"LatAm Reports Redatores da Equipe","image":{"@type":"ImageObject","inLanguage":"en-US","@id":"https:\/\/secure.gravatar.com\/avatar\/dcdcc93cc5edddd2f3ef77245866172c7d7241a11ad58e1959aa824f2fae81f6?s=96&d=mm&r=g","url":"https:\/\/secure.gravatar.com\/avatar\/dcdcc93cc5edddd2f3ef77245866172c7d7241a11ad58e1959aa824f2fae81f6?s=96&d=mm&r=g","contentUrl":"https:\/\/secure.gravatar.com\/avatar\/dcdcc93cc5edddd2f3ef77245866172c7d7241a11ad58e1959aa824f2fae81f6?s=96&d=mm&r=g","caption":"LatAm Reports Redatores da Equipe"}}]}},"jetpack_publicize_connections":[],"_links":{"self":[{"href":"https:\/\/latamreports.com\/br\/wp-json\/wp\/v2\/posts\/11472","targetHints":{"allow":["GET"]}}],"collection":[{"href":"https:\/\/latamreports.com\/br\/wp-json\/wp\/v2\/posts"}],"about":[{"href":"https:\/\/latamreports.com\/br\/wp-json\/wp\/v2\/types\/post"}],"author":[{"embeddable":true,"href":"https:\/\/latamreports.com\/br\/wp-json\/wp\/v2\/users\/7"}],"replies":[{"embeddable":true,"href":"https:\/\/latamreports.com\/br\/wp-json\/wp\/v2\/comments?post=11472"}],"version-history":[{"count":1,"href":"https:\/\/latamreports.com\/br\/wp-json\/wp\/v2\/posts\/11472\/revisions"}],"predecessor-version":[{"id":11474,"href":"https:\/\/latamreports.com\/br\/wp-json\/wp\/v2\/posts\/11472\/revisions\/11474"}],"wp:featuredmedia":[{"embeddable":true,"href":"https:\/\/latamreports.com\/br\/wp-json\/wp\/v2\/media\/11473"}],"wp:attachment":[{"href":"https:\/\/latamreports.com\/br\/wp-json\/wp\/v2\/media?parent=11472"}],"wp:term":[{"taxonomy":"category","embeddable":true,"href":"https:\/\/latamreports.com\/br\/wp-json\/wp\/v2\/categories?post=11472"},{"taxonomy":"post_tag","embeddable":true,"href":"https:\/\/latamreports.com\/br\/wp-json\/wp\/v2\/tags?post=11472"}],"curies":[{"name":"wp","href":"https:\/\/api.w.org\/{rel}","templated":true}]}}